{"id":933,"date":"2019-01-04T08:30:16","date_gmt":"2019-01-04T07:30:16","guid":{"rendered":"https:\/\/www.jimprimeenfrance.fr\/blog\/?p=933"},"modified":"2018-12-18T16:09:04","modified_gmt":"2018-12-18T15:09:04","slug":"faut-il-une-image-de-fond-pour-sa-carte-de-visite","status":"publish","type":"post","link":"https:\/\/www.jimprimeenfrance.fr\/blog\/faut-il-une-image-de-fond-pour-sa-carte-de-visite\/","title":{"rendered":"Faut-il une image de fond pour sa carte de visite ?"},"content":{"rendered":"<p style=\"text-align: justify;\">Cr\u00e9er sa carte de visite est une \u00e9tape indispensable dans sa vie professionnelle. Vous avez s\u00fbrement r\u00e9fl\u00e9chi au choix des couleurs, du texte, de la police, du format et des dimensions.<\/p>\n<p style=\"text-align: justify;\">Mais faut-il pr\u00e9voir une image de fond pour sa <a href=\"https:\/\/www.jimprimeenfrance.fr\/blog\/comment-faire-une-carte-de-visite-professionnelle-impactante\/\" target=\"_blank\" rel=\"noopener\">carte de visite<\/a> ?<\/p>\n<p>&nbsp;<\/p>\n<h2 style=\"text-align: justify;\">L&rsquo;image de fond : de pr\u00e9f\u00e9rence \u00e0 \u00e9viter<\/h2>\n<p style=\"text-align: justify;\">Au premier abord, ce n&rsquo;est pas une tr\u00e8s bonne id\u00e9e de mettre une image de fond pour sa carte de visite. En effet, vous avez besoin d&rsquo;un <strong>fond \u00e9pur\u00e9 et sobre<\/strong> pour deux raisons.<\/p>\n<p style=\"text-align: justify;\">Tout d&rsquo;abord, pour une question de lisibilit\u00e9 : votre nom et vos coordonn\u00e9es peuvent rapidement devenir difficiles \u00e0 discerner. Ensuite, parce qu&rsquo;une image de fond mal choisie peut vite ruiner votre d\u00e9sir d&rsquo;avoir l&rsquo;air s\u00e9rieux et professionnel.<\/p>\n<p>&nbsp;<\/p>\n<h2 style=\"text-align: justify;\">Faire les bons choix visuels<\/h2>\n<p style=\"text-align: justify;\">Si une image de fond vous semble indispensable pour votre carte de visite, vous pouvez c\u00e9der \u00e0 cette envie \u00e0 certaines conditions. Misez sur une <strong>couleur sobre<\/strong> ou sur une teinte qui rappelle <a href=\"https:\/\/www.lafabriquedunet.fr\/creation-site-vitrine\/articles\/identite-visuelle-entreprise-exemples\/\" target=\"_blank\" rel=\"noopener\">l&rsquo;identit\u00e9 visuelle de votre entreprise<\/a>.<\/p>\n<p>&nbsp;<\/p>\n<figure id=\"attachment_969\" aria-describedby=\"caption-attachment-969\" style=\"width: 640px\" class=\"wp-caption aligncenter\"><img loading=\"lazy\" decoding=\"async\" class=\"wp-image-969 size-large\" title=\"Un design \u00e9pur\u00e9 donne de la force \u00e0 la carte de visite\" src=\"https:\/\/www.jimprimeenfrance.fr\/blog\/wp-content\/uploads\/2019\/01\/une-teinte-qui-rappelle-l-identite-visuelle-de-votre-entreprise-1024x731.jpg\" alt=\"Cartes de visite couleur\" width=\"640\" height=\"457\" srcset=\"https:\/\/www.jimprimeenfrance.fr\/blog\/wp-content\/uploads\/2019\/01\/une-teinte-qui-rappelle-l-identite-visuelle-de-votre-entreprise-1024x731.jpg 1024w, https:\/\/www.jimprimeenfrance.fr\/blog\/wp-content\/uploads\/2019\/01\/une-teinte-qui-rappelle-l-identite-visuelle-de-votre-entreprise-300x214.jpg 300w, https:\/\/www.jimprimeenfrance.fr\/blog\/wp-content\/uploads\/2019\/01\/une-teinte-qui-rappelle-l-identite-visuelle-de-votre-entreprise-768x548.jpg 768w, https:\/\/www.jimprimeenfrance.fr\/blog\/wp-content\/uploads\/2019\/01\/une-teinte-qui-rappelle-l-identite-visuelle-de-votre-entreprise.jpg 1200w\" sizes=\"auto, (max-width: 640px) 100vw, 640px\" \/><figcaption id=\"caption-attachment-969\" class=\"wp-caption-text\">Cartes de visite originales, marqu\u00e9es par l&rsquo;alternance des couleurs selon les services de l&rsquo;entreprise<\/figcaption><\/figure>\n<p>&nbsp;<\/p>\n<p style=\"text-align: justify;\">Des <strong>formes g\u00e9om\u00e9triques<\/strong> peuvent donner un aspect esth\u00e9tique : un cercle \u00e9pur\u00e9, des lignes droites qui se croisent&#8230;\u00a0Un<a href=\"https:\/\/www.jimprimeenfrance.fr\/blog\/carte-de-visite-doree-pourquoi-et-comment-en-profiter\/\" target=\"_blank\" rel=\"noopener\"> fond dor\u00e9<\/a> peut aussi \u00eatre tr\u00e8s joli.\u00a0<\/p>\n<p style=\"text-align: justify;\">Il est d\u00e9conseill\u00e9 de mettre un dessin ou une photo en\u00a0 image de fond. Cela peut vite donner un aspect brouillon \u00e0 votre carte de visite et g\u00eaner la visibilit\u00e9 de vos clients.<\/p>\n<p style=\"text-align: justify;\">De plus, veillez \u00e0 ce que la police de votre texte et votre logo aient une couleur qui se d\u00e9marque bien de l&rsquo;image de fond.<\/p>\n<p>&nbsp;<\/p>\n<h2 style=\"text-align: justify;\">Imprimez votre carte de visite avec Printbasprix.com<\/h2>\n<p style=\"text-align: justify;\">Pour poss\u00e9der la carte de visite id\u00e9ale, cr\u00e9ez-la vous m\u00eame plut\u00f4t que d&rsquo;utiliser un mod\u00e8le. Printbasprix.com vous permet d&rsquo;<a href=\"https:\/\/www.jimprimeenfrance.fr\/impression-carte-de-visite-personnalisable\" target=\"_blank\" rel=\"noopener\">imprimer votre carte de visite personnalis\u00e9e<\/a>\u00a0en un rien de temps et pour un\u00a0excellent rapport qualit\u00e9-prix. Vous recevrez votre lot de cartes de visite \u00e0 votre domicile ou \u00e0 votre bureau.<\/p>\n","protected":false},"excerpt":{"rendered":"<p>Cr\u00e9er sa carte de visite est une \u00e9tape indispensable dans sa vie professionnelle. Vous avez s\u00fbrement r\u00e9fl\u00e9chi au choix des couleurs, du texte, de la police, du format et des dimensions. Mais faut-il pr\u00e9voir une image de fond pour sa carte de visite ? &nbsp; L&rsquo;image de fond : de pr\u00e9f\u00e9rence \u00e0 \u00e9viter Au premier [&hellip;]<\/p>\n","protected":false},"author":4,"featured_media":968,"comment_status":"open","ping_status":"open","sticky":false,"template":"","format":"standard","meta":{"_editorskit_title_hidden":false,"_editorskit_reading_time":0,"_editorskit_is_block_options_detached":false,"_editorskit_block_options_position":"{}","footnotes":""},"categories":[15,68],"tags":[74,75],"class_list":["post-933","post","type-post","status-publish","format-standard","has-post-thumbnail","hentry","category-carte-de-visite","category-les-pros-du-print","tag-image-de-fond","tag-image-pour-livre"],"yoast_head":"<!-- This site is optimized with the Yoast SEO plugin v27.5 - https:\/\/yoast.com\/product\/yoast-seo-wordpress\/ -->\r\n<title>Faut-il une image de fond pour sa carte de visite et si oui, laquelle ?<\/title>\r\n<meta name=\"description\" content=\"Est-ce qu&#039;une image de fond pour sa carte de visite est n\u00e9cessaire ? Voici nos conseils pour ne pas commettre d&#039;impairs.\" \/>\r\n<meta name=\"robots\" content=\"index, follow, max-snippet:-1, max-image-preview:large, max-video-preview:-1\" \/>\r\n<link rel=\"canonical\" href=\"https:\/\/www.jimprimeenfrance.fr\/blog\/faut-il-une-image-de-fond-pour-sa-carte-de-visite\/\" \/>\r\n<meta property=\"og:locale\" content=\"fr_FR\" \/>\r\n<meta property=\"og:type\" content=\"article\" \/>\r\n<meta property=\"og:title\" content=\"Faut-il une image de fond pour sa carte de visite et si oui, laquelle ?\" \/>\r\n<meta property=\"og:description\" content=\"Est-ce qu&#039;une image de fond pour sa carte de visite est n\u00e9cessaire ? Voici nos conseils pour ne pas commettre d&#039;impairs.\" \/>\r\n<meta property=\"og:url\" content=\"https:\/\/www.jimprimeenfrance.fr\/blog\/faut-il-une-image-de-fond-pour-sa-carte-de-visite\/\" \/>\r\n<meta property=\"og:site_name\" content=\"Votre imprimerie en ligne, le blog\" \/>\r\n<meta property=\"article:publisher\" content=\"https:\/\/www.facebook.com\/PrintBasPrix\" \/>\r\n<meta property=\"article:published_time\" content=\"2019-01-04T07:30:16+00:00\" \/>\r\n<meta property=\"og:image\" content=\"https:\/\/www.jimprimeenfrance.fr\/blog\/wp-content\/uploads\/2019\/01\/faut-il-une-image-de-fond-pour-sa-carte-de-visite.jpg\" \/>\r\n\t<meta property=\"og:image:width\" content=\"1600\" \/>\r\n\t<meta property=\"og:image:height\" content=\"500\" \/>\r\n\t<meta property=\"og:image:type\" content=\"image\/jpeg\" \/>\r\n<meta name=\"author\" content=\"PrintBasPrix Imprimerie en ligne\" \/>\r\n<meta name=\"twitter:card\" content=\"summary_large_image\" \/>\r\n<meta name=\"twitter:creator\" content=\"@PrintBasPrix\" \/>\r\n<meta name=\"twitter:site\" content=\"@PrintBasPrix\" \/>\r\n<meta name=\"twitter:label1\" content=\"\u00c9crit par\" \/>\n\t<meta name=\"twitter:data1\" content=\"PrintBasPrix Imprimerie en ligne\" \/>\n\t<meta name=\"twitter:label2\" content=\"Dur\u00e9e de lecture estim\u00e9e\" \/>\n\t<meta name=\"twitter:data2\" content=\"2 minutes\" \/>\r\n<script type=\"application\/ld+json\" class=\"yoast-schema-graph\">{\"@context\":\"https:\\\/\\\/schema.org\",\"@graph\":[{\"@type\":\"Article\",\"@id\":\"https:\\\/\\\/www.jimprimeenfrance.fr\\\/blog\\\/faut-il-une-image-de-fond-pour-sa-carte-de-visite\\\/#article\",\"isPartOf\":{\"@id\":\"https:\\\/\\\/www.jimprimeenfrance.fr\\\/blog\\\/faut-il-une-image-de-fond-pour-sa-carte-de-visite\\\/\"},\"author\":{\"name\":\"PrintBasPrix Imprimerie en ligne\",\"@id\":\"https:\\\/\\\/www.jimprimeenfrance.fr\\\/blog\\\/#\\\/schema\\\/person\\\/711bdd00fc82a687615940c5ae0b412c\"},\"headline\":\"Faut-il une image de fond pour sa carte de visite ?\",\"datePublished\":\"2019-01-04T07:30:16+00:00\",\"mainEntityOfPage\":{\"@id\":\"https:\\\/\\\/www.jimprimeenfrance.fr\\\/blog\\\/faut-il-une-image-de-fond-pour-sa-carte-de-visite\\\/\"},\"wordCount\":375,\"commentCount\":0,\"publisher\":{\"@id\":\"https:\\\/\\\/www.jimprimeenfrance.fr\\\/blog\\\/#organization\"},\"image\":{\"@id\":\"https:\\\/\\\/www.jimprimeenfrance.fr\\\/blog\\\/faut-il-une-image-de-fond-pour-sa-carte-de-visite\\\/#primaryimage\"},\"thumbnailUrl\":\"https:\\\/\\\/www.jimprimeenfrance.fr\\\/blog\\\/wp-content\\\/uploads\\\/2019\\\/01\\\/faut-il-une-image-de-fond-pour-sa-carte-de-visite.jpg\",\"keywords\":[\"image de fond\",\"image pour livre\"],\"articleSection\":[\"Carte de visite\",\"Les Pros Du Print\"],\"inLanguage\":\"fr-FR\",\"potentialAction\":[{\"@type\":\"CommentAction\",\"name\":\"Comment\",\"target\":[\"https:\\\/\\\/www.jimprimeenfrance.fr\\\/blog\\\/faut-il-une-image-de-fond-pour-sa-carte-de-visite\\\/#respond\"]}]},{\"@type\":\"WebPage\",\"@id\":\"https:\\\/\\\/www.jimprimeenfrance.fr\\\/blog\\\/faut-il-une-image-de-fond-pour-sa-carte-de-visite\\\/\",\"url\":\"https:\\\/\\\/www.jimprimeenfrance.fr\\\/blog\\\/faut-il-une-image-de-fond-pour-sa-carte-de-visite\\\/\",\"name\":\"Faut-il une image de fond pour sa carte de visite et si oui, laquelle ?\",\"isPartOf\":{\"@id\":\"https:\\\/\\\/www.jimprimeenfrance.fr\\\/blog\\\/#website\"},\"primaryImageOfPage\":{\"@id\":\"https:\\\/\\\/www.jimprimeenfrance.fr\\\/blog\\\/faut-il-une-image-de-fond-pour-sa-carte-de-visite\\\/#primaryimage\"},\"image\":{\"@id\":\"https:\\\/\\\/www.jimprimeenfrance.fr\\\/blog\\\/faut-il-une-image-de-fond-pour-sa-carte-de-visite\\\/#primaryimage\"},\"thumbnailUrl\":\"https:\\\/\\\/www.jimprimeenfrance.fr\\\/blog\\\/wp-content\\\/uploads\\\/2019\\\/01\\\/faut-il-une-image-de-fond-pour-sa-carte-de-visite.jpg\",\"datePublished\":\"2019-01-04T07:30:16+00:00\",\"description\":\"Est-ce qu'une image de fond pour sa carte de visite est n\u00e9cessaire ? Voici nos conseils pour ne pas commettre d'impairs.\",\"breadcrumb\":{\"@id\":\"https:\\\/\\\/www.jimprimeenfrance.fr\\\/blog\\\/faut-il-une-image-de-fond-pour-sa-carte-de-visite\\\/#breadcrumb\"},\"inLanguage\":\"fr-FR\",\"potentialAction\":[{\"@type\":\"ReadAction\",\"target\":[\"https:\\\/\\\/www.jimprimeenfrance.fr\\\/blog\\\/faut-il-une-image-de-fond-pour-sa-carte-de-visite\\\/\"]}]},{\"@type\":\"ImageObject\",\"inLanguage\":\"fr-FR\",\"@id\":\"https:\\\/\\\/www.jimprimeenfrance.fr\\\/blog\\\/faut-il-une-image-de-fond-pour-sa-carte-de-visite\\\/#primaryimage\",\"url\":\"https:\\\/\\\/www.jimprimeenfrance.fr\\\/blog\\\/wp-content\\\/uploads\\\/2019\\\/01\\\/faut-il-une-image-de-fond-pour-sa-carte-de-visite.jpg\",\"contentUrl\":\"https:\\\/\\\/www.jimprimeenfrance.fr\\\/blog\\\/wp-content\\\/uploads\\\/2019\\\/01\\\/faut-il-une-image-de-fond-pour-sa-carte-de-visite.jpg\",\"width\":1600,\"height\":500},{\"@type\":\"BreadcrumbList\",\"@id\":\"https:\\\/\\\/www.jimprimeenfrance.fr\\\/blog\\\/faut-il-une-image-de-fond-pour-sa-carte-de-visite\\\/#breadcrumb\",\"itemListElement\":[{\"@type\":\"ListItem\",\"position\":1,\"name\":\"Accueil\",\"item\":\"https:\\\/\\\/www.jimprimeenfrance.fr\\\/blog\\\/\"},{\"@type\":\"ListItem\",\"position\":2,\"name\":\"Faut-il une image de fond pour sa carte de visite ?\"}]},{\"@type\":\"WebSite\",\"@id\":\"https:\\\/\\\/www.jimprimeenfrance.fr\\\/blog\\\/#website\",\"url\":\"https:\\\/\\\/www.jimprimeenfrance.fr\\\/blog\\\/\",\"name\":\"Votre imprimerie en ligne, le blog\",\"description\":\"Impressionnez et faites bonne impression avec nos conseils d&#039;imprimerie online\",\"publisher\":{\"@id\":\"https:\\\/\\\/www.jimprimeenfrance.fr\\\/blog\\\/#organization\"},\"potentialAction\":[{\"@type\":\"SearchAction\",\"target\":{\"@type\":\"EntryPoint\",\"urlTemplate\":\"https:\\\/\\\/www.jimprimeenfrance.fr\\\/blog\\\/?s={search_term_string}\"},\"query-input\":{\"@type\":\"PropertyValueSpecification\",\"valueRequired\":true,\"valueName\":\"search_term_string\"}}],\"inLanguage\":\"fr-FR\"},{\"@type\":\"Organization\",\"@id\":\"https:\\\/\\\/www.jimprimeenfrance.fr\\\/blog\\\/#organization\",\"name\":\"PrintBasPrix - Imprimerie en ligne\",\"url\":\"https:\\\/\\\/www.jimprimeenfrance.fr\\\/blog\\\/\",\"logo\":{\"@type\":\"ImageObject\",\"inLanguage\":\"fr-FR\",\"@id\":\"https:\\\/\\\/www.jimprimeenfrance.fr\\\/blog\\\/#\\\/schema\\\/logo\\\/image\\\/\",\"url\":\"https:\\\/\\\/www.jimprimeenfrance.fr\\\/blog\\\/wp-content\\\/uploads\\\/2018\\\/07\\\/cropped-printbasprix-imprimeur-en-ligne.png\",\"contentUrl\":\"https:\\\/\\\/www.jimprimeenfrance.fr\\\/blog\\\/wp-content\\\/uploads\\\/2018\\\/07\\\/cropped-printbasprix-imprimeur-en-ligne.png\",\"width\":361,\"height\":86,\"caption\":\"PrintBasPrix - Imprimerie en ligne\"},\"image\":{\"@id\":\"https:\\\/\\\/www.jimprimeenfrance.fr\\\/blog\\\/#\\\/schema\\\/logo\\\/image\\\/\"},\"sameAs\":[\"https:\\\/\\\/www.facebook.com\\\/PrintBasPrix\",\"https:\\\/\\\/x.com\\\/PrintBasPrix\",\"https:\\\/\\\/www.instagram.com\\\/printbasprix\\\/\",\"https:\\\/\\\/www.linkedin.com\\\/company\\\/printbasprix\\\/\",\"https:\\\/\\\/www.youtube.com\\\/channel\\\/UC0Ysbd0Gbzzp0yMgrfNQqug\"]},{\"@type\":\"Person\",\"@id\":\"https:\\\/\\\/www.jimprimeenfrance.fr\\\/blog\\\/#\\\/schema\\\/person\\\/711bdd00fc82a687615940c5ae0b412c\",\"name\":\"PrintBasPrix Imprimerie en ligne\",\"image\":{\"@type\":\"ImageObject\",\"inLanguage\":\"fr-FR\",\"@id\":\"https:\\\/\\\/secure.gravatar.com\\\/avatar\\\/e898f6c9f447b2b28a568c2fec45e0fef703b12c4f80de6258e9bcb2e61aaf27?s=96&r=g\",\"url\":\"https:\\\/\\\/secure.gravatar.com\\\/avatar\\\/e898f6c9f447b2b28a568c2fec45e0fef703b12c4f80de6258e9bcb2e61aaf27?s=96&r=g\",\"contentUrl\":\"https:\\\/\\\/secure.gravatar.com\\\/avatar\\\/e898f6c9f447b2b28a568c2fec45e0fef703b12c4f80de6258e9bcb2e61aaf27?s=96&r=g\",\"caption\":\"PrintBasPrix Imprimerie en ligne\"},\"url\":\"https:\\\/\\\/www.jimprimeenfrance.fr\\\/blog\\\/author\\\/printbasprix-imprimerie-en-ligne\\\/\"}]}<\/script>\r\n<!-- \/ Yoast SEO plugin. -->","yoast_head_json":{"title":"Faut-il une image de fond pour sa carte de visite et si oui, laquelle ?","description":"Est-ce qu'une image de fond pour sa carte de visite est n\u00e9cessaire ? Voici nos conseils pour ne pas commettre d'impairs.","robots":{"index":"index","follow":"follow","max-snippet":"max-snippet:-1","max-image-preview":"max-image-preview:large","max-video-preview":"max-video-preview:-1"},"canonical":"https:\/\/www.jimprimeenfrance.fr\/blog\/faut-il-une-image-de-fond-pour-sa-carte-de-visite\/","og_locale":"fr_FR","og_type":"article","og_title":"Faut-il une image de fond pour sa carte de visite et si oui, laquelle ?","og_description":"Est-ce qu'une image de fond pour sa carte de visite est n\u00e9cessaire ? Voici nos conseils pour ne pas commettre d'impairs.","og_url":"https:\/\/www.jimprimeenfrance.fr\/blog\/faut-il-une-image-de-fond-pour-sa-carte-de-visite\/","og_site_name":"Votre imprimerie en ligne, le blog","article_publisher":"https:\/\/www.facebook.com\/PrintBasPrix","article_published_time":"2019-01-04T07:30:16+00:00","og_image":[{"width":1600,"height":500,"url":"https:\/\/www.jimprimeenfrance.fr\/blog\/wp-content\/uploads\/2019\/01\/faut-il-une-image-de-fond-pour-sa-carte-de-visite.jpg","type":"image\/jpeg"}],"author":"PrintBasPrix Imprimerie en ligne","twitter_card":"summary_large_image","twitter_creator":"@PrintBasPrix","twitter_site":"@PrintBasPrix","twitter_misc":{"\u00c9crit par":"PrintBasPrix Imprimerie en ligne","Dur\u00e9e de lecture estim\u00e9e":"2 minutes"},"schema":{"@context":"https:\/\/schema.org","@graph":[{"@type":"Article","@id":"https:\/\/www.jimprimeenfrance.fr\/blog\/faut-il-une-image-de-fond-pour-sa-carte-de-visite\/#article","isPartOf":{"@id":"https:\/\/www.jimprimeenfrance.fr\/blog\/faut-il-une-image-de-fond-pour-sa-carte-de-visite\/"},"author":{"name":"PrintBasPrix Imprimerie en ligne","@id":"https:\/\/www.jimprimeenfrance.fr\/blog\/#\/schema\/person\/711bdd00fc82a687615940c5ae0b412c"},"headline":"Faut-il une image de fond pour sa carte de visite ?","datePublished":"2019-01-04T07:30:16+00:00","mainEntityOfPage":{"@id":"https:\/\/www.jimprimeenfrance.fr\/blog\/faut-il-une-image-de-fond-pour-sa-carte-de-visite\/"},"wordCount":375,"commentCount":0,"publisher":{"@id":"https:\/\/www.jimprimeenfrance.fr\/blog\/#organization"},"image":{"@id":"https:\/\/www.jimprimeenfrance.fr\/blog\/faut-il-une-image-de-fond-pour-sa-carte-de-visite\/#primaryimage"},"thumbnailUrl":"https:\/\/www.jimprimeenfrance.fr\/blog\/wp-content\/uploads\/2019\/01\/faut-il-une-image-de-fond-pour-sa-carte-de-visite.jpg","keywords":["image de fond","image pour livre"],"articleSection":["Carte de visite","Les Pros Du Print"],"inLanguage":"fr-FR","potentialAction":[{"@type":"CommentAction","name":"Comment","target":["https:\/\/www.jimprimeenfrance.fr\/blog\/faut-il-une-image-de-fond-pour-sa-carte-de-visite\/#respond"]}]},{"@type":"WebPage","@id":"https:\/\/www.jimprimeenfrance.fr\/blog\/faut-il-une-image-de-fond-pour-sa-carte-de-visite\/","url":"https:\/\/www.jimprimeenfrance.fr\/blog\/faut-il-une-image-de-fond-pour-sa-carte-de-visite\/","name":"Faut-il une image de fond pour sa carte de visite et si oui, laquelle ?","isPartOf":{"@id":"https:\/\/www.jimprimeenfrance.fr\/blog\/#website"},"primaryImageOfPage":{"@id":"https:\/\/www.jimprimeenfrance.fr\/blog\/faut-il-une-image-de-fond-pour-sa-carte-de-visite\/#primaryimage"},"image":{"@id":"https:\/\/www.jimprimeenfrance.fr\/blog\/faut-il-une-image-de-fond-pour-sa-carte-de-visite\/#primaryimage"},"thumbnailUrl":"https:\/\/www.jimprimeenfrance.fr\/blog\/wp-content\/uploads\/2019\/01\/faut-il-une-image-de-fond-pour-sa-carte-de-visite.jpg","datePublished":"2019-01-04T07:30:16+00:00","description":"Est-ce qu'une image de fond pour sa carte de visite est n\u00e9cessaire ? Voici nos conseils pour ne pas commettre d'impairs.","breadcrumb":{"@id":"https:\/\/www.jimprimeenfrance.fr\/blog\/faut-il-une-image-de-fond-pour-sa-carte-de-visite\/#breadcrumb"},"inLanguage":"fr-FR","potentialAction":[{"@type":"ReadAction","target":["https:\/\/www.jimprimeenfrance.fr\/blog\/faut-il-une-image-de-fond-pour-sa-carte-de-visite\/"]}]},{"@type":"ImageObject","inLanguage":"fr-FR","@id":"https:\/\/www.jimprimeenfrance.fr\/blog\/faut-il-une-image-de-fond-pour-sa-carte-de-visite\/#primaryimage","url":"https:\/\/www.jimprimeenfrance.fr\/blog\/wp-content\/uploads\/2019\/01\/faut-il-une-image-de-fond-pour-sa-carte-de-visite.jpg","contentUrl":"https:\/\/www.jimprimeenfrance.fr\/blog\/wp-content\/uploads\/2019\/01\/faut-il-une-image-de-fond-pour-sa-carte-de-visite.jpg","width":1600,"height":500},{"@type":"BreadcrumbList","@id":"https:\/\/www.jimprimeenfrance.fr\/blog\/faut-il-une-image-de-fond-pour-sa-carte-de-visite\/#breadcrumb","itemListElement":[{"@type":"ListItem","position":1,"name":"Accueil","item":"https:\/\/www.jimprimeenfrance.fr\/blog\/"},{"@type":"ListItem","position":2,"name":"Faut-il une image de fond pour sa carte de visite ?"}]},{"@type":"WebSite","@id":"https:\/\/www.jimprimeenfrance.fr\/blog\/#website","url":"https:\/\/www.jimprimeenfrance.fr\/blog\/","name":"Votre imprimerie en ligne, le blog","description":"Impressionnez et faites bonne impression avec nos conseils d&#039;imprimerie online","publisher":{"@id":"https:\/\/www.jimprimeenfrance.fr\/blog\/#organization"},"potentialAction":[{"@type":"SearchAction","target":{"@type":"EntryPoint","urlTemplate":"https:\/\/www.jimprimeenfrance.fr\/blog\/?s={search_term_string}"},"query-input":{"@type":"PropertyValueSpecification","valueRequired":true,"valueName":"search_term_string"}}],"inLanguage":"fr-FR"},{"@type":"Organization","@id":"https:\/\/www.jimprimeenfrance.fr\/blog\/#organization","name":"PrintBasPrix - Imprimerie en ligne","url":"https:\/\/www.jimprimeenfrance.fr\/blog\/","logo":{"@type":"ImageObject","inLanguage":"fr-FR","@id":"https:\/\/www.jimprimeenfrance.fr\/blog\/#\/schema\/logo\/image\/","url":"https:\/\/www.jimprimeenfrance.fr\/blog\/wp-content\/uploads\/2018\/07\/cropped-printbasprix-imprimeur-en-ligne.png","contentUrl":"https:\/\/www.jimprimeenfrance.fr\/blog\/wp-content\/uploads\/2018\/07\/cropped-printbasprix-imprimeur-en-ligne.png","width":361,"height":86,"caption":"PrintBasPrix - Imprimerie en ligne"},"image":{"@id":"https:\/\/www.jimprimeenfrance.fr\/blog\/#\/schema\/logo\/image\/"},"sameAs":["https:\/\/www.facebook.com\/PrintBasPrix","https:\/\/x.com\/PrintBasPrix","https:\/\/www.instagram.com\/printbasprix\/","https:\/\/www.linkedin.com\/company\/printbasprix\/","https:\/\/www.youtube.com\/channel\/UC0Ysbd0Gbzzp0yMgrfNQqug"]},{"@type":"Person","@id":"https:\/\/www.jimprimeenfrance.fr\/blog\/#\/schema\/person\/711bdd00fc82a687615940c5ae0b412c","name":"PrintBasPrix Imprimerie en ligne","image":{"@type":"ImageObject","inLanguage":"fr-FR","@id":"https:\/\/secure.gravatar.com\/avatar\/e898f6c9f447b2b28a568c2fec45e0fef703b12c4f80de6258e9bcb2e61aaf27?s=96&r=g","url":"https:\/\/secure.gravatar.com\/avatar\/e898f6c9f447b2b28a568c2fec45e0fef703b12c4f80de6258e9bcb2e61aaf27?s=96&r=g","contentUrl":"https:\/\/secure.gravatar.com\/avatar\/e898f6c9f447b2b28a568c2fec45e0fef703b12c4f80de6258e9bcb2e61aaf27?s=96&r=g","caption":"PrintBasPrix Imprimerie en ligne"},"url":"https:\/\/www.jimprimeenfrance.fr\/blog\/author\/printbasprix-imprimerie-en-ligne\/"}]}},"_links":{"self":[{"href":"https:\/\/www.jimprimeenfrance.fr\/blog\/wp-json\/wp\/v2\/posts\/933","targetHints":{"allow":["GET"]}}],"collection":[{"href":"https:\/\/www.jimprimeenfrance.fr\/blog\/wp-json\/wp\/v2\/posts"}],"about":[{"href":"https:\/\/www.jimprimeenfrance.fr\/blog\/wp-json\/wp\/v2\/types\/post"}],"author":[{"embeddable":true,"href":"https:\/\/www.jimprimeenfrance.fr\/blog\/wp-json\/wp\/v2\/users\/4"}],"replies":[{"embeddable":true,"href":"https:\/\/www.jimprimeenfrance.fr\/blog\/wp-json\/wp\/v2\/comments?post=933"}],"version-history":[{"count":11,"href":"https:\/\/www.jimprimeenfrance.fr\/blog\/wp-json\/wp\/v2\/posts\/933\/revisions"}],"predecessor-version":[{"id":1009,"href":"https:\/\/www.jimprimeenfrance.fr\/blog\/wp-json\/wp\/v2\/posts\/933\/revisions\/1009"}],"wp:featuredmedia":[{"embeddable":true,"href":"https:\/\/www.jimprimeenfrance.fr\/blog\/wp-json\/wp\/v2\/media\/968"}],"wp:attachment":[{"href":"https:\/\/www.jimprimeenfrance.fr\/blog\/wp-json\/wp\/v2\/media?parent=933"}],"wp:term":[{"taxonomy":"category","embeddable":true,"href":"https:\/\/www.jimprimeenfrance.fr\/blog\/wp-json\/wp\/v2\/categories?post=933"},{"taxonomy":"post_tag","embeddable":true,"href":"https:\/\/www.jimprimeenfrance.fr\/blog\/wp-json\/wp\/v2\/tags?post=933"}],"curies":[{"name":"wp","href":"https:\/\/api.w.org\/{rel}","templated":true}]}}