{"id":8120,"date":"2026-04-21T09:14:00","date_gmt":"2026-04-21T07:14:00","guid":{"rendered":"https:\/\/www.jimprimeenfrance.fr\/blog\/?p=8120"},"modified":"2026-03-06T14:15:14","modified_gmt":"2026-03-06T13:15:14","slug":"impression-locale-vs-importation-le-vrai-comparatif-carbone-et-economique","status":"publish","type":"post","link":"https:\/\/www.jimprimeenfrance.fr\/blog\/impression-locale-vs-importation-le-vrai-comparatif-carbone-et-economique\/","title":{"rendered":"Impression locale vs importation : le vrai comparatif carbone et \u00e9conomique"},"content":{"rendered":"\n<p>Pendant des ann\u00e9es, l\u2019importation de supports imprim\u00e9s a \u00e9t\u00e9 per\u00e7ue comme la solution la plus \u00e9conomique. Mais en 2026, ce raisonnement m\u00e9rite d\u2019\u00eatre s\u00e9rieusement remis en question.<\/p>\n\n\n\n<p>Hausse des co\u00fbts de transport, allongement des d\u00e9lais, exigences environnementales, instabilit\u00e9 logistique\u2026 <strong>le contexte a chang\u00e9<\/strong>.<br>Face \u00e0 cela, l\u2019<strong>impression locale en France<\/strong> appara\u00eet comme une alternative de plus en plus pertinente, tant sur le plan <strong>\u00e9cologique qu\u2019\u00e9conomique<\/strong>.<\/p>\n\n\n\n<p>D\u00e9cryptage d\u2019un comparatif souvent simplifi\u00e9\u2026 \u00e0 tort.<\/p>\n\n\n\n<div style=\"height:40px\" aria-hidden=\"true\" class=\"wp-block-spacer\"><\/div>\n\n\n\n<h2 class=\"wp-block-heading has-large-font-size\"><strong>Pourquoi cette comparaison est devenue incontournable<\/strong><\/h2>\n\n\n\n<p>Les entreprises sont aujourd\u2019hui confront\u00e9es \u00e0 plusieurs enjeux simultan\u00e9s :<\/p>\n\n\n\n<ul class=\"wp-block-list\">\n<li>ma\u00eetrise des co\u00fbts<br><\/li>\n\n\n\n<li>r\u00e9duction de l\u2019empreinte carbone<br><\/li>\n\n\n\n<li>fiabilit\u00e9 des d\u00e9lais<br><\/li>\n\n\n\n<li>coh\u00e9rence avec une d\u00e9marche RSE<br><\/li>\n<\/ul>\n\n\n\n<p>Or, le mode de production et la localisation de l\u2019impression influencent <strong>directement chacun de ces crit\u00e8res<\/strong>.<\/p>\n\n\n\n<div style=\"height:40px\" aria-hidden=\"true\" class=\"wp-block-spacer\"><\/div>\n\n\n\n<h2 class=\"wp-block-heading has-large-font-size\"><strong>Impression import\u00e9e : quels impacts carbone r\u00e9els ?<\/strong><\/h2>\n\n\n\n<p>L\u2019impression import\u00e9e implique g\u00e9n\u00e9ralement :<\/p>\n\n\n\n<ul class=\"wp-block-list\">\n<li>transport maritime ou a\u00e9rien<br><\/li>\n\n\n\n<li>acheminement routier longue distance<br><\/li>\n\n\n\n<li>multiplication des interm\u00e9diaires<br><\/li>\n<\/ul>\n\n\n\n<p>Le transport repr\u00e9sente une part majeure de l\u2019<strong>impact carbone de l\u2019impression<\/strong>.<\/p>\n\n\n\n<p>\u00c0 cela s\u2019ajoutent :<\/p>\n\n\n\n<ul class=\"wp-block-list\">\n<li>une tra\u00e7abilit\u00e9 limit\u00e9e des mat\u00e9riaux<br><\/li>\n\n\n\n<li>des normes environnementales variables<br><\/li>\n\n\n\n<li>peu de visibilit\u00e9 sur les conditions de production<br><\/li>\n<\/ul>\n\n\n\n<p>R\u00e9sultat : un impact environnemental souvent <strong>sous-estim\u00e9<\/strong>.<\/p>\n\n\n\n<div style=\"height:40px\" aria-hidden=\"true\" class=\"wp-block-spacer\"><\/div>\n\n\n\n<h2 class=\"wp-block-heading has-large-font-size\"><strong>Impression locale : un mod\u00e8le plus sobre et ma\u00eetris\u00e9<\/strong><\/h2>\n\n\n\n<p>\u00c0 l\u2019inverse, l\u2019impression locale repose sur :<\/p>\n\n\n\n<ul class=\"wp-block-list\">\n<li>des circuits courts<br><\/li>\n\n\n\n<li>une production de proximit\u00e9<br><\/li>\n\n\n\n<li>une logistique optimis\u00e9e<br><\/li>\n<\/ul>\n\n\n\n<div style=\"height:10px\" aria-hidden=\"true\" class=\"wp-block-spacer\"><\/div>\n\n\n<div class=\"wp-block-image\">\n<figure class=\"aligncenter size-full is-resized\"><img loading=\"lazy\" decoding=\"async\" width=\"864\" height=\"432\" src=\"https:\/\/www.jimprimeenfrance.fr\/blog\/wp-content\/uploads\/2026\/03\/Articles-16.png\" alt=\"\" class=\"wp-image-8128\" style=\"width:500px\"\/><\/figure>\n<\/div>\n\n\n<div style=\"height:10px\" aria-hidden=\"true\" class=\"wp-block-spacer\"><\/div>\n\n\n\n<p>Chez <strong>J\u2019imprime en France<\/strong>, l\u2019ensemble de la production est r\u00e9alis\u00e9 <strong>en interne<\/strong>, dans des ateliers de <strong>5 000 m\u00b2 \u00e0 Toulouse<\/strong>, sans interm\u00e9diaire.<\/p>\n\n\n\n<h3 class=\"wp-block-heading\"><strong>Les b\u00e9n\u00e9fices directs :<\/strong><\/h3>\n\n\n\n<ul class=\"wp-block-list\">\n<li>r\u00e9duction drastique des \u00e9missions li\u00e9es au transport<br><\/li>\n\n\n\n<li>meilleure gestion des d\u00e9chets<br><\/li>\n\n\n\n<li>utilisation d\u2019\u00e9lectricit\u00e9 verte<br><\/li>\n\n\n\n<li>limitation de la surproduction<br><\/li>\n<\/ul>\n\n\n\n<p>L\u2019<strong>impression \u00e9cologique<\/strong> devient alors une r\u00e9alit\u00e9 concr\u00e8te.<\/p>\n\n\n\n<div style=\"height:40px\" aria-hidden=\"true\" class=\"wp-block-spacer\"><\/div>\n\n\n\n<h2 class=\"wp-block-heading has-large-font-size\"><strong>Le vrai comparatif \u00e9conomique : co\u00fbts visibles et co\u00fbts cach\u00e9s<\/strong><\/h2>\n\n\n\n<p>L\u2019importation semble parfois moins ch\u00e8re sur le devis initial. Mais ce prix ne refl\u00e8te pas toujours le <strong>co\u00fbt global r\u00e9el<\/strong>.<\/p>\n\n\n\n<h3 class=\"wp-block-heading\"><strong>Co\u00fbts souvent oubli\u00e9s :<\/strong><\/h3>\n\n\n\n<ul class=\"wp-block-list\">\n<li>frais de transport fluctuants<br><\/li>\n\n\n\n<li>d\u00e9lais rallong\u00e9s = immobilisation de tr\u00e9sorerie<br><\/li>\n\n\n\n<li>risques de non-conformit\u00e9<br><\/li>\n\n\n\n<li>co\u00fbts de r\u00e9impression en cas d\u2019erreur<br><\/li>\n\n\n\n<li>absence de SAV r\u00e9actif<br><\/li>\n<\/ul>\n\n\n\n<p>\u00c0 l\u2019inverse, l\u2019impression locale permet :<\/p>\n\n\n\n<ul class=\"wp-block-list\">\n<li>une meilleure pr\u00e9visibilit\u00e9 budg\u00e9taire<br><\/li>\n\n\n\n<li>des ajustements rapides<br><\/li>\n\n\n\n<li>moins de pertes<br><\/li>\n<\/ul>\n\n\n\n<p>Sur le moyen terme, le <strong>rapport qualit\u00e9\/prix est souvent plus favorable<\/strong>.<\/p>\n\n\n\n<div style=\"height:40px\" aria-hidden=\"true\" class=\"wp-block-spacer\"><\/div>\n\n\n\n<h2 class=\"wp-block-heading has-large-font-size\"><strong>D\u00e9lais, risques et flexibilit\u00e9 : des crit\u00e8res cl\u00e9s<\/strong><\/h2>\n\n\n\n<p>Les d\u00e9lais sont devenus un crit\u00e8re strat\u00e9gique pour de nombreuses entreprises.<\/p>\n\n\n\n<h3 class=\"wp-block-heading\"><strong>Importation :<\/strong><\/h3>\n\n\n\n<ul class=\"wp-block-list\">\n<li>d\u00e9lais longs<br><\/li>\n\n\n\n<li>d\u00e9pendance aux flux internationaux<br><\/li>\n\n\n\n<li>faible capacit\u00e9 d\u2019adaptation<br><\/li>\n<\/ul>\n\n\n\n<h3 class=\"wp-block-heading\"><strong>Impression locale :<\/strong><\/h3>\n\n\n\n<ul class=\"wp-block-list\">\n<li>d\u00e9lais courts (24h\/48h selon les produits)<br><\/li>\n\n\n\n<li>r\u00e9activit\u00e9 en cas d\u2019urgence<br><\/li>\n\n\n\n<li>production ajustable<br><\/li>\n<\/ul>\n\n\n\n<p>Pour les campagnes marketing, salons ou lancements produits, cette flexibilit\u00e9 fait toute la diff\u00e9rence.<\/p>\n\n\n\n<div style=\"height:40px\" aria-hidden=\"true\" class=\"wp-block-spacer\"><\/div>\n\n\n\n<h2 class=\"wp-block-heading has-large-font-size\"><strong>Pour quels types d\u2019entreprises l\u2019impression locale est la plus pertinente ?<\/strong><\/h2>\n\n\n\n<p>L\u2019impression locale s\u2019adresse particuli\u00e8rement :<\/p>\n\n\n\n<ul class=\"wp-block-list\">\n<li>aux <strong>PME et TPE<\/strong> cherchant fiabilit\u00e9 et accompagnement<br><\/li>\n\n\n\n<li>aux <strong>e-commer\u00e7ants<\/strong> avec des d\u00e9lais serr\u00e9s<br><\/li>\n\n\n\n<li>aux <strong>marques<\/strong> soucieuses de leur image et de leur discours RSE<br><\/li>\n\n\n\n<li>aux <strong>industriels<\/strong> ayant besoin de qualit\u00e9 constante<br><\/li>\n<\/ul>\n\n\n\n<p>Dans tous les cas, le <strong>sans interm\u00e9diaire<\/strong> est un avantage d\u00e9cisif.<\/p>\n\n\n\n<div style=\"height:40px\" aria-hidden=\"true\" class=\"wp-block-spacer\"><\/div>\n\n\n\n<p>En 2026, choisir entre impression locale et importation n\u2019est plus seulement une question de prix affich\u00e9.<\/p>\n\n\n\n<p>L\u2019impression locale en France offre :<\/p>\n\n\n\n<ul class=\"wp-block-list\">\n<li>un <strong>impact carbone r\u00e9duit<\/strong><strong><br><\/strong><\/li>\n\n\n\n<li>une <strong>meilleure ma\u00eetrise \u00e9conomique<\/strong><strong><br><\/strong><\/li>\n\n\n\n<li>des <strong>d\u00e9lais fiables<\/strong><strong><br><\/strong><\/li>\n\n\n\n<li>une <strong>qualit\u00e9 constante<\/strong><strong><br><\/strong><\/li>\n<\/ul>\n\n\n\n<p>Pour les entreprises, c\u2019est un choix <strong>\u00e0 la fois responsable, strat\u00e9gique et durable<\/strong>.<\/p>\n\n\n\n<div style=\"height:20px\" aria-hidden=\"true\" class=\"wp-block-spacer\"><\/div>\n\n\n\n<p><strong>Besoin d\u2019un partenaire d\u2019impression fiable et \u00e9cologique ?<\/strong><\/p>\n\n\n\n<p>Faites confiance \u00e0 <strong>J\u2019imprime en France<\/strong>, votre imprimeur bas\u00e9 \u00e0 Toulouse, pour des supports de communication de qualit\u00e9, produits en France avec des d\u00e9lais rapides et un accompagnement personnalis\u00e9.<\/p>\n\n\n\n<p>&#x1f4de; Contactez d\u00e8s maintenant notre \u00e9quipe au <strong>05 31 61 99 41<\/strong><br>&#x1f4e7; ou par email : <strong><a>contact@jimprimeenfrance.fr<\/a><\/strong><\/p>\n\n\n\n<p>Nous serons ravis de vous conseiller et de donner vie \u00e0 tous vos projets d\u2019impression.<\/p>\n","protected":false},"excerpt":{"rendered":"<p>Pendant des ann\u00e9es, l\u2019importation de supports imprim\u00e9s a \u00e9t\u00e9 per\u00e7ue comme la solution la plus \u00e9conomique. Mais en 2026, ce raisonnement m\u00e9rite d\u2019\u00eatre s\u00e9rieusement remis en question. Hausse des co\u00fbts de transport, allongement des d\u00e9lais, exigences environnementales, instabilit\u00e9 logistique\u2026 le contexte a chang\u00e9.Face \u00e0 cela, l\u2019impression locale en France appara\u00eet comme une alternative de plus [&hellip;]<\/p>\n","protected":false},"author":1,"featured_media":8122,"comment_status":"open","ping_status":"open","sticky":false,"template":"","format":"standard","meta":{"_editorskit_title_hidden":false,"_editorskit_reading_time":0,"_editorskit_is_block_options_detached":false,"_editorskit_block_options_position":"{}","footnotes":""},"categories":[1],"tags":[],"class_list":["post-8120","post","type-post","status-publish","format-standard","has-post-thumbnail","hentry","category-non-classe"],"yoast_head":"<!-- This site is optimized with the Yoast SEO plugin v27.5 - https:\/\/yoast.com\/product\/yoast-seo-wordpress\/ -->\r\n<title>Impression locale vs importation : le vrai comparatif carbone et \u00e9conomique - Votre imprimerie en ligne, le blog<\/title>\r\n<meta name=\"description\" content=\"Impression locale ou import\u00e9e ? Comparez impact carbone, co\u00fbts r\u00e9els, d\u00e9lais et qualit\u00e9 pour faire le bon choix.\" \/>\r\n<meta name=\"robots\" content=\"index, follow, max-snippet:-1, max-image-preview:large, max-video-preview:-1\" \/>\r\n<link rel=\"canonical\" href=\"https:\/\/www.jimprimeenfrance.fr\/blog\/impression-locale-vs-importation-le-vrai-comparatif-carbone-et-economique\/\" \/>\r\n<meta property=\"og:locale\" content=\"fr_FR\" \/>\r\n<meta property=\"og:type\" content=\"article\" \/>\r\n<meta property=\"og:title\" content=\"Impression locale vs importation : le vrai comparatif carbone et \u00e9conomique - Votre imprimerie en ligne, le blog\" \/>\r\n<meta property=\"og:description\" content=\"Impression locale ou import\u00e9e ? Comparez impact carbone, co\u00fbts r\u00e9els, d\u00e9lais et qualit\u00e9 pour faire le bon choix.\" \/>\r\n<meta property=\"og:url\" content=\"https:\/\/www.jimprimeenfrance.fr\/blog\/impression-locale-vs-importation-le-vrai-comparatif-carbone-et-economique\/\" \/>\r\n<meta property=\"og:site_name\" content=\"Votre imprimerie en ligne, le blog\" \/>\r\n<meta property=\"article:publisher\" content=\"https:\/\/www.facebook.com\/PrintBasPrix\" \/>\r\n<meta property=\"article:published_time\" content=\"2026-04-21T07:14:00+00:00\" \/>\r\n<meta property=\"og:image\" content=\"https:\/\/www.jimprimeenfrance.fr\/blog\/wp-content\/uploads\/2026\/01\/Articles-MPJEF-6.png\" \/>\r\n\t<meta property=\"og:image:width\" content=\"864\" \/>\r\n\t<meta property=\"og:image:height\" content=\"432\" \/>\r\n\t<meta property=\"og:image:type\" content=\"image\/png\" \/>\r\n<meta name=\"author\" content=\"Alyz\u00e9e\" \/>\r\n<meta name=\"twitter:card\" content=\"summary_large_image\" \/>\r\n<meta name=\"twitter:creator\" content=\"@PrintBasPrix\" \/>\r\n<meta name=\"twitter:site\" content=\"@PrintBasPrix\" \/>\r\n<meta name=\"twitter:label1\" content=\"\u00c9crit par\" \/>\n\t<meta name=\"twitter:data1\" content=\"Alyz\u00e9e\" \/>\n\t<meta name=\"twitter:label2\" content=\"Dur\u00e9e de lecture estim\u00e9e\" \/>\n\t<meta name=\"twitter:data2\" content=\"4 minutes\" \/>\r\n<script type=\"application\/ld+json\" class=\"yoast-schema-graph\">{\"@context\":\"https:\\\/\\\/schema.org\",\"@graph\":[{\"@type\":\"Article\",\"@id\":\"https:\\\/\\\/www.jimprimeenfrance.fr\\\/blog\\\/impression-locale-vs-importation-le-vrai-comparatif-carbone-et-economique\\\/#article\",\"isPartOf\":{\"@id\":\"https:\\\/\\\/www.jimprimeenfrance.fr\\\/blog\\\/impression-locale-vs-importation-le-vrai-comparatif-carbone-et-economique\\\/\"},\"author\":{\"name\":\"Alyz\u00e9e\",\"@id\":\"https:\\\/\\\/www.jimprimeenfrance.fr\\\/blog\\\/#\\\/schema\\\/person\\\/c5908efce65874ac39978f5a0ce6e195\"},\"headline\":\"Impression locale vs importation : le vrai comparatif carbone et \u00e9conomique\",\"datePublished\":\"2026-04-21T07:14:00+00:00\",\"mainEntityOfPage\":{\"@id\":\"https:\\\/\\\/www.jimprimeenfrance.fr\\\/blog\\\/impression-locale-vs-importation-le-vrai-comparatif-carbone-et-economique\\\/\"},\"wordCount\":675,\"commentCount\":0,\"publisher\":{\"@id\":\"https:\\\/\\\/www.jimprimeenfrance.fr\\\/blog\\\/#organization\"},\"image\":{\"@id\":\"https:\\\/\\\/www.jimprimeenfrance.fr\\\/blog\\\/impression-locale-vs-importation-le-vrai-comparatif-carbone-et-economique\\\/#primaryimage\"},\"thumbnailUrl\":\"https:\\\/\\\/www.jimprimeenfrance.fr\\\/blog\\\/wp-content\\\/uploads\\\/2026\\\/01\\\/Articles-MPJEF-6.png\",\"inLanguage\":\"fr-FR\",\"potentialAction\":[{\"@type\":\"CommentAction\",\"name\":\"Comment\",\"target\":[\"https:\\\/\\\/www.jimprimeenfrance.fr\\\/blog\\\/impression-locale-vs-importation-le-vrai-comparatif-carbone-et-economique\\\/#respond\"]}]},{\"@type\":\"WebPage\",\"@id\":\"https:\\\/\\\/www.jimprimeenfrance.fr\\\/blog\\\/impression-locale-vs-importation-le-vrai-comparatif-carbone-et-economique\\\/\",\"url\":\"https:\\\/\\\/www.jimprimeenfrance.fr\\\/blog\\\/impression-locale-vs-importation-le-vrai-comparatif-carbone-et-economique\\\/\",\"name\":\"Impression locale vs importation : le vrai comparatif carbone et \u00e9conomique - Votre imprimerie en ligne, le blog\",\"isPartOf\":{\"@id\":\"https:\\\/\\\/www.jimprimeenfrance.fr\\\/blog\\\/#website\"},\"primaryImageOfPage\":{\"@id\":\"https:\\\/\\\/www.jimprimeenfrance.fr\\\/blog\\\/impression-locale-vs-importation-le-vrai-comparatif-carbone-et-economique\\\/#primaryimage\"},\"image\":{\"@id\":\"https:\\\/\\\/www.jimprimeenfrance.fr\\\/blog\\\/impression-locale-vs-importation-le-vrai-comparatif-carbone-et-economique\\\/#primaryimage\"},\"thumbnailUrl\":\"https:\\\/\\\/www.jimprimeenfrance.fr\\\/blog\\\/wp-content\\\/uploads\\\/2026\\\/01\\\/Articles-MPJEF-6.png\",\"datePublished\":\"2026-04-21T07:14:00+00:00\",\"description\":\"Impression locale ou import\u00e9e ? Comparez impact carbone, co\u00fbts r\u00e9els, d\u00e9lais et qualit\u00e9 pour faire le bon choix.\",\"breadcrumb\":{\"@id\":\"https:\\\/\\\/www.jimprimeenfrance.fr\\\/blog\\\/impression-locale-vs-importation-le-vrai-comparatif-carbone-et-economique\\\/#breadcrumb\"},\"inLanguage\":\"fr-FR\",\"potentialAction\":[{\"@type\":\"ReadAction\",\"target\":[\"https:\\\/\\\/www.jimprimeenfrance.fr\\\/blog\\\/impression-locale-vs-importation-le-vrai-comparatif-carbone-et-economique\\\/\"]}]},{\"@type\":\"ImageObject\",\"inLanguage\":\"fr-FR\",\"@id\":\"https:\\\/\\\/www.jimprimeenfrance.fr\\\/blog\\\/impression-locale-vs-importation-le-vrai-comparatif-carbone-et-economique\\\/#primaryimage\",\"url\":\"https:\\\/\\\/www.jimprimeenfrance.fr\\\/blog\\\/wp-content\\\/uploads\\\/2026\\\/01\\\/Articles-MPJEF-6.png\",\"contentUrl\":\"https:\\\/\\\/www.jimprimeenfrance.fr\\\/blog\\\/wp-content\\\/uploads\\\/2026\\\/01\\\/Articles-MPJEF-6.png\",\"width\":864,\"height\":432},{\"@type\":\"BreadcrumbList\",\"@id\":\"https:\\\/\\\/www.jimprimeenfrance.fr\\\/blog\\\/impression-locale-vs-importation-le-vrai-comparatif-carbone-et-economique\\\/#breadcrumb\",\"itemListElement\":[{\"@type\":\"ListItem\",\"position\":1,\"name\":\"Accueil\",\"item\":\"https:\\\/\\\/www.jimprimeenfrance.fr\\\/blog\\\/\"},{\"@type\":\"ListItem\",\"position\":2,\"name\":\"Impression locale vs importation : le vrai comparatif carbone et \u00e9conomique\"}]},{\"@type\":\"WebSite\",\"@id\":\"https:\\\/\\\/www.jimprimeenfrance.fr\\\/blog\\\/#website\",\"url\":\"https:\\\/\\\/www.jimprimeenfrance.fr\\\/blog\\\/\",\"name\":\"Votre imprimerie en ligne, le blog\",\"description\":\"Impressionnez et faites bonne impression avec nos conseils d&#039;imprimerie online\",\"publisher\":{\"@id\":\"https:\\\/\\\/www.jimprimeenfrance.fr\\\/blog\\\/#organization\"},\"potentialAction\":[{\"@type\":\"SearchAction\",\"target\":{\"@type\":\"EntryPoint\",\"urlTemplate\":\"https:\\\/\\\/www.jimprimeenfrance.fr\\\/blog\\\/?s={search_term_string}\"},\"query-input\":{\"@type\":\"PropertyValueSpecification\",\"valueRequired\":true,\"valueName\":\"search_term_string\"}}],\"inLanguage\":\"fr-FR\"},{\"@type\":\"Organization\",\"@id\":\"https:\\\/\\\/www.jimprimeenfrance.fr\\\/blog\\\/#organization\",\"name\":\"PrintBasPrix - Imprimerie en ligne\",\"url\":\"https:\\\/\\\/www.jimprimeenfrance.fr\\\/blog\\\/\",\"logo\":{\"@type\":\"ImageObject\",\"inLanguage\":\"fr-FR\",\"@id\":\"https:\\\/\\\/www.jimprimeenfrance.fr\\\/blog\\\/#\\\/schema\\\/logo\\\/image\\\/\",\"url\":\"https:\\\/\\\/www.jimprimeenfrance.fr\\\/blog\\\/wp-content\\\/uploads\\\/2018\\\/07\\\/cropped-printbasprix-imprimeur-en-ligne.png\",\"contentUrl\":\"https:\\\/\\\/www.jimprimeenfrance.fr\\\/blog\\\/wp-content\\\/uploads\\\/2018\\\/07\\\/cropped-printbasprix-imprimeur-en-ligne.png\",\"width\":361,\"height\":86,\"caption\":\"PrintBasPrix - Imprimerie en ligne\"},\"image\":{\"@id\":\"https:\\\/\\\/www.jimprimeenfrance.fr\\\/blog\\\/#\\\/schema\\\/logo\\\/image\\\/\"},\"sameAs\":[\"https:\\\/\\\/www.facebook.com\\\/PrintBasPrix\",\"https:\\\/\\\/x.com\\\/PrintBasPrix\",\"https:\\\/\\\/www.instagram.com\\\/printbasprix\\\/\",\"https:\\\/\\\/www.linkedin.com\\\/company\\\/printbasprix\\\/\",\"https:\\\/\\\/www.youtube.com\\\/channel\\\/UC0Ysbd0Gbzzp0yMgrfNQqug\"]},{\"@type\":\"Person\",\"@id\":\"https:\\\/\\\/www.jimprimeenfrance.fr\\\/blog\\\/#\\\/schema\\\/person\\\/c5908efce65874ac39978f5a0ce6e195\",\"name\":\"Alyz\u00e9e\",\"image\":{\"@type\":\"ImageObject\",\"inLanguage\":\"fr-FR\",\"@id\":\"https:\\\/\\\/secure.gravatar.com\\\/avatar\\\/a29acbd2174611e826f7d881823703b38d7670f74c32c8b99d13ba9b25f07eff?s=96&r=g\",\"url\":\"https:\\\/\\\/secure.gravatar.com\\\/avatar\\\/a29acbd2174611e826f7d881823703b38d7670f74c32c8b99d13ba9b25f07eff?s=96&r=g\",\"contentUrl\":\"https:\\\/\\\/secure.gravatar.com\\\/avatar\\\/a29acbd2174611e826f7d881823703b38d7670f74c32c8b99d13ba9b25f07eff?s=96&r=g\",\"caption\":\"Alyz\u00e9e\"},\"url\":\"https:\\\/\\\/www.jimprimeenfrance.fr\\\/blog\\\/author\\\/fabien\\\/\"}]}<\/script>\r\n<!-- \/ Yoast SEO plugin. -->","yoast_head_json":{"title":"Impression locale vs importation : le vrai comparatif carbone et \u00e9conomique - Votre imprimerie en ligne, le blog","description":"Impression locale ou import\u00e9e ? Comparez impact carbone, co\u00fbts r\u00e9els, d\u00e9lais et qualit\u00e9 pour faire le bon choix.","robots":{"index":"index","follow":"follow","max-snippet":"max-snippet:-1","max-image-preview":"max-image-preview:large","max-video-preview":"max-video-preview:-1"},"canonical":"https:\/\/www.jimprimeenfrance.fr\/blog\/impression-locale-vs-importation-le-vrai-comparatif-carbone-et-economique\/","og_locale":"fr_FR","og_type":"article","og_title":"Impression locale vs importation : le vrai comparatif carbone et \u00e9conomique - Votre imprimerie en ligne, le blog","og_description":"Impression locale ou import\u00e9e ? Comparez impact carbone, co\u00fbts r\u00e9els, d\u00e9lais et qualit\u00e9 pour faire le bon choix.","og_url":"https:\/\/www.jimprimeenfrance.fr\/blog\/impression-locale-vs-importation-le-vrai-comparatif-carbone-et-economique\/","og_site_name":"Votre imprimerie en ligne, le blog","article_publisher":"https:\/\/www.facebook.com\/PrintBasPrix","article_published_time":"2026-04-21T07:14:00+00:00","og_image":[{"width":864,"height":432,"url":"https:\/\/www.jimprimeenfrance.fr\/blog\/wp-content\/uploads\/2026\/01\/Articles-MPJEF-6.png","type":"image\/png"}],"author":"Alyz\u00e9e","twitter_card":"summary_large_image","twitter_creator":"@PrintBasPrix","twitter_site":"@PrintBasPrix","twitter_misc":{"\u00c9crit par":"Alyz\u00e9e","Dur\u00e9e de lecture estim\u00e9e":"4 minutes"},"schema":{"@context":"https:\/\/schema.org","@graph":[{"@type":"Article","@id":"https:\/\/www.jimprimeenfrance.fr\/blog\/impression-locale-vs-importation-le-vrai-comparatif-carbone-et-economique\/#article","isPartOf":{"@id":"https:\/\/www.jimprimeenfrance.fr\/blog\/impression-locale-vs-importation-le-vrai-comparatif-carbone-et-economique\/"},"author":{"name":"Alyz\u00e9e","@id":"https:\/\/www.jimprimeenfrance.fr\/blog\/#\/schema\/person\/c5908efce65874ac39978f5a0ce6e195"},"headline":"Impression locale vs importation : le vrai comparatif carbone et \u00e9conomique","datePublished":"2026-04-21T07:14:00+00:00","mainEntityOfPage":{"@id":"https:\/\/www.jimprimeenfrance.fr\/blog\/impression-locale-vs-importation-le-vrai-comparatif-carbone-et-economique\/"},"wordCount":675,"commentCount":0,"publisher":{"@id":"https:\/\/www.jimprimeenfrance.fr\/blog\/#organization"},"image":{"@id":"https:\/\/www.jimprimeenfrance.fr\/blog\/impression-locale-vs-importation-le-vrai-comparatif-carbone-et-economique\/#primaryimage"},"thumbnailUrl":"https:\/\/www.jimprimeenfrance.fr\/blog\/wp-content\/uploads\/2026\/01\/Articles-MPJEF-6.png","inLanguage":"fr-FR","potentialAction":[{"@type":"CommentAction","name":"Comment","target":["https:\/\/www.jimprimeenfrance.fr\/blog\/impression-locale-vs-importation-le-vrai-comparatif-carbone-et-economique\/#respond"]}]},{"@type":"WebPage","@id":"https:\/\/www.jimprimeenfrance.fr\/blog\/impression-locale-vs-importation-le-vrai-comparatif-carbone-et-economique\/","url":"https:\/\/www.jimprimeenfrance.fr\/blog\/impression-locale-vs-importation-le-vrai-comparatif-carbone-et-economique\/","name":"Impression locale vs importation : le vrai comparatif carbone et \u00e9conomique - Votre imprimerie en ligne, le blog","isPartOf":{"@id":"https:\/\/www.jimprimeenfrance.fr\/blog\/#website"},"primaryImageOfPage":{"@id":"https:\/\/www.jimprimeenfrance.fr\/blog\/impression-locale-vs-importation-le-vrai-comparatif-carbone-et-economique\/#primaryimage"},"image":{"@id":"https:\/\/www.jimprimeenfrance.fr\/blog\/impression-locale-vs-importation-le-vrai-comparatif-carbone-et-economique\/#primaryimage"},"thumbnailUrl":"https:\/\/www.jimprimeenfrance.fr\/blog\/wp-content\/uploads\/2026\/01\/Articles-MPJEF-6.png","datePublished":"2026-04-21T07:14:00+00:00","description":"Impression locale ou import\u00e9e ? Comparez impact carbone, co\u00fbts r\u00e9els, d\u00e9lais et qualit\u00e9 pour faire le bon choix.","breadcrumb":{"@id":"https:\/\/www.jimprimeenfrance.fr\/blog\/impression-locale-vs-importation-le-vrai-comparatif-carbone-et-economique\/#breadcrumb"},"inLanguage":"fr-FR","potentialAction":[{"@type":"ReadAction","target":["https:\/\/www.jimprimeenfrance.fr\/blog\/impression-locale-vs-importation-le-vrai-comparatif-carbone-et-economique\/"]}]},{"@type":"ImageObject","inLanguage":"fr-FR","@id":"https:\/\/www.jimprimeenfrance.fr\/blog\/impression-locale-vs-importation-le-vrai-comparatif-carbone-et-economique\/#primaryimage","url":"https:\/\/www.jimprimeenfrance.fr\/blog\/wp-content\/uploads\/2026\/01\/Articles-MPJEF-6.png","contentUrl":"https:\/\/www.jimprimeenfrance.fr\/blog\/wp-content\/uploads\/2026\/01\/Articles-MPJEF-6.png","width":864,"height":432},{"@type":"BreadcrumbList","@id":"https:\/\/www.jimprimeenfrance.fr\/blog\/impression-locale-vs-importation-le-vrai-comparatif-carbone-et-economique\/#breadcrumb","itemListElement":[{"@type":"ListItem","position":1,"name":"Accueil","item":"https:\/\/www.jimprimeenfrance.fr\/blog\/"},{"@type":"ListItem","position":2,"name":"Impression locale vs importation : le vrai comparatif carbone et \u00e9conomique"}]},{"@type":"WebSite","@id":"https:\/\/www.jimprimeenfrance.fr\/blog\/#website","url":"https:\/\/www.jimprimeenfrance.fr\/blog\/","name":"Votre imprimerie en ligne, le blog","description":"Impressionnez et faites bonne impression avec nos conseils d&#039;imprimerie online","publisher":{"@id":"https:\/\/www.jimprimeenfrance.fr\/blog\/#organization"},"potentialAction":[{"@type":"SearchAction","target":{"@type":"EntryPoint","urlTemplate":"https:\/\/www.jimprimeenfrance.fr\/blog\/?s={search_term_string}"},"query-input":{"@type":"PropertyValueSpecification","valueRequired":true,"valueName":"search_term_string"}}],"inLanguage":"fr-FR"},{"@type":"Organization","@id":"https:\/\/www.jimprimeenfrance.fr\/blog\/#organization","name":"PrintBasPrix - Imprimerie en ligne","url":"https:\/\/www.jimprimeenfrance.fr\/blog\/","logo":{"@type":"ImageObject","inLanguage":"fr-FR","@id":"https:\/\/www.jimprimeenfrance.fr\/blog\/#\/schema\/logo\/image\/","url":"https:\/\/www.jimprimeenfrance.fr\/blog\/wp-content\/uploads\/2018\/07\/cropped-printbasprix-imprimeur-en-ligne.png","contentUrl":"https:\/\/www.jimprimeenfrance.fr\/blog\/wp-content\/uploads\/2018\/07\/cropped-printbasprix-imprimeur-en-ligne.png","width":361,"height":86,"caption":"PrintBasPrix - Imprimerie en ligne"},"image":{"@id":"https:\/\/www.jimprimeenfrance.fr\/blog\/#\/schema\/logo\/image\/"},"sameAs":["https:\/\/www.facebook.com\/PrintBasPrix","https:\/\/x.com\/PrintBasPrix","https:\/\/www.instagram.com\/printbasprix\/","https:\/\/www.linkedin.com\/company\/printbasprix\/","https:\/\/www.youtube.com\/channel\/UC0Ysbd0Gbzzp0yMgrfNQqug"]},{"@type":"Person","@id":"https:\/\/www.jimprimeenfrance.fr\/blog\/#\/schema\/person\/c5908efce65874ac39978f5a0ce6e195","name":"Alyz\u00e9e","image":{"@type":"ImageObject","inLanguage":"fr-FR","@id":"https:\/\/secure.gravatar.com\/avatar\/a29acbd2174611e826f7d881823703b38d7670f74c32c8b99d13ba9b25f07eff?s=96&r=g","url":"https:\/\/secure.gravatar.com\/avatar\/a29acbd2174611e826f7d881823703b38d7670f74c32c8b99d13ba9b25f07eff?s=96&r=g","contentUrl":"https:\/\/secure.gravatar.com\/avatar\/a29acbd2174611e826f7d881823703b38d7670f74c32c8b99d13ba9b25f07eff?s=96&r=g","caption":"Alyz\u00e9e"},"url":"https:\/\/www.jimprimeenfrance.fr\/blog\/author\/fabien\/"}]}},"_links":{"self":[{"href":"https:\/\/www.jimprimeenfrance.fr\/blog\/wp-json\/wp\/v2\/posts\/8120","targetHints":{"allow":["GET"]}}],"collection":[{"href":"https:\/\/www.jimprimeenfrance.fr\/blog\/wp-json\/wp\/v2\/posts"}],"about":[{"href":"https:\/\/www.jimprimeenfrance.fr\/blog\/wp-json\/wp\/v2\/types\/post"}],"author":[{"embeddable":true,"href":"https:\/\/www.jimprimeenfrance.fr\/blog\/wp-json\/wp\/v2\/users\/1"}],"replies":[{"embeddable":true,"href":"https:\/\/www.jimprimeenfrance.fr\/blog\/wp-json\/wp\/v2\/comments?post=8120"}],"version-history":[{"count":2,"href":"https:\/\/www.jimprimeenfrance.fr\/blog\/wp-json\/wp\/v2\/posts\/8120\/revisions"}],"predecessor-version":[{"id":8141,"href":"https:\/\/www.jimprimeenfrance.fr\/blog\/wp-json\/wp\/v2\/posts\/8120\/revisions\/8141"}],"wp:featuredmedia":[{"embeddable":true,"href":"https:\/\/www.jimprimeenfrance.fr\/blog\/wp-json\/wp\/v2\/media\/8122"}],"wp:attachment":[{"href":"https:\/\/www.jimprimeenfrance.fr\/blog\/wp-json\/wp\/v2\/media?parent=8120"}],"wp:term":[{"taxonomy":"category","embeddable":true,"href":"https:\/\/www.jimprimeenfrance.fr\/blog\/wp-json\/wp\/v2\/categories?post=8120"},{"taxonomy":"post_tag","embeddable":true,"href":"https:\/\/www.jimprimeenfrance.fr\/blog\/wp-json\/wp\/v2\/tags?post=8120"}],"curies":[{"name":"wp","href":"https:\/\/api.w.org\/{rel}","templated":true}]}}