{"id":8111,"date":"2026-03-10T10:11:12","date_gmt":"2026-03-10T09:11:12","guid":{"rendered":"https:\/\/www.jimprimeenfrance.fr\/blog\/?p=8111"},"modified":"2026-03-06T11:13:21","modified_gmt":"2026-03-06T10:13:21","slug":"impression-responsable-comment-concilier-communication-et-ecologie","status":"publish","type":"post","link":"https:\/\/www.jimprimeenfrance.fr\/blog\/impression-responsable-comment-concilier-communication-et-ecologie\/","title":{"rendered":"Impression responsable : comment concilier communication et \u00e9cologie"},"content":{"rendered":"\n<p>Les entreprises sont aujourd\u2019hui confront\u00e9es \u00e0 un double enjeu : <strong>continuer \u00e0 communiquer efficacement<\/strong> tout en r\u00e9pondant aux attentes croissantes en mati\u00e8re d\u2019\u00e9cologie.<br>Dans ce contexte, la communication imprim\u00e9e est parfois per\u00e7ue comme incompatible avec une d\u00e9marche responsable.<\/p>\n\n\n\n<p>Pourtant, <strong>l\u2019impression responsable existe<\/strong>. Mieux encore : elle peut devenir un v\u00e9ritable levier de cr\u00e9dibilit\u00e9, de diff\u00e9renciation et de performance pour les PME, e-commer\u00e7ants, marques et industriels.<\/p>\n\n\n\n<div style=\"height:40px\" aria-hidden=\"true\" class=\"wp-block-spacer\"><\/div>\n\n\n\n<h2 class=\"wp-block-heading has-large-font-size\"><strong>Pourquoi la communication imprim\u00e9e est souvent per\u00e7ue comme polluante<\/strong><\/h2>\n\n\n\n<p>Cette perception s\u2019explique par plusieurs facteurs :<\/p>\n\n\n\n<ul class=\"wp-block-list\">\n<li>surproduction de supports peu utilis\u00e9s<br><\/li>\n\n\n\n<li>importation depuis des pays lointains<br><\/li>\n\n\n\n<li>faible tra\u00e7abilit\u00e9 des mat\u00e9riaux<br><\/li>\n\n\n\n<li>manque d\u2019optimisation des volumes<br><\/li>\n<\/ul>\n\n\n\n<p>R\u00e9sultat : un impact environnemental inutilement \u00e9lev\u00e9, qui nuit autant \u00e0 la plan\u00e8te qu\u2019\u00e0 l\u2019image de l\u2019entreprise.<\/p>\n\n\n\n<div style=\"height:40px\" aria-hidden=\"true\" class=\"wp-block-spacer\"><\/div>\n\n\n\n<h2 class=\"wp-block-heading has-large-font-size\"><strong>Impression responsable : de quoi parle-t-on vraiment ?<\/strong><\/h2>\n\n\n\n<p>L\u2019<strong>impression responsable<\/strong> ne consiste pas \u00e0 supprimer toute communication imprim\u00e9e, mais \u00e0 <strong>repenser chaque \u00e9tape<\/strong> :<\/p>\n\n\n\n<ul class=\"wp-block-list\">\n<li>utilit\u00e9 r\u00e9elle du support<br><\/li>\n\n\n\n<li>choix des mat\u00e9riaux<br><\/li>\n\n\n\n<li>proc\u00e9d\u00e9s de fabrication<br><\/li>\n\n\n\n<li>logistique et transport<br><\/li>\n<\/ul>\n\n\n\n<p>C\u2019est une approche globale, pragmatique et mesurable, loin des discours marketing creux.<\/p>\n\n\n\n<div style=\"height:40px\" aria-hidden=\"true\" class=\"wp-block-spacer\"><\/div>\n\n\n\n<h2 class=\"wp-block-heading has-large-font-size\"><strong>Communiquer mieux plut\u00f4t que communiquer plus<\/strong><\/h2>\n\n\n\n<p>Le premier levier d\u2019une impression responsable est souvent le plus simple : <strong>r\u00e9duire le superflu<\/strong>.<\/p>\n\n\n\n<h3 class=\"wp-block-heading\"><strong>Bonnes pratiques concr\u00e8tes :<\/strong><\/h3>\n\n\n\n<ul class=\"wp-block-list\">\n<li>ajuster les quantit\u00e9s imprim\u00e9es<br><\/li>\n\n\n\n<li>privil\u00e9gier des supports polyvalents<br><\/li>\n\n\n\n<li>\u00e9viter les impressions \u00e0 usage unique<br><\/li>\n\n\n\n<li>concevoir des visuels durables dans le temps<br><\/li>\n<\/ul>\n\n\n\n<p>Moins de gaspillage, c\u2019est :<\/p>\n\n\n\n<ul class=\"wp-block-list\">\n<li>moins de co\u00fbts<br><\/li>\n\n\n\n<li>moins d\u2019impact environnemental<br><\/li>\n\n\n\n<li>plus d\u2019efficacit\u00e9 du message<br><\/li>\n<\/ul>\n\n\n\n<div style=\"height:40px\" aria-hidden=\"true\" class=\"wp-block-spacer\"><\/div>\n\n\n\n<h2 class=\"wp-block-heading has-large-font-size\"><strong>Le r\u00f4le cl\u00e9 du choix de l\u2019imprimeur<\/strong><\/h2>\n\n\n\n<p>Un imprimeur responsable ne se limite pas \u00e0 proposer du papier recycl\u00e9. Il agit sur toute la cha\u00eene de production :<\/p>\n\n\n\n<ul class=\"wp-block-list\">\n<li>conseil en amont<br><\/li>\n\n\n\n<li>optimisation des formats et grammages<br><\/li>\n\n\n\n<li>limitation des d\u00e9chets<br><\/li>\n\n\n\n<li>contr\u00f4le qualit\u00e9 pour \u00e9viter les rebuts<br><\/li>\n<\/ul>\n\n\n\n<p>Chez <strong>J\u2019imprime en France<\/strong>, l\u2019accompagnement client fait partie int\u00e9grante de la d\u00e9marche responsable, notamment pour aider les entreprises \u00e0 faire <strong>les bons choix techniques d\u00e8s la conception<\/strong>.<\/p>\n\n\n\n<div style=\"height:40px\" aria-hidden=\"true\" class=\"wp-block-spacer\"><\/div>\n\n\n\n<h2 class=\"wp-block-heading has-large-font-size\"><strong>Impression locale et circuits courts : un levier majeur<\/strong><\/h2>\n\n\n\n<p>L\u2019un des piliers de l\u2019impression responsable reste la <strong>production locale<\/strong>.<\/p>\n\n\n\n<p>Imprimer en France permet :<\/p>\n\n\n\n<ul class=\"wp-block-list\">\n<li>de r\u00e9duire fortement les \u00e9missions li\u00e9es au transport<br><\/li>\n\n\n\n<li>d\u2019\u00e9viter les flux logistiques internationaux<br><\/li>\n\n\n\n<li>de gagner en r\u00e9activit\u00e9 et en transparence<br><\/li>\n<\/ul>\n\n\n\n<div style=\"height:10px\" aria-hidden=\"true\" class=\"wp-block-spacer\"><\/div>\n\n\n<div class=\"wp-block-image\">\n<figure class=\"aligncenter size-full is-resized\"><img loading=\"lazy\" decoding=\"async\" width=\"864\" height=\"432\" src=\"https:\/\/www.jimprimeenfrance.fr\/blog\/wp-content\/uploads\/2026\/03\/Articles-16.png\" alt=\"\" class=\"wp-image-8128\" style=\"width:500px\"\/><\/figure>\n<\/div>\n\n\n<div style=\"height:10px\" aria-hidden=\"true\" class=\"wp-block-spacer\"><\/div>\n\n\n\n<p>Avec une fabrication <strong>100 % interne dans des ateliers de 5 000 m\u00b2 \u00e0 Toulouse<\/strong>, sans interm\u00e9diaire, l\u2019impact carbone est ma\u00eetris\u00e9 tout en garantissant des d\u00e9lais courts.<\/p>\n\n\n\n<div style=\"height:40px\" aria-hidden=\"true\" class=\"wp-block-spacer\"><\/div>\n\n\n\n<h2 class=\"wp-block-heading has-large-font-size\"><strong>Quels supports se pr\u00eatent le mieux \u00e0 une communication responsable ?<\/strong><\/h2>\n\n\n\n<p>Tous les supports peuvent s\u2019inscrire dans une d\u00e9marche responsable :<\/p>\n\n\n\n<ul class=\"wp-block-list\">\n<li><strong>Papeterie<\/strong> : cartes de visite, papier \u00e0 en-t\u00eate<br><\/li>\n\n\n\n<li><strong>Supports marketing<\/strong> : flyers, brochures, affiches<br><\/li>\n\n\n\n<li><strong>\u00c9v\u00e9nementiel<\/strong> : kakemonos, stands, b\u00e2ches r\u00e9utilisables<br><\/li>\n\n\n\n<li><strong>Packaging et \u00e9tiquettes<\/strong> : valorisation produit durable<br><\/li>\n<\/ul>\n\n\n\n<p>Pour les entreprises, ces supports deviennent aussi un <strong>outil de communication sur leurs propres engagements<\/strong>.<\/p>\n\n\n\n<div style=\"height:40px\" aria-hidden=\"true\" class=\"wp-block-spacer\"><\/div>\n\n\n\n<p>Concilier communication et \u00e9cologie est non seulement possible, mais strat\u00e9gique.<br>Une <strong>impression responsable<\/strong> permet de :<\/p>\n\n\n\n<ul class=\"wp-block-list\">\n<li>renforcer la cr\u00e9dibilit\u00e9 de la marque<br><\/li>\n\n\n\n<li>r\u00e9pondre aux attentes clients et r\u00e9glementaires<br><\/li>\n\n\n\n<li>r\u00e9duire les co\u00fbts inutiles<br><\/li>\n\n\n\n<li>s\u2019inscrire dans une d\u00e9marche durable et coh\u00e9rente<br><\/li>\n<\/ul>\n\n\n\n<p>En 2026, les entreprises qui communiquent de mani\u00e8re responsable prennent une <strong>longueur d\u2019avance<\/strong>.<\/p>\n\n\n\n<div style=\"height:20px\" aria-hidden=\"true\" class=\"wp-block-spacer\"><\/div>\n\n\n\n<p><strong>Besoin d\u2019un partenaire d\u2019impression fiable et local ?<\/strong><\/p>\n\n\n\n<p>Faites confiance \u00e0 <strong>J\u2019imprime en France<\/strong>, votre imprimeur bas\u00e9 \u00e0 Toulouse, pour des supports de communication de qualit\u00e9, produits en France avec des d\u00e9lais rapides et un accompagnement personnalis\u00e9.<\/p>\n\n\n\n<p>&#x1f4de; Contactez d\u00e8s maintenant notre \u00e9quipe au <strong>05 31 61 99 41<\/strong><br>&#x1f4e7; ou par email : <strong><a>contact@jimprimeenfrance.fr<\/a><\/strong><\/p>\n\n\n\n<p>Nous serons ravis de vous conseiller et de donner vie \u00e0 tous vos projets d\u2019impression.<\/p>\n","protected":false},"excerpt":{"rendered":"<p>Les entreprises sont aujourd\u2019hui confront\u00e9es \u00e0 un double enjeu : continuer \u00e0 communiquer efficacement tout en r\u00e9pondant aux attentes croissantes en mati\u00e8re d\u2019\u00e9cologie.Dans ce contexte, la communication imprim\u00e9e est parfois per\u00e7ue comme incompatible avec une d\u00e9marche responsable. Pourtant, l\u2019impression responsable existe. Mieux encore : elle peut devenir un v\u00e9ritable levier de cr\u00e9dibilit\u00e9, de diff\u00e9renciation et [&hellip;]<\/p>\n","protected":false},"author":1,"featured_media":8113,"comment_status":"open","ping_status":"open","sticky":false,"template":"","format":"standard","meta":{"_editorskit_title_hidden":false,"_editorskit_reading_time":0,"_editorskit_is_block_options_detached":false,"_editorskit_block_options_position":"{}","footnotes":""},"categories":[1],"tags":[],"class_list":["post-8111","post","type-post","status-publish","format-standard","has-post-thumbnail","hentry","category-non-classe"],"yoast_head":"<!-- This site is optimized with the Yoast SEO plugin v27.5 - https:\/\/yoast.com\/product\/yoast-seo-wordpress\/ -->\r\n<title>Impression responsable : comment concilier communication et \u00e9cologie - Votre imprimerie en ligne, le blog<\/title>\r\n<meta name=\"description\" content=\"Impression responsable : bonnes pratiques pour communiquer efficacement tout en r\u00e9duisant l\u2019impact \u00e9cologique.\" \/>\r\n<meta name=\"robots\" content=\"index, follow, max-snippet:-1, max-image-preview:large, max-video-preview:-1\" \/>\r\n<link rel=\"canonical\" href=\"https:\/\/www.jimprimeenfrance.fr\/blog\/impression-responsable-comment-concilier-communication-et-ecologie\/\" \/>\r\n<meta property=\"og:locale\" content=\"fr_FR\" \/>\r\n<meta property=\"og:type\" content=\"article\" \/>\r\n<meta property=\"og:title\" content=\"Impression responsable : comment concilier communication et \u00e9cologie - Votre imprimerie en ligne, le blog\" \/>\r\n<meta property=\"og:description\" content=\"Impression responsable : bonnes pratiques pour communiquer efficacement tout en r\u00e9duisant l\u2019impact \u00e9cologique.\" \/>\r\n<meta property=\"og:url\" content=\"https:\/\/www.jimprimeenfrance.fr\/blog\/impression-responsable-comment-concilier-communication-et-ecologie\/\" \/>\r\n<meta property=\"og:site_name\" content=\"Votre imprimerie en ligne, le blog\" \/>\r\n<meta property=\"article:publisher\" content=\"https:\/\/www.facebook.com\/PrintBasPrix\" \/>\r\n<meta property=\"article:published_time\" content=\"2026-03-10T09:11:12+00:00\" \/>\r\n<meta property=\"og:image\" content=\"https:\/\/www.jimprimeenfrance.fr\/blog\/wp-content\/uploads\/2026\/01\/Articles-MPJEF-3.png\" \/>\r\n\t<meta property=\"og:image:width\" content=\"864\" \/>\r\n\t<meta property=\"og:image:height\" content=\"432\" \/>\r\n\t<meta property=\"og:image:type\" content=\"image\/png\" \/>\r\n<meta name=\"author\" content=\"Alyz\u00e9e\" \/>\r\n<meta name=\"twitter:card\" content=\"summary_large_image\" \/>\r\n<meta name=\"twitter:creator\" content=\"@PrintBasPrix\" \/>\r\n<meta name=\"twitter:site\" content=\"@PrintBasPrix\" \/>\r\n<meta name=\"twitter:label1\" content=\"\u00c9crit par\" \/>\n\t<meta name=\"twitter:data1\" content=\"Alyz\u00e9e\" \/>\n\t<meta name=\"twitter:label2\" content=\"Dur\u00e9e de lecture estim\u00e9e\" \/>\n\t<meta name=\"twitter:data2\" content=\"4 minutes\" \/>\r\n<script type=\"application\/ld+json\" class=\"yoast-schema-graph\">{\"@context\":\"https:\\\/\\\/schema.org\",\"@graph\":[{\"@type\":\"Article\",\"@id\":\"https:\\\/\\\/www.jimprimeenfrance.fr\\\/blog\\\/impression-responsable-comment-concilier-communication-et-ecologie\\\/#article\",\"isPartOf\":{\"@id\":\"https:\\\/\\\/www.jimprimeenfrance.fr\\\/blog\\\/impression-responsable-comment-concilier-communication-et-ecologie\\\/\"},\"author\":{\"name\":\"Alyz\u00e9e\",\"@id\":\"https:\\\/\\\/www.jimprimeenfrance.fr\\\/blog\\\/#\\\/schema\\\/person\\\/c5908efce65874ac39978f5a0ce6e195\"},\"headline\":\"Impression responsable : comment concilier communication et \u00e9cologie\",\"datePublished\":\"2026-03-10T09:11:12+00:00\",\"mainEntityOfPage\":{\"@id\":\"https:\\\/\\\/www.jimprimeenfrance.fr\\\/blog\\\/impression-responsable-comment-concilier-communication-et-ecologie\\\/\"},\"wordCount\":607,\"commentCount\":0,\"publisher\":{\"@id\":\"https:\\\/\\\/www.jimprimeenfrance.fr\\\/blog\\\/#organization\"},\"image\":{\"@id\":\"https:\\\/\\\/www.jimprimeenfrance.fr\\\/blog\\\/impression-responsable-comment-concilier-communication-et-ecologie\\\/#primaryimage\"},\"thumbnailUrl\":\"https:\\\/\\\/www.jimprimeenfrance.fr\\\/blog\\\/wp-content\\\/uploads\\\/2026\\\/01\\\/Articles-MPJEF-3.png\",\"inLanguage\":\"fr-FR\",\"potentialAction\":[{\"@type\":\"CommentAction\",\"name\":\"Comment\",\"target\":[\"https:\\\/\\\/www.jimprimeenfrance.fr\\\/blog\\\/impression-responsable-comment-concilier-communication-et-ecologie\\\/#respond\"]}]},{\"@type\":\"WebPage\",\"@id\":\"https:\\\/\\\/www.jimprimeenfrance.fr\\\/blog\\\/impression-responsable-comment-concilier-communication-et-ecologie\\\/\",\"url\":\"https:\\\/\\\/www.jimprimeenfrance.fr\\\/blog\\\/impression-responsable-comment-concilier-communication-et-ecologie\\\/\",\"name\":\"Impression responsable : comment concilier communication et \u00e9cologie - Votre imprimerie en ligne, le blog\",\"isPartOf\":{\"@id\":\"https:\\\/\\\/www.jimprimeenfrance.fr\\\/blog\\\/#website\"},\"primaryImageOfPage\":{\"@id\":\"https:\\\/\\\/www.jimprimeenfrance.fr\\\/blog\\\/impression-responsable-comment-concilier-communication-et-ecologie\\\/#primaryimage\"},\"image\":{\"@id\":\"https:\\\/\\\/www.jimprimeenfrance.fr\\\/blog\\\/impression-responsable-comment-concilier-communication-et-ecologie\\\/#primaryimage\"},\"thumbnailUrl\":\"https:\\\/\\\/www.jimprimeenfrance.fr\\\/blog\\\/wp-content\\\/uploads\\\/2026\\\/01\\\/Articles-MPJEF-3.png\",\"datePublished\":\"2026-03-10T09:11:12+00:00\",\"description\":\"Impression responsable : bonnes pratiques pour communiquer efficacement tout en r\u00e9duisant l\u2019impact \u00e9cologique.\",\"breadcrumb\":{\"@id\":\"https:\\\/\\\/www.jimprimeenfrance.fr\\\/blog\\\/impression-responsable-comment-concilier-communication-et-ecologie\\\/#breadcrumb\"},\"inLanguage\":\"fr-FR\",\"potentialAction\":[{\"@type\":\"ReadAction\",\"target\":[\"https:\\\/\\\/www.jimprimeenfrance.fr\\\/blog\\\/impression-responsable-comment-concilier-communication-et-ecologie\\\/\"]}]},{\"@type\":\"ImageObject\",\"inLanguage\":\"fr-FR\",\"@id\":\"https:\\\/\\\/www.jimprimeenfrance.fr\\\/blog\\\/impression-responsable-comment-concilier-communication-et-ecologie\\\/#primaryimage\",\"url\":\"https:\\\/\\\/www.jimprimeenfrance.fr\\\/blog\\\/wp-content\\\/uploads\\\/2026\\\/01\\\/Articles-MPJEF-3.png\",\"contentUrl\":\"https:\\\/\\\/www.jimprimeenfrance.fr\\\/blog\\\/wp-content\\\/uploads\\\/2026\\\/01\\\/Articles-MPJEF-3.png\",\"width\":864,\"height\":432},{\"@type\":\"BreadcrumbList\",\"@id\":\"https:\\\/\\\/www.jimprimeenfrance.fr\\\/blog\\\/impression-responsable-comment-concilier-communication-et-ecologie\\\/#breadcrumb\",\"itemListElement\":[{\"@type\":\"ListItem\",\"position\":1,\"name\":\"Accueil\",\"item\":\"https:\\\/\\\/www.jimprimeenfrance.fr\\\/blog\\\/\"},{\"@type\":\"ListItem\",\"position\":2,\"name\":\"Impression responsable : comment concilier communication et \u00e9cologie\"}]},{\"@type\":\"WebSite\",\"@id\":\"https:\\\/\\\/www.jimprimeenfrance.fr\\\/blog\\\/#website\",\"url\":\"https:\\\/\\\/www.jimprimeenfrance.fr\\\/blog\\\/\",\"name\":\"Votre imprimerie en ligne, le blog\",\"description\":\"Impressionnez et faites bonne impression avec nos conseils d&#039;imprimerie online\",\"publisher\":{\"@id\":\"https:\\\/\\\/www.jimprimeenfrance.fr\\\/blog\\\/#organization\"},\"potentialAction\":[{\"@type\":\"SearchAction\",\"target\":{\"@type\":\"EntryPoint\",\"urlTemplate\":\"https:\\\/\\\/www.jimprimeenfrance.fr\\\/blog\\\/?s={search_term_string}\"},\"query-input\":{\"@type\":\"PropertyValueSpecification\",\"valueRequired\":true,\"valueName\":\"search_term_string\"}}],\"inLanguage\":\"fr-FR\"},{\"@type\":\"Organization\",\"@id\":\"https:\\\/\\\/www.jimprimeenfrance.fr\\\/blog\\\/#organization\",\"name\":\"PrintBasPrix - Imprimerie en ligne\",\"url\":\"https:\\\/\\\/www.jimprimeenfrance.fr\\\/blog\\\/\",\"logo\":{\"@type\":\"ImageObject\",\"inLanguage\":\"fr-FR\",\"@id\":\"https:\\\/\\\/www.jimprimeenfrance.fr\\\/blog\\\/#\\\/schema\\\/logo\\\/image\\\/\",\"url\":\"https:\\\/\\\/www.jimprimeenfrance.fr\\\/blog\\\/wp-content\\\/uploads\\\/2018\\\/07\\\/cropped-printbasprix-imprimeur-en-ligne.png\",\"contentUrl\":\"https:\\\/\\\/www.jimprimeenfrance.fr\\\/blog\\\/wp-content\\\/uploads\\\/2018\\\/07\\\/cropped-printbasprix-imprimeur-en-ligne.png\",\"width\":361,\"height\":86,\"caption\":\"PrintBasPrix - Imprimerie en ligne\"},\"image\":{\"@id\":\"https:\\\/\\\/www.jimprimeenfrance.fr\\\/blog\\\/#\\\/schema\\\/logo\\\/image\\\/\"},\"sameAs\":[\"https:\\\/\\\/www.facebook.com\\\/PrintBasPrix\",\"https:\\\/\\\/x.com\\\/PrintBasPrix\",\"https:\\\/\\\/www.instagram.com\\\/printbasprix\\\/\",\"https:\\\/\\\/www.linkedin.com\\\/company\\\/printbasprix\\\/\",\"https:\\\/\\\/www.youtube.com\\\/channel\\\/UC0Ysbd0Gbzzp0yMgrfNQqug\"]},{\"@type\":\"Person\",\"@id\":\"https:\\\/\\\/www.jimprimeenfrance.fr\\\/blog\\\/#\\\/schema\\\/person\\\/c5908efce65874ac39978f5a0ce6e195\",\"name\":\"Alyz\u00e9e\",\"image\":{\"@type\":\"ImageObject\",\"inLanguage\":\"fr-FR\",\"@id\":\"https:\\\/\\\/secure.gravatar.com\\\/avatar\\\/a29acbd2174611e826f7d881823703b38d7670f74c32c8b99d13ba9b25f07eff?s=96&r=g\",\"url\":\"https:\\\/\\\/secure.gravatar.com\\\/avatar\\\/a29acbd2174611e826f7d881823703b38d7670f74c32c8b99d13ba9b25f07eff?s=96&r=g\",\"contentUrl\":\"https:\\\/\\\/secure.gravatar.com\\\/avatar\\\/a29acbd2174611e826f7d881823703b38d7670f74c32c8b99d13ba9b25f07eff?s=96&r=g\",\"caption\":\"Alyz\u00e9e\"},\"url\":\"https:\\\/\\\/www.jimprimeenfrance.fr\\\/blog\\\/author\\\/fabien\\\/\"}]}<\/script>\r\n<!-- \/ Yoast SEO plugin. -->","yoast_head_json":{"title":"Impression responsable : comment concilier communication et \u00e9cologie - Votre imprimerie en ligne, le blog","description":"Impression responsable : bonnes pratiques pour communiquer efficacement tout en r\u00e9duisant l\u2019impact \u00e9cologique.","robots":{"index":"index","follow":"follow","max-snippet":"max-snippet:-1","max-image-preview":"max-image-preview:large","max-video-preview":"max-video-preview:-1"},"canonical":"https:\/\/www.jimprimeenfrance.fr\/blog\/impression-responsable-comment-concilier-communication-et-ecologie\/","og_locale":"fr_FR","og_type":"article","og_title":"Impression responsable : comment concilier communication et \u00e9cologie - Votre imprimerie en ligne, le blog","og_description":"Impression responsable : bonnes pratiques pour communiquer efficacement tout en r\u00e9duisant l\u2019impact \u00e9cologique.","og_url":"https:\/\/www.jimprimeenfrance.fr\/blog\/impression-responsable-comment-concilier-communication-et-ecologie\/","og_site_name":"Votre imprimerie en ligne, le blog","article_publisher":"https:\/\/www.facebook.com\/PrintBasPrix","article_published_time":"2026-03-10T09:11:12+00:00","og_image":[{"width":864,"height":432,"url":"https:\/\/www.jimprimeenfrance.fr\/blog\/wp-content\/uploads\/2026\/01\/Articles-MPJEF-3.png","type":"image\/png"}],"author":"Alyz\u00e9e","twitter_card":"summary_large_image","twitter_creator":"@PrintBasPrix","twitter_site":"@PrintBasPrix","twitter_misc":{"\u00c9crit par":"Alyz\u00e9e","Dur\u00e9e de lecture estim\u00e9e":"4 minutes"},"schema":{"@context":"https:\/\/schema.org","@graph":[{"@type":"Article","@id":"https:\/\/www.jimprimeenfrance.fr\/blog\/impression-responsable-comment-concilier-communication-et-ecologie\/#article","isPartOf":{"@id":"https:\/\/www.jimprimeenfrance.fr\/blog\/impression-responsable-comment-concilier-communication-et-ecologie\/"},"author":{"name":"Alyz\u00e9e","@id":"https:\/\/www.jimprimeenfrance.fr\/blog\/#\/schema\/person\/c5908efce65874ac39978f5a0ce6e195"},"headline":"Impression responsable : comment concilier communication et \u00e9cologie","datePublished":"2026-03-10T09:11:12+00:00","mainEntityOfPage":{"@id":"https:\/\/www.jimprimeenfrance.fr\/blog\/impression-responsable-comment-concilier-communication-et-ecologie\/"},"wordCount":607,"commentCount":0,"publisher":{"@id":"https:\/\/www.jimprimeenfrance.fr\/blog\/#organization"},"image":{"@id":"https:\/\/www.jimprimeenfrance.fr\/blog\/impression-responsable-comment-concilier-communication-et-ecologie\/#primaryimage"},"thumbnailUrl":"https:\/\/www.jimprimeenfrance.fr\/blog\/wp-content\/uploads\/2026\/01\/Articles-MPJEF-3.png","inLanguage":"fr-FR","potentialAction":[{"@type":"CommentAction","name":"Comment","target":["https:\/\/www.jimprimeenfrance.fr\/blog\/impression-responsable-comment-concilier-communication-et-ecologie\/#respond"]}]},{"@type":"WebPage","@id":"https:\/\/www.jimprimeenfrance.fr\/blog\/impression-responsable-comment-concilier-communication-et-ecologie\/","url":"https:\/\/www.jimprimeenfrance.fr\/blog\/impression-responsable-comment-concilier-communication-et-ecologie\/","name":"Impression responsable : comment concilier communication et \u00e9cologie - Votre imprimerie en ligne, le blog","isPartOf":{"@id":"https:\/\/www.jimprimeenfrance.fr\/blog\/#website"},"primaryImageOfPage":{"@id":"https:\/\/www.jimprimeenfrance.fr\/blog\/impression-responsable-comment-concilier-communication-et-ecologie\/#primaryimage"},"image":{"@id":"https:\/\/www.jimprimeenfrance.fr\/blog\/impression-responsable-comment-concilier-communication-et-ecologie\/#primaryimage"},"thumbnailUrl":"https:\/\/www.jimprimeenfrance.fr\/blog\/wp-content\/uploads\/2026\/01\/Articles-MPJEF-3.png","datePublished":"2026-03-10T09:11:12+00:00","description":"Impression responsable : bonnes pratiques pour communiquer efficacement tout en r\u00e9duisant l\u2019impact \u00e9cologique.","breadcrumb":{"@id":"https:\/\/www.jimprimeenfrance.fr\/blog\/impression-responsable-comment-concilier-communication-et-ecologie\/#breadcrumb"},"inLanguage":"fr-FR","potentialAction":[{"@type":"ReadAction","target":["https:\/\/www.jimprimeenfrance.fr\/blog\/impression-responsable-comment-concilier-communication-et-ecologie\/"]}]},{"@type":"ImageObject","inLanguage":"fr-FR","@id":"https:\/\/www.jimprimeenfrance.fr\/blog\/impression-responsable-comment-concilier-communication-et-ecologie\/#primaryimage","url":"https:\/\/www.jimprimeenfrance.fr\/blog\/wp-content\/uploads\/2026\/01\/Articles-MPJEF-3.png","contentUrl":"https:\/\/www.jimprimeenfrance.fr\/blog\/wp-content\/uploads\/2026\/01\/Articles-MPJEF-3.png","width":864,"height":432},{"@type":"BreadcrumbList","@id":"https:\/\/www.jimprimeenfrance.fr\/blog\/impression-responsable-comment-concilier-communication-et-ecologie\/#breadcrumb","itemListElement":[{"@type":"ListItem","position":1,"name":"Accueil","item":"https:\/\/www.jimprimeenfrance.fr\/blog\/"},{"@type":"ListItem","position":2,"name":"Impression responsable : comment concilier communication et \u00e9cologie"}]},{"@type":"WebSite","@id":"https:\/\/www.jimprimeenfrance.fr\/blog\/#website","url":"https:\/\/www.jimprimeenfrance.fr\/blog\/","name":"Votre imprimerie en ligne, le blog","description":"Impressionnez et faites bonne impression avec nos conseils d&#039;imprimerie online","publisher":{"@id":"https:\/\/www.jimprimeenfrance.fr\/blog\/#organization"},"potentialAction":[{"@type":"SearchAction","target":{"@type":"EntryPoint","urlTemplate":"https:\/\/www.jimprimeenfrance.fr\/blog\/?s={search_term_string}"},"query-input":{"@type":"PropertyValueSpecification","valueRequired":true,"valueName":"search_term_string"}}],"inLanguage":"fr-FR"},{"@type":"Organization","@id":"https:\/\/www.jimprimeenfrance.fr\/blog\/#organization","name":"PrintBasPrix - Imprimerie en ligne","url":"https:\/\/www.jimprimeenfrance.fr\/blog\/","logo":{"@type":"ImageObject","inLanguage":"fr-FR","@id":"https:\/\/www.jimprimeenfrance.fr\/blog\/#\/schema\/logo\/image\/","url":"https:\/\/www.jimprimeenfrance.fr\/blog\/wp-content\/uploads\/2018\/07\/cropped-printbasprix-imprimeur-en-ligne.png","contentUrl":"https:\/\/www.jimprimeenfrance.fr\/blog\/wp-content\/uploads\/2018\/07\/cropped-printbasprix-imprimeur-en-ligne.png","width":361,"height":86,"caption":"PrintBasPrix - Imprimerie en ligne"},"image":{"@id":"https:\/\/www.jimprimeenfrance.fr\/blog\/#\/schema\/logo\/image\/"},"sameAs":["https:\/\/www.facebook.com\/PrintBasPrix","https:\/\/x.com\/PrintBasPrix","https:\/\/www.instagram.com\/printbasprix\/","https:\/\/www.linkedin.com\/company\/printbasprix\/","https:\/\/www.youtube.com\/channel\/UC0Ysbd0Gbzzp0yMgrfNQqug"]},{"@type":"Person","@id":"https:\/\/www.jimprimeenfrance.fr\/blog\/#\/schema\/person\/c5908efce65874ac39978f5a0ce6e195","name":"Alyz\u00e9e","image":{"@type":"ImageObject","inLanguage":"fr-FR","@id":"https:\/\/secure.gravatar.com\/avatar\/a29acbd2174611e826f7d881823703b38d7670f74c32c8b99d13ba9b25f07eff?s=96&r=g","url":"https:\/\/secure.gravatar.com\/avatar\/a29acbd2174611e826f7d881823703b38d7670f74c32c8b99d13ba9b25f07eff?s=96&r=g","contentUrl":"https:\/\/secure.gravatar.com\/avatar\/a29acbd2174611e826f7d881823703b38d7670f74c32c8b99d13ba9b25f07eff?s=96&r=g","caption":"Alyz\u00e9e"},"url":"https:\/\/www.jimprimeenfrance.fr\/blog\/author\/fabien\/"}]}},"_links":{"self":[{"href":"https:\/\/www.jimprimeenfrance.fr\/blog\/wp-json\/wp\/v2\/posts\/8111","targetHints":{"allow":["GET"]}}],"collection":[{"href":"https:\/\/www.jimprimeenfrance.fr\/blog\/wp-json\/wp\/v2\/posts"}],"about":[{"href":"https:\/\/www.jimprimeenfrance.fr\/blog\/wp-json\/wp\/v2\/types\/post"}],"author":[{"embeddable":true,"href":"https:\/\/www.jimprimeenfrance.fr\/blog\/wp-json\/wp\/v2\/users\/1"}],"replies":[{"embeddable":true,"href":"https:\/\/www.jimprimeenfrance.fr\/blog\/wp-json\/wp\/v2\/comments?post=8111"}],"version-history":[{"count":2,"href":"https:\/\/www.jimprimeenfrance.fr\/blog\/wp-json\/wp\/v2\/posts\/8111\/revisions"}],"predecessor-version":[{"id":8129,"href":"https:\/\/www.jimprimeenfrance.fr\/blog\/wp-json\/wp\/v2\/posts\/8111\/revisions\/8129"}],"wp:featuredmedia":[{"embeddable":true,"href":"https:\/\/www.jimprimeenfrance.fr\/blog\/wp-json\/wp\/v2\/media\/8113"}],"wp:attachment":[{"href":"https:\/\/www.jimprimeenfrance.fr\/blog\/wp-json\/wp\/v2\/media?parent=8111"}],"wp:term":[{"taxonomy":"category","embeddable":true,"href":"https:\/\/www.jimprimeenfrance.fr\/blog\/wp-json\/wp\/v2\/categories?post=8111"},{"taxonomy":"post_tag","embeddable":true,"href":"https:\/\/www.jimprimeenfrance.fr\/blog\/wp-json\/wp\/v2\/tags?post=8111"}],"curies":[{"name":"wp","href":"https:\/\/api.w.org\/{rel}","templated":true}]}}