{"id":8108,"date":"2026-02-24T09:14:41","date_gmt":"2026-02-24T08:14:41","guid":{"rendered":"https:\/\/www.jimprimeenfrance.fr\/blog\/?p=8108"},"modified":"2026-03-06T10:51:44","modified_gmt":"2026-03-06T09:51:44","slug":"impression-ecologique-comment-reduire-limpact-environnemental-de-vos-supports-imprimes","status":"publish","type":"post","link":"https:\/\/www.jimprimeenfrance.fr\/blog\/impression-ecologique-comment-reduire-limpact-environnemental-de-vos-supports-imprimes\/","title":{"rendered":"Impression \u00e9cologique : comment r\u00e9duire l\u2019impact environnemental de vos supports imprim\u00e9s"},"content":{"rendered":"\n<p>\u00c0 l\u2019heure o\u00f9 la responsabilit\u00e9 environnementale devient un crit\u00e8re cl\u00e9 pour les entreprises, la communication imprim\u00e9e est souvent remise en question. Pourtant, <strong>l\u2019impression n\u2019est pas incompatible avec une d\u00e9marche \u00e9cologique<\/strong>, \u00e0 condition d\u2019adopter les bonnes pratiques.<\/p>\n\n\n\n<p>Mat\u00e9riaux, volumes, localisation de la production, \u00e9nergie utilis\u00e9e\u2026 Chaque d\u00e9cision influence l\u2019empreinte carbone de vos supports. Voici <strong>comment r\u00e9duire concr\u00e8tement l\u2019impact environnemental de vos impressions<\/strong>, sans renoncer \u00e0 l\u2019efficacit\u00e9 ni \u00e0 la qualit\u00e9.<\/p>\n\n\n\n<div style=\"height:40px\" aria-hidden=\"true\" class=\"wp-block-spacer\"><\/div>\n\n\n\n<h2 class=\"wp-block-heading has-large-font-size\"><strong>Pourquoi l\u2019impression a un impact environnemental r\u00e9el<\/strong><\/h2>\n\n\n\n<p>L\u2019impact environnemental de l\u2019impression provient principalement de :<\/p>\n\n\n\n<ul class=\"wp-block-list\">\n<li>la consommation de papier<br><\/li>\n\n\n\n<li>l\u2019\u00e9nergie utilis\u00e9e pour la production<br><\/li>\n\n\n\n<li>le transport des marchandises<br><\/li>\n\n\n\n<li>la gestion des d\u00e9chets<br><\/li>\n<\/ul>\n\n\n\n<p>Lorsque les supports sont import\u00e9s ou produits sans contr\u00f4le environnemental, cet impact augmente fortement. \u00c0 l\u2019inverse, une <strong>impression responsable<\/strong>, pens\u00e9e d\u00e8s la conception, permet de r\u00e9duire significativement ces effets.<\/p>\n\n\n\n<div style=\"height:40px\" aria-hidden=\"true\" class=\"wp-block-spacer\"><\/div>\n\n\n\n<h2 class=\"wp-block-heading has-large-font-size\"><strong>Imprimer moins mais mieux : la premi\u00e8re action \u00e9cologique<\/strong><\/h2>\n\n\n\n<p>Avant m\u00eame de parler de papier ou d\u2019encre, la premi\u00e8re question \u00e0 se poser est simple :<br><strong>ai-je besoin de ces volumes ?<\/strong><\/p>\n\n\n\n<h3 class=\"wp-block-heading\"><strong>Bonnes pratiques :<\/strong><\/h3>\n\n\n\n<ul class=\"wp-block-list\">\n<li>ajuster les tirages aux besoins r\u00e9els<br><\/li>\n\n\n\n<li>mutualiser certains supports<br><\/li>\n\n\n\n<li>privil\u00e9gier des formats polyvalents<br><\/li>\n\n\n\n<li>\u00e9viter les impressions inutiles ou obsol\u00e8tes<br><\/li>\n<\/ul>\n\n\n\n<p>Une communication plus cibl\u00e9e est souvent <strong>plus efficace et plus durable<\/strong>.<\/p>\n\n\n\n<div style=\"height:40px\" aria-hidden=\"true\" class=\"wp-block-spacer\"><\/div>\n\n\n\n<h2 class=\"wp-block-heading has-large-font-size\"><strong>Choisir des mat\u00e9riaux et papiers \u00e9co-responsables<\/strong><\/h2>\n\n\n\n<p>Le choix des mat\u00e9riaux est d\u00e9terminant dans une d\u00e9marche d\u2019<strong>impression \u00e9cologique<\/strong>.<\/p>\n\n\n\n<h3 class=\"wp-block-heading\"><strong>Les options les plus courantes :<\/strong><\/h3>\n\n\n\n<ul class=\"wp-block-list\">\n<li><strong>papier recycl\u00e9<\/strong> ou issu de for\u00eats g\u00e9r\u00e9es durablement<br><\/li>\n\n\n\n<li>papiers certifi\u00e9s environnementalement<br><\/li>\n\n\n\n<li>r\u00e9duction du grammage quand c\u2019est possible<br><\/li>\n\n\n\n<li>encres \u00e0 faible impact<br><\/li>\n<\/ul>\n\n\n\n<p>Ces solutions offrent aujourd\u2019hui un excellent rendu visuel, adapt\u00e9 aussi bien aux <strong>flyers<\/strong>, <strong>brochures<\/strong>, <strong>packaging<\/strong> qu\u2019\u00e0 la <strong>papeterie d\u2019entreprise<\/strong>.<\/p>\n\n\n\n<div style=\"height:40px\" aria-hidden=\"true\" class=\"wp-block-spacer\"><\/div>\n\n\n\n<h2 class=\"wp-block-heading has-large-font-size\"><strong>Impression locale : un levier cl\u00e9 pour r\u00e9duire le carbone<\/strong><\/h2>\n\n\n\n<p>L\u2019un des leviers les plus puissants reste la <strong>localisation de la production<\/strong>.<\/p>\n\n\n\n<p>Imprimer en France permet :<\/p>\n\n\n\n<ul class=\"wp-block-list\">\n<li>de r\u00e9duire drastiquement les distances de transport<br><\/li>\n\n\n\n<li>d\u2019\u00e9viter le fret maritime ou a\u00e9rien<br><\/li>\n\n\n\n<li>de limiter les \u00e9missions de CO\u2082<br><\/li>\n\n\n\n<li>de gagner en r\u00e9activit\u00e9<br><\/li>\n<\/ul>\n\n\n\n<p>Chez J\u2019imprime en France, la production est r\u00e9alis\u00e9e <strong>en interne<\/strong>, dans des ateliers de <strong>5 000 m\u00b2 \u00e0 Toulouse<\/strong>, sans interm\u00e9diaire.<br><\/p>\n\n\n\n<p>R\u00e9sultat : <strong>moins de carbone, plus de ma\u00eetrise<\/strong>.<\/p>\n\n\n\n<div style=\"height:40px\" aria-hidden=\"true\" class=\"wp-block-spacer\"><\/div>\n\n\n\n<h2 class=\"wp-block-heading has-large-font-size\"><strong>Des proc\u00e9d\u00e9s de production plus propres<\/strong><\/h2>\n\n\n\n<p>Une impression \u00e9cologique repose aussi sur les m\u00e9thodes de fabrication :<\/p>\n\n\n\n<ul class=\"wp-block-list\">\n<li>utilisation d\u2019<strong>\u00e9lectricit\u00e9 verte<\/strong><strong><br><\/strong><\/li>\n\n\n\n<li>recyclage syst\u00e9matique des d\u00e9chets<br><\/li>\n\n\n\n<li>optimisation des consommations (papier, \u00e9nergie)<br><\/li>\n\n\n\n<li>contr\u00f4le pr\u00e9cis des impressions pour limiter les rebuts<br><\/li>\n<\/ul>\n\n\n\n<p>Ces pratiques permettent de concilier <strong>performance industrielle et responsabilit\u00e9 environnementale<\/strong>.<\/p>\n\n\n\n<div style=\"height:40px\" aria-hidden=\"true\" class=\"wp-block-spacer\"><\/div>\n\n\n\n<h2 class=\"wp-block-heading has-large-font-size\"><strong>Pour quels supports l\u2019impression \u00e9cologique est-elle la plus pertinente ?<\/strong><\/h2>\n\n\n\n<p>La d\u00e9marche \u00e9co-responsable s\u2019applique \u00e0 tous les supports :<\/p>\n\n\n\n<ul class=\"wp-block-list\">\n<li><strong>Supports marketing<\/strong> : flyers, d\u00e9pliants, affiches<br><\/li>\n\n\n\n<li><strong>Papeterie<\/strong> : cartes de visite, papier \u00e0 en-t\u00eate<br><\/li>\n\n\n\n<li><strong>\u00c9v\u00e9nementiel<\/strong> : kakemonos, stands, b\u00e2ches<br><\/li>\n\n\n\n<li><strong>Packaging &amp; \u00e9tiquettes<\/strong> : valorisation produit<br><\/li>\n<\/ul>\n\n\n\n<p>Pour les <strong>PME, e-commer\u00e7ants, marques et industriels<\/strong>, ces supports deviennent aussi un <strong>argument de cr\u00e9dibilit\u00e9 aupr\u00e8s des clients finaux<\/strong>.<\/p>\n\n\n\n<div style=\"height:40px\" aria-hidden=\"true\" class=\"wp-block-spacer\"><\/div>\n\n\n\n<p>R\u00e9duire l\u2019impact environnemental de vos supports imprim\u00e9s ne signifie pas renoncer \u00e0 la qualit\u00e9 ou \u00e0 l\u2019efficacit\u00e9.<br>Au contraire, une <strong>impression \u00e9cologique bien pens\u00e9e<\/strong> permet :<\/p>\n\n\n\n<ul class=\"wp-block-list\">\n<li>de ma\u00eetriser les co\u00fbts<br><\/li>\n\n\n\n<li>d\u2019am\u00e9liorer l\u2019image de marque<br><\/li>\n\n\n\n<li>de r\u00e9pondre aux attentes r\u00e9glementaires et clients<br><\/li>\n\n\n\n<li>de s\u2019inscrire dans une strat\u00e9gie durable<br><\/li>\n<\/ul>\n\n\n\n<p>En 2026, l\u2019impression responsable n\u2019est plus une option, mais <strong>un choix strat\u00e9gique<\/strong>.<\/p>\n\n\n\n<div style=\"height:20px\" aria-hidden=\"true\" class=\"wp-block-spacer\"><\/div>\n\n\n\n<p><strong>Besoin d\u2019un partenaire d\u2019impression fiable et \u00e9cologique?<\/strong><\/p>\n\n\n\n<p>Faites confiance \u00e0 <strong>J\u2019imprime en France<\/strong>, votre imprimeur bas\u00e9 \u00e0 Toulouse, pour des supports de communication de qualit\u00e9, produits en France avec des d\u00e9lais rapides et un accompagnement personnalis\u00e9.<\/p>\n\n\n\n<p>&#x1f4de; Contactez d\u00e8s maintenant notre \u00e9quipe au <strong>05 31 61 99 41<\/strong><br>&#x1f4e7; ou par email : <strong><a>contact@jimprimeenfrance.fr<\/a><\/strong><\/p>\n\n\n\n<p>Nous serons ravis de vous conseiller et de donner vie \u00e0 tous vos projets d\u2019impression.<\/p>\n","protected":false},"excerpt":{"rendered":"<p>\u00c0 l\u2019heure o\u00f9 la responsabilit\u00e9 environnementale devient un crit\u00e8re cl\u00e9 pour les entreprises, la communication imprim\u00e9e est souvent remise en question. Pourtant, l\u2019impression n\u2019est pas incompatible avec une d\u00e9marche \u00e9cologique, \u00e0 condition d\u2019adopter les bonnes pratiques. Mat\u00e9riaux, volumes, localisation de la production, \u00e9nergie utilis\u00e9e\u2026 Chaque d\u00e9cision influence l\u2019empreinte carbone de vos supports. Voici comment r\u00e9duire [&hellip;]<\/p>\n","protected":false},"author":1,"featured_media":8110,"comment_status":"open","ping_status":"open","sticky":false,"template":"","format":"standard","meta":{"_editorskit_title_hidden":false,"_editorskit_reading_time":0,"_editorskit_is_block_options_detached":false,"_editorskit_block_options_position":"{}","footnotes":""},"categories":[1],"tags":[],"class_list":["post-8108","post","type-post","status-publish","format-standard","has-post-thumbnail","hentry","category-non-classe"],"yoast_head":"<!-- This site is optimized with the Yoast SEO plugin v27.5 - https:\/\/yoast.com\/product\/yoast-seo-wordpress\/ -->\r\n<title>Impression \u00e9cologique : comment r\u00e9duire l\u2019impact environnemental de vos supports imprim\u00e9s - Votre imprimerie en ligne, le blog<\/title>\r\n<meta name=\"description\" content=\"Impression \u00e9cologique : mat\u00e9riaux, production locale et bonnes pratiques pour r\u00e9duire l\u2019impact environnemental.\" \/>\r\n<meta name=\"robots\" content=\"index, follow, max-snippet:-1, max-image-preview:large, max-video-preview:-1\" \/>\r\n<link rel=\"canonical\" href=\"https:\/\/www.jimprimeenfrance.fr\/blog\/impression-ecologique-comment-reduire-limpact-environnemental-de-vos-supports-imprimes\/\" \/>\r\n<meta property=\"og:locale\" content=\"fr_FR\" \/>\r\n<meta property=\"og:type\" content=\"article\" \/>\r\n<meta property=\"og:title\" content=\"Impression \u00e9cologique : comment r\u00e9duire l\u2019impact environnemental de vos supports imprim\u00e9s - Votre imprimerie en ligne, le blog\" \/>\r\n<meta property=\"og:description\" content=\"Impression \u00e9cologique : mat\u00e9riaux, production locale et bonnes pratiques pour r\u00e9duire l\u2019impact environnemental.\" \/>\r\n<meta property=\"og:url\" content=\"https:\/\/www.jimprimeenfrance.fr\/blog\/impression-ecologique-comment-reduire-limpact-environnemental-de-vos-supports-imprimes\/\" \/>\r\n<meta property=\"og:site_name\" content=\"Votre imprimerie en ligne, le blog\" \/>\r\n<meta property=\"article:publisher\" content=\"https:\/\/www.facebook.com\/PrintBasPrix\" \/>\r\n<meta property=\"article:published_time\" content=\"2026-02-24T08:14:41+00:00\" \/>\r\n<meta property=\"article:modified_time\" content=\"2026-03-06T09:51:44+00:00\" \/>\r\n<meta property=\"og:image\" content=\"https:\/\/www.jimprimeenfrance.fr\/blog\/wp-content\/uploads\/2026\/01\/Articles-MPJEF-2.png\" \/>\r\n\t<meta property=\"og:image:width\" content=\"864\" \/>\r\n\t<meta property=\"og:image:height\" content=\"432\" \/>\r\n\t<meta property=\"og:image:type\" content=\"image\/png\" \/>\r\n<meta name=\"author\" content=\"Alyz\u00e9e\" \/>\r\n<meta name=\"twitter:card\" content=\"summary_large_image\" \/>\r\n<meta name=\"twitter:creator\" content=\"@PrintBasPrix\" \/>\r\n<meta name=\"twitter:site\" content=\"@PrintBasPrix\" \/>\r\n<meta name=\"twitter:label1\" content=\"\u00c9crit par\" \/>\n\t<meta name=\"twitter:data1\" content=\"Alyz\u00e9e\" \/>\n\t<meta name=\"twitter:label2\" content=\"Dur\u00e9e de lecture estim\u00e9e\" \/>\n\t<meta name=\"twitter:data2\" content=\"4 minutes\" \/>\r\n<script type=\"application\/ld+json\" class=\"yoast-schema-graph\">{\"@context\":\"https:\\\/\\\/schema.org\",\"@graph\":[{\"@type\":\"Article\",\"@id\":\"https:\\\/\\\/www.jimprimeenfrance.fr\\\/blog\\\/impression-ecologique-comment-reduire-limpact-environnemental-de-vos-supports-imprimes\\\/#article\",\"isPartOf\":{\"@id\":\"https:\\\/\\\/www.jimprimeenfrance.fr\\\/blog\\\/impression-ecologique-comment-reduire-limpact-environnemental-de-vos-supports-imprimes\\\/\"},\"author\":{\"name\":\"Alyz\u00e9e\",\"@id\":\"https:\\\/\\\/www.jimprimeenfrance.fr\\\/blog\\\/#\\\/schema\\\/person\\\/c5908efce65874ac39978f5a0ce6e195\"},\"headline\":\"Impression \u00e9cologique : comment r\u00e9duire l\u2019impact environnemental de vos supports imprim\u00e9s\",\"datePublished\":\"2026-02-24T08:14:41+00:00\",\"dateModified\":\"2026-03-06T09:51:44+00:00\",\"mainEntityOfPage\":{\"@id\":\"https:\\\/\\\/www.jimprimeenfrance.fr\\\/blog\\\/impression-ecologique-comment-reduire-limpact-environnemental-de-vos-supports-imprimes\\\/\"},\"wordCount\":655,\"commentCount\":0,\"publisher\":{\"@id\":\"https:\\\/\\\/www.jimprimeenfrance.fr\\\/blog\\\/#organization\"},\"image\":{\"@id\":\"https:\\\/\\\/www.jimprimeenfrance.fr\\\/blog\\\/impression-ecologique-comment-reduire-limpact-environnemental-de-vos-supports-imprimes\\\/#primaryimage\"},\"thumbnailUrl\":\"https:\\\/\\\/www.jimprimeenfrance.fr\\\/blog\\\/wp-content\\\/uploads\\\/2026\\\/01\\\/Articles-MPJEF-2.png\",\"inLanguage\":\"fr-FR\",\"potentialAction\":[{\"@type\":\"CommentAction\",\"name\":\"Comment\",\"target\":[\"https:\\\/\\\/www.jimprimeenfrance.fr\\\/blog\\\/impression-ecologique-comment-reduire-limpact-environnemental-de-vos-supports-imprimes\\\/#respond\"]}]},{\"@type\":\"WebPage\",\"@id\":\"https:\\\/\\\/www.jimprimeenfrance.fr\\\/blog\\\/impression-ecologique-comment-reduire-limpact-environnemental-de-vos-supports-imprimes\\\/\",\"url\":\"https:\\\/\\\/www.jimprimeenfrance.fr\\\/blog\\\/impression-ecologique-comment-reduire-limpact-environnemental-de-vos-supports-imprimes\\\/\",\"name\":\"Impression \u00e9cologique : comment r\u00e9duire l\u2019impact environnemental de vos supports imprim\u00e9s - Votre imprimerie en ligne, le blog\",\"isPartOf\":{\"@id\":\"https:\\\/\\\/www.jimprimeenfrance.fr\\\/blog\\\/#website\"},\"primaryImageOfPage\":{\"@id\":\"https:\\\/\\\/www.jimprimeenfrance.fr\\\/blog\\\/impression-ecologique-comment-reduire-limpact-environnemental-de-vos-supports-imprimes\\\/#primaryimage\"},\"image\":{\"@id\":\"https:\\\/\\\/www.jimprimeenfrance.fr\\\/blog\\\/impression-ecologique-comment-reduire-limpact-environnemental-de-vos-supports-imprimes\\\/#primaryimage\"},\"thumbnailUrl\":\"https:\\\/\\\/www.jimprimeenfrance.fr\\\/blog\\\/wp-content\\\/uploads\\\/2026\\\/01\\\/Articles-MPJEF-2.png\",\"datePublished\":\"2026-02-24T08:14:41+00:00\",\"dateModified\":\"2026-03-06T09:51:44+00:00\",\"description\":\"Impression \u00e9cologique : mat\u00e9riaux, production locale et bonnes pratiques pour r\u00e9duire l\u2019impact environnemental.\",\"breadcrumb\":{\"@id\":\"https:\\\/\\\/www.jimprimeenfrance.fr\\\/blog\\\/impression-ecologique-comment-reduire-limpact-environnemental-de-vos-supports-imprimes\\\/#breadcrumb\"},\"inLanguage\":\"fr-FR\",\"potentialAction\":[{\"@type\":\"ReadAction\",\"target\":[\"https:\\\/\\\/www.jimprimeenfrance.fr\\\/blog\\\/impression-ecologique-comment-reduire-limpact-environnemental-de-vos-supports-imprimes\\\/\"]}]},{\"@type\":\"ImageObject\",\"inLanguage\":\"fr-FR\",\"@id\":\"https:\\\/\\\/www.jimprimeenfrance.fr\\\/blog\\\/impression-ecologique-comment-reduire-limpact-environnemental-de-vos-supports-imprimes\\\/#primaryimage\",\"url\":\"https:\\\/\\\/www.jimprimeenfrance.fr\\\/blog\\\/wp-content\\\/uploads\\\/2026\\\/01\\\/Articles-MPJEF-2.png\",\"contentUrl\":\"https:\\\/\\\/www.jimprimeenfrance.fr\\\/blog\\\/wp-content\\\/uploads\\\/2026\\\/01\\\/Articles-MPJEF-2.png\",\"width\":864,\"height\":432},{\"@type\":\"BreadcrumbList\",\"@id\":\"https:\\\/\\\/www.jimprimeenfrance.fr\\\/blog\\\/impression-ecologique-comment-reduire-limpact-environnemental-de-vos-supports-imprimes\\\/#breadcrumb\",\"itemListElement\":[{\"@type\":\"ListItem\",\"position\":1,\"name\":\"Accueil\",\"item\":\"https:\\\/\\\/www.jimprimeenfrance.fr\\\/blog\\\/\"},{\"@type\":\"ListItem\",\"position\":2,\"name\":\"Impression \u00e9cologique : comment r\u00e9duire l\u2019impact environnemental de vos supports imprim\u00e9s\"}]},{\"@type\":\"WebSite\",\"@id\":\"https:\\\/\\\/www.jimprimeenfrance.fr\\\/blog\\\/#website\",\"url\":\"https:\\\/\\\/www.jimprimeenfrance.fr\\\/blog\\\/\",\"name\":\"Votre imprimerie en ligne, le blog\",\"description\":\"Impressionnez et faites bonne impression avec nos conseils d&#039;imprimerie online\",\"publisher\":{\"@id\":\"https:\\\/\\\/www.jimprimeenfrance.fr\\\/blog\\\/#organization\"},\"potentialAction\":[{\"@type\":\"SearchAction\",\"target\":{\"@type\":\"EntryPoint\",\"urlTemplate\":\"https:\\\/\\\/www.jimprimeenfrance.fr\\\/blog\\\/?s={search_term_string}\"},\"query-input\":{\"@type\":\"PropertyValueSpecification\",\"valueRequired\":true,\"valueName\":\"search_term_string\"}}],\"inLanguage\":\"fr-FR\"},{\"@type\":\"Organization\",\"@id\":\"https:\\\/\\\/www.jimprimeenfrance.fr\\\/blog\\\/#organization\",\"name\":\"PrintBasPrix - Imprimerie en ligne\",\"url\":\"https:\\\/\\\/www.jimprimeenfrance.fr\\\/blog\\\/\",\"logo\":{\"@type\":\"ImageObject\",\"inLanguage\":\"fr-FR\",\"@id\":\"https:\\\/\\\/www.jimprimeenfrance.fr\\\/blog\\\/#\\\/schema\\\/logo\\\/image\\\/\",\"url\":\"https:\\\/\\\/www.jimprimeenfrance.fr\\\/blog\\\/wp-content\\\/uploads\\\/2018\\\/07\\\/cropped-printbasprix-imprimeur-en-ligne.png\",\"contentUrl\":\"https:\\\/\\\/www.jimprimeenfrance.fr\\\/blog\\\/wp-content\\\/uploads\\\/2018\\\/07\\\/cropped-printbasprix-imprimeur-en-ligne.png\",\"width\":361,\"height\":86,\"caption\":\"PrintBasPrix - Imprimerie en ligne\"},\"image\":{\"@id\":\"https:\\\/\\\/www.jimprimeenfrance.fr\\\/blog\\\/#\\\/schema\\\/logo\\\/image\\\/\"},\"sameAs\":[\"https:\\\/\\\/www.facebook.com\\\/PrintBasPrix\",\"https:\\\/\\\/x.com\\\/PrintBasPrix\",\"https:\\\/\\\/www.instagram.com\\\/printbasprix\\\/\",\"https:\\\/\\\/www.linkedin.com\\\/company\\\/printbasprix\\\/\",\"https:\\\/\\\/www.youtube.com\\\/channel\\\/UC0Ysbd0Gbzzp0yMgrfNQqug\"]},{\"@type\":\"Person\",\"@id\":\"https:\\\/\\\/www.jimprimeenfrance.fr\\\/blog\\\/#\\\/schema\\\/person\\\/c5908efce65874ac39978f5a0ce6e195\",\"name\":\"Alyz\u00e9e\",\"image\":{\"@type\":\"ImageObject\",\"inLanguage\":\"fr-FR\",\"@id\":\"https:\\\/\\\/secure.gravatar.com\\\/avatar\\\/a29acbd2174611e826f7d881823703b38d7670f74c32c8b99d13ba9b25f07eff?s=96&r=g\",\"url\":\"https:\\\/\\\/secure.gravatar.com\\\/avatar\\\/a29acbd2174611e826f7d881823703b38d7670f74c32c8b99d13ba9b25f07eff?s=96&r=g\",\"contentUrl\":\"https:\\\/\\\/secure.gravatar.com\\\/avatar\\\/a29acbd2174611e826f7d881823703b38d7670f74c32c8b99d13ba9b25f07eff?s=96&r=g\",\"caption\":\"Alyz\u00e9e\"},\"url\":\"https:\\\/\\\/www.jimprimeenfrance.fr\\\/blog\\\/author\\\/fabien\\\/\"}]}<\/script>\r\n<!-- \/ Yoast SEO plugin. -->","yoast_head_json":{"title":"Impression \u00e9cologique : comment r\u00e9duire l\u2019impact environnemental de vos supports imprim\u00e9s - Votre imprimerie en ligne, le blog","description":"Impression \u00e9cologique : mat\u00e9riaux, production locale et bonnes pratiques pour r\u00e9duire l\u2019impact environnemental.","robots":{"index":"index","follow":"follow","max-snippet":"max-snippet:-1","max-image-preview":"max-image-preview:large","max-video-preview":"max-video-preview:-1"},"canonical":"https:\/\/www.jimprimeenfrance.fr\/blog\/impression-ecologique-comment-reduire-limpact-environnemental-de-vos-supports-imprimes\/","og_locale":"fr_FR","og_type":"article","og_title":"Impression \u00e9cologique : comment r\u00e9duire l\u2019impact environnemental de vos supports imprim\u00e9s - Votre imprimerie en ligne, le blog","og_description":"Impression \u00e9cologique : mat\u00e9riaux, production locale et bonnes pratiques pour r\u00e9duire l\u2019impact environnemental.","og_url":"https:\/\/www.jimprimeenfrance.fr\/blog\/impression-ecologique-comment-reduire-limpact-environnemental-de-vos-supports-imprimes\/","og_site_name":"Votre imprimerie en ligne, le blog","article_publisher":"https:\/\/www.facebook.com\/PrintBasPrix","article_published_time":"2026-02-24T08:14:41+00:00","article_modified_time":"2026-03-06T09:51:44+00:00","og_image":[{"width":864,"height":432,"url":"https:\/\/www.jimprimeenfrance.fr\/blog\/wp-content\/uploads\/2026\/01\/Articles-MPJEF-2.png","type":"image\/png"}],"author":"Alyz\u00e9e","twitter_card":"summary_large_image","twitter_creator":"@PrintBasPrix","twitter_site":"@PrintBasPrix","twitter_misc":{"\u00c9crit par":"Alyz\u00e9e","Dur\u00e9e de lecture estim\u00e9e":"4 minutes"},"schema":{"@context":"https:\/\/schema.org","@graph":[{"@type":"Article","@id":"https:\/\/www.jimprimeenfrance.fr\/blog\/impression-ecologique-comment-reduire-limpact-environnemental-de-vos-supports-imprimes\/#article","isPartOf":{"@id":"https:\/\/www.jimprimeenfrance.fr\/blog\/impression-ecologique-comment-reduire-limpact-environnemental-de-vos-supports-imprimes\/"},"author":{"name":"Alyz\u00e9e","@id":"https:\/\/www.jimprimeenfrance.fr\/blog\/#\/schema\/person\/c5908efce65874ac39978f5a0ce6e195"},"headline":"Impression \u00e9cologique : comment r\u00e9duire l\u2019impact environnemental de vos supports imprim\u00e9s","datePublished":"2026-02-24T08:14:41+00:00","dateModified":"2026-03-06T09:51:44+00:00","mainEntityOfPage":{"@id":"https:\/\/www.jimprimeenfrance.fr\/blog\/impression-ecologique-comment-reduire-limpact-environnemental-de-vos-supports-imprimes\/"},"wordCount":655,"commentCount":0,"publisher":{"@id":"https:\/\/www.jimprimeenfrance.fr\/blog\/#organization"},"image":{"@id":"https:\/\/www.jimprimeenfrance.fr\/blog\/impression-ecologique-comment-reduire-limpact-environnemental-de-vos-supports-imprimes\/#primaryimage"},"thumbnailUrl":"https:\/\/www.jimprimeenfrance.fr\/blog\/wp-content\/uploads\/2026\/01\/Articles-MPJEF-2.png","inLanguage":"fr-FR","potentialAction":[{"@type":"CommentAction","name":"Comment","target":["https:\/\/www.jimprimeenfrance.fr\/blog\/impression-ecologique-comment-reduire-limpact-environnemental-de-vos-supports-imprimes\/#respond"]}]},{"@type":"WebPage","@id":"https:\/\/www.jimprimeenfrance.fr\/blog\/impression-ecologique-comment-reduire-limpact-environnemental-de-vos-supports-imprimes\/","url":"https:\/\/www.jimprimeenfrance.fr\/blog\/impression-ecologique-comment-reduire-limpact-environnemental-de-vos-supports-imprimes\/","name":"Impression \u00e9cologique : comment r\u00e9duire l\u2019impact environnemental de vos supports imprim\u00e9s - Votre imprimerie en ligne, le blog","isPartOf":{"@id":"https:\/\/www.jimprimeenfrance.fr\/blog\/#website"},"primaryImageOfPage":{"@id":"https:\/\/www.jimprimeenfrance.fr\/blog\/impression-ecologique-comment-reduire-limpact-environnemental-de-vos-supports-imprimes\/#primaryimage"},"image":{"@id":"https:\/\/www.jimprimeenfrance.fr\/blog\/impression-ecologique-comment-reduire-limpact-environnemental-de-vos-supports-imprimes\/#primaryimage"},"thumbnailUrl":"https:\/\/www.jimprimeenfrance.fr\/blog\/wp-content\/uploads\/2026\/01\/Articles-MPJEF-2.png","datePublished":"2026-02-24T08:14:41+00:00","dateModified":"2026-03-06T09:51:44+00:00","description":"Impression \u00e9cologique : mat\u00e9riaux, production locale et bonnes pratiques pour r\u00e9duire l\u2019impact environnemental.","breadcrumb":{"@id":"https:\/\/www.jimprimeenfrance.fr\/blog\/impression-ecologique-comment-reduire-limpact-environnemental-de-vos-supports-imprimes\/#breadcrumb"},"inLanguage":"fr-FR","potentialAction":[{"@type":"ReadAction","target":["https:\/\/www.jimprimeenfrance.fr\/blog\/impression-ecologique-comment-reduire-limpact-environnemental-de-vos-supports-imprimes\/"]}]},{"@type":"ImageObject","inLanguage":"fr-FR","@id":"https:\/\/www.jimprimeenfrance.fr\/blog\/impression-ecologique-comment-reduire-limpact-environnemental-de-vos-supports-imprimes\/#primaryimage","url":"https:\/\/www.jimprimeenfrance.fr\/blog\/wp-content\/uploads\/2026\/01\/Articles-MPJEF-2.png","contentUrl":"https:\/\/www.jimprimeenfrance.fr\/blog\/wp-content\/uploads\/2026\/01\/Articles-MPJEF-2.png","width":864,"height":432},{"@type":"BreadcrumbList","@id":"https:\/\/www.jimprimeenfrance.fr\/blog\/impression-ecologique-comment-reduire-limpact-environnemental-de-vos-supports-imprimes\/#breadcrumb","itemListElement":[{"@type":"ListItem","position":1,"name":"Accueil","item":"https:\/\/www.jimprimeenfrance.fr\/blog\/"},{"@type":"ListItem","position":2,"name":"Impression \u00e9cologique : comment r\u00e9duire l\u2019impact environnemental de vos supports imprim\u00e9s"}]},{"@type":"WebSite","@id":"https:\/\/www.jimprimeenfrance.fr\/blog\/#website","url":"https:\/\/www.jimprimeenfrance.fr\/blog\/","name":"Votre imprimerie en ligne, le blog","description":"Impressionnez et faites bonne impression avec nos conseils d&#039;imprimerie online","publisher":{"@id":"https:\/\/www.jimprimeenfrance.fr\/blog\/#organization"},"potentialAction":[{"@type":"SearchAction","target":{"@type":"EntryPoint","urlTemplate":"https:\/\/www.jimprimeenfrance.fr\/blog\/?s={search_term_string}"},"query-input":{"@type":"PropertyValueSpecification","valueRequired":true,"valueName":"search_term_string"}}],"inLanguage":"fr-FR"},{"@type":"Organization","@id":"https:\/\/www.jimprimeenfrance.fr\/blog\/#organization","name":"PrintBasPrix - Imprimerie en ligne","url":"https:\/\/www.jimprimeenfrance.fr\/blog\/","logo":{"@type":"ImageObject","inLanguage":"fr-FR","@id":"https:\/\/www.jimprimeenfrance.fr\/blog\/#\/schema\/logo\/image\/","url":"https:\/\/www.jimprimeenfrance.fr\/blog\/wp-content\/uploads\/2018\/07\/cropped-printbasprix-imprimeur-en-ligne.png","contentUrl":"https:\/\/www.jimprimeenfrance.fr\/blog\/wp-content\/uploads\/2018\/07\/cropped-printbasprix-imprimeur-en-ligne.png","width":361,"height":86,"caption":"PrintBasPrix - Imprimerie en ligne"},"image":{"@id":"https:\/\/www.jimprimeenfrance.fr\/blog\/#\/schema\/logo\/image\/"},"sameAs":["https:\/\/www.facebook.com\/PrintBasPrix","https:\/\/x.com\/PrintBasPrix","https:\/\/www.instagram.com\/printbasprix\/","https:\/\/www.linkedin.com\/company\/printbasprix\/","https:\/\/www.youtube.com\/channel\/UC0Ysbd0Gbzzp0yMgrfNQqug"]},{"@type":"Person","@id":"https:\/\/www.jimprimeenfrance.fr\/blog\/#\/schema\/person\/c5908efce65874ac39978f5a0ce6e195","name":"Alyz\u00e9e","image":{"@type":"ImageObject","inLanguage":"fr-FR","@id":"https:\/\/secure.gravatar.com\/avatar\/a29acbd2174611e826f7d881823703b38d7670f74c32c8b99d13ba9b25f07eff?s=96&r=g","url":"https:\/\/secure.gravatar.com\/avatar\/a29acbd2174611e826f7d881823703b38d7670f74c32c8b99d13ba9b25f07eff?s=96&r=g","contentUrl":"https:\/\/secure.gravatar.com\/avatar\/a29acbd2174611e826f7d881823703b38d7670f74c32c8b99d13ba9b25f07eff?s=96&r=g","caption":"Alyz\u00e9e"},"url":"https:\/\/www.jimprimeenfrance.fr\/blog\/author\/fabien\/"}]}},"_links":{"self":[{"href":"https:\/\/www.jimprimeenfrance.fr\/blog\/wp-json\/wp\/v2\/posts\/8108","targetHints":{"allow":["GET"]}}],"collection":[{"href":"https:\/\/www.jimprimeenfrance.fr\/blog\/wp-json\/wp\/v2\/posts"}],"about":[{"href":"https:\/\/www.jimprimeenfrance.fr\/blog\/wp-json\/wp\/v2\/types\/post"}],"author":[{"embeddable":true,"href":"https:\/\/www.jimprimeenfrance.fr\/blog\/wp-json\/wp\/v2\/users\/1"}],"replies":[{"embeddable":true,"href":"https:\/\/www.jimprimeenfrance.fr\/blog\/wp-json\/wp\/v2\/comments?post=8108"}],"version-history":[{"count":2,"href":"https:\/\/www.jimprimeenfrance.fr\/blog\/wp-json\/wp\/v2\/posts\/8108\/revisions"}],"predecessor-version":[{"id":8126,"href":"https:\/\/www.jimprimeenfrance.fr\/blog\/wp-json\/wp\/v2\/posts\/8108\/revisions\/8126"}],"wp:featuredmedia":[{"embeddable":true,"href":"https:\/\/www.jimprimeenfrance.fr\/blog\/wp-json\/wp\/v2\/media\/8110"}],"wp:attachment":[{"href":"https:\/\/www.jimprimeenfrance.fr\/blog\/wp-json\/wp\/v2\/media?parent=8108"}],"wp:term":[{"taxonomy":"category","embeddable":true,"href":"https:\/\/www.jimprimeenfrance.fr\/blog\/wp-json\/wp\/v2\/categories?post=8108"},{"taxonomy":"post_tag","embeddable":true,"href":"https:\/\/www.jimprimeenfrance.fr\/blog\/wp-json\/wp\/v2\/tags?post=8108"}],"curies":[{"name":"wp","href":"https:\/\/api.w.org\/{rel}","templated":true}]}}