{"id":8099,"date":"2026-01-14T15:12:40","date_gmt":"2026-01-14T14:12:40","guid":{"rendered":"https:\/\/www.jimprimeenfrance.fr\/blog\/?p=8099"},"modified":"2026-01-14T15:12:51","modified_gmt":"2026-01-14T14:12:51","slug":"impression-ecologique-pourquoi-choisir-un-imprimeur-francais-plutot-que-limportation","status":"publish","type":"post","link":"https:\/\/www.jimprimeenfrance.fr\/blog\/impression-ecologique-pourquoi-choisir-un-imprimeur-francais-plutot-que-limportation\/","title":{"rendered":"Impression \u00e9cologique : pourquoi choisir un imprimeur fran\u00e7ais plut\u00f4t que l\u2019importation ?"},"content":{"rendered":"\n<p>Face aux enjeux climatiques, l\u2019<strong>impression \u00e9cologique<\/strong> s\u2019impose comme une \u00e9vidence pour les entreprises, les collectivit\u00e9s et les cr\u00e9ateurs de marques.<br>Mais concr\u00e8tement, quel est l\u2019impact environnemental de vos supports imprim\u00e9s ? Et surtout, pourquoi faire appel \u00e0 un <strong>imprimeur fran\u00e7ais<\/strong> change r\u00e9ellement la donne ?<\/p>\n\n\n\n<p>Comparons l\u2019impression locale et l\u2019importation sous l\u2019angle du <strong>carbone, de la qualit\u00e9 et de la responsabilit\u00e9 environnementale<\/strong>.<\/p>\n\n\n\n<div style=\"height:40px\" aria-hidden=\"true\" class=\"wp-block-spacer\"><\/div>\n\n\n\n<h2 class=\"wp-block-heading has-large-font-size\"><strong>Impression \u00e9cologique : de quoi parle-t-on vraiment ?<\/strong><\/h2>\n\n\n\n<p>L\u2019<strong>impression \u00e9cologique<\/strong> ne se limite pas \u00e0 choisir un papier recycl\u00e9. Elle repose sur une approche globale :<\/p>\n\n\n\n<ul class=\"wp-block-list\">\n<li>Lieu de production des supports imprim\u00e9s<br><\/li>\n\n\n\n<li>Origine des papiers et des encres<br><\/li>\n\n\n\n<li>M\u00e9thodes d\u2019impression et consommation \u00e9nerg\u00e9tique<br><\/li>\n\n\n\n<li>Transport et logistique<br><\/li>\n\n\n\n<li>Gestion des d\u00e9chets et recyclage<br><\/li>\n<\/ul>\n\n\n\n<p>Un <strong>imprimeur fran\u00e7ais<\/strong> engag\u00e9 ma\u00eetrise l\u2019ensemble de cette cha\u00eene, ce qui permet de r\u00e9duire significativement l\u2019empreinte carbone.<\/p>\n\n\n\n<div style=\"height:40px\" aria-hidden=\"true\" class=\"wp-block-spacer\"><\/div>\n\n\n\n<h2 class=\"wp-block-heading has-large-font-size\"><strong>Importation de supports imprim\u00e9s : un frein \u00e0 l\u2019impression \u00e9cologique<\/strong><\/h2>\n\n\n\n<p>Les produits imprim\u00e9s import\u00e9s parcourent souvent plusieurs milliers de kilom\u00e8tres avant d\u2019arriver chez vous.<\/p>\n\n\n\n<h3 class=\"wp-block-heading\"><strong>Les limites environnementales de l\u2019impression import\u00e9e :<\/strong><\/h3>\n\n\n\n<ul class=\"wp-block-list\">\n<li>Transport maritime ou a\u00e9rien fortement \u00e9metteur de CO\u2082<br><\/li>\n\n\n\n<li>Normes \u00e9cologiques variables et parfois inexistantes<br><\/li>\n\n\n\n<li>Manque de transparence sur les proc\u00e9d\u00e9s d\u2019impression<br><\/li>\n\n\n\n<li>Surproduction pour rentabiliser les co\u00fbts de transport<br><\/li>\n<\/ul>\n\n\n\n<p>R\u00e9sultat : une <strong>impression peu \u00e9cologique<\/strong>, malgr\u00e9 un prix parfois attractif.<\/p>\n\n\n\n<div style=\"height:40px\" aria-hidden=\"true\" class=\"wp-block-spacer\"><\/div>\n\n\n\n<h2 class=\"wp-block-heading has-large-font-size\"><strong>Imprimeur fran\u00e7ais : un choix cl\u00e9 pour une impression \u00e9cologique<\/strong><\/h2>\n\n\n\n<p>Faire appel \u00e0 un <strong>imprimeur fran\u00e7ais<\/strong>, c\u2019est faire un choix responsable, durable et coh\u00e9rent.<\/p>\n\n\n\n<h3 class=\"wp-block-heading\"><strong>Les avantages concrets d\u2019un imprimeur fran\u00e7ais :<\/strong><\/h3>\n\n\n\n<ul class=\"wp-block-list\">\n<li>Production locale limitant les \u00e9missions li\u00e9es au transport<br><\/li>\n\n\n\n<li>Respect strict des normes environnementales fran\u00e7aises et europ\u00e9ennes<br><\/li>\n\n\n\n<li>Tra\u00e7abilit\u00e9 compl\u00e8te des mat\u00e9riaux utilis\u00e9s<br><\/li>\n\n\n\n<li>Meilleure ma\u00eetrise des volumes et des d\u00e9lais<br><\/li>\n\n\n\n<li>Soutien \u00e0 l\u2019\u00e9conomie et aux savoir-faire fran\u00e7ais<br><\/li>\n<\/ul>\n\n\n\n<p>Chez <strong>j\u2019imprime en France<\/strong>, tous nos produits sont con\u00e7us et imprim\u00e9s en France, sans exception.<\/p>\n\n\n\n<div style=\"height:40px\" aria-hidden=\"true\" class=\"wp-block-spacer\"><\/div>\n\n\n\n<h2 class=\"wp-block-heading has-large-font-size\"><strong>Pourquoi l\u2019impression locale est plus \u00e9cologique<\/strong><\/h2>\n\n\n\n<p>L\u2019impression locale est l\u2019un des piliers de l\u2019<strong>impression \u00e9cologique<\/strong>.<\/p>\n\n\n\n<ul class=\"wp-block-list\">\n<li>Moins de transport = moins d\u2019\u00e9missions carbone<br><\/li>\n\n\n\n<li>Imprimeries fran\u00e7aises soumises \u00e0 des r\u00e9glementations strictes<br><\/li>\n\n\n\n<li>Papiers certifi\u00e9s et fili\u00e8res responsables<br><\/li>\n\n\n\n<li>Proc\u00e9d\u00e9s d\u2019impression plus propres et mieux contr\u00f4l\u00e9s<br><\/li>\n<\/ul>\n\n\n\n<p>Un <strong>imprimeur fran\u00e7ais<\/strong> r\u00e9duit l\u2019impact environnemental \u00e0 chaque \u00e9tape du processus.<\/p>\n\n\n\n<div style=\"height:40px\" aria-hidden=\"true\" class=\"wp-block-spacer\"><\/div>\n\n\n\n<h2 class=\"wp-block-heading has-large-font-size\"><strong>Une large gamme de produits pour une impression \u00e9cologique made in France<\/strong><\/h2>\n\n\n\n<p>Choisir l\u2019<strong>impression \u00e9cologique<\/strong> ne signifie pas renoncer au choix ou \u00e0 la qualit\u00e9.<\/p>\n\n\n\n<p>Chez <strong>j\u2019imprime en France<\/strong>, imprimeur fran\u00e7ais engag\u00e9, nous proposons une large gamme de produits imprim\u00e9s localement :<\/p>\n\n\n\n<ul class=\"wp-block-list\">\n<li>Flyers et d\u00e9pliants<br><\/li>\n\n\n\n<li>Cartes de visite<br><\/li>\n\n\n\n<li>Affiches et posters<br><\/li>\n\n\n\n<li>Brochures et catalogues<br><\/li>\n\n\n\n<li>Papeterie professionnelle<br><\/li>\n\n\n\n<li>Supports de communication grand format<br><\/li>\n<\/ul>\n\n\n\n<p>Tous ces produits b\u00e9n\u00e9ficient d\u2019une <strong>impression \u00e9cologique<\/strong>, r\u00e9alis\u00e9e en France.<\/p>\n\n\n\n<div style=\"height:40px\" aria-hidden=\"true\" class=\"wp-block-spacer\"><\/div>\n\n\n\n<h2 class=\"wp-block-heading has-large-font-size\"><strong>Impression \u00e9cologique vs impression import\u00e9e : le comparatif<\/strong><\/h2>\n\n\n\n<figure class=\"wp-block-table\"><table class=\"has-fixed-layout\"><tbody><tr><td><strong>Crit\u00e8res<\/strong><\/td><td><strong>Imprimeur fran\u00e7ais (impression \u00e9cologique)<\/strong><\/td><td><strong>Impression import\u00e9e<\/strong><\/td><\/tr><tr><td>Transport<\/td><td>Faible<\/td><td>Tr\u00e8s \u00e9lev\u00e9<\/td><\/tr><tr><td>Empreinte carbone<\/td><td>R\u00e9duite<\/td><td>Importante<\/td><\/tr><tr><td>Normes environnementales<\/td><td>Strictes<\/td><td>Variables<\/td><\/tr><tr><td>Tra\u00e7abilit\u00e9&nbsp;<\/td><td>Totale<\/td><td>Limit\u00e9e<\/td><\/tr><tr><td>D\u00e9lais<\/td><td>Courts<\/td><td>Longs<\/td><\/tr><tr><td>Impact \u00e9conomique<\/td><td>Local et positif<\/td><td>D\u00e9localis\u00e9<\/td><\/tr><\/tbody><\/table><\/figure>\n\n\n\n<div style=\"height:40px\" aria-hidden=\"true\" class=\"wp-block-spacer\"><\/div>\n\n\n\n<h2 class=\"wp-block-heading has-large-font-size\"><strong>Pourquoi choisir j\u2019imprime en France comme imprimeur fran\u00e7ais<\/strong><\/h2>\n\n\n\n<p>En tant qu\u2019<strong>imprimeur fran\u00e7ais<\/strong>, <strong>j\u2019imprime en France<\/strong> s\u2019engage \u00e0 :<\/p>\n\n\n\n<ul class=\"wp-block-list\">\n<li>Proposer une <strong>impression \u00e9cologique<\/strong> accessible<br><\/li>\n\n\n\n<li>Imprimer exclusivement en France<br><\/li>\n\n\n\n<li>R\u00e9duire l\u2019impact carbone de vos supports<br><\/li>\n\n\n\n<li>Valoriser votre image de marque responsable<br><\/li>\n\n\n\n<li>Offrir qualit\u00e9, r\u00e9activit\u00e9 et transparence<br><\/li>\n<\/ul>\n\n\n\n<p>Chaque projet imprim\u00e9 devient un <strong>engagement environnemental concret<\/strong>.<\/p>\n","protected":false},"excerpt":{"rendered":"<p>Face aux enjeux climatiques, l\u2019impression \u00e9cologique s\u2019impose comme une \u00e9vidence pour les entreprises, les collectivit\u00e9s et les cr\u00e9ateurs de marques.Mais concr\u00e8tement, quel est l\u2019impact environnemental de vos supports imprim\u00e9s ? Et surtout, pourquoi faire appel \u00e0 un imprimeur fran\u00e7ais change r\u00e9ellement la donne ? Comparons l\u2019impression locale et l\u2019importation sous l\u2019angle du carbone, de la [&hellip;]<\/p>\n","protected":false},"author":1,"featured_media":8100,"comment_status":"open","ping_status":"open","sticky":false,"template":"","format":"standard","meta":{"_editorskit_title_hidden":false,"_editorskit_reading_time":0,"_editorskit_is_block_options_detached":false,"_editorskit_block_options_position":"{}","footnotes":""},"categories":[1],"tags":[],"class_list":["post-8099","post","type-post","status-publish","format-standard","has-post-thumbnail","hentry","category-non-classe"],"yoast_head":"<!-- This site is optimized with the Yoast SEO plugin v27.5 - https:\/\/yoast.com\/product\/yoast-seo-wordpress\/ -->\r\n<title>Impression \u00e9cologique : pourquoi choisir un imprimeur fran\u00e7ais plut\u00f4t que l\u2019importation ? - Votre imprimerie en ligne, le blog<\/title>\r\n<meta name=\"robots\" content=\"index, follow, max-snippet:-1, max-image-preview:large, max-video-preview:-1\" \/>\r\n<link rel=\"canonical\" href=\"https:\/\/www.jimprimeenfrance.fr\/blog\/impression-ecologique-pourquoi-choisir-un-imprimeur-francais-plutot-que-limportation\/\" \/>\r\n<meta property=\"og:locale\" content=\"fr_FR\" \/>\r\n<meta property=\"og:type\" content=\"article\" \/>\r\n<meta property=\"og:title\" content=\"Impression \u00e9cologique : pourquoi choisir un imprimeur fran\u00e7ais plut\u00f4t que l\u2019importation ? - Votre imprimerie en ligne, le blog\" \/>\r\n<meta property=\"og:description\" content=\"Face aux enjeux climatiques, l\u2019impression \u00e9cologique s\u2019impose comme une \u00e9vidence pour les entreprises, les collectivit\u00e9s et les cr\u00e9ateurs de marques.Mais concr\u00e8tement, quel est l\u2019impact environnemental de vos supports imprim\u00e9s ? Et surtout, pourquoi faire appel \u00e0 un imprimeur fran\u00e7ais change r\u00e9ellement la donne ? Comparons l\u2019impression locale et l\u2019importation sous l\u2019angle du carbone, de la [&hellip;]\" \/>\r\n<meta property=\"og:url\" content=\"https:\/\/www.jimprimeenfrance.fr\/blog\/impression-ecologique-pourquoi-choisir-un-imprimeur-francais-plutot-que-limportation\/\" \/>\r\n<meta property=\"og:site_name\" content=\"Votre imprimerie en ligne, le blog\" \/>\r\n<meta property=\"article:publisher\" content=\"https:\/\/www.facebook.com\/PrintBasPrix\" \/>\r\n<meta property=\"article:published_time\" content=\"2026-01-14T14:12:40+00:00\" \/>\r\n<meta property=\"article:modified_time\" content=\"2026-01-14T14:12:51+00:00\" \/>\r\n<meta property=\"og:image\" content=\"https:\/\/www.jimprimeenfrance.fr\/blog\/wp-content\/uploads\/2025\/12\/Design-sans-titre-33.png\" \/>\r\n\t<meta property=\"og:image:width\" content=\"864\" \/>\r\n\t<meta property=\"og:image:height\" content=\"432\" \/>\r\n\t<meta property=\"og:image:type\" content=\"image\/png\" \/>\r\n<meta name=\"author\" content=\"Alyz\u00e9e\" \/>\r\n<meta name=\"twitter:card\" content=\"summary_large_image\" \/>\r\n<meta name=\"twitter:creator\" content=\"@PrintBasPrix\" \/>\r\n<meta name=\"twitter:site\" content=\"@PrintBasPrix\" \/>\r\n<meta name=\"twitter:label1\" content=\"\u00c9crit par\" \/>\n\t<meta name=\"twitter:data1\" content=\"Alyz\u00e9e\" \/>\n\t<meta name=\"twitter:label2\" content=\"Dur\u00e9e de lecture estim\u00e9e\" \/>\n\t<meta name=\"twitter:data2\" content=\"3 minutes\" \/>\r\n<script type=\"application\/ld+json\" class=\"yoast-schema-graph\">{\"@context\":\"https:\\\/\\\/schema.org\",\"@graph\":[{\"@type\":\"Article\",\"@id\":\"https:\\\/\\\/www.jimprimeenfrance.fr\\\/blog\\\/impression-ecologique-pourquoi-choisir-un-imprimeur-francais-plutot-que-limportation\\\/#article\",\"isPartOf\":{\"@id\":\"https:\\\/\\\/www.jimprimeenfrance.fr\\\/blog\\\/impression-ecologique-pourquoi-choisir-un-imprimeur-francais-plutot-que-limportation\\\/\"},\"author\":{\"name\":\"Alyz\u00e9e\",\"@id\":\"https:\\\/\\\/www.jimprimeenfrance.fr\\\/blog\\\/#\\\/schema\\\/person\\\/c5908efce65874ac39978f5a0ce6e195\"},\"headline\":\"Impression \u00e9cologique : pourquoi choisir un imprimeur fran\u00e7ais plut\u00f4t que l\u2019importation ?\",\"datePublished\":\"2026-01-14T14:12:40+00:00\",\"dateModified\":\"2026-01-14T14:12:51+00:00\",\"mainEntityOfPage\":{\"@id\":\"https:\\\/\\\/www.jimprimeenfrance.fr\\\/blog\\\/impression-ecologique-pourquoi-choisir-un-imprimeur-francais-plutot-que-limportation\\\/\"},\"wordCount\":590,\"commentCount\":0,\"publisher\":{\"@id\":\"https:\\\/\\\/www.jimprimeenfrance.fr\\\/blog\\\/#organization\"},\"image\":{\"@id\":\"https:\\\/\\\/www.jimprimeenfrance.fr\\\/blog\\\/impression-ecologique-pourquoi-choisir-un-imprimeur-francais-plutot-que-limportation\\\/#primaryimage\"},\"thumbnailUrl\":\"https:\\\/\\\/www.jimprimeenfrance.fr\\\/blog\\\/wp-content\\\/uploads\\\/2025\\\/12\\\/Design-sans-titre-33.png\",\"inLanguage\":\"fr-FR\",\"potentialAction\":[{\"@type\":\"CommentAction\",\"name\":\"Comment\",\"target\":[\"https:\\\/\\\/www.jimprimeenfrance.fr\\\/blog\\\/impression-ecologique-pourquoi-choisir-un-imprimeur-francais-plutot-que-limportation\\\/#respond\"]}]},{\"@type\":\"WebPage\",\"@id\":\"https:\\\/\\\/www.jimprimeenfrance.fr\\\/blog\\\/impression-ecologique-pourquoi-choisir-un-imprimeur-francais-plutot-que-limportation\\\/\",\"url\":\"https:\\\/\\\/www.jimprimeenfrance.fr\\\/blog\\\/impression-ecologique-pourquoi-choisir-un-imprimeur-francais-plutot-que-limportation\\\/\",\"name\":\"Impression \u00e9cologique : pourquoi choisir un imprimeur fran\u00e7ais plut\u00f4t que l\u2019importation ? - Votre imprimerie en ligne, le blog\",\"isPartOf\":{\"@id\":\"https:\\\/\\\/www.jimprimeenfrance.fr\\\/blog\\\/#website\"},\"primaryImageOfPage\":{\"@id\":\"https:\\\/\\\/www.jimprimeenfrance.fr\\\/blog\\\/impression-ecologique-pourquoi-choisir-un-imprimeur-francais-plutot-que-limportation\\\/#primaryimage\"},\"image\":{\"@id\":\"https:\\\/\\\/www.jimprimeenfrance.fr\\\/blog\\\/impression-ecologique-pourquoi-choisir-un-imprimeur-francais-plutot-que-limportation\\\/#primaryimage\"},\"thumbnailUrl\":\"https:\\\/\\\/www.jimprimeenfrance.fr\\\/blog\\\/wp-content\\\/uploads\\\/2025\\\/12\\\/Design-sans-titre-33.png\",\"datePublished\":\"2026-01-14T14:12:40+00:00\",\"dateModified\":\"2026-01-14T14:12:51+00:00\",\"breadcrumb\":{\"@id\":\"https:\\\/\\\/www.jimprimeenfrance.fr\\\/blog\\\/impression-ecologique-pourquoi-choisir-un-imprimeur-francais-plutot-que-limportation\\\/#breadcrumb\"},\"inLanguage\":\"fr-FR\",\"potentialAction\":[{\"@type\":\"ReadAction\",\"target\":[\"https:\\\/\\\/www.jimprimeenfrance.fr\\\/blog\\\/impression-ecologique-pourquoi-choisir-un-imprimeur-francais-plutot-que-limportation\\\/\"]}]},{\"@type\":\"ImageObject\",\"inLanguage\":\"fr-FR\",\"@id\":\"https:\\\/\\\/www.jimprimeenfrance.fr\\\/blog\\\/impression-ecologique-pourquoi-choisir-un-imprimeur-francais-plutot-que-limportation\\\/#primaryimage\",\"url\":\"https:\\\/\\\/www.jimprimeenfrance.fr\\\/blog\\\/wp-content\\\/uploads\\\/2025\\\/12\\\/Design-sans-titre-33.png\",\"contentUrl\":\"https:\\\/\\\/www.jimprimeenfrance.fr\\\/blog\\\/wp-content\\\/uploads\\\/2025\\\/12\\\/Design-sans-titre-33.png\",\"width\":864,\"height\":432},{\"@type\":\"BreadcrumbList\",\"@id\":\"https:\\\/\\\/www.jimprimeenfrance.fr\\\/blog\\\/impression-ecologique-pourquoi-choisir-un-imprimeur-francais-plutot-que-limportation\\\/#breadcrumb\",\"itemListElement\":[{\"@type\":\"ListItem\",\"position\":1,\"name\":\"Accueil\",\"item\":\"https:\\\/\\\/www.jimprimeenfrance.fr\\\/blog\\\/\"},{\"@type\":\"ListItem\",\"position\":2,\"name\":\"Impression \u00e9cologique : pourquoi choisir un imprimeur fran\u00e7ais plut\u00f4t que l\u2019importation ?\"}]},{\"@type\":\"WebSite\",\"@id\":\"https:\\\/\\\/www.jimprimeenfrance.fr\\\/blog\\\/#website\",\"url\":\"https:\\\/\\\/www.jimprimeenfrance.fr\\\/blog\\\/\",\"name\":\"Votre imprimerie en ligne, le blog\",\"description\":\"Impressionnez et faites bonne impression avec nos conseils d&#039;imprimerie online\",\"publisher\":{\"@id\":\"https:\\\/\\\/www.jimprimeenfrance.fr\\\/blog\\\/#organization\"},\"potentialAction\":[{\"@type\":\"SearchAction\",\"target\":{\"@type\":\"EntryPoint\",\"urlTemplate\":\"https:\\\/\\\/www.jimprimeenfrance.fr\\\/blog\\\/?s={search_term_string}\"},\"query-input\":{\"@type\":\"PropertyValueSpecification\",\"valueRequired\":true,\"valueName\":\"search_term_string\"}}],\"inLanguage\":\"fr-FR\"},{\"@type\":\"Organization\",\"@id\":\"https:\\\/\\\/www.jimprimeenfrance.fr\\\/blog\\\/#organization\",\"name\":\"PrintBasPrix - Imprimerie en ligne\",\"url\":\"https:\\\/\\\/www.jimprimeenfrance.fr\\\/blog\\\/\",\"logo\":{\"@type\":\"ImageObject\",\"inLanguage\":\"fr-FR\",\"@id\":\"https:\\\/\\\/www.jimprimeenfrance.fr\\\/blog\\\/#\\\/schema\\\/logo\\\/image\\\/\",\"url\":\"https:\\\/\\\/www.jimprimeenfrance.fr\\\/blog\\\/wp-content\\\/uploads\\\/2018\\\/07\\\/cropped-printbasprix-imprimeur-en-ligne.png\",\"contentUrl\":\"https:\\\/\\\/www.jimprimeenfrance.fr\\\/blog\\\/wp-content\\\/uploads\\\/2018\\\/07\\\/cropped-printbasprix-imprimeur-en-ligne.png\",\"width\":361,\"height\":86,\"caption\":\"PrintBasPrix - Imprimerie en ligne\"},\"image\":{\"@id\":\"https:\\\/\\\/www.jimprimeenfrance.fr\\\/blog\\\/#\\\/schema\\\/logo\\\/image\\\/\"},\"sameAs\":[\"https:\\\/\\\/www.facebook.com\\\/PrintBasPrix\",\"https:\\\/\\\/x.com\\\/PrintBasPrix\",\"https:\\\/\\\/www.instagram.com\\\/printbasprix\\\/\",\"https:\\\/\\\/www.linkedin.com\\\/company\\\/printbasprix\\\/\",\"https:\\\/\\\/www.youtube.com\\\/channel\\\/UC0Ysbd0Gbzzp0yMgrfNQqug\"]},{\"@type\":\"Person\",\"@id\":\"https:\\\/\\\/www.jimprimeenfrance.fr\\\/blog\\\/#\\\/schema\\\/person\\\/c5908efce65874ac39978f5a0ce6e195\",\"name\":\"Alyz\u00e9e\",\"image\":{\"@type\":\"ImageObject\",\"inLanguage\":\"fr-FR\",\"@id\":\"https:\\\/\\\/secure.gravatar.com\\\/avatar\\\/a29acbd2174611e826f7d881823703b38d7670f74c32c8b99d13ba9b25f07eff?s=96&r=g\",\"url\":\"https:\\\/\\\/secure.gravatar.com\\\/avatar\\\/a29acbd2174611e826f7d881823703b38d7670f74c32c8b99d13ba9b25f07eff?s=96&r=g\",\"contentUrl\":\"https:\\\/\\\/secure.gravatar.com\\\/avatar\\\/a29acbd2174611e826f7d881823703b38d7670f74c32c8b99d13ba9b25f07eff?s=96&r=g\",\"caption\":\"Alyz\u00e9e\"},\"url\":\"https:\\\/\\\/www.jimprimeenfrance.fr\\\/blog\\\/author\\\/fabien\\\/\"}]}<\/script>\r\n<!-- \/ Yoast SEO plugin. -->","yoast_head_json":{"title":"Impression \u00e9cologique : pourquoi choisir un imprimeur fran\u00e7ais plut\u00f4t que l\u2019importation ? - Votre imprimerie en ligne, le blog","robots":{"index":"index","follow":"follow","max-snippet":"max-snippet:-1","max-image-preview":"max-image-preview:large","max-video-preview":"max-video-preview:-1"},"canonical":"https:\/\/www.jimprimeenfrance.fr\/blog\/impression-ecologique-pourquoi-choisir-un-imprimeur-francais-plutot-que-limportation\/","og_locale":"fr_FR","og_type":"article","og_title":"Impression \u00e9cologique : pourquoi choisir un imprimeur fran\u00e7ais plut\u00f4t que l\u2019importation ? - Votre imprimerie en ligne, le blog","og_description":"Face aux enjeux climatiques, l\u2019impression \u00e9cologique s\u2019impose comme une \u00e9vidence pour les entreprises, les collectivit\u00e9s et les cr\u00e9ateurs de marques.Mais concr\u00e8tement, quel est l\u2019impact environnemental de vos supports imprim\u00e9s ? Et surtout, pourquoi faire appel \u00e0 un imprimeur fran\u00e7ais change r\u00e9ellement la donne ? Comparons l\u2019impression locale et l\u2019importation sous l\u2019angle du carbone, de la [&hellip;]","og_url":"https:\/\/www.jimprimeenfrance.fr\/blog\/impression-ecologique-pourquoi-choisir-un-imprimeur-francais-plutot-que-limportation\/","og_site_name":"Votre imprimerie en ligne, le blog","article_publisher":"https:\/\/www.facebook.com\/PrintBasPrix","article_published_time":"2026-01-14T14:12:40+00:00","article_modified_time":"2026-01-14T14:12:51+00:00","og_image":[{"width":864,"height":432,"url":"https:\/\/www.jimprimeenfrance.fr\/blog\/wp-content\/uploads\/2025\/12\/Design-sans-titre-33.png","type":"image\/png"}],"author":"Alyz\u00e9e","twitter_card":"summary_large_image","twitter_creator":"@PrintBasPrix","twitter_site":"@PrintBasPrix","twitter_misc":{"\u00c9crit par":"Alyz\u00e9e","Dur\u00e9e de lecture estim\u00e9e":"3 minutes"},"schema":{"@context":"https:\/\/schema.org","@graph":[{"@type":"Article","@id":"https:\/\/www.jimprimeenfrance.fr\/blog\/impression-ecologique-pourquoi-choisir-un-imprimeur-francais-plutot-que-limportation\/#article","isPartOf":{"@id":"https:\/\/www.jimprimeenfrance.fr\/blog\/impression-ecologique-pourquoi-choisir-un-imprimeur-francais-plutot-que-limportation\/"},"author":{"name":"Alyz\u00e9e","@id":"https:\/\/www.jimprimeenfrance.fr\/blog\/#\/schema\/person\/c5908efce65874ac39978f5a0ce6e195"},"headline":"Impression \u00e9cologique : pourquoi choisir un imprimeur fran\u00e7ais plut\u00f4t que l\u2019importation ?","datePublished":"2026-01-14T14:12:40+00:00","dateModified":"2026-01-14T14:12:51+00:00","mainEntityOfPage":{"@id":"https:\/\/www.jimprimeenfrance.fr\/blog\/impression-ecologique-pourquoi-choisir-un-imprimeur-francais-plutot-que-limportation\/"},"wordCount":590,"commentCount":0,"publisher":{"@id":"https:\/\/www.jimprimeenfrance.fr\/blog\/#organization"},"image":{"@id":"https:\/\/www.jimprimeenfrance.fr\/blog\/impression-ecologique-pourquoi-choisir-un-imprimeur-francais-plutot-que-limportation\/#primaryimage"},"thumbnailUrl":"https:\/\/www.jimprimeenfrance.fr\/blog\/wp-content\/uploads\/2025\/12\/Design-sans-titre-33.png","inLanguage":"fr-FR","potentialAction":[{"@type":"CommentAction","name":"Comment","target":["https:\/\/www.jimprimeenfrance.fr\/blog\/impression-ecologique-pourquoi-choisir-un-imprimeur-francais-plutot-que-limportation\/#respond"]}]},{"@type":"WebPage","@id":"https:\/\/www.jimprimeenfrance.fr\/blog\/impression-ecologique-pourquoi-choisir-un-imprimeur-francais-plutot-que-limportation\/","url":"https:\/\/www.jimprimeenfrance.fr\/blog\/impression-ecologique-pourquoi-choisir-un-imprimeur-francais-plutot-que-limportation\/","name":"Impression \u00e9cologique : pourquoi choisir un imprimeur fran\u00e7ais plut\u00f4t que l\u2019importation ? - Votre imprimerie en ligne, le blog","isPartOf":{"@id":"https:\/\/www.jimprimeenfrance.fr\/blog\/#website"},"primaryImageOfPage":{"@id":"https:\/\/www.jimprimeenfrance.fr\/blog\/impression-ecologique-pourquoi-choisir-un-imprimeur-francais-plutot-que-limportation\/#primaryimage"},"image":{"@id":"https:\/\/www.jimprimeenfrance.fr\/blog\/impression-ecologique-pourquoi-choisir-un-imprimeur-francais-plutot-que-limportation\/#primaryimage"},"thumbnailUrl":"https:\/\/www.jimprimeenfrance.fr\/blog\/wp-content\/uploads\/2025\/12\/Design-sans-titre-33.png","datePublished":"2026-01-14T14:12:40+00:00","dateModified":"2026-01-14T14:12:51+00:00","breadcrumb":{"@id":"https:\/\/www.jimprimeenfrance.fr\/blog\/impression-ecologique-pourquoi-choisir-un-imprimeur-francais-plutot-que-limportation\/#breadcrumb"},"inLanguage":"fr-FR","potentialAction":[{"@type":"ReadAction","target":["https:\/\/www.jimprimeenfrance.fr\/blog\/impression-ecologique-pourquoi-choisir-un-imprimeur-francais-plutot-que-limportation\/"]}]},{"@type":"ImageObject","inLanguage":"fr-FR","@id":"https:\/\/www.jimprimeenfrance.fr\/blog\/impression-ecologique-pourquoi-choisir-un-imprimeur-francais-plutot-que-limportation\/#primaryimage","url":"https:\/\/www.jimprimeenfrance.fr\/blog\/wp-content\/uploads\/2025\/12\/Design-sans-titre-33.png","contentUrl":"https:\/\/www.jimprimeenfrance.fr\/blog\/wp-content\/uploads\/2025\/12\/Design-sans-titre-33.png","width":864,"height":432},{"@type":"BreadcrumbList","@id":"https:\/\/www.jimprimeenfrance.fr\/blog\/impression-ecologique-pourquoi-choisir-un-imprimeur-francais-plutot-que-limportation\/#breadcrumb","itemListElement":[{"@type":"ListItem","position":1,"name":"Accueil","item":"https:\/\/www.jimprimeenfrance.fr\/blog\/"},{"@type":"ListItem","position":2,"name":"Impression \u00e9cologique : pourquoi choisir un imprimeur fran\u00e7ais plut\u00f4t que l\u2019importation ?"}]},{"@type":"WebSite","@id":"https:\/\/www.jimprimeenfrance.fr\/blog\/#website","url":"https:\/\/www.jimprimeenfrance.fr\/blog\/","name":"Votre imprimerie en ligne, le blog","description":"Impressionnez et faites bonne impression avec nos conseils d&#039;imprimerie online","publisher":{"@id":"https:\/\/www.jimprimeenfrance.fr\/blog\/#organization"},"potentialAction":[{"@type":"SearchAction","target":{"@type":"EntryPoint","urlTemplate":"https:\/\/www.jimprimeenfrance.fr\/blog\/?s={search_term_string}"},"query-input":{"@type":"PropertyValueSpecification","valueRequired":true,"valueName":"search_term_string"}}],"inLanguage":"fr-FR"},{"@type":"Organization","@id":"https:\/\/www.jimprimeenfrance.fr\/blog\/#organization","name":"PrintBasPrix - Imprimerie en ligne","url":"https:\/\/www.jimprimeenfrance.fr\/blog\/","logo":{"@type":"ImageObject","inLanguage":"fr-FR","@id":"https:\/\/www.jimprimeenfrance.fr\/blog\/#\/schema\/logo\/image\/","url":"https:\/\/www.jimprimeenfrance.fr\/blog\/wp-content\/uploads\/2018\/07\/cropped-printbasprix-imprimeur-en-ligne.png","contentUrl":"https:\/\/www.jimprimeenfrance.fr\/blog\/wp-content\/uploads\/2018\/07\/cropped-printbasprix-imprimeur-en-ligne.png","width":361,"height":86,"caption":"PrintBasPrix - Imprimerie en ligne"},"image":{"@id":"https:\/\/www.jimprimeenfrance.fr\/blog\/#\/schema\/logo\/image\/"},"sameAs":["https:\/\/www.facebook.com\/PrintBasPrix","https:\/\/x.com\/PrintBasPrix","https:\/\/www.instagram.com\/printbasprix\/","https:\/\/www.linkedin.com\/company\/printbasprix\/","https:\/\/www.youtube.com\/channel\/UC0Ysbd0Gbzzp0yMgrfNQqug"]},{"@type":"Person","@id":"https:\/\/www.jimprimeenfrance.fr\/blog\/#\/schema\/person\/c5908efce65874ac39978f5a0ce6e195","name":"Alyz\u00e9e","image":{"@type":"ImageObject","inLanguage":"fr-FR","@id":"https:\/\/secure.gravatar.com\/avatar\/a29acbd2174611e826f7d881823703b38d7670f74c32c8b99d13ba9b25f07eff?s=96&r=g","url":"https:\/\/secure.gravatar.com\/avatar\/a29acbd2174611e826f7d881823703b38d7670f74c32c8b99d13ba9b25f07eff?s=96&r=g","contentUrl":"https:\/\/secure.gravatar.com\/avatar\/a29acbd2174611e826f7d881823703b38d7670f74c32c8b99d13ba9b25f07eff?s=96&r=g","caption":"Alyz\u00e9e"},"url":"https:\/\/www.jimprimeenfrance.fr\/blog\/author\/fabien\/"}]}},"_links":{"self":[{"href":"https:\/\/www.jimprimeenfrance.fr\/blog\/wp-json\/wp\/v2\/posts\/8099","targetHints":{"allow":["GET"]}}],"collection":[{"href":"https:\/\/www.jimprimeenfrance.fr\/blog\/wp-json\/wp\/v2\/posts"}],"about":[{"href":"https:\/\/www.jimprimeenfrance.fr\/blog\/wp-json\/wp\/v2\/types\/post"}],"author":[{"embeddable":true,"href":"https:\/\/www.jimprimeenfrance.fr\/blog\/wp-json\/wp\/v2\/users\/1"}],"replies":[{"embeddable":true,"href":"https:\/\/www.jimprimeenfrance.fr\/blog\/wp-json\/wp\/v2\/comments?post=8099"}],"version-history":[{"count":1,"href":"https:\/\/www.jimprimeenfrance.fr\/blog\/wp-json\/wp\/v2\/posts\/8099\/revisions"}],"predecessor-version":[{"id":8101,"href":"https:\/\/www.jimprimeenfrance.fr\/blog\/wp-json\/wp\/v2\/posts\/8099\/revisions\/8101"}],"wp:featuredmedia":[{"embeddable":true,"href":"https:\/\/www.jimprimeenfrance.fr\/blog\/wp-json\/wp\/v2\/media\/8100"}],"wp:attachment":[{"href":"https:\/\/www.jimprimeenfrance.fr\/blog\/wp-json\/wp\/v2\/media?parent=8099"}],"wp:term":[{"taxonomy":"category","embeddable":true,"href":"https:\/\/www.jimprimeenfrance.fr\/blog\/wp-json\/wp\/v2\/categories?post=8099"},{"taxonomy":"post_tag","embeddable":true,"href":"https:\/\/www.jimprimeenfrance.fr\/blog\/wp-json\/wp\/v2\/tags?post=8099"}],"curies":[{"name":"wp","href":"https:\/\/api.w.org\/{rel}","templated":true}]}}