{"id":8010,"date":"2025-06-03T14:49:17","date_gmt":"2025-06-03T12:49:17","guid":{"rendered":"https:\/\/www.jimprimeenfrance.fr\/blog\/?p=8010"},"modified":"2025-06-03T14:49:26","modified_gmt":"2025-06-03T12:49:26","slug":"stickers-adhesifs-personnalises-des-supports-malins-pour-booster-votre-communication","status":"publish","type":"post","link":"https:\/\/www.jimprimeenfrance.fr\/blog\/stickers-adhesifs-personnalises-des-supports-malins-pour-booster-votre-communication\/","title":{"rendered":"Stickers &#038; adh\u00e9sifs personnalis\u00e9s : des supports malins pour booster votre communication"},"content":{"rendered":"\n<div style=\"height:40px\" aria-hidden=\"true\" class=\"wp-block-spacer\"><\/div>\n\n\n\n<p>Quand on pense communication visuelle, on pense souvent \u00e0 l\u2019affiche ou au flyer. Pourtant, il existe un support <strong>compact, \u00e9conomique et redoutablement efficace<\/strong> : le <strong>sticker adh\u00e9sif personnalis\u00e9<\/strong>. Que ce soit en vitrine, sur un emballage ou lors d\u2019un \u00e9v\u00e9nement commercial comme les soldes, l\u2019adh\u00e9sif imprim\u00e9 est un alli\u00e9 incontournable.<\/p>\n\n\n\n<p>Chez <strong>J\u2019imprime en France<\/strong>, nous vous proposons une large gamme de stickers et d\u2019adh\u00e9sifs sur-mesure pour r\u00e9pondre \u00e0 tous vos besoins professionnels.<\/p>\n\n\n\n<div style=\"height:40px\" aria-hidden=\"true\" class=\"wp-block-spacer\"><\/div>\n\n\n\n<h2 class=\"wp-block-heading has-large-font-size\"><strong>Pourquoi utiliser des adh\u00e9sifs dans votre communication ?<\/strong><\/h2>\n\n\n\n<p>Le <strong>sticker<\/strong>, qu\u2019il soit petit ou grand, vitrine ou produit, offre plusieurs avantages :<\/p>\n\n\n\n<p>&#x2705; <strong>Visibilit\u00e9<\/strong> : plac\u00e9 au bon endroit, il attire l\u2019\u0153il instantan\u00e9ment<\/p>\n\n\n\n<p>&#x2705; <strong>Faible co\u00fbt<\/strong> : un support \u00e0 fort impact pour un budget ma\u00eetris\u00e9<\/p>\n\n\n\n<p>&#x2705; <strong>Facile \u00e0 poser et \u00e0 retirer<\/strong> : parfait pour les campagnes temporaires<\/p>\n\n\n\n<p>C\u2019est l\u2019un des outils les plus <strong>polyvalents<\/strong> de votre arsenal marketing.<\/p>\n\n\n\n<div style=\"height:40px\" aria-hidden=\"true\" class=\"wp-block-spacer\"><\/div>\n\n\n\n<h2 class=\"wp-block-heading has-large-font-size\"><strong>Les soldes, un moment cl\u00e9 pour les adh\u00e9sifs vitrine<\/strong><\/h2>\n\n\n\n<p>Durant les p\u00e9riodes de <strong>soldes<\/strong> ou de <strong>promotions commerciales<\/strong>, les adh\u00e9sifs vitrine deviennent essentiels pour :<\/p>\n\n\n\n<ul class=\"wp-block-list\">\n<li>Mettre en avant vos r\u00e9ductions avec des visuels clairs (\u201c-50%\u201d, \u201cOffre limit\u00e9e\u201d, \u201cPrix cass\u00e9s\u201d&#8230;)<\/li>\n<\/ul>\n\n\n\n<p><strong>Cr\u00e9er une vitrine dynamique<\/strong> et attractive<\/p>\n\n\n\n<p>Nos adh\u00e9sifs peuvent \u00eatre d\u00e9coup\u00e9s \u00e0 la forme (lettres, pictos, bulles\u2026) pour un rendu professionnel et percutant.<\/p>\n\n\n\n<div style=\"height:30px\" aria-hidden=\"true\" class=\"wp-block-spacer\"><\/div>\n\n\n<div class=\"wp-block-image\">\n<figure class=\"alignright size-full is-resized\"><img loading=\"lazy\" decoding=\"async\" width=\"864\" height=\"432\" src=\"https:\/\/www.jimprimeenfrance.fr\/blog\/wp-content\/uploads\/2025\/04\/Design-sans-titre-2025-04-22T103950.129-1.png\" alt=\"\" class=\"wp-image-8016\" style=\"width:380px\"\/><\/figure>\n<\/div>\n\n<div class=\"wp-block-image\">\n<figure class=\"alignleft size-full is-resized\"><img loading=\"lazy\" decoding=\"async\" width=\"864\" height=\"432\" src=\"https:\/\/www.jimprimeenfrance.fr\/blog\/wp-content\/uploads\/2025\/04\/Design-sans-titre-2025-04-22T103941.368.png\" alt=\"\" class=\"wp-image-8017\" style=\"width:380px\"\/><\/figure>\n<\/div>\n\n\n<div style=\"height:40px\" aria-hidden=\"true\" class=\"wp-block-spacer\"><\/div>\n\n\n\n<h2 class=\"wp-block-heading has-large-font-size\"><strong>Nos options d\u2019impression pour vos adh\u00e9sifs personnalis\u00e9s<\/strong><\/h2>\n\n\n\n<p>Chez <strong>J\u2019imprime en France<\/strong>, nous vous offrons une impression 100 % personnalis\u00e9e :<\/p>\n\n\n\n<p>&#x2702;&#xfe0f; <strong>D\u00e9coupe<\/strong>: coupe droite, a la forme, rond, sur-mesure<\/p>\n\n\n\n<p>&#x1f5bc;&#xfe0f; <strong>Adh\u00e9sifs<\/strong> : blanc, transparent ou transparent avec blanc de soutient<\/p>\n\n\n\n<p>&#x1f4aa; <strong>Finition<\/strong> : pelliculage mat ou brillant, vernis de protection<\/p>\n\n\n\n<p>Nous adaptons chaque commande \u00e0 vos contraintes techniques et esth\u00e9tiques.<\/p>\n\n\n\n<div style=\"height:30px\" aria-hidden=\"true\" class=\"wp-block-spacer\"><\/div>\n\n\n<div class=\"wp-block-image\">\n<figure class=\"aligncenter is-resized\"><img decoding=\"async\" src=\"https:\/\/lh7-rt.googleusercontent.com\/docsz\/AD_4nXfYkDiw6DCv_8H7uYZvbcedqC5OIRoSp7S0q7SGOtHvQvi4KWT3alr9tq6nMiEAyOwHFfXNDOsx1EuTAln9xEEChmiukEfrYC9H9oy0Tl0cBcRDVcHTOsd7WyLoG04C-yPZbT40wg?key=85Ao4TwA72X3vUV78Yeu9gA4\" alt=\"\" style=\"width:500px\"\/><\/figure>\n<\/div>\n\n\n<div style=\"height:40px\" aria-hidden=\"true\" class=\"wp-block-spacer\"><\/div>\n\n\n\n<h2 class=\"wp-block-heading has-large-font-size\"><strong>Stickers produits : une touche pro sur vos emballages<\/strong><\/h2>\n\n\n\n<p>Les adh\u00e9sifs ne se limitent pas aux vitrines. Ils sont parfaits pour :<\/p>\n\n\n\n<ul class=\"wp-block-list\">\n<li>Sceller des emballages (sacs, bo\u00eetes, enveloppes)<\/li>\n\n\n\n<li>Mettre en avant un logo ou une certification<\/li>\n\n\n\n<li>Ajouter une <strong>\u00e9tiquette produit<\/strong> \u00e9l\u00e9gante et personnalis\u00e9e<\/li>\n\n\n\n<li>Cr\u00e9er des stickers \u201cMerci\u201d, \u201cOffert par\u201d, \u201cNouveaut\u00e9\u201d, etc.<\/li>\n<\/ul>\n\n\n\n<p>&#x27a1;&#xfe0f; Id\u00e9al pour les boutiques, marques artisanales, cr\u00e9ateurs, entreprises locales ou traiteurs.<\/p>\n\n\n\n<div style=\"height:40px\" aria-hidden=\"true\" class=\"wp-block-spacer\"><\/div>\n\n\n\n<h2 class=\"wp-block-heading has-large-font-size\"><strong>Une production 100 % fran\u00e7aise, rapide et fiable<\/strong><\/h2>\n\n\n\n<p>Comme tous nos supports, nos stickers sont <strong>imprim\u00e9s en France<\/strong>, avec soin, expertise et accompagnement \u00e0 chaque \u00e9tape.<\/p>\n\n\n\n<ul class=\"wp-block-list\">\n<li>&#x23f1;&#xfe0f; D\u00e9lais rapides<\/li>\n\n\n\n<li>&#x1f4e6; Petits ou gros tirages possibles<\/li>\n<\/ul>\n\n\n\n<p>Chez <strong>J\u2019imprime en France<\/strong>, votre image m\u00e9rite un support \u00e0 la hauteur.<\/p>\n","protected":false},"excerpt":{"rendered":"<p>Quand on pense communication visuelle, on pense souvent \u00e0 l\u2019affiche ou au flyer. Pourtant, il existe un support compact, \u00e9conomique et redoutablement efficace : le sticker adh\u00e9sif personnalis\u00e9. Que ce soit en vitrine, sur un emballage ou lors d\u2019un \u00e9v\u00e9nement commercial comme les soldes, l\u2019adh\u00e9sif imprim\u00e9 est un alli\u00e9 incontournable. Chez J\u2019imprime en France, nous [&hellip;]<\/p>\n","protected":false},"author":1,"featured_media":8014,"comment_status":"open","ping_status":"open","sticky":false,"template":"","format":"standard","meta":{"_editorskit_title_hidden":false,"_editorskit_reading_time":0,"_editorskit_is_block_options_detached":false,"_editorskit_block_options_position":"{}","footnotes":""},"categories":[1],"tags":[],"class_list":["post-8010","post","type-post","status-publish","format-standard","has-post-thumbnail","hentry","category-non-classe"],"yoast_head":"<!-- This site is optimized with the Yoast SEO plugin v27.5 - https:\/\/yoast.com\/product\/yoast-seo-wordpress\/ -->\r\n<title>Stickers &amp; adh\u00e9sifs personnalis\u00e9s : des supports malins pour booster votre communication - Votre imprimerie en ligne, le blog<\/title>\r\n<meta name=\"description\" content=\"Boostez votre visibilit\u00e9 avec des stickers et adh\u00e9sifs personnalis\u00e9s, parfaits pour les soldes, vitrines et packagings.\" \/>\r\n<meta name=\"robots\" content=\"index, follow, max-snippet:-1, max-image-preview:large, max-video-preview:-1\" \/>\r\n<link rel=\"canonical\" href=\"https:\/\/www.jimprimeenfrance.fr\/blog\/stickers-adhesifs-personnalises-des-supports-malins-pour-booster-votre-communication\/\" \/>\r\n<meta property=\"og:locale\" content=\"fr_FR\" \/>\r\n<meta property=\"og:type\" content=\"article\" \/>\r\n<meta property=\"og:title\" content=\"Stickers &amp; adh\u00e9sifs personnalis\u00e9s : des supports malins pour booster votre communication - Votre imprimerie en ligne, le blog\" \/>\r\n<meta property=\"og:description\" content=\"Boostez votre visibilit\u00e9 avec des stickers et adh\u00e9sifs personnalis\u00e9s, parfaits pour les soldes, vitrines et packagings.\" \/>\r\n<meta property=\"og:url\" content=\"https:\/\/www.jimprimeenfrance.fr\/blog\/stickers-adhesifs-personnalises-des-supports-malins-pour-booster-votre-communication\/\" \/>\r\n<meta property=\"og:site_name\" content=\"Votre imprimerie en ligne, le blog\" \/>\r\n<meta property=\"article:publisher\" content=\"https:\/\/www.facebook.com\/PrintBasPrix\" \/>\r\n<meta property=\"article:published_time\" content=\"2025-06-03T12:49:17+00:00\" \/>\r\n<meta property=\"article:modified_time\" content=\"2025-06-03T12:49:26+00:00\" \/>\r\n<meta property=\"og:image\" content=\"https:\/\/www.jimprimeenfrance.fr\/blog\/wp-content\/uploads\/2025\/04\/Free-Window-Sticker-Mockup-1.png\" \/>\r\n\t<meta property=\"og:image:width\" content=\"640\" \/>\r\n\t<meta property=\"og:image:height\" content=\"427\" \/>\r\n\t<meta property=\"og:image:type\" content=\"image\/png\" \/>\r\n<meta name=\"author\" content=\"Alyz\u00e9e\" \/>\r\n<meta name=\"twitter:card\" content=\"summary_large_image\" \/>\r\n<meta name=\"twitter:creator\" content=\"@PrintBasPrix\" \/>\r\n<meta name=\"twitter:site\" content=\"@PrintBasPrix\" \/>\r\n<meta name=\"twitter:label1\" content=\"\u00c9crit par\" \/>\n\t<meta name=\"twitter:data1\" content=\"Alyz\u00e9e\" \/>\n\t<meta name=\"twitter:label2\" content=\"Dur\u00e9e de lecture estim\u00e9e\" \/>\n\t<meta name=\"twitter:data2\" content=\"3 minutes\" \/>\r\n<script type=\"application\/ld+json\" class=\"yoast-schema-graph\">{\"@context\":\"https:\\\/\\\/schema.org\",\"@graph\":[{\"@type\":\"Article\",\"@id\":\"https:\\\/\\\/www.jimprimeenfrance.fr\\\/blog\\\/stickers-adhesifs-personnalises-des-supports-malins-pour-booster-votre-communication\\\/#article\",\"isPartOf\":{\"@id\":\"https:\\\/\\\/www.jimprimeenfrance.fr\\\/blog\\\/stickers-adhesifs-personnalises-des-supports-malins-pour-booster-votre-communication\\\/\"},\"author\":{\"name\":\"Alyz\u00e9e\",\"@id\":\"https:\\\/\\\/www.jimprimeenfrance.fr\\\/blog\\\/#\\\/schema\\\/person\\\/c5908efce65874ac39978f5a0ce6e195\"},\"headline\":\"Stickers &#038; adh\u00e9sifs personnalis\u00e9s : des supports malins pour booster votre communication\",\"datePublished\":\"2025-06-03T12:49:17+00:00\",\"dateModified\":\"2025-06-03T12:49:26+00:00\",\"mainEntityOfPage\":{\"@id\":\"https:\\\/\\\/www.jimprimeenfrance.fr\\\/blog\\\/stickers-adhesifs-personnalises-des-supports-malins-pour-booster-votre-communication\\\/\"},\"wordCount\":425,\"commentCount\":0,\"publisher\":{\"@id\":\"https:\\\/\\\/www.jimprimeenfrance.fr\\\/blog\\\/#organization\"},\"image\":{\"@id\":\"https:\\\/\\\/www.jimprimeenfrance.fr\\\/blog\\\/stickers-adhesifs-personnalises-des-supports-malins-pour-booster-votre-communication\\\/#primaryimage\"},\"thumbnailUrl\":\"https:\\\/\\\/www.jimprimeenfrance.fr\\\/blog\\\/wp-content\\\/uploads\\\/2025\\\/04\\\/Free-Window-Sticker-Mockup-1.png\",\"inLanguage\":\"fr-FR\",\"potentialAction\":[{\"@type\":\"CommentAction\",\"name\":\"Comment\",\"target\":[\"https:\\\/\\\/www.jimprimeenfrance.fr\\\/blog\\\/stickers-adhesifs-personnalises-des-supports-malins-pour-booster-votre-communication\\\/#respond\"]}]},{\"@type\":\"WebPage\",\"@id\":\"https:\\\/\\\/www.jimprimeenfrance.fr\\\/blog\\\/stickers-adhesifs-personnalises-des-supports-malins-pour-booster-votre-communication\\\/\",\"url\":\"https:\\\/\\\/www.jimprimeenfrance.fr\\\/blog\\\/stickers-adhesifs-personnalises-des-supports-malins-pour-booster-votre-communication\\\/\",\"name\":\"Stickers & adh\u00e9sifs personnalis\u00e9s : des supports malins pour booster votre communication - Votre imprimerie en ligne, le blog\",\"isPartOf\":{\"@id\":\"https:\\\/\\\/www.jimprimeenfrance.fr\\\/blog\\\/#website\"},\"primaryImageOfPage\":{\"@id\":\"https:\\\/\\\/www.jimprimeenfrance.fr\\\/blog\\\/stickers-adhesifs-personnalises-des-supports-malins-pour-booster-votre-communication\\\/#primaryimage\"},\"image\":{\"@id\":\"https:\\\/\\\/www.jimprimeenfrance.fr\\\/blog\\\/stickers-adhesifs-personnalises-des-supports-malins-pour-booster-votre-communication\\\/#primaryimage\"},\"thumbnailUrl\":\"https:\\\/\\\/www.jimprimeenfrance.fr\\\/blog\\\/wp-content\\\/uploads\\\/2025\\\/04\\\/Free-Window-Sticker-Mockup-1.png\",\"datePublished\":\"2025-06-03T12:49:17+00:00\",\"dateModified\":\"2025-06-03T12:49:26+00:00\",\"description\":\"Boostez votre visibilit\u00e9 avec des stickers et adh\u00e9sifs personnalis\u00e9s, parfaits pour les soldes, vitrines et packagings.\",\"breadcrumb\":{\"@id\":\"https:\\\/\\\/www.jimprimeenfrance.fr\\\/blog\\\/stickers-adhesifs-personnalises-des-supports-malins-pour-booster-votre-communication\\\/#breadcrumb\"},\"inLanguage\":\"fr-FR\",\"potentialAction\":[{\"@type\":\"ReadAction\",\"target\":[\"https:\\\/\\\/www.jimprimeenfrance.fr\\\/blog\\\/stickers-adhesifs-personnalises-des-supports-malins-pour-booster-votre-communication\\\/\"]}]},{\"@type\":\"ImageObject\",\"inLanguage\":\"fr-FR\",\"@id\":\"https:\\\/\\\/www.jimprimeenfrance.fr\\\/blog\\\/stickers-adhesifs-personnalises-des-supports-malins-pour-booster-votre-communication\\\/#primaryimage\",\"url\":\"https:\\\/\\\/www.jimprimeenfrance.fr\\\/blog\\\/wp-content\\\/uploads\\\/2025\\\/04\\\/Free-Window-Sticker-Mockup-1.png\",\"contentUrl\":\"https:\\\/\\\/www.jimprimeenfrance.fr\\\/blog\\\/wp-content\\\/uploads\\\/2025\\\/04\\\/Free-Window-Sticker-Mockup-1.png\",\"width\":4500,\"height\":3000},{\"@type\":\"BreadcrumbList\",\"@id\":\"https:\\\/\\\/www.jimprimeenfrance.fr\\\/blog\\\/stickers-adhesifs-personnalises-des-supports-malins-pour-booster-votre-communication\\\/#breadcrumb\",\"itemListElement\":[{\"@type\":\"ListItem\",\"position\":1,\"name\":\"Accueil\",\"item\":\"https:\\\/\\\/www.jimprimeenfrance.fr\\\/blog\\\/\"},{\"@type\":\"ListItem\",\"position\":2,\"name\":\"Stickers &#038; adh\u00e9sifs personnalis\u00e9s : des supports malins pour booster votre communication\"}]},{\"@type\":\"WebSite\",\"@id\":\"https:\\\/\\\/www.jimprimeenfrance.fr\\\/blog\\\/#website\",\"url\":\"https:\\\/\\\/www.jimprimeenfrance.fr\\\/blog\\\/\",\"name\":\"Votre imprimerie en ligne, le blog\",\"description\":\"Impressionnez et faites bonne impression avec nos conseils d&#039;imprimerie online\",\"publisher\":{\"@id\":\"https:\\\/\\\/www.jimprimeenfrance.fr\\\/blog\\\/#organization\"},\"potentialAction\":[{\"@type\":\"SearchAction\",\"target\":{\"@type\":\"EntryPoint\",\"urlTemplate\":\"https:\\\/\\\/www.jimprimeenfrance.fr\\\/blog\\\/?s={search_term_string}\"},\"query-input\":{\"@type\":\"PropertyValueSpecification\",\"valueRequired\":true,\"valueName\":\"search_term_string\"}}],\"inLanguage\":\"fr-FR\"},{\"@type\":\"Organization\",\"@id\":\"https:\\\/\\\/www.jimprimeenfrance.fr\\\/blog\\\/#organization\",\"name\":\"PrintBasPrix - Imprimerie en ligne\",\"url\":\"https:\\\/\\\/www.jimprimeenfrance.fr\\\/blog\\\/\",\"logo\":{\"@type\":\"ImageObject\",\"inLanguage\":\"fr-FR\",\"@id\":\"https:\\\/\\\/www.jimprimeenfrance.fr\\\/blog\\\/#\\\/schema\\\/logo\\\/image\\\/\",\"url\":\"https:\\\/\\\/www.jimprimeenfrance.fr\\\/blog\\\/wp-content\\\/uploads\\\/2018\\\/07\\\/cropped-printbasprix-imprimeur-en-ligne.png\",\"contentUrl\":\"https:\\\/\\\/www.jimprimeenfrance.fr\\\/blog\\\/wp-content\\\/uploads\\\/2018\\\/07\\\/cropped-printbasprix-imprimeur-en-ligne.png\",\"width\":361,\"height\":86,\"caption\":\"PrintBasPrix - Imprimerie en ligne\"},\"image\":{\"@id\":\"https:\\\/\\\/www.jimprimeenfrance.fr\\\/blog\\\/#\\\/schema\\\/logo\\\/image\\\/\"},\"sameAs\":[\"https:\\\/\\\/www.facebook.com\\\/PrintBasPrix\",\"https:\\\/\\\/x.com\\\/PrintBasPrix\",\"https:\\\/\\\/www.instagram.com\\\/printbasprix\\\/\",\"https:\\\/\\\/www.linkedin.com\\\/company\\\/printbasprix\\\/\",\"https:\\\/\\\/www.youtube.com\\\/channel\\\/UC0Ysbd0Gbzzp0yMgrfNQqug\"]},{\"@type\":\"Person\",\"@id\":\"https:\\\/\\\/www.jimprimeenfrance.fr\\\/blog\\\/#\\\/schema\\\/person\\\/c5908efce65874ac39978f5a0ce6e195\",\"name\":\"Alyz\u00e9e\",\"image\":{\"@type\":\"ImageObject\",\"inLanguage\":\"fr-FR\",\"@id\":\"https:\\\/\\\/secure.gravatar.com\\\/avatar\\\/a29acbd2174611e826f7d881823703b38d7670f74c32c8b99d13ba9b25f07eff?s=96&r=g\",\"url\":\"https:\\\/\\\/secure.gravatar.com\\\/avatar\\\/a29acbd2174611e826f7d881823703b38d7670f74c32c8b99d13ba9b25f07eff?s=96&r=g\",\"contentUrl\":\"https:\\\/\\\/secure.gravatar.com\\\/avatar\\\/a29acbd2174611e826f7d881823703b38d7670f74c32c8b99d13ba9b25f07eff?s=96&r=g\",\"caption\":\"Alyz\u00e9e\"},\"url\":\"https:\\\/\\\/www.jimprimeenfrance.fr\\\/blog\\\/author\\\/fabien\\\/\"}]}<\/script>\r\n<!-- \/ Yoast SEO plugin. -->","yoast_head_json":{"title":"Stickers & adh\u00e9sifs personnalis\u00e9s : des supports malins pour booster votre communication - Votre imprimerie en ligne, le blog","description":"Boostez votre visibilit\u00e9 avec des stickers et adh\u00e9sifs personnalis\u00e9s, parfaits pour les soldes, vitrines et packagings.","robots":{"index":"index","follow":"follow","max-snippet":"max-snippet:-1","max-image-preview":"max-image-preview:large","max-video-preview":"max-video-preview:-1"},"canonical":"https:\/\/www.jimprimeenfrance.fr\/blog\/stickers-adhesifs-personnalises-des-supports-malins-pour-booster-votre-communication\/","og_locale":"fr_FR","og_type":"article","og_title":"Stickers & adh\u00e9sifs personnalis\u00e9s : des supports malins pour booster votre communication - Votre imprimerie en ligne, le blog","og_description":"Boostez votre visibilit\u00e9 avec des stickers et adh\u00e9sifs personnalis\u00e9s, parfaits pour les soldes, vitrines et packagings.","og_url":"https:\/\/www.jimprimeenfrance.fr\/blog\/stickers-adhesifs-personnalises-des-supports-malins-pour-booster-votre-communication\/","og_site_name":"Votre imprimerie en ligne, le blog","article_publisher":"https:\/\/www.facebook.com\/PrintBasPrix","article_published_time":"2025-06-03T12:49:17+00:00","article_modified_time":"2025-06-03T12:49:26+00:00","og_image":[{"url":"https:\/\/www.jimprimeenfrance.fr\/blog\/wp-content\/uploads\/2025\/04\/Free-Window-Sticker-Mockup-1.png","width":640,"height":427,"type":"image\/png"}],"author":"Alyz\u00e9e","twitter_card":"summary_large_image","twitter_creator":"@PrintBasPrix","twitter_site":"@PrintBasPrix","twitter_misc":{"\u00c9crit par":"Alyz\u00e9e","Dur\u00e9e de lecture estim\u00e9e":"3 minutes"},"schema":{"@context":"https:\/\/schema.org","@graph":[{"@type":"Article","@id":"https:\/\/www.jimprimeenfrance.fr\/blog\/stickers-adhesifs-personnalises-des-supports-malins-pour-booster-votre-communication\/#article","isPartOf":{"@id":"https:\/\/www.jimprimeenfrance.fr\/blog\/stickers-adhesifs-personnalises-des-supports-malins-pour-booster-votre-communication\/"},"author":{"name":"Alyz\u00e9e","@id":"https:\/\/www.jimprimeenfrance.fr\/blog\/#\/schema\/person\/c5908efce65874ac39978f5a0ce6e195"},"headline":"Stickers &#038; adh\u00e9sifs personnalis\u00e9s : des supports malins pour booster votre communication","datePublished":"2025-06-03T12:49:17+00:00","dateModified":"2025-06-03T12:49:26+00:00","mainEntityOfPage":{"@id":"https:\/\/www.jimprimeenfrance.fr\/blog\/stickers-adhesifs-personnalises-des-supports-malins-pour-booster-votre-communication\/"},"wordCount":425,"commentCount":0,"publisher":{"@id":"https:\/\/www.jimprimeenfrance.fr\/blog\/#organization"},"image":{"@id":"https:\/\/www.jimprimeenfrance.fr\/blog\/stickers-adhesifs-personnalises-des-supports-malins-pour-booster-votre-communication\/#primaryimage"},"thumbnailUrl":"https:\/\/www.jimprimeenfrance.fr\/blog\/wp-content\/uploads\/2025\/04\/Free-Window-Sticker-Mockup-1.png","inLanguage":"fr-FR","potentialAction":[{"@type":"CommentAction","name":"Comment","target":["https:\/\/www.jimprimeenfrance.fr\/blog\/stickers-adhesifs-personnalises-des-supports-malins-pour-booster-votre-communication\/#respond"]}]},{"@type":"WebPage","@id":"https:\/\/www.jimprimeenfrance.fr\/blog\/stickers-adhesifs-personnalises-des-supports-malins-pour-booster-votre-communication\/","url":"https:\/\/www.jimprimeenfrance.fr\/blog\/stickers-adhesifs-personnalises-des-supports-malins-pour-booster-votre-communication\/","name":"Stickers & adh\u00e9sifs personnalis\u00e9s : des supports malins pour booster votre communication - Votre imprimerie en ligne, le blog","isPartOf":{"@id":"https:\/\/www.jimprimeenfrance.fr\/blog\/#website"},"primaryImageOfPage":{"@id":"https:\/\/www.jimprimeenfrance.fr\/blog\/stickers-adhesifs-personnalises-des-supports-malins-pour-booster-votre-communication\/#primaryimage"},"image":{"@id":"https:\/\/www.jimprimeenfrance.fr\/blog\/stickers-adhesifs-personnalises-des-supports-malins-pour-booster-votre-communication\/#primaryimage"},"thumbnailUrl":"https:\/\/www.jimprimeenfrance.fr\/blog\/wp-content\/uploads\/2025\/04\/Free-Window-Sticker-Mockup-1.png","datePublished":"2025-06-03T12:49:17+00:00","dateModified":"2025-06-03T12:49:26+00:00","description":"Boostez votre visibilit\u00e9 avec des stickers et adh\u00e9sifs personnalis\u00e9s, parfaits pour les soldes, vitrines et packagings.","breadcrumb":{"@id":"https:\/\/www.jimprimeenfrance.fr\/blog\/stickers-adhesifs-personnalises-des-supports-malins-pour-booster-votre-communication\/#breadcrumb"},"inLanguage":"fr-FR","potentialAction":[{"@type":"ReadAction","target":["https:\/\/www.jimprimeenfrance.fr\/blog\/stickers-adhesifs-personnalises-des-supports-malins-pour-booster-votre-communication\/"]}]},{"@type":"ImageObject","inLanguage":"fr-FR","@id":"https:\/\/www.jimprimeenfrance.fr\/blog\/stickers-adhesifs-personnalises-des-supports-malins-pour-booster-votre-communication\/#primaryimage","url":"https:\/\/www.jimprimeenfrance.fr\/blog\/wp-content\/uploads\/2025\/04\/Free-Window-Sticker-Mockup-1.png","contentUrl":"https:\/\/www.jimprimeenfrance.fr\/blog\/wp-content\/uploads\/2025\/04\/Free-Window-Sticker-Mockup-1.png","width":4500,"height":3000},{"@type":"BreadcrumbList","@id":"https:\/\/www.jimprimeenfrance.fr\/blog\/stickers-adhesifs-personnalises-des-supports-malins-pour-booster-votre-communication\/#breadcrumb","itemListElement":[{"@type":"ListItem","position":1,"name":"Accueil","item":"https:\/\/www.jimprimeenfrance.fr\/blog\/"},{"@type":"ListItem","position":2,"name":"Stickers &#038; adh\u00e9sifs personnalis\u00e9s : des supports malins pour booster votre communication"}]},{"@type":"WebSite","@id":"https:\/\/www.jimprimeenfrance.fr\/blog\/#website","url":"https:\/\/www.jimprimeenfrance.fr\/blog\/","name":"Votre imprimerie en ligne, le blog","description":"Impressionnez et faites bonne impression avec nos conseils d&#039;imprimerie online","publisher":{"@id":"https:\/\/www.jimprimeenfrance.fr\/blog\/#organization"},"potentialAction":[{"@type":"SearchAction","target":{"@type":"EntryPoint","urlTemplate":"https:\/\/www.jimprimeenfrance.fr\/blog\/?s={search_term_string}"},"query-input":{"@type":"PropertyValueSpecification","valueRequired":true,"valueName":"search_term_string"}}],"inLanguage":"fr-FR"},{"@type":"Organization","@id":"https:\/\/www.jimprimeenfrance.fr\/blog\/#organization","name":"PrintBasPrix - Imprimerie en ligne","url":"https:\/\/www.jimprimeenfrance.fr\/blog\/","logo":{"@type":"ImageObject","inLanguage":"fr-FR","@id":"https:\/\/www.jimprimeenfrance.fr\/blog\/#\/schema\/logo\/image\/","url":"https:\/\/www.jimprimeenfrance.fr\/blog\/wp-content\/uploads\/2018\/07\/cropped-printbasprix-imprimeur-en-ligne.png","contentUrl":"https:\/\/www.jimprimeenfrance.fr\/blog\/wp-content\/uploads\/2018\/07\/cropped-printbasprix-imprimeur-en-ligne.png","width":361,"height":86,"caption":"PrintBasPrix - Imprimerie en ligne"},"image":{"@id":"https:\/\/www.jimprimeenfrance.fr\/blog\/#\/schema\/logo\/image\/"},"sameAs":["https:\/\/www.facebook.com\/PrintBasPrix","https:\/\/x.com\/PrintBasPrix","https:\/\/www.instagram.com\/printbasprix\/","https:\/\/www.linkedin.com\/company\/printbasprix\/","https:\/\/www.youtube.com\/channel\/UC0Ysbd0Gbzzp0yMgrfNQqug"]},{"@type":"Person","@id":"https:\/\/www.jimprimeenfrance.fr\/blog\/#\/schema\/person\/c5908efce65874ac39978f5a0ce6e195","name":"Alyz\u00e9e","image":{"@type":"ImageObject","inLanguage":"fr-FR","@id":"https:\/\/secure.gravatar.com\/avatar\/a29acbd2174611e826f7d881823703b38d7670f74c32c8b99d13ba9b25f07eff?s=96&r=g","url":"https:\/\/secure.gravatar.com\/avatar\/a29acbd2174611e826f7d881823703b38d7670f74c32c8b99d13ba9b25f07eff?s=96&r=g","contentUrl":"https:\/\/secure.gravatar.com\/avatar\/a29acbd2174611e826f7d881823703b38d7670f74c32c8b99d13ba9b25f07eff?s=96&r=g","caption":"Alyz\u00e9e"},"url":"https:\/\/www.jimprimeenfrance.fr\/blog\/author\/fabien\/"}]}},"_links":{"self":[{"href":"https:\/\/www.jimprimeenfrance.fr\/blog\/wp-json\/wp\/v2\/posts\/8010","targetHints":{"allow":["GET"]}}],"collection":[{"href":"https:\/\/www.jimprimeenfrance.fr\/blog\/wp-json\/wp\/v2\/posts"}],"about":[{"href":"https:\/\/www.jimprimeenfrance.fr\/blog\/wp-json\/wp\/v2\/types\/post"}],"author":[{"embeddable":true,"href":"https:\/\/www.jimprimeenfrance.fr\/blog\/wp-json\/wp\/v2\/users\/1"}],"replies":[{"embeddable":true,"href":"https:\/\/www.jimprimeenfrance.fr\/blog\/wp-json\/wp\/v2\/comments?post=8010"}],"version-history":[{"count":8,"href":"https:\/\/www.jimprimeenfrance.fr\/blog\/wp-json\/wp\/v2\/posts\/8010\/revisions"}],"predecessor-version":[{"id":8050,"href":"https:\/\/www.jimprimeenfrance.fr\/blog\/wp-json\/wp\/v2\/posts\/8010\/revisions\/8050"}],"wp:featuredmedia":[{"embeddable":true,"href":"https:\/\/www.jimprimeenfrance.fr\/blog\/wp-json\/wp\/v2\/media\/8014"}],"wp:attachment":[{"href":"https:\/\/www.jimprimeenfrance.fr\/blog\/wp-json\/wp\/v2\/media?parent=8010"}],"wp:term":[{"taxonomy":"category","embeddable":true,"href":"https:\/\/www.jimprimeenfrance.fr\/blog\/wp-json\/wp\/v2\/categories?post=8010"},{"taxonomy":"post_tag","embeddable":true,"href":"https:\/\/www.jimprimeenfrance.fr\/blog\/wp-json\/wp\/v2\/tags?post=8010"}],"curies":[{"name":"wp","href":"https:\/\/api.w.org\/{rel}","templated":true}]}}