{"id":7999,"date":"2025-04-10T10:52:39","date_gmt":"2025-04-10T08:52:39","guid":{"rendered":"https:\/\/www.jimprimeenfrance.fr\/blog\/?p=7999"},"modified":"2025-04-10T10:55:50","modified_gmt":"2025-04-10T08:55:50","slug":"les-couleurs-incontournables-pour-le-printemps","status":"publish","type":"post","link":"https:\/\/www.jimprimeenfrance.fr\/blog\/les-couleurs-incontournables-pour-le-printemps\/","title":{"rendered":"Les couleurs incontournables pour le printemps"},"content":{"rendered":"\n<p>Le <strong>printemps<\/strong> est enfin l\u00e0, et avec lui, un vrai feu d\u2019artifice de couleurs ! Exit la grisaille de l\u2019hiver, place aux teintes p\u00e9tillantes, aux nuances pastel et aux <strong>couleurs<\/strong> \u00e9clatantes qui r\u00e9veillent nos designs (et notre moral &#x1f609;).<\/p>\n\n\n\n<p>Graphiste, charg\u00e9 de communication ou entrepreneur, impossible de passer \u00e0 c\u00f4t\u00e9 des <strong>couleurs du printemps<\/strong>. Elles donnent du peps aux visuels, attirent le regard et insufflent une \u00e9nergie nouvelle \u00e0 vos supports imprim\u00e9s. <a href=\"https:\/\/www.jimprimeenfrance.fr\/impression-flyer-en-ligne\">Flyers<\/a>, <a href=\"https:\/\/www.jimprimeenfrance.fr\/impression-affiche-en-ligne\">affiches<\/a>, <a href=\"https:\/\/www.jimprimeenfrance.fr\/blog\/le-kakemono-rollup-un-outil-de-communication-evenementielle-indispensable\/\">kak\u00e9monos<\/a>\u2026 Il est temps de rafra\u00eechir votre communication et d\u2019apporter une touche printani\u00e8re \u00e0 vos cr\u00e9ations.<\/p>\n\n\n\n<p>Alors, quelles sont les couleurs incontournables pour le <strong>printemps 2025<\/strong> ? Quelles palettes tendance vont faire vibrer vos impressions ? Spoiler alerte : entre teintes naturelles apaisantes et \u00e9clats vitamin\u00e9s, il y en aura pour tous les go\u00fbts &#x1f3a8;<\/p>\n\n\n\n<div style=\"height:40px\" aria-hidden=\"true\" class=\"wp-block-spacer\"><\/div>\n\n\n\n<h2 class=\"wp-block-heading has-large-font-size\"><strong>Les couleurs du printemps : tendances et inspirations<\/strong><\/h2>\n\n\n\n<p>2025 signe le grand retour des pastels rafra\u00eechissants, des tons naturels ultra apaisants et des teintes vibrantes qui r\u00e9veillent l\u2019\u0153il (et l\u2019envie de cr\u00e9ativit\u00e9 !). Que ce soit en mode, en d\u00e9co ou en design graphique, voici les palettes qui vont faire sensation cette saison.<\/p>\n\n\n\n<div style=\"height:40px\" aria-hidden=\"true\" class=\"wp-block-spacer\"><\/div>\n\n\n\n<h3 class=\"wp-block-heading\"><strong>Les couleurs naturelles et organiques<\/strong><\/h3>\n\n\n\n<p>Du vert sauge, doux, au vert olive, plus profond et \u00e9l\u00e9gant, ces nuances rappellent la nature et donnent une touche d\u2019authenticit\u00e9 aux visuels. Id\u00e9al pour des supports de communication \u00e9co-friendly ou des designs en qu\u00eate de s\u00e9r\u00e9nit\u00e9.<\/p>\n\n\n\n<div style=\"height:40px\" aria-hidden=\"true\" class=\"wp-block-spacer\"><\/div>\n\n\n\n<h3 class=\"wp-block-heading\"><strong>Les pastels doux<\/strong><\/h3>\n\n\n\n<p>Impossible d\u2019imaginer le <strong>printemps<\/strong> sans son lot de couleurs pastel ! Rose poudr\u00e9, bleu ciel, jaune\u2026 Ces teintes d\u00e9licates sont parfaites pour \u00e9voquer la douceur et l\u2019\u00e9l\u00e9gance. Elles sont id\u00e9ales pour des cr\u00e9ations qui misent sur le minimalisme tout en restant impactantes.<\/p>\n\n\n\n<div style=\"height:40px\" aria-hidden=\"true\" class=\"wp-block-spacer\"><\/div>\n\n\n\n<h3 class=\"wp-block-heading\"><strong>Les couleurs vitamin\u00e9es<\/strong><\/h3>\n\n\n\n<p>Envie d\u2019un visuel qui capte l\u2019attention instantan\u00e9ment ? Les couleurs ultra dynamiques comme le jaune, l\u2019orange et le rouge sont faites pour \u00e7a ! Ces teintes pleines d\u2019\u00e9nergie \u00e9voquent la joie, la chaleur et la cr\u00e9ativit\u00e9. Parfaites pour donner du punch \u00e0 une affiche, un flyer ou un kakemono.<\/p>\n\n\n\n<p>En tout cas, une chose est s\u00fbre : les couleurs du printemps ont de quoi booster votre <a href=\"https:\/\/www.jimprimeenfrance.fr\/blog\/comment-analyser-les-performances-de-la-communication\/\">communication<\/a> ! Et \u00e7a, on adore. &#x1f49b;<\/p>\n\n\n\n<div style=\"height:40px\" aria-hidden=\"true\" class=\"wp-block-spacer\"><\/div>\n\n\n\n<h2 class=\"wp-block-heading has-large-font-size\"><strong>Top 5 des couleurs incontournables pour le printemps 2025<\/strong><\/h2>\n\n\n\n<p>Pour pr\u00e9parer une campagne publicitaire, un flyer ou un <a href=\"https:\/\/www.jimprimeenfrance.fr\/impression-kakemono-roll-up-economique\">kak\u00e9mono<\/a>, ces 5 couleurs phares du printemps vont donner un coup de boost \u00e0 vos cr\u00e9ations.<\/p>\n\n\n\n<div style=\"height:40px\" aria-hidden=\"true\" class=\"wp-block-spacer\"><\/div>\n\n\n\n<h3 class=\"wp-block-heading\"><strong>Vert sauge : l\u2019\u00e9l\u00e9gance naturelle &#x1f33f;<\/strong><\/h3>\n\n\n\n<p>C\u2019est LA couleur qui continue de s\u00e9duire en 2025 ! \u00c0 mi-chemin entre le vert d\u2019eau et le gris, le vert sauge apporte une touche zen et sophistiqu\u00e9e \u00e0 vos visuels. Il \u00e9voque la nature, la durabilit\u00e9 et la s\u00e9r\u00e9nit\u00e9.<\/p>\n\n\n\n<p>&#x2705; Pourquoi l\u2019adopter ?<\/p>\n\n\n\n<ul class=\"wp-block-list\">\n<li>Id\u00e9al pour des visuels \u00e9co-friendly ou des designs \u00e9pur\u00e9s.<\/li>\n\n\n\n<li>Parfait en fond doux ou en accent color\u00e9 sur vos affiches et flyers.<\/li>\n<\/ul>\n\n\n\n<p>&#x1f58c; \u00c0 associer avec : du beige, du terracotta ou un bleu profond pour un effet apaisant.<\/p>\n\n\n\n<div style=\"height:40px\" aria-hidden=\"true\" class=\"wp-block-spacer\"><\/div>\n\n\n\n<h3 class=\"wp-block-heading\"><strong>Jaune : un concentr\u00e9 d\u2019\u00e9nergie &#x2600;&#xfe0f;<\/strong><\/h3>\n\n\n\n<p>Si le printemps \u00e9tait une couleur, ce serait bien le jaune \u00e9clatant ! Chaleureux et lumineux, le jaune apporte optimisme et dynamisme. Il attire l\u2019\u0153il et donne un coup de peps \u00e0 vos supports imprim\u00e9s.<\/p>\n\n\n\n<p>&#x2705; Pourquoi l\u2019adopter ?<\/p>\n\n\n\n<ul class=\"wp-block-list\">\n<li>Id\u00e9al pour les flyers promotionnels et les affiches \u00e9v\u00e9nementielles.<\/li>\n\n\n\n<li>Une couleur qui capte instantan\u00e9ment l\u2019attention.<\/li>\n<\/ul>\n\n\n\n<p>&#x1f58c; \u00c0 associer avec : du blanc pour un rendu \u00e9pur\u00e9, ou du bleu turquoise pour un contraste ultra-vivant.<\/p>\n\n\n\n<div style=\"height:40px\" aria-hidden=\"true\" class=\"wp-block-spacer\"><\/div>\n\n\n\n<h3 class=\"wp-block-heading\"><strong>Rose poudr\u00e9 : douceur et modernit\u00e9 &#x1f380;<\/strong><\/h3>\n\n\n\n<p>Le rose poudr\u00e9 continue de s\u2019imposer comme une teinte intemporelle. \u00c0 la fois \u00e9l\u00e9gant, frais et apaisant, il est parfait pour des cr\u00e9ations raffin\u00e9es, f\u00e9minines et modernes.<\/p>\n\n\n\n<p>&#x2705; Pourquoi l\u2019adopter ?<\/p>\n\n\n\n<ul class=\"wp-block-list\">\n<li>Tr\u00e8s tendance en branding et en design print.<\/li>\n\n\n\n<li>Apporte une touche douce et \u00e9l\u00e9gante \u00e0 vos supports.<\/li>\n<\/ul>\n\n\n\n<p>&#x1f58c; \u00c0 associer avec : du dor\u00e9 pour un effet chic, ou du gris clair pour une atmosph\u00e8re minimaliste.<\/p>\n\n\n\n<div style=\"height:40px\" aria-hidden=\"true\" class=\"wp-block-spacer\"><\/div>\n\n\n\n<h3 class=\"wp-block-heading\"><strong>Bleu : Fra\u00eecheur et s\u00e9r\u00e9nit\u00e9 &#x1f30a;<\/strong><\/h3>\n\n\n\n<p>Inspir\u00e9 des ciels d\u00e9gag\u00e9s et des mers limpides, le bleu est la couleur du calme et de l\u2019\u00e9vasion. En 2025, il s\u2019impose comme un must-have pour des visuels frais et a\u00e9r\u00e9s.<\/p>\n\n\n\n<p>&#x2705; Pourquoi l\u2019adopter ?<\/p>\n\n\n\n<ul class=\"wp-block-list\">\n<li>Id\u00e9al pour des supports print qui v\u00e9hiculent confiance et professionnalisme.<\/li>\n\n\n\n<li>Parfait pour des designs estivaux ou printaniers.<\/li>\n<\/ul>\n\n\n\n<p>&#x1f58c; \u00c0 associer avec : du blanc et des tons sable pour une harmonie tout en douceur.<\/p>\n\n\n\n<div style=\"height:40px\" aria-hidden=\"true\" class=\"wp-block-spacer\"><\/div>\n\n\n\n<h3 class=\"wp-block-heading\"><strong>Orange corail : peps et dynamisme &#x1f34a;<\/strong><\/h3>\n\n\n\n<p>Ni trop rouge, ni trop orange, le corail est la couleur qui donne du rythme et du dynamisme aux visuels ! Il \u00e9voque l\u2019enthousiasme, l\u2019\u00e9nergie et la cr\u00e9ativit\u00e9.<\/p>\n\n\n\n<p>&#x2705; Pourquoi l\u2019adopter ?<\/p>\n\n\n\n<ul class=\"wp-block-list\">\n<li>Id\u00e9al pour des affiches percutantes et des flyers qui ne passent pas inaper\u00e7us.<\/li>\n\n\n\n<li>Apporte une touche de modernit\u00e9 et de fun \u00e0 vos designs.<\/li>\n<\/ul>\n\n\n\n<p>&#x1f58c; \u00c0 associer avec : du vert pour un contraste os\u00e9, ou du nude pour un effet plus doux.<\/p>\n\n\n\n<div style=\"height:40px\" aria-hidden=\"true\" class=\"wp-block-spacer\"><\/div>\n\n\n\n<h2 class=\"wp-block-heading has-large-font-size\"><strong>Comment utiliser ces couleurs printani\u00e8res dans vos supports imprim\u00e9s ?<\/strong><\/h2>\n\n\n\n<p>Ok, vous avez rep\u00e9r\u00e9 les couleurs phares du printemps 2025\u2026 Mais maintenant, comment les utiliser efficacement sur vos flyers, affiches, kakemonos et autres <a href=\"https:\/\/www.jimprimeenfrance.fr\/blog\/les-differents-supports-de-communication-print-et-leurs-enjeux\/\">supports print<\/a> ? &#x1f914; Tout est une question d\u2019\u00e9quilibre et d\u2019impact visuel !<\/p>\n\n\n\n<div style=\"height:40px\" aria-hidden=\"true\" class=\"wp-block-spacer\"><\/div>\n\n\n\n<h3 class=\"wp-block-heading\"><strong>Harmoniser les couleurs pour une communication coh\u00e9rente<\/strong><\/h3>\n\n\n\n<p>Le secret d\u2019un visuel r\u00e9ussi ? Une palette bien pens\u00e9e ! Associez vos couleurs printani\u00e8res en fonction du message que vous souhaitez transmettre :<\/p>\n\n\n\n<p>Vous voulez une ambiance apaisante et naturelle ?<\/p>\n\n\n\n<p>&#x1f449; Optez pour du vert, du beige et des teintes terreuses.<\/p>\n\n\n\n<p>Vous cherchez \u00e0 booster l\u2019\u00e9nergie de vos supports ?<\/p>\n\n\n\n<p>&#x1f449; Misez sur des couleurs vitamin\u00e9es comme le jaune ou l\u2019orange !<\/p>\n\n\n\n<p>&nbsp;Vous souhaitez un design \u00e9l\u00e9gant et minimaliste ?<\/p>\n\n\n\n<p>&#x1f449; Le rose, associ\u00e9 \u00e0 du blanc ou du dor\u00e9, fera des merveilles.<\/p>\n\n\n\n<p>Pensez \u00e0 utiliser un cercle chromatique pour trouver des associations harmonieuses et \u00e9viter les faux pas colorim\u00e9triques.<\/p>\n\n\n\n<div style=\"height:40px\" aria-hidden=\"true\" class=\"wp-block-spacer\"><\/div>\n\n\n\n<h3 class=\"wp-block-heading\"><strong>Jouer avec les \u00e9motions des couleurs<\/strong><\/h3>\n\n\n\n<p>Les <a href=\"https:\/\/www.jimprimeenfrance.fr\/blog\/comment-les-couleurs-influencent-vos-strategies-de-marketing-et-vos-clients\/\">couleurs<\/a> ne sont pas juste d\u00e9coratives, elles \u00e9voquent des \u00e9motions et influencent les perceptions. Voici quelques exemples d\u2019utilisations strat\u00e9giques :<\/p>\n\n\n\n<p>Le vert \u2192 S\u00e9r\u00e9nit\u00e9, nature, \u00e9co-responsabilit\u00e9 &#x1f331;<\/p>\n\n\n\n<p>Le jaune \u2192 Optimisme, \u00e9nergie, convivialit\u00e9 &#x2600;&#xfe0f;<\/p>\n\n\n\n<p>Le rose \u2192 Douceur, f\u00e9minit\u00e9, modernit\u00e9 &#x1f380;<\/p>\n\n\n\n<p>Le bleu \u2192 Confiance, fra\u00eecheur, s\u00e9r\u00e9nit\u00e9 &#x1f30a;<\/p>\n\n\n\n<p>L\u2019orange \u2192 Dynamisme, cr\u00e9ativit\u00e9, enthousiasme &#x1f34a;<\/p>\n\n\n\n<p>Posez-vous toujours la question : \u00ab\u00a0Quelle \u00e9motion je veux transmettre avec mon visuel ?\u00a0\u00bb. Une couleur bien choisie peut faire toute la diff\u00e9rence !<\/p>\n\n\n\n<p><\/p>\n","protected":false},"excerpt":{"rendered":"<p>Le printemps est enfin l\u00e0, et avec lui, un vrai feu d\u2019artifice de couleurs ! Exit la grisaille de l\u2019hiver, place aux teintes p\u00e9tillantes, aux nuances pastel et aux couleurs \u00e9clatantes qui r\u00e9veillent nos designs (et notre moral &#x1f609;). Graphiste, charg\u00e9 de communication ou entrepreneur, impossible de passer \u00e0 c\u00f4t\u00e9 des couleurs du printemps. Elles [&hellip;]<\/p>\n","protected":false},"author":1,"featured_media":8007,"comment_status":"open","ping_status":"open","sticky":false,"template":"","format":"standard","meta":{"_editorskit_title_hidden":false,"_editorskit_reading_time":0,"_editorskit_is_block_options_detached":false,"_editorskit_block_options_position":"{}","footnotes":""},"categories":[591,54],"tags":[],"class_list":["post-7999","post","type-post","status-publish","format-standard","has-post-thumbnail","hentry","category-graphisme","category-marketing"],"yoast_head":"<!-- This site is optimized with the Yoast SEO plugin v27.5 - https:\/\/yoast.com\/product\/yoast-seo-wordpress\/ -->\r\n<title>Les couleurs incontournables pour le printemps - Votre imprimerie en ligne, le blog<\/title>\r\n<meta name=\"description\" content=\"Impossible de passer \u00e0 c\u00f4t\u00e9 des couleurs du printemps. Elles donnent du peps aux visuels et attirent le regard sur vos supports imprim\u00e9s.\" \/>\r\n<meta name=\"robots\" content=\"index, follow, max-snippet:-1, max-image-preview:large, max-video-preview:-1\" \/>\r\n<link rel=\"canonical\" href=\"https:\/\/www.jimprimeenfrance.fr\/blog\/les-couleurs-incontournables-pour-le-printemps\/\" \/>\r\n<meta property=\"og:locale\" content=\"fr_FR\" \/>\r\n<meta property=\"og:type\" content=\"article\" \/>\r\n<meta property=\"og:title\" content=\"Les couleurs incontournables pour le printemps - Votre imprimerie en ligne, le blog\" \/>\r\n<meta property=\"og:description\" content=\"Impossible de passer \u00e0 c\u00f4t\u00e9 des couleurs du printemps. Elles donnent du peps aux visuels et attirent le regard sur vos supports imprim\u00e9s.\" \/>\r\n<meta property=\"og:url\" content=\"https:\/\/www.jimprimeenfrance.fr\/blog\/les-couleurs-incontournables-pour-le-printemps\/\" \/>\r\n<meta property=\"og:site_name\" content=\"Votre imprimerie en ligne, le blog\" \/>\r\n<meta property=\"article:publisher\" content=\"https:\/\/www.facebook.com\/PrintBasPrix\" \/>\r\n<meta property=\"article:published_time\" content=\"2025-04-10T08:52:39+00:00\" \/>\r\n<meta property=\"article:modified_time\" content=\"2025-04-10T08:55:50+00:00\" \/>\r\n<meta property=\"og:image\" content=\"https:\/\/www.jimprimeenfrance.fr\/blog\/wp-content\/uploads\/2025\/04\/couleurs-printemps.jpg\" \/>\r\n\t<meta property=\"og:image:width\" content=\"6912\" \/>\r\n\t<meta property=\"og:image:height\" content=\"3456\" \/>\r\n\t<meta property=\"og:image:type\" content=\"image\/jpeg\" \/>\r\n<meta name=\"author\" content=\"Alyz\u00e9e\" \/>\r\n<meta name=\"twitter:card\" content=\"summary_large_image\" \/>\r\n<meta name=\"twitter:creator\" content=\"@PrintBasPrix\" \/>\r\n<meta name=\"twitter:site\" content=\"@PrintBasPrix\" \/>\r\n<meta name=\"twitter:label1\" content=\"\u00c9crit par\" \/>\n\t<meta name=\"twitter:data1\" content=\"Alyz\u00e9e\" \/>\n\t<meta name=\"twitter:label2\" content=\"Dur\u00e9e de lecture estim\u00e9e\" \/>\n\t<meta name=\"twitter:data2\" content=\"6 minutes\" \/>\r\n<script type=\"application\/ld+json\" class=\"yoast-schema-graph\">{\"@context\":\"https:\\\/\\\/schema.org\",\"@graph\":[{\"@type\":\"Article\",\"@id\":\"https:\\\/\\\/www.jimprimeenfrance.fr\\\/blog\\\/les-couleurs-incontournables-pour-le-printemps\\\/#article\",\"isPartOf\":{\"@id\":\"https:\\\/\\\/www.jimprimeenfrance.fr\\\/blog\\\/les-couleurs-incontournables-pour-le-printemps\\\/\"},\"author\":{\"name\":\"Alyz\u00e9e\",\"@id\":\"https:\\\/\\\/www.jimprimeenfrance.fr\\\/blog\\\/#\\\/schema\\\/person\\\/c5908efce65874ac39978f5a0ce6e195\"},\"headline\":\"Les couleurs incontournables pour le printemps\",\"datePublished\":\"2025-04-10T08:52:39+00:00\",\"dateModified\":\"2025-04-10T08:55:50+00:00\",\"mainEntityOfPage\":{\"@id\":\"https:\\\/\\\/www.jimprimeenfrance.fr\\\/blog\\\/les-couleurs-incontournables-pour-le-printemps\\\/\"},\"wordCount\":1101,\"commentCount\":0,\"publisher\":{\"@id\":\"https:\\\/\\\/www.jimprimeenfrance.fr\\\/blog\\\/#organization\"},\"image\":{\"@id\":\"https:\\\/\\\/www.jimprimeenfrance.fr\\\/blog\\\/les-couleurs-incontournables-pour-le-printemps\\\/#primaryimage\"},\"thumbnailUrl\":\"https:\\\/\\\/www.jimprimeenfrance.fr\\\/blog\\\/wp-content\\\/uploads\\\/2025\\\/04\\\/couleurs-printemps.jpg\",\"articleSection\":[\"Graphisme\",\"Marketing\"],\"inLanguage\":\"fr-FR\",\"potentialAction\":[{\"@type\":\"CommentAction\",\"name\":\"Comment\",\"target\":[\"https:\\\/\\\/www.jimprimeenfrance.fr\\\/blog\\\/les-couleurs-incontournables-pour-le-printemps\\\/#respond\"]}]},{\"@type\":\"WebPage\",\"@id\":\"https:\\\/\\\/www.jimprimeenfrance.fr\\\/blog\\\/les-couleurs-incontournables-pour-le-printemps\\\/\",\"url\":\"https:\\\/\\\/www.jimprimeenfrance.fr\\\/blog\\\/les-couleurs-incontournables-pour-le-printemps\\\/\",\"name\":\"Les couleurs incontournables pour le printemps - Votre imprimerie en ligne, le blog\",\"isPartOf\":{\"@id\":\"https:\\\/\\\/www.jimprimeenfrance.fr\\\/blog\\\/#website\"},\"primaryImageOfPage\":{\"@id\":\"https:\\\/\\\/www.jimprimeenfrance.fr\\\/blog\\\/les-couleurs-incontournables-pour-le-printemps\\\/#primaryimage\"},\"image\":{\"@id\":\"https:\\\/\\\/www.jimprimeenfrance.fr\\\/blog\\\/les-couleurs-incontournables-pour-le-printemps\\\/#primaryimage\"},\"thumbnailUrl\":\"https:\\\/\\\/www.jimprimeenfrance.fr\\\/blog\\\/wp-content\\\/uploads\\\/2025\\\/04\\\/couleurs-printemps.jpg\",\"datePublished\":\"2025-04-10T08:52:39+00:00\",\"dateModified\":\"2025-04-10T08:55:50+00:00\",\"description\":\"Impossible de passer \u00e0 c\u00f4t\u00e9 des couleurs du printemps. Elles donnent du peps aux visuels et attirent le regard sur vos supports imprim\u00e9s.\",\"breadcrumb\":{\"@id\":\"https:\\\/\\\/www.jimprimeenfrance.fr\\\/blog\\\/les-couleurs-incontournables-pour-le-printemps\\\/#breadcrumb\"},\"inLanguage\":\"fr-FR\",\"potentialAction\":[{\"@type\":\"ReadAction\",\"target\":[\"https:\\\/\\\/www.jimprimeenfrance.fr\\\/blog\\\/les-couleurs-incontournables-pour-le-printemps\\\/\"]}]},{\"@type\":\"ImageObject\",\"inLanguage\":\"fr-FR\",\"@id\":\"https:\\\/\\\/www.jimprimeenfrance.fr\\\/blog\\\/les-couleurs-incontournables-pour-le-printemps\\\/#primaryimage\",\"url\":\"https:\\\/\\\/www.jimprimeenfrance.fr\\\/blog\\\/wp-content\\\/uploads\\\/2025\\\/04\\\/couleurs-printemps.jpg\",\"contentUrl\":\"https:\\\/\\\/www.jimprimeenfrance.fr\\\/blog\\\/wp-content\\\/uploads\\\/2025\\\/04\\\/couleurs-printemps.jpg\",\"width\":6912,\"height\":3456},{\"@type\":\"BreadcrumbList\",\"@id\":\"https:\\\/\\\/www.jimprimeenfrance.fr\\\/blog\\\/les-couleurs-incontournables-pour-le-printemps\\\/#breadcrumb\",\"itemListElement\":[{\"@type\":\"ListItem\",\"position\":1,\"name\":\"Accueil\",\"item\":\"https:\\\/\\\/www.jimprimeenfrance.fr\\\/blog\\\/\"},{\"@type\":\"ListItem\",\"position\":2,\"name\":\"Les couleurs incontournables pour le printemps\"}]},{\"@type\":\"WebSite\",\"@id\":\"https:\\\/\\\/www.jimprimeenfrance.fr\\\/blog\\\/#website\",\"url\":\"https:\\\/\\\/www.jimprimeenfrance.fr\\\/blog\\\/\",\"name\":\"Votre imprimerie en ligne, le blog\",\"description\":\"Impressionnez et faites bonne impression avec nos conseils d&#039;imprimerie online\",\"publisher\":{\"@id\":\"https:\\\/\\\/www.jimprimeenfrance.fr\\\/blog\\\/#organization\"},\"potentialAction\":[{\"@type\":\"SearchAction\",\"target\":{\"@type\":\"EntryPoint\",\"urlTemplate\":\"https:\\\/\\\/www.jimprimeenfrance.fr\\\/blog\\\/?s={search_term_string}\"},\"query-input\":{\"@type\":\"PropertyValueSpecification\",\"valueRequired\":true,\"valueName\":\"search_term_string\"}}],\"inLanguage\":\"fr-FR\"},{\"@type\":\"Organization\",\"@id\":\"https:\\\/\\\/www.jimprimeenfrance.fr\\\/blog\\\/#organization\",\"name\":\"PrintBasPrix - Imprimerie en ligne\",\"url\":\"https:\\\/\\\/www.jimprimeenfrance.fr\\\/blog\\\/\",\"logo\":{\"@type\":\"ImageObject\",\"inLanguage\":\"fr-FR\",\"@id\":\"https:\\\/\\\/www.jimprimeenfrance.fr\\\/blog\\\/#\\\/schema\\\/logo\\\/image\\\/\",\"url\":\"https:\\\/\\\/www.jimprimeenfrance.fr\\\/blog\\\/wp-content\\\/uploads\\\/2018\\\/07\\\/cropped-printbasprix-imprimeur-en-ligne.png\",\"contentUrl\":\"https:\\\/\\\/www.jimprimeenfrance.fr\\\/blog\\\/wp-content\\\/uploads\\\/2018\\\/07\\\/cropped-printbasprix-imprimeur-en-ligne.png\",\"width\":361,\"height\":86,\"caption\":\"PrintBasPrix - Imprimerie en ligne\"},\"image\":{\"@id\":\"https:\\\/\\\/www.jimprimeenfrance.fr\\\/blog\\\/#\\\/schema\\\/logo\\\/image\\\/\"},\"sameAs\":[\"https:\\\/\\\/www.facebook.com\\\/PrintBasPrix\",\"https:\\\/\\\/x.com\\\/PrintBasPrix\",\"https:\\\/\\\/www.instagram.com\\\/printbasprix\\\/\",\"https:\\\/\\\/www.linkedin.com\\\/company\\\/printbasprix\\\/\",\"https:\\\/\\\/www.youtube.com\\\/channel\\\/UC0Ysbd0Gbzzp0yMgrfNQqug\"]},{\"@type\":\"Person\",\"@id\":\"https:\\\/\\\/www.jimprimeenfrance.fr\\\/blog\\\/#\\\/schema\\\/person\\\/c5908efce65874ac39978f5a0ce6e195\",\"name\":\"Alyz\u00e9e\",\"image\":{\"@type\":\"ImageObject\",\"inLanguage\":\"fr-FR\",\"@id\":\"https:\\\/\\\/secure.gravatar.com\\\/avatar\\\/a29acbd2174611e826f7d881823703b38d7670f74c32c8b99d13ba9b25f07eff?s=96&r=g\",\"url\":\"https:\\\/\\\/secure.gravatar.com\\\/avatar\\\/a29acbd2174611e826f7d881823703b38d7670f74c32c8b99d13ba9b25f07eff?s=96&r=g\",\"contentUrl\":\"https:\\\/\\\/secure.gravatar.com\\\/avatar\\\/a29acbd2174611e826f7d881823703b38d7670f74c32c8b99d13ba9b25f07eff?s=96&r=g\",\"caption\":\"Alyz\u00e9e\"},\"url\":\"https:\\\/\\\/www.jimprimeenfrance.fr\\\/blog\\\/author\\\/fabien\\\/\"}]}<\/script>\r\n<!-- \/ Yoast SEO plugin. -->","yoast_head_json":{"title":"Les couleurs incontournables pour le printemps - Votre imprimerie en ligne, le blog","description":"Impossible de passer \u00e0 c\u00f4t\u00e9 des couleurs du printemps. Elles donnent du peps aux visuels et attirent le regard sur vos supports imprim\u00e9s.","robots":{"index":"index","follow":"follow","max-snippet":"max-snippet:-1","max-image-preview":"max-image-preview:large","max-video-preview":"max-video-preview:-1"},"canonical":"https:\/\/www.jimprimeenfrance.fr\/blog\/les-couleurs-incontournables-pour-le-printemps\/","og_locale":"fr_FR","og_type":"article","og_title":"Les couleurs incontournables pour le printemps - Votre imprimerie en ligne, le blog","og_description":"Impossible de passer \u00e0 c\u00f4t\u00e9 des couleurs du printemps. Elles donnent du peps aux visuels et attirent le regard sur vos supports imprim\u00e9s.","og_url":"https:\/\/www.jimprimeenfrance.fr\/blog\/les-couleurs-incontournables-pour-le-printemps\/","og_site_name":"Votre imprimerie en ligne, le blog","article_publisher":"https:\/\/www.facebook.com\/PrintBasPrix","article_published_time":"2025-04-10T08:52:39+00:00","article_modified_time":"2025-04-10T08:55:50+00:00","og_image":[{"width":6912,"height":3456,"url":"https:\/\/www.jimprimeenfrance.fr\/blog\/wp-content\/uploads\/2025\/04\/couleurs-printemps.jpg","type":"image\/jpeg"}],"author":"Alyz\u00e9e","twitter_card":"summary_large_image","twitter_creator":"@PrintBasPrix","twitter_site":"@PrintBasPrix","twitter_misc":{"\u00c9crit par":"Alyz\u00e9e","Dur\u00e9e de lecture estim\u00e9e":"6 minutes"},"schema":{"@context":"https:\/\/schema.org","@graph":[{"@type":"Article","@id":"https:\/\/www.jimprimeenfrance.fr\/blog\/les-couleurs-incontournables-pour-le-printemps\/#article","isPartOf":{"@id":"https:\/\/www.jimprimeenfrance.fr\/blog\/les-couleurs-incontournables-pour-le-printemps\/"},"author":{"name":"Alyz\u00e9e","@id":"https:\/\/www.jimprimeenfrance.fr\/blog\/#\/schema\/person\/c5908efce65874ac39978f5a0ce6e195"},"headline":"Les couleurs incontournables pour le printemps","datePublished":"2025-04-10T08:52:39+00:00","dateModified":"2025-04-10T08:55:50+00:00","mainEntityOfPage":{"@id":"https:\/\/www.jimprimeenfrance.fr\/blog\/les-couleurs-incontournables-pour-le-printemps\/"},"wordCount":1101,"commentCount":0,"publisher":{"@id":"https:\/\/www.jimprimeenfrance.fr\/blog\/#organization"},"image":{"@id":"https:\/\/www.jimprimeenfrance.fr\/blog\/les-couleurs-incontournables-pour-le-printemps\/#primaryimage"},"thumbnailUrl":"https:\/\/www.jimprimeenfrance.fr\/blog\/wp-content\/uploads\/2025\/04\/couleurs-printemps.jpg","articleSection":["Graphisme","Marketing"],"inLanguage":"fr-FR","potentialAction":[{"@type":"CommentAction","name":"Comment","target":["https:\/\/www.jimprimeenfrance.fr\/blog\/les-couleurs-incontournables-pour-le-printemps\/#respond"]}]},{"@type":"WebPage","@id":"https:\/\/www.jimprimeenfrance.fr\/blog\/les-couleurs-incontournables-pour-le-printemps\/","url":"https:\/\/www.jimprimeenfrance.fr\/blog\/les-couleurs-incontournables-pour-le-printemps\/","name":"Les couleurs incontournables pour le printemps - Votre imprimerie en ligne, le blog","isPartOf":{"@id":"https:\/\/www.jimprimeenfrance.fr\/blog\/#website"},"primaryImageOfPage":{"@id":"https:\/\/www.jimprimeenfrance.fr\/blog\/les-couleurs-incontournables-pour-le-printemps\/#primaryimage"},"image":{"@id":"https:\/\/www.jimprimeenfrance.fr\/blog\/les-couleurs-incontournables-pour-le-printemps\/#primaryimage"},"thumbnailUrl":"https:\/\/www.jimprimeenfrance.fr\/blog\/wp-content\/uploads\/2025\/04\/couleurs-printemps.jpg","datePublished":"2025-04-10T08:52:39+00:00","dateModified":"2025-04-10T08:55:50+00:00","description":"Impossible de passer \u00e0 c\u00f4t\u00e9 des couleurs du printemps. Elles donnent du peps aux visuels et attirent le regard sur vos supports imprim\u00e9s.","breadcrumb":{"@id":"https:\/\/www.jimprimeenfrance.fr\/blog\/les-couleurs-incontournables-pour-le-printemps\/#breadcrumb"},"inLanguage":"fr-FR","potentialAction":[{"@type":"ReadAction","target":["https:\/\/www.jimprimeenfrance.fr\/blog\/les-couleurs-incontournables-pour-le-printemps\/"]}]},{"@type":"ImageObject","inLanguage":"fr-FR","@id":"https:\/\/www.jimprimeenfrance.fr\/blog\/les-couleurs-incontournables-pour-le-printemps\/#primaryimage","url":"https:\/\/www.jimprimeenfrance.fr\/blog\/wp-content\/uploads\/2025\/04\/couleurs-printemps.jpg","contentUrl":"https:\/\/www.jimprimeenfrance.fr\/blog\/wp-content\/uploads\/2025\/04\/couleurs-printemps.jpg","width":6912,"height":3456},{"@type":"BreadcrumbList","@id":"https:\/\/www.jimprimeenfrance.fr\/blog\/les-couleurs-incontournables-pour-le-printemps\/#breadcrumb","itemListElement":[{"@type":"ListItem","position":1,"name":"Accueil","item":"https:\/\/www.jimprimeenfrance.fr\/blog\/"},{"@type":"ListItem","position":2,"name":"Les couleurs incontournables pour le printemps"}]},{"@type":"WebSite","@id":"https:\/\/www.jimprimeenfrance.fr\/blog\/#website","url":"https:\/\/www.jimprimeenfrance.fr\/blog\/","name":"Votre imprimerie en ligne, le blog","description":"Impressionnez et faites bonne impression avec nos conseils d&#039;imprimerie online","publisher":{"@id":"https:\/\/www.jimprimeenfrance.fr\/blog\/#organization"},"potentialAction":[{"@type":"SearchAction","target":{"@type":"EntryPoint","urlTemplate":"https:\/\/www.jimprimeenfrance.fr\/blog\/?s={search_term_string}"},"query-input":{"@type":"PropertyValueSpecification","valueRequired":true,"valueName":"search_term_string"}}],"inLanguage":"fr-FR"},{"@type":"Organization","@id":"https:\/\/www.jimprimeenfrance.fr\/blog\/#organization","name":"PrintBasPrix - Imprimerie en ligne","url":"https:\/\/www.jimprimeenfrance.fr\/blog\/","logo":{"@type":"ImageObject","inLanguage":"fr-FR","@id":"https:\/\/www.jimprimeenfrance.fr\/blog\/#\/schema\/logo\/image\/","url":"https:\/\/www.jimprimeenfrance.fr\/blog\/wp-content\/uploads\/2018\/07\/cropped-printbasprix-imprimeur-en-ligne.png","contentUrl":"https:\/\/www.jimprimeenfrance.fr\/blog\/wp-content\/uploads\/2018\/07\/cropped-printbasprix-imprimeur-en-ligne.png","width":361,"height":86,"caption":"PrintBasPrix - Imprimerie en ligne"},"image":{"@id":"https:\/\/www.jimprimeenfrance.fr\/blog\/#\/schema\/logo\/image\/"},"sameAs":["https:\/\/www.facebook.com\/PrintBasPrix","https:\/\/x.com\/PrintBasPrix","https:\/\/www.instagram.com\/printbasprix\/","https:\/\/www.linkedin.com\/company\/printbasprix\/","https:\/\/www.youtube.com\/channel\/UC0Ysbd0Gbzzp0yMgrfNQqug"]},{"@type":"Person","@id":"https:\/\/www.jimprimeenfrance.fr\/blog\/#\/schema\/person\/c5908efce65874ac39978f5a0ce6e195","name":"Alyz\u00e9e","image":{"@type":"ImageObject","inLanguage":"fr-FR","@id":"https:\/\/secure.gravatar.com\/avatar\/a29acbd2174611e826f7d881823703b38d7670f74c32c8b99d13ba9b25f07eff?s=96&r=g","url":"https:\/\/secure.gravatar.com\/avatar\/a29acbd2174611e826f7d881823703b38d7670f74c32c8b99d13ba9b25f07eff?s=96&r=g","contentUrl":"https:\/\/secure.gravatar.com\/avatar\/a29acbd2174611e826f7d881823703b38d7670f74c32c8b99d13ba9b25f07eff?s=96&r=g","caption":"Alyz\u00e9e"},"url":"https:\/\/www.jimprimeenfrance.fr\/blog\/author\/fabien\/"}]}},"_links":{"self":[{"href":"https:\/\/www.jimprimeenfrance.fr\/blog\/wp-json\/wp\/v2\/posts\/7999","targetHints":{"allow":["GET"]}}],"collection":[{"href":"https:\/\/www.jimprimeenfrance.fr\/blog\/wp-json\/wp\/v2\/posts"}],"about":[{"href":"https:\/\/www.jimprimeenfrance.fr\/blog\/wp-json\/wp\/v2\/types\/post"}],"author":[{"embeddable":true,"href":"https:\/\/www.jimprimeenfrance.fr\/blog\/wp-json\/wp\/v2\/users\/1"}],"replies":[{"embeddable":true,"href":"https:\/\/www.jimprimeenfrance.fr\/blog\/wp-json\/wp\/v2\/comments?post=7999"}],"version-history":[{"count":2,"href":"https:\/\/www.jimprimeenfrance.fr\/blog\/wp-json\/wp\/v2\/posts\/7999\/revisions"}],"predecessor-version":[{"id":8006,"href":"https:\/\/www.jimprimeenfrance.fr\/blog\/wp-json\/wp\/v2\/posts\/7999\/revisions\/8006"}],"wp:featuredmedia":[{"embeddable":true,"href":"https:\/\/www.jimprimeenfrance.fr\/blog\/wp-json\/wp\/v2\/media\/8007"}],"wp:attachment":[{"href":"https:\/\/www.jimprimeenfrance.fr\/blog\/wp-json\/wp\/v2\/media?parent=7999"}],"wp:term":[{"taxonomy":"category","embeddable":true,"href":"https:\/\/www.jimprimeenfrance.fr\/blog\/wp-json\/wp\/v2\/categories?post=7999"},{"taxonomy":"post_tag","embeddable":true,"href":"https:\/\/www.jimprimeenfrance.fr\/blog\/wp-json\/wp\/v2\/tags?post=7999"}],"curies":[{"name":"wp","href":"https:\/\/api.w.org\/{rel}","templated":true}]}}