{"id":7807,"date":"2024-03-20T09:00:00","date_gmt":"2024-03-20T08:00:00","guid":{"rendered":"https:\/\/www.jimprimeenfrance.fr\/blog\/?p=7807"},"modified":"2024-03-19T09:04:24","modified_gmt":"2024-03-19T08:04:24","slug":"le-classeur-personnalisable-laccessoire-ideal-pour-mettre-en-valeur-votre-identite-visuelle","status":"publish","type":"post","link":"https:\/\/www.jimprimeenfrance.fr\/blog\/le-classeur-personnalisable-laccessoire-ideal-pour-mettre-en-valeur-votre-identite-visuelle\/","title":{"rendered":"Le classeur personnalisable : l&rsquo;accessoire id\u00e9al pour mettre en valeur votre identit\u00e9 visuelle"},"content":{"rendered":"\n<p class=\"has-text-align-justify\">Bien plus qu&rsquo;un simple outil de rangement, le <strong>classeur personnalisable<\/strong> est une d\u00e9claration de votre <strong>identit\u00e9 professionnelle<\/strong>. Chez <a href=\"https:\/\/www.jimprimeenfrance.fr\/\" class=\"ek-link\">J\u2019imprime en France<\/a>, nous sommes ravis d&rsquo;annoncer notre tout dernier ajout \u00e0 la gamme de produits sur mesure : les <strong><a href=\"https:\/\/www.jimprimeenfrance.fr\/impression-classeur-personnalisable\" class=\"ek-link\">classeurs personnalisables<\/a><\/strong>. Ces \u00e9l\u00e9gants compagnons de bureau offrent non seulement une organisation impeccable, mais \u00e9galement une opportunit\u00e9 unique de mettre en avant votre marque. D\u00e9couvrez d\u00e8s maintenant comment cette solution polyvalente peut non seulement optimiser votre espace de travail mais \u00e9galement renforcer votre pr\u00e9sence visuelle !<\/p>\n\n\n\n<div style=\"height:40px\" aria-hidden=\"true\" class=\"wp-block-spacer\"><\/div>\n\n\n\n<h2 class=\"wp-block-heading has-large-font-size\"><strong>Pourquoi choisir un classeur personnalisable ?<\/strong><\/h2>\n\n\n\n<p class=\"has-text-align-justify\">Lorsqu\u2019il s\u2019agit de g\u00e9rer efficacement vos documents, le choix du <strong>classeur<\/strong> ne devrait pas \u00eatre pris \u00e0 la l\u00e9g\u00e8re. Les <strong>classeurs personnalisables<\/strong> offrent bien plus qu\u2019une simple solution de stockage. Voici quelques raisons pour lesquelles vous devriez consid\u00e9rer l\u2019ajout d\u2019un <strong>classeur personnalisable<\/strong> \u00e0 votre arsenal de fournitures de bureau :&nbsp;<\/p>\n\n\n\n<ul class=\"wp-block-list\">\n<li>Un classeur n&rsquo;est pas simplement un outil fonctionnel, mais \u00e9galement une extension de votre <a href=\"https:\/\/www.jimprimeenfrance.fr\/blog\/quest-ce-quune-marque\/\">marque<\/a>. Avec des options de personnalisation allant des couleurs de votre marque, \u00e0 son logo, faites appara\u00eetre l\u2019<a href=\"https:\/\/www.jimprimeenfrance.fr\/blog\/tout-savoir-sur-lidentite-visuelle-definition-et-conseils\/\">identit\u00e9 visuelle<\/a> de votre entreprise sur votre <strong>classeur personnalisable<\/strong>. Cette personnalisation permet \u00e0 votre entreprise de se d\u00e9marquer, m\u00eame dans les d\u00e9tails les plus simples.<\/li>\n\n\n\n<li>Chaque entreprise a ses propres besoins en mati\u00e8re d&rsquo;organisation. Les <strong>classeurs personnalisables<\/strong> vous permettent de concevoir des solutions sp\u00e9cifiques \u00e0 vos exigences. La personnalisation garantit que votre classeur s&rsquo;adapte parfaitement \u00e0 votre travail.<\/li>\n\n\n\n<li>En personnalisant votre <strong>classeur<\/strong> aux couleurs de votre entreprise, celui-ci en devient l\u2019ambassadeur. La personnalisation offre la possibilit\u00e9 de cr\u00e9er des designs qui captent l&rsquo;attention et renforcent la m\u00e9morabilit\u00e9 de votre marque aupr\u00e8s de vos collaborateurs, clients et partenaires.<\/li>\n<\/ul>\n\n\n\n<div style=\"height:30px\" aria-hidden=\"true\" class=\"wp-block-spacer\"><\/div>\n\n\n\n<div class=\"wp-block-columns is-layout-flex wp-container-core-columns-is-layout-9d6595d7 wp-block-columns-is-layout-flex\">\n<div class=\"wp-block-column is-layout-flow wp-block-column-is-layout-flow\">\n<figure class=\"wp-block-image size-full\"><a href=\"https:\/\/www.jimprimeenfrance.fr\/impression-classeur-personnalisable\"><img loading=\"lazy\" decoding=\"async\" width=\"2882\" height=\"2883\" src=\"https:\/\/www.jimprimeenfrance.fr\/blog\/wp-content\/uploads\/2024\/02\/Mockup-4.jpg\" alt=\"Classeur personnalisable \u00e0 anneaux\" class=\"wp-image-7813\"\/><\/a><\/figure>\n<\/div>\n\n\n\n<div class=\"wp-block-column is-layout-flow wp-block-column-is-layout-flow\">\n<figure class=\"wp-block-image size-full\"><a href=\"https:\/\/www.jimprimeenfrance.fr\/impression-classeur-personnalisable\"><img loading=\"lazy\" decoding=\"async\" width=\"3024\" height=\"3024\" src=\"https:\/\/www.jimprimeenfrance.fr\/blog\/wp-content\/uploads\/2024\/02\/Mockup-2.jpg\" alt=\"Anneaux classeur personnalisable\" class=\"wp-image-7811\"\/><\/a><\/figure>\n<\/div>\n\n\n\n<div class=\"wp-block-column is-layout-flow wp-block-column-is-layout-flow\">\n<figure class=\"wp-block-image size-full\"><a href=\"https:\/\/www.jimprimeenfrance.fr\/impression-classeur-personnalisable\"><img loading=\"lazy\" decoding=\"async\" width=\"3024\" height=\"3024\" src=\"https:\/\/www.jimprimeenfrance.fr\/blog\/wp-content\/uploads\/2024\/02\/Mockup-3.jpg\" alt=\"Classeur personnalis\u00e9\" class=\"wp-image-7810\"\/><\/a><\/figure>\n<\/div>\n<\/div>\n\n\n\n<div style=\"height:40px\" aria-hidden=\"true\" class=\"wp-block-spacer\"><\/div>\n\n\n\n<h2 class=\"wp-block-heading has-large-font-size\"><strong>Les caract\u00e9ristiques du classeur personnalisable<\/strong><\/h2>\n\n\n\n<p class=\"has-text-align-justify\">Lorsque vous commandez un <strong>classeur personnalisable<\/strong> chez J\u2019imprime en France, vous b\u00e9n\u00e9ficiez d&rsquo;une combinaison de fonctionnalit\u00e9s con\u00e7ues pour r\u00e9pondre \u00e0 vos besoins organisationnels sp\u00e9cifiques.<\/p>\n\n\n\n<p class=\"has-text-align-justify\">Pour commencer, nos classeurs personnalisables sont fabriqu\u00e9s avec des mat\u00e9riaux de haute qualit\u00e9, garantissant une durabilit\u00e9 \u00e0 toute \u00e9preuve.&nbsp;<\/p>\n\n\n\n<p class=\"has-text-align-justify\">Chez J\u2019imprime en France, nous offrons une vari\u00e9t\u00e9 d&rsquo;options pour vous permettre de cr\u00e9er un <strong>classeur<\/strong> qui refl\u00e8te parfaitement votre marque. Choisissez vos couleurs et ajoutez votre logo d&rsquo;entreprise. Vous avez \u00e9galement le choix entre ces diff\u00e9rentes options :&nbsp;<\/p>\n\n\n\n<ul class=\"wp-block-list\">\n<li>Le format : Format pour documents A4 ou format pour documents A5.<\/li>\n\n\n\n<li>L\u2019\u00e9paisseur : Petite \u00e9paisseur (entre 1 et 200 feuilles) ou grande \u00e9paisseur (entre 1 et 500 feuilles).<\/li>\n\n\n\n<li>Le pelliculage : Pelliculage mat ou brillant.<\/li>\n<\/ul>\n\n\n\n<p class=\"has-text-align-justify\">Chaque entreprise a des besoins uniques en mati\u00e8re de stockage. C&rsquo;est pourquoi nos <strong>classeurs personnalisables<\/strong> sont disponibles en deux \u00e9paisseurs et formats diff\u00e9rents.&nbsp;<\/p>\n\n\n\n<p class=\"has-text-align-justify\">Investir dans nos <strong>classeurs personnalisables<\/strong> signifie investir dans la qualit\u00e9, la fonctionnalit\u00e9 et l&rsquo;esth\u00e9tique.&nbsp;<\/p>\n\n\n\n<div style=\"height:40px\" aria-hidden=\"true\" class=\"wp-block-spacer\"><\/div>\n\n\n\n<h2 class=\"wp-block-heading has-large-font-size\"><strong>Utilisation et avantages pratiques<\/strong><\/h2>\n\n\n\n<p class=\"has-text-align-justify\">Pour commencer, l\u2019un des avantages majeurs des <strong>classeurs personnalisables<\/strong> est leur capacit\u00e9 \u00e0 simplifier l\u2019organisation. Que vous les utilisiez pour classer des documents, des rapports, ou des pr\u00e9sentations, ils vous offrent une organisation sans effort. Trouver et acc\u00e9der \u00e0 vos documents essentiels devient un jeu d\u2019enfant !<\/p>\n\n\n\n<p class=\"has-text-align-justify\">De plus, lorsque vous partagez des documents avec des coll\u00e8gues, clients ou partenaires, la pr\u00e9sentation compte. Les classeurs personnalisables ajoutent une touche professionnelle \u00e0 vos interactions. Non seulement ils prot\u00e8gent soigneusement le contenu, mais ils d\u00e9livrent \u00e9galement un message d\u2019attention aux d\u00e9tails.<\/p>\n\n\n\n<p class=\"has-text-align-justify\">Profitez de chaque opportunit\u00e9 pour renforcer votre marque. Les <strong>classeurs personnalisables<\/strong> deviennent des outils de marketing subtils lorsqu\u2019ils portent votre logo et vos couleurs. Que ce soit lors de r\u00e9unions, de pr\u00e9sentations ou de formations, votre marque est mise en avant de mani\u00e8re naturelle, augmentant ainsi sa visibilit\u00e9.<\/p>\n\n\n\n<p class=\"has-text-align-justify\">Enfin, offrir des <strong>classeurs personnalisables<\/strong> en cadeau d\u2019entreprise est une bonne mani\u00e8re de laisser une impression durable. Les partenaires commerciaux, les clients fid\u00e8les ou les nouveaux employ\u00e9s appr\u00e9cieront ce geste attentionn\u00e9, renfor\u00e7ant ainsi les liens professionnels et cr\u00e9ant une association positive avec votre entreprise.<\/p>\n","protected":false},"excerpt":{"rendered":"<p>Bien plus qu&rsquo;un simple outil de rangement, le classeur personnalisable est une d\u00e9claration de votre identit\u00e9 professionnelle. Chez J\u2019imprime en France, nous sommes ravis d&rsquo;annoncer notre tout dernier ajout \u00e0 la gamme de produits sur mesure : les classeurs personnalisables. Ces \u00e9l\u00e9gants compagnons de bureau offrent non seulement une organisation impeccable, mais \u00e9galement une opportunit\u00e9 [&hellip;]<\/p>\n","protected":false},"author":1,"featured_media":7809,"comment_status":"open","ping_status":"open","sticky":false,"template":"","format":"standard","meta":{"_editorskit_title_hidden":false,"_editorskit_reading_time":0,"_editorskit_is_block_options_detached":false,"_editorskit_block_options_position":"{}","footnotes":""},"categories":[596,54],"tags":[],"class_list":["post-7807","post","type-post","status-publish","format-standard","has-post-thumbnail","hentry","category-classeur-personnalisable","category-marketing"],"yoast_head":"<!-- This site is optimized with the Yoast SEO plugin v27.5 - https:\/\/yoast.com\/product\/yoast-seo-wordpress\/ -->\r\n<title>Tout savoir sur le classeur personnalisable !<\/title>\r\n<meta name=\"description\" content=\"Bien plus qu&#039;un simple outil de rangement, le classeur personnalisable est une d\u00e9claration de votre identit\u00e9 professionnelle.\" \/>\r\n<meta name=\"robots\" content=\"index, follow, max-snippet:-1, max-image-preview:large, max-video-preview:-1\" \/>\r\n<link rel=\"canonical\" href=\"https:\/\/www.jimprimeenfrance.fr\/blog\/le-classeur-personnalisable-laccessoire-ideal-pour-mettre-en-valeur-votre-identite-visuelle\/\" \/>\r\n<meta property=\"og:locale\" content=\"fr_FR\" \/>\r\n<meta property=\"og:type\" content=\"article\" \/>\r\n<meta property=\"og:title\" content=\"Tout savoir sur le classeur personnalisable !\" \/>\r\n<meta property=\"og:description\" content=\"Bien plus qu&#039;un simple outil de rangement, le classeur personnalisable est une d\u00e9claration de votre identit\u00e9 professionnelle.\" \/>\r\n<meta property=\"og:url\" content=\"https:\/\/www.jimprimeenfrance.fr\/blog\/le-classeur-personnalisable-laccessoire-ideal-pour-mettre-en-valeur-votre-identite-visuelle\/\" \/>\r\n<meta property=\"og:site_name\" content=\"Votre imprimerie en ligne, le blog\" \/>\r\n<meta property=\"article:publisher\" content=\"https:\/\/www.facebook.com\/PrintBasPrix\" \/>\r\n<meta property=\"article:published_time\" content=\"2024-03-20T08:00:00+00:00\" \/>\r\n<meta property=\"og:image\" content=\"https:\/\/www.jimprimeenfrance.fr\/blog\/wp-content\/uploads\/2024\/02\/classeur-personnalisable.jpg\" \/>\r\n\t<meta property=\"og:image:width\" content=\"6912\" \/>\r\n\t<meta property=\"og:image:height\" content=\"3456\" \/>\r\n\t<meta property=\"og:image:type\" content=\"image\/jpeg\" \/>\r\n<meta name=\"author\" content=\"Alyz\u00e9e\" \/>\r\n<meta name=\"twitter:card\" content=\"summary_large_image\" \/>\r\n<meta name=\"twitter:creator\" content=\"@PrintBasPrix\" \/>\r\n<meta name=\"twitter:site\" content=\"@PrintBasPrix\" \/>\r\n<meta name=\"twitter:label1\" content=\"\u00c9crit par\" \/>\n\t<meta name=\"twitter:data1\" content=\"Alyz\u00e9e\" \/>\n\t<meta name=\"twitter:label2\" content=\"Dur\u00e9e de lecture estim\u00e9e\" \/>\n\t<meta name=\"twitter:data2\" content=\"4 minutes\" \/>\r\n<script type=\"application\/ld+json\" class=\"yoast-schema-graph\">{\"@context\":\"https:\\\/\\\/schema.org\",\"@graph\":[{\"@type\":\"Article\",\"@id\":\"https:\\\/\\\/www.jimprimeenfrance.fr\\\/blog\\\/le-classeur-personnalisable-laccessoire-ideal-pour-mettre-en-valeur-votre-identite-visuelle\\\/#article\",\"isPartOf\":{\"@id\":\"https:\\\/\\\/www.jimprimeenfrance.fr\\\/blog\\\/le-classeur-personnalisable-laccessoire-ideal-pour-mettre-en-valeur-votre-identite-visuelle\\\/\"},\"author\":{\"name\":\"Alyz\u00e9e\",\"@id\":\"https:\\\/\\\/www.jimprimeenfrance.fr\\\/blog\\\/#\\\/schema\\\/person\\\/c5908efce65874ac39978f5a0ce6e195\"},\"headline\":\"Le classeur personnalisable : l&rsquo;accessoire id\u00e9al pour mettre en valeur votre identit\u00e9 visuelle\",\"datePublished\":\"2024-03-20T08:00:00+00:00\",\"mainEntityOfPage\":{\"@id\":\"https:\\\/\\\/www.jimprimeenfrance.fr\\\/blog\\\/le-classeur-personnalisable-laccessoire-ideal-pour-mettre-en-valeur-votre-identite-visuelle\\\/\"},\"wordCount\":685,\"commentCount\":0,\"publisher\":{\"@id\":\"https:\\\/\\\/www.jimprimeenfrance.fr\\\/blog\\\/#organization\"},\"image\":{\"@id\":\"https:\\\/\\\/www.jimprimeenfrance.fr\\\/blog\\\/le-classeur-personnalisable-laccessoire-ideal-pour-mettre-en-valeur-votre-identite-visuelle\\\/#primaryimage\"},\"thumbnailUrl\":\"https:\\\/\\\/www.jimprimeenfrance.fr\\\/blog\\\/wp-content\\\/uploads\\\/2024\\\/02\\\/classeur-personnalisable.jpg\",\"articleSection\":[\"Classeur personnalisable\",\"Marketing\"],\"inLanguage\":\"fr-FR\",\"potentialAction\":[{\"@type\":\"CommentAction\",\"name\":\"Comment\",\"target\":[\"https:\\\/\\\/www.jimprimeenfrance.fr\\\/blog\\\/le-classeur-personnalisable-laccessoire-ideal-pour-mettre-en-valeur-votre-identite-visuelle\\\/#respond\"]}]},{\"@type\":\"WebPage\",\"@id\":\"https:\\\/\\\/www.jimprimeenfrance.fr\\\/blog\\\/le-classeur-personnalisable-laccessoire-ideal-pour-mettre-en-valeur-votre-identite-visuelle\\\/\",\"url\":\"https:\\\/\\\/www.jimprimeenfrance.fr\\\/blog\\\/le-classeur-personnalisable-laccessoire-ideal-pour-mettre-en-valeur-votre-identite-visuelle\\\/\",\"name\":\"Tout savoir sur le classeur personnalisable !\",\"isPartOf\":{\"@id\":\"https:\\\/\\\/www.jimprimeenfrance.fr\\\/blog\\\/#website\"},\"primaryImageOfPage\":{\"@id\":\"https:\\\/\\\/www.jimprimeenfrance.fr\\\/blog\\\/le-classeur-personnalisable-laccessoire-ideal-pour-mettre-en-valeur-votre-identite-visuelle\\\/#primaryimage\"},\"image\":{\"@id\":\"https:\\\/\\\/www.jimprimeenfrance.fr\\\/blog\\\/le-classeur-personnalisable-laccessoire-ideal-pour-mettre-en-valeur-votre-identite-visuelle\\\/#primaryimage\"},\"thumbnailUrl\":\"https:\\\/\\\/www.jimprimeenfrance.fr\\\/blog\\\/wp-content\\\/uploads\\\/2024\\\/02\\\/classeur-personnalisable.jpg\",\"datePublished\":\"2024-03-20T08:00:00+00:00\",\"description\":\"Bien plus qu'un simple outil de rangement, le classeur personnalisable est une d\u00e9claration de votre identit\u00e9 professionnelle.\",\"breadcrumb\":{\"@id\":\"https:\\\/\\\/www.jimprimeenfrance.fr\\\/blog\\\/le-classeur-personnalisable-laccessoire-ideal-pour-mettre-en-valeur-votre-identite-visuelle\\\/#breadcrumb\"},\"inLanguage\":\"fr-FR\",\"potentialAction\":[{\"@type\":\"ReadAction\",\"target\":[\"https:\\\/\\\/www.jimprimeenfrance.fr\\\/blog\\\/le-classeur-personnalisable-laccessoire-ideal-pour-mettre-en-valeur-votre-identite-visuelle\\\/\"]}]},{\"@type\":\"ImageObject\",\"inLanguage\":\"fr-FR\",\"@id\":\"https:\\\/\\\/www.jimprimeenfrance.fr\\\/blog\\\/le-classeur-personnalisable-laccessoire-ideal-pour-mettre-en-valeur-votre-identite-visuelle\\\/#primaryimage\",\"url\":\"https:\\\/\\\/www.jimprimeenfrance.fr\\\/blog\\\/wp-content\\\/uploads\\\/2024\\\/02\\\/classeur-personnalisable.jpg\",\"contentUrl\":\"https:\\\/\\\/www.jimprimeenfrance.fr\\\/blog\\\/wp-content\\\/uploads\\\/2024\\\/02\\\/classeur-personnalisable.jpg\",\"width\":6912,\"height\":3456,\"caption\":\"Impression de classeur personnalisable\"},{\"@type\":\"BreadcrumbList\",\"@id\":\"https:\\\/\\\/www.jimprimeenfrance.fr\\\/blog\\\/le-classeur-personnalisable-laccessoire-ideal-pour-mettre-en-valeur-votre-identite-visuelle\\\/#breadcrumb\",\"itemListElement\":[{\"@type\":\"ListItem\",\"position\":1,\"name\":\"Accueil\",\"item\":\"https:\\\/\\\/www.jimprimeenfrance.fr\\\/blog\\\/\"},{\"@type\":\"ListItem\",\"position\":2,\"name\":\"Le classeur personnalisable : l&rsquo;accessoire id\u00e9al pour mettre en valeur votre identit\u00e9 visuelle\"}]},{\"@type\":\"WebSite\",\"@id\":\"https:\\\/\\\/www.jimprimeenfrance.fr\\\/blog\\\/#website\",\"url\":\"https:\\\/\\\/www.jimprimeenfrance.fr\\\/blog\\\/\",\"name\":\"Votre imprimerie en ligne, le blog\",\"description\":\"Impressionnez et faites bonne impression avec nos conseils d&#039;imprimerie online\",\"publisher\":{\"@id\":\"https:\\\/\\\/www.jimprimeenfrance.fr\\\/blog\\\/#organization\"},\"potentialAction\":[{\"@type\":\"SearchAction\",\"target\":{\"@type\":\"EntryPoint\",\"urlTemplate\":\"https:\\\/\\\/www.jimprimeenfrance.fr\\\/blog\\\/?s={search_term_string}\"},\"query-input\":{\"@type\":\"PropertyValueSpecification\",\"valueRequired\":true,\"valueName\":\"search_term_string\"}}],\"inLanguage\":\"fr-FR\"},{\"@type\":\"Organization\",\"@id\":\"https:\\\/\\\/www.jimprimeenfrance.fr\\\/blog\\\/#organization\",\"name\":\"PrintBasPrix - Imprimerie en ligne\",\"url\":\"https:\\\/\\\/www.jimprimeenfrance.fr\\\/blog\\\/\",\"logo\":{\"@type\":\"ImageObject\",\"inLanguage\":\"fr-FR\",\"@id\":\"https:\\\/\\\/www.jimprimeenfrance.fr\\\/blog\\\/#\\\/schema\\\/logo\\\/image\\\/\",\"url\":\"https:\\\/\\\/www.jimprimeenfrance.fr\\\/blog\\\/wp-content\\\/uploads\\\/2018\\\/07\\\/cropped-printbasprix-imprimeur-en-ligne.png\",\"contentUrl\":\"https:\\\/\\\/www.jimprimeenfrance.fr\\\/blog\\\/wp-content\\\/uploads\\\/2018\\\/07\\\/cropped-printbasprix-imprimeur-en-ligne.png\",\"width\":361,\"height\":86,\"caption\":\"PrintBasPrix - Imprimerie en ligne\"},\"image\":{\"@id\":\"https:\\\/\\\/www.jimprimeenfrance.fr\\\/blog\\\/#\\\/schema\\\/logo\\\/image\\\/\"},\"sameAs\":[\"https:\\\/\\\/www.facebook.com\\\/PrintBasPrix\",\"https:\\\/\\\/x.com\\\/PrintBasPrix\",\"https:\\\/\\\/www.instagram.com\\\/printbasprix\\\/\",\"https:\\\/\\\/www.linkedin.com\\\/company\\\/printbasprix\\\/\",\"https:\\\/\\\/www.youtube.com\\\/channel\\\/UC0Ysbd0Gbzzp0yMgrfNQqug\"]},{\"@type\":\"Person\",\"@id\":\"https:\\\/\\\/www.jimprimeenfrance.fr\\\/blog\\\/#\\\/schema\\\/person\\\/c5908efce65874ac39978f5a0ce6e195\",\"name\":\"Alyz\u00e9e\",\"image\":{\"@type\":\"ImageObject\",\"inLanguage\":\"fr-FR\",\"@id\":\"https:\\\/\\\/secure.gravatar.com\\\/avatar\\\/a29acbd2174611e826f7d881823703b38d7670f74c32c8b99d13ba9b25f07eff?s=96&r=g\",\"url\":\"https:\\\/\\\/secure.gravatar.com\\\/avatar\\\/a29acbd2174611e826f7d881823703b38d7670f74c32c8b99d13ba9b25f07eff?s=96&r=g\",\"contentUrl\":\"https:\\\/\\\/secure.gravatar.com\\\/avatar\\\/a29acbd2174611e826f7d881823703b38d7670f74c32c8b99d13ba9b25f07eff?s=96&r=g\",\"caption\":\"Alyz\u00e9e\"},\"url\":\"https:\\\/\\\/www.jimprimeenfrance.fr\\\/blog\\\/author\\\/fabien\\\/\"}]}<\/script>\r\n<!-- \/ Yoast SEO plugin. -->","yoast_head_json":{"title":"Tout savoir sur le classeur personnalisable !","description":"Bien plus qu'un simple outil de rangement, le classeur personnalisable est une d\u00e9claration de votre identit\u00e9 professionnelle.","robots":{"index":"index","follow":"follow","max-snippet":"max-snippet:-1","max-image-preview":"max-image-preview:large","max-video-preview":"max-video-preview:-1"},"canonical":"https:\/\/www.jimprimeenfrance.fr\/blog\/le-classeur-personnalisable-laccessoire-ideal-pour-mettre-en-valeur-votre-identite-visuelle\/","og_locale":"fr_FR","og_type":"article","og_title":"Tout savoir sur le classeur personnalisable !","og_description":"Bien plus qu'un simple outil de rangement, le classeur personnalisable est une d\u00e9claration de votre identit\u00e9 professionnelle.","og_url":"https:\/\/www.jimprimeenfrance.fr\/blog\/le-classeur-personnalisable-laccessoire-ideal-pour-mettre-en-valeur-votre-identite-visuelle\/","og_site_name":"Votre imprimerie en ligne, le blog","article_publisher":"https:\/\/www.facebook.com\/PrintBasPrix","article_published_time":"2024-03-20T08:00:00+00:00","og_image":[{"width":6912,"height":3456,"url":"https:\/\/www.jimprimeenfrance.fr\/blog\/wp-content\/uploads\/2024\/02\/classeur-personnalisable.jpg","type":"image\/jpeg"}],"author":"Alyz\u00e9e","twitter_card":"summary_large_image","twitter_creator":"@PrintBasPrix","twitter_site":"@PrintBasPrix","twitter_misc":{"\u00c9crit par":"Alyz\u00e9e","Dur\u00e9e de lecture estim\u00e9e":"4 minutes"},"schema":{"@context":"https:\/\/schema.org","@graph":[{"@type":"Article","@id":"https:\/\/www.jimprimeenfrance.fr\/blog\/le-classeur-personnalisable-laccessoire-ideal-pour-mettre-en-valeur-votre-identite-visuelle\/#article","isPartOf":{"@id":"https:\/\/www.jimprimeenfrance.fr\/blog\/le-classeur-personnalisable-laccessoire-ideal-pour-mettre-en-valeur-votre-identite-visuelle\/"},"author":{"name":"Alyz\u00e9e","@id":"https:\/\/www.jimprimeenfrance.fr\/blog\/#\/schema\/person\/c5908efce65874ac39978f5a0ce6e195"},"headline":"Le classeur personnalisable : l&rsquo;accessoire id\u00e9al pour mettre en valeur votre identit\u00e9 visuelle","datePublished":"2024-03-20T08:00:00+00:00","mainEntityOfPage":{"@id":"https:\/\/www.jimprimeenfrance.fr\/blog\/le-classeur-personnalisable-laccessoire-ideal-pour-mettre-en-valeur-votre-identite-visuelle\/"},"wordCount":685,"commentCount":0,"publisher":{"@id":"https:\/\/www.jimprimeenfrance.fr\/blog\/#organization"},"image":{"@id":"https:\/\/www.jimprimeenfrance.fr\/blog\/le-classeur-personnalisable-laccessoire-ideal-pour-mettre-en-valeur-votre-identite-visuelle\/#primaryimage"},"thumbnailUrl":"https:\/\/www.jimprimeenfrance.fr\/blog\/wp-content\/uploads\/2024\/02\/classeur-personnalisable.jpg","articleSection":["Classeur personnalisable","Marketing"],"inLanguage":"fr-FR","potentialAction":[{"@type":"CommentAction","name":"Comment","target":["https:\/\/www.jimprimeenfrance.fr\/blog\/le-classeur-personnalisable-laccessoire-ideal-pour-mettre-en-valeur-votre-identite-visuelle\/#respond"]}]},{"@type":"WebPage","@id":"https:\/\/www.jimprimeenfrance.fr\/blog\/le-classeur-personnalisable-laccessoire-ideal-pour-mettre-en-valeur-votre-identite-visuelle\/","url":"https:\/\/www.jimprimeenfrance.fr\/blog\/le-classeur-personnalisable-laccessoire-ideal-pour-mettre-en-valeur-votre-identite-visuelle\/","name":"Tout savoir sur le classeur personnalisable !","isPartOf":{"@id":"https:\/\/www.jimprimeenfrance.fr\/blog\/#website"},"primaryImageOfPage":{"@id":"https:\/\/www.jimprimeenfrance.fr\/blog\/le-classeur-personnalisable-laccessoire-ideal-pour-mettre-en-valeur-votre-identite-visuelle\/#primaryimage"},"image":{"@id":"https:\/\/www.jimprimeenfrance.fr\/blog\/le-classeur-personnalisable-laccessoire-ideal-pour-mettre-en-valeur-votre-identite-visuelle\/#primaryimage"},"thumbnailUrl":"https:\/\/www.jimprimeenfrance.fr\/blog\/wp-content\/uploads\/2024\/02\/classeur-personnalisable.jpg","datePublished":"2024-03-20T08:00:00+00:00","description":"Bien plus qu'un simple outil de rangement, le classeur personnalisable est une d\u00e9claration de votre identit\u00e9 professionnelle.","breadcrumb":{"@id":"https:\/\/www.jimprimeenfrance.fr\/blog\/le-classeur-personnalisable-laccessoire-ideal-pour-mettre-en-valeur-votre-identite-visuelle\/#breadcrumb"},"inLanguage":"fr-FR","potentialAction":[{"@type":"ReadAction","target":["https:\/\/www.jimprimeenfrance.fr\/blog\/le-classeur-personnalisable-laccessoire-ideal-pour-mettre-en-valeur-votre-identite-visuelle\/"]}]},{"@type":"ImageObject","inLanguage":"fr-FR","@id":"https:\/\/www.jimprimeenfrance.fr\/blog\/le-classeur-personnalisable-laccessoire-ideal-pour-mettre-en-valeur-votre-identite-visuelle\/#primaryimage","url":"https:\/\/www.jimprimeenfrance.fr\/blog\/wp-content\/uploads\/2024\/02\/classeur-personnalisable.jpg","contentUrl":"https:\/\/www.jimprimeenfrance.fr\/blog\/wp-content\/uploads\/2024\/02\/classeur-personnalisable.jpg","width":6912,"height":3456,"caption":"Impression de classeur personnalisable"},{"@type":"BreadcrumbList","@id":"https:\/\/www.jimprimeenfrance.fr\/blog\/le-classeur-personnalisable-laccessoire-ideal-pour-mettre-en-valeur-votre-identite-visuelle\/#breadcrumb","itemListElement":[{"@type":"ListItem","position":1,"name":"Accueil","item":"https:\/\/www.jimprimeenfrance.fr\/blog\/"},{"@type":"ListItem","position":2,"name":"Le classeur personnalisable : l&rsquo;accessoire id\u00e9al pour mettre en valeur votre identit\u00e9 visuelle"}]},{"@type":"WebSite","@id":"https:\/\/www.jimprimeenfrance.fr\/blog\/#website","url":"https:\/\/www.jimprimeenfrance.fr\/blog\/","name":"Votre imprimerie en ligne, le blog","description":"Impressionnez et faites bonne impression avec nos conseils d&#039;imprimerie online","publisher":{"@id":"https:\/\/www.jimprimeenfrance.fr\/blog\/#organization"},"potentialAction":[{"@type":"SearchAction","target":{"@type":"EntryPoint","urlTemplate":"https:\/\/www.jimprimeenfrance.fr\/blog\/?s={search_term_string}"},"query-input":{"@type":"PropertyValueSpecification","valueRequired":true,"valueName":"search_term_string"}}],"inLanguage":"fr-FR"},{"@type":"Organization","@id":"https:\/\/www.jimprimeenfrance.fr\/blog\/#organization","name":"PrintBasPrix - Imprimerie en ligne","url":"https:\/\/www.jimprimeenfrance.fr\/blog\/","logo":{"@type":"ImageObject","inLanguage":"fr-FR","@id":"https:\/\/www.jimprimeenfrance.fr\/blog\/#\/schema\/logo\/image\/","url":"https:\/\/www.jimprimeenfrance.fr\/blog\/wp-content\/uploads\/2018\/07\/cropped-printbasprix-imprimeur-en-ligne.png","contentUrl":"https:\/\/www.jimprimeenfrance.fr\/blog\/wp-content\/uploads\/2018\/07\/cropped-printbasprix-imprimeur-en-ligne.png","width":361,"height":86,"caption":"PrintBasPrix - Imprimerie en ligne"},"image":{"@id":"https:\/\/www.jimprimeenfrance.fr\/blog\/#\/schema\/logo\/image\/"},"sameAs":["https:\/\/www.facebook.com\/PrintBasPrix","https:\/\/x.com\/PrintBasPrix","https:\/\/www.instagram.com\/printbasprix\/","https:\/\/www.linkedin.com\/company\/printbasprix\/","https:\/\/www.youtube.com\/channel\/UC0Ysbd0Gbzzp0yMgrfNQqug"]},{"@type":"Person","@id":"https:\/\/www.jimprimeenfrance.fr\/blog\/#\/schema\/person\/c5908efce65874ac39978f5a0ce6e195","name":"Alyz\u00e9e","image":{"@type":"ImageObject","inLanguage":"fr-FR","@id":"https:\/\/secure.gravatar.com\/avatar\/a29acbd2174611e826f7d881823703b38d7670f74c32c8b99d13ba9b25f07eff?s=96&r=g","url":"https:\/\/secure.gravatar.com\/avatar\/a29acbd2174611e826f7d881823703b38d7670f74c32c8b99d13ba9b25f07eff?s=96&r=g","contentUrl":"https:\/\/secure.gravatar.com\/avatar\/a29acbd2174611e826f7d881823703b38d7670f74c32c8b99d13ba9b25f07eff?s=96&r=g","caption":"Alyz\u00e9e"},"url":"https:\/\/www.jimprimeenfrance.fr\/blog\/author\/fabien\/"}]}},"_links":{"self":[{"href":"https:\/\/www.jimprimeenfrance.fr\/blog\/wp-json\/wp\/v2\/posts\/7807","targetHints":{"allow":["GET"]}}],"collection":[{"href":"https:\/\/www.jimprimeenfrance.fr\/blog\/wp-json\/wp\/v2\/posts"}],"about":[{"href":"https:\/\/www.jimprimeenfrance.fr\/blog\/wp-json\/wp\/v2\/types\/post"}],"author":[{"embeddable":true,"href":"https:\/\/www.jimprimeenfrance.fr\/blog\/wp-json\/wp\/v2\/users\/1"}],"replies":[{"embeddable":true,"href":"https:\/\/www.jimprimeenfrance.fr\/blog\/wp-json\/wp\/v2\/comments?post=7807"}],"version-history":[{"count":3,"href":"https:\/\/www.jimprimeenfrance.fr\/blog\/wp-json\/wp\/v2\/posts\/7807\/revisions"}],"predecessor-version":[{"id":7816,"href":"https:\/\/www.jimprimeenfrance.fr\/blog\/wp-json\/wp\/v2\/posts\/7807\/revisions\/7816"}],"wp:featuredmedia":[{"embeddable":true,"href":"https:\/\/www.jimprimeenfrance.fr\/blog\/wp-json\/wp\/v2\/media\/7809"}],"wp:attachment":[{"href":"https:\/\/www.jimprimeenfrance.fr\/blog\/wp-json\/wp\/v2\/media?parent=7807"}],"wp:term":[{"taxonomy":"category","embeddable":true,"href":"https:\/\/www.jimprimeenfrance.fr\/blog\/wp-json\/wp\/v2\/categories?post=7807"},{"taxonomy":"post_tag","embeddable":true,"href":"https:\/\/www.jimprimeenfrance.fr\/blog\/wp-json\/wp\/v2\/tags?post=7807"}],"curies":[{"name":"wp","href":"https:\/\/api.w.org\/{rel}","templated":true}]}}