{"id":7738,"date":"2023-11-29T09:00:00","date_gmt":"2023-11-29T08:00:00","guid":{"rendered":"https:\/\/www.jimprimeenfrance.fr\/blog\/?p=7738"},"modified":"2023-11-28T08:58:50","modified_gmt":"2023-11-28T07:58:50","slug":"communiquer-pour-les-fetes-de-fin-dannee","status":"publish","type":"post","link":"https:\/\/www.jimprimeenfrance.fr\/blog\/communiquer-pour-les-fetes-de-fin-dannee\/","title":{"rendered":"Communiquer pour les f\u00eates de fin d&rsquo;ann\u00e9e"},"content":{"rendered":"\n<p class=\"has-text-align-justify\">Les f\u00eates de fin d&rsquo;ann\u00e9e marquent une p\u00e9riode empreinte de chaleur, de convivialit\u00e9 et de c\u00e9l\u00e9bration, tant sur le plan personnel que professionnel. Pour les entreprises, cette p\u00e9riode offre une opportunit\u00e9 unique de<strong> renforcer les liens<\/strong> avec leurs clients, partenaires et employ\u00e9s. Elles doivent communiquer pour les f\u00eates de fin d&rsquo;ann\u00e9e<strong> <\/strong>car<strong> la communication<\/strong> joue un r\u00f4le essentiel dans la transmission des v\u0153ux festifs, la promotion d&rsquo;offres sp\u00e9ciales et la cr\u00e9ation d&rsquo;une atmosph\u00e8re positive autour de la marque.<\/p>\n\n\n\n<p class=\"has-text-align-justify\">C&rsquo;est le moment o\u00f9 les entreprises peuvent transcender le simple \u00e9change commercial pour cr\u00e9er des connexions \u00e9motionnelles durables. D\u00e9couvrons ensemble comment<strong> communiquer<\/strong> pour les f\u00eates de fin d\u2019ann\u00e9e.<\/p>\n\n\n\n<div style=\"height:35px\" aria-hidden=\"true\" class=\"wp-block-spacer\"><\/div>\n\n\n\n<h2 class=\"wp-block-heading has-large-font-size\"><strong>L\u2019importance de communiquer pour les f\u00eates de fin d\u2019ann\u00e9e<\/strong><\/h2>\n\n\n\n<p class=\"has-text-align-justify\">M\u00eame si communiquer est important tout le long de l\u2019ann\u00e9e, cela l\u2019est d\u2019autant plus en <strong>D\u00e9cembre<\/strong> \u00e0 l\u2019approche des f\u00eates. C\u2019est bien connu, cette p\u00e9riode est propice au partage, \u00e0 la gratitude et \u00e0 la joie. Pour une entreprise il est donc important de communiquer pendant les f\u00eates de fin d\u2019ann\u00e9e pour plusieurs raisons :<\/p>\n\n\n\n<ul class=\"wp-block-list\">\n<li><strong>Le renforcement des liens relationnels<\/strong> : Clients, partenaires, employ\u00e9s. Tous doivent se sentir concern\u00e9s par votre entreprise. Pas besoin de leur offrir des cadeaux de No\u00ebl. Concentrez vous sur des v\u0153ux personnalis\u00e9s et sinc\u00e8res. Cela cr\u00e9era un sentiment d\u2019appartenance et de fid\u00e9lit\u00e9.&nbsp;<\/li>\n\n\n\n<li><strong>Humaniser la marque<\/strong> : La p\u00e9riode de No\u00ebl est id\u00e9ale pour montrer son c\u00f4t\u00e9 humain. En effet, partager des messages de saison, des anecdotes ou des histoires li\u00e9es aux f\u00eates peut vous permettre d&rsquo;humaniser votre marque. Cela peut la rendre plus accessible et sympathique aux yeux de vos clients et prospects.&nbsp;<\/li>\n\n\n\n<li><strong>R\u00e9affirmer les valeurs de l\u2019entreprise<\/strong> : Les messages de fin d&rsquo;ann\u00e9e offrent \u00e9galement une plateforme pour r\u00e9affirmer les valeurs fondamentales de l&rsquo;entreprise. Que ce soit en soulignant l&rsquo;importance de la g\u00e9n\u00e9rosit\u00e9 ou de la solidarit\u00e9.&nbsp; Les entreprises peuvent communiquer leurs principes et d\u00e9montrer leur engagement envers la responsabilit\u00e9 sociale.<\/li>\n<\/ul>\n\n\n\n<p class=\"has-text-align-justify\">En somme, la communication pendant les f\u00eates de fin d&rsquo;ann\u00e9e transcende la simple <strong>transmission de v\u0153ux.<\/strong> C&rsquo;est une opportunit\u00e9 strat\u00e9gique pour les entreprises de consolider leur positionnement sur le march\u00e9, d&rsquo;accro\u00eetre leur <strong>visibilit\u00e9<\/strong> et d&rsquo;\u00e9tablir des relations durables avec leur public, contribuant ainsi \u00e0 la <strong>croissance<\/strong> et \u00e0 la p\u00e9rennit\u00e9 de l&rsquo;entreprise.<\/p>\n\n\n\n<div style=\"height:28px\" aria-hidden=\"true\" class=\"wp-block-spacer\"><\/div>\n\n\n<div class=\"wp-block-image\">\n<figure class=\"aligncenter size-full\"><img loading=\"lazy\" decoding=\"async\" width=\"600\" height=\"600\" src=\"https:\/\/www.jimprimeenfrance.fr\/blog\/wp-content\/uploads\/2023\/11\/Communication-noel.jpg\" alt=\"Flyer-no\u00ebl\" class=\"wp-image-7739\"\/><\/figure>\n<\/div>\n\n\n<div style=\"height:35px\" aria-hidden=\"true\" class=\"wp-block-spacer\"><\/div>\n\n\n\n<h2 class=\"wp-block-heading has-large-font-size\"><strong>Adapter votre approche<\/strong><\/h2>\n\n\n\n<p class=\"has-text-align-justify\">Les f\u00eates de fin d\u2019ann\u00e9e arrivent \u00e0 grands pas ! Il est donc temps d\u2019adapter votre <strong>strat\u00e9gie de communication <\/strong>et votre approche. Les consommateurs n&rsquo;attendent que \u00e7a !<\/p>\n\n\n\n<div style=\"height:35px\" aria-hidden=\"true\" class=\"wp-block-spacer\"><\/div>\n\n\n\n<h3 class=\"wp-block-heading\"><strong>Cr\u00e9er une ambiance festive dans votre point de vente<\/strong><\/h3>\n\n\n\n<p class=\"has-text-align-justify\">Quoi de plus important que de cr\u00e9er un r\u00e9el espace d\u00e9di\u00e9 \u00e0 <strong>No\u00ebl<\/strong> dans son point de vente. C\u2019est le moyen le plus attractif d\u2019attirer des consommateurs qui passent devant votre boutique. <strong>Il faut cr\u00e9er l\u2019action<\/strong>.&nbsp;&nbsp;<\/p>\n\n\n\n<p class=\"has-text-align-justify\">Pour cr\u00e9er votre ambiance, il vous faut tout d\u2019abord choisir des couleurs festives avec une palette comprenant du rouge, du vert, du dor\u00e9 et de l\u2019argent\u00e9. Ces couleurs embl\u00e9matiques de No\u00ebl cr\u00e9eront instantan\u00e9ment une <strong>ambiance joyeuse<\/strong> et <strong>reconnaissable<\/strong>. \u00c0 l&rsquo;occasion vous pouvez aussi organiser des ateliers et des \u00e9v\u00e9nements. Suivant votre secteur, vous pouvez mettre en place des s\u00e9ances de d\u00e9co, des rencontres avec le P\u00e8re No\u00ebl ou encore des d\u00e9gustations.&nbsp;<\/p>\n\n\n\n<p class=\"has-text-align-justify\">Il est tout aussi important de poss\u00e9der une <strong>vitrine attrayante<\/strong> durant cette p\u00e9riode. C\u2019est une strat\u00e9gie qui, en mettant en valeurs vos produits dans un univers festif, attirera les consommateurs \u00e0 la recherche de <strong>cadeaux<\/strong>.<\/p>\n\n\n\n<div style=\"height:28px\" aria-hidden=\"true\" class=\"wp-block-spacer\"><\/div>\n\n\n<div class=\"wp-block-image\">\n<figure class=\"aligncenter size-full\"><img loading=\"lazy\" decoding=\"async\" width=\"600\" height=\"600\" src=\"https:\/\/www.jimprimeenfrance.fr\/blog\/wp-content\/uploads\/2023\/11\/Vitrine-noel.jpg\" alt=\"vitrine-no\u00ebl\" class=\"wp-image-7740\"\/><\/figure>\n<\/div>\n\n\n<div style=\"height:35px\" aria-hidden=\"true\" class=\"wp-block-spacer\"><\/div>\n\n\n\n<h3 class=\"wp-block-heading\"><strong>Personnaliser les messages<\/strong><\/h3>\n\n\n\n<p class=\"has-text-align-justify\">M\u00eame si cela peut para\u00eetre basique, la <strong>personnalisation des messages<\/strong> est un \u00e9l\u00e9ment important dans la communication. Cela aura toujours un impact positif. Apr\u00e8s il faut adapter son message suivant la cible.&nbsp;<\/p>\n\n\n\n<p class=\"has-text-align-justify\">Si votre message est pour vos clients alors n\u2019h\u00e9sitez pas \u00e0 exprimer votre reconnaissance pour leur <strong>fid\u00e9lit\u00e9 <\/strong>et leur <strong>confiance<\/strong> tout au long de l\u2019ann\u00e9e. Si le message est destin\u00e9 \u00e0 vos collaborateurs alors l\u2019approche ne sera pas la m\u00eame. Pour les collaborateurs vous pouvez personnaliser vos messages en \u00e9voquant les perspectives collaboratives et en incluant des <strong>v\u0153ux professionnels<\/strong>. Cela appuiera sur la relation personnelle et professionnelle avec votre collaborateur. Enfin, il reste les employ\u00e9s de l\u2019entreprise. Eux-aussi ont un besoin de <strong>reconnaissance<\/strong>. Utilisez un langage inclusif pour montrer que chaque employ\u00e9 est important. Soulignez le r\u00f4le de chacun dans les succ\u00e8s de l&rsquo;entreprise. Et le plus important, <strong>remerciez-les<\/strong> pour le travail fourni et souhaitez leurs de bonnes f\u00eates de fin d\u2019ann\u00e9e avec une carte de v\u0153ux.<\/p>\n\n\n\n<div style=\"height:35px\" aria-hidden=\"true\" class=\"wp-block-spacer\"><\/div>\n\n\n\n<h3 class=\"wp-block-heading\"><strong>Proposer des offres sp\u00e9ciales<\/strong><\/h3>\n\n\n\n<p class=\"has-text-align-justify\">La p\u00e9riode de No\u00ebl est id\u00e9ale pour proposer des <strong>offres sp\u00e9ciales<\/strong> et attirer les consommateurs vers vos produits. Par exemple, vous pouvez cr\u00e9er un<a href=\"https:\/\/www.monpackaging.com\/calendrier-avent\" class=\"ek-link\"> calendrier promotionnel<\/a> avec une <strong>offre sp\u00e9ciale<\/strong> chaque jour. Cela encourage les clients \u00e0 revenir r\u00e9guli\u00e8rement. Ils auront aussi votre marque \u00e0 l\u2019esprit tous les jours. Vous pouvez aussi pratiquer des offres attractives pour <strong>stimuler vos ventes<\/strong> et inciter les clients \u00e0 choisir votre entreprise.&nbsp;<\/p>\n\n\n\n<div style=\"height:28px\" aria-hidden=\"true\" class=\"wp-block-spacer\"><\/div>\n\n\n<div class=\"wp-block-image\">\n<figure class=\"aligncenter size-full\"><img loading=\"lazy\" decoding=\"async\" width=\"600\" height=\"600\" src=\"https:\/\/www.jimprimeenfrance.fr\/blog\/wp-content\/uploads\/2023\/11\/Calendrier-de-l-avent.jpg\" alt=\"calendrier-de-l-avent\" class=\"wp-image-7741\"\/><\/figure>\n<\/div>\n\n\n<div style=\"height:35px\" aria-hidden=\"true\" class=\"wp-block-spacer\"><\/div>\n\n\n\n<h2 class=\"wp-block-heading has-large-font-size\"><strong>Utiliser les bons supports de communication<\/strong><\/h2>\n\n\n\n<p class=\"has-text-align-justify\">Apr\u00e8s avoir d\u00e9fini votre approche, il est maintenant temps de choisir les bons<strong> supports de communication<\/strong>. Il existe un grand nombre de supports mais il ne faut pas tous les utiliser, au risque de s\u2019y perdre et de perdre le client.<\/p>\n\n\n\n<div style=\"height:35px\" aria-hidden=\"true\" class=\"wp-block-spacer\"><\/div>\n\n\n\n<h3 class=\"wp-block-heading\"><strong>Supports de communication pour les clients<\/strong><\/h3>\n\n\n\n<p class=\"has-text-align-justify\">Les supports de communication <strong>print<\/strong> repr\u00e9sentent un <a href=\"https:\/\/www.jimprimeenfrance.fr\/blog\/les-differents-supports-de-communication-print-et-leurs-enjeux\/#:~:text=Il%20existe%20diff%C3%A9rents%20supports%20de%20communication%20print%20%3A,est%20la%20cl%C3%A9%20pour%20une%20communication%20r%C3%A9ussie%20%21\">v\u00e9ritable enjeu<\/a> pour les professionnels. Ils permettent de cr\u00e9er un lien de proximit\u00e9 avec les clients.<\/p>\n\n\n\n<p class=\"has-text-align-justify\">D\u00e9couvrez notre liste des supports de communication \u00e0 utiliser vis \u00e0 vis de vos clients :<\/p>\n\n\n\n<ul class=\"wp-block-list\">\n<li><strong>L\u2019affiche<\/strong> : Accentuez votre visibilit\u00e9 avec la pr\u00e9sence d\u2019affiches. Vous pouvez les placer au sein de votre point de vente comme en dehors afin d\u2019augmenter encore plus votre visibilit\u00e9, surtout pendant la p\u00e9riode des f\u00eates. N\u2019h\u00e9sitez pas \u00e0 utiliser des visuels festifs qui \u00e9voquent l\u2019esprit de No\u00ebl. D\u00e9couvrez des exemples d\u2019affiches \u00e0 travers notre article sur <a href=\"https:\/\/www.jimprimeenfrance.fr\/blog\/comment-creer-une-belle-affiche-de-noel\/\">la cr\u00e9ation d\u2019une belle affiche de No\u00ebl<\/a>.&nbsp;<\/li>\n\n\n\n<li><strong>Le flyer<\/strong> : Facilit\u00e9 de distribution, prix d\u00e9gressif. Le flyer est un outil incontournable de communication vous permettant une compl\u00e9mentarit\u00e9 avec le digital. C\u2019est aussi un point de contact direct avec le public, en cr\u00e9ant une approche personnelle.&nbsp;<\/li>\n\n\n\n<li><strong>La brochure<\/strong> : Si vous voulez aider vos clients \u00e0 bien choisir leurs cadeaux,<a href=\"https:\/\/www.jimprimeenfrance.fr\/blog\/pourquoi-faire-brochure-noel-detache\/\"> la brochure<\/a> conviendra \u00e0 merveille. Elle mettra en avant vos produits et stimulera vos ventes.&nbsp;<\/li>\n\n\n\n<li><strong>La carte de v\u0153ux<\/strong> : Cette <a href=\"https:\/\/www.jimprimeenfrance.fr\/impression-carte-de-voeux-entreprise\">carte <\/a>permet de fid\u00e9liser les clients, d\u2019en conqu\u00e9rir de nouveaux ou d\u2019en r\u00e9cup\u00e9rer. Elle permet aux clients de se sentir privil\u00e9gi\u00e9s.<\/li>\n<\/ul>\n\n\n\n<div style=\"height:35px\" aria-hidden=\"true\" class=\"wp-block-spacer\"><\/div>\n\n\n\n<h3 class=\"wp-block-heading\">Supports de communication pour les collaborateurs<\/h3>\n\n\n\n<p class=\"has-text-align-justify\">Pour vos collaborateurs vous pouvez opter pour <strong><a href=\"https:\/\/www.jimprimeenfrance.fr\/blog\/tout-savoir-sur-la-carte-de-voeux-professionnelle\/\" class=\"ek-link\">la carte de v\u0153ux professionnelle<\/a>.<\/strong> Elle permet d\u2019humaniser les relations entre vous et de cr\u00e9er un environnement de travail plus convivial. Aussi, c\u2019est un moyen de r\u00e9affirmer l\u2019engagement en renfor\u00e7ant la <strong>confiance<\/strong>.<\/p>\n\n\n\n<div style=\"height:35px\" aria-hidden=\"true\" class=\"wp-block-spacer\"><\/div>\n\n\n\n<h3 class=\"wp-block-heading\">Supports de communication pour les employ\u00e9s<\/h3>\n\n\n\n<p class=\"has-text-align-justify\">Tout comme les pr\u00e9c\u00e9dents, la carte de v\u0153ux est indispensable au niveau <strong>interne<\/strong> de l\u2019entreprise. C\u2019est le moment pour vous de remercier vos salari\u00e9s pour le travail fourni tout au long de l\u2019ann\u00e9e. C\u2019est aussi un geste symbolique qui va au-del\u00e0 de la simple formalit\u00e9. Il permet de renforcer les liens et la culture d\u2019entreprise.<\/p>\n\n\n\n<p class=\"has-text-align-justify\">Enfin, vous pouvez proposer \u00e0 vos salari\u00e9s des<strong> <a href=\"https:\/\/www.jimprimeenfrance.fr\/calendrier-2024-a-imprimer\">calendriers<\/a> pour l\u2019ann\u00e9e prochaine. <\/strong>C\u2019est un pr\u00e9cieux \u00e9l\u00e9ment de communication qui augmentera votre pr\u00e9sence, m\u00eame \u00e0 la maison.<\/p>\n\n\n\n<div style=\"height:28px\" aria-hidden=\"true\" class=\"wp-block-spacer\"><\/div>\n\n\n<div class=\"wp-block-image\">\n<figure class=\"aligncenter size-full\"><img loading=\"lazy\" decoding=\"async\" width=\"600\" height=\"600\" src=\"https:\/\/www.jimprimeenfrance.fr\/blog\/wp-content\/uploads\/2023\/11\/Carte-de-voeux.jpg\" alt=\"Carte-de-voeux\" class=\"wp-image-7742\"\/><\/figure>\n<\/div>\n\n\n<div style=\"height:35px\" aria-hidden=\"true\" class=\"wp-block-spacer\"><\/div>\n\n\n\n<p class=\"has-text-align-justify\">En conclusion, la communication pour les f\u00eates de fin d&rsquo;ann\u00e9e rev\u00eat une <strong>importance particuli\u00e8re<\/strong> pour les entreprises. En transmettant des v\u0153ux chaleureux, exprimant la gratitude envers les clients et les employ\u00e9s, et en adoptant une approche authentique et inclusive, une entreprise peut<strong> renforcer ses liens<\/strong>, cr\u00e9er une atmosph\u00e8re positive et contribuer \u00e0 une <strong>exp\u00e9rience festive m\u00e9morable<\/strong>. Une communication r\u00e9fl\u00e9chie pendant cette p\u00e9riode peut non seulement renforcer la notori\u00e9t\u00e9 de l&rsquo;entreprise, mais aussi favoriser la<strong> fid\u00e9lit\u00e9 <\/strong>et la<strong> confiance<\/strong> au sein de sa communaut\u00e9.<\/p>\n\n\n\n<div style=\"height:50px\" aria-hidden=\"true\" class=\"wp-block-spacer\"><\/div>\n\n\n<div class=\"wp-block-image\">\n<figure class=\"aligncenter size-full\"><a href=\"https:\/\/www.jimprimeenfrance.fr\/\"><img loading=\"lazy\" decoding=\"async\" width=\"800\" height=\"100\" src=\"https:\/\/www.jimprimeenfrance.fr\/blog\/wp-content\/uploads\/2022\/05\/banniere-jimprime-en-france.jpg\" alt=\"J'imprime en France\" class=\"wp-image-7433\" srcset=\"https:\/\/www.jimprimeenfrance.fr\/blog\/wp-content\/uploads\/2022\/05\/banniere-jimprime-en-france.jpg 800w, https:\/\/www.jimprimeenfrance.fr\/blog\/wp-content\/uploads\/2022\/05\/banniere-jimprime-en-france-300x38.jpg 300w, https:\/\/www.jimprimeenfrance.fr\/blog\/wp-content\/uploads\/2022\/05\/banniere-jimprime-en-france-768x96.jpg 768w\" sizes=\"auto, (max-width: 800px) 100vw, 800px\" \/><\/a><\/figure>\n<\/div>","protected":false},"excerpt":{"rendered":"<p>Les f\u00eates de fin d&rsquo;ann\u00e9e marquent une p\u00e9riode empreinte de chaleur, de convivialit\u00e9 et de c\u00e9l\u00e9bration, tant sur le plan personnel que professionnel. Pour les entreprises, cette p\u00e9riode offre une opportunit\u00e9 unique de renforcer les liens avec leurs clients, partenaires et employ\u00e9s. Elles doivent communiquer pour les f\u00eates de fin d&rsquo;ann\u00e9e car la communication joue [&hellip;]<\/p>\n","protected":false},"author":1,"featured_media":7743,"comment_status":"open","ping_status":"open","sticky":false,"template":"","format":"standard","meta":{"_editorskit_title_hidden":false,"_editorskit_reading_time":0,"_editorskit_is_block_options_detached":false,"_editorskit_block_options_position":"{}","footnotes":""},"categories":[592,54],"tags":[],"class_list":["post-7738","post","type-post","status-publish","format-standard","has-post-thumbnail","hentry","category-conseils","category-marketing"],"yoast_head":"<!-- This site is optimized with the Yoast SEO plugin v27.5 - https:\/\/yoast.com\/product\/yoast-seo-wordpress\/ -->\r\n<title>Communiquer pour les f\u00eates de fin d&#039;ann\u00e9e - Votre imprimerie en ligne, le blog<\/title>\r\n<meta name=\"description\" content=\"No\u00ebl arrive ! N&#039;attendez plus qu&#039;il soit trop tard. D\u00e9couvrez comment et pourquoi communiquer pour les f\u00eates de fin d&#039;ann\u00e9e.\" \/>\r\n<meta name=\"robots\" content=\"index, follow, max-snippet:-1, max-image-preview:large, max-video-preview:-1\" \/>\r\n<link rel=\"canonical\" href=\"https:\/\/www.jimprimeenfrance.fr\/blog\/communiquer-pour-les-fetes-de-fin-dannee\/\" \/>\r\n<meta property=\"og:locale\" content=\"fr_FR\" \/>\r\n<meta property=\"og:type\" content=\"article\" \/>\r\n<meta property=\"og:title\" content=\"Communiquer pour les f\u00eates de fin d&#039;ann\u00e9e - Votre imprimerie en ligne, le blog\" \/>\r\n<meta property=\"og:description\" content=\"No\u00ebl arrive ! N&#039;attendez plus qu&#039;il soit trop tard. D\u00e9couvrez comment et pourquoi communiquer pour les f\u00eates de fin d&#039;ann\u00e9e.\" \/>\r\n<meta property=\"og:url\" content=\"https:\/\/www.jimprimeenfrance.fr\/blog\/communiquer-pour-les-fetes-de-fin-dannee\/\" \/>\r\n<meta property=\"og:site_name\" content=\"Votre imprimerie en ligne, le blog\" \/>\r\n<meta property=\"article:publisher\" content=\"https:\/\/www.facebook.com\/PrintBasPrix\" \/>\r\n<meta property=\"article:published_time\" content=\"2023-11-29T08:00:00+00:00\" \/>\r\n<meta property=\"og:image\" content=\"https:\/\/www.jimprimeenfrance.fr\/blog\/wp-content\/uploads\/2023\/11\/Communiquer-fetes-de-fin-d-annee.jpg\" \/>\r\n\t<meta property=\"og:image:width\" content=\"640\" \/>\r\n\t<meta property=\"og:image:height\" content=\"320\" \/>\r\n\t<meta property=\"og:image:type\" content=\"image\/jpeg\" \/>\r\n<meta name=\"author\" content=\"Alyz\u00e9e\" \/>\r\n<meta name=\"twitter:card\" content=\"summary_large_image\" \/>\r\n<meta name=\"twitter:creator\" content=\"@PrintBasPrix\" \/>\r\n<meta name=\"twitter:site\" content=\"@PrintBasPrix\" \/>\r\n<meta name=\"twitter:label1\" content=\"\u00c9crit par\" \/>\n\t<meta name=\"twitter:data1\" content=\"Alyz\u00e9e\" \/>\n\t<meta name=\"twitter:label2\" content=\"Dur\u00e9e de lecture estim\u00e9e\" \/>\n\t<meta name=\"twitter:data2\" content=\"8 minutes\" \/>\r\n<script type=\"application\/ld+json\" class=\"yoast-schema-graph\">{\"@context\":\"https:\\\/\\\/schema.org\",\"@graph\":[{\"@type\":\"Article\",\"@id\":\"https:\\\/\\\/www.jimprimeenfrance.fr\\\/blog\\\/communiquer-pour-les-fetes-de-fin-dannee\\\/#article\",\"isPartOf\":{\"@id\":\"https:\\\/\\\/www.jimprimeenfrance.fr\\\/blog\\\/communiquer-pour-les-fetes-de-fin-dannee\\\/\"},\"author\":{\"name\":\"Alyz\u00e9e\",\"@id\":\"https:\\\/\\\/www.jimprimeenfrance.fr\\\/blog\\\/#\\\/schema\\\/person\\\/c5908efce65874ac39978f5a0ce6e195\"},\"headline\":\"Communiquer pour les f\u00eates de fin d&rsquo;ann\u00e9e\",\"datePublished\":\"2023-11-29T08:00:00+00:00\",\"mainEntityOfPage\":{\"@id\":\"https:\\\/\\\/www.jimprimeenfrance.fr\\\/blog\\\/communiquer-pour-les-fetes-de-fin-dannee\\\/\"},\"wordCount\":1451,\"commentCount\":0,\"publisher\":{\"@id\":\"https:\\\/\\\/www.jimprimeenfrance.fr\\\/blog\\\/#organization\"},\"image\":{\"@id\":\"https:\\\/\\\/www.jimprimeenfrance.fr\\\/blog\\\/communiquer-pour-les-fetes-de-fin-dannee\\\/#primaryimage\"},\"thumbnailUrl\":\"https:\\\/\\\/www.jimprimeenfrance.fr\\\/blog\\\/wp-content\\\/uploads\\\/2023\\\/11\\\/Communiquer-fetes-de-fin-d-annee.jpg\",\"articleSection\":[\"Conseils\",\"Marketing\"],\"inLanguage\":\"fr-FR\",\"potentialAction\":[{\"@type\":\"CommentAction\",\"name\":\"Comment\",\"target\":[\"https:\\\/\\\/www.jimprimeenfrance.fr\\\/blog\\\/communiquer-pour-les-fetes-de-fin-dannee\\\/#respond\"]}]},{\"@type\":\"WebPage\",\"@id\":\"https:\\\/\\\/www.jimprimeenfrance.fr\\\/blog\\\/communiquer-pour-les-fetes-de-fin-dannee\\\/\",\"url\":\"https:\\\/\\\/www.jimprimeenfrance.fr\\\/blog\\\/communiquer-pour-les-fetes-de-fin-dannee\\\/\",\"name\":\"Communiquer pour les f\u00eates de fin d'ann\u00e9e - Votre imprimerie en ligne, le blog\",\"isPartOf\":{\"@id\":\"https:\\\/\\\/www.jimprimeenfrance.fr\\\/blog\\\/#website\"},\"primaryImageOfPage\":{\"@id\":\"https:\\\/\\\/www.jimprimeenfrance.fr\\\/blog\\\/communiquer-pour-les-fetes-de-fin-dannee\\\/#primaryimage\"},\"image\":{\"@id\":\"https:\\\/\\\/www.jimprimeenfrance.fr\\\/blog\\\/communiquer-pour-les-fetes-de-fin-dannee\\\/#primaryimage\"},\"thumbnailUrl\":\"https:\\\/\\\/www.jimprimeenfrance.fr\\\/blog\\\/wp-content\\\/uploads\\\/2023\\\/11\\\/Communiquer-fetes-de-fin-d-annee.jpg\",\"datePublished\":\"2023-11-29T08:00:00+00:00\",\"description\":\"No\u00ebl arrive ! N'attendez plus qu'il soit trop tard. D\u00e9couvrez comment et pourquoi communiquer pour les f\u00eates de fin d'ann\u00e9e.\",\"breadcrumb\":{\"@id\":\"https:\\\/\\\/www.jimprimeenfrance.fr\\\/blog\\\/communiquer-pour-les-fetes-de-fin-dannee\\\/#breadcrumb\"},\"inLanguage\":\"fr-FR\",\"potentialAction\":[{\"@type\":\"ReadAction\",\"target\":[\"https:\\\/\\\/www.jimprimeenfrance.fr\\\/blog\\\/communiquer-pour-les-fetes-de-fin-dannee\\\/\"]}]},{\"@type\":\"ImageObject\",\"inLanguage\":\"fr-FR\",\"@id\":\"https:\\\/\\\/www.jimprimeenfrance.fr\\\/blog\\\/communiquer-pour-les-fetes-de-fin-dannee\\\/#primaryimage\",\"url\":\"https:\\\/\\\/www.jimprimeenfrance.fr\\\/blog\\\/wp-content\\\/uploads\\\/2023\\\/11\\\/Communiquer-fetes-de-fin-d-annee.jpg\",\"contentUrl\":\"https:\\\/\\\/www.jimprimeenfrance.fr\\\/blog\\\/wp-content\\\/uploads\\\/2023\\\/11\\\/Communiquer-fetes-de-fin-d-annee.jpg\",\"width\":6912,\"height\":3456,\"caption\":\"Communiquer-f\u00eates-de-fin-d-ann\u00e9e\"},{\"@type\":\"BreadcrumbList\",\"@id\":\"https:\\\/\\\/www.jimprimeenfrance.fr\\\/blog\\\/communiquer-pour-les-fetes-de-fin-dannee\\\/#breadcrumb\",\"itemListElement\":[{\"@type\":\"ListItem\",\"position\":1,\"name\":\"Accueil\",\"item\":\"https:\\\/\\\/www.jimprimeenfrance.fr\\\/blog\\\/\"},{\"@type\":\"ListItem\",\"position\":2,\"name\":\"Communiquer pour les f\u00eates de fin d&rsquo;ann\u00e9e\"}]},{\"@type\":\"WebSite\",\"@id\":\"https:\\\/\\\/www.jimprimeenfrance.fr\\\/blog\\\/#website\",\"url\":\"https:\\\/\\\/www.jimprimeenfrance.fr\\\/blog\\\/\",\"name\":\"Votre imprimerie en ligne, le blog\",\"description\":\"Impressionnez et faites bonne impression avec nos conseils d&#039;imprimerie online\",\"publisher\":{\"@id\":\"https:\\\/\\\/www.jimprimeenfrance.fr\\\/blog\\\/#organization\"},\"potentialAction\":[{\"@type\":\"SearchAction\",\"target\":{\"@type\":\"EntryPoint\",\"urlTemplate\":\"https:\\\/\\\/www.jimprimeenfrance.fr\\\/blog\\\/?s={search_term_string}\"},\"query-input\":{\"@type\":\"PropertyValueSpecification\",\"valueRequired\":true,\"valueName\":\"search_term_string\"}}],\"inLanguage\":\"fr-FR\"},{\"@type\":\"Organization\",\"@id\":\"https:\\\/\\\/www.jimprimeenfrance.fr\\\/blog\\\/#organization\",\"name\":\"PrintBasPrix - Imprimerie en ligne\",\"url\":\"https:\\\/\\\/www.jimprimeenfrance.fr\\\/blog\\\/\",\"logo\":{\"@type\":\"ImageObject\",\"inLanguage\":\"fr-FR\",\"@id\":\"https:\\\/\\\/www.jimprimeenfrance.fr\\\/blog\\\/#\\\/schema\\\/logo\\\/image\\\/\",\"url\":\"https:\\\/\\\/www.jimprimeenfrance.fr\\\/blog\\\/wp-content\\\/uploads\\\/2018\\\/07\\\/cropped-printbasprix-imprimeur-en-ligne.png\",\"contentUrl\":\"https:\\\/\\\/www.jimprimeenfrance.fr\\\/blog\\\/wp-content\\\/uploads\\\/2018\\\/07\\\/cropped-printbasprix-imprimeur-en-ligne.png\",\"width\":361,\"height\":86,\"caption\":\"PrintBasPrix - Imprimerie en ligne\"},\"image\":{\"@id\":\"https:\\\/\\\/www.jimprimeenfrance.fr\\\/blog\\\/#\\\/schema\\\/logo\\\/image\\\/\"},\"sameAs\":[\"https:\\\/\\\/www.facebook.com\\\/PrintBasPrix\",\"https:\\\/\\\/x.com\\\/PrintBasPrix\",\"https:\\\/\\\/www.instagram.com\\\/printbasprix\\\/\",\"https:\\\/\\\/www.linkedin.com\\\/company\\\/printbasprix\\\/\",\"https:\\\/\\\/www.youtube.com\\\/channel\\\/UC0Ysbd0Gbzzp0yMgrfNQqug\"]},{\"@type\":\"Person\",\"@id\":\"https:\\\/\\\/www.jimprimeenfrance.fr\\\/blog\\\/#\\\/schema\\\/person\\\/c5908efce65874ac39978f5a0ce6e195\",\"name\":\"Alyz\u00e9e\",\"image\":{\"@type\":\"ImageObject\",\"inLanguage\":\"fr-FR\",\"@id\":\"https:\\\/\\\/secure.gravatar.com\\\/avatar\\\/a29acbd2174611e826f7d881823703b38d7670f74c32c8b99d13ba9b25f07eff?s=96&r=g\",\"url\":\"https:\\\/\\\/secure.gravatar.com\\\/avatar\\\/a29acbd2174611e826f7d881823703b38d7670f74c32c8b99d13ba9b25f07eff?s=96&r=g\",\"contentUrl\":\"https:\\\/\\\/secure.gravatar.com\\\/avatar\\\/a29acbd2174611e826f7d881823703b38d7670f74c32c8b99d13ba9b25f07eff?s=96&r=g\",\"caption\":\"Alyz\u00e9e\"},\"url\":\"https:\\\/\\\/www.jimprimeenfrance.fr\\\/blog\\\/author\\\/fabien\\\/\"}]}<\/script>\r\n<!-- \/ Yoast SEO plugin. -->","yoast_head_json":{"title":"Communiquer pour les f\u00eates de fin d'ann\u00e9e - Votre imprimerie en ligne, le blog","description":"No\u00ebl arrive ! N'attendez plus qu'il soit trop tard. D\u00e9couvrez comment et pourquoi communiquer pour les f\u00eates de fin d'ann\u00e9e.","robots":{"index":"index","follow":"follow","max-snippet":"max-snippet:-1","max-image-preview":"max-image-preview:large","max-video-preview":"max-video-preview:-1"},"canonical":"https:\/\/www.jimprimeenfrance.fr\/blog\/communiquer-pour-les-fetes-de-fin-dannee\/","og_locale":"fr_FR","og_type":"article","og_title":"Communiquer pour les f\u00eates de fin d'ann\u00e9e - Votre imprimerie en ligne, le blog","og_description":"No\u00ebl arrive ! N'attendez plus qu'il soit trop tard. D\u00e9couvrez comment et pourquoi communiquer pour les f\u00eates de fin d'ann\u00e9e.","og_url":"https:\/\/www.jimprimeenfrance.fr\/blog\/communiquer-pour-les-fetes-de-fin-dannee\/","og_site_name":"Votre imprimerie en ligne, le blog","article_publisher":"https:\/\/www.facebook.com\/PrintBasPrix","article_published_time":"2023-11-29T08:00:00+00:00","og_image":[{"url":"https:\/\/www.jimprimeenfrance.fr\/blog\/wp-content\/uploads\/2023\/11\/Communiquer-fetes-de-fin-d-annee.jpg","width":640,"height":320,"type":"image\/jpeg"}],"author":"Alyz\u00e9e","twitter_card":"summary_large_image","twitter_creator":"@PrintBasPrix","twitter_site":"@PrintBasPrix","twitter_misc":{"\u00c9crit par":"Alyz\u00e9e","Dur\u00e9e de lecture estim\u00e9e":"8 minutes"},"schema":{"@context":"https:\/\/schema.org","@graph":[{"@type":"Article","@id":"https:\/\/www.jimprimeenfrance.fr\/blog\/communiquer-pour-les-fetes-de-fin-dannee\/#article","isPartOf":{"@id":"https:\/\/www.jimprimeenfrance.fr\/blog\/communiquer-pour-les-fetes-de-fin-dannee\/"},"author":{"name":"Alyz\u00e9e","@id":"https:\/\/www.jimprimeenfrance.fr\/blog\/#\/schema\/person\/c5908efce65874ac39978f5a0ce6e195"},"headline":"Communiquer pour les f\u00eates de fin d&rsquo;ann\u00e9e","datePublished":"2023-11-29T08:00:00+00:00","mainEntityOfPage":{"@id":"https:\/\/www.jimprimeenfrance.fr\/blog\/communiquer-pour-les-fetes-de-fin-dannee\/"},"wordCount":1451,"commentCount":0,"publisher":{"@id":"https:\/\/www.jimprimeenfrance.fr\/blog\/#organization"},"image":{"@id":"https:\/\/www.jimprimeenfrance.fr\/blog\/communiquer-pour-les-fetes-de-fin-dannee\/#primaryimage"},"thumbnailUrl":"https:\/\/www.jimprimeenfrance.fr\/blog\/wp-content\/uploads\/2023\/11\/Communiquer-fetes-de-fin-d-annee.jpg","articleSection":["Conseils","Marketing"],"inLanguage":"fr-FR","potentialAction":[{"@type":"CommentAction","name":"Comment","target":["https:\/\/www.jimprimeenfrance.fr\/blog\/communiquer-pour-les-fetes-de-fin-dannee\/#respond"]}]},{"@type":"WebPage","@id":"https:\/\/www.jimprimeenfrance.fr\/blog\/communiquer-pour-les-fetes-de-fin-dannee\/","url":"https:\/\/www.jimprimeenfrance.fr\/blog\/communiquer-pour-les-fetes-de-fin-dannee\/","name":"Communiquer pour les f\u00eates de fin d'ann\u00e9e - Votre imprimerie en ligne, le blog","isPartOf":{"@id":"https:\/\/www.jimprimeenfrance.fr\/blog\/#website"},"primaryImageOfPage":{"@id":"https:\/\/www.jimprimeenfrance.fr\/blog\/communiquer-pour-les-fetes-de-fin-dannee\/#primaryimage"},"image":{"@id":"https:\/\/www.jimprimeenfrance.fr\/blog\/communiquer-pour-les-fetes-de-fin-dannee\/#primaryimage"},"thumbnailUrl":"https:\/\/www.jimprimeenfrance.fr\/blog\/wp-content\/uploads\/2023\/11\/Communiquer-fetes-de-fin-d-annee.jpg","datePublished":"2023-11-29T08:00:00+00:00","description":"No\u00ebl arrive ! N'attendez plus qu'il soit trop tard. D\u00e9couvrez comment et pourquoi communiquer pour les f\u00eates de fin d'ann\u00e9e.","breadcrumb":{"@id":"https:\/\/www.jimprimeenfrance.fr\/blog\/communiquer-pour-les-fetes-de-fin-dannee\/#breadcrumb"},"inLanguage":"fr-FR","potentialAction":[{"@type":"ReadAction","target":["https:\/\/www.jimprimeenfrance.fr\/blog\/communiquer-pour-les-fetes-de-fin-dannee\/"]}]},{"@type":"ImageObject","inLanguage":"fr-FR","@id":"https:\/\/www.jimprimeenfrance.fr\/blog\/communiquer-pour-les-fetes-de-fin-dannee\/#primaryimage","url":"https:\/\/www.jimprimeenfrance.fr\/blog\/wp-content\/uploads\/2023\/11\/Communiquer-fetes-de-fin-d-annee.jpg","contentUrl":"https:\/\/www.jimprimeenfrance.fr\/blog\/wp-content\/uploads\/2023\/11\/Communiquer-fetes-de-fin-d-annee.jpg","width":6912,"height":3456,"caption":"Communiquer-f\u00eates-de-fin-d-ann\u00e9e"},{"@type":"BreadcrumbList","@id":"https:\/\/www.jimprimeenfrance.fr\/blog\/communiquer-pour-les-fetes-de-fin-dannee\/#breadcrumb","itemListElement":[{"@type":"ListItem","position":1,"name":"Accueil","item":"https:\/\/www.jimprimeenfrance.fr\/blog\/"},{"@type":"ListItem","position":2,"name":"Communiquer pour les f\u00eates de fin d&rsquo;ann\u00e9e"}]},{"@type":"WebSite","@id":"https:\/\/www.jimprimeenfrance.fr\/blog\/#website","url":"https:\/\/www.jimprimeenfrance.fr\/blog\/","name":"Votre imprimerie en ligne, le blog","description":"Impressionnez et faites bonne impression avec nos conseils d&#039;imprimerie online","publisher":{"@id":"https:\/\/www.jimprimeenfrance.fr\/blog\/#organization"},"potentialAction":[{"@type":"SearchAction","target":{"@type":"EntryPoint","urlTemplate":"https:\/\/www.jimprimeenfrance.fr\/blog\/?s={search_term_string}"},"query-input":{"@type":"PropertyValueSpecification","valueRequired":true,"valueName":"search_term_string"}}],"inLanguage":"fr-FR"},{"@type":"Organization","@id":"https:\/\/www.jimprimeenfrance.fr\/blog\/#organization","name":"PrintBasPrix - Imprimerie en ligne","url":"https:\/\/www.jimprimeenfrance.fr\/blog\/","logo":{"@type":"ImageObject","inLanguage":"fr-FR","@id":"https:\/\/www.jimprimeenfrance.fr\/blog\/#\/schema\/logo\/image\/","url":"https:\/\/www.jimprimeenfrance.fr\/blog\/wp-content\/uploads\/2018\/07\/cropped-printbasprix-imprimeur-en-ligne.png","contentUrl":"https:\/\/www.jimprimeenfrance.fr\/blog\/wp-content\/uploads\/2018\/07\/cropped-printbasprix-imprimeur-en-ligne.png","width":361,"height":86,"caption":"PrintBasPrix - Imprimerie en ligne"},"image":{"@id":"https:\/\/www.jimprimeenfrance.fr\/blog\/#\/schema\/logo\/image\/"},"sameAs":["https:\/\/www.facebook.com\/PrintBasPrix","https:\/\/x.com\/PrintBasPrix","https:\/\/www.instagram.com\/printbasprix\/","https:\/\/www.linkedin.com\/company\/printbasprix\/","https:\/\/www.youtube.com\/channel\/UC0Ysbd0Gbzzp0yMgrfNQqug"]},{"@type":"Person","@id":"https:\/\/www.jimprimeenfrance.fr\/blog\/#\/schema\/person\/c5908efce65874ac39978f5a0ce6e195","name":"Alyz\u00e9e","image":{"@type":"ImageObject","inLanguage":"fr-FR","@id":"https:\/\/secure.gravatar.com\/avatar\/a29acbd2174611e826f7d881823703b38d7670f74c32c8b99d13ba9b25f07eff?s=96&r=g","url":"https:\/\/secure.gravatar.com\/avatar\/a29acbd2174611e826f7d881823703b38d7670f74c32c8b99d13ba9b25f07eff?s=96&r=g","contentUrl":"https:\/\/secure.gravatar.com\/avatar\/a29acbd2174611e826f7d881823703b38d7670f74c32c8b99d13ba9b25f07eff?s=96&r=g","caption":"Alyz\u00e9e"},"url":"https:\/\/www.jimprimeenfrance.fr\/blog\/author\/fabien\/"}]}},"_links":{"self":[{"href":"https:\/\/www.jimprimeenfrance.fr\/blog\/wp-json\/wp\/v2\/posts\/7738","targetHints":{"allow":["GET"]}}],"collection":[{"href":"https:\/\/www.jimprimeenfrance.fr\/blog\/wp-json\/wp\/v2\/posts"}],"about":[{"href":"https:\/\/www.jimprimeenfrance.fr\/blog\/wp-json\/wp\/v2\/types\/post"}],"author":[{"embeddable":true,"href":"https:\/\/www.jimprimeenfrance.fr\/blog\/wp-json\/wp\/v2\/users\/1"}],"replies":[{"embeddable":true,"href":"https:\/\/www.jimprimeenfrance.fr\/blog\/wp-json\/wp\/v2\/comments?post=7738"}],"version-history":[{"count":1,"href":"https:\/\/www.jimprimeenfrance.fr\/blog\/wp-json\/wp\/v2\/posts\/7738\/revisions"}],"predecessor-version":[{"id":7744,"href":"https:\/\/www.jimprimeenfrance.fr\/blog\/wp-json\/wp\/v2\/posts\/7738\/revisions\/7744"}],"wp:featuredmedia":[{"embeddable":true,"href":"https:\/\/www.jimprimeenfrance.fr\/blog\/wp-json\/wp\/v2\/media\/7743"}],"wp:attachment":[{"href":"https:\/\/www.jimprimeenfrance.fr\/blog\/wp-json\/wp\/v2\/media?parent=7738"}],"wp:term":[{"taxonomy":"category","embeddable":true,"href":"https:\/\/www.jimprimeenfrance.fr\/blog\/wp-json\/wp\/v2\/categories?post=7738"},{"taxonomy":"post_tag","embeddable":true,"href":"https:\/\/www.jimprimeenfrance.fr\/blog\/wp-json\/wp\/v2\/tags?post=7738"}],"curies":[{"name":"wp","href":"https:\/\/api.w.org\/{rel}","templated":true}]}}