{"id":7674,"date":"2023-09-21T10:01:00","date_gmt":"2023-09-21T08:01:00","guid":{"rendered":"https:\/\/www.jimprimeenfrance.fr\/blog\/?p=7674"},"modified":"2023-09-21T10:03:49","modified_gmt":"2023-09-21T08:03:49","slug":"impression-calendrier-2024-tout-ce-quil-faut-savoir","status":"publish","type":"post","link":"https:\/\/www.jimprimeenfrance.fr\/blog\/impression-calendrier-2024-tout-ce-quil-faut-savoir\/","title":{"rendered":"Impression calendrier 2024 : tout ce qu&rsquo;il faut savoir"},"content":{"rendered":"\n<p class=\"has-text-align-justify\">\u00c0 l\u2019approche de l\u2019ann\u00e9e 2024, il est temps de penser \u00e0 des moyens cr\u00e9atifs de renforcer vos relations professionnelles et de faire briller votre entreprise. Les <a href=\"https:\/\/www.jimprimeenfrance.fr\/imprimer-un-calendrier\"><strong>calendriers personnalis\u00e9s 2024<\/strong><\/a> ne sont pas seulement des outils pratiques de planification, ce sont aussi de bons <a href=\"https:\/\/www.jimprimeenfrance.fr\/blog\/les-differents-supports-de-communication-print-et-leurs-enjeux\/\">supports de communication<\/a>.&nbsp;<\/p>\n\n\n\n<p class=\"has-text-align-justify\">Cr\u00e9er des liens solides avec vos clients, prospects, partenaires et collaborateurs est essentiel. C\u2019est pourquoi nous allons vous montrer, au travers de cet article, comment l\u2019impression de <strong>calendriers personnalis\u00e9s<\/strong> peut \u00eatre la cl\u00e9 pour laisser une impression durable tout au long de l\u2019ann\u00e9e 2024.<\/p>\n\n\n\n<div style=\"height:45px\" aria-hidden=\"true\" class=\"wp-block-spacer\"><\/div>\n\n\n\n<h2 class=\"wp-block-heading has-large-font-size\"><strong>Pourquoi offrir des calendriers personnalis\u00e9s en 2024 ?<\/strong><\/h2>\n\n\n\n<div style=\"height:25px\" aria-hidden=\"true\" class=\"wp-block-spacer\"><\/div>\n\n\n\n<p class=\"has-text-align-justify\">Offrir un <strong>calendrier 2024<\/strong> n\u2019est pas seulement une tendance, c\u2019est une strat\u00e9gie intelligente pour renforcer vos relations professionnelles. En effet, c\u2019est un outil de planification pratique qui dure toute l\u2019ann\u00e9e. Chaque fois que vos clients ou partenaires consultent le <strong>calendrier<\/strong>, ils se souviendront de votre entreprise. Votre logo et vos coordonn\u00e9es sont visibles chaque jour, vous offrant une visibilit\u00e9 constante. Votre entreprise est ainsi promue de mani\u00e8re subtile, sans \u00eatre intrusive.<\/p>\n\n\n\n<p class=\"has-text-align-justify\">De plus, offrir un <strong>calendrier personnalis\u00e9<\/strong> montre que vous appr\u00e9ciez vos clients et que vous voulez les aider \u00e0 rester organis\u00e9s. Cela cr\u00e9e un lien positif et renforce la fid\u00e9lit\u00e9.<\/p>\n\n\n\n<p class=\"has-text-align-justify\">Enfin, les <strong>calendriers personnalis\u00e9s<\/strong> offrent un espace pour la cr\u00e9ativit\u00e9.&nbsp; Vous pouvez ajouter des messages&nbsp; inspirants, des images de produits ou des \u00e9v\u00e9nements sp\u00e9ciaux, cr\u00e9ant ainsi une exp\u00e9rience unique.<\/p>\n\n\n\n<p class=\"has-text-align-justify\">En offrant des <strong>calendriers 2024<\/strong>, vous investissez donc dans des relations durables avec vos clients, partenaires et collaborateurs.<\/p>\n\n\n\n<div style=\"height:35px\" aria-hidden=\"true\" class=\"wp-block-spacer\"><\/div>\n\n\n\n<div class=\"wp-block-columns is-layout-flex wp-container-core-columns-is-layout-9d6595d7 wp-block-columns-is-layout-flex\">\n<div class=\"wp-block-column is-layout-flow wp-block-column-is-layout-flow\">\n<figure class=\"wp-block-image size-full\"><a href=\"https:\/\/jefdev.messages.fr\/calendrier-2024-a-imprimer\"><img loading=\"lazy\" decoding=\"async\" width=\"800\" height=\"800\" src=\"https:\/\/www.jimprimeenfrance.fr\/blog\/wp-content\/uploads\/2023\/09\/calendrier-2024-a-imprimer.jpg\" alt=\"Imprimer un calendrier 2024\" class=\"wp-image-7678\"\/><\/a><\/figure>\n<\/div>\n\n\n\n<div class=\"wp-block-column is-layout-flow wp-block-column-is-layout-flow\">\n<figure class=\"wp-block-image size-full\"><a href=\"https:\/\/jefdev.messages.fr\/impression-calendrier-a4\"><img loading=\"lazy\" decoding=\"async\" width=\"800\" height=\"800\" src=\"https:\/\/www.jimprimeenfrance.fr\/blog\/wp-content\/uploads\/2023\/09\/impression-calendrier-photo-1.jpg\" alt=\"Imprimer un calendrier 2024 personnalis\u00e9\" class=\"wp-image-7677\"\/><\/a><\/figure>\n<\/div>\n\n\n\n<div class=\"wp-block-column is-layout-flow wp-block-column-is-layout-flow\">\n<figure class=\"wp-block-image size-full\"><a href=\"https:\/\/jefdev.messages.fr\/impression-calendrier-pas-cher\"><img loading=\"lazy\" decoding=\"async\" width=\"800\" height=\"800\" src=\"https:\/\/www.jimprimeenfrance.fr\/blog\/wp-content\/uploads\/2023\/09\/impression-calendrier-personnalisable.jpg\" alt=\"Impression de calendriers personnalis\u00e9s\" class=\"wp-image-7676\"\/><\/a><\/figure>\n<\/div>\n<\/div>\n\n\n\n<div style=\"height:45px\" aria-hidden=\"true\" class=\"wp-block-spacer\"><\/div>\n\n\n\n<h2 class=\"wp-block-heading has-large-font-size\"><strong>Design personnalis\u00e9 : cr\u00e9ez une marque m\u00e9morable<\/strong><\/h2>\n\n\n\n<div style=\"height:25px\" aria-hidden=\"true\" class=\"wp-block-spacer\"><\/div>\n\n\n\n<p class=\"has-text-align-justify\">Le design de vos <strong>calendriers 2024<\/strong> compte \u00e9norm\u00e9ment. Voici quelques points \u00e0 ne pas n\u00e9gliger dans leur cr\u00e9ation :&nbsp;<\/p>\n\n\n\n<ul class=\"wp-block-list\">\n<li>Int\u00e9grer votre logo de mani\u00e8re harmonieuse dans le design du <strong>calendrier <\/strong>est essentiel. Il renforce la reconnaissance de votre <a href=\"https:\/\/www.jimprimeenfrance.fr\/blog\/quest-ce-quune-marque\/\">marque<\/a> chaque fois que quelqu\u2019un consulte le calendrier.<\/li>\n\n\n\n<li>Profitez de l\u2019espace pour ajouter un message ou des valeurs de votre entreprise. Cela peut \u00eatre un slogan inspirant, une citation ou un rappel de votre mission.<\/li>\n\n\n\n<li>Restez en harmonie avec votre <a href=\"https:\/\/www.jimprimeenfrance.fr\/blog\/tout-savoir-sur-lidentite-visuelle-definition-et-conseils\/\">identit\u00e9 visuelle<\/a>. Utilisez les m\u00eames \u00e9l\u00e9ments de design que ceux pr\u00e9sents sur vos autres supports marketing, tels que vos <a href=\"https:\/\/www.jimprimeenfrance.fr\/impression-carte-de-visite\">cartes de visite<\/a> ou votre site web. En respectant votre <a href=\"https:\/\/www.jimprimeenfrance.fr\/blog\/comment-creer-sa-charte-graphique\/\">charte graphique<\/a>, cela cr\u00e9e une coh\u00e9rence visuelle qui renforce la reconnaissance de votre marque.<\/li>\n\n\n\n<li>N\u2019h\u00e9sitez pas \u00e0 sortir des sentiers battus. Soyez cr\u00e9atif avec le design de vos <strong>calendriers 2024<\/strong>. Les designs uniques et originaux sont plus susceptibles de retenir l\u2019attention&nbsp; et d\u2019\u00eatre appr\u00e9ci\u00e9s.<\/li>\n<\/ul>\n\n\n\n<p class=\"has-text-align-justify\">Ainsi, en optant pour un design personnalis\u00e9, vous cr\u00e9ez un <strong>calendrier unique<\/strong> qui laisse une impression durable. Chaque fois que quelqu\u2019un consulte son calendrier, il sera expos\u00e9 \u00e0 votre marque, renfor\u00e7ant ainsi le lien entre votre entreprise et vos clients.<\/p>\n\n\n\n<div style=\"height:45px\" aria-hidden=\"true\" class=\"wp-block-spacer\"><\/div>\n\n\n\n<h2 class=\"wp-block-heading has-large-font-size\"><strong>Un calendrier 2024 pour tous : clients, prospects, fournisseurs et collaborateurs<\/strong><\/h2>\n\n\n\n<div style=\"height:25px\" aria-hidden=\"true\" class=\"wp-block-spacer\"><\/div>\n\n\n\n<p class=\"has-text-align-justify\">L\u2019un des avantages du <strong>calendrier personnalis\u00e9<\/strong> est sa polyvalence. Il peut \u00eatre un cadeau id\u00e9al pour diverses audiences professionnelles :&nbsp;<\/p>\n\n\n\n<ul class=\"wp-block-list\">\n<li>Vos clients : Offrir un cadeau personnalis\u00e9 \u00e0 vos clients est un moyen de les remercier pour leur fid\u00e9lit\u00e9. C\u2019est un geste qui montre que vous vous engagez \u00e0 les soutenir.<\/li>\n\n\n\n<li>Les prospects prometteurs : Les <strong>calendriers<\/strong> peuvent \u00eatre un excellent outil de prospection. Offrez-les \u00e0 de nouveaux prospects lors de r\u00e9unions ou de salons professionnels pour laisser une impression durable.<\/li>\n\n\n\n<li>Vos collaborateurs : Offrir un calendrier \u00e0 vos employ\u00e9s est une mani\u00e8re de les remercier et de cr\u00e9er une atmosph\u00e8re de travail positive. C\u2019est \u00e9galement un bon moyen pour renforcer le sentiment d\u2019appartenance \u00e0 l\u2019entreprise.<\/li>\n\n\n\n<li>Fournisseurs et partenaires : Montrez votre reconnaissance envers vos fournisseurs et partenaires commerciaux en leur offrant des calendriers personnalis\u00e9s. C\u2019est un moyen de montrer que vous appr\u00e9ciez votre collaboration.<\/li>\n<\/ul>\n\n\n\n<p>L\u2019avantage du <strong>calendrier personnalis\u00e9<\/strong> est qu\u2019il est adapt\u00e9 \u00e0 toutes ces audiences. Il est pratique, appr\u00e9ci\u00e9 et offre une visibilit\u00e9 constante tout au long de l\u2019ann\u00e9e.\u00a0<\/p>\n\n\n\n<div style=\"height:35px\" aria-hidden=\"true\" class=\"wp-block-spacer\"><\/div>\n\n\n<div class=\"wp-block-image\">\n<figure class=\"aligncenter size-full\"><img loading=\"lazy\" decoding=\"async\" width=\"1600\" height=\"500\" src=\"https:\/\/www.jimprimeenfrance.fr\/blog\/wp-content\/uploads\/2023\/09\/collaborateurs.jpg\" alt=\"Offrir un calendrier personnalis\u00e9 \u00e0 ses collaborateurs\" class=\"wp-image-7680\"\/><\/figure>\n<\/div>\n\n\n<div style=\"height:45px\" aria-hidden=\"true\" class=\"wp-block-spacer\"><\/div>\n\n\n\n<h2 class=\"wp-block-heading has-large-font-size\"><strong>Comment commander vos calendriers personnalis\u00e9s ?<\/strong><\/h2>\n\n\n\n<div style=\"height:25px\" aria-hidden=\"true\" class=\"wp-block-spacer\"><\/div>\n\n\n\n<p class=\"has-text-align-justify\">Commander vos <strong>calendriers personnalis\u00e9s 2024<\/strong> est plus simple que vous ne le pensez ! Voici les \u00e9tapes \u00e0 suivre :&nbsp;<\/p>\n\n\n\n<ol class=\"wp-block-list\">\n<li>Parcourez notre s\u00e9lection de designs personnalisables : <a href=\"https:\/\/www.jimprimeenfrance.fr\/impression-calendrier-personnalisable\">https:\/\/www.jimprimeenfrance.fr\/impression-calendrier-personnalisable<\/a>&nbsp; ou t\u00e9l\u00e9chargez le v\u00f4tre. Assurez-vous que le design refl\u00e8te l\u2019identit\u00e9 de votre entreprise.<\/li>\n\n\n\n<li>Personnalisez le contenu en ajoutant votre logo, vos images et vos coordonn\u00e9es. Vous pouvez \u00e9galement mettre certaines dates en valeur en fonction des \u00e9v\u00e9nements de votre entreprise ou du <a href=\"https:\/\/digitiz.fr\/blog\/calendrier-marketing\/\">marronnier<\/a>. Faites de vos calendriers une \u0153uvre d\u2019art unique.<\/li>\n\n\n\n<li>Choisissez ensuite le nombre de calendriers dont vous avez besoin. Pensez \u00e0 vos clients, prospects, partenaires, collaborateurs et fournisseurs.&nbsp;<\/li>\n\n\n\n<li>Passez en revue votre commande pour vous assurer que tout est correct, puis validez.<\/li>\n\n\n\n<li>Enfin, s\u00e9lectionnez le mode de paiement que vous souhaitez et finalisez votre commande en toute s\u00e9curit\u00e9.<\/li>\n<\/ol>\n\n\n\n<p class=\"has-text-align-justify\">Et le tour est jou\u00e9 ! Vous n\u2019avez plus qu\u2019\u00e0 distribuer ou envoyer vos <strong>calendriers 2024 <\/strong>&#x1f609;<\/p>\n\n\n\n<div style=\"height:50px\" aria-hidden=\"true\" class=\"wp-block-spacer\"><\/div>\n\n\n<div class=\"wp-block-image\">\n<figure class=\"aligncenter size-full\"><a href=\"https:\/\/www.jimprimeenfrance.fr\/\"><img loading=\"lazy\" decoding=\"async\" width=\"800\" height=\"100\" src=\"https:\/\/www.jimprimeenfrance.fr\/blog\/wp-content\/uploads\/2022\/05\/banniere-jimprime-en-france.jpg\" alt=\"J'imprime en France\" class=\"wp-image-7433\" srcset=\"https:\/\/www.jimprimeenfrance.fr\/blog\/wp-content\/uploads\/2022\/05\/banniere-jimprime-en-france.jpg 800w, https:\/\/www.jimprimeenfrance.fr\/blog\/wp-content\/uploads\/2022\/05\/banniere-jimprime-en-france-300x38.jpg 300w, https:\/\/www.jimprimeenfrance.fr\/blog\/wp-content\/uploads\/2022\/05\/banniere-jimprime-en-france-768x96.jpg 768w\" sizes=\"auto, (max-width: 800px) 100vw, 800px\" \/><\/a><\/figure>\n<\/div>","protected":false},"excerpt":{"rendered":"<p>\u00c0 l\u2019approche de l\u2019ann\u00e9e 2024, il est temps de penser \u00e0 des moyens cr\u00e9atifs de renforcer vos relations professionnelles et de faire briller votre entreprise. Les calendriers personnalis\u00e9s 2024 ne sont pas seulement des outils pratiques de planification, ce sont aussi de bons supports de communication.&nbsp; Cr\u00e9er des liens solides avec vos clients, prospects, partenaires [&hellip;]<\/p>\n","protected":false},"author":1,"featured_media":7682,"comment_status":"open","ping_status":"open","sticky":false,"template":"","format":"standard","meta":{"_editorskit_title_hidden":false,"_editorskit_reading_time":0,"_editorskit_is_block_options_detached":false,"_editorskit_block_options_position":"{}","footnotes":""},"categories":[26,54],"tags":[],"class_list":["post-7674","post","type-post","status-publish","format-standard","has-post-thumbnail","hentry","category-calendrier","category-marketing"],"yoast_head":"<!-- This site is optimized with the Yoast SEO plugin v27.5 - https:\/\/yoast.com\/product\/yoast-seo-wordpress\/ -->\r\n<title>Impression calendrier 2024 : tout ce qu&#039;il faut savoir - Votre imprimerie en ligne, le blog<\/title>\r\n<meta name=\"description\" content=\"Plus qu&#039;un simple outil pratique, le calendrier 2024 est un support marketing qui offrira \u00e0 votre entreprise une visibilit\u00e9 quotidienne\" \/>\r\n<meta name=\"robots\" content=\"index, follow, max-snippet:-1, max-image-preview:large, max-video-preview:-1\" \/>\r\n<link rel=\"canonical\" href=\"https:\/\/www.jimprimeenfrance.fr\/blog\/impression-calendrier-2024-tout-ce-quil-faut-savoir\/\" \/>\r\n<meta property=\"og:locale\" content=\"fr_FR\" \/>\r\n<meta property=\"og:type\" content=\"article\" \/>\r\n<meta property=\"og:title\" content=\"Impression calendrier 2024 : tout ce qu&#039;il faut savoir - Votre imprimerie en ligne, le blog\" \/>\r\n<meta property=\"og:description\" content=\"Plus qu&#039;un simple outil pratique, le calendrier 2024 est un support marketing qui offrira \u00e0 votre entreprise une visibilit\u00e9 quotidienne\" \/>\r\n<meta property=\"og:url\" content=\"https:\/\/www.jimprimeenfrance.fr\/blog\/impression-calendrier-2024-tout-ce-quil-faut-savoir\/\" \/>\r\n<meta property=\"og:site_name\" content=\"Votre imprimerie en ligne, le blog\" \/>\r\n<meta property=\"article:publisher\" content=\"https:\/\/www.facebook.com\/PrintBasPrix\" \/>\r\n<meta property=\"article:published_time\" content=\"2023-09-21T08:01:00+00:00\" \/>\r\n<meta property=\"article:modified_time\" content=\"2023-09-21T08:03:49+00:00\" \/>\r\n<meta property=\"og:image\" content=\"https:\/\/www.jimprimeenfrance.fr\/blog\/wp-content\/uploads\/2023\/09\/calendrier-2024.jpg\" \/>\r\n\t<meta property=\"og:image:width\" content=\"6912\" \/>\r\n\t<meta property=\"og:image:height\" content=\"3456\" \/>\r\n\t<meta property=\"og:image:type\" content=\"image\/jpeg\" \/>\r\n<meta name=\"author\" content=\"Alyz\u00e9e\" \/>\r\n<meta name=\"twitter:card\" content=\"summary_large_image\" \/>\r\n<meta name=\"twitter:creator\" content=\"@PrintBasPrix\" \/>\r\n<meta name=\"twitter:site\" content=\"@PrintBasPrix\" \/>\r\n<meta name=\"twitter:label1\" content=\"\u00c9crit par\" \/>\n\t<meta name=\"twitter:data1\" content=\"Alyz\u00e9e\" \/>\n\t<meta name=\"twitter:label2\" content=\"Dur\u00e9e de lecture estim\u00e9e\" \/>\n\t<meta name=\"twitter:data2\" content=\"5 minutes\" \/>\r\n<script type=\"application\/ld+json\" class=\"yoast-schema-graph\">{\"@context\":\"https:\\\/\\\/schema.org\",\"@graph\":[{\"@type\":\"Article\",\"@id\":\"https:\\\/\\\/www.jimprimeenfrance.fr\\\/blog\\\/impression-calendrier-2024-tout-ce-quil-faut-savoir\\\/#article\",\"isPartOf\":{\"@id\":\"https:\\\/\\\/www.jimprimeenfrance.fr\\\/blog\\\/impression-calendrier-2024-tout-ce-quil-faut-savoir\\\/\"},\"author\":{\"name\":\"Alyz\u00e9e\",\"@id\":\"https:\\\/\\\/www.jimprimeenfrance.fr\\\/blog\\\/#\\\/schema\\\/person\\\/c5908efce65874ac39978f5a0ce6e195\"},\"headline\":\"Impression calendrier 2024 : tout ce qu&rsquo;il faut savoir\",\"datePublished\":\"2023-09-21T08:01:00+00:00\",\"dateModified\":\"2023-09-21T08:03:49+00:00\",\"mainEntityOfPage\":{\"@id\":\"https:\\\/\\\/www.jimprimeenfrance.fr\\\/blog\\\/impression-calendrier-2024-tout-ce-quil-faut-savoir\\\/\"},\"wordCount\":848,\"commentCount\":0,\"publisher\":{\"@id\":\"https:\\\/\\\/www.jimprimeenfrance.fr\\\/blog\\\/#organization\"},\"image\":{\"@id\":\"https:\\\/\\\/www.jimprimeenfrance.fr\\\/blog\\\/impression-calendrier-2024-tout-ce-quil-faut-savoir\\\/#primaryimage\"},\"thumbnailUrl\":\"https:\\\/\\\/www.jimprimeenfrance.fr\\\/blog\\\/wp-content\\\/uploads\\\/2023\\\/09\\\/calendrier-2024.jpg\",\"articleSection\":[\"Calendrier\",\"Marketing\"],\"inLanguage\":\"fr-FR\",\"potentialAction\":[{\"@type\":\"CommentAction\",\"name\":\"Comment\",\"target\":[\"https:\\\/\\\/www.jimprimeenfrance.fr\\\/blog\\\/impression-calendrier-2024-tout-ce-quil-faut-savoir\\\/#respond\"]}]},{\"@type\":\"WebPage\",\"@id\":\"https:\\\/\\\/www.jimprimeenfrance.fr\\\/blog\\\/impression-calendrier-2024-tout-ce-quil-faut-savoir\\\/\",\"url\":\"https:\\\/\\\/www.jimprimeenfrance.fr\\\/blog\\\/impression-calendrier-2024-tout-ce-quil-faut-savoir\\\/\",\"name\":\"Impression calendrier 2024 : tout ce qu'il faut savoir - Votre imprimerie en ligne, le blog\",\"isPartOf\":{\"@id\":\"https:\\\/\\\/www.jimprimeenfrance.fr\\\/blog\\\/#website\"},\"primaryImageOfPage\":{\"@id\":\"https:\\\/\\\/www.jimprimeenfrance.fr\\\/blog\\\/impression-calendrier-2024-tout-ce-quil-faut-savoir\\\/#primaryimage\"},\"image\":{\"@id\":\"https:\\\/\\\/www.jimprimeenfrance.fr\\\/blog\\\/impression-calendrier-2024-tout-ce-quil-faut-savoir\\\/#primaryimage\"},\"thumbnailUrl\":\"https:\\\/\\\/www.jimprimeenfrance.fr\\\/blog\\\/wp-content\\\/uploads\\\/2023\\\/09\\\/calendrier-2024.jpg\",\"datePublished\":\"2023-09-21T08:01:00+00:00\",\"dateModified\":\"2023-09-21T08:03:49+00:00\",\"description\":\"Plus qu'un simple outil pratique, le calendrier 2024 est un support marketing qui offrira \u00e0 votre entreprise une visibilit\u00e9 quotidienne\",\"breadcrumb\":{\"@id\":\"https:\\\/\\\/www.jimprimeenfrance.fr\\\/blog\\\/impression-calendrier-2024-tout-ce-quil-faut-savoir\\\/#breadcrumb\"},\"inLanguage\":\"fr-FR\",\"potentialAction\":[{\"@type\":\"ReadAction\",\"target\":[\"https:\\\/\\\/www.jimprimeenfrance.fr\\\/blog\\\/impression-calendrier-2024-tout-ce-quil-faut-savoir\\\/\"]}]},{\"@type\":\"ImageObject\",\"inLanguage\":\"fr-FR\",\"@id\":\"https:\\\/\\\/www.jimprimeenfrance.fr\\\/blog\\\/impression-calendrier-2024-tout-ce-quil-faut-savoir\\\/#primaryimage\",\"url\":\"https:\\\/\\\/www.jimprimeenfrance.fr\\\/blog\\\/wp-content\\\/uploads\\\/2023\\\/09\\\/calendrier-2024.jpg\",\"contentUrl\":\"https:\\\/\\\/www.jimprimeenfrance.fr\\\/blog\\\/wp-content\\\/uploads\\\/2023\\\/09\\\/calendrier-2024.jpg\",\"width\":6912,\"height\":3456,\"caption\":\"Impression de calendrier 2024\"},{\"@type\":\"BreadcrumbList\",\"@id\":\"https:\\\/\\\/www.jimprimeenfrance.fr\\\/blog\\\/impression-calendrier-2024-tout-ce-quil-faut-savoir\\\/#breadcrumb\",\"itemListElement\":[{\"@type\":\"ListItem\",\"position\":1,\"name\":\"Accueil\",\"item\":\"https:\\\/\\\/www.jimprimeenfrance.fr\\\/blog\\\/\"},{\"@type\":\"ListItem\",\"position\":2,\"name\":\"Impression calendrier 2024 : tout ce qu&rsquo;il faut savoir\"}]},{\"@type\":\"WebSite\",\"@id\":\"https:\\\/\\\/www.jimprimeenfrance.fr\\\/blog\\\/#website\",\"url\":\"https:\\\/\\\/www.jimprimeenfrance.fr\\\/blog\\\/\",\"name\":\"Votre imprimerie en ligne, le blog\",\"description\":\"Impressionnez et faites bonne impression avec nos conseils d&#039;imprimerie online\",\"publisher\":{\"@id\":\"https:\\\/\\\/www.jimprimeenfrance.fr\\\/blog\\\/#organization\"},\"potentialAction\":[{\"@type\":\"SearchAction\",\"target\":{\"@type\":\"EntryPoint\",\"urlTemplate\":\"https:\\\/\\\/www.jimprimeenfrance.fr\\\/blog\\\/?s={search_term_string}\"},\"query-input\":{\"@type\":\"PropertyValueSpecification\",\"valueRequired\":true,\"valueName\":\"search_term_string\"}}],\"inLanguage\":\"fr-FR\"},{\"@type\":\"Organization\",\"@id\":\"https:\\\/\\\/www.jimprimeenfrance.fr\\\/blog\\\/#organization\",\"name\":\"PrintBasPrix - Imprimerie en ligne\",\"url\":\"https:\\\/\\\/www.jimprimeenfrance.fr\\\/blog\\\/\",\"logo\":{\"@type\":\"ImageObject\",\"inLanguage\":\"fr-FR\",\"@id\":\"https:\\\/\\\/www.jimprimeenfrance.fr\\\/blog\\\/#\\\/schema\\\/logo\\\/image\\\/\",\"url\":\"https:\\\/\\\/www.jimprimeenfrance.fr\\\/blog\\\/wp-content\\\/uploads\\\/2018\\\/07\\\/cropped-printbasprix-imprimeur-en-ligne.png\",\"contentUrl\":\"https:\\\/\\\/www.jimprimeenfrance.fr\\\/blog\\\/wp-content\\\/uploads\\\/2018\\\/07\\\/cropped-printbasprix-imprimeur-en-ligne.png\",\"width\":361,\"height\":86,\"caption\":\"PrintBasPrix - Imprimerie en ligne\"},\"image\":{\"@id\":\"https:\\\/\\\/www.jimprimeenfrance.fr\\\/blog\\\/#\\\/schema\\\/logo\\\/image\\\/\"},\"sameAs\":[\"https:\\\/\\\/www.facebook.com\\\/PrintBasPrix\",\"https:\\\/\\\/x.com\\\/PrintBasPrix\",\"https:\\\/\\\/www.instagram.com\\\/printbasprix\\\/\",\"https:\\\/\\\/www.linkedin.com\\\/company\\\/printbasprix\\\/\",\"https:\\\/\\\/www.youtube.com\\\/channel\\\/UC0Ysbd0Gbzzp0yMgrfNQqug\"]},{\"@type\":\"Person\",\"@id\":\"https:\\\/\\\/www.jimprimeenfrance.fr\\\/blog\\\/#\\\/schema\\\/person\\\/c5908efce65874ac39978f5a0ce6e195\",\"name\":\"Alyz\u00e9e\",\"image\":{\"@type\":\"ImageObject\",\"inLanguage\":\"fr-FR\",\"@id\":\"https:\\\/\\\/secure.gravatar.com\\\/avatar\\\/a29acbd2174611e826f7d881823703b38d7670f74c32c8b99d13ba9b25f07eff?s=96&r=g\",\"url\":\"https:\\\/\\\/secure.gravatar.com\\\/avatar\\\/a29acbd2174611e826f7d881823703b38d7670f74c32c8b99d13ba9b25f07eff?s=96&r=g\",\"contentUrl\":\"https:\\\/\\\/secure.gravatar.com\\\/avatar\\\/a29acbd2174611e826f7d881823703b38d7670f74c32c8b99d13ba9b25f07eff?s=96&r=g\",\"caption\":\"Alyz\u00e9e\"},\"url\":\"https:\\\/\\\/www.jimprimeenfrance.fr\\\/blog\\\/author\\\/fabien\\\/\"}]}<\/script>\r\n<!-- \/ Yoast SEO plugin. -->","yoast_head_json":{"title":"Impression calendrier 2024 : tout ce qu'il faut savoir - Votre imprimerie en ligne, le blog","description":"Plus qu'un simple outil pratique, le calendrier 2024 est un support marketing qui offrira \u00e0 votre entreprise une visibilit\u00e9 quotidienne","robots":{"index":"index","follow":"follow","max-snippet":"max-snippet:-1","max-image-preview":"max-image-preview:large","max-video-preview":"max-video-preview:-1"},"canonical":"https:\/\/www.jimprimeenfrance.fr\/blog\/impression-calendrier-2024-tout-ce-quil-faut-savoir\/","og_locale":"fr_FR","og_type":"article","og_title":"Impression calendrier 2024 : tout ce qu'il faut savoir - Votre imprimerie en ligne, le blog","og_description":"Plus qu'un simple outil pratique, le calendrier 2024 est un support marketing qui offrira \u00e0 votre entreprise une visibilit\u00e9 quotidienne","og_url":"https:\/\/www.jimprimeenfrance.fr\/blog\/impression-calendrier-2024-tout-ce-quil-faut-savoir\/","og_site_name":"Votre imprimerie en ligne, le blog","article_publisher":"https:\/\/www.facebook.com\/PrintBasPrix","article_published_time":"2023-09-21T08:01:00+00:00","article_modified_time":"2023-09-21T08:03:49+00:00","og_image":[{"width":6912,"height":3456,"url":"https:\/\/www.jimprimeenfrance.fr\/blog\/wp-content\/uploads\/2023\/09\/calendrier-2024.jpg","type":"image\/jpeg"}],"author":"Alyz\u00e9e","twitter_card":"summary_large_image","twitter_creator":"@PrintBasPrix","twitter_site":"@PrintBasPrix","twitter_misc":{"\u00c9crit par":"Alyz\u00e9e","Dur\u00e9e de lecture estim\u00e9e":"5 minutes"},"schema":{"@context":"https:\/\/schema.org","@graph":[{"@type":"Article","@id":"https:\/\/www.jimprimeenfrance.fr\/blog\/impression-calendrier-2024-tout-ce-quil-faut-savoir\/#article","isPartOf":{"@id":"https:\/\/www.jimprimeenfrance.fr\/blog\/impression-calendrier-2024-tout-ce-quil-faut-savoir\/"},"author":{"name":"Alyz\u00e9e","@id":"https:\/\/www.jimprimeenfrance.fr\/blog\/#\/schema\/person\/c5908efce65874ac39978f5a0ce6e195"},"headline":"Impression calendrier 2024 : tout ce qu&rsquo;il faut savoir","datePublished":"2023-09-21T08:01:00+00:00","dateModified":"2023-09-21T08:03:49+00:00","mainEntityOfPage":{"@id":"https:\/\/www.jimprimeenfrance.fr\/blog\/impression-calendrier-2024-tout-ce-quil-faut-savoir\/"},"wordCount":848,"commentCount":0,"publisher":{"@id":"https:\/\/www.jimprimeenfrance.fr\/blog\/#organization"},"image":{"@id":"https:\/\/www.jimprimeenfrance.fr\/blog\/impression-calendrier-2024-tout-ce-quil-faut-savoir\/#primaryimage"},"thumbnailUrl":"https:\/\/www.jimprimeenfrance.fr\/blog\/wp-content\/uploads\/2023\/09\/calendrier-2024.jpg","articleSection":["Calendrier","Marketing"],"inLanguage":"fr-FR","potentialAction":[{"@type":"CommentAction","name":"Comment","target":["https:\/\/www.jimprimeenfrance.fr\/blog\/impression-calendrier-2024-tout-ce-quil-faut-savoir\/#respond"]}]},{"@type":"WebPage","@id":"https:\/\/www.jimprimeenfrance.fr\/blog\/impression-calendrier-2024-tout-ce-quil-faut-savoir\/","url":"https:\/\/www.jimprimeenfrance.fr\/blog\/impression-calendrier-2024-tout-ce-quil-faut-savoir\/","name":"Impression calendrier 2024 : tout ce qu'il faut savoir - Votre imprimerie en ligne, le blog","isPartOf":{"@id":"https:\/\/www.jimprimeenfrance.fr\/blog\/#website"},"primaryImageOfPage":{"@id":"https:\/\/www.jimprimeenfrance.fr\/blog\/impression-calendrier-2024-tout-ce-quil-faut-savoir\/#primaryimage"},"image":{"@id":"https:\/\/www.jimprimeenfrance.fr\/blog\/impression-calendrier-2024-tout-ce-quil-faut-savoir\/#primaryimage"},"thumbnailUrl":"https:\/\/www.jimprimeenfrance.fr\/blog\/wp-content\/uploads\/2023\/09\/calendrier-2024.jpg","datePublished":"2023-09-21T08:01:00+00:00","dateModified":"2023-09-21T08:03:49+00:00","description":"Plus qu'un simple outil pratique, le calendrier 2024 est un support marketing qui offrira \u00e0 votre entreprise une visibilit\u00e9 quotidienne","breadcrumb":{"@id":"https:\/\/www.jimprimeenfrance.fr\/blog\/impression-calendrier-2024-tout-ce-quil-faut-savoir\/#breadcrumb"},"inLanguage":"fr-FR","potentialAction":[{"@type":"ReadAction","target":["https:\/\/www.jimprimeenfrance.fr\/blog\/impression-calendrier-2024-tout-ce-quil-faut-savoir\/"]}]},{"@type":"ImageObject","inLanguage":"fr-FR","@id":"https:\/\/www.jimprimeenfrance.fr\/blog\/impression-calendrier-2024-tout-ce-quil-faut-savoir\/#primaryimage","url":"https:\/\/www.jimprimeenfrance.fr\/blog\/wp-content\/uploads\/2023\/09\/calendrier-2024.jpg","contentUrl":"https:\/\/www.jimprimeenfrance.fr\/blog\/wp-content\/uploads\/2023\/09\/calendrier-2024.jpg","width":6912,"height":3456,"caption":"Impression de calendrier 2024"},{"@type":"BreadcrumbList","@id":"https:\/\/www.jimprimeenfrance.fr\/blog\/impression-calendrier-2024-tout-ce-quil-faut-savoir\/#breadcrumb","itemListElement":[{"@type":"ListItem","position":1,"name":"Accueil","item":"https:\/\/www.jimprimeenfrance.fr\/blog\/"},{"@type":"ListItem","position":2,"name":"Impression calendrier 2024 : tout ce qu&rsquo;il faut savoir"}]},{"@type":"WebSite","@id":"https:\/\/www.jimprimeenfrance.fr\/blog\/#website","url":"https:\/\/www.jimprimeenfrance.fr\/blog\/","name":"Votre imprimerie en ligne, le blog","description":"Impressionnez et faites bonne impression avec nos conseils d&#039;imprimerie online","publisher":{"@id":"https:\/\/www.jimprimeenfrance.fr\/blog\/#organization"},"potentialAction":[{"@type":"SearchAction","target":{"@type":"EntryPoint","urlTemplate":"https:\/\/www.jimprimeenfrance.fr\/blog\/?s={search_term_string}"},"query-input":{"@type":"PropertyValueSpecification","valueRequired":true,"valueName":"search_term_string"}}],"inLanguage":"fr-FR"},{"@type":"Organization","@id":"https:\/\/www.jimprimeenfrance.fr\/blog\/#organization","name":"PrintBasPrix - Imprimerie en ligne","url":"https:\/\/www.jimprimeenfrance.fr\/blog\/","logo":{"@type":"ImageObject","inLanguage":"fr-FR","@id":"https:\/\/www.jimprimeenfrance.fr\/blog\/#\/schema\/logo\/image\/","url":"https:\/\/www.jimprimeenfrance.fr\/blog\/wp-content\/uploads\/2018\/07\/cropped-printbasprix-imprimeur-en-ligne.png","contentUrl":"https:\/\/www.jimprimeenfrance.fr\/blog\/wp-content\/uploads\/2018\/07\/cropped-printbasprix-imprimeur-en-ligne.png","width":361,"height":86,"caption":"PrintBasPrix - Imprimerie en ligne"},"image":{"@id":"https:\/\/www.jimprimeenfrance.fr\/blog\/#\/schema\/logo\/image\/"},"sameAs":["https:\/\/www.facebook.com\/PrintBasPrix","https:\/\/x.com\/PrintBasPrix","https:\/\/www.instagram.com\/printbasprix\/","https:\/\/www.linkedin.com\/company\/printbasprix\/","https:\/\/www.youtube.com\/channel\/UC0Ysbd0Gbzzp0yMgrfNQqug"]},{"@type":"Person","@id":"https:\/\/www.jimprimeenfrance.fr\/blog\/#\/schema\/person\/c5908efce65874ac39978f5a0ce6e195","name":"Alyz\u00e9e","image":{"@type":"ImageObject","inLanguage":"fr-FR","@id":"https:\/\/secure.gravatar.com\/avatar\/a29acbd2174611e826f7d881823703b38d7670f74c32c8b99d13ba9b25f07eff?s=96&r=g","url":"https:\/\/secure.gravatar.com\/avatar\/a29acbd2174611e826f7d881823703b38d7670f74c32c8b99d13ba9b25f07eff?s=96&r=g","contentUrl":"https:\/\/secure.gravatar.com\/avatar\/a29acbd2174611e826f7d881823703b38d7670f74c32c8b99d13ba9b25f07eff?s=96&r=g","caption":"Alyz\u00e9e"},"url":"https:\/\/www.jimprimeenfrance.fr\/blog\/author\/fabien\/"}]}},"_links":{"self":[{"href":"https:\/\/www.jimprimeenfrance.fr\/blog\/wp-json\/wp\/v2\/posts\/7674","targetHints":{"allow":["GET"]}}],"collection":[{"href":"https:\/\/www.jimprimeenfrance.fr\/blog\/wp-json\/wp\/v2\/posts"}],"about":[{"href":"https:\/\/www.jimprimeenfrance.fr\/blog\/wp-json\/wp\/v2\/types\/post"}],"author":[{"embeddable":true,"href":"https:\/\/www.jimprimeenfrance.fr\/blog\/wp-json\/wp\/v2\/users\/1"}],"replies":[{"embeddable":true,"href":"https:\/\/www.jimprimeenfrance.fr\/blog\/wp-json\/wp\/v2\/comments?post=7674"}],"version-history":[{"count":5,"href":"https:\/\/www.jimprimeenfrance.fr\/blog\/wp-json\/wp\/v2\/posts\/7674\/revisions"}],"predecessor-version":[{"id":7685,"href":"https:\/\/www.jimprimeenfrance.fr\/blog\/wp-json\/wp\/v2\/posts\/7674\/revisions\/7685"}],"wp:featuredmedia":[{"embeddable":true,"href":"https:\/\/www.jimprimeenfrance.fr\/blog\/wp-json\/wp\/v2\/media\/7682"}],"wp:attachment":[{"href":"https:\/\/www.jimprimeenfrance.fr\/blog\/wp-json\/wp\/v2\/media?parent=7674"}],"wp:term":[{"taxonomy":"category","embeddable":true,"href":"https:\/\/www.jimprimeenfrance.fr\/blog\/wp-json\/wp\/v2\/categories?post=7674"},{"taxonomy":"post_tag","embeddable":true,"href":"https:\/\/www.jimprimeenfrance.fr\/blog\/wp-json\/wp\/v2\/tags?post=7674"}],"curies":[{"name":"wp","href":"https:\/\/api.w.org\/{rel}","templated":true}]}}