{"id":7641,"date":"2023-08-23T09:00:00","date_gmt":"2023-08-23T07:00:00","guid":{"rendered":"https:\/\/www.jimprimeenfrance.fr\/blog\/?p=7641"},"modified":"2023-08-22T15:03:15","modified_gmt":"2023-08-22T13:03:15","slug":"a-la-rencontre-de-sebastien-chef-de-projet-web-chez-jimprime-en-france","status":"publish","type":"post","link":"https:\/\/www.jimprimeenfrance.fr\/blog\/a-la-rencontre-de-sebastien-chef-de-projet-web-chez-jimprime-en-france\/","title":{"rendered":"\u00c0 la rencontre de S\u00e9bastien, chef de projet web chez J&rsquo;Imprime en France"},"content":{"rendered":"\n<p>Depuis 7 ans S\u00e9bastien fait vivre le site de J&rsquo;Imprime en France. Aujourd&rsquo;hui il s&rsquo;est pr\u00eat\u00e9 au jeu de l&rsquo;interview et nous en dit plus sur lui. On vous laisse le d\u00e9couvrir.  &#x1f609;<\/p>\n\n\n\n<div style=\"height:35px\" aria-hidden=\"true\" class=\"wp-block-spacer\"><\/div>\n\n\n\n<h2 class=\"wp-block-heading has-large-font-size\"><strong>Peux-tu te pr\u00e9senter\u00a0?<\/strong><\/h2>\n\n\n\n<p class=\"has-text-align-justify\">Je m\u2019appelle <strong>S\u00e9bastien<\/strong>, j\u2019ai 36 ans, je suis <strong>chef de projet web<\/strong> depuis 7 ans pour J\u2019imprime en France et depuis tout petit je vis \u00e0 <strong>Toulouse<\/strong>.&nbsp;<\/p>\n\n\n\n<h2 class=\"wp-block-heading has-large-font-size\"><strong>C\u2019est quoi ton parcours ?<\/strong><\/h2>\n\n\n\n<p class=\"has-text-align-justify\">J&rsquo;ai commenc\u00e9 par une licence en<strong> PAO<\/strong> multim\u00e9dia ce qui m&rsquo;a permis d&rsquo;apprendre les logiciels de la suite <strong>Adobe<\/strong>. En attendant de trouver un <strong>CDI<\/strong> dans mon domaine j&rsquo;ai travaill\u00e9 \u00e0 <strong>McDonald&rsquo;s<\/strong>. Cela m&rsquo;a apport\u00e9 de nombreuses choses notamment l&rsquo;<strong>apprentissage<\/strong> du travail en <strong>\u00e9quipe<\/strong>. Par la suite j&rsquo;ai trouv\u00e9 un poste de <strong>graphiste<\/strong> et aujourd&rsquo;hui je suis chef de projet chez <strong>J&rsquo;Imprime en France<\/strong>.<\/p>\n\n\n\n<h2 class=\"wp-block-heading has-large-font-size\"><strong>C\u2019est quoi ta journ\u00e9e type ?\u00a0<\/strong><\/h2>\n\n\n\n<p class=\"has-text-align-justify\">La premi\u00e8re chose que je fais, j\u2019analyse les<strong> performances<\/strong> du site de la veille et on ajuste les <strong>projets<\/strong> en fonction de ces r\u00e9sultats.<br>Ensuite on fait des points avec l\u2019\u00e9quipe. Donc avec les <strong>d\u00e9veloppeurs<\/strong> et les <strong>graphistes<\/strong> sur les projets en cours et sur les \u00e9volutions de <strong>webdesign<\/strong>, des nouveaux produits, des nouveaux projets.<br>Puis, tout le long de la journ\u00e9e j\u2019aide les d\u00e9veloppeurs et les graphistes \u00e0 avancer sur leurs projets parce qu\u2019un <strong>chef de projet<\/strong> doit avoir des <strong>comp\u00e9tences<\/strong> en graphisme et en d\u00e9veloppement afin d\u2019avoir une <strong>vision globale<\/strong> sur tous les projets.<\/p>\n\n\n\n<h2 class=\"wp-block-heading has-large-font-size\"><strong>Quelle est la qualit\u00e9 essentielle au poste de chef de projet web ?\u00a0<\/strong><\/h2>\n\n\n\n<p class=\"has-text-align-justify\">On travaille avec des <strong>d\u00e9veloppeurs<\/strong> et des graphistes, donc la qualit\u00e9 premi\u00e8re est la <strong>polyvalence<\/strong> et surtout comprendre ce qu\u2019ils font. J\u2019ai des bagages en <strong>graphisme<\/strong> et en <strong>d\u00e9veloppement<\/strong>. C\u2019est essentiel !<\/p>\n\n\n\n<div style=\"height:35px\" aria-hidden=\"true\" class=\"wp-block-spacer\"><\/div>\n\n\n\n<h2 class=\"wp-block-heading has-large-font-size\"><strong>C\u2019est quoi le projet dont tu es le plus fier ?\u00a0<\/strong><\/h2>\n\n\n\n<p class=\"has-text-align-justify\">Il faut savoir qu&rsquo;\u00e0 c\u00f4t\u00e9 de <strong>J\u2019Imprime en France<\/strong>, je m\u2019occupe aussi de 5 autres sites et finalement ce dont je suis le plus fier c\u2019est le<strong> retour positif<\/strong> des clients sur la simplicit\u00e9 des <strong>sites <\/strong>et le fait qu\u2019ils correspondent \u00e0 leurs <strong>attentes<\/strong>.<\/p>\n\n\n\n<div style=\"height:35px\" aria-hidden=\"true\" class=\"wp-block-spacer\"><\/div>\n\n\n\n<h2 class=\"wp-block-heading has-large-font-size\"><strong>Quelles sont tes qualit\u00e9s et tes d\u00e9fauts ?<\/strong><\/h2>\n\n\n\n<p class=\"has-text-align-justify\">Pour mes <strong>qualit\u00e9s<\/strong>, je dirais s\u00fbrement le c\u00f4t\u00e9 <strong>sociable<\/strong> qui m&rsquo;aide beaucoup dans mon travail car \u00e9tant <strong>chef de projet<\/strong> je ne dois pas h\u00e9siter \u00e0 aller \u00e0 la rencontre de nouvelles <strong>personnes<\/strong>. \u00c0 c\u00f4t\u00e9 de cela, je sais que je suis <strong>cr\u00e9atif<\/strong> et tr\u00e8s <strong>curieux<\/strong> que ce soit au travail ou en dehors. Dans ma vie personnelle je m&rsquo;int\u00e9resse \u00e0 tout ce qui m&rsquo;entoure, cela est hyper<strong> enrichissant<\/strong>. <\/p>\n\n\n\n<p class=\"has-text-align-justify\">Si je devais me donner un <strong>d\u00e9faut<\/strong>, je suis un grand bavard. Apr\u00e8s cela peut aussi \u00eatre une qualit\u00e9, \u00e7a d\u00e9pend de la fa\u00e7on de voir les choses ^^<\/p>\n\n\n\n<div style=\"height:35px\" aria-hidden=\"true\" class=\"wp-block-spacer\"><\/div>\n\n\n\n<h2 class=\"wp-block-heading has-large-font-size\"><strong>C&rsquo;est quoi tes passe-temps favoris ?<\/strong><\/h2>\n\n\n\n<p class=\"has-text-align-justify\">J&rsquo;aime beaucoup le <strong>cin\u00e9ma<\/strong> et je regarde beaucoup de<strong> films<\/strong>. Je joue aussi de la <strong>guitare<\/strong>. D&rsquo;ailleurs le morceau que je joue le mieux est <strong>Hallelujah<\/strong> de Jeff Buckley.<\/p>\n\n\n\n<p class=\"has-text-align-justify\">Et comme je disais plus t\u00f4t, je suis tr\u00e8s<strong> cr\u00e9atif<\/strong> et j&rsquo;ai beaucoup de projet \u00e0 c\u00f4t\u00e9 dont le plus r\u00e9cent est <strong>l&rsquo;\u00e9criture<\/strong> de mon 1er roman : <a href=\"https:\/\/www.coollibri.com\/bibliotheque-en-ligne\/sebastien-paas\/itineraire-66_249843\" class=\"ek-link\"><strong>Itin\u00e9raire 66<\/strong><\/a>.<\/p>\n\n\n\n<div style=\"height:28px\" aria-hidden=\"true\" class=\"wp-block-spacer\"><\/div>\n\n\n\n<figure class=\"wp-block-image size-full\"><a href=\"https:\/\/www.coollibri.com\/bibliotheque-en-ligne\/sebastien-paas\/itineraire-66_249843\"><img loading=\"lazy\" decoding=\"async\" width=\"2048\" height=\"1366\" src=\"https:\/\/www.jimprimeenfrance.fr\/blog\/wp-content\/uploads\/2023\/08\/Itineraire-66-1.png\" alt=\"S\u00e9bastien - chef de projet web - livre\" class=\"wp-image-7644\"\/><\/a><\/figure>\n\n\n\n<div style=\"height:35px\" aria-hidden=\"true\" class=\"wp-block-spacer\"><\/div>\n\n\n\n<h2 class=\"wp-block-heading has-large-font-size\"><strong>Ton meilleur moment au sein de l\u2019entreprise ?<\/strong><\/h2>\n\n\n\n<p class=\"has-text-align-justify\">Le moment que j&rsquo;ai beaucoup aim\u00e9 dans<strong> l&rsquo;entreprise <\/strong>est quand nous sommes pass\u00e9s de<strong> Print Bas Prix<\/strong> \u00e0 <strong><a href=\"https:\/\/www.jimprimeenfrance.fr\/\" class=\"ek-link\">J&rsquo;Imprime en France<\/a><\/strong>. On a d\u00fb modifier tout le <strong>design<\/strong> du site et tout le c\u0153ur au niveau d\u00e9veloppement. C&rsquo;\u00e9tait vraiment un <strong>challenge<\/strong> \u00e0 relever et toute l&rsquo;\u00e9quipe \u00e9tait \u00e0 <strong>100%<\/strong> sur ce projet, on \u00e9tait vraiment soud\u00e9s. C&rsquo;est mon meilleur moment car c&rsquo;\u00e9tait \u00e0 la fois du<strong> travail<\/strong> et un moment de <strong>partage<\/strong>.<\/p>\n\n\n\n<div style=\"height:33px\" aria-hidden=\"true\" class=\"wp-block-spacer\"><\/div>\n\n\n\n<h2 class=\"wp-block-heading has-large-font-size\"><strong>Un mot pour la fin ?<\/strong><\/h2>\n\n\n\n<p class=\"has-text-align-justify\">Moi qui ai toujours aim\u00e9 le<strong> produit papier <\/strong>c&rsquo;est un plaisir de travailler pour un site d\u00e9di\u00e9 \u00e0<strong> l&rsquo;impression <\/strong>qui a encore de <strong>beaux jours<\/strong> devant elle. <\/p>\n\n\n\n<div style=\"height:50px\" aria-hidden=\"true\" class=\"wp-block-spacer\"><\/div>\n\n\n<div class=\"wp-block-image\">\n<figure class=\"aligncenter size-full\"><a href=\"https:\/\/www.jimprimeenfrance.fr\/\"><img loading=\"lazy\" decoding=\"async\" width=\"800\" height=\"100\" src=\"https:\/\/www.jimprimeenfrance.fr\/blog\/wp-content\/uploads\/2022\/05\/banniere-jimprime-en-france.jpg\" alt=\"J'imprime en France\" class=\"wp-image-7433\" srcset=\"https:\/\/www.jimprimeenfrance.fr\/blog\/wp-content\/uploads\/2022\/05\/banniere-jimprime-en-france.jpg 800w, https:\/\/www.jimprimeenfrance.fr\/blog\/wp-content\/uploads\/2022\/05\/banniere-jimprime-en-france-300x38.jpg 300w, https:\/\/www.jimprimeenfrance.fr\/blog\/wp-content\/uploads\/2022\/05\/banniere-jimprime-en-france-768x96.jpg 768w\" sizes=\"auto, (max-width: 800px) 100vw, 800px\" \/><\/a><\/figure>\n<\/div>","protected":false},"excerpt":{"rendered":"<p>Depuis 7 ans S\u00e9bastien fait vivre le site de J&rsquo;Imprime en France. Aujourd&rsquo;hui il s&rsquo;est pr\u00eat\u00e9 au jeu de l&rsquo;interview et nous en dit plus sur lui. On vous laisse le d\u00e9couvrir. &#x1f609; Peux-tu te pr\u00e9senter\u00a0? Je m\u2019appelle S\u00e9bastien, j\u2019ai 36 ans, je suis chef de projet web depuis 7 ans pour J\u2019imprime en France [&hellip;]<\/p>\n","protected":false},"author":1,"featured_media":7652,"comment_status":"open","ping_status":"open","sticky":false,"template":"","format":"standard","meta":{"_editorskit_title_hidden":false,"_editorskit_reading_time":0,"_editorskit_is_block_options_detached":false,"_editorskit_block_options_position":"{}","footnotes":""},"categories":[591,595],"tags":[],"class_list":["post-7641","post","type-post","status-publish","format-standard","has-post-thumbnail","hentry","category-graphisme","category-lequipe"],"yoast_head":"<!-- This site is optimized with the Yoast SEO plugin v27.5 - https:\/\/yoast.com\/product\/yoast-seo-wordpress\/ -->\r\n<title>\u00c0 la rencontre de S\u00e9bastien, chef de projet web<\/title>\r\n<meta name=\"description\" content=\"Retrouvez S\u00e9bastien, notre chef de projet web dans une interview haute en couleurs qui vous permettra de le d\u00e9couvrir.\" \/>\r\n<meta name=\"robots\" content=\"index, follow, max-snippet:-1, max-image-preview:large, max-video-preview:-1\" \/>\r\n<link rel=\"canonical\" href=\"https:\/\/www.jimprimeenfrance.fr\/blog\/a-la-rencontre-de-sebastien-chef-de-projet-web-chez-jimprime-en-france\/\" \/>\r\n<meta property=\"og:locale\" content=\"fr_FR\" \/>\r\n<meta property=\"og:type\" content=\"article\" \/>\r\n<meta property=\"og:title\" content=\"\u00c0 la rencontre de S\u00e9bastien, chef de projet web\" \/>\r\n<meta property=\"og:description\" content=\"Retrouvez S\u00e9bastien, notre chef de projet web dans une interview haute en couleurs qui vous permettra de le d\u00e9couvrir.\" \/>\r\n<meta property=\"og:url\" content=\"https:\/\/www.jimprimeenfrance.fr\/blog\/a-la-rencontre-de-sebastien-chef-de-projet-web-chez-jimprime-en-france\/\" \/>\r\n<meta property=\"og:site_name\" content=\"Votre imprimerie en ligne, le blog\" \/>\r\n<meta property=\"article:publisher\" content=\"https:\/\/www.facebook.com\/PrintBasPrix\" \/>\r\n<meta property=\"article:published_time\" content=\"2023-08-23T07:00:00+00:00\" \/>\r\n<meta property=\"og:image\" content=\"https:\/\/www.jimprimeenfrance.fr\/blog\/wp-content\/uploads\/2023\/08\/interview-chef-de-projet-web.jpg\" \/>\r\n\t<meta property=\"og:image:width\" content=\"6912\" \/>\r\n\t<meta property=\"og:image:height\" content=\"3456\" \/>\r\n\t<meta property=\"og:image:type\" content=\"image\/jpeg\" \/>\r\n<meta name=\"author\" content=\"Alyz\u00e9e\" \/>\r\n<meta name=\"twitter:card\" content=\"summary_large_image\" \/>\r\n<meta name=\"twitter:creator\" content=\"@PrintBasPrix\" \/>\r\n<meta name=\"twitter:site\" content=\"@PrintBasPrix\" \/>\r\n<meta name=\"twitter:label1\" content=\"\u00c9crit par\" \/>\n\t<meta name=\"twitter:data1\" content=\"Alyz\u00e9e\" \/>\n\t<meta name=\"twitter:label2\" content=\"Dur\u00e9e de lecture estim\u00e9e\" \/>\n\t<meta name=\"twitter:data2\" content=\"4 minutes\" \/>\r\n<script type=\"application\/ld+json\" class=\"yoast-schema-graph\">{\"@context\":\"https:\\\/\\\/schema.org\",\"@graph\":[{\"@type\":\"Article\",\"@id\":\"https:\\\/\\\/www.jimprimeenfrance.fr\\\/blog\\\/a-la-rencontre-de-sebastien-chef-de-projet-web-chez-jimprime-en-france\\\/#article\",\"isPartOf\":{\"@id\":\"https:\\\/\\\/www.jimprimeenfrance.fr\\\/blog\\\/a-la-rencontre-de-sebastien-chef-de-projet-web-chez-jimprime-en-france\\\/\"},\"author\":{\"name\":\"Alyz\u00e9e\",\"@id\":\"https:\\\/\\\/www.jimprimeenfrance.fr\\\/blog\\\/#\\\/schema\\\/person\\\/c5908efce65874ac39978f5a0ce6e195\"},\"headline\":\"\u00c0 la rencontre de S\u00e9bastien, chef de projet web chez J&rsquo;Imprime en France\",\"datePublished\":\"2023-08-23T07:00:00+00:00\",\"mainEntityOfPage\":{\"@id\":\"https:\\\/\\\/www.jimprimeenfrance.fr\\\/blog\\\/a-la-rencontre-de-sebastien-chef-de-projet-web-chez-jimprime-en-france\\\/\"},\"wordCount\":697,\"commentCount\":1,\"publisher\":{\"@id\":\"https:\\\/\\\/www.jimprimeenfrance.fr\\\/blog\\\/#organization\"},\"image\":{\"@id\":\"https:\\\/\\\/www.jimprimeenfrance.fr\\\/blog\\\/a-la-rencontre-de-sebastien-chef-de-projet-web-chez-jimprime-en-france\\\/#primaryimage\"},\"thumbnailUrl\":\"https:\\\/\\\/www.jimprimeenfrance.fr\\\/blog\\\/wp-content\\\/uploads\\\/2023\\\/08\\\/interview-chef-de-projet-web.jpg\",\"articleSection\":[\"Graphisme\",\"L'\u00e9quipe\"],\"inLanguage\":\"fr-FR\",\"potentialAction\":[{\"@type\":\"CommentAction\",\"name\":\"Comment\",\"target\":[\"https:\\\/\\\/www.jimprimeenfrance.fr\\\/blog\\\/a-la-rencontre-de-sebastien-chef-de-projet-web-chez-jimprime-en-france\\\/#respond\"]}]},{\"@type\":\"WebPage\",\"@id\":\"https:\\\/\\\/www.jimprimeenfrance.fr\\\/blog\\\/a-la-rencontre-de-sebastien-chef-de-projet-web-chez-jimprime-en-france\\\/\",\"url\":\"https:\\\/\\\/www.jimprimeenfrance.fr\\\/blog\\\/a-la-rencontre-de-sebastien-chef-de-projet-web-chez-jimprime-en-france\\\/\",\"name\":\"\u00c0 la rencontre de S\u00e9bastien, chef de projet web\",\"isPartOf\":{\"@id\":\"https:\\\/\\\/www.jimprimeenfrance.fr\\\/blog\\\/#website\"},\"primaryImageOfPage\":{\"@id\":\"https:\\\/\\\/www.jimprimeenfrance.fr\\\/blog\\\/a-la-rencontre-de-sebastien-chef-de-projet-web-chez-jimprime-en-france\\\/#primaryimage\"},\"image\":{\"@id\":\"https:\\\/\\\/www.jimprimeenfrance.fr\\\/blog\\\/a-la-rencontre-de-sebastien-chef-de-projet-web-chez-jimprime-en-france\\\/#primaryimage\"},\"thumbnailUrl\":\"https:\\\/\\\/www.jimprimeenfrance.fr\\\/blog\\\/wp-content\\\/uploads\\\/2023\\\/08\\\/interview-chef-de-projet-web.jpg\",\"datePublished\":\"2023-08-23T07:00:00+00:00\",\"description\":\"Retrouvez S\u00e9bastien, notre chef de projet web dans une interview haute en couleurs qui vous permettra de le d\u00e9couvrir.\",\"breadcrumb\":{\"@id\":\"https:\\\/\\\/www.jimprimeenfrance.fr\\\/blog\\\/a-la-rencontre-de-sebastien-chef-de-projet-web-chez-jimprime-en-france\\\/#breadcrumb\"},\"inLanguage\":\"fr-FR\",\"potentialAction\":[{\"@type\":\"ReadAction\",\"target\":[\"https:\\\/\\\/www.jimprimeenfrance.fr\\\/blog\\\/a-la-rencontre-de-sebastien-chef-de-projet-web-chez-jimprime-en-france\\\/\"]}]},{\"@type\":\"ImageObject\",\"inLanguage\":\"fr-FR\",\"@id\":\"https:\\\/\\\/www.jimprimeenfrance.fr\\\/blog\\\/a-la-rencontre-de-sebastien-chef-de-projet-web-chez-jimprime-en-france\\\/#primaryimage\",\"url\":\"https:\\\/\\\/www.jimprimeenfrance.fr\\\/blog\\\/wp-content\\\/uploads\\\/2023\\\/08\\\/interview-chef-de-projet-web.jpg\",\"contentUrl\":\"https:\\\/\\\/www.jimprimeenfrance.fr\\\/blog\\\/wp-content\\\/uploads\\\/2023\\\/08\\\/interview-chef-de-projet-web.jpg\",\"width\":6912,\"height\":3456,\"caption\":\"Interview de S\u00e9bastien, chef de projet web chez J'imprime en France\"},{\"@type\":\"BreadcrumbList\",\"@id\":\"https:\\\/\\\/www.jimprimeenfrance.fr\\\/blog\\\/a-la-rencontre-de-sebastien-chef-de-projet-web-chez-jimprime-en-france\\\/#breadcrumb\",\"itemListElement\":[{\"@type\":\"ListItem\",\"position\":1,\"name\":\"Accueil\",\"item\":\"https:\\\/\\\/www.jimprimeenfrance.fr\\\/blog\\\/\"},{\"@type\":\"ListItem\",\"position\":2,\"name\":\"\u00c0 la rencontre de S\u00e9bastien, chef de projet web chez J&rsquo;Imprime en France\"}]},{\"@type\":\"WebSite\",\"@id\":\"https:\\\/\\\/www.jimprimeenfrance.fr\\\/blog\\\/#website\",\"url\":\"https:\\\/\\\/www.jimprimeenfrance.fr\\\/blog\\\/\",\"name\":\"Votre imprimerie en ligne, le blog\",\"description\":\"Impressionnez et faites bonne impression avec nos conseils d&#039;imprimerie online\",\"publisher\":{\"@id\":\"https:\\\/\\\/www.jimprimeenfrance.fr\\\/blog\\\/#organization\"},\"potentialAction\":[{\"@type\":\"SearchAction\",\"target\":{\"@type\":\"EntryPoint\",\"urlTemplate\":\"https:\\\/\\\/www.jimprimeenfrance.fr\\\/blog\\\/?s={search_term_string}\"},\"query-input\":{\"@type\":\"PropertyValueSpecification\",\"valueRequired\":true,\"valueName\":\"search_term_string\"}}],\"inLanguage\":\"fr-FR\"},{\"@type\":\"Organization\",\"@id\":\"https:\\\/\\\/www.jimprimeenfrance.fr\\\/blog\\\/#organization\",\"name\":\"PrintBasPrix - Imprimerie en ligne\",\"url\":\"https:\\\/\\\/www.jimprimeenfrance.fr\\\/blog\\\/\",\"logo\":{\"@type\":\"ImageObject\",\"inLanguage\":\"fr-FR\",\"@id\":\"https:\\\/\\\/www.jimprimeenfrance.fr\\\/blog\\\/#\\\/schema\\\/logo\\\/image\\\/\",\"url\":\"https:\\\/\\\/www.jimprimeenfrance.fr\\\/blog\\\/wp-content\\\/uploads\\\/2018\\\/07\\\/cropped-printbasprix-imprimeur-en-ligne.png\",\"contentUrl\":\"https:\\\/\\\/www.jimprimeenfrance.fr\\\/blog\\\/wp-content\\\/uploads\\\/2018\\\/07\\\/cropped-printbasprix-imprimeur-en-ligne.png\",\"width\":361,\"height\":86,\"caption\":\"PrintBasPrix - Imprimerie en ligne\"},\"image\":{\"@id\":\"https:\\\/\\\/www.jimprimeenfrance.fr\\\/blog\\\/#\\\/schema\\\/logo\\\/image\\\/\"},\"sameAs\":[\"https:\\\/\\\/www.facebook.com\\\/PrintBasPrix\",\"https:\\\/\\\/x.com\\\/PrintBasPrix\",\"https:\\\/\\\/www.instagram.com\\\/printbasprix\\\/\",\"https:\\\/\\\/www.linkedin.com\\\/company\\\/printbasprix\\\/\",\"https:\\\/\\\/www.youtube.com\\\/channel\\\/UC0Ysbd0Gbzzp0yMgrfNQqug\"]},{\"@type\":\"Person\",\"@id\":\"https:\\\/\\\/www.jimprimeenfrance.fr\\\/blog\\\/#\\\/schema\\\/person\\\/c5908efce65874ac39978f5a0ce6e195\",\"name\":\"Alyz\u00e9e\",\"image\":{\"@type\":\"ImageObject\",\"inLanguage\":\"fr-FR\",\"@id\":\"https:\\\/\\\/secure.gravatar.com\\\/avatar\\\/a29acbd2174611e826f7d881823703b38d7670f74c32c8b99d13ba9b25f07eff?s=96&r=g\",\"url\":\"https:\\\/\\\/secure.gravatar.com\\\/avatar\\\/a29acbd2174611e826f7d881823703b38d7670f74c32c8b99d13ba9b25f07eff?s=96&r=g\",\"contentUrl\":\"https:\\\/\\\/secure.gravatar.com\\\/avatar\\\/a29acbd2174611e826f7d881823703b38d7670f74c32c8b99d13ba9b25f07eff?s=96&r=g\",\"caption\":\"Alyz\u00e9e\"},\"url\":\"https:\\\/\\\/www.jimprimeenfrance.fr\\\/blog\\\/author\\\/fabien\\\/\"}]}<\/script>\r\n<!-- \/ Yoast SEO plugin. -->","yoast_head_json":{"title":"\u00c0 la rencontre de S\u00e9bastien, chef de projet web","description":"Retrouvez S\u00e9bastien, notre chef de projet web dans une interview haute en couleurs qui vous permettra de le d\u00e9couvrir.","robots":{"index":"index","follow":"follow","max-snippet":"max-snippet:-1","max-image-preview":"max-image-preview:large","max-video-preview":"max-video-preview:-1"},"canonical":"https:\/\/www.jimprimeenfrance.fr\/blog\/a-la-rencontre-de-sebastien-chef-de-projet-web-chez-jimprime-en-france\/","og_locale":"fr_FR","og_type":"article","og_title":"\u00c0 la rencontre de S\u00e9bastien, chef de projet web","og_description":"Retrouvez S\u00e9bastien, notre chef de projet web dans une interview haute en couleurs qui vous permettra de le d\u00e9couvrir.","og_url":"https:\/\/www.jimprimeenfrance.fr\/blog\/a-la-rencontre-de-sebastien-chef-de-projet-web-chez-jimprime-en-france\/","og_site_name":"Votre imprimerie en ligne, le blog","article_publisher":"https:\/\/www.facebook.com\/PrintBasPrix","article_published_time":"2023-08-23T07:00:00+00:00","og_image":[{"width":6912,"height":3456,"url":"https:\/\/www.jimprimeenfrance.fr\/blog\/wp-content\/uploads\/2023\/08\/interview-chef-de-projet-web.jpg","type":"image\/jpeg"}],"author":"Alyz\u00e9e","twitter_card":"summary_large_image","twitter_creator":"@PrintBasPrix","twitter_site":"@PrintBasPrix","twitter_misc":{"\u00c9crit par":"Alyz\u00e9e","Dur\u00e9e de lecture estim\u00e9e":"4 minutes"},"schema":{"@context":"https:\/\/schema.org","@graph":[{"@type":"Article","@id":"https:\/\/www.jimprimeenfrance.fr\/blog\/a-la-rencontre-de-sebastien-chef-de-projet-web-chez-jimprime-en-france\/#article","isPartOf":{"@id":"https:\/\/www.jimprimeenfrance.fr\/blog\/a-la-rencontre-de-sebastien-chef-de-projet-web-chez-jimprime-en-france\/"},"author":{"name":"Alyz\u00e9e","@id":"https:\/\/www.jimprimeenfrance.fr\/blog\/#\/schema\/person\/c5908efce65874ac39978f5a0ce6e195"},"headline":"\u00c0 la rencontre de S\u00e9bastien, chef de projet web chez J&rsquo;Imprime en France","datePublished":"2023-08-23T07:00:00+00:00","mainEntityOfPage":{"@id":"https:\/\/www.jimprimeenfrance.fr\/blog\/a-la-rencontre-de-sebastien-chef-de-projet-web-chez-jimprime-en-france\/"},"wordCount":697,"commentCount":1,"publisher":{"@id":"https:\/\/www.jimprimeenfrance.fr\/blog\/#organization"},"image":{"@id":"https:\/\/www.jimprimeenfrance.fr\/blog\/a-la-rencontre-de-sebastien-chef-de-projet-web-chez-jimprime-en-france\/#primaryimage"},"thumbnailUrl":"https:\/\/www.jimprimeenfrance.fr\/blog\/wp-content\/uploads\/2023\/08\/interview-chef-de-projet-web.jpg","articleSection":["Graphisme","L'\u00e9quipe"],"inLanguage":"fr-FR","potentialAction":[{"@type":"CommentAction","name":"Comment","target":["https:\/\/www.jimprimeenfrance.fr\/blog\/a-la-rencontre-de-sebastien-chef-de-projet-web-chez-jimprime-en-france\/#respond"]}]},{"@type":"WebPage","@id":"https:\/\/www.jimprimeenfrance.fr\/blog\/a-la-rencontre-de-sebastien-chef-de-projet-web-chez-jimprime-en-france\/","url":"https:\/\/www.jimprimeenfrance.fr\/blog\/a-la-rencontre-de-sebastien-chef-de-projet-web-chez-jimprime-en-france\/","name":"\u00c0 la rencontre de S\u00e9bastien, chef de projet web","isPartOf":{"@id":"https:\/\/www.jimprimeenfrance.fr\/blog\/#website"},"primaryImageOfPage":{"@id":"https:\/\/www.jimprimeenfrance.fr\/blog\/a-la-rencontre-de-sebastien-chef-de-projet-web-chez-jimprime-en-france\/#primaryimage"},"image":{"@id":"https:\/\/www.jimprimeenfrance.fr\/blog\/a-la-rencontre-de-sebastien-chef-de-projet-web-chez-jimprime-en-france\/#primaryimage"},"thumbnailUrl":"https:\/\/www.jimprimeenfrance.fr\/blog\/wp-content\/uploads\/2023\/08\/interview-chef-de-projet-web.jpg","datePublished":"2023-08-23T07:00:00+00:00","description":"Retrouvez S\u00e9bastien, notre chef de projet web dans une interview haute en couleurs qui vous permettra de le d\u00e9couvrir.","breadcrumb":{"@id":"https:\/\/www.jimprimeenfrance.fr\/blog\/a-la-rencontre-de-sebastien-chef-de-projet-web-chez-jimprime-en-france\/#breadcrumb"},"inLanguage":"fr-FR","potentialAction":[{"@type":"ReadAction","target":["https:\/\/www.jimprimeenfrance.fr\/blog\/a-la-rencontre-de-sebastien-chef-de-projet-web-chez-jimprime-en-france\/"]}]},{"@type":"ImageObject","inLanguage":"fr-FR","@id":"https:\/\/www.jimprimeenfrance.fr\/blog\/a-la-rencontre-de-sebastien-chef-de-projet-web-chez-jimprime-en-france\/#primaryimage","url":"https:\/\/www.jimprimeenfrance.fr\/blog\/wp-content\/uploads\/2023\/08\/interview-chef-de-projet-web.jpg","contentUrl":"https:\/\/www.jimprimeenfrance.fr\/blog\/wp-content\/uploads\/2023\/08\/interview-chef-de-projet-web.jpg","width":6912,"height":3456,"caption":"Interview de S\u00e9bastien, chef de projet web chez J'imprime en France"},{"@type":"BreadcrumbList","@id":"https:\/\/www.jimprimeenfrance.fr\/blog\/a-la-rencontre-de-sebastien-chef-de-projet-web-chez-jimprime-en-france\/#breadcrumb","itemListElement":[{"@type":"ListItem","position":1,"name":"Accueil","item":"https:\/\/www.jimprimeenfrance.fr\/blog\/"},{"@type":"ListItem","position":2,"name":"\u00c0 la rencontre de S\u00e9bastien, chef de projet web chez J&rsquo;Imprime en France"}]},{"@type":"WebSite","@id":"https:\/\/www.jimprimeenfrance.fr\/blog\/#website","url":"https:\/\/www.jimprimeenfrance.fr\/blog\/","name":"Votre imprimerie en ligne, le blog","description":"Impressionnez et faites bonne impression avec nos conseils d&#039;imprimerie online","publisher":{"@id":"https:\/\/www.jimprimeenfrance.fr\/blog\/#organization"},"potentialAction":[{"@type":"SearchAction","target":{"@type":"EntryPoint","urlTemplate":"https:\/\/www.jimprimeenfrance.fr\/blog\/?s={search_term_string}"},"query-input":{"@type":"PropertyValueSpecification","valueRequired":true,"valueName":"search_term_string"}}],"inLanguage":"fr-FR"},{"@type":"Organization","@id":"https:\/\/www.jimprimeenfrance.fr\/blog\/#organization","name":"PrintBasPrix - Imprimerie en ligne","url":"https:\/\/www.jimprimeenfrance.fr\/blog\/","logo":{"@type":"ImageObject","inLanguage":"fr-FR","@id":"https:\/\/www.jimprimeenfrance.fr\/blog\/#\/schema\/logo\/image\/","url":"https:\/\/www.jimprimeenfrance.fr\/blog\/wp-content\/uploads\/2018\/07\/cropped-printbasprix-imprimeur-en-ligne.png","contentUrl":"https:\/\/www.jimprimeenfrance.fr\/blog\/wp-content\/uploads\/2018\/07\/cropped-printbasprix-imprimeur-en-ligne.png","width":361,"height":86,"caption":"PrintBasPrix - Imprimerie en ligne"},"image":{"@id":"https:\/\/www.jimprimeenfrance.fr\/blog\/#\/schema\/logo\/image\/"},"sameAs":["https:\/\/www.facebook.com\/PrintBasPrix","https:\/\/x.com\/PrintBasPrix","https:\/\/www.instagram.com\/printbasprix\/","https:\/\/www.linkedin.com\/company\/printbasprix\/","https:\/\/www.youtube.com\/channel\/UC0Ysbd0Gbzzp0yMgrfNQqug"]},{"@type":"Person","@id":"https:\/\/www.jimprimeenfrance.fr\/blog\/#\/schema\/person\/c5908efce65874ac39978f5a0ce6e195","name":"Alyz\u00e9e","image":{"@type":"ImageObject","inLanguage":"fr-FR","@id":"https:\/\/secure.gravatar.com\/avatar\/a29acbd2174611e826f7d881823703b38d7670f74c32c8b99d13ba9b25f07eff?s=96&r=g","url":"https:\/\/secure.gravatar.com\/avatar\/a29acbd2174611e826f7d881823703b38d7670f74c32c8b99d13ba9b25f07eff?s=96&r=g","contentUrl":"https:\/\/secure.gravatar.com\/avatar\/a29acbd2174611e826f7d881823703b38d7670f74c32c8b99d13ba9b25f07eff?s=96&r=g","caption":"Alyz\u00e9e"},"url":"https:\/\/www.jimprimeenfrance.fr\/blog\/author\/fabien\/"}]}},"_links":{"self":[{"href":"https:\/\/www.jimprimeenfrance.fr\/blog\/wp-json\/wp\/v2\/posts\/7641","targetHints":{"allow":["GET"]}}],"collection":[{"href":"https:\/\/www.jimprimeenfrance.fr\/blog\/wp-json\/wp\/v2\/posts"}],"about":[{"href":"https:\/\/www.jimprimeenfrance.fr\/blog\/wp-json\/wp\/v2\/types\/post"}],"author":[{"embeddable":true,"href":"https:\/\/www.jimprimeenfrance.fr\/blog\/wp-json\/wp\/v2\/users\/1"}],"replies":[{"embeddable":true,"href":"https:\/\/www.jimprimeenfrance.fr\/blog\/wp-json\/wp\/v2\/comments?post=7641"}],"version-history":[{"count":8,"href":"https:\/\/www.jimprimeenfrance.fr\/blog\/wp-json\/wp\/v2\/posts\/7641\/revisions"}],"predecessor-version":[{"id":7653,"href":"https:\/\/www.jimprimeenfrance.fr\/blog\/wp-json\/wp\/v2\/posts\/7641\/revisions\/7653"}],"wp:featuredmedia":[{"embeddable":true,"href":"https:\/\/www.jimprimeenfrance.fr\/blog\/wp-json\/wp\/v2\/media\/7652"}],"wp:attachment":[{"href":"https:\/\/www.jimprimeenfrance.fr\/blog\/wp-json\/wp\/v2\/media?parent=7641"}],"wp:term":[{"taxonomy":"category","embeddable":true,"href":"https:\/\/www.jimprimeenfrance.fr\/blog\/wp-json\/wp\/v2\/categories?post=7641"},{"taxonomy":"post_tag","embeddable":true,"href":"https:\/\/www.jimprimeenfrance.fr\/blog\/wp-json\/wp\/v2\/tags?post=7641"}],"curies":[{"name":"wp","href":"https:\/\/api.w.org\/{rel}","templated":true}]}}