{"id":7608,"date":"2023-06-22T11:51:24","date_gmt":"2023-06-22T09:51:24","guid":{"rendered":"https:\/\/www.jimprimeenfrance.fr\/blog\/?p=7608"},"modified":"2023-06-22T13:35:53","modified_gmt":"2023-06-22T11:35:53","slug":"comment-creer-sa-charte-graphique","status":"publish","type":"post","link":"https:\/\/www.jimprimeenfrance.fr\/blog\/comment-creer-sa-charte-graphique\/","title":{"rendered":"Comment cr\u00e9er sa charte graphique"},"content":{"rendered":"\n<p class=\"has-text-align-justify\">Vous souhaitez donner \u00e0 votre entreprise une <a href=\"https:\/\/www.jimprimeenfrance.fr\/blog\/tout-savoir-sur-lidentite-visuelle-definition-et-conseils\/\" target=\"_blank\" aria-label=\" (opens in a new tab)\" rel=\"noreferrer noopener\" class=\"ek-link\"><strong>identit\u00e9 visuelle<\/strong><\/a> forte et m\u00e9morable ? Ne cherchez plus ! Dans cet article, nous vous d\u00e9voilons un guide complet pour <strong>cr\u00e9er sa charte graphique<\/strong>. De la r\u00e9flexion sur les valeurs de votre marque \u00e0 la s\u00e9lection des couleurs, typographies et logos, nous vous accompagnons pas \u00e0 pas dans ce processus cr\u00e9atif. D\u00e9couvrez les \u00e9tapes cl\u00e9s qui vous aideront \u00e0 d\u00e9velopper une <strong>charte graphique<\/strong> qui fera briller votre entreprise. Pr\u00eat \u00e0 donner \u00e0 votre marque une apparence unique ? Suivez le guide et laissez libre cours \u00e0 votre cr\u00e9ativit\u00e9 !<\/p>\n\n\n\n<div style=\"height:35px\" aria-hidden=\"true\" class=\"wp-block-spacer\"><\/div>\n\n\n\n<h2 class=\"wp-block-heading has-large-font-size\"><strong>Trouver l\u2019essence de votre marque<\/strong><\/h2>\n\n\n\n<p class=\"has-text-align-justify\">Lorsqu\u2019il s\u2019agit de <strong>cr\u00e9er sa charte graphique<\/strong>, tout commence par trouver l\u2019essence de votre marque. C\u2019est comme plonger au c\u0153ur de l\u2019ADN de votre entreprise pour en extraire ses valeurs et sa personnalit\u00e9 unique.&nbsp;<\/p>\n\n\n\n<div style=\"height:35px\" aria-hidden=\"true\" class=\"wp-block-spacer\"><\/div>\n\n\n\n<h3 class=\"wp-block-heading\"><strong>Le brainstorming : r\u00e9v\u00e9lez les valeurs et l\u2019identit\u00e9 de votre marque<\/strong><\/h3>\n\n\n\n<p class=\"has-text-align-justify\">Pour commencer, rassemblez votre \u00e9quipe (ou tout simplement votre tasse de caf\u00e9 pr\u00e9f\u00e9r\u00e9e) et pr\u00e9parez-vous \u00e0 un brainstorming cr\u00e9atif. Laissez libre cours \u00e0 vos id\u00e9es et discutez des aspects qui font vibrer votre entreprise. Quels sont les principes fondamentaux qui guident vos actions ? Qu\u2019est ce qui vous distingue de vos concurrents ? Prenez le temps de r\u00e9fl\u00e9chir \u00e0 ces questions et de noter toutes les id\u00e9es qui \u00e9mergent.&nbsp;<\/p>\n\n\n\n<div style=\"height:35px\" aria-hidden=\"true\" class=\"wp-block-spacer\"><\/div>\n\n\n\n<h3 class=\"wp-block-heading\"><strong>L\u2019inspiration visuelle : une veille graphique pour nourrir votre cr\u00e9ativit\u00e9<\/strong><\/h3>\n\n\n\n<p class=\"has-text-align-justify\">Ensuite, plongez-vous dans une <strong>veille graphique<\/strong> inspirante. Parcourez les magazines, les sites web et les r\u00e9seaux sociaux pour d\u00e9couvrir ce qui se fait dans votre domaine d\u2019activit\u00e9 et au-del\u00e0. Inspirez-vous des designs, des couleurs et des styles qui vous parlent et qui pourraient correspondre \u00e0 l\u2019image que vous voulez renvoyer. Regardez ce qui se fait dans votre secteur d\u2019activit\u00e9, s&rsquo; il y a des tendances, des couleurs et des styles qui se d\u00e9marquent plus que d\u2019autres.<\/p>\n\n\n\n<p class=\"has-text-align-justify\">Vous pouvez \u00e9galement chercher de l\u2019inspiration sur des sites tels que <a href=\"https:\/\/www.pinterest.fr\/\" target=\"_blank\" aria-label=\" (opens in a new tab)\" rel=\"noreferrer noopener\" class=\"ek-link\">Pinterest<\/a> ou bien <a href=\"https:\/\/dribbble.com\/\" target=\"_blank\" aria-label=\" (opens in a new tab)\" rel=\"noreferrer noopener\" class=\"ek-link\">Dribbble<\/a>.<\/p>\n\n\n\n<p class=\"has-text-align-justify\">N\u2019oubliez pas,<strong> cr\u00e9er sa charte graphique<\/strong>, c\u2019est comme raconter une histoire visuelle. Pensez \u00e0 l\u2019\u00e9motion que vous voulez susciter chez votre public cible. Voulez-vous transmettre un sentiment de confiance, d\u2019innovation ou de convivialit\u00e9 ? Comprendre les valeurs que votre marque repr\u00e9sente et les \u00e9motions que vous souhaitez \u00e9voquer est essentiel.&nbsp;<\/p>\n\n\n\n<div style=\"height:35px\" aria-hidden=\"true\" class=\"wp-block-spacer\"><\/div>\n\n\n\n<h2 class=\"wp-block-heading has-large-font-size\"><strong>Concevoir le visuel de votre marque<\/strong><\/h2>\n\n\n\n<div style=\"height:20px\" aria-hidden=\"true\" class=\"wp-block-spacer\"><\/div>\n\n\n\n<h3 class=\"wp-block-heading\"><strong>Le moodboard : Cr\u00e9ez une planche d\u2019ambiance pour d\u00e9finir le style graphique<\/strong><\/h3>\n\n\n\n<p>Le moodboard est une sorte de tableau d\u2019<strong>inspiration visuelle<\/strong> qui rassemble des \u00e9l\u00e9ments tels que des images, des textures, des motifs et des couleurs qui \u00e9voquent l\u2019atmosph\u00e8re que vous souhaitez cr\u00e9er. Prenez le temps de parcourir des magazines, des sites web et m\u00eame de cr\u00e9er une collection d\u2019images inspirantes sur des plateformes telles que Pinterest. Puis, regroupez-les sur un tableau pour visualiser votre direction visuelle.&nbsp;<\/p>\n\n\n\n<p class=\"has-text-align-justify\">Le moodboard est en fin de compte un document rassemblant les r\u00e9sultats de votre recherche d\u2019inspirations.<\/p>\n\n\n\n<div style=\"height:28px\" aria-hidden=\"true\" class=\"wp-block-spacer\"><\/div>\n\n\n<div class=\"wp-block-image\">\n<figure class=\"aligncenter size-large is-resized\"><img loading=\"lazy\" decoding=\"async\" src=\"https:\/\/www.jimprimeenfrance.fr\/blog\/wp-content\/uploads\/2023\/06\/moodboard-1024x791.jpg\" alt=\"Moodboard marque fictive de cosm\u00e9tique bio \u00c9clat naturel\" class=\"wp-image-7610\" width=\"749\" height=\"578\" srcset=\"https:\/\/www.jimprimeenfrance.fr\/blog\/wp-content\/uploads\/2023\/06\/moodboard-1024x791.jpg 1024w, https:\/\/www.jimprimeenfrance.fr\/blog\/wp-content\/uploads\/2023\/06\/moodboard-300x232.jpg 300w, https:\/\/www.jimprimeenfrance.fr\/blog\/wp-content\/uploads\/2023\/06\/moodboard-768x593.jpg 768w, https:\/\/www.jimprimeenfrance.fr\/blog\/wp-content\/uploads\/2023\/06\/moodboard-1536x1187.jpg 1536w, https:\/\/www.jimprimeenfrance.fr\/blog\/wp-content\/uploads\/2023\/06\/moodboard.jpg 2000w\" sizes=\"auto, (max-width: 749px) 100vw, 749px\" \/><\/figure>\n<\/div>\n\n\n<div style=\"height:35px\" aria-hidden=\"true\" class=\"wp-block-spacer\"><\/div>\n\n\n\n<h3 class=\"wp-block-heading\"><strong>Palette de couleurs : Cr\u00e9ez une palette harmonieuse en ad\u00e9quation avec votre identit\u00e9 de marque<\/strong><\/h3>\n\n\n\n<p class=\"has-text-align-justify\">Les <strong>couleurs <\/strong>jouent un r\u00f4le important dans la perception de votre marque. Choisissez des couleurs qui correspondent \u00e0 l\u2019\u00e9motion que vous souhaitez transmettre et qui s\u2019alignent avec <strong>votre identit\u00e9<\/strong>.&nbsp;<\/p>\n\n\n\n<p class=\"has-text-align-justify\">Chaque couleur a sa propre signification et peut \u00eatre rattach\u00e9e \u00e0 un secteur d\u2019activit\u00e9 particulier. Par exemple, le noir symbolise l\u2019\u00e9l\u00e9gance et la sophistication et de nombreuses marques de luxe, telles que Chanel, ont opt\u00e9 pour cette couleur.&nbsp;<\/p>\n\n\n\n<p class=\"has-text-align-justify\">Enfin, vous pouvez utiliser des outils en ligne tels que <a href=\"https:\/\/color.adobe.com\/fr\/create\/color-wheel\" target=\"_blank\" aria-label=\" (opens in a new tab)\" rel=\"noreferrer noopener\" class=\"ek-link\">Adobe Color<\/a> pour cr\u00e9er une <strong>palette de couleurs<\/strong> harmonieuses et professionnelles.<\/p>\n\n\n\n<div style=\"height:35px\" aria-hidden=\"true\" class=\"wp-block-spacer\"><\/div>\n\n\n\n<h3 class=\"wp-block-heading\"><strong>S\u00e9lection des typographies<\/strong><\/h3>\n\n\n\n<p class=\"has-text-align-justify\">Lorsque vous choisissez vos typographies, gardez \u00e0 l\u2019esprit l\u2019objectif de votre marque. Souhaitez-vous transmettre une image professionnelle et s\u00e9rieuse ? Ou peut-\u00eatre une ambiance cr\u00e9ative et ludique ? Vos typographies doivent \u00eatre en harmonie avec <strong>l\u2019essence de votre entreprise<\/strong>.<\/p>\n\n\n\n<p class=\"has-text-align-justify\">Pour trouver la <strong>typographie <\/strong>parfaite, de nombreuses ressources en ligne sont \u00e0 votre disposition telles que <a href=\"https:\/\/fonts.google.com\/\" target=\"_blank\" aria-label=\" (opens in a new tab)\" rel=\"noreferrer noopener\" class=\"ek-link\">Google Fonts<\/a>, <a href=\"https:\/\/www.dafont.com\/fr\/\" target=\"_blank\" aria-label=\" (opens in a new tab)\" rel=\"noreferrer noopener\" class=\"ek-link\">DaFont<\/a> et <a href=\"https:\/\/fonts.adobe.com\/\" target=\"_blank\" aria-label=\" (opens in a new tab)\" rel=\"noreferrer noopener\" class=\"ek-link\">Adobe Fonts<\/a>. N\u2019h\u00e9sitez pas \u00e0 mixer diff\u00e9rents styles de polices pour cr\u00e9er une hi\u00e9rarchie visuelle int\u00e9ressante. Utilisez une police principale pour les titres et une autre pour le corps du texte, par exemple. Veillez cependant \u00e0 ce que les polices se compl\u00e8tent afin de ne pas cr\u00e9er un contraste trop fort.\u00a0<\/p>\n\n\n\n<p class=\"has-text-align-justify\">Une fois que vous avez s\u00e9lectionn\u00e9 vos typographies, assurez-vous de les utiliser de mani\u00e8re coh\u00e9rente dans tous vos <strong>supports de communication<\/strong>. Cela inclut votre site web, vos <a href=\"https:\/\/www.jimprimeenfrance.fr\/impression-flyer-en-ligne\" target=\"_blank\" aria-label=\" (opens in a new tab)\" rel=\"noreferrer noopener\" class=\"ek-link\">flyers<\/a> et <a href=\"https:\/\/www.jimprimeenfrance.fr\/impression-carte-de-visite\" target=\"_blank\" aria-label=\" (opens in a new tab)\" rel=\"noreferrer noopener\" class=\"ek-link\">cartes de visite<\/a>, et m\u00eame vos documents internes. Ainsi, cela va renforcer l\u2019identit\u00e9 visuelle de votre marque.\u00a0<\/p>\n\n\n\n<div style=\"height:35px\" aria-hidden=\"true\" class=\"wp-block-spacer\"><\/div>\n\n\n\n<h2 class=\"wp-block-heading has-large-font-size\"><strong>Cr\u00e9er un logo polyvalent<\/strong><\/h2>\n\n\n\n<p class=\"has-text-align-justify\">Votre <strong>logo <\/strong>est l\u2019embl\u00e8me qui repr\u00e9sente votre marque. Il est l&rsquo;\u00e9l\u00e9ment visuel qui se d\u00e9marque et qui reste grav\u00e9 dans l\u2019esprit de vos clients.&nbsp; Mais, comment cr\u00e9er un logo captivant ?<\/p>\n\n\n\n<p class=\"has-text-align-justify\">Tout d\u2019abord, votre logo doit \u00eatre simple, m\u00e9morable et facilement reconnaissable. Optez pour des formes et des \u00e9l\u00e9ments graphiques qui refl\u00e8tent l\u2019identit\u00e9 de votre entreprise de mani\u00e8re concise. Les logos trop complexes risquent d\u2019\u00eatre difficiles \u00e0 reproduire et peuvent perdre de leur impact visuel.&nbsp;<\/p>\n\n\n\n<p class=\"has-text-align-justify\">Pensez \u00e9galement \u00e0 la polyvalence de votre logo. Il doit pouvoir s\u2019adapter \u00e0 diff\u00e9rents supports et formats sans perdre en qualit\u00e9. Envisagez diff\u00e9rentes versions de votre logo, telles qu\u2019une version horizontale et une version favicon. Cela permettra une utilisation flexible et coh\u00e9rente sur vos supports de communication, tels que les cartes de visite, les sites web et les r\u00e9seaux sociaux.<\/p>\n\n\n\n<p class=\"has-text-align-justify\">Lors de la conception de votre logo, choisissez des couleurs qui s\u2019alignent avec votre <strong>charte graphique<\/strong> et qui v\u00e9hiculent l\u2019\u00e9motion que vous souhaitez transmettre. Les couleurs ont un impact psychologique important, alors choisissez-les judicieusement. Assurez-vous \u00e9galement que votre logo est identifiable et lisible en noir et blanc, car il peut \u00eatre n\u00e9cessaire de l\u2019utiliser dans des contextes o\u00f9 la couleur n\u2019est pas disponible.<\/p>\n\n\n\n<p class=\"has-text-align-justify\">Si vous n\u2019\u00eates pas un designer professionnel, ne vous inqui\u00e9tez pas ! Il existe de nombreux outils et ressources en ligne qui peuvent vous aider \u00e0 cr\u00e9er votre logo. Des plateformes, telles que Canva, offrent des fonctionnalit\u00e9s conviviales et des mod\u00e8les pr\u00eats \u00e0 l\u2019emploi pour vous aider \u00e0 concr\u00e9tiser votre vision.<\/p>\n\n\n\n<p class=\"has-text-align-justify\">Une fois que vous avez cr\u00e9\u00e9 votre logo, testez-le dans diff\u00e9rents contextes et demandez un avis \u00e0 votre entourage. L\u2019objectif est d\u2019obtenir un logo qui suscite des r\u00e9actions positives et qui communique efficacement l\u2019identit\u00e9 de votre marque.&nbsp;&nbsp;<\/p>\n\n\n\n<div style=\"height:35px\" aria-hidden=\"true\" class=\"wp-block-spacer\"><\/div>\n\n\n\n<h2 class=\"wp-block-heading has-large-font-size\"><strong>Ajouter des \u00e9l\u00e9ments graphiques compl\u00e9mentaires<\/strong><\/h2>\n\n\n\n<p class=\"has-text-align-justify\">Votre <strong>identit\u00e9 visuelle<\/strong> ne se limite pas \u00e0 votre logo. Pour renforcer la coh\u00e9rence de votre marque, il est essentiel d\u2019ajouter des \u00e9l\u00e9ments graphiques compl\u00e9mentaires tels que des ic\u00f4nes et des pictogrammes.&nbsp;<\/p>\n\n\n\n<p class=\"has-text-align-justify\">Les ic\u00f4nes sont des <strong>symboles visuels<\/strong> qui repr\u00e9sentent des actions, des concepts ou des objets sp\u00e9cifiques. Elles sont souvent utilis\u00e9es pour faciliter la navigation et la compr\u00e9hension de l\u2019information. Lorsque vous choisissez des ic\u00f4nes pour votre marque, recherchez celles qui s\u2019alignent avec votre identit\u00e9 et qui sont facilement reconnaissables. Des sites web comme <a href=\"https:\/\/www.flaticon.com\/fr\/\" target=\"_blank\" aria-label=\" (opens in a new tab)\" rel=\"noreferrer noopener\" class=\"ek-link\">Flaticon<\/a> ou <a href=\"https:\/\/thenounproject.com\/\" target=\"_blank\" aria-label=\" (opens in a new tab)\" rel=\"noreferrer noopener\" class=\"ek-link\">The Noun Project<\/a> offrent une vaste s\u00e9lection d\u2019ic\u00f4nes pr\u00eates \u00e0 \u00eatre utilis\u00e9es.\u00a0<\/p>\n\n\n\n<p class=\"has-text-align-justify\">Les pictogrammes, quant \u00e0 eux, sont des <strong>repr\u00e9sentations graphiques<\/strong> simplifi\u00e9es d\u2019objets ou de concepts. Ils sont g\u00e9n\u00e9ralement utilis\u00e9s pour guider les utilisateurs, indiquer des fonctionnalit\u00e9s ou fournir des informations rapides. Lorsque vous cr\u00e9ez des pictogrammes, assurez-vous qu\u2019ils soient coh\u00e9rents avec le style visuel de votre <strong>marque<\/strong>. Optez pour des formes simples et des lignes \u00e9pur\u00e9es qui transmettent clairement leur signification.<\/p>\n\n\n\n<p class=\"has-text-align-justify\">La coh\u00e9rence est la cl\u00e9 lors de l\u2019utilisation des ic\u00f4nes et des pictogrammes. Choisissez un <strong>style graphique<\/strong> et des couleurs qui se marient harmonieusement avec votre <strong>identit\u00e9 visuelle<\/strong> globale. Utilisez-les de mani\u00e8re strat\u00e9gique sur vos supports de communication pour faciliter la compr\u00e9hension et guider l\u2019attention des clients.&nbsp;<\/p>\n\n\n\n<div style=\"height:35px\" aria-hidden=\"true\" class=\"wp-block-spacer\"><\/div>\n\n\n\n<h2 class=\"wp-block-heading has-large-font-size\"><strong>Exemple de charte graphique<\/strong><\/h2>\n\n\n\n<p class=\"has-text-align-justify\">Pour vous aider dans la cr\u00e9ation de votre <strong>charte graphique<\/strong>, nous avons \u00e9galement \u00e9labor\u00e9 un exemple concret d\u2019une marque fictive que vous pouvez consulter ci-dessous. N\u2019h\u00e9sitez pas \u00e0 vous appuyer sur ce mod\u00e8le et \u00e0 l\u2019adapter \u00e0 votre propre entreprise. Nous esp\u00e9rons que tous nos conseils pour <strong>cr\u00e9er sa charte graphique<\/strong> vous auront aid\u00e9 et vous souhaitons plein de r\u00e9ussite dans votre processus de cr\u00e9ation.<\/p>\n\n\n\n<div style=\"height:28px\" aria-hidden=\"true\" class=\"wp-block-spacer\"><\/div>\n\n\n<div class=\"wp-block-image\">\n<figure class=\"aligncenter size-large is-resized\"><img loading=\"lazy\" decoding=\"async\" src=\"https:\/\/www.jimprimeenfrance.fr\/blog\/wp-content\/uploads\/2023\/06\/charte-graphique-607x1024.jpg\" alt=\"charte graphique d'une marque fictive de cosm\u00e9tique \u00c9clat naturel\" class=\"wp-image-7611\" width=\"487\" height=\"822\" srcset=\"https:\/\/www.jimprimeenfrance.fr\/blog\/wp-content\/uploads\/2023\/06\/charte-graphique-607x1024.jpg 607w, https:\/\/www.jimprimeenfrance.fr\/blog\/wp-content\/uploads\/2023\/06\/charte-graphique-178x300.jpg 178w, https:\/\/www.jimprimeenfrance.fr\/blog\/wp-content\/uploads\/2023\/06\/charte-graphique-768x1296.jpg 768w, https:\/\/www.jimprimeenfrance.fr\/blog\/wp-content\/uploads\/2023\/06\/charte-graphique-910x1536.jpg 910w, https:\/\/www.jimprimeenfrance.fr\/blog\/wp-content\/uploads\/2023\/06\/charte-graphique-scaled.jpg 1214w\" sizes=\"auto, (max-width: 487px) 100vw, 487px\" \/><\/figure>\n<\/div>\n\n\n<div style=\"height:50px\" aria-hidden=\"true\" class=\"wp-block-spacer\"><\/div>\n\n\n<div class=\"wp-block-image\">\n<figure class=\"aligncenter size-full\"><a href=\"jimprimeenfrance.fr\"><img loading=\"lazy\" decoding=\"async\" width=\"800\" height=\"100\" src=\"https:\/\/www.jimprimeenfrance.fr\/blog\/wp-content\/uploads\/2022\/05\/banniere-jimprime-en-france.jpg\" alt=\"J'imprime en France\" class=\"wp-image-7433\" srcset=\"https:\/\/www.jimprimeenfrance.fr\/blog\/wp-content\/uploads\/2022\/05\/banniere-jimprime-en-france.jpg 800w, https:\/\/www.jimprimeenfrance.fr\/blog\/wp-content\/uploads\/2022\/05\/banniere-jimprime-en-france-300x38.jpg 300w, https:\/\/www.jimprimeenfrance.fr\/blog\/wp-content\/uploads\/2022\/05\/banniere-jimprime-en-france-768x96.jpg 768w\" sizes=\"auto, (max-width: 800px) 100vw, 800px\" \/><\/a><\/figure>\n<\/div>","protected":false},"excerpt":{"rendered":"<p>Vous souhaitez donner \u00e0 votre entreprise une identit\u00e9 visuelle forte et m\u00e9morable ? Ne cherchez plus ! Dans cet article, nous vous d\u00e9voilons un guide complet pour cr\u00e9er sa charte graphique. De la r\u00e9flexion sur les valeurs de votre marque \u00e0 la s\u00e9lection des couleurs, typographies et logos, nous vous accompagnons pas \u00e0 pas dans [&hellip;]<\/p>\n","protected":false},"author":1,"featured_media":7616,"comment_status":"open","ping_status":"open","sticky":false,"template":"","format":"standard","meta":{"_editorskit_title_hidden":false,"_editorskit_reading_time":0,"_editorskit_is_block_options_detached":false,"_editorskit_block_options_position":"{}","footnotes":""},"categories":[591,54],"tags":[],"class_list":["post-7608","post","type-post","status-publish","format-standard","has-post-thumbnail","hentry","category-graphisme","category-marketing"],"yoast_head":"<!-- This site is optimized with the Yoast SEO plugin v27.5 - https:\/\/yoast.com\/product\/yoast-seo-wordpress\/ -->\r\n<title>Comment cr\u00e9er sa charte graphique<\/title>\r\n<meta name=\"robots\" content=\"index, follow, max-snippet:-1, max-image-preview:large, max-video-preview:-1\" \/>\r\n<link rel=\"canonical\" href=\"https:\/\/www.jimprimeenfrance.fr\/blog\/comment-creer-sa-charte-graphique\/\" \/>\r\n<meta property=\"og:locale\" content=\"fr_FR\" \/>\r\n<meta property=\"og:type\" content=\"article\" \/>\r\n<meta property=\"og:title\" content=\"Comment cr\u00e9er sa charte graphique\" \/>\r\n<meta property=\"og:description\" content=\"Vous souhaitez donner \u00e0 votre entreprise une identit\u00e9 visuelle forte et m\u00e9morable ? Ne cherchez plus ! Dans cet article, nous vous d\u00e9voilons un guide complet pour cr\u00e9er sa charte graphique. De la r\u00e9flexion sur les valeurs de votre marque \u00e0 la s\u00e9lection des couleurs, typographies et logos, nous vous accompagnons pas \u00e0 pas dans [&hellip;]\" \/>\r\n<meta property=\"og:url\" content=\"https:\/\/www.jimprimeenfrance.fr\/blog\/comment-creer-sa-charte-graphique\/\" \/>\r\n<meta property=\"og:site_name\" content=\"Votre imprimerie en ligne, le blog\" \/>\r\n<meta property=\"article:publisher\" content=\"https:\/\/www.facebook.com\/PrintBasPrix\" \/>\r\n<meta property=\"article:published_time\" content=\"2023-06-22T09:51:24+00:00\" \/>\r\n<meta property=\"article:modified_time\" content=\"2023-06-22T11:35:53+00:00\" \/>\r\n<meta property=\"og:image\" content=\"https:\/\/www.jimprimeenfrance.fr\/blog\/wp-content\/uploads\/2023\/06\/creer-sa-charte-graphique-1.jpg\" \/>\r\n\t<meta property=\"og:image:width\" content=\"6912\" \/>\r\n\t<meta property=\"og:image:height\" content=\"3456\" \/>\r\n\t<meta property=\"og:image:type\" content=\"image\/jpeg\" \/>\r\n<meta name=\"author\" content=\"Alyz\u00e9e\" \/>\r\n<meta name=\"twitter:card\" content=\"summary_large_image\" \/>\r\n<meta name=\"twitter:creator\" content=\"@PrintBasPrix\" \/>\r\n<meta name=\"twitter:site\" content=\"@PrintBasPrix\" \/>\r\n<meta name=\"twitter:label1\" content=\"\u00c9crit par\" \/>\n\t<meta name=\"twitter:data1\" content=\"Alyz\u00e9e\" \/>\n\t<meta name=\"twitter:label2\" content=\"Dur\u00e9e de lecture estim\u00e9e\" \/>\n\t<meta name=\"twitter:data2\" content=\"8 minutes\" \/>\r\n<script type=\"application\/ld+json\" class=\"yoast-schema-graph\">{\"@context\":\"https:\\\/\\\/schema.org\",\"@graph\":[{\"@type\":\"Article\",\"@id\":\"https:\\\/\\\/www.jimprimeenfrance.fr\\\/blog\\\/comment-creer-sa-charte-graphique\\\/#article\",\"isPartOf\":{\"@id\":\"https:\\\/\\\/www.jimprimeenfrance.fr\\\/blog\\\/comment-creer-sa-charte-graphique\\\/\"},\"author\":{\"name\":\"Alyz\u00e9e\",\"@id\":\"https:\\\/\\\/www.jimprimeenfrance.fr\\\/blog\\\/#\\\/schema\\\/person\\\/c5908efce65874ac39978f5a0ce6e195\"},\"headline\":\"Comment cr\u00e9er sa charte graphique\",\"datePublished\":\"2023-06-22T09:51:24+00:00\",\"dateModified\":\"2023-06-22T11:35:53+00:00\",\"mainEntityOfPage\":{\"@id\":\"https:\\\/\\\/www.jimprimeenfrance.fr\\\/blog\\\/comment-creer-sa-charte-graphique\\\/\"},\"wordCount\":1449,\"commentCount\":1,\"publisher\":{\"@id\":\"https:\\\/\\\/www.jimprimeenfrance.fr\\\/blog\\\/#organization\"},\"image\":{\"@id\":\"https:\\\/\\\/www.jimprimeenfrance.fr\\\/blog\\\/comment-creer-sa-charte-graphique\\\/#primaryimage\"},\"thumbnailUrl\":\"https:\\\/\\\/www.jimprimeenfrance.fr\\\/blog\\\/wp-content\\\/uploads\\\/2023\\\/06\\\/creer-sa-charte-graphique-1.jpg\",\"articleSection\":[\"Graphisme\",\"Marketing\"],\"inLanguage\":\"fr-FR\",\"potentialAction\":[{\"@type\":\"CommentAction\",\"name\":\"Comment\",\"target\":[\"https:\\\/\\\/www.jimprimeenfrance.fr\\\/blog\\\/comment-creer-sa-charte-graphique\\\/#respond\"]}]},{\"@type\":\"WebPage\",\"@id\":\"https:\\\/\\\/www.jimprimeenfrance.fr\\\/blog\\\/comment-creer-sa-charte-graphique\\\/\",\"url\":\"https:\\\/\\\/www.jimprimeenfrance.fr\\\/blog\\\/comment-creer-sa-charte-graphique\\\/\",\"name\":\"Comment cr\u00e9er sa charte graphique\",\"isPartOf\":{\"@id\":\"https:\\\/\\\/www.jimprimeenfrance.fr\\\/blog\\\/#website\"},\"primaryImageOfPage\":{\"@id\":\"https:\\\/\\\/www.jimprimeenfrance.fr\\\/blog\\\/comment-creer-sa-charte-graphique\\\/#primaryimage\"},\"image\":{\"@id\":\"https:\\\/\\\/www.jimprimeenfrance.fr\\\/blog\\\/comment-creer-sa-charte-graphique\\\/#primaryimage\"},\"thumbnailUrl\":\"https:\\\/\\\/www.jimprimeenfrance.fr\\\/blog\\\/wp-content\\\/uploads\\\/2023\\\/06\\\/creer-sa-charte-graphique-1.jpg\",\"datePublished\":\"2023-06-22T09:51:24+00:00\",\"dateModified\":\"2023-06-22T11:35:53+00:00\",\"breadcrumb\":{\"@id\":\"https:\\\/\\\/www.jimprimeenfrance.fr\\\/blog\\\/comment-creer-sa-charte-graphique\\\/#breadcrumb\"},\"inLanguage\":\"fr-FR\",\"potentialAction\":[{\"@type\":\"ReadAction\",\"target\":[\"https:\\\/\\\/www.jimprimeenfrance.fr\\\/blog\\\/comment-creer-sa-charte-graphique\\\/\"]}]},{\"@type\":\"ImageObject\",\"inLanguage\":\"fr-FR\",\"@id\":\"https:\\\/\\\/www.jimprimeenfrance.fr\\\/blog\\\/comment-creer-sa-charte-graphique\\\/#primaryimage\",\"url\":\"https:\\\/\\\/www.jimprimeenfrance.fr\\\/blog\\\/wp-content\\\/uploads\\\/2023\\\/06\\\/creer-sa-charte-graphique-1.jpg\",\"contentUrl\":\"https:\\\/\\\/www.jimprimeenfrance.fr\\\/blog\\\/wp-content\\\/uploads\\\/2023\\\/06\\\/creer-sa-charte-graphique-1.jpg\",\"width\":6912,\"height\":3456,\"caption\":\"cr\u00e9er sa charte graphique\"},{\"@type\":\"BreadcrumbList\",\"@id\":\"https:\\\/\\\/www.jimprimeenfrance.fr\\\/blog\\\/comment-creer-sa-charte-graphique\\\/#breadcrumb\",\"itemListElement\":[{\"@type\":\"ListItem\",\"position\":1,\"name\":\"Accueil\",\"item\":\"https:\\\/\\\/www.jimprimeenfrance.fr\\\/blog\\\/\"},{\"@type\":\"ListItem\",\"position\":2,\"name\":\"Comment cr\u00e9er sa charte graphique\"}]},{\"@type\":\"WebSite\",\"@id\":\"https:\\\/\\\/www.jimprimeenfrance.fr\\\/blog\\\/#website\",\"url\":\"https:\\\/\\\/www.jimprimeenfrance.fr\\\/blog\\\/\",\"name\":\"Votre imprimerie en ligne, le blog\",\"description\":\"Impressionnez et faites bonne impression avec nos conseils d&#039;imprimerie online\",\"publisher\":{\"@id\":\"https:\\\/\\\/www.jimprimeenfrance.fr\\\/blog\\\/#organization\"},\"potentialAction\":[{\"@type\":\"SearchAction\",\"target\":{\"@type\":\"EntryPoint\",\"urlTemplate\":\"https:\\\/\\\/www.jimprimeenfrance.fr\\\/blog\\\/?s={search_term_string}\"},\"query-input\":{\"@type\":\"PropertyValueSpecification\",\"valueRequired\":true,\"valueName\":\"search_term_string\"}}],\"inLanguage\":\"fr-FR\"},{\"@type\":\"Organization\",\"@id\":\"https:\\\/\\\/www.jimprimeenfrance.fr\\\/blog\\\/#organization\",\"name\":\"PrintBasPrix - Imprimerie en ligne\",\"url\":\"https:\\\/\\\/www.jimprimeenfrance.fr\\\/blog\\\/\",\"logo\":{\"@type\":\"ImageObject\",\"inLanguage\":\"fr-FR\",\"@id\":\"https:\\\/\\\/www.jimprimeenfrance.fr\\\/blog\\\/#\\\/schema\\\/logo\\\/image\\\/\",\"url\":\"https:\\\/\\\/www.jimprimeenfrance.fr\\\/blog\\\/wp-content\\\/uploads\\\/2018\\\/07\\\/cropped-printbasprix-imprimeur-en-ligne.png\",\"contentUrl\":\"https:\\\/\\\/www.jimprimeenfrance.fr\\\/blog\\\/wp-content\\\/uploads\\\/2018\\\/07\\\/cropped-printbasprix-imprimeur-en-ligne.png\",\"width\":361,\"height\":86,\"caption\":\"PrintBasPrix - Imprimerie en ligne\"},\"image\":{\"@id\":\"https:\\\/\\\/www.jimprimeenfrance.fr\\\/blog\\\/#\\\/schema\\\/logo\\\/image\\\/\"},\"sameAs\":[\"https:\\\/\\\/www.facebook.com\\\/PrintBasPrix\",\"https:\\\/\\\/x.com\\\/PrintBasPrix\",\"https:\\\/\\\/www.instagram.com\\\/printbasprix\\\/\",\"https:\\\/\\\/www.linkedin.com\\\/company\\\/printbasprix\\\/\",\"https:\\\/\\\/www.youtube.com\\\/channel\\\/UC0Ysbd0Gbzzp0yMgrfNQqug\"]},{\"@type\":\"Person\",\"@id\":\"https:\\\/\\\/www.jimprimeenfrance.fr\\\/blog\\\/#\\\/schema\\\/person\\\/c5908efce65874ac39978f5a0ce6e195\",\"name\":\"Alyz\u00e9e\",\"image\":{\"@type\":\"ImageObject\",\"inLanguage\":\"fr-FR\",\"@id\":\"https:\\\/\\\/secure.gravatar.com\\\/avatar\\\/a29acbd2174611e826f7d881823703b38d7670f74c32c8b99d13ba9b25f07eff?s=96&r=g\",\"url\":\"https:\\\/\\\/secure.gravatar.com\\\/avatar\\\/a29acbd2174611e826f7d881823703b38d7670f74c32c8b99d13ba9b25f07eff?s=96&r=g\",\"contentUrl\":\"https:\\\/\\\/secure.gravatar.com\\\/avatar\\\/a29acbd2174611e826f7d881823703b38d7670f74c32c8b99d13ba9b25f07eff?s=96&r=g\",\"caption\":\"Alyz\u00e9e\"},\"url\":\"https:\\\/\\\/www.jimprimeenfrance.fr\\\/blog\\\/author\\\/fabien\\\/\"}]}<\/script>\r\n<!-- \/ Yoast SEO plugin. -->","yoast_head_json":{"title":"Comment cr\u00e9er sa charte graphique","robots":{"index":"index","follow":"follow","max-snippet":"max-snippet:-1","max-image-preview":"max-image-preview:large","max-video-preview":"max-video-preview:-1"},"canonical":"https:\/\/www.jimprimeenfrance.fr\/blog\/comment-creer-sa-charte-graphique\/","og_locale":"fr_FR","og_type":"article","og_title":"Comment cr\u00e9er sa charte graphique","og_description":"Vous souhaitez donner \u00e0 votre entreprise une identit\u00e9 visuelle forte et m\u00e9morable ? Ne cherchez plus ! Dans cet article, nous vous d\u00e9voilons un guide complet pour cr\u00e9er sa charte graphique. De la r\u00e9flexion sur les valeurs de votre marque \u00e0 la s\u00e9lection des couleurs, typographies et logos, nous vous accompagnons pas \u00e0 pas dans [&hellip;]","og_url":"https:\/\/www.jimprimeenfrance.fr\/blog\/comment-creer-sa-charte-graphique\/","og_site_name":"Votre imprimerie en ligne, le blog","article_publisher":"https:\/\/www.facebook.com\/PrintBasPrix","article_published_time":"2023-06-22T09:51:24+00:00","article_modified_time":"2023-06-22T11:35:53+00:00","og_image":[{"width":6912,"height":3456,"url":"https:\/\/www.jimprimeenfrance.fr\/blog\/wp-content\/uploads\/2023\/06\/creer-sa-charte-graphique-1.jpg","type":"image\/jpeg"}],"author":"Alyz\u00e9e","twitter_card":"summary_large_image","twitter_creator":"@PrintBasPrix","twitter_site":"@PrintBasPrix","twitter_misc":{"\u00c9crit par":"Alyz\u00e9e","Dur\u00e9e de lecture estim\u00e9e":"8 minutes"},"schema":{"@context":"https:\/\/schema.org","@graph":[{"@type":"Article","@id":"https:\/\/www.jimprimeenfrance.fr\/blog\/comment-creer-sa-charte-graphique\/#article","isPartOf":{"@id":"https:\/\/www.jimprimeenfrance.fr\/blog\/comment-creer-sa-charte-graphique\/"},"author":{"name":"Alyz\u00e9e","@id":"https:\/\/www.jimprimeenfrance.fr\/blog\/#\/schema\/person\/c5908efce65874ac39978f5a0ce6e195"},"headline":"Comment cr\u00e9er sa charte graphique","datePublished":"2023-06-22T09:51:24+00:00","dateModified":"2023-06-22T11:35:53+00:00","mainEntityOfPage":{"@id":"https:\/\/www.jimprimeenfrance.fr\/blog\/comment-creer-sa-charte-graphique\/"},"wordCount":1449,"commentCount":1,"publisher":{"@id":"https:\/\/www.jimprimeenfrance.fr\/blog\/#organization"},"image":{"@id":"https:\/\/www.jimprimeenfrance.fr\/blog\/comment-creer-sa-charte-graphique\/#primaryimage"},"thumbnailUrl":"https:\/\/www.jimprimeenfrance.fr\/blog\/wp-content\/uploads\/2023\/06\/creer-sa-charte-graphique-1.jpg","articleSection":["Graphisme","Marketing"],"inLanguage":"fr-FR","potentialAction":[{"@type":"CommentAction","name":"Comment","target":["https:\/\/www.jimprimeenfrance.fr\/blog\/comment-creer-sa-charte-graphique\/#respond"]}]},{"@type":"WebPage","@id":"https:\/\/www.jimprimeenfrance.fr\/blog\/comment-creer-sa-charte-graphique\/","url":"https:\/\/www.jimprimeenfrance.fr\/blog\/comment-creer-sa-charte-graphique\/","name":"Comment cr\u00e9er sa charte graphique","isPartOf":{"@id":"https:\/\/www.jimprimeenfrance.fr\/blog\/#website"},"primaryImageOfPage":{"@id":"https:\/\/www.jimprimeenfrance.fr\/blog\/comment-creer-sa-charte-graphique\/#primaryimage"},"image":{"@id":"https:\/\/www.jimprimeenfrance.fr\/blog\/comment-creer-sa-charte-graphique\/#primaryimage"},"thumbnailUrl":"https:\/\/www.jimprimeenfrance.fr\/blog\/wp-content\/uploads\/2023\/06\/creer-sa-charte-graphique-1.jpg","datePublished":"2023-06-22T09:51:24+00:00","dateModified":"2023-06-22T11:35:53+00:00","breadcrumb":{"@id":"https:\/\/www.jimprimeenfrance.fr\/blog\/comment-creer-sa-charte-graphique\/#breadcrumb"},"inLanguage":"fr-FR","potentialAction":[{"@type":"ReadAction","target":["https:\/\/www.jimprimeenfrance.fr\/blog\/comment-creer-sa-charte-graphique\/"]}]},{"@type":"ImageObject","inLanguage":"fr-FR","@id":"https:\/\/www.jimprimeenfrance.fr\/blog\/comment-creer-sa-charte-graphique\/#primaryimage","url":"https:\/\/www.jimprimeenfrance.fr\/blog\/wp-content\/uploads\/2023\/06\/creer-sa-charte-graphique-1.jpg","contentUrl":"https:\/\/www.jimprimeenfrance.fr\/blog\/wp-content\/uploads\/2023\/06\/creer-sa-charte-graphique-1.jpg","width":6912,"height":3456,"caption":"cr\u00e9er sa charte graphique"},{"@type":"BreadcrumbList","@id":"https:\/\/www.jimprimeenfrance.fr\/blog\/comment-creer-sa-charte-graphique\/#breadcrumb","itemListElement":[{"@type":"ListItem","position":1,"name":"Accueil","item":"https:\/\/www.jimprimeenfrance.fr\/blog\/"},{"@type":"ListItem","position":2,"name":"Comment cr\u00e9er sa charte graphique"}]},{"@type":"WebSite","@id":"https:\/\/www.jimprimeenfrance.fr\/blog\/#website","url":"https:\/\/www.jimprimeenfrance.fr\/blog\/","name":"Votre imprimerie en ligne, le blog","description":"Impressionnez et faites bonne impression avec nos conseils d&#039;imprimerie online","publisher":{"@id":"https:\/\/www.jimprimeenfrance.fr\/blog\/#organization"},"potentialAction":[{"@type":"SearchAction","target":{"@type":"EntryPoint","urlTemplate":"https:\/\/www.jimprimeenfrance.fr\/blog\/?s={search_term_string}"},"query-input":{"@type":"PropertyValueSpecification","valueRequired":true,"valueName":"search_term_string"}}],"inLanguage":"fr-FR"},{"@type":"Organization","@id":"https:\/\/www.jimprimeenfrance.fr\/blog\/#organization","name":"PrintBasPrix - Imprimerie en ligne","url":"https:\/\/www.jimprimeenfrance.fr\/blog\/","logo":{"@type":"ImageObject","inLanguage":"fr-FR","@id":"https:\/\/www.jimprimeenfrance.fr\/blog\/#\/schema\/logo\/image\/","url":"https:\/\/www.jimprimeenfrance.fr\/blog\/wp-content\/uploads\/2018\/07\/cropped-printbasprix-imprimeur-en-ligne.png","contentUrl":"https:\/\/www.jimprimeenfrance.fr\/blog\/wp-content\/uploads\/2018\/07\/cropped-printbasprix-imprimeur-en-ligne.png","width":361,"height":86,"caption":"PrintBasPrix - Imprimerie en ligne"},"image":{"@id":"https:\/\/www.jimprimeenfrance.fr\/blog\/#\/schema\/logo\/image\/"},"sameAs":["https:\/\/www.facebook.com\/PrintBasPrix","https:\/\/x.com\/PrintBasPrix","https:\/\/www.instagram.com\/printbasprix\/","https:\/\/www.linkedin.com\/company\/printbasprix\/","https:\/\/www.youtube.com\/channel\/UC0Ysbd0Gbzzp0yMgrfNQqug"]},{"@type":"Person","@id":"https:\/\/www.jimprimeenfrance.fr\/blog\/#\/schema\/person\/c5908efce65874ac39978f5a0ce6e195","name":"Alyz\u00e9e","image":{"@type":"ImageObject","inLanguage":"fr-FR","@id":"https:\/\/secure.gravatar.com\/avatar\/a29acbd2174611e826f7d881823703b38d7670f74c32c8b99d13ba9b25f07eff?s=96&r=g","url":"https:\/\/secure.gravatar.com\/avatar\/a29acbd2174611e826f7d881823703b38d7670f74c32c8b99d13ba9b25f07eff?s=96&r=g","contentUrl":"https:\/\/secure.gravatar.com\/avatar\/a29acbd2174611e826f7d881823703b38d7670f74c32c8b99d13ba9b25f07eff?s=96&r=g","caption":"Alyz\u00e9e"},"url":"https:\/\/www.jimprimeenfrance.fr\/blog\/author\/fabien\/"}]}},"_links":{"self":[{"href":"https:\/\/www.jimprimeenfrance.fr\/blog\/wp-json\/wp\/v2\/posts\/7608","targetHints":{"allow":["GET"]}}],"collection":[{"href":"https:\/\/www.jimprimeenfrance.fr\/blog\/wp-json\/wp\/v2\/posts"}],"about":[{"href":"https:\/\/www.jimprimeenfrance.fr\/blog\/wp-json\/wp\/v2\/types\/post"}],"author":[{"embeddable":true,"href":"https:\/\/www.jimprimeenfrance.fr\/blog\/wp-json\/wp\/v2\/users\/1"}],"replies":[{"embeddable":true,"href":"https:\/\/www.jimprimeenfrance.fr\/blog\/wp-json\/wp\/v2\/comments?post=7608"}],"version-history":[{"count":4,"href":"https:\/\/www.jimprimeenfrance.fr\/blog\/wp-json\/wp\/v2\/posts\/7608\/revisions"}],"predecessor-version":[{"id":7617,"href":"https:\/\/www.jimprimeenfrance.fr\/blog\/wp-json\/wp\/v2\/posts\/7608\/revisions\/7617"}],"wp:featuredmedia":[{"embeddable":true,"href":"https:\/\/www.jimprimeenfrance.fr\/blog\/wp-json\/wp\/v2\/media\/7616"}],"wp:attachment":[{"href":"https:\/\/www.jimprimeenfrance.fr\/blog\/wp-json\/wp\/v2\/media?parent=7608"}],"wp:term":[{"taxonomy":"category","embeddable":true,"href":"https:\/\/www.jimprimeenfrance.fr\/blog\/wp-json\/wp\/v2\/categories?post=7608"},{"taxonomy":"post_tag","embeddable":true,"href":"https:\/\/www.jimprimeenfrance.fr\/blog\/wp-json\/wp\/v2\/tags?post=7608"}],"curies":[{"name":"wp","href":"https:\/\/api.w.org\/{rel}","templated":true}]}}