{"id":7372,"date":"2021-11-30T14:52:07","date_gmt":"2021-11-30T13:52:07","guid":{"rendered":"https:\/\/www.jimprimeenfrance.fr\/blog\/?p=7372"},"modified":"2021-11-30T14:55:21","modified_gmt":"2021-11-30T13:55:21","slug":"comment-identifier-et-analyser-sa-cible-pour-adapter-sa-strategie-de-communication","status":"publish","type":"post","link":"https:\/\/www.jimprimeenfrance.fr\/blog\/comment-identifier-et-analyser-sa-cible-pour-adapter-sa-strategie-de-communication\/","title":{"rendered":"Comment identifier et analyser sa cible pour adapter sa strat\u00e9gie de communication?"},"content":{"rendered":"<h2 style=\"text-align: justify;\"><span style=\"font-family: arial, helvetica, sans-serif; color: #2d55a6;\"><b>Pourquoi est-il important de d\u00e9finir sa cible ?<\/b><\/span><\/h2>\n<p style=\"text-align: justify;\"><span style=\"font-family: arial, helvetica, sans-serif;\"><span style=\"font-weight: 400;\">Conna\u00eetre sa <\/span><b>cible marketing <\/b><span style=\"font-weight: 400;\">permet, pour une entreprise, de trouver des clients, les fid\u00e9liser et avoir une <\/span><b>communication adapt\u00e9e<\/b><span style=\"font-weight: 400;\">. Plus on conna\u00eet sa client\u00e8le, plus on est apte \u00e0 \u00e9laborer une <\/span><b>strat\u00e9gie de communication<\/b><span style=\"font-weight: 400;\"> et un <\/span><b>message percutant <\/b><span style=\"font-weight: 400;\">pour elle. Ainsi, gr\u00e2ce au <\/span><b>ciblage<\/b><span style=\"font-weight: 400;\">, la marque peut transmettre des <\/span><b>messages plus personnalis\u00e9s<\/b><span style=\"font-weight: 400;\">, qui auront plus d\u2019impact pour son audience, au lieu de d\u00e9livrer un message automatis\u00e9 pour tout le monde.\u00a0<\/span><\/span><\/p>\n<h2 style=\"text-align: justify;\"><span style=\"font-family: arial, helvetica, sans-serif;\"><span style=\"color: #2d55a6;\"><b>Les \u00e9tapes pour bien identifier sa cible<\/b><\/span><b><\/b><\/span><\/h2>\n<h3 style=\"text-align: justify;\"><span style=\"font-family: arial, helvetica, sans-serif; color: #2d55a6;\"><b>1) Analysez votre offre<\/b><\/span><\/h3>\n<p style=\"text-align: justify;\"><span style=\"font-family: arial, helvetica, sans-serif;\"><span style=\"font-weight: 400;\">Avant de proc\u00e9der \u00e0 l\u2019analyse de vos<\/span><b> cibles<\/b><span style=\"font-weight: 400;\">, il vous faudra d\u2019abord analyser vos produits (ou services). \u00c0 quels besoins r\u00e9pondent-ils ? Qui cela pourrait-il int\u00e9resser ? Votre offre s\u2019adresse-t-elle \u00e0 des particuliers ou \u00e0 des professionnels ? Votre offre peut \u00e9galement se diversifier et plaire \u00e0 plusieurs segments de votre <\/span><b>client\u00e8le<\/b><span style=\"font-weight: 400;\">. Il est donc essentiel de conna\u00eetre ce que vous proposez pour comprendre \u00e0 qui ils s\u2019adressent et pouvoir ensuite \u00e9laborer une<\/span><b> st<\/b><b>rat\u00e9gie de communication<\/b><span style=\"font-weight: 400;\"> adapt\u00e9e.<\/span><b><\/b><\/span><\/p>\n<h3 style=\"text-align: justify;\"><span style=\"font-family: arial, helvetica, sans-serif; color: #2d55a6;\"><b>2) Analysez le comportement de votre cible<\/b><\/span><\/h3>\n<p style=\"text-align: justify;\"><span style=\"font-family: arial, helvetica, sans-serif;\"><span style=\"font-weight: 400;\">Comprendre les comportements de votre <\/span><b>cible<\/b><span style=\"font-weight: 400;\"> pour mieux l\u2019identifier, c\u2019est la meilleure <\/span><b>strat\u00e9gie<\/b><span style=\"font-weight: 400;\"> pour <\/span><b>promouvoir<\/b><span style=\"font-weight: 400;\"> son offre. De plus cela vous permettra d\u2019orienter votre <\/span><b>strat\u00e9gie<\/b><span style=\"font-weight: 400;\"> en fonction de votre <\/span><b>cible marketing<\/b><span style=\"font-weight: 400;\">. Nous allons donc ici nous int\u00e9resser aux notions de \u201cperception\u201d et \u201cd\u2019attitude\u201d.<\/span><\/span><\/p>\n<h4 style=\"text-align: justify;\"><span style=\"font-family: arial, helvetica, sans-serif;\"><b>La perception<\/b><\/span><\/h4>\n<p style=\"text-align: justify;\"><span style=\"font-weight: 400; font-family: arial, helvetica, sans-serif;\">Ce qui d\u00e9clenche une r\u00e9action de l\u2019individu, ce n\u2019est pas la r\u00e9alit\u00e9 objective d\u2019une situation mais la perception qu\u2019il en a. La perception varie d\u2019un individu \u00e0 l\u2019autre. On distingue donc :<\/span><\/p>\n<ul style=\"text-align: justify;\">\n<li style=\"font-weight: 400;\" aria-level=\"1\"><span style=\"font-family: arial, helvetica, sans-serif;\"><span style=\"font-weight: 400;\">L\u2019attention s\u00e9lective <\/span><span style=\"font-weight: 400;\">: l\u2019individu per\u00e7oit les messages qui l\u2019int\u00e9ressent ;\u00a0<\/span><\/span><\/li>\n<li style=\"font-weight: 400;\" aria-level=\"1\"><span style=\"font-family: arial, helvetica, sans-serif;\"><span style=\"font-weight: 400;\">La distorsion s\u00e9lective<\/span><span style=\"font-weight: 400;\"> : l\u2019individu d\u00e9forme, interpr\u00e8te l\u2019information afin de la rendre plus conforme \u00e0 ses croyances ;<\/span><\/span><\/li>\n<li style=\"font-weight: 400;\" aria-level=\"1\"><span style=\"font-family: arial, helvetica, sans-serif;\"><span style=\"font-weight: 400;\">La r\u00e9tention s\u00e9lective<\/span><span style=\"font-weight: 400;\"> : l\u2019individu ne m\u00e9morise que les informations qui confortent ses convictions.<\/span><\/span><\/li>\n<\/ul>\n<h4 style=\"text-align: justify;\"><span style=\"font-family: arial, helvetica, sans-serif;\"><b>L\u2019attitude<\/b><\/span><\/h4>\n<p style=\"text-align: justify;\"><span style=\"font-family: arial, helvetica, sans-serif;\"><span style=\"font-weight: 400;\">L\u2019attitude correspond \u00e0 l\u2019orientation positive ou n\u00e9gative du <\/span><b>consommateur<\/b><span style=\"font-weight: 400;\"> \u00e0 l\u2019\u00e9gard d\u2019un produit ou d\u2019une marque. En d\u2019autres termes, c\u2019est la disposition \u00e0 agir d\u2019une certaine mani\u00e8re, face \u00e0 un objet particulier. Elle repose sur trois composantes :<\/span><\/span><\/p>\n<ul style=\"text-align: justify;\">\n<li style=\"font-weight: 400;\" aria-level=\"1\"><span style=\"font-family: arial, helvetica, sans-serif;\"><span style=\"font-weight: 400;\">Composante cognitive<\/span><span style=\"font-weight: 400;\"> : les connaissances et les croyances autours d\u2019un objet ;\u00a0<\/span><\/span><\/li>\n<li style=\"font-weight: 400;\" aria-level=\"1\"><span style=\"font-family: arial, helvetica, sans-serif;\"><span style=\"font-weight: 400;\">Composante affective<\/span><span style=\"font-weight: 400;\"> : le jugement affectif vis-\u00e0-vis d\u2019un objet, aimer ou ne pas aimer une marque, y \u00eatre indiff\u00e9rent, etc ;<\/span><\/span><\/li>\n<\/ul>\n<ul style=\"text-align: justify;\">\n<li style=\"font-weight: 400;\" aria-level=\"1\"><span style=\"font-family: arial, helvetica, sans-serif;\"><span style=\"font-weight: 400;\">Composante conative<\/span><span style=\"font-weight: 400;\"> : correspond \u00e0 l\u2019intention d\u2019agir, c&rsquo;est-\u00e0-dire, intention d\u2019acheter ou de consommer.<\/span><\/span><\/li>\n<\/ul>\n<p style=\"text-align: justify;\">\u00a0<\/p>\n<h3 style=\"text-align: justify;\"><span style=\"font-family: arial, helvetica, sans-serif; color: #2d55a6;\"><b>3) Analysez les caract\u00e9ristiques propres \u00e0 votre cible\u00a0<\/b><\/span><\/h3>\n<p style=\"text-align: justify;\"><span style=\"font-family: arial, helvetica, sans-serif;\"><span style=\"font-weight: 400;\">Pour analyser les caract\u00e9ristiques propres au<\/span><b> consommateur<\/b><span style=\"font-weight: 400;\">, il faut prendre en compte les facteurs psychologiques, les facteurs sociod\u00e9mographiques, les facteurs socio-\u00e9conomiques et les facteurs socio-culturels.\u00a0<\/span><\/span><\/p>\n<h4 style=\"text-align: justify;\"><span style=\"font-family: arial, helvetica, sans-serif;\"><b>Facteurs psychologiques<\/b><\/span><\/h4>\n<ul style=\"text-align: justify;\">\n<li style=\"font-weight: 400;\" aria-level=\"1\">\n<h5><span style=\"font-family: arial, helvetica, sans-serif; font-size: 12pt;\"><b>Les besoins<\/b><\/span><\/h5>\n<\/li>\n<\/ul>\n<p style=\"text-align: justify;\"><span style=\"font-family: arial, helvetica, sans-serif;\"><span style=\"font-weight: 400;\">Pour avoir des r\u00e9sultats sur le long terme, il est essentiel de conna\u00eetre les besoins de sa<\/span><b> cible<\/b><span style=\"font-weight: 400;\">. Pour cela, vous pouvez utiliser la m\u00e9thode d\u2019analyse des besoins avec la Pyramide de Maslow (1943).<\/span><\/span><\/p>\n<p style=\"text-align: justify;\"><span style=\"font-weight: 400; font-family: arial, helvetica, sans-serif;\">Selon Abraham Maslow, les besoins humains sont hi\u00e9rarchis\u00e9s en 5 niveaux r\u00e9partis entre des besoins inf\u00e9rieurs et des besoins sup\u00e9rieurs. Un individu ne cherchera \u00e0 satisfaire les besoins du niveau sup\u00e9rieur que lorsqu\u2019il aura satisfait les besoins de niveau imm\u00e9diatement inf\u00e9rieur.<\/span><\/p>\n<p style=\"text-align: justify;\"><span style=\"font-weight: 400; font-family: arial, helvetica, sans-serif;\">Besoins inf\u00e9rieurs :<\/span><\/p>\n<p style=\"text-align: justify;\"><span style=\"font-family: arial, helvetica, sans-serif;\"><span style=\"font-weight: 400;\">Niveau 1 &#8211; Besoins <\/span><span style=\"font-weight: 400;\">physiologiques,<\/span><span style=\"font-weight: 400;\"> vitaux <\/span><i><span style=\"font-weight: 400;\">(Ex : besoin de se nourrir, boire, dormir\u2026)<\/span><\/i><\/span><\/p>\n<p style=\"text-align: justify;\"><span style=\"font-family: arial, helvetica, sans-serif;\"><span style=\"font-weight: 400;\">Niveau 2 &#8211; Besoin de <\/span><span style=\"font-weight: 400;\">s\u00e9curit\u00e9<\/span><span style=\"font-weight: 400;\"> et de protection physique <\/span><i><span style=\"font-weight: 400;\">(Ex : besoin de s\u2019abriter des intemp\u00e9ries, besoin de produits sains pour la sant\u00e9\u2026)<\/span><\/i><\/span><\/p>\n<p style=\"text-align: justify;\"><span style=\"font-weight: 400; font-family: arial, helvetica, sans-serif;\">Besoins sup\u00e9rieurs :<\/span><\/p>\n<p style=\"text-align: justify;\"><span style=\"font-family: arial, helvetica, sans-serif;\"><span style=\"font-weight: 400;\">Niveau 3 &#8211; Besoin d\u2019<\/span><span style=\"font-weight: 400;\">appartenance<\/span><span style=\"font-weight: 400;\">, d\u2019affection <\/span><i><span style=\"font-weight: 400;\">(Ex : besoin d\u2019\u00eatre accept\u00e9, aim\u00e9, \u00e9cout\u00e9, compris\u2026)<\/span><\/i><\/span><\/p>\n<p style=\"text-align: justify;\"><span style=\"font-family: arial, helvetica, sans-serif;\"><span style=\"font-weight: 400;\">Niveau 4 &#8211; Besoin d\u2019<\/span><span style=\"font-weight: 400;\">estime <\/span><span style=\"font-weight: 400;\">de soi <\/span><i><span style=\"font-weight: 400;\">(Ex : besoin de se plaire\u2026)<\/span><\/i><span style=\"font-weight: 400;\"> et des autres <\/span><i><span style=\"font-weight: 400;\">(Ex : besoin d\u2019\u00eatre reconnu, admir\u00e9, respect\u00e9\u2026)<\/span><\/i><\/span><\/p>\n<p style=\"text-align: justify;\"><span style=\"font-family: arial, helvetica, sans-serif;\"><span style=\"font-weight: 400;\">Niveau 5 &#8211; Besoin d\u2019<\/span><span style=\"font-weight: 400;\">accomplissement<\/span> <i><span style=\"font-weight: 400;\">(Ex : exprimer sa cr\u00e9ativit\u00e9, se surpasser\u2026)<\/span><\/i><\/span><\/p>\n<p style=\"text-align: justify;\"><span style=\"font-family: arial, helvetica, sans-serif;\"><span style=\"font-weight: 400;\">Lorsqu\u2019un individu ressent un \u00e9cart entre la situation dans laquelle il se trouve et une situation qu\u2019il per\u00e7oit comme id\u00e9ale, il \u00e9prouve une sensation de manque (besoins) qui le pousse \u00e0 agir, en l\u2019occurrence \u00e0 consommer ou acqu\u00e9rir les biens n\u00e9cessaires \u00e0 cette consommation.<\/span><b><\/b><\/span><\/p>\n<ul style=\"text-align: justify;\">\n<li aria-level=\"1\">\n<h5><span style=\"font-family: arial, helvetica, sans-serif; font-size: 12pt;\"><b>Les motivations<\/b><\/span><\/h5>\n<\/li>\n<\/ul>\n<p style=\"text-align: justify;\"><span style=\"font-weight: 400; font-family: arial, helvetica, sans-serif;\">La motivation est une force positive qui pousse les individus \u00e0 agir. Identifier les motivations permet aux entreprises de rechercher des leviers pour les susciter.<\/span><\/p>\n<p style=\"text-align: justify;\"><span style=\"font-weight: 400; font-family: arial, helvetica, sans-serif;\">On distingue :<\/span><\/p>\n<p style=\"text-align: justify;\"><span style=\"font-weight: 400; font-family: arial, helvetica, sans-serif;\">&#8211; les motivations h\u00e9donistes (se faire plaisir) ;<\/span><\/p>\n<p style=\"text-align: justify;\"><span style=\"font-weight: 400; font-family: arial, helvetica, sans-serif;\">&#8211; les motivations oblatives (faire plaisir aux autres) ;<\/span><\/p>\n<p style=\"text-align: justify;\"><span style=\"font-weight: 400; font-family: arial, helvetica, sans-serif;\">&#8211; les motivations d\u2019auto-expression (s\u2019affirmer) ;<\/span><\/p>\n<p style=\"text-align: justify;\"><span style=\"font-weight: 400; font-family: arial, helvetica, sans-serif;\">&#8211; les motivations utilitaires (achat par n\u00e9cessit\u00e9).<\/span><\/p>\n<p style=\"text-align: justify;\">\u00a0<\/p>\n<ul style=\"text-align: justify;\">\n<li aria-level=\"1\">\n<h5><span style=\"font-family: arial, helvetica, sans-serif; font-size: 12pt;\"><b>Les freins<\/b><\/span><\/h5>\n<\/li>\n<\/ul>\n<p style=\"text-align: justify;\"><span style=\"font-family: arial, helvetica, sans-serif;\"><span style=\"font-weight: 400;\">Les freins sont une force n\u00e9gative qui emp\u00eachent l\u2019individu d\u2019agir. Le <\/span><b>marketing<\/b><span style=\"font-weight: 400;\"> recherche les solutions pour faire tomber les freins.<\/span><\/span><\/p>\n<p style=\"text-align: justify;\"><span style=\"font-weight: 400; font-family: arial, helvetica, sans-serif;\">On distingue trois types de freins :<\/span><\/p>\n<p style=\"text-align: justify;\"><span style=\"font-family: arial, helvetica, sans-serif;\"><span style=\"font-weight: 400;\">&#8211; les <\/span><span style=\"font-weight: 400;\">peurs<\/span><span style=\"font-weight: 400;\"> craintes r\u00e9elles ou imaginaires li\u00e9es \u00e0 l\u2019achat.<\/span><\/span><\/p>\n<p style=\"text-align: justify;\"><span style=\"font-family: arial, helvetica, sans-serif;\"><span style=\"font-weight: 400;\">&#8211; les <\/span><span style=\"font-weight: 400;\">risques per\u00e7us<\/span><span style=\"font-weight: 400;\"> : li\u00e9s \u00e0 l\u2019impossibilit\u00e9 d\u2019envisager toutes les cons\u00e9quences d\u2019un achat. Ils peuvent \u00eatre de diff\u00e9rente nature :<\/span><\/span><\/p>\n<ul style=\"text-align: justify;\">\n<li style=\"font-weight: 400;\" aria-level=\"1\"><span style=\"font-family: arial, helvetica, sans-serif;\"><span style=\"font-weight: 400;\">financiers (<\/span><i><span style=\"font-weight: 400;\">ex : peur de ne pas pouvoir rembourser un cr\u00e9dit<\/span><\/i><span style=\"font-weight: 400;\">),<\/span><\/span><\/li>\n<li style=\"font-weight: 400;\" aria-level=\"1\"><span style=\"font-family: arial, helvetica, sans-serif;\"><span style=\"font-weight: 400;\">sociaux (<\/span><i><span style=\"font-weight: 400;\">ex : peur de ce que les autres penseront de notre achat<\/span><\/i><span style=\"font-weight: 400;\">),<\/span><\/span><\/li>\n<li style=\"font-weight: 400;\" aria-level=\"1\"><span style=\"font-family: arial, helvetica, sans-serif;\"><span style=\"font-weight: 400;\">physiques (<\/span><i><span style=\"font-weight: 400;\">ex : peur que le produit nuise \u00e0 la sant\u00e9 physique<\/span><\/i><span style=\"font-weight: 400;\">),<\/span><\/span><\/li>\n<li style=\"font-weight: 400;\" aria-level=\"1\"><span style=\"font-family: arial, helvetica, sans-serif;\"><span style=\"font-weight: 400;\">li\u00e9s \u00e0 la performance (<\/span><i><span style=\"font-weight: 400;\">ex : peur qu\u2019elle soit d\u00e9cevant<\/span><\/i><span style=\"font-weight: 400;\">e),<\/span><\/span><\/li>\n<li style=\"font-weight: 400;\" aria-level=\"1\"><span style=\"font-family: arial, helvetica, sans-serif;\"><span style=\"font-weight: 400;\">\u00e0 la psychologie (<\/span><i><span style=\"font-weight: 400;\">ex : peur de regretter son achat<\/span><\/i><span style=\"font-weight: 400;\">),<\/span><\/span><\/li>\n<li style=\"font-weight: 400;\" aria-level=\"1\"><span style=\"font-family: arial, helvetica, sans-serif;\"><span style=\"font-weight: 400;\">au temps (<\/span><i><span style=\"font-weight: 400;\">ex : peur que l\u2019achat fasse perdre du temps<\/span><\/i><span style=\"font-weight: 400;\">),<\/span><\/span><\/li>\n<li style=\"font-weight: 400;\" aria-level=\"1\"><span style=\"font-family: arial, helvetica, sans-serif;\"><span style=\"font-weight: 400;\">au manque \u00e0 gagner (<\/span><i><span style=\"font-weight: 400;\">ex : peur que l\u2019achat soit moins performant qu\u2019un autre<\/span><\/i><span style=\"font-weight: 400;\">)<\/span><\/span><\/li>\n<\/ul>\n<p style=\"text-align: justify;\"><span style=\"font-family: arial, helvetica, sans-serif;\"><span style=\"font-weight: 400;\">&#8211; les <\/span><span style=\"font-weight: 400;\">inhibitions<\/span><span style=\"font-weight: 400;\"> : blocages qui rel\u00e8vent de l\u2019inconscient li\u00e9s \u00e0 la culture ou \u00e0 l\u2019\u00e9ducation.<\/span><\/span><\/p>\n<p style=\"text-align: justify;\">\u00a0<\/p>\n<ul style=\"text-align: justify;\">\n<li aria-level=\"1\">\n<h5><span style=\"font-family: arial, helvetica, sans-serif; font-size: 12pt;\"><b>La personnalit\u00e9<\/b><\/span><\/h5>\n<\/li>\n<\/ul>\n<p style=\"text-align: justify;\"><span style=\"font-weight: 400; font-family: arial, helvetica, sans-serif;\">La personnalit\u00e9 correspond aux traits de caract\u00e8re propres \u00e0 la personne.<\/span><\/p>\n<p style=\"text-align: justify;\"><span style=\"font-family: arial, helvetica, sans-serif;\"><i><span style=\"font-weight: 400;\">Ex : \u00eatre extraverti ou introverti, bienveillant, ouvert aux nouveaut\u00e9s, consciencieux\u2026<\/span><\/i><\/span><\/p>\n<p style=\"text-align: justify;\"><span style=\"font-weight: 400; font-family: arial, helvetica, sans-serif;\">Conna\u00eetre la personnalit\u00e9 des individus permet d\u2019anticiper leur comportement.<\/span><\/p>\n<h4 style=\"text-align: justify;\"><span style=\"font-family: arial, helvetica, sans-serif;\"><b>Facteurs socio-d\u00e9mographiques<\/b><\/span><\/h4>\n<p style=\"text-align: justify;\"><span style=\"font-family: arial, helvetica, sans-serif;\"><span style=\"font-weight: 400;\">Les principaux crit\u00e8res sociod\u00e9mographiques sont :<\/span><b><\/b><\/span><\/p>\n<ul style=\"text-align: justify;\">\n<li aria-level=\"1\">\n<h5><span style=\"font-family: arial, helvetica, sans-serif; font-size: 12pt;\"><b>Le genre<\/b><\/span><\/h5>\n<\/li>\n<\/ul>\n<p style=\"text-align: justify;\"><span style=\"font-family: arial, helvetica, sans-serif;\"><span style=\"font-weight: 400;\">La notion de genre fait r\u00e9f\u00e9rence aux traits de masculinit\u00e9 et de f\u00e9minit\u00e9 dont peut \u00eatre dot\u00e9 tout individu, quel que soit son sexe. Les valeurs associ\u00e9es au genre f\u00e9minin ou masculin diff\u00e8rent sensiblement.<\/span><b><\/b><\/span><\/p>\n<ul style=\"text-align: justify;\">\n<li aria-level=\"1\">\n<h5><span style=\"font-family: arial, helvetica, sans-serif; font-size: 12pt;\"><b>L\u2019\u00e2ge<\/b><\/span><\/h5>\n<\/li>\n<\/ul>\n<p style=\"text-align: justify;\"><span style=\"font-family: arial, helvetica, sans-serif;\"><span style=\"font-weight: 400;\">Le marketing s\u2019int\u00e9resse aux classes d\u2019\u00e2ge, car les enfants, les s\u00e9niors ou les adolescents ne sont pas forc\u00e9ment sensibles aux m\u00eames choses.<\/span><b><\/b><\/span><\/p>\n<ul style=\"text-align: justify;\">\n<li aria-level=\"1\">\n<h5><span style=\"font-family: arial, helvetica, sans-serif; font-size: 12pt;\"><b>La formation<\/b><\/span><\/h5>\n<\/li>\n<li aria-level=\"1\"><span style=\"font-family: arial, helvetica, sans-serif;\"><b>Autres facteurs : <\/b>lieu d&rsquo;habitation, situation de famille<\/span><\/li>\n<\/ul>\n<h4>\u00a0<\/h4>\n<h4 style=\"text-align: justify;\"><span style=\"font-family: arial, helvetica, sans-serif;\"><b>Facteurs socio-\u00e9conomiques<\/b><b><\/b><\/span><\/h4>\n<ul style=\"text-align: justify;\">\n<li aria-level=\"1\">\n<h5><span style=\"font-family: arial, helvetica, sans-serif; font-size: 12pt;\"><b>Le revenu et le patrimoine<\/b><\/span><\/h5>\n<\/li>\n<\/ul>\n<p style=\"text-align: justify;\"><span style=\"font-family: arial, helvetica, sans-serif;\"><span style=\"font-weight: 400;\">Le revenu a \u00e9t\u00e9 une des premi\u00e8res variables pour pr\u00e9dire le comportement du consommateur. Aujourd\u2019hui, il a perdu de son pouvoir pr\u00e9dictif car de nombreux biens se sont d\u00e9mocratis\u00e9s du fait du d\u00e9veloppement du cr\u00e9dit.<\/span><b><\/b><\/span><\/p>\n<ul style=\"text-align: justify;\">\n<li aria-level=\"1\">\n<h5><span style=\"font-family: arial, helvetica, sans-serif; font-size: 12pt;\"><b>La classe sociale<\/b><\/span><\/h5>\n<\/li>\n<\/ul>\n<p style=\"text-align: justify;\"><span style=\"font-family: arial, helvetica, sans-serif;\"><span style=\"font-weight: 400;\">C\u2019est la position d\u2019un individu ou d\u2019un m\u00e9nage sur une \u00e9chelle d\u00e9finie, \u00e0 partir de crit\u00e8res tels que la profession, le revenu, le niveau d\u2019\u00e9ducation. Une classe sociale se distingue par un ensemble de valeurs partag\u00e9es qui devraient se traduire par des comportements homog\u00e8nes, notamment en mati\u00e8re de consommation.<\/span><b><\/b><\/span><\/p>\n<ul style=\"text-align: justify;\">\n<li aria-level=\"1\"><span style=\"font-family: arial, helvetica, sans-serif;\"><b>Autres facteurs :\u00a0<\/b>professions, secteurs d&rsquo;activit\u00e9 (priv\u00e9, public, industriel, commercial\u2026)<\/span><\/li>\n<\/ul>\n<h4 style=\"text-align: justify;\"><span style=\"font-family: arial, helvetica, sans-serif;\"><b>Facteurs socio-culturels<\/b><b><\/b><\/span><\/h4>\n<ul style=\"text-align: justify;\">\n<li aria-level=\"1\">\n<h5><span style=\"font-family: arial, helvetica, sans-serif; font-size: 12pt;\"><b>La culture<\/b><\/span><\/h5>\n<\/li>\n<\/ul>\n<p style=\"text-align: justify;\"><span style=\"font-family: arial, helvetica, sans-serif;\"><span style=\"font-weight: 400;\">Elle d\u00e9signe la mani\u00e8re de penser et d\u2019agir en r\u00e9f\u00e9rence aux valeurs que partagent les membres d&rsquo;une m\u00eame communaut\u00e9 humaine.\u00a0<\/span><b><\/b><\/span><\/p>\n<ul style=\"text-align: justify;\">\n<li aria-level=\"1\">\n<h5><span style=\"font-family: arial, helvetica, sans-serif; font-size: 12pt;\"><b>Le style de vie<\/b><\/span><\/h5>\n<\/li>\n<\/ul>\n<p style=\"text-align: justify;\"><span style=\"font-weight: 400; font-family: arial, helvetica, sans-serif;\">Il se d\u00e9finit globalement comme la mani\u00e8re dont les individus occupent leur temps (activit\u00e9s), ce qu\u2019ils consid\u00e8rent comme important (int\u00e9r\u00eats) et ce qu\u2019ils pensent du monde qui les entoure et d\u2019eux-m\u00eames (opinion).<\/span><\/p>\n<p style=\"text-align: justify;\">\u00a0<\/p>\n<h3 style=\"text-align: justify;\"><span style=\"font-family: arial, helvetica, sans-serif;\"><span style=\"color: #2d55a6;\"><b>4) Segmentez votre client\u00e8le<\/b><\/span><b><\/b><\/span><\/h3>\n<p style=\"text-align: justify;\"><span style=\"font-family: arial, helvetica, sans-serif;\"><span style=\"font-weight: 400;\">Arrive maintenant l\u2019\u00e9tape de la segmentation de votre <\/span><b>client\u00e8le<\/b><span style=\"font-weight: 400;\">. Pour cela, vous allez avoir besoin des analyses du comportement et des caract\u00e9ristiques propres \u00e0 votre <\/span><b>cible<\/b><span style=\"font-weight: 400;\">, effectu\u00e9es pr\u00e9c\u00e9demment. =<\/span><\/span><\/p>\n<p style=\"text-align: justify;\"><span style=\"font-family: arial, helvetica, sans-serif;\"><span style=\"font-weight: 400;\">Vous allez donc segmenter votre <\/span><b>client\u00e8le<\/b><span style=\"font-weight: 400;\"> en fonction de diff\u00e9rents crit\u00e8res : sociod\u00e9mographiques (genre, \u00e2ge, statut social, etc.), comportementaux (attitude, attentes, perception, etc.), psychologiques ( personnalit\u00e9, besoin, motivations, freins, etc.).<\/span><\/span><\/p>\n<p style=\"text-align: justify;\">\u00a0<\/p>\n<h3 style=\"text-align: justify;\"><span style=\"font-family: arial, helvetica, sans-serif; color: #2d55a6;\"><b>5) \u00c9tablissez un persona<\/b><\/span><\/h3>\n<p style=\"text-align: justify;\"><span style=\"font-family: arial, helvetica, sans-serif;\"><b><\/b><span style=\"font-weight: 400;\">Toutes ces \u00e9tapes vont ensuite vous permettre d\u2019\u00e9laborer un ou plusieurs persona repr\u00e9sentant vos clients potentiels. C\u2019est un outil indispensable pour la cr\u00e9ation de votre <\/span><b>strat\u00e9gie de communication<\/b><span style=\"font-weight: 400;\">. Il vous permettra d\u2019avoir une <\/span><span style=\"font-weight: 400;\">vision plus pr\u00e9cise de votre<\/span><b> client\u00e8le cible<\/b><span style=\"font-weight: 400;\">. Ainsi, vous allez pouvoir identifier plus facilement vos<\/span><b> cibles strat\u00e9giques<\/b><span style=\"font-weight: 400;\">.<\/span><\/span><\/p>\n","protected":false},"excerpt":{"rendered":"<p>Pourquoi est-il important de d\u00e9finir sa cible ? Conna\u00eetre sa cible marketing permet, pour une entreprise, de trouver des clients, les fid\u00e9liser et avoir une communication adapt\u00e9e. Plus on conna\u00eet sa client\u00e8le, plus on est apte \u00e0 \u00e9laborer une strat\u00e9gie de communication et un message percutant pour elle. Ainsi, gr\u00e2ce au ciblage, la marque peut [&hellip;]<\/p>\n","protected":false},"author":1,"featured_media":7373,"comment_status":"open","ping_status":"open","sticky":false,"template":"","format":"standard","meta":{"_editorskit_title_hidden":false,"_editorskit_reading_time":0,"_editorskit_is_block_options_detached":false,"_editorskit_block_options_position":"{}","footnotes":""},"categories":[592,54],"tags":[],"class_list":["post-7372","post","type-post","status-publish","format-standard","has-post-thumbnail","hentry","category-conseils","category-marketing"],"yoast_head":"<!-- This site is optimized with the Yoast SEO plugin v27.4 - https:\/\/yoast.com\/product\/yoast-seo-wordpress\/ -->\r\n<title>Comment analyser sa cible pour adapter sa strat\u00e9gie de communication ?<\/title>\r\n<meta name=\"description\" content=\"Analyser sa cible marketing permet, pour une entreprise, de trouver des clients, les fid\u00e9liser et avoir une communication adapt\u00e9e\" \/>\r\n<meta name=\"robots\" content=\"index, follow, max-snippet:-1, max-image-preview:large, max-video-preview:-1\" \/>\r\n<link rel=\"canonical\" href=\"https:\/\/www.jimprimeenfrance.fr\/blog\/comment-identifier-et-analyser-sa-cible-pour-adapter-sa-strategie-de-communication\/\" \/>\r\n<meta property=\"og:locale\" content=\"fr_FR\" \/>\r\n<meta property=\"og:type\" content=\"article\" \/>\r\n<meta property=\"og:title\" content=\"Comment analyser sa cible pour adapter sa strat\u00e9gie de communication ?\" \/>\r\n<meta property=\"og:description\" content=\"Analyser sa cible marketing permet, pour une entreprise, de trouver des clients, les fid\u00e9liser et avoir une communication adapt\u00e9e\" \/>\r\n<meta property=\"og:url\" content=\"https:\/\/www.jimprimeenfrance.fr\/blog\/comment-identifier-et-analyser-sa-cible-pour-adapter-sa-strategie-de-communication\/\" \/>\r\n<meta property=\"og:site_name\" content=\"Votre imprimerie en ligne, le blog\" \/>\r\n<meta property=\"article:publisher\" content=\"https:\/\/www.facebook.com\/PrintBasPrix\" \/>\r\n<meta property=\"article:published_time\" content=\"2021-11-30T13:52:07+00:00\" \/>\r\n<meta property=\"article:modified_time\" content=\"2021-11-30T13:55:21+00:00\" \/>\r\n<meta property=\"og:image\" content=\"https:\/\/www.jimprimeenfrance.fr\/blog\/wp-content\/uploads\/2021\/11\/analyser-sa-cible-scaled.jpg\" \/>\r\n\t<meta property=\"og:image:width\" content=\"2560\" \/>\r\n\t<meta property=\"og:image:height\" content=\"1280\" \/>\r\n\t<meta property=\"og:image:type\" content=\"image\/jpeg\" \/>\r\n<meta name=\"author\" content=\"Alyz\u00e9e\" \/>\r\n<meta name=\"twitter:card\" content=\"summary_large_image\" \/>\r\n<meta name=\"twitter:creator\" content=\"@PrintBasPrix\" \/>\r\n<meta name=\"twitter:site\" content=\"@PrintBasPrix\" \/>\r\n<meta name=\"twitter:label1\" content=\"\u00c9crit par\" \/>\n\t<meta name=\"twitter:data1\" content=\"Alyz\u00e9e\" \/>\n\t<meta name=\"twitter:label2\" content=\"Dur\u00e9e de lecture estim\u00e9e\" \/>\n\t<meta name=\"twitter:data2\" content=\"6 minutes\" \/>\r\n<script type=\"application\/ld+json\" class=\"yoast-schema-graph\">{\"@context\":\"https:\\\/\\\/schema.org\",\"@graph\":[{\"@type\":\"Article\",\"@id\":\"https:\\\/\\\/www.jimprimeenfrance.fr\\\/blog\\\/comment-identifier-et-analyser-sa-cible-pour-adapter-sa-strategie-de-communication\\\/#article\",\"isPartOf\":{\"@id\":\"https:\\\/\\\/www.jimprimeenfrance.fr\\\/blog\\\/comment-identifier-et-analyser-sa-cible-pour-adapter-sa-strategie-de-communication\\\/\"},\"author\":{\"name\":\"Alyz\u00e9e\",\"@id\":\"https:\\\/\\\/www.jimprimeenfrance.fr\\\/blog\\\/#\\\/schema\\\/person\\\/c5908efce65874ac39978f5a0ce6e195\"},\"headline\":\"Comment identifier et analyser sa cible pour adapter sa strat\u00e9gie de communication?\",\"datePublished\":\"2021-11-30T13:52:07+00:00\",\"dateModified\":\"2021-11-30T13:55:21+00:00\",\"mainEntityOfPage\":{\"@id\":\"https:\\\/\\\/www.jimprimeenfrance.fr\\\/blog\\\/comment-identifier-et-analyser-sa-cible-pour-adapter-sa-strategie-de-communication\\\/\"},\"wordCount\":1376,\"commentCount\":1,\"publisher\":{\"@id\":\"https:\\\/\\\/www.jimprimeenfrance.fr\\\/blog\\\/#organization\"},\"image\":{\"@id\":\"https:\\\/\\\/www.jimprimeenfrance.fr\\\/blog\\\/comment-identifier-et-analyser-sa-cible-pour-adapter-sa-strategie-de-communication\\\/#primaryimage\"},\"thumbnailUrl\":\"https:\\\/\\\/www.jimprimeenfrance.fr\\\/blog\\\/wp-content\\\/uploads\\\/2021\\\/11\\\/analyser-sa-cible-scaled.jpg\",\"articleSection\":[\"Conseils\",\"Marketing\"],\"inLanguage\":\"fr-FR\",\"potentialAction\":[{\"@type\":\"CommentAction\",\"name\":\"Comment\",\"target\":[\"https:\\\/\\\/www.jimprimeenfrance.fr\\\/blog\\\/comment-identifier-et-analyser-sa-cible-pour-adapter-sa-strategie-de-communication\\\/#respond\"]}]},{\"@type\":\"WebPage\",\"@id\":\"https:\\\/\\\/www.jimprimeenfrance.fr\\\/blog\\\/comment-identifier-et-analyser-sa-cible-pour-adapter-sa-strategie-de-communication\\\/\",\"url\":\"https:\\\/\\\/www.jimprimeenfrance.fr\\\/blog\\\/comment-identifier-et-analyser-sa-cible-pour-adapter-sa-strategie-de-communication\\\/\",\"name\":\"Comment analyser sa cible pour adapter sa strat\u00e9gie de communication ?\",\"isPartOf\":{\"@id\":\"https:\\\/\\\/www.jimprimeenfrance.fr\\\/blog\\\/#website\"},\"primaryImageOfPage\":{\"@id\":\"https:\\\/\\\/www.jimprimeenfrance.fr\\\/blog\\\/comment-identifier-et-analyser-sa-cible-pour-adapter-sa-strategie-de-communication\\\/#primaryimage\"},\"image\":{\"@id\":\"https:\\\/\\\/www.jimprimeenfrance.fr\\\/blog\\\/comment-identifier-et-analyser-sa-cible-pour-adapter-sa-strategie-de-communication\\\/#primaryimage\"},\"thumbnailUrl\":\"https:\\\/\\\/www.jimprimeenfrance.fr\\\/blog\\\/wp-content\\\/uploads\\\/2021\\\/11\\\/analyser-sa-cible-scaled.jpg\",\"datePublished\":\"2021-11-30T13:52:07+00:00\",\"dateModified\":\"2021-11-30T13:55:21+00:00\",\"description\":\"Analyser sa cible marketing permet, pour une entreprise, de trouver des clients, les fid\u00e9liser et avoir une communication adapt\u00e9e\",\"breadcrumb\":{\"@id\":\"https:\\\/\\\/www.jimprimeenfrance.fr\\\/blog\\\/comment-identifier-et-analyser-sa-cible-pour-adapter-sa-strategie-de-communication\\\/#breadcrumb\"},\"inLanguage\":\"fr-FR\",\"potentialAction\":[{\"@type\":\"ReadAction\",\"target\":[\"https:\\\/\\\/www.jimprimeenfrance.fr\\\/blog\\\/comment-identifier-et-analyser-sa-cible-pour-adapter-sa-strategie-de-communication\\\/\"]}]},{\"@type\":\"ImageObject\",\"inLanguage\":\"fr-FR\",\"@id\":\"https:\\\/\\\/www.jimprimeenfrance.fr\\\/blog\\\/comment-identifier-et-analyser-sa-cible-pour-adapter-sa-strategie-de-communication\\\/#primaryimage\",\"url\":\"https:\\\/\\\/www.jimprimeenfrance.fr\\\/blog\\\/wp-content\\\/uploads\\\/2021\\\/11\\\/analyser-sa-cible-scaled.jpg\",\"contentUrl\":\"https:\\\/\\\/www.jimprimeenfrance.fr\\\/blog\\\/wp-content\\\/uploads\\\/2021\\\/11\\\/analyser-sa-cible-scaled.jpg\",\"width\":2560,\"height\":1280,\"caption\":\"Analyser sa cible marketing\"},{\"@type\":\"BreadcrumbList\",\"@id\":\"https:\\\/\\\/www.jimprimeenfrance.fr\\\/blog\\\/comment-identifier-et-analyser-sa-cible-pour-adapter-sa-strategie-de-communication\\\/#breadcrumb\",\"itemListElement\":[{\"@type\":\"ListItem\",\"position\":1,\"name\":\"Accueil\",\"item\":\"https:\\\/\\\/www.jimprimeenfrance.fr\\\/blog\\\/\"},{\"@type\":\"ListItem\",\"position\":2,\"name\":\"Comment identifier et analyser sa cible pour adapter sa strat\u00e9gie de communication?\"}]},{\"@type\":\"WebSite\",\"@id\":\"https:\\\/\\\/www.jimprimeenfrance.fr\\\/blog\\\/#website\",\"url\":\"https:\\\/\\\/www.jimprimeenfrance.fr\\\/blog\\\/\",\"name\":\"Votre imprimerie en ligne, le blog\",\"description\":\"Impressionnez et faites bonne impression avec nos conseils d&#039;imprimerie online\",\"publisher\":{\"@id\":\"https:\\\/\\\/www.jimprimeenfrance.fr\\\/blog\\\/#organization\"},\"potentialAction\":[{\"@type\":\"SearchAction\",\"target\":{\"@type\":\"EntryPoint\",\"urlTemplate\":\"https:\\\/\\\/www.jimprimeenfrance.fr\\\/blog\\\/?s={search_term_string}\"},\"query-input\":{\"@type\":\"PropertyValueSpecification\",\"valueRequired\":true,\"valueName\":\"search_term_string\"}}],\"inLanguage\":\"fr-FR\"},{\"@type\":\"Organization\",\"@id\":\"https:\\\/\\\/www.jimprimeenfrance.fr\\\/blog\\\/#organization\",\"name\":\"PrintBasPrix - Imprimerie en ligne\",\"url\":\"https:\\\/\\\/www.jimprimeenfrance.fr\\\/blog\\\/\",\"logo\":{\"@type\":\"ImageObject\",\"inLanguage\":\"fr-FR\",\"@id\":\"https:\\\/\\\/www.jimprimeenfrance.fr\\\/blog\\\/#\\\/schema\\\/logo\\\/image\\\/\",\"url\":\"https:\\\/\\\/www.jimprimeenfrance.fr\\\/blog\\\/wp-content\\\/uploads\\\/2018\\\/07\\\/cropped-printbasprix-imprimeur-en-ligne.png\",\"contentUrl\":\"https:\\\/\\\/www.jimprimeenfrance.fr\\\/blog\\\/wp-content\\\/uploads\\\/2018\\\/07\\\/cropped-printbasprix-imprimeur-en-ligne.png\",\"width\":361,\"height\":86,\"caption\":\"PrintBasPrix - Imprimerie en ligne\"},\"image\":{\"@id\":\"https:\\\/\\\/www.jimprimeenfrance.fr\\\/blog\\\/#\\\/schema\\\/logo\\\/image\\\/\"},\"sameAs\":[\"https:\\\/\\\/www.facebook.com\\\/PrintBasPrix\",\"https:\\\/\\\/x.com\\\/PrintBasPrix\",\"https:\\\/\\\/www.instagram.com\\\/printbasprix\\\/\",\"https:\\\/\\\/www.linkedin.com\\\/company\\\/printbasprix\\\/\",\"https:\\\/\\\/www.youtube.com\\\/channel\\\/UC0Ysbd0Gbzzp0yMgrfNQqug\"]},{\"@type\":\"Person\",\"@id\":\"https:\\\/\\\/www.jimprimeenfrance.fr\\\/blog\\\/#\\\/schema\\\/person\\\/c5908efce65874ac39978f5a0ce6e195\",\"name\":\"Alyz\u00e9e\",\"image\":{\"@type\":\"ImageObject\",\"inLanguage\":\"fr-FR\",\"@id\":\"https:\\\/\\\/secure.gravatar.com\\\/avatar\\\/a29acbd2174611e826f7d881823703b38d7670f74c32c8b99d13ba9b25f07eff?s=96&r=g\",\"url\":\"https:\\\/\\\/secure.gravatar.com\\\/avatar\\\/a29acbd2174611e826f7d881823703b38d7670f74c32c8b99d13ba9b25f07eff?s=96&r=g\",\"contentUrl\":\"https:\\\/\\\/secure.gravatar.com\\\/avatar\\\/a29acbd2174611e826f7d881823703b38d7670f74c32c8b99d13ba9b25f07eff?s=96&r=g\",\"caption\":\"Alyz\u00e9e\"},\"url\":\"https:\\\/\\\/www.jimprimeenfrance.fr\\\/blog\\\/author\\\/fabien\\\/\"}]}<\/script>\r\n<!-- \/ Yoast SEO plugin. -->","yoast_head_json":{"title":"Comment analyser sa cible pour adapter sa strat\u00e9gie de communication ?","description":"Analyser sa cible marketing permet, pour une entreprise, de trouver des clients, les fid\u00e9liser et avoir une communication adapt\u00e9e","robots":{"index":"index","follow":"follow","max-snippet":"max-snippet:-1","max-image-preview":"max-image-preview:large","max-video-preview":"max-video-preview:-1"},"canonical":"https:\/\/www.jimprimeenfrance.fr\/blog\/comment-identifier-et-analyser-sa-cible-pour-adapter-sa-strategie-de-communication\/","og_locale":"fr_FR","og_type":"article","og_title":"Comment analyser sa cible pour adapter sa strat\u00e9gie de communication ?","og_description":"Analyser sa cible marketing permet, pour une entreprise, de trouver des clients, les fid\u00e9liser et avoir une communication adapt\u00e9e","og_url":"https:\/\/www.jimprimeenfrance.fr\/blog\/comment-identifier-et-analyser-sa-cible-pour-adapter-sa-strategie-de-communication\/","og_site_name":"Votre imprimerie en ligne, le blog","article_publisher":"https:\/\/www.facebook.com\/PrintBasPrix","article_published_time":"2021-11-30T13:52:07+00:00","article_modified_time":"2021-11-30T13:55:21+00:00","og_image":[{"width":2560,"height":1280,"url":"https:\/\/www.jimprimeenfrance.fr\/blog\/wp-content\/uploads\/2021\/11\/analyser-sa-cible-scaled.jpg","type":"image\/jpeg"}],"author":"Alyz\u00e9e","twitter_card":"summary_large_image","twitter_creator":"@PrintBasPrix","twitter_site":"@PrintBasPrix","twitter_misc":{"\u00c9crit par":"Alyz\u00e9e","Dur\u00e9e de lecture estim\u00e9e":"6 minutes"},"schema":{"@context":"https:\/\/schema.org","@graph":[{"@type":"Article","@id":"https:\/\/www.jimprimeenfrance.fr\/blog\/comment-identifier-et-analyser-sa-cible-pour-adapter-sa-strategie-de-communication\/#article","isPartOf":{"@id":"https:\/\/www.jimprimeenfrance.fr\/blog\/comment-identifier-et-analyser-sa-cible-pour-adapter-sa-strategie-de-communication\/"},"author":{"name":"Alyz\u00e9e","@id":"https:\/\/www.jimprimeenfrance.fr\/blog\/#\/schema\/person\/c5908efce65874ac39978f5a0ce6e195"},"headline":"Comment identifier et analyser sa cible pour adapter sa strat\u00e9gie de communication?","datePublished":"2021-11-30T13:52:07+00:00","dateModified":"2021-11-30T13:55:21+00:00","mainEntityOfPage":{"@id":"https:\/\/www.jimprimeenfrance.fr\/blog\/comment-identifier-et-analyser-sa-cible-pour-adapter-sa-strategie-de-communication\/"},"wordCount":1376,"commentCount":1,"publisher":{"@id":"https:\/\/www.jimprimeenfrance.fr\/blog\/#organization"},"image":{"@id":"https:\/\/www.jimprimeenfrance.fr\/blog\/comment-identifier-et-analyser-sa-cible-pour-adapter-sa-strategie-de-communication\/#primaryimage"},"thumbnailUrl":"https:\/\/www.jimprimeenfrance.fr\/blog\/wp-content\/uploads\/2021\/11\/analyser-sa-cible-scaled.jpg","articleSection":["Conseils","Marketing"],"inLanguage":"fr-FR","potentialAction":[{"@type":"CommentAction","name":"Comment","target":["https:\/\/www.jimprimeenfrance.fr\/blog\/comment-identifier-et-analyser-sa-cible-pour-adapter-sa-strategie-de-communication\/#respond"]}]},{"@type":"WebPage","@id":"https:\/\/www.jimprimeenfrance.fr\/blog\/comment-identifier-et-analyser-sa-cible-pour-adapter-sa-strategie-de-communication\/","url":"https:\/\/www.jimprimeenfrance.fr\/blog\/comment-identifier-et-analyser-sa-cible-pour-adapter-sa-strategie-de-communication\/","name":"Comment analyser sa cible pour adapter sa strat\u00e9gie de communication ?","isPartOf":{"@id":"https:\/\/www.jimprimeenfrance.fr\/blog\/#website"},"primaryImageOfPage":{"@id":"https:\/\/www.jimprimeenfrance.fr\/blog\/comment-identifier-et-analyser-sa-cible-pour-adapter-sa-strategie-de-communication\/#primaryimage"},"image":{"@id":"https:\/\/www.jimprimeenfrance.fr\/blog\/comment-identifier-et-analyser-sa-cible-pour-adapter-sa-strategie-de-communication\/#primaryimage"},"thumbnailUrl":"https:\/\/www.jimprimeenfrance.fr\/blog\/wp-content\/uploads\/2021\/11\/analyser-sa-cible-scaled.jpg","datePublished":"2021-11-30T13:52:07+00:00","dateModified":"2021-11-30T13:55:21+00:00","description":"Analyser sa cible marketing permet, pour une entreprise, de trouver des clients, les fid\u00e9liser et avoir une communication adapt\u00e9e","breadcrumb":{"@id":"https:\/\/www.jimprimeenfrance.fr\/blog\/comment-identifier-et-analyser-sa-cible-pour-adapter-sa-strategie-de-communication\/#breadcrumb"},"inLanguage":"fr-FR","potentialAction":[{"@type":"ReadAction","target":["https:\/\/www.jimprimeenfrance.fr\/blog\/comment-identifier-et-analyser-sa-cible-pour-adapter-sa-strategie-de-communication\/"]}]},{"@type":"ImageObject","inLanguage":"fr-FR","@id":"https:\/\/www.jimprimeenfrance.fr\/blog\/comment-identifier-et-analyser-sa-cible-pour-adapter-sa-strategie-de-communication\/#primaryimage","url":"https:\/\/www.jimprimeenfrance.fr\/blog\/wp-content\/uploads\/2021\/11\/analyser-sa-cible-scaled.jpg","contentUrl":"https:\/\/www.jimprimeenfrance.fr\/blog\/wp-content\/uploads\/2021\/11\/analyser-sa-cible-scaled.jpg","width":2560,"height":1280,"caption":"Analyser sa cible marketing"},{"@type":"BreadcrumbList","@id":"https:\/\/www.jimprimeenfrance.fr\/blog\/comment-identifier-et-analyser-sa-cible-pour-adapter-sa-strategie-de-communication\/#breadcrumb","itemListElement":[{"@type":"ListItem","position":1,"name":"Accueil","item":"https:\/\/www.jimprimeenfrance.fr\/blog\/"},{"@type":"ListItem","position":2,"name":"Comment identifier et analyser sa cible pour adapter sa strat\u00e9gie de communication?"}]},{"@type":"WebSite","@id":"https:\/\/www.jimprimeenfrance.fr\/blog\/#website","url":"https:\/\/www.jimprimeenfrance.fr\/blog\/","name":"Votre imprimerie en ligne, le blog","description":"Impressionnez et faites bonne impression avec nos conseils d&#039;imprimerie online","publisher":{"@id":"https:\/\/www.jimprimeenfrance.fr\/blog\/#organization"},"potentialAction":[{"@type":"SearchAction","target":{"@type":"EntryPoint","urlTemplate":"https:\/\/www.jimprimeenfrance.fr\/blog\/?s={search_term_string}"},"query-input":{"@type":"PropertyValueSpecification","valueRequired":true,"valueName":"search_term_string"}}],"inLanguage":"fr-FR"},{"@type":"Organization","@id":"https:\/\/www.jimprimeenfrance.fr\/blog\/#organization","name":"PrintBasPrix - Imprimerie en ligne","url":"https:\/\/www.jimprimeenfrance.fr\/blog\/","logo":{"@type":"ImageObject","inLanguage":"fr-FR","@id":"https:\/\/www.jimprimeenfrance.fr\/blog\/#\/schema\/logo\/image\/","url":"https:\/\/www.jimprimeenfrance.fr\/blog\/wp-content\/uploads\/2018\/07\/cropped-printbasprix-imprimeur-en-ligne.png","contentUrl":"https:\/\/www.jimprimeenfrance.fr\/blog\/wp-content\/uploads\/2018\/07\/cropped-printbasprix-imprimeur-en-ligne.png","width":361,"height":86,"caption":"PrintBasPrix - Imprimerie en ligne"},"image":{"@id":"https:\/\/www.jimprimeenfrance.fr\/blog\/#\/schema\/logo\/image\/"},"sameAs":["https:\/\/www.facebook.com\/PrintBasPrix","https:\/\/x.com\/PrintBasPrix","https:\/\/www.instagram.com\/printbasprix\/","https:\/\/www.linkedin.com\/company\/printbasprix\/","https:\/\/www.youtube.com\/channel\/UC0Ysbd0Gbzzp0yMgrfNQqug"]},{"@type":"Person","@id":"https:\/\/www.jimprimeenfrance.fr\/blog\/#\/schema\/person\/c5908efce65874ac39978f5a0ce6e195","name":"Alyz\u00e9e","image":{"@type":"ImageObject","inLanguage":"fr-FR","@id":"https:\/\/secure.gravatar.com\/avatar\/a29acbd2174611e826f7d881823703b38d7670f74c32c8b99d13ba9b25f07eff?s=96&r=g","url":"https:\/\/secure.gravatar.com\/avatar\/a29acbd2174611e826f7d881823703b38d7670f74c32c8b99d13ba9b25f07eff?s=96&r=g","contentUrl":"https:\/\/secure.gravatar.com\/avatar\/a29acbd2174611e826f7d881823703b38d7670f74c32c8b99d13ba9b25f07eff?s=96&r=g","caption":"Alyz\u00e9e"},"url":"https:\/\/www.jimprimeenfrance.fr\/blog\/author\/fabien\/"}]}},"_links":{"self":[{"href":"https:\/\/www.jimprimeenfrance.fr\/blog\/wp-json\/wp\/v2\/posts\/7372","targetHints":{"allow":["GET"]}}],"collection":[{"href":"https:\/\/www.jimprimeenfrance.fr\/blog\/wp-json\/wp\/v2\/posts"}],"about":[{"href":"https:\/\/www.jimprimeenfrance.fr\/blog\/wp-json\/wp\/v2\/types\/post"}],"author":[{"embeddable":true,"href":"https:\/\/www.jimprimeenfrance.fr\/blog\/wp-json\/wp\/v2\/users\/1"}],"replies":[{"embeddable":true,"href":"https:\/\/www.jimprimeenfrance.fr\/blog\/wp-json\/wp\/v2\/comments?post=7372"}],"version-history":[{"count":3,"href":"https:\/\/www.jimprimeenfrance.fr\/blog\/wp-json\/wp\/v2\/posts\/7372\/revisions"}],"predecessor-version":[{"id":7376,"href":"https:\/\/www.jimprimeenfrance.fr\/blog\/wp-json\/wp\/v2\/posts\/7372\/revisions\/7376"}],"wp:featuredmedia":[{"embeddable":true,"href":"https:\/\/www.jimprimeenfrance.fr\/blog\/wp-json\/wp\/v2\/media\/7373"}],"wp:attachment":[{"href":"https:\/\/www.jimprimeenfrance.fr\/blog\/wp-json\/wp\/v2\/media?parent=7372"}],"wp:term":[{"taxonomy":"category","embeddable":true,"href":"https:\/\/www.jimprimeenfrance.fr\/blog\/wp-json\/wp\/v2\/categories?post=7372"},{"taxonomy":"post_tag","embeddable":true,"href":"https:\/\/www.jimprimeenfrance.fr\/blog\/wp-json\/wp\/v2\/tags?post=7372"}],"curies":[{"name":"wp","href":"https:\/\/api.w.org\/{rel}","templated":true}]}}