{"id":697,"date":"2018-12-12T08:30:46","date_gmt":"2018-12-12T07:30:46","guid":{"rendered":"https:\/\/www.jimprimeenfrance.fr\/blog\/?p=697"},"modified":"2020-12-21T21:30:28","modified_gmt":"2020-12-21T20:30:28","slug":"identite-visuelle-quelles-couleurs-choisir-pour-mon-entreprise","status":"publish","type":"post","link":"https:\/\/www.jimprimeenfrance.fr\/blog\/identite-visuelle-quelles-couleurs-choisir-pour-mon-entreprise\/","title":{"rendered":"Identit\u00e9 visuelle : quelles couleurs choisir pour mon entreprise"},"content":{"rendered":"<p style=\"text-align: justify\">Si vous cr\u00e9ez une marque, une des \u00e9tapes primordiales est de d\u00e9finir votre identit\u00e9 visuelle. En effet, une entreprise se reconna\u00eet gr\u00e2ce \u00e0 son logo et \u00e0 ses couleurs. Mais, bien s\u00fbr, il ne suffit pas de choisir sa <a href=\"https:\/\/significationdescouleurs.com\/\" target=\"_blank\" rel=\"noopener noreferrer\">couleur pr\u00e9f\u00e9r\u00e9e<\/a> pour r\u00e9soudre le probl\u00e8me&#8230;<\/p>\n<p style=\"text-align: justify\">Il faut s\u00e9lectionner la ou les teinte(e) qui serviront le mieux votre <strong>image de marque<\/strong>. Comment le savoir\u00a0 ? Suivez le guide.<\/p>\n<p>&nbsp;<\/p>\n<h2 style=\"text-align: justify\">L&rsquo;importance des couleurs pour son identit\u00e9 visuelle<\/h2>\n<p style=\"text-align: justify\">Pour une image de marque s\u00e9duisante, vous devez absolument prendre en compte la couleur de votre enseigne. Il est prouv\u00e9 selon des <a href=\"https:\/\/www.journaldelagence.com\/1137472-infographie-sinteressant-a-la-psychologie-des-couleurs\" target=\"_blank\" rel=\"noopener noreferrer\">\u00e9tudes marketing<\/a> que les consommateurs accordent une grande importance aux coloris.<\/p>\n<p style=\"text-align: justify\">Effectivement, <strong>93% des personnes privil\u00e9gient l&rsquo;aspect visuel<\/strong> avant d&rsquo;acheter un produit. 80% d&rsquo;entre eux pensent d&rsquo;ailleurs que la couleur d&rsquo;une marque influe sur leur choix. Savez-vous qu&rsquo;un texte a 42% de chances de plus d&rsquo;\u00eatre lu lorsqu&rsquo;il est \u00e9crit en couleur que lorsqu&rsquo;il est \u00e9crit en noir et blanc ?<\/p>\n<p style=\"text-align: justify\">De plus, de nombreuses \u00e9tudes scientifiques montrent que <strong>les couleurs sont associ\u00e9es \u00e0 des \u00e9motions<\/strong> et \u00e0 des ressentis dans le cerveau humain, m\u00eame si ce n&rsquo;est pas toujours conscient. Les coloris peuvent aider \u00e0 la compr\u00e9hension, \u00e0 la bonne lecture et \u00e0 la m\u00e9morisation d&rsquo;une notion.<\/p>\n<p>&nbsp;<\/p>\n<figure id=\"attachment_866\" aria-describedby=\"caption-attachment-866\" style=\"width: 640px\" class=\"wp-caption aligncenter\"><img loading=\"lazy\" decoding=\"async\" class=\"wp-image-866 size-large\" title=\"Les go\u00fbts et les couleurs se discutent pour d\u00e9finir l'identit\u00e9 visuelle d'une entreprise\" src=\"https:\/\/www.jimprimeenfrance.fr\/blog\/wp-content\/uploads\/2018\/12\/l-importance-des-couleurs-pour-son-identite-visuelle-1024x731.jpg\" alt=\"Couleurs pour l'identit\u00e9 visuelle\" width=\"640\" height=\"457\" srcset=\"https:\/\/www.jimprimeenfrance.fr\/blog\/wp-content\/uploads\/2018\/12\/l-importance-des-couleurs-pour-son-identite-visuelle-1024x731.jpg 1024w, https:\/\/www.jimprimeenfrance.fr\/blog\/wp-content\/uploads\/2018\/12\/l-importance-des-couleurs-pour-son-identite-visuelle-300x214.jpg 300w, https:\/\/www.jimprimeenfrance.fr\/blog\/wp-content\/uploads\/2018\/12\/l-importance-des-couleurs-pour-son-identite-visuelle-768x548.jpg 768w, https:\/\/www.jimprimeenfrance.fr\/blog\/wp-content\/uploads\/2018\/12\/l-importance-des-couleurs-pour-son-identite-visuelle.jpg 1200w\" sizes=\"auto, (max-width: 640px) 100vw, 640px\" \/><figcaption id=\"caption-attachment-866\" class=\"wp-caption-text\">Vous pouvez d\u00e9finir un nuancier de couleurs qui sera appliqu\u00e9 \u00e0 votre marque et \u00e0 vos produits.<\/figcaption><\/figure>\n<p>&nbsp;<\/p>\n<p>&nbsp;<\/p>\n<p>&nbsp;<\/p>\n<h2 style=\"text-align: justify\">Les pi\u00e8ges \u00e0 \u00e9viter<\/h2>\n<p style=\"text-align: justify\">Avant de choisir la bonne couleur, il faut faire attention \u00e0 :<\/p>\n<ul style=\"text-align: justify\">\n<li>\n<h3>Se d\u00e9marquer de ses concurrents<\/h3>\n<\/li>\n<\/ul>\n<p style=\"text-align: justify\">Si le logo de votre principal concurrent commercial est rouge, ne le copiez surtout pas. Les consommateurs vous confondront et risqueront de vous envisager comme une p\u00e2le copie de votre adversaire.<\/p>\n<p>&nbsp;<\/p>\n<ul style=\"text-align: justify\">\n<li>\n<h3>Ne pas se laisser guider par ses propres \u00e9motions<\/h3>\n<\/li>\n<\/ul>\n<p style=\"text-align: justify\">Vos go\u00fbts personnels n&rsquo;ont rien \u00e0 voir l\u00e0-dedans. Ne faites pas l&rsquo;erreur de laisser votre subjectivit\u00e9 impacter votre choix.<\/p>\n<p>&nbsp;<\/p>\n<ul style=\"text-align: justify\">\n<li>\n<h3>Ne pas se freiner \u00e0 une seule couleur<\/h3>\n<\/li>\n<\/ul>\n<p style=\"text-align: justify\">Si vous avez envie de <a href=\"https:\/\/sympa-sympa.com\/creacion-maison\/superguide-pour-combiner-les-couleurs-175710\/\" target=\"_blank\" rel=\"noopener noreferrer\">combiner plusieurs teintes<\/a>, allez-y. Cela peut donner un tr\u00e8s joli r\u00e9sultat et affirmer votre originalit\u00e9. De plus, vous pourrez ainsi associer les \u00ab\u00a0pouvoirs\u00a0\u00bb de plusieurs couleurs.<\/p>\n<p>&nbsp;<\/p>\n<ul style=\"text-align: justify\">\n<li>\n<h3>Eviter de penser uniquement local<\/h3>\n<\/li>\n<\/ul>\n<p style=\"text-align: justify\">Vous envisagez d&rsquo;\u00e9tendre votre marque \u00e0 l&rsquo;international ? Attention car certaines couleurs n&rsquo;ont pas le m\u00eame sens pour les occidentaux que pour les asiatiques par exemple. Renseignez-vous d&rsquo;abord sur les diff\u00e9rentes cultures.<\/p>\n<p>&nbsp;<\/p>\n<ul>\n<li>\n<h3>Faire marcher son bon sens<\/h3>\n<\/li>\n<\/ul>\n<p>Faites co\u00efncider au mieux les couleurs de votre marque avec son activit\u00e9 principale. Vous vendez des produits alimentaires pour vegan ? Il vous faut du vert. Vous montez une entreprise de location de mat\u00e9riel de plong\u00e9e ? Du bleu.<\/p>\n<p>&nbsp;<\/p>\n<h2 style=\"text-align: justify\">Le guide des couleurs au cas par cas<\/h2>\n<ul style=\"text-align: justify\">\n<li>\n<h3>Le bleu<\/h3>\n<\/li>\n<\/ul>\n<p>&nbsp;<\/p>\n<p><img loading=\"lazy\" decoding=\"async\" class=\"alignleft size-medium wp-image-867\" src=\"https:\/\/www.jimprimeenfrance.fr\/blog\/wp-content\/uploads\/2018\/12\/bleu-quelles-couleurs-choisir-pour-mon-entreprise-300x214.jpg\" alt=\"\" width=\"300\" height=\"214\" srcset=\"https:\/\/www.jimprimeenfrance.fr\/blog\/wp-content\/uploads\/2018\/12\/bleu-quelles-couleurs-choisir-pour-mon-entreprise-300x214.jpg 300w, https:\/\/www.jimprimeenfrance.fr\/blog\/wp-content\/uploads\/2018\/12\/bleu-quelles-couleurs-choisir-pour-mon-entreprise-768x548.jpg 768w, https:\/\/www.jimprimeenfrance.fr\/blog\/wp-content\/uploads\/2018\/12\/bleu-quelles-couleurs-choisir-pour-mon-entreprise-1024x731.jpg 1024w, https:\/\/www.jimprimeenfrance.fr\/blog\/wp-content\/uploads\/2018\/12\/bleu-quelles-couleurs-choisir-pour-mon-entreprise.jpg 1200w\" sizes=\"auto, (max-width: 300px) 100vw, 300px\" \/><\/p>\n<p>&nbsp;<\/p>\n<p>&nbsp;<\/p>\n<p>&nbsp;<\/p>\n<p>&nbsp;<\/p>\n<p>&nbsp;<\/p>\n<p>&nbsp;<\/p>\n<p>&nbsp;<\/p>\n<p style=\"text-align: justify\">Le bleu est une couleur tr\u00e8s souvent utilis\u00e9e en marketing et <a href=\"https:\/\/www.jimprimeenfrance.fr\/blog\/street-marketing-methode-facile-adopter\/\" target=\"_blank\" rel=\"noopener noreferrer\">street marketing<\/a>. En effet, on y associe de nombreuses \u00e9motions positives.<\/p>\n<p style=\"text-align: justify\">En psychologie de base des couleurs, le bleu repr\u00e9sente des sentiments tr\u00e8s apaisants : le <strong>calme<\/strong>, la s\u00e9r\u00e9nit\u00e9, la tranquillit\u00e9&#8230; Ce coloris cr\u00e9e donc un sentiment de <strong>confiance<\/strong> et de stabilit\u00e9. Il encourage \u00e9galement la <strong>productivit\u00e9<\/strong> et le travail.<\/p>\n<p style=\"text-align: justify\">Tr\u00e8s appr\u00e9ci\u00e9 de la plupart des gens, notamment des hommes, le bleu est une bonne couleur pour une grande compagnie. Il plaira au plus grand nombre car il est associ\u00e9 inconsciemment avec les socles de notre plan\u00e8te : l&rsquo;eau et le ciel.<\/p>\n<p style=\"text-align: justify\">Attention : le bleu coupe l&rsquo;app\u00e9tit et ne doit donc pas \u00eatre utilis\u00e9 pour des produits alimentaires.<\/p>\n<p>&nbsp;<\/p>\n<ul style=\"text-align: justify\">\n<li>\n<h3>Le rouge<\/h3>\n<\/li>\n<\/ul>\n<p>&nbsp;<\/p>\n<p><img loading=\"lazy\" decoding=\"async\" class=\"alignleft size-medium wp-image-868\" src=\"https:\/\/www.jimprimeenfrance.fr\/blog\/wp-content\/uploads\/2018\/12\/rouge-quelles-couleurs-choisir-pour-mon-entreprise-300x214.jpg\" alt=\"\" width=\"300\" height=\"214\" srcset=\"https:\/\/www.jimprimeenfrance.fr\/blog\/wp-content\/uploads\/2018\/12\/rouge-quelles-couleurs-choisir-pour-mon-entreprise-300x214.jpg 300w, https:\/\/www.jimprimeenfrance.fr\/blog\/wp-content\/uploads\/2018\/12\/rouge-quelles-couleurs-choisir-pour-mon-entreprise-768x548.jpg 768w, https:\/\/www.jimprimeenfrance.fr\/blog\/wp-content\/uploads\/2018\/12\/rouge-quelles-couleurs-choisir-pour-mon-entreprise-1024x731.jpg 1024w, https:\/\/www.jimprimeenfrance.fr\/blog\/wp-content\/uploads\/2018\/12\/rouge-quelles-couleurs-choisir-pour-mon-entreprise.jpg 1200w\" sizes=\"auto, (max-width: 300px) 100vw, 300px\" \/><\/p>\n<p>&nbsp;<\/p>\n<p>&nbsp;<\/p>\n<p>&nbsp;<\/p>\n<p>&nbsp;<\/p>\n<p>&nbsp;<\/p>\n<p>&nbsp;<\/p>\n<p>&nbsp;<\/p>\n<p style=\"text-align: justify\">Le rouge est traditionnellement la couleur de la <strong>passion<\/strong> et de l&rsquo;intensit\u00e9. On l&rsquo;associe \u00e0 la romance amoureuse, au d\u00e9sir sexuel, mais aussi \u00e0 l&rsquo;<strong>action<\/strong>, au courage, \u00e0 la force et \u00e0 la vitesse.<\/p>\n<p style=\"text-align: justify\">Dans la culture chinoise, le rouge est porteur de <strong>chance<\/strong> et de prosp\u00e9rit\u00e9. On utilise souvent cette couleur en marketing pour pousser \u00e0 l&rsquo;achat fr\u00e9n\u00e9tique : <em>\u00ab\u00a0D\u00e9p\u00eachez-vous ! Plus que 2 jours avant la fin de l&rsquo;offre !\u00a0\u00bb <\/em><\/p>\n<p style=\"text-align: justify\">Le rouge augmente le rythme cardiaque et pousse donc \u00e0 des \u00e9motions plus fortes. Il augmente l&rsquo;app\u00e9tit et est donc souvent utilis\u00e9 dans les restaurants.<\/p>\n<p>&nbsp;<\/p>\n<ul style=\"text-align: justify\">\n<li>\n<h3>Le jaune<\/h3>\n<\/li>\n<\/ul>\n<p>&nbsp;<\/p>\n<p><img loading=\"lazy\" decoding=\"async\" class=\"alignleft size-medium wp-image-869\" src=\"https:\/\/www.jimprimeenfrance.fr\/blog\/wp-content\/uploads\/2018\/12\/jaune-quelles-couleurs-choisir-pour-mon-entreprise-300x214.jpg\" alt=\"\" width=\"300\" height=\"214\" srcset=\"https:\/\/www.jimprimeenfrance.fr\/blog\/wp-content\/uploads\/2018\/12\/jaune-quelles-couleurs-choisir-pour-mon-entreprise-300x214.jpg 300w, https:\/\/www.jimprimeenfrance.fr\/blog\/wp-content\/uploads\/2018\/12\/jaune-quelles-couleurs-choisir-pour-mon-entreprise-768x548.jpg 768w, https:\/\/www.jimprimeenfrance.fr\/blog\/wp-content\/uploads\/2018\/12\/jaune-quelles-couleurs-choisir-pour-mon-entreprise-1024x731.jpg 1024w, https:\/\/www.jimprimeenfrance.fr\/blog\/wp-content\/uploads\/2018\/12\/jaune-quelles-couleurs-choisir-pour-mon-entreprise.jpg 1200w\" sizes=\"auto, (max-width: 300px) 100vw, 300px\" \/><\/p>\n<p>&nbsp;<\/p>\n<p>&nbsp;<\/p>\n<p>&nbsp;<\/p>\n<p>&nbsp;<\/p>\n<p>&nbsp;<\/p>\n<p>&nbsp;<\/p>\n<p>&nbsp;<\/p>\n<p>&nbsp;<\/p>\n<p style=\"text-align: justify\">Le jaune est une couleur \u00e9clatante et impossible \u00e0 ignorer. Il s&rsquo;agit d&rsquo;une des premi\u00e8res couleurs que le cerveau voit en premier.<\/p>\n<p style=\"text-align: justify\">Il symbolise l&rsquo;<strong>optimisme<\/strong>, la confiance en soi et la <strong>joie de vivre<\/strong>. On l&rsquo;utilise beaucoup pour attirer l&rsquo;attention du consommateur.<\/p>\n<p style=\"text-align: justify\">Le jaune inspire \u00e9galement la concentration, la <strong>clart\u00e9<\/strong> et l&rsquo;\u00e9veil. Il stimule les capacit\u00e9s intellectuelles et aide \u00e0 <a href=\"https:\/\/www.nextlevelbusinessteam.com\/mindset\/rester-focus\/\" target=\"_blank\" rel=\"noopener noreferrer\">rester focus<\/a> sur un sujet.<\/p>\n<p style=\"text-align: justify\">Attention cependant : les b\u00e9b\u00e9s n&rsquo;aiment pas le jaune vif et pleurent souvent lorsqu&rsquo;ils sont confront\u00e9s \u00e0 cette couleur. De plus, trop de jaune peut provoquer du stress et de l&rsquo;anxi\u00e9t\u00e9.<\/p>\n<p>&nbsp;<\/p>\n<ul style=\"text-align: justify\">\n<li>\n<h3>Le vert<\/h3>\n<\/li>\n<\/ul>\n<p>&nbsp;<\/p>\n<p>&nbsp;<\/p>\n<p><img loading=\"lazy\" decoding=\"async\" class=\"alignleft size-medium wp-image-870\" src=\"https:\/\/www.jimprimeenfrance.fr\/blog\/wp-content\/uploads\/2018\/12\/vert-quelles-couleurs-choisir-pour-mon-entreprise-300x214.jpg\" alt=\"\" width=\"300\" height=\"214\" srcset=\"https:\/\/www.jimprimeenfrance.fr\/blog\/wp-content\/uploads\/2018\/12\/vert-quelles-couleurs-choisir-pour-mon-entreprise-300x214.jpg 300w, https:\/\/www.jimprimeenfrance.fr\/blog\/wp-content\/uploads\/2018\/12\/vert-quelles-couleurs-choisir-pour-mon-entreprise-768x548.jpg 768w, https:\/\/www.jimprimeenfrance.fr\/blog\/wp-content\/uploads\/2018\/12\/vert-quelles-couleurs-choisir-pour-mon-entreprise-1024x731.jpg 1024w, https:\/\/www.jimprimeenfrance.fr\/blog\/wp-content\/uploads\/2018\/12\/vert-quelles-couleurs-choisir-pour-mon-entreprise.jpg 1200w\" sizes=\"auto, (max-width: 300px) 100vw, 300px\" \/><\/p>\n<p>&nbsp;<\/p>\n<p>&nbsp;<\/p>\n<p>&nbsp;<\/p>\n<p>&nbsp;<\/p>\n<p>&nbsp;<\/p>\n<p>&nbsp;<\/p>\n<p>&nbsp;<\/p>\n<p>&nbsp;<\/p>\n<p style=\"text-align: justify\">Le vert est une couleur int\u00e9ressante qui a plusieurs facettes. Tout d&rsquo;abord, il rappelle la <strong>nature<\/strong>, l&rsquo;environnement, la for\u00eat&#8230;<\/p>\n<p style=\"text-align: justify\">Il est donc souvent associ\u00e9 au d\u00e9veloppement durable et \u00e0 tout ce qui est sain et bon pour la sant\u00e9. Le vert d\u00e9tend et <strong>apaise<\/strong>, il est connu pour limiter les sympt\u00f4mes d\u00e9pressifs.<\/p>\n<p style=\"text-align: justify\">Toutefois, ce coloris symbolise aussi l&rsquo;<strong>argent<\/strong>, la rentabilit\u00e9 et le profit. Il indique la croissance et l&rsquo;\u00e9volution.<\/p>\n<p style=\"text-align: justify\">Fait int\u00e9ressant \u00e0 savoir : le vert est la couleur la mieux vue par l&rsquo;\u00eatre humain dans le noir. En effet, depuis la Pr\u00e9histoire, nos yeux se sont adapt\u00e9s \u00e0 reconna\u00eetre les plus petites nuances de vert.<\/p>\n<p>&nbsp;<\/p>\n<ul style=\"text-align: justify\">\n<li>\n<h3>L&rsquo;orange<\/h3>\n<\/li>\n<\/ul>\n<p>&nbsp;<\/p>\n<p><img loading=\"lazy\" decoding=\"async\" class=\"alignleft size-medium wp-image-871\" src=\"https:\/\/www.jimprimeenfrance.fr\/blog\/wp-content\/uploads\/2018\/12\/orange-quelles-couleurs-choisir-pour-mon-entreprise-300x214.jpg\" alt=\"\" width=\"300\" height=\"214\" srcset=\"https:\/\/www.jimprimeenfrance.fr\/blog\/wp-content\/uploads\/2018\/12\/orange-quelles-couleurs-choisir-pour-mon-entreprise-300x214.jpg 300w, https:\/\/www.jimprimeenfrance.fr\/blog\/wp-content\/uploads\/2018\/12\/orange-quelles-couleurs-choisir-pour-mon-entreprise-768x548.jpg 768w, https:\/\/www.jimprimeenfrance.fr\/blog\/wp-content\/uploads\/2018\/12\/orange-quelles-couleurs-choisir-pour-mon-entreprise-1024x731.jpg 1024w, https:\/\/www.jimprimeenfrance.fr\/blog\/wp-content\/uploads\/2018\/12\/orange-quelles-couleurs-choisir-pour-mon-entreprise.jpg 1200w\" sizes=\"auto, (max-width: 300px) 100vw, 300px\" \/><\/p>\n<p>&nbsp;<\/p>\n<p>&nbsp;<\/p>\n<p>&nbsp;<\/p>\n<p>&nbsp;<\/p>\n<p>&nbsp;<\/p>\n<p>&nbsp;<\/p>\n<p>&nbsp;<\/p>\n<p>&nbsp;<\/p>\n<p style=\"text-align: justify\">L&rsquo;orange rassemble les propri\u00e9t\u00e9s du jaune et du rouge. Tout comme le jaune, il inspire la joie, l&rsquo;optimisme et la <strong>confiance en soi<\/strong> et en l&rsquo;avenir.<\/p>\n<p style=\"text-align: justify\">On pense \u00e0 la chaleur, au soleil&#8230; Comme le rouge, il est utilis\u00e9 par les marques pour signaler une situation <strong>urgente<\/strong>, comme des soldes ou une promotion exceptionnelle et limit\u00e9e dans le temps.<\/p>\n<p style=\"text-align: justify\">L&rsquo;orange plait beaucoup aux adolescents et aux jeunes adultes : il symbolise l&rsquo;<strong>\u00e9nergie<\/strong> et le pep&rsquo;s. Il peut toutefois avoir une connotation agressive et signifier un avertissement.<\/p>\n<p>&nbsp;<\/p>\n<ul style=\"text-align: justify\">\n<li>\n<h3>Le blanc<\/h3>\n<\/li>\n<\/ul>\n<p>&nbsp;<\/p>\n<p><img loading=\"lazy\" decoding=\"async\" class=\"alignleft size-medium wp-image-872\" src=\"https:\/\/www.jimprimeenfrance.fr\/blog\/wp-content\/uploads\/2018\/12\/blanc-quelles-couleurs-choisir-pour-mon-entreprise-300x214.jpg\" alt=\"\" width=\"300\" height=\"214\" srcset=\"https:\/\/www.jimprimeenfrance.fr\/blog\/wp-content\/uploads\/2018\/12\/blanc-quelles-couleurs-choisir-pour-mon-entreprise-300x214.jpg 300w, https:\/\/www.jimprimeenfrance.fr\/blog\/wp-content\/uploads\/2018\/12\/blanc-quelles-couleurs-choisir-pour-mon-entreprise-768x548.jpg 768w, https:\/\/www.jimprimeenfrance.fr\/blog\/wp-content\/uploads\/2018\/12\/blanc-quelles-couleurs-choisir-pour-mon-entreprise-1024x731.jpg 1024w, https:\/\/www.jimprimeenfrance.fr\/blog\/wp-content\/uploads\/2018\/12\/blanc-quelles-couleurs-choisir-pour-mon-entreprise.jpg 1200w\" sizes=\"auto, (max-width: 300px) 100vw, 300px\" \/><\/p>\n<p>&nbsp;<\/p>\n<p>&nbsp;<\/p>\n<p>&nbsp;<\/p>\n<p>&nbsp;<\/p>\n<p>&nbsp;<\/p>\n<p>&nbsp;<\/p>\n<p>&nbsp;<\/p>\n<p>&nbsp;<\/p>\n<p style=\"text-align: justify\">Le blanc est une teinte tr\u00e8s utilis\u00e9e dans le domaine de la communication. Tout d&rsquo;abord, c&rsquo;est un bon support de base : il s&rsquo;accorde avec absolument toutes les nuances et peut donc \u00eatre combin\u00e9 facilement.<\/p>\n<p style=\"text-align: justify\">Ensuite, le blanc symbolise la <strong>puret\u00e9<\/strong>, la clart\u00e9 et la <strong>simplicit\u00e9<\/strong>. Il peut rappeler le domaine m\u00e9dical (les blouses blanches du personnel soignant) mais aussi les secteurs de la technologie et du business (l&rsquo;efficacit\u00e9, la limpidit\u00e9).<\/p>\n<p style=\"text-align: justify\">On peut aussi penser \u00e0 tout ce qui concerne la <strong>fid\u00e9lit\u00e9<\/strong> et l&rsquo;engagement (les valeurs du mariage dont le blanc est la couleur phare). En r\u00e9sum\u00e9, n&rsquo;h\u00e9sitez pas \u00e0 utiliser le blanc qui s&rsquo;adaptera avec presque toutes les identit\u00e9s visuelles.<\/p>\n<p>&nbsp;<\/p>\n<ul style=\"text-align: justify\">\n<li>\n<h3>Le gris<\/h3>\n<\/li>\n<\/ul>\n<p>&nbsp;<\/p>\n<p><img loading=\"lazy\" decoding=\"async\" class=\"alignleft size-medium wp-image-873\" src=\"https:\/\/www.jimprimeenfrance.fr\/blog\/wp-content\/uploads\/2018\/12\/gris-quelles-couleurs-choisir-pour-mon-entreprise-300x214.jpg\" alt=\"\" width=\"300\" height=\"214\" srcset=\"https:\/\/www.jimprimeenfrance.fr\/blog\/wp-content\/uploads\/2018\/12\/gris-quelles-couleurs-choisir-pour-mon-entreprise-300x214.jpg 300w, https:\/\/www.jimprimeenfrance.fr\/blog\/wp-content\/uploads\/2018\/12\/gris-quelles-couleurs-choisir-pour-mon-entreprise-768x548.jpg 768w, https:\/\/www.jimprimeenfrance.fr\/blog\/wp-content\/uploads\/2018\/12\/gris-quelles-couleurs-choisir-pour-mon-entreprise-1024x731.jpg 1024w, https:\/\/www.jimprimeenfrance.fr\/blog\/wp-content\/uploads\/2018\/12\/gris-quelles-couleurs-choisir-pour-mon-entreprise.jpg 1200w\" sizes=\"auto, (max-width: 300px) 100vw, 300px\" \/><\/p>\n<p>&nbsp;<\/p>\n<p>&nbsp;<\/p>\n<p>&nbsp;<\/p>\n<p>&nbsp;<\/p>\n<p>&nbsp;<\/p>\n<p>&nbsp;<\/p>\n<p>&nbsp;<\/p>\n<p>&nbsp;<\/p>\n<p style=\"text-align: justify\">Le gris est une couleur totalement <strong>neutre<\/strong>, qui n&rsquo;induit pas d&rsquo;\u00e9motion particuli\u00e8re chez les gens. Tout comme le blanc, c&rsquo;est donc une bonne teinte \u00e0 combiner \u00e0 d&rsquo;autres coloris.<\/p>\n<p style=\"text-align: justify\">Le gris peut permettre par exemple d&rsquo;adoucir la puissance d&rsquo;un jaune ou d&rsquo;un rouge. C&rsquo;est un nuancier tr\u00e8s int\u00e9ressant.<\/p>\n<p style=\"text-align: justify\">On voit souvent le gris dans les domaines du l\u00e9gal, du financier et du judiciaire car il est associ\u00e9 aux valeurs d&rsquo;<a href=\"https:\/\/www.marine-katze.com\/objectivite-etre-objectif-devenir\/\" target=\"_blank\" rel=\"noopener noreferrer\">objectivit\u00e9<\/a> et de <strong>justesse<\/strong>. De plus, le gris est une couleur \u00e9l\u00e9gante qui induit la <strong>sophistication<\/strong> et la retenue.<\/p>\n<p>&nbsp;<\/p>\n<ul style=\"text-align: justify\">\n<li>\n<h3>Le noir<\/h3>\n<\/li>\n<\/ul>\n<p>&nbsp;<\/p>\n<p><img loading=\"lazy\" decoding=\"async\" class=\"alignleft size-medium wp-image-874\" src=\"https:\/\/www.jimprimeenfrance.fr\/blog\/wp-content\/uploads\/2018\/12\/noir-quelles-couleurs-choisir-pour-mon-entreprise-300x214.jpg\" alt=\"\" width=\"300\" height=\"214\" srcset=\"https:\/\/www.jimprimeenfrance.fr\/blog\/wp-content\/uploads\/2018\/12\/noir-quelles-couleurs-choisir-pour-mon-entreprise-300x214.jpg 300w, https:\/\/www.jimprimeenfrance.fr\/blog\/wp-content\/uploads\/2018\/12\/noir-quelles-couleurs-choisir-pour-mon-entreprise-768x548.jpg 768w, https:\/\/www.jimprimeenfrance.fr\/blog\/wp-content\/uploads\/2018\/12\/noir-quelles-couleurs-choisir-pour-mon-entreprise-1024x731.jpg 1024w, https:\/\/www.jimprimeenfrance.fr\/blog\/wp-content\/uploads\/2018\/12\/noir-quelles-couleurs-choisir-pour-mon-entreprise.jpg 1200w\" sizes=\"auto, (max-width: 300px) 100vw, 300px\" \/><\/p>\n<p>&nbsp;<\/p>\n<p>&nbsp;<\/p>\n<p>&nbsp;<\/p>\n<p>&nbsp;<\/p>\n<p>&nbsp;<\/p>\n<p>&nbsp;<\/p>\n<p>&nbsp;<\/p>\n<p>&nbsp;<\/p>\n<p style=\"text-align: justify\">Le noir est une teinte pleine de contrastes. Elle peut signifier une barri\u00e8re car elle symbolise la fermeture, le <strong>secret<\/strong> et l&rsquo;opacit\u00e9.<\/p>\n<p style=\"text-align: justify\">Ce coloris est \u00e0 double-tranchant : il peut aussi bien inspirer\u00a0 la<strong> classe<\/strong> et la sensualit\u00e9 que le <strong>pouvoir<\/strong> et le contr\u00f4le. Faites donc attention aux \u00e9motions n\u00e9gatives que le noir pourrait susciter.<\/p>\n<p style=\"text-align: justify\">Ce n&rsquo;est pas pour rien qu&rsquo;il est associ\u00e9 aux forces obscures depuis des si\u00e8cles.<\/p>\n<p>&nbsp;<\/p>\n<ul style=\"text-align: justify\">\n<li>\n<h3>Le violet<\/h3>\n<\/li>\n<\/ul>\n<p>&nbsp;<\/p>\n<p><img loading=\"lazy\" decoding=\"async\" class=\"alignleft size-medium wp-image-875\" src=\"https:\/\/www.jimprimeenfrance.fr\/blog\/wp-content\/uploads\/2018\/12\/violet-quelles-couleurs-choisir-pour-mon-entreprise-300x214.jpg\" alt=\"\" width=\"300\" height=\"214\" srcset=\"https:\/\/www.jimprimeenfrance.fr\/blog\/wp-content\/uploads\/2018\/12\/violet-quelles-couleurs-choisir-pour-mon-entreprise-300x214.jpg 300w, https:\/\/www.jimprimeenfrance.fr\/blog\/wp-content\/uploads\/2018\/12\/violet-quelles-couleurs-choisir-pour-mon-entreprise-768x548.jpg 768w, https:\/\/www.jimprimeenfrance.fr\/blog\/wp-content\/uploads\/2018\/12\/violet-quelles-couleurs-choisir-pour-mon-entreprise-1024x731.jpg 1024w, https:\/\/www.jimprimeenfrance.fr\/blog\/wp-content\/uploads\/2018\/12\/violet-quelles-couleurs-choisir-pour-mon-entreprise.jpg 1200w\" sizes=\"auto, (max-width: 300px) 100vw, 300px\" \/><\/p>\n<p>&nbsp;<\/p>\n<p>&nbsp;<\/p>\n<p>&nbsp;<\/p>\n<p>&nbsp;<\/p>\n<p>&nbsp;<\/p>\n<p>&nbsp;<\/p>\n<p>&nbsp;<\/p>\n<p>&nbsp;<\/p>\n<p style=\"text-align: justify\">Le violet est une couleur tr\u00e8s polyvalente en terme de marketing. Tout comme le bleu, elle inspire le <strong>calme<\/strong> et la douceur.<\/p>\n<p style=\"text-align: justify\">Le violet introduit en plus une notion de conscience de soi, de m\u00e9ditation et de <strong>clairvoyance<\/strong>, presque de spiritualit\u00e9. On y associe \u00e9galement tout ce qui est myst\u00e8re et magie.<\/p>\n<p style=\"text-align: justify\">Le violet est une teinte g\u00e9n\u00e9ralement appr\u00e9ci\u00e9 des consommateurs. Elle symbolise la <strong>vivacit\u00e9 d&rsquo;esprit<\/strong>, l&rsquo;intelligence et la perspicacit\u00e9.<\/p>\n<p style=\"text-align: justify\">Enfin, le violet \u00e9tait synonyme autrefois de <a href=\"https:\/\/education.francetv.fr\/matiere\/moyen-age\/cinquieme\/article\/symboles-et-armoiries-des-dynasties-royales\" target=\"_blank\" rel=\"noopener noreferrer\">royaut\u00e9<\/a> et de prestige.<\/p>\n<p>&nbsp;<\/p>\n<ul style=\"text-align: justify\">\n<li>\n<h3>Le rose<\/h3>\n<\/li>\n<\/ul>\n<p>&nbsp;<\/p>\n<p><img loading=\"lazy\" decoding=\"async\" class=\"alignleft size-medium wp-image-876\" src=\"https:\/\/www.jimprimeenfrance.fr\/blog\/wp-content\/uploads\/2018\/12\/rose-quelles-couleurs-choisir-pour-mon-entreprise-300x214.jpg\" alt=\"\" width=\"300\" height=\"214\" srcset=\"https:\/\/www.jimprimeenfrance.fr\/blog\/wp-content\/uploads\/2018\/12\/rose-quelles-couleurs-choisir-pour-mon-entreprise-300x214.jpg 300w, https:\/\/www.jimprimeenfrance.fr\/blog\/wp-content\/uploads\/2018\/12\/rose-quelles-couleurs-choisir-pour-mon-entreprise-768x548.jpg 768w, https:\/\/www.jimprimeenfrance.fr\/blog\/wp-content\/uploads\/2018\/12\/rose-quelles-couleurs-choisir-pour-mon-entreprise-1024x731.jpg 1024w, https:\/\/www.jimprimeenfrance.fr\/blog\/wp-content\/uploads\/2018\/12\/rose-quelles-couleurs-choisir-pour-mon-entreprise.jpg 1200w\" sizes=\"auto, (max-width: 300px) 100vw, 300px\" \/><\/p>\n<p>&nbsp;<\/p>\n<p>&nbsp;<\/p>\n<p>&nbsp;<\/p>\n<p>&nbsp;<\/p>\n<p>&nbsp;<\/p>\n<p>&nbsp;<\/p>\n<p>&nbsp;<\/p>\n<p>&nbsp;<\/p>\n<p style=\"text-align: justify\">Le rose est une jolie couleur un peu d\u00e9laiss\u00e9e. Il est cr\u00e9\u00e9 par la fusion entre le rouge, couleur de la passion, et le blanc, couleur de la puret\u00e9.<\/p>\n<p style=\"text-align: justify\">Le rose est \u00e9videmment associ\u00e9 \u00e0 tout ce qui est <strong>f\u00e9minin<\/strong>\u00a0et <strong>esth\u00e9tique<\/strong> : on le voit souvent sur des enseignes de pr\u00eat-\u00e0 porter, de produits de soin ou de beaut\u00e9, d&rsquo;instituts&#8230; Pour att\u00e9nuer son c\u00f4t\u00e9 \u00ab\u00a0girly\u00a0\u00bb, on peut le choisir plus clair.<\/p>\n<p style=\"text-align: justify\">Le rose est aussi une couleur qui fait penser \u00e0 l&rsquo;<strong>amour<\/strong>, au romantisme. La plupart des marques qui envisagent une <a href=\"https:\/\/www.jimprimeenfrance.fr\/impression-flyer-coeur\" target=\"_blank\" rel=\"noopener noreferrer\">campagne publicitaire pour la Saint-Valentin<\/a> utilisent du rose, \u00e9videmment.<\/p>\n<p>&nbsp;<\/p>\n<ul style=\"text-align: justify\">\n<li>\n<h3>Le marron<\/h3>\n<\/li>\n<\/ul>\n<p>&nbsp;<\/p>\n<p><img loading=\"lazy\" decoding=\"async\" class=\"alignleft size-medium wp-image-877\" src=\"https:\/\/www.jimprimeenfrance.fr\/blog\/wp-content\/uploads\/2018\/12\/marron-quelles-couleurs-choisir-pour-mon-entreprise-300x214.jpg\" alt=\"\" width=\"300\" height=\"214\" srcset=\"https:\/\/www.jimprimeenfrance.fr\/blog\/wp-content\/uploads\/2018\/12\/marron-quelles-couleurs-choisir-pour-mon-entreprise-300x214.jpg 300w, https:\/\/www.jimprimeenfrance.fr\/blog\/wp-content\/uploads\/2018\/12\/marron-quelles-couleurs-choisir-pour-mon-entreprise-768x548.jpg 768w, https:\/\/www.jimprimeenfrance.fr\/blog\/wp-content\/uploads\/2018\/12\/marron-quelles-couleurs-choisir-pour-mon-entreprise-1024x731.jpg 1024w, https:\/\/www.jimprimeenfrance.fr\/blog\/wp-content\/uploads\/2018\/12\/marron-quelles-couleurs-choisir-pour-mon-entreprise.jpg 1200w\" sizes=\"auto, (max-width: 300px) 100vw, 300px\" \/><\/p>\n<p>&nbsp;<\/p>\n<p>&nbsp;<\/p>\n<p>&nbsp;<\/p>\n<p>&nbsp;<\/p>\n<p>&nbsp;<\/p>\n<p>&nbsp;<\/p>\n<p>&nbsp;<\/p>\n<p>&nbsp;<\/p>\n<p style=\"text-align: justify\">Le marron ne fait pas partie des couleurs pr\u00e9f\u00e9r\u00e9es des gens. Pourtant, cette couleur est \u00e0 l&rsquo;origine de tr\u00e8s belles valeurs.<\/p>\n<p style=\"text-align: justify\">Elle \u00e9voque la Terre, la nature et le<strong> retour aux sources<\/strong>. C&rsquo;est donc la teinte id\u00e9ale pour des entreprises qui pr\u00f4nent le naturel, l\u2019<strong>authenticit\u00e9<\/strong>, et refusent la surench\u00e8re.<\/p>\n<p style=\"text-align: justify\">Le marron inspire la confiance, la s\u00fbret\u00e9 et la tranquillit\u00e9. Elle fait penser \u00e0 quelque chose de simple et de <strong>pratique<\/strong>. On l&#8217;emploie aussi souvent pour des enseignes de construction, de r\u00e9paration&#8230; Le marron est associ\u00e9 \u00e0 la force et \u00e0 l&rsquo;endurance.<\/p>\n<p>&nbsp;<\/p>\n<h2 style=\"text-align: justify\">Une communication r\u00e9ussie avec Printbasprix.com<\/h2>\n<p style=\"text-align: justify\">Une fois que vous avez choisi les couleurs qui marqueront l&rsquo;identit\u00e9 visuelle de votre marque, il vous faudra concevoir vos supports de communication. Imprimez vos <a href=\"https:\/\/www.jimprimeenfrance.fr\/blog\/comment-faire-un-flyer-publicitaire\/\" target=\"_blank\" rel=\"noopener noreferrer\">flyers<\/a>, affiches, brochures, cartes de visite, d\u00e9pliants&#8230; sur <a href=\"https:\/\/www.jimprimeenfrance.fr\/\" target=\"_blank\" rel=\"noopener noreferrer\">Printbasprix.com<\/a>.<\/p>\n<p style=\"text-align: justify\">Cet expert de l&rsquo;impression en ligne vous fournira des supports de qualit\u00e9 pour un prix raisonnable. Vous pourrez ainsi montrer votre marque nouvellement cr\u00e9\u00e9e au monde entier !<\/p>\n","protected":false},"excerpt":{"rendered":"<p>Si vous cr\u00e9ez une marque, une des \u00e9tapes primordiales est de d\u00e9finir votre identit\u00e9 visuelle. En effet, une entreprise se reconna\u00eet gr\u00e2ce \u00e0 son logo et \u00e0 ses couleurs. Mais, bien s\u00fbr, il ne suffit pas de choisir sa couleur pr\u00e9f\u00e9r\u00e9e pour r\u00e9soudre le probl\u00e8me&#8230; Il faut s\u00e9lectionner la ou les teinte(e) qui serviront le [&hellip;]<\/p>\n","protected":false},"author":4,"featured_media":865,"comment_status":"open","ping_status":"open","sticky":false,"template":"","format":"standard","meta":{"_editorskit_title_hidden":false,"_editorskit_reading_time":0,"_editorskit_is_block_options_detached":false,"_editorskit_block_options_position":"{}","footnotes":""},"categories":[54],"tags":[60,61],"class_list":["post-697","post","type-post","status-publish","format-standard","has-post-thumbnail","hentry","category-marketing","tag-couleur","tag-identite-visuelle"],"yoast_head":"<!-- This site is optimized with the Yoast SEO plugin v27.4 - https:\/\/yoast.com\/product\/yoast-seo-wordpress\/ -->\r\n<title>Identit\u00e9 visuelle : quelles couleurs choisir pour mon entreprise<\/title>\r\n<meta name=\"description\" content=\"Le choix des coloris est primordial lorsqu&#039;on r\u00e9fl\u00e9chit \u00e0 l&#039;identit\u00e9 visuelle de sa marque. Voici tous nos conseils.\" \/>\r\n<meta name=\"robots\" content=\"index, follow, max-snippet:-1, max-image-preview:large, max-video-preview:-1\" \/>\r\n<link rel=\"canonical\" href=\"https:\/\/www.jimprimeenfrance.fr\/blog\/identite-visuelle-quelles-couleurs-choisir-pour-mon-entreprise\/\" \/>\r\n<meta property=\"og:locale\" content=\"fr_FR\" \/>\r\n<meta property=\"og:type\" content=\"article\" \/>\r\n<meta property=\"og:title\" content=\"Identit\u00e9 visuelle : quelles couleurs choisir pour mon entreprise\" \/>\r\n<meta property=\"og:description\" content=\"Le choix des coloris est primordial lorsqu&#039;on r\u00e9fl\u00e9chit \u00e0 l&#039;identit\u00e9 visuelle de sa marque. Voici tous nos conseils.\" \/>\r\n<meta property=\"og:url\" content=\"https:\/\/www.jimprimeenfrance.fr\/blog\/identite-visuelle-quelles-couleurs-choisir-pour-mon-entreprise\/\" \/>\r\n<meta property=\"og:site_name\" content=\"Votre imprimerie en ligne, le blog\" \/>\r\n<meta property=\"article:publisher\" content=\"https:\/\/www.facebook.com\/PrintBasPrix\" \/>\r\n<meta property=\"article:published_time\" content=\"2018-12-12T07:30:46+00:00\" \/>\r\n<meta property=\"article:modified_time\" content=\"2020-12-21T20:30:28+00:00\" \/>\r\n<meta property=\"og:image\" content=\"https:\/\/www.jimprimeenfrance.fr\/blog\/wp-content\/uploads\/2018\/12\/identite-visuelle-quelles-couleurs-choisir-pour-mon-entreprise.jpg\" \/>\r\n\t<meta property=\"og:image:width\" content=\"1600\" \/>\r\n\t<meta property=\"og:image:height\" content=\"500\" \/>\r\n\t<meta property=\"og:image:type\" content=\"image\/jpeg\" \/>\r\n<meta name=\"author\" content=\"PrintBasPrix Imprimerie en ligne\" \/>\r\n<meta name=\"twitter:card\" content=\"summary_large_image\" \/>\r\n<meta name=\"twitter:creator\" content=\"@PrintBasPrix\" \/>\r\n<meta name=\"twitter:site\" content=\"@PrintBasPrix\" \/>\r\n<meta name=\"twitter:label1\" content=\"\u00c9crit par\" \/>\n\t<meta name=\"twitter:data1\" content=\"PrintBasPrix Imprimerie en ligne\" \/>\n\t<meta name=\"twitter:label2\" content=\"Dur\u00e9e de lecture estim\u00e9e\" \/>\n\t<meta name=\"twitter:data2\" content=\"9 minutes\" \/>\r\n<script type=\"application\/ld+json\" class=\"yoast-schema-graph\">{\"@context\":\"https:\\\/\\\/schema.org\",\"@graph\":[{\"@type\":\"Article\",\"@id\":\"https:\\\/\\\/www.jimprimeenfrance.fr\\\/blog\\\/identite-visuelle-quelles-couleurs-choisir-pour-mon-entreprise\\\/#article\",\"isPartOf\":{\"@id\":\"https:\\\/\\\/www.jimprimeenfrance.fr\\\/blog\\\/identite-visuelle-quelles-couleurs-choisir-pour-mon-entreprise\\\/\"},\"author\":{\"name\":\"PrintBasPrix Imprimerie en ligne\",\"@id\":\"https:\\\/\\\/www.jimprimeenfrance.fr\\\/blog\\\/#\\\/schema\\\/person\\\/711bdd00fc82a687615940c5ae0b412c\"},\"headline\":\"Identit\u00e9 visuelle : quelles couleurs choisir pour mon entreprise\",\"datePublished\":\"2018-12-12T07:30:46+00:00\",\"dateModified\":\"2020-12-21T20:30:28+00:00\",\"mainEntityOfPage\":{\"@id\":\"https:\\\/\\\/www.jimprimeenfrance.fr\\\/blog\\\/identite-visuelle-quelles-couleurs-choisir-pour-mon-entreprise\\\/\"},\"wordCount\":1824,\"commentCount\":5,\"publisher\":{\"@id\":\"https:\\\/\\\/www.jimprimeenfrance.fr\\\/blog\\\/#organization\"},\"image\":{\"@id\":\"https:\\\/\\\/www.jimprimeenfrance.fr\\\/blog\\\/identite-visuelle-quelles-couleurs-choisir-pour-mon-entreprise\\\/#primaryimage\"},\"thumbnailUrl\":\"https:\\\/\\\/www.jimprimeenfrance.fr\\\/blog\\\/wp-content\\\/uploads\\\/2018\\\/12\\\/identite-visuelle-quelles-couleurs-choisir-pour-mon-entreprise.jpg\",\"keywords\":[\"couleur\",\"identit\u00e9 visuelle\"],\"articleSection\":[\"Marketing\"],\"inLanguage\":\"fr-FR\",\"potentialAction\":[{\"@type\":\"CommentAction\",\"name\":\"Comment\",\"target\":[\"https:\\\/\\\/www.jimprimeenfrance.fr\\\/blog\\\/identite-visuelle-quelles-couleurs-choisir-pour-mon-entreprise\\\/#respond\"]}]},{\"@type\":\"WebPage\",\"@id\":\"https:\\\/\\\/www.jimprimeenfrance.fr\\\/blog\\\/identite-visuelle-quelles-couleurs-choisir-pour-mon-entreprise\\\/\",\"url\":\"https:\\\/\\\/www.jimprimeenfrance.fr\\\/blog\\\/identite-visuelle-quelles-couleurs-choisir-pour-mon-entreprise\\\/\",\"name\":\"Identit\u00e9 visuelle : quelles couleurs choisir pour mon entreprise\",\"isPartOf\":{\"@id\":\"https:\\\/\\\/www.jimprimeenfrance.fr\\\/blog\\\/#website\"},\"primaryImageOfPage\":{\"@id\":\"https:\\\/\\\/www.jimprimeenfrance.fr\\\/blog\\\/identite-visuelle-quelles-couleurs-choisir-pour-mon-entreprise\\\/#primaryimage\"},\"image\":{\"@id\":\"https:\\\/\\\/www.jimprimeenfrance.fr\\\/blog\\\/identite-visuelle-quelles-couleurs-choisir-pour-mon-entreprise\\\/#primaryimage\"},\"thumbnailUrl\":\"https:\\\/\\\/www.jimprimeenfrance.fr\\\/blog\\\/wp-content\\\/uploads\\\/2018\\\/12\\\/identite-visuelle-quelles-couleurs-choisir-pour-mon-entreprise.jpg\",\"datePublished\":\"2018-12-12T07:30:46+00:00\",\"dateModified\":\"2020-12-21T20:30:28+00:00\",\"description\":\"Le choix des coloris est primordial lorsqu'on r\u00e9fl\u00e9chit \u00e0 l'identit\u00e9 visuelle de sa marque. Voici tous nos conseils.\",\"breadcrumb\":{\"@id\":\"https:\\\/\\\/www.jimprimeenfrance.fr\\\/blog\\\/identite-visuelle-quelles-couleurs-choisir-pour-mon-entreprise\\\/#breadcrumb\"},\"inLanguage\":\"fr-FR\",\"potentialAction\":[{\"@type\":\"ReadAction\",\"target\":[\"https:\\\/\\\/www.jimprimeenfrance.fr\\\/blog\\\/identite-visuelle-quelles-couleurs-choisir-pour-mon-entreprise\\\/\"]}]},{\"@type\":\"ImageObject\",\"inLanguage\":\"fr-FR\",\"@id\":\"https:\\\/\\\/www.jimprimeenfrance.fr\\\/blog\\\/identite-visuelle-quelles-couleurs-choisir-pour-mon-entreprise\\\/#primaryimage\",\"url\":\"https:\\\/\\\/www.jimprimeenfrance.fr\\\/blog\\\/wp-content\\\/uploads\\\/2018\\\/12\\\/identite-visuelle-quelles-couleurs-choisir-pour-mon-entreprise.jpg\",\"contentUrl\":\"https:\\\/\\\/www.jimprimeenfrance.fr\\\/blog\\\/wp-content\\\/uploads\\\/2018\\\/12\\\/identite-visuelle-quelles-couleurs-choisir-pour-mon-entreprise.jpg\",\"width\":1600,\"height\":500,\"caption\":\"Identit\u00e9 visuelle : Quelles couleurs choisir pour mon entreprise\"},{\"@type\":\"BreadcrumbList\",\"@id\":\"https:\\\/\\\/www.jimprimeenfrance.fr\\\/blog\\\/identite-visuelle-quelles-couleurs-choisir-pour-mon-entreprise\\\/#breadcrumb\",\"itemListElement\":[{\"@type\":\"ListItem\",\"position\":1,\"name\":\"Accueil\",\"item\":\"https:\\\/\\\/www.jimprimeenfrance.fr\\\/blog\\\/\"},{\"@type\":\"ListItem\",\"position\":2,\"name\":\"Identit\u00e9 visuelle : quelles couleurs choisir pour mon entreprise\"}]},{\"@type\":\"WebSite\",\"@id\":\"https:\\\/\\\/www.jimprimeenfrance.fr\\\/blog\\\/#website\",\"url\":\"https:\\\/\\\/www.jimprimeenfrance.fr\\\/blog\\\/\",\"name\":\"Votre imprimerie en ligne, le blog\",\"description\":\"Impressionnez et faites bonne impression avec nos conseils d&#039;imprimerie online\",\"publisher\":{\"@id\":\"https:\\\/\\\/www.jimprimeenfrance.fr\\\/blog\\\/#organization\"},\"potentialAction\":[{\"@type\":\"SearchAction\",\"target\":{\"@type\":\"EntryPoint\",\"urlTemplate\":\"https:\\\/\\\/www.jimprimeenfrance.fr\\\/blog\\\/?s={search_term_string}\"},\"query-input\":{\"@type\":\"PropertyValueSpecification\",\"valueRequired\":true,\"valueName\":\"search_term_string\"}}],\"inLanguage\":\"fr-FR\"},{\"@type\":\"Organization\",\"@id\":\"https:\\\/\\\/www.jimprimeenfrance.fr\\\/blog\\\/#organization\",\"name\":\"PrintBasPrix - Imprimerie en ligne\",\"url\":\"https:\\\/\\\/www.jimprimeenfrance.fr\\\/blog\\\/\",\"logo\":{\"@type\":\"ImageObject\",\"inLanguage\":\"fr-FR\",\"@id\":\"https:\\\/\\\/www.jimprimeenfrance.fr\\\/blog\\\/#\\\/schema\\\/logo\\\/image\\\/\",\"url\":\"https:\\\/\\\/www.jimprimeenfrance.fr\\\/blog\\\/wp-content\\\/uploads\\\/2018\\\/07\\\/cropped-printbasprix-imprimeur-en-ligne.png\",\"contentUrl\":\"https:\\\/\\\/www.jimprimeenfrance.fr\\\/blog\\\/wp-content\\\/uploads\\\/2018\\\/07\\\/cropped-printbasprix-imprimeur-en-ligne.png\",\"width\":361,\"height\":86,\"caption\":\"PrintBasPrix - Imprimerie en ligne\"},\"image\":{\"@id\":\"https:\\\/\\\/www.jimprimeenfrance.fr\\\/blog\\\/#\\\/schema\\\/logo\\\/image\\\/\"},\"sameAs\":[\"https:\\\/\\\/www.facebook.com\\\/PrintBasPrix\",\"https:\\\/\\\/x.com\\\/PrintBasPrix\",\"https:\\\/\\\/www.instagram.com\\\/printbasprix\\\/\",\"https:\\\/\\\/www.linkedin.com\\\/company\\\/printbasprix\\\/\",\"https:\\\/\\\/www.youtube.com\\\/channel\\\/UC0Ysbd0Gbzzp0yMgrfNQqug\"]},{\"@type\":\"Person\",\"@id\":\"https:\\\/\\\/www.jimprimeenfrance.fr\\\/blog\\\/#\\\/schema\\\/person\\\/711bdd00fc82a687615940c5ae0b412c\",\"name\":\"PrintBasPrix Imprimerie en ligne\",\"image\":{\"@type\":\"ImageObject\",\"inLanguage\":\"fr-FR\",\"@id\":\"https:\\\/\\\/secure.gravatar.com\\\/avatar\\\/e898f6c9f447b2b28a568c2fec45e0fef703b12c4f80de6258e9bcb2e61aaf27?s=96&r=g\",\"url\":\"https:\\\/\\\/secure.gravatar.com\\\/avatar\\\/e898f6c9f447b2b28a568c2fec45e0fef703b12c4f80de6258e9bcb2e61aaf27?s=96&r=g\",\"contentUrl\":\"https:\\\/\\\/secure.gravatar.com\\\/avatar\\\/e898f6c9f447b2b28a568c2fec45e0fef703b12c4f80de6258e9bcb2e61aaf27?s=96&r=g\",\"caption\":\"PrintBasPrix Imprimerie en ligne\"},\"url\":\"https:\\\/\\\/www.jimprimeenfrance.fr\\\/blog\\\/author\\\/printbasprix-imprimerie-en-ligne\\\/\"}]}<\/script>\r\n<!-- \/ Yoast SEO plugin. -->","yoast_head_json":{"title":"Identit\u00e9 visuelle : quelles couleurs choisir pour mon entreprise","description":"Le choix des coloris est primordial lorsqu'on r\u00e9fl\u00e9chit \u00e0 l'identit\u00e9 visuelle de sa marque. Voici tous nos conseils.","robots":{"index":"index","follow":"follow","max-snippet":"max-snippet:-1","max-image-preview":"max-image-preview:large","max-video-preview":"max-video-preview:-1"},"canonical":"https:\/\/www.jimprimeenfrance.fr\/blog\/identite-visuelle-quelles-couleurs-choisir-pour-mon-entreprise\/","og_locale":"fr_FR","og_type":"article","og_title":"Identit\u00e9 visuelle : quelles couleurs choisir pour mon entreprise","og_description":"Le choix des coloris est primordial lorsqu'on r\u00e9fl\u00e9chit \u00e0 l'identit\u00e9 visuelle de sa marque. Voici tous nos conseils.","og_url":"https:\/\/www.jimprimeenfrance.fr\/blog\/identite-visuelle-quelles-couleurs-choisir-pour-mon-entreprise\/","og_site_name":"Votre imprimerie en ligne, le blog","article_publisher":"https:\/\/www.facebook.com\/PrintBasPrix","article_published_time":"2018-12-12T07:30:46+00:00","article_modified_time":"2020-12-21T20:30:28+00:00","og_image":[{"width":1600,"height":500,"url":"https:\/\/www.jimprimeenfrance.fr\/blog\/wp-content\/uploads\/2018\/12\/identite-visuelle-quelles-couleurs-choisir-pour-mon-entreprise.jpg","type":"image\/jpeg"}],"author":"PrintBasPrix Imprimerie en ligne","twitter_card":"summary_large_image","twitter_creator":"@PrintBasPrix","twitter_site":"@PrintBasPrix","twitter_misc":{"\u00c9crit par":"PrintBasPrix Imprimerie en ligne","Dur\u00e9e de lecture estim\u00e9e":"9 minutes"},"schema":{"@context":"https:\/\/schema.org","@graph":[{"@type":"Article","@id":"https:\/\/www.jimprimeenfrance.fr\/blog\/identite-visuelle-quelles-couleurs-choisir-pour-mon-entreprise\/#article","isPartOf":{"@id":"https:\/\/www.jimprimeenfrance.fr\/blog\/identite-visuelle-quelles-couleurs-choisir-pour-mon-entreprise\/"},"author":{"name":"PrintBasPrix Imprimerie en ligne","@id":"https:\/\/www.jimprimeenfrance.fr\/blog\/#\/schema\/person\/711bdd00fc82a687615940c5ae0b412c"},"headline":"Identit\u00e9 visuelle : quelles couleurs choisir pour mon entreprise","datePublished":"2018-12-12T07:30:46+00:00","dateModified":"2020-12-21T20:30:28+00:00","mainEntityOfPage":{"@id":"https:\/\/www.jimprimeenfrance.fr\/blog\/identite-visuelle-quelles-couleurs-choisir-pour-mon-entreprise\/"},"wordCount":1824,"commentCount":5,"publisher":{"@id":"https:\/\/www.jimprimeenfrance.fr\/blog\/#organization"},"image":{"@id":"https:\/\/www.jimprimeenfrance.fr\/blog\/identite-visuelle-quelles-couleurs-choisir-pour-mon-entreprise\/#primaryimage"},"thumbnailUrl":"https:\/\/www.jimprimeenfrance.fr\/blog\/wp-content\/uploads\/2018\/12\/identite-visuelle-quelles-couleurs-choisir-pour-mon-entreprise.jpg","keywords":["couleur","identit\u00e9 visuelle"],"articleSection":["Marketing"],"inLanguage":"fr-FR","potentialAction":[{"@type":"CommentAction","name":"Comment","target":["https:\/\/www.jimprimeenfrance.fr\/blog\/identite-visuelle-quelles-couleurs-choisir-pour-mon-entreprise\/#respond"]}]},{"@type":"WebPage","@id":"https:\/\/www.jimprimeenfrance.fr\/blog\/identite-visuelle-quelles-couleurs-choisir-pour-mon-entreprise\/","url":"https:\/\/www.jimprimeenfrance.fr\/blog\/identite-visuelle-quelles-couleurs-choisir-pour-mon-entreprise\/","name":"Identit\u00e9 visuelle : quelles couleurs choisir pour mon entreprise","isPartOf":{"@id":"https:\/\/www.jimprimeenfrance.fr\/blog\/#website"},"primaryImageOfPage":{"@id":"https:\/\/www.jimprimeenfrance.fr\/blog\/identite-visuelle-quelles-couleurs-choisir-pour-mon-entreprise\/#primaryimage"},"image":{"@id":"https:\/\/www.jimprimeenfrance.fr\/blog\/identite-visuelle-quelles-couleurs-choisir-pour-mon-entreprise\/#primaryimage"},"thumbnailUrl":"https:\/\/www.jimprimeenfrance.fr\/blog\/wp-content\/uploads\/2018\/12\/identite-visuelle-quelles-couleurs-choisir-pour-mon-entreprise.jpg","datePublished":"2018-12-12T07:30:46+00:00","dateModified":"2020-12-21T20:30:28+00:00","description":"Le choix des coloris est primordial lorsqu'on r\u00e9fl\u00e9chit \u00e0 l'identit\u00e9 visuelle de sa marque. Voici tous nos conseils.","breadcrumb":{"@id":"https:\/\/www.jimprimeenfrance.fr\/blog\/identite-visuelle-quelles-couleurs-choisir-pour-mon-entreprise\/#breadcrumb"},"inLanguage":"fr-FR","potentialAction":[{"@type":"ReadAction","target":["https:\/\/www.jimprimeenfrance.fr\/blog\/identite-visuelle-quelles-couleurs-choisir-pour-mon-entreprise\/"]}]},{"@type":"ImageObject","inLanguage":"fr-FR","@id":"https:\/\/www.jimprimeenfrance.fr\/blog\/identite-visuelle-quelles-couleurs-choisir-pour-mon-entreprise\/#primaryimage","url":"https:\/\/www.jimprimeenfrance.fr\/blog\/wp-content\/uploads\/2018\/12\/identite-visuelle-quelles-couleurs-choisir-pour-mon-entreprise.jpg","contentUrl":"https:\/\/www.jimprimeenfrance.fr\/blog\/wp-content\/uploads\/2018\/12\/identite-visuelle-quelles-couleurs-choisir-pour-mon-entreprise.jpg","width":1600,"height":500,"caption":"Identit\u00e9 visuelle : Quelles couleurs choisir pour mon entreprise"},{"@type":"BreadcrumbList","@id":"https:\/\/www.jimprimeenfrance.fr\/blog\/identite-visuelle-quelles-couleurs-choisir-pour-mon-entreprise\/#breadcrumb","itemListElement":[{"@type":"ListItem","position":1,"name":"Accueil","item":"https:\/\/www.jimprimeenfrance.fr\/blog\/"},{"@type":"ListItem","position":2,"name":"Identit\u00e9 visuelle : quelles couleurs choisir pour mon entreprise"}]},{"@type":"WebSite","@id":"https:\/\/www.jimprimeenfrance.fr\/blog\/#website","url":"https:\/\/www.jimprimeenfrance.fr\/blog\/","name":"Votre imprimerie en ligne, le blog","description":"Impressionnez et faites bonne impression avec nos conseils d&#039;imprimerie online","publisher":{"@id":"https:\/\/www.jimprimeenfrance.fr\/blog\/#organization"},"potentialAction":[{"@type":"SearchAction","target":{"@type":"EntryPoint","urlTemplate":"https:\/\/www.jimprimeenfrance.fr\/blog\/?s={search_term_string}"},"query-input":{"@type":"PropertyValueSpecification","valueRequired":true,"valueName":"search_term_string"}}],"inLanguage":"fr-FR"},{"@type":"Organization","@id":"https:\/\/www.jimprimeenfrance.fr\/blog\/#organization","name":"PrintBasPrix - Imprimerie en ligne","url":"https:\/\/www.jimprimeenfrance.fr\/blog\/","logo":{"@type":"ImageObject","inLanguage":"fr-FR","@id":"https:\/\/www.jimprimeenfrance.fr\/blog\/#\/schema\/logo\/image\/","url":"https:\/\/www.jimprimeenfrance.fr\/blog\/wp-content\/uploads\/2018\/07\/cropped-printbasprix-imprimeur-en-ligne.png","contentUrl":"https:\/\/www.jimprimeenfrance.fr\/blog\/wp-content\/uploads\/2018\/07\/cropped-printbasprix-imprimeur-en-ligne.png","width":361,"height":86,"caption":"PrintBasPrix - Imprimerie en ligne"},"image":{"@id":"https:\/\/www.jimprimeenfrance.fr\/blog\/#\/schema\/logo\/image\/"},"sameAs":["https:\/\/www.facebook.com\/PrintBasPrix","https:\/\/x.com\/PrintBasPrix","https:\/\/www.instagram.com\/printbasprix\/","https:\/\/www.linkedin.com\/company\/printbasprix\/","https:\/\/www.youtube.com\/channel\/UC0Ysbd0Gbzzp0yMgrfNQqug"]},{"@type":"Person","@id":"https:\/\/www.jimprimeenfrance.fr\/blog\/#\/schema\/person\/711bdd00fc82a687615940c5ae0b412c","name":"PrintBasPrix Imprimerie en ligne","image":{"@type":"ImageObject","inLanguage":"fr-FR","@id":"https:\/\/secure.gravatar.com\/avatar\/e898f6c9f447b2b28a568c2fec45e0fef703b12c4f80de6258e9bcb2e61aaf27?s=96&r=g","url":"https:\/\/secure.gravatar.com\/avatar\/e898f6c9f447b2b28a568c2fec45e0fef703b12c4f80de6258e9bcb2e61aaf27?s=96&r=g","contentUrl":"https:\/\/secure.gravatar.com\/avatar\/e898f6c9f447b2b28a568c2fec45e0fef703b12c4f80de6258e9bcb2e61aaf27?s=96&r=g","caption":"PrintBasPrix Imprimerie en ligne"},"url":"https:\/\/www.jimprimeenfrance.fr\/blog\/author\/printbasprix-imprimerie-en-ligne\/"}]}},"_links":{"self":[{"href":"https:\/\/www.jimprimeenfrance.fr\/blog\/wp-json\/wp\/v2\/posts\/697","targetHints":{"allow":["GET"]}}],"collection":[{"href":"https:\/\/www.jimprimeenfrance.fr\/blog\/wp-json\/wp\/v2\/posts"}],"about":[{"href":"https:\/\/www.jimprimeenfrance.fr\/blog\/wp-json\/wp\/v2\/types\/post"}],"author":[{"embeddable":true,"href":"https:\/\/www.jimprimeenfrance.fr\/blog\/wp-json\/wp\/v2\/users\/4"}],"replies":[{"embeddable":true,"href":"https:\/\/www.jimprimeenfrance.fr\/blog\/wp-json\/wp\/v2\/comments?post=697"}],"version-history":[{"count":25,"href":"https:\/\/www.jimprimeenfrance.fr\/blog\/wp-json\/wp\/v2\/posts\/697\/revisions"}],"predecessor-version":[{"id":5739,"href":"https:\/\/www.jimprimeenfrance.fr\/blog\/wp-json\/wp\/v2\/posts\/697\/revisions\/5739"}],"wp:featuredmedia":[{"embeddable":true,"href":"https:\/\/www.jimprimeenfrance.fr\/blog\/wp-json\/wp\/v2\/media\/865"}],"wp:attachment":[{"href":"https:\/\/www.jimprimeenfrance.fr\/blog\/wp-json\/wp\/v2\/media?parent=697"}],"wp:term":[{"taxonomy":"category","embeddable":true,"href":"https:\/\/www.jimprimeenfrance.fr\/blog\/wp-json\/wp\/v2\/categories?post=697"},{"taxonomy":"post_tag","embeddable":true,"href":"https:\/\/www.jimprimeenfrance.fr\/blog\/wp-json\/wp\/v2\/tags?post=697"}],"curies":[{"name":"wp","href":"https:\/\/api.w.org\/{rel}","templated":true}]}}