{"id":6896,"date":"2021-07-07T06:59:18","date_gmt":"2021-07-07T04:59:18","guid":{"rendered":"https:\/\/www.jimprimeenfrance.fr\/blog\/?p=6896"},"modified":"2021-07-07T06:59:18","modified_gmt":"2021-07-07T04:59:18","slug":"trois-categories-de-lettres-personnelles-a-en-tete-de-personnalites-francaises","status":"publish","type":"post","link":"https:\/\/www.jimprimeenfrance.fr\/blog\/trois-categories-de-lettres-personnelles-a-en-tete-de-personnalites-francaises\/","title":{"rendered":"Trois cat\u00e9gories de lettres personnelles \u00e0 en-t\u00eate de personnalit\u00e9s fran\u00e7aises"},"content":{"rendered":"<p style=\"text-align: justify\">Un bref voyage dans les <strong>lettres autographes sign\u00e9es<\/strong>, les fameuses L.A.S des salles de vente, suffit \u00e0 d\u00e9montrer combien les lettres \u00e0 en-t\u00eates ne sont pas r\u00e9serv\u00e9es exclusivement aux entreprises et aux administrations. Elles sont m\u00eame, pour toute personnalit\u00e9 qui se respecte, le signe d&rsquo;une certaine distinction. Et n&rsquo;allez pas croire que ces lettres personnelles \u00e0 en-t\u00eate ne sont qu&rsquo;un vestige de temps pass\u00e9s. Elles se rattachent, en fait, \u00e0 une longue tradition et leur pratique est toujours bien vivace aujourd&rsquo;hui, aussi bien dans le monde politique que dans le monde des arts et des lettres. Ajoutons qu&rsquo;il n&rsquo;est pas n\u00e9cessaire d&rsquo;avoir re\u00e7u le prix Nobel pour y recourir. Il suffit simplement d&rsquo;avoir le souci d&rsquo;exprimer son sens de la qualit\u00e9 par les aspects formels de sa correspondance. Et ind\u00e9niablement, ceux-ci passent par son en-t\u00eate.\u00a0<\/p>\n<h2 style=\"text-align: justify\">Lettres personnelles \u00e0 en-t\u00eate minimaliste<\/h2>\n<p style=\"text-align: justify\">Pourquoi faire compliqu\u00e9 quand on peut faire simple, tr\u00e8s simple m\u00eame. De nombreuses lettres personnelles \u00e0 en-t\u00eate de personnalit\u00e9 se contentent de rappeler simplement le nom de la personne signataire. C&rsquo;est tr\u00e8s chic et de bon ton. Rien d&rsquo;ostentatoire, mais la certitude de valoir ce que l&rsquo;on est.<\/p>\n<p style=\"text-align: justify\">Prenons, par exemple, une lettre personnelle \u00e0 en-t\u00eate \u00e9crite par l&rsquo;\u00e9crivain fran\u00e7ais, d&rsquo;origine italienne, mais aussi producteur de t\u00e9l\u00e9vision, <strong>Louis Calaferte<\/strong>.\u00a0<\/p>\n<p>&nbsp;<\/p>\n<figure id=\"attachment_6901\" aria-describedby=\"caption-attachment-6901\" style=\"width: 467px\" class=\"wp-caption aligncenter\"><img loading=\"lazy\" decoding=\"async\" class=\" wp-image-6901\" src=\"https:\/\/www.jimprimeenfrance.fr\/blog\/wp-content\/uploads\/2021\/07\/EN-TETE-CALAFERTE.jpg\" alt=\"\" width=\"467\" height=\"584\" srcset=\"https:\/\/www.jimprimeenfrance.fr\/blog\/wp-content\/uploads\/2021\/07\/EN-TETE-CALAFERTE.jpg 819w, https:\/\/www.jimprimeenfrance.fr\/blog\/wp-content\/uploads\/2021\/07\/EN-TETE-CALAFERTE-240x300.jpg 240w, https:\/\/www.jimprimeenfrance.fr\/blog\/wp-content\/uploads\/2021\/07\/EN-TETE-CALAFERTE-768x960.jpg 768w\" sizes=\"auto, (max-width: 467px) 100vw, 467px\" \/><figcaption id=\"caption-attachment-6901\" class=\"wp-caption-text\">L.A.S Louis Calaferte<\/figcaption><\/figure>\n<p>&nbsp;<\/p>\n<p style=\"text-align: justify\">Simple, non ? Mais, supprimons le nom patronymique imprim\u00e9 en haut de la lettre, c&rsquo;est quand m\u00eame nettement moins bien. Et pourtant d&rsquo;un point de vue graphique, il n&rsquo;y a rien de plus minimaliste ! On peut donc se dire, Ah quand m\u00eame, se faire imprimer du papier \u00e0 en-t\u00eate, juste pour mettre son nom, c&rsquo;est bien cher pay\u00e9.<\/p>\n<p style=\"text-align: justify\">Sauf qu&rsquo;en l&rsquo;occurrence, il s&rsquo;agit aussi de communication. Et que d\u00e8s lors qu&rsquo;on joue un r\u00f4le public, d&rsquo;une mani\u00e8re ou d&rsquo;une autre, l&rsquo;absence d&rsquo;en-t\u00eate sur une lettre personnelle peut aussi passer pour de la <strong>d\u00e9sinvolture<\/strong> ou un <strong>manque d&rsquo;estime de soi<\/strong>.\u00a0<\/p>\n<p>Apr\u00e8s tout, comme le disait <strong>Andr\u00e9 Mathieu<\/strong>, artiste, \u00e9crivain et romancier :\u00a0<\/p>\n<blockquote>\n<p style=\"text-align: justify\">Ce n&rsquo;est pas \u00e9go\u00efste de vivre pour soi-m\u00eame. Une personne qui n&rsquo;a pas l&rsquo;amour de soi ne peut donner de l&rsquo;amour aux autres.<\/p>\n<\/blockquote>\n<p style=\"text-align: justify\">Vu le nombre de personnalit\u00e9s, d&rsquo;ici et d&rsquo;ailleurs, qui ont fait comme Louis Calaferte, le message a \u00e9t\u00e9 bien entendu. Citons entre autres, <strong>Charles Chaplin<\/strong>, <strong>Alfred Hitchcock<\/strong>,<strong> Isaac Asimov<\/strong>, <strong>Houdini<\/strong>, <strong>Franck Sinatra<\/strong>, <strong>Elvis Presley<\/strong>, etc.<\/p>\n<p style=\"text-align: justify\">Pour ce qui est de ce dernier, il remporte la palme de l&rsquo;en-t\u00eate minimaliste, puisque certaines de ses lettres personnelles n&rsquo;affichaient qu&rsquo;un seul mot en en-t\u00eate : Elvis.<\/p>\n<h2>Lettres personnelles \u00e0 en-t\u00eate blasonn\u00e9e<\/h2>\n<p style=\"text-align: justify\">Ce sont les plus fr\u00e9quentes. L&rsquo;en-t\u00eate y reproduit un <strong>signe<\/strong>, un <strong>embl\u00e8me<\/strong> ou un <strong>dessin,<\/strong> caract\u00e9ristique de la personne commanditaire. Si le nom patronymique reprend, par exemple, le mot Lion, il est ainsi courant que l&rsquo;en-t\u00eate correspondante corresponde \u00e0 une effigie rappelant un lion.<\/p>\n<h3>En-t\u00eate \u00ab\u00a0ch\u00e2teau\u00a0\u00bb<\/h3>\n<p style=\"text-align: justify\">Evidemment, si on est l&rsquo;heureux propri\u00e9taire d&rsquo;une vieille demeure, on peut s&rsquo;inspirer du papier \u00e0 en-t\u00eate de <strong>Henry Gauthiers-Villars <\/strong>(1859-1931) de la fameuse maison d&rsquo;\u00e9dition Gauthier-Villars, et le non moins fameux signataire des 6 premiers romans de<strong> Colette<\/strong>, sous le nom de <strong>Willy<\/strong>. Entre autres. Puisqu&rsquo;on dit qu&rsquo;il a fait le m\u00eame coup \u00e0 d&rsquo;autres auteurs ou artistes c\u00e9l\u00e8bres comme<strong> Tristan Bernard<\/strong> ou <strong>Francis Carco<\/strong>.<\/p>\n<p>&nbsp;<\/p>\n<figure id=\"attachment_6907\" aria-describedby=\"caption-attachment-6907\" style=\"width: 600px\" class=\"wp-caption aligncenter\"><img loading=\"lazy\" decoding=\"async\" class=\"size-full wp-image-6907\" src=\"https:\/\/www.jimprimeenfrance.fr\/blog\/wp-content\/uploads\/2021\/07\/WILLY.jpg\" alt=\"\" width=\"600\" height=\"782\" srcset=\"https:\/\/www.jimprimeenfrance.fr\/blog\/wp-content\/uploads\/2021\/07\/WILLY.jpg 600w, https:\/\/www.jimprimeenfrance.fr\/blog\/wp-content\/uploads\/2021\/07\/WILLY-230x300.jpg 230w\" sizes=\"auto, (max-width: 600px) 100vw, 600px\" \/><figcaption id=\"caption-attachment-6907\" class=\"wp-caption-text\">L.A.S de Willy<\/figcaption><\/figure>\n<div class=\"mceTemp\">\u00a0<\/div>\n<h3>En t\u00eate blason<\/h3>\n<p style=\"text-align: justify\">Nul besoin d&rsquo;appartenir \u00e0 une famille nobiliaire pour avoir son blason personnel. Les ex-libris des bibliophiles avertis sont l\u00e0 pour en t\u00e9moigner. Mais, avant de se plonger dans les arcanes de la <a href=\"http:\/\/dardel.info\/heraldique\/Heraldique.html\" target=\"_blank\" rel=\"noopener\">terminologie propre \u00e0 l&rsquo;h\u00e9raldique<\/a>, on peut peut-\u00eatre se contenter de s&rsquo;inspirer du papier \u00e0 lettre \u00e0 en-t\u00eate de la grande et c\u00e9l\u00e8bre com\u00e9dienne que fut <strong>Sarah Bernhard<\/strong> (1844-1923).\u00a0<\/p>\n<p>&nbsp;<\/p>\n<figure id=\"attachment_6912\" aria-describedby=\"caption-attachment-6912\" style=\"width: 424px\" class=\"wp-caption aligncenter\"><img loading=\"lazy\" decoding=\"async\" class=\"size-full wp-image-6912\" src=\"https:\/\/www.jimprimeenfrance.fr\/blog\/wp-content\/uploads\/2021\/07\/CAPTURE-ECRAN-SARAH-BERNARD.jpg\" alt=\"\" width=\"424\" height=\"569\" srcset=\"https:\/\/www.jimprimeenfrance.fr\/blog\/wp-content\/uploads\/2021\/07\/CAPTURE-ECRAN-SARAH-BERNARD.jpg 424w, https:\/\/www.jimprimeenfrance.fr\/blog\/wp-content\/uploads\/2021\/07\/CAPTURE-ECRAN-SARAH-BERNARD-224x300.jpg 224w\" sizes=\"auto, (max-width: 424px) 100vw, 424px\" \/><figcaption id=\"caption-attachment-6912\" class=\"wp-caption-text\">L.A.S Sarah Bernhardt<\/figcaption><\/figure>\n<p>&nbsp;<\/p>\n<h2>Lettres personnelles \u00e0 en-t\u00eate politique<\/h2>\n<p style=\"text-align: justify\">L\u00e0, il ne s&rsquo;agit pas de jouer sur le nom du commanditaire, mais plut\u00f4t sur ce qu&rsquo;il ambitionne. Pour \u00e7a, on peut se servir, notamment, des signes all\u00e9goriques bien connus des peintres classiques.<\/p>\n<h3>Lettre personnelle \u00e0 en-t\u00eate all\u00e9gorique<\/h3>\n<p style=\"text-align: justify\">On en a un tr\u00e8s bel exemple historique fourni par Bonaparte, pas encore Napol\u00e9on, et ambitionnant de prendre la place du Directoire. On est dans les mois qui pr\u00e9c\u00e8dent le coup d&rsquo;Etat du 18 Brumaire (9 novembre 1799).<\/p>\n<p>&nbsp;<\/p>\n<figure id=\"attachment_6913\" aria-describedby=\"caption-attachment-6913\" style=\"width: 377px\" class=\"wp-caption aligncenter\"><img loading=\"lazy\" decoding=\"async\" class=\" wp-image-6913\" src=\"https:\/\/www.jimprimeenfrance.fr\/blog\/wp-content\/uploads\/2021\/07\/CAPTURE-ECRAN-BONAPARTE.png\" alt=\"\" width=\"377\" height=\"593\" srcset=\"https:\/\/www.jimprimeenfrance.fr\/blog\/wp-content\/uploads\/2021\/07\/CAPTURE-ECRAN-BONAPARTE.png 449w, https:\/\/www.jimprimeenfrance.fr\/blog\/wp-content\/uploads\/2021\/07\/CAPTURE-ECRAN-BONAPARTE-191x300.png 191w\" sizes=\"auto, (max-width: 377px) 100vw, 377px\" \/><figcaption id=\"caption-attachment-6913\" class=\"wp-caption-text\">L.AS Bonaparte<\/figcaption><\/figure>\n<p>&nbsp;<\/p>\n<p>Aujourd&rsquo;hui, incontestablement une telle en-t\u00eate est l&rsquo;illustration m\u00eame de ce qui est kitsch. Mais, l\u00e0 n&rsquo;est pas l&rsquo;important. Ce qui l&rsquo;est, par contre, c&rsquo;est l&rsquo;usage des signes all\u00e9goriques, ou de tout autre signe s\u00e9miotique, qui, lui, est ind\u00e9pendant des modes. Voil\u00e0 ce qu&rsquo;en dit une <a href=\"https:\/\/histoire-image.org\/fr\/etudes\/bonaparte-propagande-campagne-italie\" target=\"_blank\" rel=\"noopener\">analyste tr\u00e8s avertie<\/a> :\u00a0<\/p>\n<blockquote>\n<p>L&rsquo;arm\u00e9e victorieuse a pris les traits d&rsquo;une Minerve jeune, belle et d\u00e9cid\u00e9e. Le lion et le griffon qui ornent son si\u00e8ge, les feuillages de ch\u00eane et de laurier, l&rsquo;entourent de symboles de force, d&rsquo;intelligence et de gloire.<\/p>\n<\/blockquote>\n<p>Et pourquoi tout ce travail effectu\u00e9 par<strong> Andrea Appiani<\/strong>, artiste napol\u00e9onien, s&rsquo;il en fut ? Parce que, r\u00e9pond notre analyste :<\/p>\n<blockquote>\n<p>Bonaparte fait de la politique comme il fait la guerre.<\/p>\n<\/blockquote>\n<p style=\"text-align: justify\">Autrement dit, la lettre personnelle \u00e0 en-t\u00eate all\u00e9gorique est tout simplement une<strong> lettre de propagande<\/strong>. Elle peut \u00eatre kitsch comme ici, mais son intention est, on ne peut plus, moderne.<\/p>\n<h3>Lettre personnelle \u00e0 en-t\u00eate du candidat \u00e0 une fonction \u00e9lective<\/h3>\n<p style=\"text-align: justify\">Certes l&rsquo;all\u00e9gorie est signe, d\u00e8s lors qu&rsquo;elle fait sens, mais le recours \u00e0 la s\u00e9miologie, ou sciences des signes, est plus appropri\u00e9 quand on parle de ces lettres personnelles \u00e0 en-t\u00eate de personnalit\u00e9s politiques, au sens large, contemporaines.<\/p>\n<p style=\"text-align: justify\">Malheureusement, si l&rsquo;id\u00e9e est rest\u00e9e, il est peu fr\u00e9quent que ces lettres soient travaill\u00e9es comme celles de personnalit\u00e9s plus \u00ab\u00a0artistiques\u00a0\u00bb. Ainsi qu&rsquo;on peut le voir avec la lettre personnelle \u00e0 en-t\u00eate de <strong>Fran\u00e7ois Mitterrand,<\/strong> lors de sa candidature \u00e0 une \u00e9lection pr\u00e9sidentielle. Ancienne, il est vrai !<\/p>\n<p>&nbsp;<\/p>\n<figure id=\"attachment_6919\" aria-describedby=\"caption-attachment-6919\" style=\"width: 272px\" class=\"wp-caption aligncenter\"><img loading=\"lazy\" decoding=\"async\" class=\" wp-image-6919\" src=\"https:\/\/www.jimprimeenfrance.fr\/blog\/wp-content\/uploads\/2021\/07\/CAPTURE-ECRAN-MITTERAND.png\" alt=\"\" width=\"272\" height=\"321\" \/><figcaption id=\"caption-attachment-6919\" class=\"wp-caption-text\">L..A.S Fran\u00e7ois Mitterand<\/figcaption><\/figure>\n<p>&nbsp;<\/p>\n<p>Et, \u00e0 d\u00e9faut, on peut aussi se servir du papier \u00e0 en-t\u00eate de l&rsquo;institution \u00e0 laquelle on appartient. Usage fr\u00e9quent et ancien ! On le comprend, \u00e7a pose ! Tant qu&rsquo;\u00e0 faire, on peut m\u00eame y ajouter sa photo, comme Gambetta.\u00a0<\/p>\n<p>&nbsp;<\/p>\n<figure id=\"attachment_6925\" aria-describedby=\"caption-attachment-6925\" style=\"width: 433px\" class=\"wp-caption aligncenter\"><img loading=\"lazy\" decoding=\"async\" class=\"size-full wp-image-6925\" src=\"https:\/\/www.jimprimeenfrance.fr\/blog\/wp-content\/uploads\/2021\/07\/CAPTURE-ECRAN-GAMBETTA.jpg\" alt=\"\" width=\"433\" height=\"700\" srcset=\"https:\/\/www.jimprimeenfrance.fr\/blog\/wp-content\/uploads\/2021\/07\/CAPTURE-ECRAN-GAMBETTA.jpg 433w, https:\/\/www.jimprimeenfrance.fr\/blog\/wp-content\/uploads\/2021\/07\/CAPTURE-ECRAN-GAMBETTA-186x300.jpg 186w\" sizes=\"auto, (max-width: 433px) 100vw, 433px\" \/><figcaption id=\"caption-attachment-6925\" class=\"wp-caption-text\">L.A.S Gambetta<\/figcaption><\/figure>\n<p>&nbsp;<\/p>\n<p style=\"text-align: justify\">Mais, encore une fois, on peut tellement faire mieux. Et un petit d\u00e9tour via les symboles, couleurs et autres, qui marchent aujourd&rsquo;hui et l&rsquo;aide d&rsquo;un bon graphiste, on peut faire quelque chose d&rsquo;\u00e9quivalent \u00e0 la lettre personnelle \u00e0 en-t\u00eate de Bonaparte, qui marque, et de bien adapt\u00e9 \u00e0 notre \u00e9poque.<\/p>\n<h2>Ce qu&rsquo;il faut retenir\u00a0<\/h2>\n<p style=\"text-align: justify\">Un lettre \u00e0 en-t\u00eate n&rsquo;est pas r\u00e9serv\u00e9e aux seules organisations, priv\u00e9es ou publiques. Entre les lettres personnelles \u00e0 en-t\u00eate minimaliste, blasonn\u00e9e ou de propagande, beaucoup de mod\u00e8les sont possibles. D&rsquo;\u00e9vidence, <strong>elles renforcent le statut de la personne signataire<\/strong>.<\/p>\n<p style=\"text-align: justify\">Et si, par aventure, on manque d&rsquo;inspiration, on peut toujours faire appel aux <a href=\"https:\/\/www.jimprimeenfrance.fr\/impression-papier-en-tete-a4\" target=\"_blank\" rel=\"noopener\">graphistes de sites d&rsquo;imprimeurs professionnels<\/a>. Ou encore suivre les <a href=\"https:\/\/www.jimprimeenfrance.fr\/blog\/comment-reussir-en-tete-lettre-entreprise\/\" target=\"_blank\" rel=\"noopener\">modalit\u00e9s de la composition<\/a> d&rsquo;une lettre \u00e0 en-t\u00eate sp\u00e9cial entreprise.\u00a0<\/p>\n<p>Mais, peut-\u00eatre faut-il laisser le dernier mot \u00e0 Jules Renard qui disait fort justement :\u00a0<\/p>\n<blockquote>\n<p>Quand tu \u00e9cris une lettre, pense que, sous le sceau du secret, elle sera communiqu\u00e9e \u00e0 tout le monde.<\/p>\n<\/blockquote>\n<p>Raison de plus pour qu&rsquo;elle soit parfaite.\u00a0<\/p>\n","protected":false},"excerpt":{"rendered":"<p>Un bref voyage dans les lettres autographes sign\u00e9es, les fameuses L.A.S des salles de vente, suffit \u00e0 d\u00e9montrer combien les lettres \u00e0 en-t\u00eates ne sont pas r\u00e9serv\u00e9es exclusivement aux entreprises et aux administrations. Elles sont m\u00eame, pour toute personnalit\u00e9 qui se respecte, le signe d&rsquo;une certaine distinction. Et n&rsquo;allez pas croire que ces lettres personnelles [&hellip;]<\/p>\n","protected":false},"author":4,"featured_media":6939,"comment_status":"open","ping_status":"open","sticky":false,"template":"","format":"standard","meta":{"_editorskit_title_hidden":false,"_editorskit_reading_time":0,"_editorskit_is_block_options_detached":false,"_editorskit_block_options_position":"{}","footnotes":""},"categories":[482,147],"tags":[558,560,559],"class_list":["post-6896","post","type-post","status-publish","format-standard","has-post-thumbnail","hentry","category-imprimerie","category-papier-a-en-tete","tag-en-tete-de-lettre-personnelle","tag-modeles-den-tete-de-lettres-de-personnalites","tag-types-den-tete-pour-lettre-personnelle"],"yoast_head":"<!-- This site is optimized with the Yoast SEO plugin v27.5 - https:\/\/yoast.com\/product\/yoast-seo-wordpress\/ -->\r\n<title>Les lettres personnelles \u00e0 en-t\u00eate sont une bonne fa\u00e7on de se distinguer<\/title>\r\n<meta name=\"description\" content=\"Les lettres personnelles \u00e0 en-t\u00eate sont des moyens simples de se valoriser et de valoriser sa correspondance.\" \/>\r\n<meta name=\"robots\" content=\"index, follow, max-snippet:-1, max-image-preview:large, max-video-preview:-1\" \/>\r\n<link rel=\"canonical\" href=\"https:\/\/www.jimprimeenfrance.fr\/blog\/trois-categories-de-lettres-personnelles-a-en-tete-de-personnalites-francaises\/\" \/>\r\n<meta property=\"og:locale\" content=\"fr_FR\" \/>\r\n<meta property=\"og:type\" content=\"article\" \/>\r\n<meta property=\"og:title\" content=\"Les lettres personnelles \u00e0 en-t\u00eate sont une bonne fa\u00e7on de se distinguer\" \/>\r\n<meta property=\"og:description\" content=\"Les lettres personnelles \u00e0 en-t\u00eate sont des moyens simples de se valoriser et de valoriser sa correspondance.\" \/>\r\n<meta property=\"og:url\" content=\"https:\/\/www.jimprimeenfrance.fr\/blog\/trois-categories-de-lettres-personnelles-a-en-tete-de-personnalites-francaises\/\" \/>\r\n<meta property=\"og:site_name\" content=\"Votre imprimerie en ligne, le blog\" \/>\r\n<meta property=\"article:publisher\" content=\"https:\/\/www.facebook.com\/PrintBasPrix\" \/>\r\n<meta property=\"article:published_time\" content=\"2021-07-07T04:59:18+00:00\" \/>\r\n<meta property=\"og:image\" content=\"https:\/\/www.jimprimeenfrance.fr\/blog\/wp-content\/uploads\/2021\/07\/Trois-categories-de-lettres-personnelles-a-en-tete-de-personnalites-francaises.jpg\" \/>\r\n\t<meta property=\"og:image:width\" content=\"1400\" \/>\r\n\t<meta property=\"og:image:height\" content=\"500\" \/>\r\n\t<meta property=\"og:image:type\" content=\"image\/jpeg\" \/>\r\n<meta name=\"author\" content=\"PrintBasPrix Imprimerie en ligne\" \/>\r\n<meta name=\"twitter:card\" content=\"summary_large_image\" \/>\r\n<meta name=\"twitter:creator\" content=\"@PrintBasPrix\" \/>\r\n<meta name=\"twitter:site\" content=\"@PrintBasPrix\" \/>\r\n<meta name=\"twitter:label1\" content=\"\u00c9crit par\" \/>\n\t<meta name=\"twitter:data1\" content=\"PrintBasPrix Imprimerie en ligne\" \/>\n\t<meta name=\"twitter:label2\" content=\"Dur\u00e9e de lecture estim\u00e9e\" \/>\n\t<meta name=\"twitter:data2\" content=\"7 minutes\" \/>\r\n<script type=\"application\/ld+json\" class=\"yoast-schema-graph\">{\"@context\":\"https:\\\/\\\/schema.org\",\"@graph\":[{\"@type\":\"Article\",\"@id\":\"https:\\\/\\\/www.jimprimeenfrance.fr\\\/blog\\\/trois-categories-de-lettres-personnelles-a-en-tete-de-personnalites-francaises\\\/#article\",\"isPartOf\":{\"@id\":\"https:\\\/\\\/www.jimprimeenfrance.fr\\\/blog\\\/trois-categories-de-lettres-personnelles-a-en-tete-de-personnalites-francaises\\\/\"},\"author\":{\"name\":\"PrintBasPrix Imprimerie en ligne\",\"@id\":\"https:\\\/\\\/www.jimprimeenfrance.fr\\\/blog\\\/#\\\/schema\\\/person\\\/711bdd00fc82a687615940c5ae0b412c\"},\"headline\":\"Trois cat\u00e9gories de lettres personnelles \u00e0 en-t\u00eate de personnalit\u00e9s fran\u00e7aises\",\"datePublished\":\"2021-07-07T04:59:18+00:00\",\"mainEntityOfPage\":{\"@id\":\"https:\\\/\\\/www.jimprimeenfrance.fr\\\/blog\\\/trois-categories-de-lettres-personnelles-a-en-tete-de-personnalites-francaises\\\/\"},\"wordCount\":1353,\"commentCount\":0,\"publisher\":{\"@id\":\"https:\\\/\\\/www.jimprimeenfrance.fr\\\/blog\\\/#organization\"},\"image\":{\"@id\":\"https:\\\/\\\/www.jimprimeenfrance.fr\\\/blog\\\/trois-categories-de-lettres-personnelles-a-en-tete-de-personnalites-francaises\\\/#primaryimage\"},\"thumbnailUrl\":\"https:\\\/\\\/www.jimprimeenfrance.fr\\\/blog\\\/wp-content\\\/uploads\\\/2021\\\/07\\\/Trois-categories-de-lettres-personnelles-a-en-tete-de-personnalites-francaises.jpg\",\"keywords\":[\"en-t\u00eate de lettre personnelle\",\"mod\u00e8les d'en-t\u00eate de lettres de personnalit\u00e9s\",\"types d'en-t\u00eate pour lettre personnelle\"],\"articleSection\":[\"Imprimerie\",\"Papier \u00e0 en-t\u00eate\"],\"inLanguage\":\"fr-FR\",\"potentialAction\":[{\"@type\":\"CommentAction\",\"name\":\"Comment\",\"target\":[\"https:\\\/\\\/www.jimprimeenfrance.fr\\\/blog\\\/trois-categories-de-lettres-personnelles-a-en-tete-de-personnalites-francaises\\\/#respond\"]}]},{\"@type\":\"WebPage\",\"@id\":\"https:\\\/\\\/www.jimprimeenfrance.fr\\\/blog\\\/trois-categories-de-lettres-personnelles-a-en-tete-de-personnalites-francaises\\\/\",\"url\":\"https:\\\/\\\/www.jimprimeenfrance.fr\\\/blog\\\/trois-categories-de-lettres-personnelles-a-en-tete-de-personnalites-francaises\\\/\",\"name\":\"Les lettres personnelles \u00e0 en-t\u00eate sont une bonne fa\u00e7on de se distinguer\",\"isPartOf\":{\"@id\":\"https:\\\/\\\/www.jimprimeenfrance.fr\\\/blog\\\/#website\"},\"primaryImageOfPage\":{\"@id\":\"https:\\\/\\\/www.jimprimeenfrance.fr\\\/blog\\\/trois-categories-de-lettres-personnelles-a-en-tete-de-personnalites-francaises\\\/#primaryimage\"},\"image\":{\"@id\":\"https:\\\/\\\/www.jimprimeenfrance.fr\\\/blog\\\/trois-categories-de-lettres-personnelles-a-en-tete-de-personnalites-francaises\\\/#primaryimage\"},\"thumbnailUrl\":\"https:\\\/\\\/www.jimprimeenfrance.fr\\\/blog\\\/wp-content\\\/uploads\\\/2021\\\/07\\\/Trois-categories-de-lettres-personnelles-a-en-tete-de-personnalites-francaises.jpg\",\"datePublished\":\"2021-07-07T04:59:18+00:00\",\"description\":\"Les lettres personnelles \u00e0 en-t\u00eate sont des moyens simples de se valoriser et de valoriser sa correspondance.\",\"breadcrumb\":{\"@id\":\"https:\\\/\\\/www.jimprimeenfrance.fr\\\/blog\\\/trois-categories-de-lettres-personnelles-a-en-tete-de-personnalites-francaises\\\/#breadcrumb\"},\"inLanguage\":\"fr-FR\",\"potentialAction\":[{\"@type\":\"ReadAction\",\"target\":[\"https:\\\/\\\/www.jimprimeenfrance.fr\\\/blog\\\/trois-categories-de-lettres-personnelles-a-en-tete-de-personnalites-francaises\\\/\"]}]},{\"@type\":\"ImageObject\",\"inLanguage\":\"fr-FR\",\"@id\":\"https:\\\/\\\/www.jimprimeenfrance.fr\\\/blog\\\/trois-categories-de-lettres-personnelles-a-en-tete-de-personnalites-francaises\\\/#primaryimage\",\"url\":\"https:\\\/\\\/www.jimprimeenfrance.fr\\\/blog\\\/wp-content\\\/uploads\\\/2021\\\/07\\\/Trois-categories-de-lettres-personnelles-a-en-tete-de-personnalites-francaises.jpg\",\"contentUrl\":\"https:\\\/\\\/www.jimprimeenfrance.fr\\\/blog\\\/wp-content\\\/uploads\\\/2021\\\/07\\\/Trois-categories-de-lettres-personnelles-a-en-tete-de-personnalites-francaises.jpg\",\"width\":1400,\"height\":500,\"caption\":\"Trois cat\u00e9gories de lettres personnelles \u00e0 en-t\u00eate de personnalit\u00e9s fran\u00e7aises\"},{\"@type\":\"BreadcrumbList\",\"@id\":\"https:\\\/\\\/www.jimprimeenfrance.fr\\\/blog\\\/trois-categories-de-lettres-personnelles-a-en-tete-de-personnalites-francaises\\\/#breadcrumb\",\"itemListElement\":[{\"@type\":\"ListItem\",\"position\":1,\"name\":\"Accueil\",\"item\":\"https:\\\/\\\/www.jimprimeenfrance.fr\\\/blog\\\/\"},{\"@type\":\"ListItem\",\"position\":2,\"name\":\"Trois cat\u00e9gories de lettres personnelles \u00e0 en-t\u00eate de personnalit\u00e9s fran\u00e7aises\"}]},{\"@type\":\"WebSite\",\"@id\":\"https:\\\/\\\/www.jimprimeenfrance.fr\\\/blog\\\/#website\",\"url\":\"https:\\\/\\\/www.jimprimeenfrance.fr\\\/blog\\\/\",\"name\":\"Votre imprimerie en ligne, le blog\",\"description\":\"Impressionnez et faites bonne impression avec nos conseils d&#039;imprimerie online\",\"publisher\":{\"@id\":\"https:\\\/\\\/www.jimprimeenfrance.fr\\\/blog\\\/#organization\"},\"potentialAction\":[{\"@type\":\"SearchAction\",\"target\":{\"@type\":\"EntryPoint\",\"urlTemplate\":\"https:\\\/\\\/www.jimprimeenfrance.fr\\\/blog\\\/?s={search_term_string}\"},\"query-input\":{\"@type\":\"PropertyValueSpecification\",\"valueRequired\":true,\"valueName\":\"search_term_string\"}}],\"inLanguage\":\"fr-FR\"},{\"@type\":\"Organization\",\"@id\":\"https:\\\/\\\/www.jimprimeenfrance.fr\\\/blog\\\/#organization\",\"name\":\"PrintBasPrix - Imprimerie en ligne\",\"url\":\"https:\\\/\\\/www.jimprimeenfrance.fr\\\/blog\\\/\",\"logo\":{\"@type\":\"ImageObject\",\"inLanguage\":\"fr-FR\",\"@id\":\"https:\\\/\\\/www.jimprimeenfrance.fr\\\/blog\\\/#\\\/schema\\\/logo\\\/image\\\/\",\"url\":\"https:\\\/\\\/www.jimprimeenfrance.fr\\\/blog\\\/wp-content\\\/uploads\\\/2018\\\/07\\\/cropped-printbasprix-imprimeur-en-ligne.png\",\"contentUrl\":\"https:\\\/\\\/www.jimprimeenfrance.fr\\\/blog\\\/wp-content\\\/uploads\\\/2018\\\/07\\\/cropped-printbasprix-imprimeur-en-ligne.png\",\"width\":361,\"height\":86,\"caption\":\"PrintBasPrix - Imprimerie en ligne\"},\"image\":{\"@id\":\"https:\\\/\\\/www.jimprimeenfrance.fr\\\/blog\\\/#\\\/schema\\\/logo\\\/image\\\/\"},\"sameAs\":[\"https:\\\/\\\/www.facebook.com\\\/PrintBasPrix\",\"https:\\\/\\\/x.com\\\/PrintBasPrix\",\"https:\\\/\\\/www.instagram.com\\\/printbasprix\\\/\",\"https:\\\/\\\/www.linkedin.com\\\/company\\\/printbasprix\\\/\",\"https:\\\/\\\/www.youtube.com\\\/channel\\\/UC0Ysbd0Gbzzp0yMgrfNQqug\"]},{\"@type\":\"Person\",\"@id\":\"https:\\\/\\\/www.jimprimeenfrance.fr\\\/blog\\\/#\\\/schema\\\/person\\\/711bdd00fc82a687615940c5ae0b412c\",\"name\":\"PrintBasPrix Imprimerie en ligne\",\"image\":{\"@type\":\"ImageObject\",\"inLanguage\":\"fr-FR\",\"@id\":\"https:\\\/\\\/secure.gravatar.com\\\/avatar\\\/e898f6c9f447b2b28a568c2fec45e0fef703b12c4f80de6258e9bcb2e61aaf27?s=96&r=g\",\"url\":\"https:\\\/\\\/secure.gravatar.com\\\/avatar\\\/e898f6c9f447b2b28a568c2fec45e0fef703b12c4f80de6258e9bcb2e61aaf27?s=96&r=g\",\"contentUrl\":\"https:\\\/\\\/secure.gravatar.com\\\/avatar\\\/e898f6c9f447b2b28a568c2fec45e0fef703b12c4f80de6258e9bcb2e61aaf27?s=96&r=g\",\"caption\":\"PrintBasPrix Imprimerie en ligne\"},\"url\":\"https:\\\/\\\/www.jimprimeenfrance.fr\\\/blog\\\/author\\\/printbasprix-imprimerie-en-ligne\\\/\"}]}<\/script>\r\n<!-- \/ Yoast SEO plugin. -->","yoast_head_json":{"title":"Les lettres personnelles \u00e0 en-t\u00eate sont une bonne fa\u00e7on de se distinguer","description":"Les lettres personnelles \u00e0 en-t\u00eate sont des moyens simples de se valoriser et de valoriser sa correspondance.","robots":{"index":"index","follow":"follow","max-snippet":"max-snippet:-1","max-image-preview":"max-image-preview:large","max-video-preview":"max-video-preview:-1"},"canonical":"https:\/\/www.jimprimeenfrance.fr\/blog\/trois-categories-de-lettres-personnelles-a-en-tete-de-personnalites-francaises\/","og_locale":"fr_FR","og_type":"article","og_title":"Les lettres personnelles \u00e0 en-t\u00eate sont une bonne fa\u00e7on de se distinguer","og_description":"Les lettres personnelles \u00e0 en-t\u00eate sont des moyens simples de se valoriser et de valoriser sa correspondance.","og_url":"https:\/\/www.jimprimeenfrance.fr\/blog\/trois-categories-de-lettres-personnelles-a-en-tete-de-personnalites-francaises\/","og_site_name":"Votre imprimerie en ligne, le blog","article_publisher":"https:\/\/www.facebook.com\/PrintBasPrix","article_published_time":"2021-07-07T04:59:18+00:00","og_image":[{"width":1400,"height":500,"url":"https:\/\/www.jimprimeenfrance.fr\/blog\/wp-content\/uploads\/2021\/07\/Trois-categories-de-lettres-personnelles-a-en-tete-de-personnalites-francaises.jpg","type":"image\/jpeg"}],"author":"PrintBasPrix Imprimerie en ligne","twitter_card":"summary_large_image","twitter_creator":"@PrintBasPrix","twitter_site":"@PrintBasPrix","twitter_misc":{"\u00c9crit par":"PrintBasPrix Imprimerie en ligne","Dur\u00e9e de lecture estim\u00e9e":"7 minutes"},"schema":{"@context":"https:\/\/schema.org","@graph":[{"@type":"Article","@id":"https:\/\/www.jimprimeenfrance.fr\/blog\/trois-categories-de-lettres-personnelles-a-en-tete-de-personnalites-francaises\/#article","isPartOf":{"@id":"https:\/\/www.jimprimeenfrance.fr\/blog\/trois-categories-de-lettres-personnelles-a-en-tete-de-personnalites-francaises\/"},"author":{"name":"PrintBasPrix Imprimerie en ligne","@id":"https:\/\/www.jimprimeenfrance.fr\/blog\/#\/schema\/person\/711bdd00fc82a687615940c5ae0b412c"},"headline":"Trois cat\u00e9gories de lettres personnelles \u00e0 en-t\u00eate de personnalit\u00e9s fran\u00e7aises","datePublished":"2021-07-07T04:59:18+00:00","mainEntityOfPage":{"@id":"https:\/\/www.jimprimeenfrance.fr\/blog\/trois-categories-de-lettres-personnelles-a-en-tete-de-personnalites-francaises\/"},"wordCount":1353,"commentCount":0,"publisher":{"@id":"https:\/\/www.jimprimeenfrance.fr\/blog\/#organization"},"image":{"@id":"https:\/\/www.jimprimeenfrance.fr\/blog\/trois-categories-de-lettres-personnelles-a-en-tete-de-personnalites-francaises\/#primaryimage"},"thumbnailUrl":"https:\/\/www.jimprimeenfrance.fr\/blog\/wp-content\/uploads\/2021\/07\/Trois-categories-de-lettres-personnelles-a-en-tete-de-personnalites-francaises.jpg","keywords":["en-t\u00eate de lettre personnelle","mod\u00e8les d'en-t\u00eate de lettres de personnalit\u00e9s","types d'en-t\u00eate pour lettre personnelle"],"articleSection":["Imprimerie","Papier \u00e0 en-t\u00eate"],"inLanguage":"fr-FR","potentialAction":[{"@type":"CommentAction","name":"Comment","target":["https:\/\/www.jimprimeenfrance.fr\/blog\/trois-categories-de-lettres-personnelles-a-en-tete-de-personnalites-francaises\/#respond"]}]},{"@type":"WebPage","@id":"https:\/\/www.jimprimeenfrance.fr\/blog\/trois-categories-de-lettres-personnelles-a-en-tete-de-personnalites-francaises\/","url":"https:\/\/www.jimprimeenfrance.fr\/blog\/trois-categories-de-lettres-personnelles-a-en-tete-de-personnalites-francaises\/","name":"Les lettres personnelles \u00e0 en-t\u00eate sont une bonne fa\u00e7on de se distinguer","isPartOf":{"@id":"https:\/\/www.jimprimeenfrance.fr\/blog\/#website"},"primaryImageOfPage":{"@id":"https:\/\/www.jimprimeenfrance.fr\/blog\/trois-categories-de-lettres-personnelles-a-en-tete-de-personnalites-francaises\/#primaryimage"},"image":{"@id":"https:\/\/www.jimprimeenfrance.fr\/blog\/trois-categories-de-lettres-personnelles-a-en-tete-de-personnalites-francaises\/#primaryimage"},"thumbnailUrl":"https:\/\/www.jimprimeenfrance.fr\/blog\/wp-content\/uploads\/2021\/07\/Trois-categories-de-lettres-personnelles-a-en-tete-de-personnalites-francaises.jpg","datePublished":"2021-07-07T04:59:18+00:00","description":"Les lettres personnelles \u00e0 en-t\u00eate sont des moyens simples de se valoriser et de valoriser sa correspondance.","breadcrumb":{"@id":"https:\/\/www.jimprimeenfrance.fr\/blog\/trois-categories-de-lettres-personnelles-a-en-tete-de-personnalites-francaises\/#breadcrumb"},"inLanguage":"fr-FR","potentialAction":[{"@type":"ReadAction","target":["https:\/\/www.jimprimeenfrance.fr\/blog\/trois-categories-de-lettres-personnelles-a-en-tete-de-personnalites-francaises\/"]}]},{"@type":"ImageObject","inLanguage":"fr-FR","@id":"https:\/\/www.jimprimeenfrance.fr\/blog\/trois-categories-de-lettres-personnelles-a-en-tete-de-personnalites-francaises\/#primaryimage","url":"https:\/\/www.jimprimeenfrance.fr\/blog\/wp-content\/uploads\/2021\/07\/Trois-categories-de-lettres-personnelles-a-en-tete-de-personnalites-francaises.jpg","contentUrl":"https:\/\/www.jimprimeenfrance.fr\/blog\/wp-content\/uploads\/2021\/07\/Trois-categories-de-lettres-personnelles-a-en-tete-de-personnalites-francaises.jpg","width":1400,"height":500,"caption":"Trois cat\u00e9gories de lettres personnelles \u00e0 en-t\u00eate de personnalit\u00e9s fran\u00e7aises"},{"@type":"BreadcrumbList","@id":"https:\/\/www.jimprimeenfrance.fr\/blog\/trois-categories-de-lettres-personnelles-a-en-tete-de-personnalites-francaises\/#breadcrumb","itemListElement":[{"@type":"ListItem","position":1,"name":"Accueil","item":"https:\/\/www.jimprimeenfrance.fr\/blog\/"},{"@type":"ListItem","position":2,"name":"Trois cat\u00e9gories de lettres personnelles \u00e0 en-t\u00eate de personnalit\u00e9s fran\u00e7aises"}]},{"@type":"WebSite","@id":"https:\/\/www.jimprimeenfrance.fr\/blog\/#website","url":"https:\/\/www.jimprimeenfrance.fr\/blog\/","name":"Votre imprimerie en ligne, le blog","description":"Impressionnez et faites bonne impression avec nos conseils d&#039;imprimerie online","publisher":{"@id":"https:\/\/www.jimprimeenfrance.fr\/blog\/#organization"},"potentialAction":[{"@type":"SearchAction","target":{"@type":"EntryPoint","urlTemplate":"https:\/\/www.jimprimeenfrance.fr\/blog\/?s={search_term_string}"},"query-input":{"@type":"PropertyValueSpecification","valueRequired":true,"valueName":"search_term_string"}}],"inLanguage":"fr-FR"},{"@type":"Organization","@id":"https:\/\/www.jimprimeenfrance.fr\/blog\/#organization","name":"PrintBasPrix - Imprimerie en ligne","url":"https:\/\/www.jimprimeenfrance.fr\/blog\/","logo":{"@type":"ImageObject","inLanguage":"fr-FR","@id":"https:\/\/www.jimprimeenfrance.fr\/blog\/#\/schema\/logo\/image\/","url":"https:\/\/www.jimprimeenfrance.fr\/blog\/wp-content\/uploads\/2018\/07\/cropped-printbasprix-imprimeur-en-ligne.png","contentUrl":"https:\/\/www.jimprimeenfrance.fr\/blog\/wp-content\/uploads\/2018\/07\/cropped-printbasprix-imprimeur-en-ligne.png","width":361,"height":86,"caption":"PrintBasPrix - Imprimerie en ligne"},"image":{"@id":"https:\/\/www.jimprimeenfrance.fr\/blog\/#\/schema\/logo\/image\/"},"sameAs":["https:\/\/www.facebook.com\/PrintBasPrix","https:\/\/x.com\/PrintBasPrix","https:\/\/www.instagram.com\/printbasprix\/","https:\/\/www.linkedin.com\/company\/printbasprix\/","https:\/\/www.youtube.com\/channel\/UC0Ysbd0Gbzzp0yMgrfNQqug"]},{"@type":"Person","@id":"https:\/\/www.jimprimeenfrance.fr\/blog\/#\/schema\/person\/711bdd00fc82a687615940c5ae0b412c","name":"PrintBasPrix Imprimerie en ligne","image":{"@type":"ImageObject","inLanguage":"fr-FR","@id":"https:\/\/secure.gravatar.com\/avatar\/e898f6c9f447b2b28a568c2fec45e0fef703b12c4f80de6258e9bcb2e61aaf27?s=96&r=g","url":"https:\/\/secure.gravatar.com\/avatar\/e898f6c9f447b2b28a568c2fec45e0fef703b12c4f80de6258e9bcb2e61aaf27?s=96&r=g","contentUrl":"https:\/\/secure.gravatar.com\/avatar\/e898f6c9f447b2b28a568c2fec45e0fef703b12c4f80de6258e9bcb2e61aaf27?s=96&r=g","caption":"PrintBasPrix Imprimerie en ligne"},"url":"https:\/\/www.jimprimeenfrance.fr\/blog\/author\/printbasprix-imprimerie-en-ligne\/"}]}},"_links":{"self":[{"href":"https:\/\/www.jimprimeenfrance.fr\/blog\/wp-json\/wp\/v2\/posts\/6896","targetHints":{"allow":["GET"]}}],"collection":[{"href":"https:\/\/www.jimprimeenfrance.fr\/blog\/wp-json\/wp\/v2\/posts"}],"about":[{"href":"https:\/\/www.jimprimeenfrance.fr\/blog\/wp-json\/wp\/v2\/types\/post"}],"author":[{"embeddable":true,"href":"https:\/\/www.jimprimeenfrance.fr\/blog\/wp-json\/wp\/v2\/users\/4"}],"replies":[{"embeddable":true,"href":"https:\/\/www.jimprimeenfrance.fr\/blog\/wp-json\/wp\/v2\/comments?post=6896"}],"version-history":[{"count":31,"href":"https:\/\/www.jimprimeenfrance.fr\/blog\/wp-json\/wp\/v2\/posts\/6896\/revisions"}],"predecessor-version":[{"id":6938,"href":"https:\/\/www.jimprimeenfrance.fr\/blog\/wp-json\/wp\/v2\/posts\/6896\/revisions\/6938"}],"wp:featuredmedia":[{"embeddable":true,"href":"https:\/\/www.jimprimeenfrance.fr\/blog\/wp-json\/wp\/v2\/media\/6939"}],"wp:attachment":[{"href":"https:\/\/www.jimprimeenfrance.fr\/blog\/wp-json\/wp\/v2\/media?parent=6896"}],"wp:term":[{"taxonomy":"category","embeddable":true,"href":"https:\/\/www.jimprimeenfrance.fr\/blog\/wp-json\/wp\/v2\/categories?post=6896"},{"taxonomy":"post_tag","embeddable":true,"href":"https:\/\/www.jimprimeenfrance.fr\/blog\/wp-json\/wp\/v2\/tags?post=6896"}],"curies":[{"name":"wp","href":"https:\/\/api.w.org\/{rel}","templated":true}]}}