{"id":6867,"date":"2021-06-30T09:26:47","date_gmt":"2021-06-30T07:26:47","guid":{"rendered":"https:\/\/www.jimprimeenfrance.fr\/blog\/?p=6867"},"modified":"2021-06-30T09:26:47","modified_gmt":"2021-06-30T07:26:47","slug":"pourquoi-la-synthese-soustractive-des-couleurs-en-imprimerie-est-elle-une-question-si-importante","status":"publish","type":"post","link":"https:\/\/www.jimprimeenfrance.fr\/blog\/pourquoi-la-synthese-soustractive-des-couleurs-en-imprimerie-est-elle-une-question-si-importante\/","title":{"rendered":"Pourquoi la synth\u00e8se soustractive des couleurs en imprimerie est-elle une question si importante ?"},"content":{"rendered":"<p style=\"text-align: justify\">Pour un utilisateur, habitu\u00e9 \u00e0 travailler sur un ordi, comprendre ce que c&rsquo;est que la <strong>synth\u00e8se soustractive des couleurs en imprimerie<\/strong>, \u00e7a peut aider \u00e0 \u00e9viter bien de malentendus. Du genre pourquoi les belles couleurs du document obtenu apr\u00e8s de longues heures de travail sur son ordi ne se retrouvent pas sur le document imprim\u00e9. Et si on vous disait que \u00e7a tient au fait que, sans le savoir, en changeant de format, on passe d&rsquo;une synth\u00e8se des couleurs \u00e0 une autre ? Car, c&rsquo;est bien ce qui arrive quand on passe du mode colorim\u00e9trique RVB, celui de l&rsquo;ordi, au mode colorim\u00e9trique CMJN, celui de l&rsquo;imprimeur.\u00a0<\/p>\n<p>&nbsp;<\/p>\n<h2>Les deux synth\u00e8ses de couleur<\/h2>\n<p style=\"text-align: justify\">Quand on regarde autour de soi, les couleurs paraissent infinies. Pourtant, ce ne sont que des combinaisons multiples d&rsquo;un nombre tr\u00e8s r\u00e9duit de couleurs primaires. Celles du spectre visible, pour faire court. Autrement dit, le violet, l&rsquo;indigo, le bleu, le vert, le jaune, l&rsquo;orange et le rouge, dont les longueurs d&rsquo;onde varient de 400 nm \u00e0 800 nm.\u00a0<\/p>\n<h3>La synth\u00e8se additive des couleurs<\/h3>\n<p style=\"text-align: justify\">C&rsquo;est celle des \u00e9crans d&rsquo;ordi et de leur <strong>mode colorim\u00e9trique RVB<\/strong>. Elle fonctionne en m\u00e9langeant des faisceaux lumineux. Comme dans les bo\u00eetes de nuit. Mais, pour des raisons pratiques, notamment de dur\u00e9e de t\u00e9l\u00e9chargement, les \u00e9crans d&rsquo;ordi ne se servent que de trois faisceaux : le <strong>Rouge<\/strong>, le <strong>Vert<\/strong> et le <strong>Bleu<\/strong>. D&rsquo;o\u00f9 le mode RVB. Jusque l\u00e0, tout va bien. C&rsquo;est hyper simple.<\/p>\n<h3>La synth\u00e8se soustractive des imprimeurs<\/h3>\n<p style=\"text-align: justify\">C&rsquo;est celle des imprimeurs. L\u00e0, \u00e7a se complique. Pourquoi ? Mais, tout simplement parce que les imprimeurs ne m\u00e9langent pas des faisceaux lumineux, mais des encres, autrement dit, des pigments. Quelle diff\u00e9rence cela fait-il ? Eh bien quand on r\u00e9unit ensemble tous les faisceaux de lumi\u00e8re possibles, on obtient du blanc, alors que si on fait la m\u00eame chose avec des pigments, on obtient du noir. Etonnant, non ?<\/p>\n<p style=\"text-align: center\">\u00a0<\/p>\n<figure id=\"attachment_6873\" aria-describedby=\"caption-attachment-6873\" style=\"width: 454px\" class=\"wp-caption aligncenter\"><img loading=\"lazy\" decoding=\"async\" class=\" wp-image-6873\" src=\"https:\/\/www.jimprimeenfrance.fr\/blog\/wp-content\/uploads\/2021\/06\/1-300x204.jpg\" alt=\"Les deux synth\u00e8ses de couleur\" width=\"454\" height=\"309\" srcset=\"https:\/\/www.jimprimeenfrance.fr\/blog\/wp-content\/uploads\/2021\/06\/1-300x204.jpg 300w, https:\/\/www.jimprimeenfrance.fr\/blog\/wp-content\/uploads\/2021\/06\/1-768x521.jpg 768w, https:\/\/www.jimprimeenfrance.fr\/blog\/wp-content\/uploads\/2021\/06\/1.jpg 1000w\" sizes=\"auto, (max-width: 454px) 100vw, 454px\" \/><figcaption id=\"caption-attachment-6873\" class=\"wp-caption-text\">Les deux synth\u00e8ses de couleur<\/figcaption><\/figure>\n<p>&nbsp;<\/p>\n<p>Qu&rsquo;est-ce qui se passe exactement ?<\/p>\n<blockquote>\n<p>La synth\u00e8se soustractive se r\u00e9alise sur une lumi\u00e8re polychromatique visible en supprimant de cette derni\u00e8re une ou plusieurs lumi\u00e8res color\u00e9es.<\/p>\n<\/blockquote>\n<p>R\u00e9pondent les manuels techniques. Et ils pr\u00e9cisent :<\/p>\n<blockquote>\n<p>Cette suppression se fait par absorption gr\u00e2ce \u00e0 des filtres, des encres, des peintures, des lumi\u00e8res color\u00e9es correspondant \u00e0 un ou plusieurs intervalles de longueur d&rsquo;onde sur spectre visible.<\/p>\n<\/blockquote>\n<p>Hum ! Pour faire simple, quand il y a synth\u00e8se soustractive :\u00a0<\/p>\n<ul>\n<li>Le jaune absorbe le bleu.<\/li>\n<li>Le cyan absorbe le rouge.\u00a0<\/li>\n<li>Le magenta absorbe le vert.\u00a0<\/li>\n<\/ul>\n<p>Autrement dit, par exemple, quand on m\u00e9lange du jaune et du cyan, on soustrait le bleu et le rouge et ne reste plus que du vert.\u00a0<\/p>\n<p>&nbsp;<\/p>\n<figure id=\"attachment_6874\" aria-describedby=\"caption-attachment-6874\" style=\"width: 352px\" class=\"wp-caption aligncenter\"><img loading=\"lazy\" decoding=\"async\" class=\" wp-image-6874\" src=\"https:\/\/www.jimprimeenfrance.fr\/blog\/wp-content\/uploads\/2021\/06\/3-300x300.jpg\" alt=\"quand on m\u00e9lange du jaune et du cyan\" width=\"352\" height=\"352\" srcset=\"https:\/\/www.jimprimeenfrance.fr\/blog\/wp-content\/uploads\/2021\/06\/3-300x300.jpg 300w, https:\/\/www.jimprimeenfrance.fr\/blog\/wp-content\/uploads\/2021\/06\/3-150x150.jpg 150w, https:\/\/www.jimprimeenfrance.fr\/blog\/wp-content\/uploads\/2021\/06\/3-768x768.jpg 768w, https:\/\/www.jimprimeenfrance.fr\/blog\/wp-content\/uploads\/2021\/06\/3-400x400.jpg 400w, https:\/\/www.jimprimeenfrance.fr\/blog\/wp-content\/uploads\/2021\/06\/3.jpg 1000w\" sizes=\"auto, (max-width: 352px) 100vw, 352px\" \/><figcaption id=\"caption-attachment-6874\" class=\"wp-caption-text\">quand on m\u00e9lange du jaune et du cyan<\/figcaption><\/figure>\n<p>&nbsp;<\/p>\n<h2>Les couleurs de la synth\u00e8se soustractive des couleurs utilis\u00e9es par les imprimeurs\u00a0<\/h2>\n<p>Ce sont des couleurs normalis\u00e9es. C&rsquo;est quand m\u00eame plus pratique ! Surtout quand on sait que l&#8217;emploi de ces couleurs est particuli\u00e8rement important pour toute <a href=\"https:\/\/www.jimprimeenfrance.fr\/blog\/point-impression-offset\/\" target=\"_blank\" rel=\"noopener\">impression en offset<\/a>.<\/p>\n<h3>La norme ISO retenue en imprimerie pour les encres<\/h3>\n<p>Les couleurs utilis\u00e9es dans le cadre du mode colorim\u00e9trique CMJN sont donc d\u00e9finies par la <a href=\"https:\/\/www.iso.org\/fr\/standard\/25070.html\" target=\"_blank\" rel=\"noopener\">norme ISO 2846<\/a> sous le titre : technologie graphique &#8211; couleur et transparence des gammes d&rsquo;encre d&rsquo;impression en quadrichromie.\u00a0<\/p>\n<p style=\"text-align: center\">\u00a0<\/p>\n<figure id=\"attachment_6875\" aria-describedby=\"caption-attachment-6875\" style=\"width: 456px\" class=\"wp-caption aligncenter\"><img loading=\"lazy\" decoding=\"async\" class=\" wp-image-6875\" src=\"https:\/\/www.jimprimeenfrance.fr\/blog\/wp-content\/uploads\/2021\/06\/2-300x214.jpg\" alt=\"Les couleurs utilis\u00e9es par les imprimeurs\u00a0\" width=\"456\" height=\"325\" srcset=\"https:\/\/www.jimprimeenfrance.fr\/blog\/wp-content\/uploads\/2021\/06\/2-300x214.jpg 300w, https:\/\/www.jimprimeenfrance.fr\/blog\/wp-content\/uploads\/2021\/06\/2-768x548.jpg 768w, https:\/\/www.jimprimeenfrance.fr\/blog\/wp-content\/uploads\/2021\/06\/2.jpg 1000w\" sizes=\"auto, (max-width: 456px) 100vw, 456px\" \/><figcaption id=\"caption-attachment-6875\" class=\"wp-caption-text\">Les couleurs de l&rsquo;impression offset<\/figcaption><\/figure>\n<p>&nbsp;<\/p>\n<h3>Signification de la terminologie CMJN &#8211; CYAN MAGENTA JAUNE NOIR<\/h3>\n<h4>Cyan<\/h4>\n<p style=\"text-align: justify\">Rappelons que le mot cyan renvoie \u00e0 un pr\u00e9fixe ancien utilis\u00e9 autrefois chaque fois qu&rsquo;on voulait dire <strong>proche du bleu<\/strong>. Il d\u00e9rive du grec ancien kuanos et du sanscrit shyam.<\/p>\n<h4>Magenta<\/h4>\n<p style=\"text-align: justify\">Le mot magenta est le nom donn\u00e9 \u00e0 un colorant de synth\u00e8se mis au point dans les ann\u00e9es 1850. Avant que le mot magenta ne se g\u00e9n\u00e9ralise, on parlait aussi d&rsquo;<strong>aniline rouge violac\u00e9<\/strong>, de<strong> fuchsine<\/strong> ou de <strong>ros\u00e9ine<\/strong>.<\/p>\n<h4>Noir<\/h4>\n<p>Le noir utilis\u00e9 n&rsquo;est pas le noir obtenu par la combinaison de toutes les couleurs primaires, mais un noir sp\u00e9cifique beaucoup plus intense.<\/p>\n<p>&nbsp;<\/p>\n<h2>Ce qu&rsquo;il faut retenir en tant qu&rsquo;utilisateur<\/h2>\n<p style=\"text-align: justify\">Toute <strong>impression papier implique une synth\u00e8se soustractive des couleurs<\/strong> d\u00e8s lors qu&rsquo;elle a recours \u00e0 des encres. Et cela, quel que soit le proc\u00e9d\u00e9 utilis\u00e9 pour les appliquer.\u00a0<\/p>\n<p style=\"text-align: justify\">De ce fait, tout transfert de fichier \u00e0 un imprimeur, l\u00e0 aussi, quel qu&rsquo;il soit, suppose une <strong>bonne <a href=\"https:\/\/www.jimprimeenfrance.fr\/blog\/pourquoi-comment-preparer-fichiers-avant-impression\/\" target=\"_blank\" rel=\"noopener\">pr\u00e9paration de ce fichier<\/a><\/strong>, et notamment, en ce qui concerne ses couleurs, la conversion du <strong>mode colorim\u00e9trique RVB<\/strong> et <strong>mode colorim\u00e9trique CMJN.<\/strong>\u00a0<\/p>\n<p style=\"text-align: justify\">Par ailleurs, plus que jamais, d\u00e8s lors que le document imprim\u00e9 est en couleurs, <a href=\"https:\/\/www.jimprimeenfrance.fr\/impression-flyer-en-ligne\" target=\"_blank\" rel=\"noopener\">flyer<\/a> ou<a href=\"https:\/\/www.jimprimeenfrance.fr\/impression-affiche-en-ligne\" target=\"_blank\" rel=\"noopener\"> affiche<\/a>, il est souhaitable de contr\u00f4ler son impression avec un <a href=\"https:\/\/www.jimprimeenfrance.fr\/blog\/bat-bon-a-tirer-etape-pas-manquer\/\" target=\"_blank\" rel=\"noopener\"><strong>BAT<\/strong><\/a> et donc de privil\u00e9gier les imprimeurs\u00a0 qui l&rsquo;offrent gratuitement.<\/p>\n<p style=\"text-align: justify\">Enfin, comme le dit si bien <strong>Marie-Laure Bernadac<\/strong>, conservateur g\u00e9n\u00e9ral honoraire, dans sa biographie sur l&rsquo;artiste plasticienne <strong>Louise Bourgeois<\/strong> :<\/p>\n<blockquote>\n<p>La couleur est plus fort que le langage.\u00a0<\/p>\n<\/blockquote>\n<p style=\"text-align: justify\">Elle m\u00e9rite donc la plus grande attention. Il suffit de voir <a href=\"https:\/\/www.jimprimeenfrance.fr\/blog\/imprimerie-comment-ca-marche\/\" target=\"_blank\" rel=\"noopener\">comment fonctionne une imprimerie<\/a> professionnelle. Il est, par cons\u00e9quent, plut\u00f4t recommand\u00e9 de savoir <a href=\"https:\/\/www.jimprimeenfrance.fr\/blog\/comment-choisir-bonne-imprimerie\/\" target=\"_blank\" rel=\"noopener\">choisir un bon imprimeur<\/a> et, autant que possible, de se faire accompagner par des <a href=\"https:\/\/www.jimprimeenfrance.fr\/creation\" target=\"_blank\" rel=\"noopener\">graphistes professionnels<\/a>. Ne serait-ce, dans ce dernier cas, que pour bien associer les couleurs entre elles. Selon, entre autres, le<a href=\"https:\/\/www.jimprimeenfrance.fr\/blog\/quel-type-de-synthese-des-couleurs-est-utilise-en-imprimerie\/\" target=\"_blank\" rel=\"noopener\"> cercle chromatique<\/a>.<\/p>\n<h3>En bref :<\/h3>\n<blockquote>\n<p>L&rsquo;impression en couleurs, \u00e7a demande beaucoup de s\u00e9rieux pour \u00eatre r\u00e9ussie.<\/p>\n<\/blockquote>\n","protected":false},"excerpt":{"rendered":"<p>Pour un utilisateur, habitu\u00e9 \u00e0 travailler sur un ordi, comprendre ce que c&rsquo;est que la synth\u00e8se soustractive des couleurs en imprimerie, \u00e7a peut aider \u00e0 \u00e9viter bien de malentendus. Du genre pourquoi les belles couleurs du document obtenu apr\u00e8s de longues heures de travail sur son ordi ne se retrouvent pas sur le document imprim\u00e9. [&hellip;]<\/p>\n","protected":false},"author":4,"featured_media":6876,"comment_status":"open","ping_status":"open","sticky":false,"template":"","format":"standard","meta":{"_editorskit_title_hidden":false,"_editorskit_reading_time":0,"_editorskit_is_block_options_detached":false,"_editorskit_block_options_position":"{}","footnotes":""},"categories":[3,8,482],"tags":[556,486,555,557],"class_list":["post-6867","post","type-post","status-publish","format-standard","has-post-thumbnail","hentry","category-affiche","category-flyer","category-imprimerie","tag-impression-papier","tag-synthese-des-couleurs","tag-synthese-soustractive","tag-terminologie"],"yoast_head":"<!-- This site is optimized with the Yoast SEO plugin v27.5 - https:\/\/yoast.com\/product\/yoast-seo-wordpress\/ -->\r\n<title>La synth\u00e8se soustractive des couleurs est \u00e0 la base de l&#039;impression offset<\/title>\r\n<meta name=\"description\" content=\"La synth\u00e8se soustractive des couleurs en imprimerie va de pair avec le mode CMJN qu&#039;utilisent toutes les imprimeries professionnelles.\" \/>\r\n<meta name=\"robots\" content=\"index, follow, max-snippet:-1, max-image-preview:large, max-video-preview:-1\" \/>\r\n<link rel=\"canonical\" href=\"https:\/\/www.jimprimeenfrance.fr\/blog\/pourquoi-la-synthese-soustractive-des-couleurs-en-imprimerie-est-elle-une-question-si-importante\/\" \/>\r\n<meta property=\"og:locale\" content=\"fr_FR\" \/>\r\n<meta property=\"og:type\" content=\"article\" \/>\r\n<meta property=\"og:title\" content=\"La synth\u00e8se soustractive des couleurs est \u00e0 la base de l&#039;impression offset\" \/>\r\n<meta property=\"og:description\" content=\"La synth\u00e8se soustractive des couleurs en imprimerie va de pair avec le mode CMJN qu&#039;utilisent toutes les imprimeries professionnelles.\" \/>\r\n<meta property=\"og:url\" content=\"https:\/\/www.jimprimeenfrance.fr\/blog\/pourquoi-la-synthese-soustractive-des-couleurs-en-imprimerie-est-elle-une-question-si-importante\/\" \/>\r\n<meta property=\"og:site_name\" content=\"Votre imprimerie en ligne, le blog\" \/>\r\n<meta property=\"article:publisher\" content=\"https:\/\/www.facebook.com\/PrintBasPrix\" \/>\r\n<meta property=\"article:published_time\" content=\"2021-06-30T07:26:47+00:00\" \/>\r\n<meta property=\"og:image\" content=\"https:\/\/www.jimprimeenfrance.fr\/blog\/wp-content\/uploads\/2021\/06\/0.jpg\" \/>\r\n\t<meta property=\"og:image:width\" content=\"1400\" \/>\r\n\t<meta property=\"og:image:height\" content=\"500\" \/>\r\n\t<meta property=\"og:image:type\" content=\"image\/jpeg\" \/>\r\n<meta name=\"author\" content=\"PrintBasPrix Imprimerie en ligne\" \/>\r\n<meta name=\"twitter:card\" content=\"summary_large_image\" \/>\r\n<meta name=\"twitter:creator\" content=\"@PrintBasPrix\" \/>\r\n<meta name=\"twitter:site\" content=\"@PrintBasPrix\" \/>\r\n<meta name=\"twitter:label1\" content=\"\u00c9crit par\" \/>\n\t<meta name=\"twitter:data1\" content=\"PrintBasPrix Imprimerie en ligne\" \/>\n\t<meta name=\"twitter:label2\" content=\"Dur\u00e9e de lecture estim\u00e9e\" \/>\n\t<meta name=\"twitter:data2\" content=\"5 minutes\" \/>\r\n<script type=\"application\/ld+json\" class=\"yoast-schema-graph\">{\"@context\":\"https:\\\/\\\/schema.org\",\"@graph\":[{\"@type\":\"Article\",\"@id\":\"https:\\\/\\\/www.jimprimeenfrance.fr\\\/blog\\\/pourquoi-la-synthese-soustractive-des-couleurs-en-imprimerie-est-elle-une-question-si-importante\\\/#article\",\"isPartOf\":{\"@id\":\"https:\\\/\\\/www.jimprimeenfrance.fr\\\/blog\\\/pourquoi-la-synthese-soustractive-des-couleurs-en-imprimerie-est-elle-une-question-si-importante\\\/\"},\"author\":{\"name\":\"PrintBasPrix Imprimerie en ligne\",\"@id\":\"https:\\\/\\\/www.jimprimeenfrance.fr\\\/blog\\\/#\\\/schema\\\/person\\\/711bdd00fc82a687615940c5ae0b412c\"},\"headline\":\"Pourquoi la synth\u00e8se soustractive des couleurs en imprimerie est-elle une question si importante ?\",\"datePublished\":\"2021-06-30T07:26:47+00:00\",\"mainEntityOfPage\":{\"@id\":\"https:\\\/\\\/www.jimprimeenfrance.fr\\\/blog\\\/pourquoi-la-synthese-soustractive-des-couleurs-en-imprimerie-est-elle-une-question-si-importante\\\/\"},\"wordCount\":960,\"commentCount\":0,\"publisher\":{\"@id\":\"https:\\\/\\\/www.jimprimeenfrance.fr\\\/blog\\\/#organization\"},\"image\":{\"@id\":\"https:\\\/\\\/www.jimprimeenfrance.fr\\\/blog\\\/pourquoi-la-synthese-soustractive-des-couleurs-en-imprimerie-est-elle-une-question-si-importante\\\/#primaryimage\"},\"thumbnailUrl\":\"https:\\\/\\\/www.jimprimeenfrance.fr\\\/blog\\\/wp-content\\\/uploads\\\/2021\\\/06\\\/0.jpg\",\"keywords\":[\"impression papier\",\"synth\u00e8se des couleurs\",\"synth\u00e8se soustractive\",\"terminologie\"],\"articleSection\":[\"Affiche\",\"Flyer\",\"Imprimerie\"],\"inLanguage\":\"fr-FR\",\"potentialAction\":[{\"@type\":\"CommentAction\",\"name\":\"Comment\",\"target\":[\"https:\\\/\\\/www.jimprimeenfrance.fr\\\/blog\\\/pourquoi-la-synthese-soustractive-des-couleurs-en-imprimerie-est-elle-une-question-si-importante\\\/#respond\"]}]},{\"@type\":\"WebPage\",\"@id\":\"https:\\\/\\\/www.jimprimeenfrance.fr\\\/blog\\\/pourquoi-la-synthese-soustractive-des-couleurs-en-imprimerie-est-elle-une-question-si-importante\\\/\",\"url\":\"https:\\\/\\\/www.jimprimeenfrance.fr\\\/blog\\\/pourquoi-la-synthese-soustractive-des-couleurs-en-imprimerie-est-elle-une-question-si-importante\\\/\",\"name\":\"La synth\u00e8se soustractive des couleurs est \u00e0 la base de l'impression offset\",\"isPartOf\":{\"@id\":\"https:\\\/\\\/www.jimprimeenfrance.fr\\\/blog\\\/#website\"},\"primaryImageOfPage\":{\"@id\":\"https:\\\/\\\/www.jimprimeenfrance.fr\\\/blog\\\/pourquoi-la-synthese-soustractive-des-couleurs-en-imprimerie-est-elle-une-question-si-importante\\\/#primaryimage\"},\"image\":{\"@id\":\"https:\\\/\\\/www.jimprimeenfrance.fr\\\/blog\\\/pourquoi-la-synthese-soustractive-des-couleurs-en-imprimerie-est-elle-une-question-si-importante\\\/#primaryimage\"},\"thumbnailUrl\":\"https:\\\/\\\/www.jimprimeenfrance.fr\\\/blog\\\/wp-content\\\/uploads\\\/2021\\\/06\\\/0.jpg\",\"datePublished\":\"2021-06-30T07:26:47+00:00\",\"description\":\"La synth\u00e8se soustractive des couleurs en imprimerie va de pair avec le mode CMJN qu'utilisent toutes les imprimeries professionnelles.\",\"breadcrumb\":{\"@id\":\"https:\\\/\\\/www.jimprimeenfrance.fr\\\/blog\\\/pourquoi-la-synthese-soustractive-des-couleurs-en-imprimerie-est-elle-une-question-si-importante\\\/#breadcrumb\"},\"inLanguage\":\"fr-FR\",\"potentialAction\":[{\"@type\":\"ReadAction\",\"target\":[\"https:\\\/\\\/www.jimprimeenfrance.fr\\\/blog\\\/pourquoi-la-synthese-soustractive-des-couleurs-en-imprimerie-est-elle-une-question-si-importante\\\/\"]}]},{\"@type\":\"ImageObject\",\"inLanguage\":\"fr-FR\",\"@id\":\"https:\\\/\\\/www.jimprimeenfrance.fr\\\/blog\\\/pourquoi-la-synthese-soustractive-des-couleurs-en-imprimerie-est-elle-une-question-si-importante\\\/#primaryimage\",\"url\":\"https:\\\/\\\/www.jimprimeenfrance.fr\\\/blog\\\/wp-content\\\/uploads\\\/2021\\\/06\\\/0.jpg\",\"contentUrl\":\"https:\\\/\\\/www.jimprimeenfrance.fr\\\/blog\\\/wp-content\\\/uploads\\\/2021\\\/06\\\/0.jpg\",\"width\":1400,\"height\":500,\"caption\":\"Pourquoi la synth\u00e8se des couleurs en imprimerie est-elle une question si importante ?\"},{\"@type\":\"BreadcrumbList\",\"@id\":\"https:\\\/\\\/www.jimprimeenfrance.fr\\\/blog\\\/pourquoi-la-synthese-soustractive-des-couleurs-en-imprimerie-est-elle-une-question-si-importante\\\/#breadcrumb\",\"itemListElement\":[{\"@type\":\"ListItem\",\"position\":1,\"name\":\"Accueil\",\"item\":\"https:\\\/\\\/www.jimprimeenfrance.fr\\\/blog\\\/\"},{\"@type\":\"ListItem\",\"position\":2,\"name\":\"Pourquoi la synth\u00e8se soustractive des couleurs en imprimerie est-elle une question si importante ?\"}]},{\"@type\":\"WebSite\",\"@id\":\"https:\\\/\\\/www.jimprimeenfrance.fr\\\/blog\\\/#website\",\"url\":\"https:\\\/\\\/www.jimprimeenfrance.fr\\\/blog\\\/\",\"name\":\"Votre imprimerie en ligne, le blog\",\"description\":\"Impressionnez et faites bonne impression avec nos conseils d&#039;imprimerie online\",\"publisher\":{\"@id\":\"https:\\\/\\\/www.jimprimeenfrance.fr\\\/blog\\\/#organization\"},\"potentialAction\":[{\"@type\":\"SearchAction\",\"target\":{\"@type\":\"EntryPoint\",\"urlTemplate\":\"https:\\\/\\\/www.jimprimeenfrance.fr\\\/blog\\\/?s={search_term_string}\"},\"query-input\":{\"@type\":\"PropertyValueSpecification\",\"valueRequired\":true,\"valueName\":\"search_term_string\"}}],\"inLanguage\":\"fr-FR\"},{\"@type\":\"Organization\",\"@id\":\"https:\\\/\\\/www.jimprimeenfrance.fr\\\/blog\\\/#organization\",\"name\":\"PrintBasPrix - Imprimerie en ligne\",\"url\":\"https:\\\/\\\/www.jimprimeenfrance.fr\\\/blog\\\/\",\"logo\":{\"@type\":\"ImageObject\",\"inLanguage\":\"fr-FR\",\"@id\":\"https:\\\/\\\/www.jimprimeenfrance.fr\\\/blog\\\/#\\\/schema\\\/logo\\\/image\\\/\",\"url\":\"https:\\\/\\\/www.jimprimeenfrance.fr\\\/blog\\\/wp-content\\\/uploads\\\/2018\\\/07\\\/cropped-printbasprix-imprimeur-en-ligne.png\",\"contentUrl\":\"https:\\\/\\\/www.jimprimeenfrance.fr\\\/blog\\\/wp-content\\\/uploads\\\/2018\\\/07\\\/cropped-printbasprix-imprimeur-en-ligne.png\",\"width\":361,\"height\":86,\"caption\":\"PrintBasPrix - Imprimerie en ligne\"},\"image\":{\"@id\":\"https:\\\/\\\/www.jimprimeenfrance.fr\\\/blog\\\/#\\\/schema\\\/logo\\\/image\\\/\"},\"sameAs\":[\"https:\\\/\\\/www.facebook.com\\\/PrintBasPrix\",\"https:\\\/\\\/x.com\\\/PrintBasPrix\",\"https:\\\/\\\/www.instagram.com\\\/printbasprix\\\/\",\"https:\\\/\\\/www.linkedin.com\\\/company\\\/printbasprix\\\/\",\"https:\\\/\\\/www.youtube.com\\\/channel\\\/UC0Ysbd0Gbzzp0yMgrfNQqug\"]},{\"@type\":\"Person\",\"@id\":\"https:\\\/\\\/www.jimprimeenfrance.fr\\\/blog\\\/#\\\/schema\\\/person\\\/711bdd00fc82a687615940c5ae0b412c\",\"name\":\"PrintBasPrix Imprimerie en ligne\",\"image\":{\"@type\":\"ImageObject\",\"inLanguage\":\"fr-FR\",\"@id\":\"https:\\\/\\\/secure.gravatar.com\\\/avatar\\\/e898f6c9f447b2b28a568c2fec45e0fef703b12c4f80de6258e9bcb2e61aaf27?s=96&r=g\",\"url\":\"https:\\\/\\\/secure.gravatar.com\\\/avatar\\\/e898f6c9f447b2b28a568c2fec45e0fef703b12c4f80de6258e9bcb2e61aaf27?s=96&r=g\",\"contentUrl\":\"https:\\\/\\\/secure.gravatar.com\\\/avatar\\\/e898f6c9f447b2b28a568c2fec45e0fef703b12c4f80de6258e9bcb2e61aaf27?s=96&r=g\",\"caption\":\"PrintBasPrix Imprimerie en ligne\"},\"url\":\"https:\\\/\\\/www.jimprimeenfrance.fr\\\/blog\\\/author\\\/printbasprix-imprimerie-en-ligne\\\/\"}]}<\/script>\r\n<!-- \/ Yoast SEO plugin. -->","yoast_head_json":{"title":"La synth\u00e8se soustractive des couleurs est \u00e0 la base de l'impression offset","description":"La synth\u00e8se soustractive des couleurs en imprimerie va de pair avec le mode CMJN qu'utilisent toutes les imprimeries professionnelles.","robots":{"index":"index","follow":"follow","max-snippet":"max-snippet:-1","max-image-preview":"max-image-preview:large","max-video-preview":"max-video-preview:-1"},"canonical":"https:\/\/www.jimprimeenfrance.fr\/blog\/pourquoi-la-synthese-soustractive-des-couleurs-en-imprimerie-est-elle-une-question-si-importante\/","og_locale":"fr_FR","og_type":"article","og_title":"La synth\u00e8se soustractive des couleurs est \u00e0 la base de l'impression offset","og_description":"La synth\u00e8se soustractive des couleurs en imprimerie va de pair avec le mode CMJN qu'utilisent toutes les imprimeries professionnelles.","og_url":"https:\/\/www.jimprimeenfrance.fr\/blog\/pourquoi-la-synthese-soustractive-des-couleurs-en-imprimerie-est-elle-une-question-si-importante\/","og_site_name":"Votre imprimerie en ligne, le blog","article_publisher":"https:\/\/www.facebook.com\/PrintBasPrix","article_published_time":"2021-06-30T07:26:47+00:00","og_image":[{"width":1400,"height":500,"url":"https:\/\/www.jimprimeenfrance.fr\/blog\/wp-content\/uploads\/2021\/06\/0.jpg","type":"image\/jpeg"}],"author":"PrintBasPrix Imprimerie en ligne","twitter_card":"summary_large_image","twitter_creator":"@PrintBasPrix","twitter_site":"@PrintBasPrix","twitter_misc":{"\u00c9crit par":"PrintBasPrix Imprimerie en ligne","Dur\u00e9e de lecture estim\u00e9e":"5 minutes"},"schema":{"@context":"https:\/\/schema.org","@graph":[{"@type":"Article","@id":"https:\/\/www.jimprimeenfrance.fr\/blog\/pourquoi-la-synthese-soustractive-des-couleurs-en-imprimerie-est-elle-une-question-si-importante\/#article","isPartOf":{"@id":"https:\/\/www.jimprimeenfrance.fr\/blog\/pourquoi-la-synthese-soustractive-des-couleurs-en-imprimerie-est-elle-une-question-si-importante\/"},"author":{"name":"PrintBasPrix Imprimerie en ligne","@id":"https:\/\/www.jimprimeenfrance.fr\/blog\/#\/schema\/person\/711bdd00fc82a687615940c5ae0b412c"},"headline":"Pourquoi la synth\u00e8se soustractive des couleurs en imprimerie est-elle une question si importante ?","datePublished":"2021-06-30T07:26:47+00:00","mainEntityOfPage":{"@id":"https:\/\/www.jimprimeenfrance.fr\/blog\/pourquoi-la-synthese-soustractive-des-couleurs-en-imprimerie-est-elle-une-question-si-importante\/"},"wordCount":960,"commentCount":0,"publisher":{"@id":"https:\/\/www.jimprimeenfrance.fr\/blog\/#organization"},"image":{"@id":"https:\/\/www.jimprimeenfrance.fr\/blog\/pourquoi-la-synthese-soustractive-des-couleurs-en-imprimerie-est-elle-une-question-si-importante\/#primaryimage"},"thumbnailUrl":"https:\/\/www.jimprimeenfrance.fr\/blog\/wp-content\/uploads\/2021\/06\/0.jpg","keywords":["impression papier","synth\u00e8se des couleurs","synth\u00e8se soustractive","terminologie"],"articleSection":["Affiche","Flyer","Imprimerie"],"inLanguage":"fr-FR","potentialAction":[{"@type":"CommentAction","name":"Comment","target":["https:\/\/www.jimprimeenfrance.fr\/blog\/pourquoi-la-synthese-soustractive-des-couleurs-en-imprimerie-est-elle-une-question-si-importante\/#respond"]}]},{"@type":"WebPage","@id":"https:\/\/www.jimprimeenfrance.fr\/blog\/pourquoi-la-synthese-soustractive-des-couleurs-en-imprimerie-est-elle-une-question-si-importante\/","url":"https:\/\/www.jimprimeenfrance.fr\/blog\/pourquoi-la-synthese-soustractive-des-couleurs-en-imprimerie-est-elle-une-question-si-importante\/","name":"La synth\u00e8se soustractive des couleurs est \u00e0 la base de l'impression offset","isPartOf":{"@id":"https:\/\/www.jimprimeenfrance.fr\/blog\/#website"},"primaryImageOfPage":{"@id":"https:\/\/www.jimprimeenfrance.fr\/blog\/pourquoi-la-synthese-soustractive-des-couleurs-en-imprimerie-est-elle-une-question-si-importante\/#primaryimage"},"image":{"@id":"https:\/\/www.jimprimeenfrance.fr\/blog\/pourquoi-la-synthese-soustractive-des-couleurs-en-imprimerie-est-elle-une-question-si-importante\/#primaryimage"},"thumbnailUrl":"https:\/\/www.jimprimeenfrance.fr\/blog\/wp-content\/uploads\/2021\/06\/0.jpg","datePublished":"2021-06-30T07:26:47+00:00","description":"La synth\u00e8se soustractive des couleurs en imprimerie va de pair avec le mode CMJN qu'utilisent toutes les imprimeries professionnelles.","breadcrumb":{"@id":"https:\/\/www.jimprimeenfrance.fr\/blog\/pourquoi-la-synthese-soustractive-des-couleurs-en-imprimerie-est-elle-une-question-si-importante\/#breadcrumb"},"inLanguage":"fr-FR","potentialAction":[{"@type":"ReadAction","target":["https:\/\/www.jimprimeenfrance.fr\/blog\/pourquoi-la-synthese-soustractive-des-couleurs-en-imprimerie-est-elle-une-question-si-importante\/"]}]},{"@type":"ImageObject","inLanguage":"fr-FR","@id":"https:\/\/www.jimprimeenfrance.fr\/blog\/pourquoi-la-synthese-soustractive-des-couleurs-en-imprimerie-est-elle-une-question-si-importante\/#primaryimage","url":"https:\/\/www.jimprimeenfrance.fr\/blog\/wp-content\/uploads\/2021\/06\/0.jpg","contentUrl":"https:\/\/www.jimprimeenfrance.fr\/blog\/wp-content\/uploads\/2021\/06\/0.jpg","width":1400,"height":500,"caption":"Pourquoi la synth\u00e8se des couleurs en imprimerie est-elle une question si importante ?"},{"@type":"BreadcrumbList","@id":"https:\/\/www.jimprimeenfrance.fr\/blog\/pourquoi-la-synthese-soustractive-des-couleurs-en-imprimerie-est-elle-une-question-si-importante\/#breadcrumb","itemListElement":[{"@type":"ListItem","position":1,"name":"Accueil","item":"https:\/\/www.jimprimeenfrance.fr\/blog\/"},{"@type":"ListItem","position":2,"name":"Pourquoi la synth\u00e8se soustractive des couleurs en imprimerie est-elle une question si importante ?"}]},{"@type":"WebSite","@id":"https:\/\/www.jimprimeenfrance.fr\/blog\/#website","url":"https:\/\/www.jimprimeenfrance.fr\/blog\/","name":"Votre imprimerie en ligne, le blog","description":"Impressionnez et faites bonne impression avec nos conseils d&#039;imprimerie online","publisher":{"@id":"https:\/\/www.jimprimeenfrance.fr\/blog\/#organization"},"potentialAction":[{"@type":"SearchAction","target":{"@type":"EntryPoint","urlTemplate":"https:\/\/www.jimprimeenfrance.fr\/blog\/?s={search_term_string}"},"query-input":{"@type":"PropertyValueSpecification","valueRequired":true,"valueName":"search_term_string"}}],"inLanguage":"fr-FR"},{"@type":"Organization","@id":"https:\/\/www.jimprimeenfrance.fr\/blog\/#organization","name":"PrintBasPrix - Imprimerie en ligne","url":"https:\/\/www.jimprimeenfrance.fr\/blog\/","logo":{"@type":"ImageObject","inLanguage":"fr-FR","@id":"https:\/\/www.jimprimeenfrance.fr\/blog\/#\/schema\/logo\/image\/","url":"https:\/\/www.jimprimeenfrance.fr\/blog\/wp-content\/uploads\/2018\/07\/cropped-printbasprix-imprimeur-en-ligne.png","contentUrl":"https:\/\/www.jimprimeenfrance.fr\/blog\/wp-content\/uploads\/2018\/07\/cropped-printbasprix-imprimeur-en-ligne.png","width":361,"height":86,"caption":"PrintBasPrix - Imprimerie en ligne"},"image":{"@id":"https:\/\/www.jimprimeenfrance.fr\/blog\/#\/schema\/logo\/image\/"},"sameAs":["https:\/\/www.facebook.com\/PrintBasPrix","https:\/\/x.com\/PrintBasPrix","https:\/\/www.instagram.com\/printbasprix\/","https:\/\/www.linkedin.com\/company\/printbasprix\/","https:\/\/www.youtube.com\/channel\/UC0Ysbd0Gbzzp0yMgrfNQqug"]},{"@type":"Person","@id":"https:\/\/www.jimprimeenfrance.fr\/blog\/#\/schema\/person\/711bdd00fc82a687615940c5ae0b412c","name":"PrintBasPrix Imprimerie en ligne","image":{"@type":"ImageObject","inLanguage":"fr-FR","@id":"https:\/\/secure.gravatar.com\/avatar\/e898f6c9f447b2b28a568c2fec45e0fef703b12c4f80de6258e9bcb2e61aaf27?s=96&r=g","url":"https:\/\/secure.gravatar.com\/avatar\/e898f6c9f447b2b28a568c2fec45e0fef703b12c4f80de6258e9bcb2e61aaf27?s=96&r=g","contentUrl":"https:\/\/secure.gravatar.com\/avatar\/e898f6c9f447b2b28a568c2fec45e0fef703b12c4f80de6258e9bcb2e61aaf27?s=96&r=g","caption":"PrintBasPrix Imprimerie en ligne"},"url":"https:\/\/www.jimprimeenfrance.fr\/blog\/author\/printbasprix-imprimerie-en-ligne\/"}]}},"_links":{"self":[{"href":"https:\/\/www.jimprimeenfrance.fr\/blog\/wp-json\/wp\/v2\/posts\/6867","targetHints":{"allow":["GET"]}}],"collection":[{"href":"https:\/\/www.jimprimeenfrance.fr\/blog\/wp-json\/wp\/v2\/posts"}],"about":[{"href":"https:\/\/www.jimprimeenfrance.fr\/blog\/wp-json\/wp\/v2\/types\/post"}],"author":[{"embeddable":true,"href":"https:\/\/www.jimprimeenfrance.fr\/blog\/wp-json\/wp\/v2\/users\/4"}],"replies":[{"embeddable":true,"href":"https:\/\/www.jimprimeenfrance.fr\/blog\/wp-json\/wp\/v2\/comments?post=6867"}],"version-history":[{"count":23,"href":"https:\/\/www.jimprimeenfrance.fr\/blog\/wp-json\/wp\/v2\/posts\/6867\/revisions"}],"predecessor-version":[{"id":6895,"href":"https:\/\/www.jimprimeenfrance.fr\/blog\/wp-json\/wp\/v2\/posts\/6867\/revisions\/6895"}],"wp:featuredmedia":[{"embeddable":true,"href":"https:\/\/www.jimprimeenfrance.fr\/blog\/wp-json\/wp\/v2\/media\/6876"}],"wp:attachment":[{"href":"https:\/\/www.jimprimeenfrance.fr\/blog\/wp-json\/wp\/v2\/media?parent=6867"}],"wp:term":[{"taxonomy":"category","embeddable":true,"href":"https:\/\/www.jimprimeenfrance.fr\/blog\/wp-json\/wp\/v2\/categories?post=6867"},{"taxonomy":"post_tag","embeddable":true,"href":"https:\/\/www.jimprimeenfrance.fr\/blog\/wp-json\/wp\/v2\/tags?post=6867"}],"curies":[{"name":"wp","href":"https:\/\/api.w.org\/{rel}","templated":true}]}}