{"id":5945,"date":"2021-01-27T08:30:19","date_gmt":"2021-01-27T07:30:19","guid":{"rendered":"https:\/\/www.jimprimeenfrance.fr\/blog\/?p=5945"},"modified":"2021-01-26T16:12:52","modified_gmt":"2021-01-26T15:12:52","slug":"quel-type-de-synthese-des-couleurs-est-utilise-en-imprimerie","status":"publish","type":"post","link":"https:\/\/www.jimprimeenfrance.fr\/blog\/quel-type-de-synthese-des-couleurs-est-utilise-en-imprimerie\/","title":{"rendered":"Quel type de synth\u00e8se des couleurs est utilis\u00e9 en imprimerie ?"},"content":{"rendered":"<p style=\"text-align: justify;\">La synth\u00e8se des couleurs est un concept qui n&rsquo;est pas toujours facile \u00e0 comprendre quand on est simple utilisateur des services d&rsquo;une imprimerie. Pourtant, cette synth\u00e8se est \u00e0 la <strong>base de la quadrichromie<\/strong>. Autrement dit, de l&rsquo;<strong>impression offset<\/strong>. Par cons\u00e9quent, mieux comprendre comment se forment les couleurs ne peut qu&rsquo;am\u00e9liorer, incontestablement, le dialogue entre donneurs d&rsquo;ordre de travaux d&rsquo;imprimerie et imprimeurs.<\/p>\n<p style=\"text-align: justify;\">C&rsquo;est, entre autres, une synth\u00e8se des couleurs diff\u00e9rente qui explique la diff\u00e9rence de rendu entre les couleurs d&rsquo;un \u00e9cran informatique et les m\u00eames couleurs imprim\u00e9es sur papier.<\/p>\n<p style=\"text-align: justify;\">\u00a0<\/p>\n<h2 style=\"text-align: justify;\">Origine des couleurs<\/h2>\n<p style=\"text-align: justify;\">Les couleurs ne naissent pas de rien. Elles correspondent \u00e0 des <strong>ondes \u00e9lectromagn\u00e9tiques<\/strong> qui se situent dans le spectre visibles et qui se propagent dans l&rsquo;espace chacune avec une fr\u00e9quence diff\u00e9rente. D&rsquo;\u00e9vidence, leur nombre est limit\u00e9.<\/p>\n<p style=\"text-align: justify;\">Alors comment se fait-il que le nombre de teintes disponibles soit quasi infini ? Eh bien, c&rsquo;est parce que ces teintes r\u00e9sultent d&rsquo;une synth\u00e8se de couleurs.<\/p>\n<p style=\"text-align: justify;\">Autrement dit, on m\u00e9lange des couleurs entre elles et on obtient autant de couleurs nouvelles qu&rsquo;on veut. Le probl\u00e8me est de savoir comment on proc\u00e8de pour m\u00e9langer ces teintes et quelles teintes on utilise de pr\u00e9f\u00e9rence. C&rsquo;est \u00e0 partir de l\u00e0 qu&rsquo;on parle de <strong>synth\u00e8se additive des couleurs<\/strong> et de<strong> synth\u00e8se soustractive des couleurs<\/strong>.<\/p>\n<p style=\"text-align: justify;\">\u00a0<\/p>\n<h2 style=\"text-align: justify;\">Synth\u00e8se additive des couleurs<\/h2>\n<p style=\"text-align: justify;\">M\u00e9langer des couleurs en les superposant, c&rsquo;est ce qu&rsquo;on appelle faire une synth\u00e8se additive. Le principe est ainsi de combiner un faisceau lumineux avec un ou plusieurs autres faisceaux lumineux. Et, c&rsquo;est, par exemple, l&rsquo;addition de tous les faisceaux du spectre visible qui donne la lumi\u00e8re blanche.<\/p>\n<p style=\"text-align: justify;\">Sans surprise, c&rsquo;est sur ce principe que reposent les \u00e9crans couleurs des ordinateurs et autres appareils num\u00e9riques, tablettes et smartphones.<\/p>\n<p>&nbsp;<\/p>\n<h3 style=\"text-align: justify;\">Mode colorim\u00e9trique RVB<\/h3>\n<p style=\"text-align: justify;\">Cependant, toutes les couleurs ne sont pas utilis\u00e9es pour faire une synth\u00e8se additive. En effet, on utilise essentiellement <strong>le rouge<\/strong>, <strong>le vert<\/strong> et <strong>le bleu<\/strong>. Raison pour laquelle, on les qualifie de <strong>couleurs primaires<\/strong>.<\/p>\n<p style=\"text-align: justify;\">On dit alors que le mode colorim\u00e9trique des \u00e9crans informatiques est un <strong>mode RVB<\/strong>. Ainsi toutes les couleurs qui apparaissent sur un \u00e9cran sont un m\u00e9lange sp\u00e9cifique de ces trois couleurs de base.<\/p>\n<p style=\"text-align: justify;\">\u00a0<\/p>\n<figure id=\"attachment_5983\" aria-describedby=\"caption-attachment-5983\" style=\"width: 466px\" class=\"wp-caption aligncenter\"><img loading=\"lazy\" decoding=\"async\" class=\" wp-image-5983\" src=\"https:\/\/www.jimprimeenfrance.fr\/blog\/wp-content\/uploads\/2021\/01\/ecran-informatique-300x215.jpg\" alt=\"\u00e9cran-informatique\" width=\"466\" height=\"334\" srcset=\"https:\/\/www.jimprimeenfrance.fr\/blog\/wp-content\/uploads\/2021\/01\/ecran-informatique-300x215.jpg 300w, https:\/\/www.jimprimeenfrance.fr\/blog\/wp-content\/uploads\/2021\/01\/ecran-informatique-768x550.jpg 768w, https:\/\/www.jimprimeenfrance.fr\/blog\/wp-content\/uploads\/2021\/01\/ecran-informatique.jpg 1000w\" sizes=\"auto, (max-width: 466px) 100vw, 466px\" \/><figcaption id=\"caption-attachment-5983\" class=\"wp-caption-text\">\u00e9cran informatique<\/figcaption><\/figure>\n<p>&nbsp;<\/p>\n<p style=\"text-align: justify;\">Ce m\u00e9lange convient bien dans un environnement num\u00e9rique, fait de cristaux liquides et de LCD, car il permet d&rsquo;obtenir un bon rendu \u00e0 l&rsquo;\u00e9cran, largement suffisant \u00e0 l&rsquo;oeil humain, tout en consommant un minimum de m\u00e9moire informatique.<\/p>\n<p style=\"text-align: justify;\">C&rsquo;est ce que permet de constater le <a href=\"https:\/\/www.01net.com\/actualites\/quest-ce-que-le-gamut-521036.html\" target=\"_blank\" rel=\"noopener\">gamut<\/a>, autrement dit le<strong> diagramme de chromaticit\u00e9<\/strong>, de n&rsquo;importe quel \u00e9cran d&rsquo;ordinateur. C&rsquo;est ce qui facilite, notamment, les t\u00e9l\u00e9chargements et r\u00e9duit leur dur\u00e9e. Cette particularit\u00e9 est fondamentale pour le e-commerce.<\/p>\n<p style=\"text-align: justify;\">En effet, il y a de fortes chances pour qu&rsquo;une page web qui prend trop de temps \u00e0 \u00eatre t\u00e9l\u00e9charg\u00e9e soit rapidement abandonn\u00e9e par les internautes venus en visiteurs sur la boutique web. Mais, cette contrainte n&rsquo;a pas de raison d&rsquo;\u00eatre quand on passe \u00e0 l&rsquo;impression papier. Elle est m\u00eame contre-productive. C&rsquo;est pourquoi l&rsquo;impression papier \u00e0 partir d&rsquo;un \u00e9cran est la plupart du temps tr\u00e8s d\u00e9cevante.<\/p>\n<p style=\"text-align: justify;\">Le fait est que l&rsquo;imprimerie utilise une autre synth\u00e8se de couleurs, plus performante, qui s&rsquo;accommode mal des informations restreintes des donn\u00e9es RVB : la synth\u00e8se soustractive.<\/p>\n<p style=\"text-align: justify;\">\u00a0<\/p>\n<h2 style=\"text-align: justify;\">Synth\u00e8se soustractive des couleurs<\/h2>\n<p style=\"text-align: justify;\">C&rsquo;est le<strong> proc\u00e9d\u00e9 utilis\u00e9 par les imprimeurs et les peintres<\/strong> pour composer leurs teintes. Il consiste \u00e0 partir d&rsquo;une masse de pigments qui comprend toutes les couleurs, \u00e0 s&rsquo;appuyer sur la facult\u00e9 physique de la mati\u00e8re d&rsquo;absorber ou de r\u00e9fl\u00e9chir les ondes lumineuses selon leur longueur d&rsquo;onde et \u00e0 d\u00e9grader cette masse pour obtenir la couleur voulue.<\/p>\n<p style=\"text-align: justify;\">Ainsi, par exemple, le noir r\u00e9sulte d&rsquo;une absorption de toutes les ondes lumineuses qui touchent la mati\u00e8re qui \u00ab\u00a0l&rsquo;\u00e9met\u00a0\u00bb. C&rsquo;est ce qui est \u00e0 l&rsquo;origine du ph\u00e9nom\u00e8ne physique des <a href=\"https:\/\/www.nationalgeographic.fr\/espace\/espace-les-trous-noirs-expliques-aux-enfants\" target=\"_blank\" rel=\"noopener\">\u00ab\u00a0trous noirs\u00a0\u00bb<\/a>.\u00a0<\/p>\n<p style=\"text-align: justify;\">Autrement dit, pour obtenir une couleur particuli\u00e8re, il convient de d\u00e9grader progressivement la mati\u00e8re, en l&rsquo;occurrence, la masse des pigments, et donc d&rsquo;en soustraire des \u00e9l\u00e9ments, pour obtenir cette couleur. On agit de m\u00eame pour obtenir une couleur primaire.\u00a0<\/p>\n<h3 style=\"text-align: justify;\">Quelles sont les couleurs primaires ?<\/h3>\n<p style=\"text-align: justify;\">La notion de couleur primaire est une notion fondamentale. Une couleur primaire est une couleur \u00e0 partir de laquelle on peut obtenir toutes les autres couleurs et qu&rsquo;on n&rsquo;obtient par aucun m\u00e9lange. C&rsquo;est pourquoi on dit aussi qu&rsquo;il s&rsquo;agit d&rsquo;une couleur pure.\u00a0<\/p>\n<p style=\"text-align: justify;\">En imprimerie, on distingue trois couleurs primaires : le <strong>Cyan (bleu)<\/strong>, le <strong>Magenta (pourpre)<\/strong> et le <strong>Jaune<\/strong>. Dans ce cas de figure, le vert n&rsquo;est plus consid\u00e9r\u00e9 comme une couleur primaire.<\/p>\n<p>&nbsp;<\/p>\n<h3 style=\"text-align: justify;\">Mode colorim\u00e9trique CMJN\u00a0<\/h3>\n<p style=\"text-align: justify;\">Les trois <a href=\"https:\/\/significationdescouleurs.com\/couleurs-primaires-definition-emploi\/\" target=\"_blank\" rel=\"noopener\">couleurs primaires<\/a>, le Cyan, le Magenta, le Jaune, constituent le socle du mode colorim\u00e9trique utilis\u00e9 par les imprimeurs et les peintres. Mais, ces couleurs primaires ne suffisent pas \u00e0 d\u00e9finir le mode colorim\u00e9trique. Il faut y ajouter le Noir qui n&rsquo;est pas une couleur primaire. Ni m\u00eame, d&rsquo;un point de vue technique, une couleur.\u00a0<\/p>\n<p style=\"text-align: justify;\">\u00a0<\/p>\n<figure id=\"attachment_5984\" aria-describedby=\"caption-attachment-5984\" style=\"width: 516px\" class=\"wp-caption aligncenter\"><img loading=\"lazy\" decoding=\"async\" class=\" wp-image-5984\" src=\"https:\/\/www.jimprimeenfrance.fr\/blog\/wp-content\/uploads\/2021\/01\/offset-300x194.jpg\" alt=\"offset\" width=\"516\" height=\"334\" srcset=\"https:\/\/www.jimprimeenfrance.fr\/blog\/wp-content\/uploads\/2021\/01\/offset-300x194.jpg 300w, https:\/\/www.jimprimeenfrance.fr\/blog\/wp-content\/uploads\/2021\/01\/offset-768x498.jpg 768w, https:\/\/www.jimprimeenfrance.fr\/blog\/wp-content\/uploads\/2021\/01\/offset.jpg 1000w\" sizes=\"auto, (max-width: 516px) 100vw, 516px\" \/><figcaption id=\"caption-attachment-5984\" class=\"wp-caption-text\">Impression offset<\/figcaption><\/figure>\n<p>&nbsp;<\/p>\n<p style=\"text-align: justify;\">A noter que le noir obtenu par le m\u00e9lange des trois couleurs primaires n&rsquo;est pas vraiment satisfaisant et ressemble \u00e0 une nuance ou un niveau de gris. C&rsquo;est pourquoi un Noir, en quelque sorte externe au trio des trois couleurs de base, leur a \u00e9t\u00e9 ajout\u00e9 pour former le mode colorim\u00e9trique CMJN.<\/p>\n<p>&nbsp;<\/p>\n<h3 style=\"text-align: justify;\">Conversion RVB en CMJN<\/h3>\n<p style=\"text-align: justify;\">Compte tenu des diff\u00e9rentes remarques qui pr\u00e9c\u00e8dent, on comprend qu&rsquo;on ne peut pas transf\u00e9rer tel quel un fichier informatique comprenant des images d&rsquo;\u00e9cran en RVB \u00e0 un imprimeur pour servir \u00e0 une <strong>impression offset en quadrichromie<\/strong>. Rappelons que ce type d&rsquo;impression, <a href=\"https:\/\/www.jimprimeenfrance.fr\/blog\/impression-numerique-ou-impression-offset\/\" target=\"_blank\" rel=\"noopener\">incontournable pour l&rsquo;impression de grandes s\u00e9ries<\/a>, n\u00e9cessite le\u00a0 passage du document \u00e0 imprimer sur 4 plaques.\u00a0<\/p>\n<blockquote>\n<p>Ces quatre plaques, appel\u00e9es couleurs quadrichromiques, correspondent respectivement aux couleurs cyan, magenta, jaune et noir.<\/p>\n<\/blockquote>\n<p style=\"text-align: justify;\">\u00a0<\/p>\n<p style=\"text-align: justify;\">Il convient donc de veiller \u00e0 bien convertir le fichier RVB, transmis pour impression, en mode CMJN. Du moins, <a href=\"https:\/\/www.jimprimeenfrance.fr\/blog\/comment-choisir-mode-colorimetrique-maquette\/\" target=\"_blank\" rel=\"noopener\">si on veut un rendu conforme \u00e0 ses souhaits<\/a>.<\/p>\n<p style=\"text-align: justify;\">\u00a0<\/p>\n<h2 style=\"text-align: justify;\">Le cercle chromatique<\/h2>\n<h3 style=\"text-align: justify;\">Composition du cercle chromatique<\/h3>\n<p style=\"text-align: justify;\">Il est indispensable si on veut \u00eatre certain de bien accorder le couleurs entre elles. Il est compos\u00e9 de 12 teintes : 3 couleurs primaires, 3 couleurs secondaires et 6 couleurs tertiaires. Si on parle de cercle, c&rsquo;est, que pour pr\u00e9senter ces 12 teintes, on les positionne habituellement sur la circonf\u00e9rence d&rsquo;un cercle, dans un ordre respectant leur proximit\u00e9.\u00a0<\/p>\n<p style=\"text-align: justify;\">En bref, le jaune est plac\u00e9, par exemple, entre l&rsquo;Orange et le Vert. A noter que l&rsquo;orange comme le vert sont des couleurs secondaires. C&rsquo;est-\u00e0-dire que ce sont des couleurs qui r\u00e9sultent, \u00e0 part \u00e9gale, de deux couleurs primaires. Le Rouge et le Jaune pour l&rsquo;<strong>Orange<\/strong> ; le Jaune et le Bleu pour le <strong>Vert<\/strong>.\u00a0<\/p>\n<p style=\"text-align: justify;\">\u00a0<\/p>\n<figure id=\"attachment_5985\" aria-describedby=\"caption-attachment-5985\" style=\"width: 362px\" class=\"wp-caption aligncenter\"><img loading=\"lazy\" decoding=\"async\" class=\" wp-image-5985\" src=\"https:\/\/www.jimprimeenfrance.fr\/blog\/wp-content\/uploads\/2021\/01\/Le-cercle-chromatique-300x300.jpg\" alt=\"Le cercle chromatique\" width=\"362\" height=\"362\" srcset=\"https:\/\/www.jimprimeenfrance.fr\/blog\/wp-content\/uploads\/2021\/01\/Le-cercle-chromatique-300x300.jpg 300w, https:\/\/www.jimprimeenfrance.fr\/blog\/wp-content\/uploads\/2021\/01\/Le-cercle-chromatique-150x150.jpg 150w, https:\/\/www.jimprimeenfrance.fr\/blog\/wp-content\/uploads\/2021\/01\/Le-cercle-chromatique-400x400.jpg 400w, https:\/\/www.jimprimeenfrance.fr\/blog\/wp-content\/uploads\/2021\/01\/Le-cercle-chromatique.jpg 600w\" sizes=\"auto, (max-width: 362px) 100vw, 362px\" \/><figcaption id=\"caption-attachment-5985\" class=\"wp-caption-text\">Le cercle chromatique<\/figcaption><\/figure>\n<p>&nbsp;<\/p>\n<p style=\"text-align: justify;\">Quand la couleur est issue du m\u00e9lange, toujours \u00e0 part \u00e9gale, d&rsquo;une couleur secondaire et d&rsquo;une couleur primaire, on parle alors de couleur tertiaire. Le <strong>vermillon<\/strong>, couleur tertiaire du cercle chromatique est ainsi le r\u00e9sultat d&rsquo;un m\u00e9lange entre le Rouge, couleur primaire, et l&rsquo;Orange, couleur secondaire.<\/p>\n<p>&nbsp;<\/p>\n<h3 style=\"text-align: justify;\">Mode d&#8217;emploi du cercle chromatique<\/h3>\n<p style=\"text-align: justify;\">Le cercle chromatique est particuli\u00e8rement utile d\u00e8s lors qu&rsquo;il convient d&rsquo;associer plusieurs couleurs au moment de la r\u00e9alisation d&rsquo;un design ou d&rsquo;une d\u00e9coration. Il permet, notamment, d&rsquo;\u00e9viter des assemblages de couleurs hasardeux. Mais, il permet, aussi, de sugg\u00e9rer des <a href=\"https:\/\/significationdescouleurs.com\/lcouleurs-primaires-definition-emploi\/\" target=\"_blank\" rel=\"noopener\">assemblages originaux<\/a>. Outre, les <strong>associations monochromes<\/strong>, on peut ainsi faire des associations de <strong>couleurs compl\u00e9mentaires<\/strong> ou de <strong>couleurs triadiques<\/strong>. Ou encore, de <strong>couleurs chaudes<\/strong> et de <strong>couleurs froides<\/strong>.\u00a0<\/p>\n<p style=\"text-align: justify;\">\u00a0<\/p>\n<figure id=\"attachment_5986\" aria-describedby=\"caption-attachment-5986\" style=\"width: 342px\" class=\"wp-caption aligncenter\"><img loading=\"lazy\" decoding=\"async\" class=\" wp-image-5986\" src=\"https:\/\/www.jimprimeenfrance.fr\/blog\/wp-content\/uploads\/2021\/01\/couleurs-chaudes-et-de-couleurs-froides-266x300.jpg\" alt=\"couleurs chaudes et de couleurs froides.\u00a0\" width=\"342\" height=\"386\" srcset=\"https:\/\/www.jimprimeenfrance.fr\/blog\/wp-content\/uploads\/2021\/01\/couleurs-chaudes-et-de-couleurs-froides-266x300.jpg 266w, https:\/\/www.jimprimeenfrance.fr\/blog\/wp-content\/uploads\/2021\/01\/couleurs-chaudes-et-de-couleurs-froides-907x1024.jpg 907w, https:\/\/www.jimprimeenfrance.fr\/blog\/wp-content\/uploads\/2021\/01\/couleurs-chaudes-et-de-couleurs-froides-768x867.jpg 768w, https:\/\/www.jimprimeenfrance.fr\/blog\/wp-content\/uploads\/2021\/01\/couleurs-chaudes-et-de-couleurs-froides.jpg 1200w\" sizes=\"auto, (max-width: 342px) 100vw, 342px\" \/><figcaption id=\"caption-attachment-5986\" class=\"wp-caption-text\">couleurs chaudes et de couleurs froides.<\/figcaption><\/figure>\n<p>&nbsp;<\/p>\n<p style=\"text-align: justify;\">Derniers \u00e9l\u00e9ments de variation, en plus de la teinte, <strong>la saturation<\/strong> et <strong>la clart\u00e9<\/strong>. La clart\u00e9 d&rsquo;une couleur d\u00e9pend de sa luminosit\u00e9. Plus elle est lumineuse, plus elle est claire. Autrement dit, la clart\u00e9 d\u00e9pend du blanc ou du noir qu&rsquo;on y ajoute. Quant \u00e0 la saturation d&rsquo;une couleur, elle d\u00e9pend de sa puret\u00e9. Plus elle est proche de la couleur originale, plus elle est satur\u00e9e. Plus elle inclut de <strong>niveaux de gris<\/strong>, moins elle l&rsquo;est.\u00a0<\/p>\n<p style=\"text-align: justify;\">Ces \u00e9l\u00e9ments peuvent \u00eatre traduits en coordonn\u00e9es cart\u00e9siennes qui permettent de construire des <a href=\"http:\/\/www.optique-ingenieur.org\/fr\/cours\/OPI_fr_M07_C02\/co\/Contenu_09.html\" target=\"_blank\" rel=\"noopener\">espaces CIELUV et CIELAB<\/a>. Ceci pour dire que le sujet est bien plus complexe qu&rsquo;il n&rsquo;en a l&rsquo;air. Et qu&rsquo;une fois de plus, m\u00eame avec l&rsquo;aide de <a href=\"https:\/\/www.jimprimeenfrance.fr\/blog\/comment-se-servir-logiciel-graphisme-gratuit\/\" target=\"_blank\" rel=\"noopener\">logiciels de graphismes gratuits<\/a>, on ne s&rsquo;improvise pas facilement imprimeur. En tout cas, si on veut un r\u00e9sultat digne d&rsquo;un imprimeur professionnel.\u00a0<\/p>\n<p style=\"text-align: justify;\">N&rsquo;oublions pas que certains ouvrages imprim\u00e9s valent autant par leur qualit\u00e9 d&rsquo;impression que par leur contenu. Et, \u00e0 plus forte raison, quand le contenu est de grande valeur. C&rsquo;est ce qui a servi de fil rouge, pendant toute leur vie, \u00e0 des imprimeurs mythiques comme <a href=\"https:\/\/commulysse.angers.fr\/Actualite\/p48\/Tresor-du-mois-hommage-a-Berthe-Bricage\" target=\"_blank\" rel=\"noopener\">Pierre et Berthe Bricage<\/a>, aujourd&rsquo;hui disparus.\u00a0\u00a0<\/p>\n<p style=\"text-align: justify;\">\u00a0<\/p>\n<h2 style=\"text-align: justify;\">En r\u00e9sum\u00e9\u00a0<\/h2>\n<p style=\"text-align: justify;\">Le nombre de couleurs possibles est infini. Mais, elles sont toutes issues des teintes figurant sur le cercle chromatique. Ce cercle est une s\u00e9lection de 12 teintes pures ou satur\u00e9es : 3 couleurs primaires, 3 couleurs secondaires et 6 couleurs tertiaires.\u00a0<\/p>\n<p style=\"text-align: justify;\">Ces 12 couleurs peuvent \u00eatre combin\u00e9es selon diff\u00e9rents sch\u00e9mas de mani\u00e8re \u00e0 qu&rsquo;elles soient associ\u00e9es de mani\u00e8re harmonieuse. Ces diff\u00e9rents sch\u00e9mas peuvent, de surcro\u00eet, \u00eatre modul\u00e9s en fonction du degr\u00e9 de saturation ou de clart\u00e9 retenu pour la teinte.<\/p>\n<p style=\"text-align: justify;\">Pour choisir, les couleurs les plus appropri\u00e9es \u00e0 son projet, par exemple, de flyer ou d&rsquo;affiche, on ne saurait trop conseiller de retenir un <a href=\"https:\/\/www.jimprimeenfrance.fr\/impression-flyer-personnalisable\" target=\"_blank\" rel=\"noopener\">mod\u00e8le personnalisable<\/a>. Et si on veut mettre toutes les chances de son c\u00f4t\u00e9, le mieux est encore de s&rsquo;adresser \u00e0 des graphistes professionnels. A noter que quel que soit le choix fait, il est de la plus haute importance de v\u00e9rifier avec un BAT le rendu propos\u00e9 par l&rsquo;imprimeur.\u00a0<\/p>\n<p style=\"text-align: justify;\">La plupart du temps, ce <a href=\"https:\/\/www.jimprimeenfrance.fr\/blog\/bat-bon-a-tirer-etape-pas-manquer\/\" target=\"_blank\" rel=\"noopener\">BAT est gratuit<\/a>, et \u00e7a peut \u00e9viter, entre autres, bien des cauchemars. C&rsquo;est, en effet, un des principaux \u00e9l\u00e9ments \u00e0 prendre en compte pour <a href=\"https:\/\/www.jimprimeenfrance.fr\/blog\/comment-choisir-bonne-imprimerie\/\" target=\"_blank\" rel=\"noopener\">bien choisir son imprimerie<\/a>.\u00a0<\/p>\n<p style=\"text-align: justify;\">\u00a0<\/p>\n<p style=\"text-align: justify;\">\u00a0<\/p>\n","protected":false},"excerpt":{"rendered":"<p>La synth\u00e8se des couleurs est un concept qui n&rsquo;est pas toujours facile \u00e0 comprendre quand on est simple utilisateur des services d&rsquo;une imprimerie. Pourtant, cette synth\u00e8se est \u00e0 la base de la quadrichromie. Autrement dit, de l&rsquo;impression offset. Par cons\u00e9quent, mieux comprendre comment se forment les couleurs ne peut qu&rsquo;am\u00e9liorer, incontestablement, le dialogue entre donneurs [&hellip;]<\/p>\n","protected":false},"author":4,"featured_media":5989,"comment_status":"open","ping_status":"open","sticky":false,"template":"","format":"standard","meta":{"_editorskit_title_hidden":false,"_editorskit_reading_time":0,"_editorskit_is_block_options_detached":false,"_editorskit_block_options_position":"{}","footnotes":""},"categories":[3,8,482],"tags":[484,487,488,489,485,483,486,490],"class_list":["post-5945","post","type-post","status-publish","format-standard","has-post-thumbnail","hentry","category-affiche","category-flyer","category-imprimerie","tag-cercle-chromatique","tag-couleurs-primaires","tag-couleurs-secondaires","tag-couleurs-tertiaires","tag-harmonie-des-couleurs","tag-modes-colorimetriques","tag-synthese-des-couleurs","tag-trou-noir"],"yoast_head":"<!-- This site is optimized with the Yoast SEO plugin v27.4 - https:\/\/yoast.com\/product\/yoast-seo-wordpress\/ -->\r\n<title>La synth\u00e8se des couleurs est une notion fondamentale en imprimerie<\/title>\r\n<meta name=\"description\" content=\"La synth\u00e8se des couleurs d\u00e9finit les modes colorim\u00e9triques et les couleurs primaires. En imprimerie, on parle de synth\u00e8se soustractive.\" \/>\r\n<meta name=\"robots\" content=\"index, follow, max-snippet:-1, max-image-preview:large, max-video-preview:-1\" \/>\r\n<link rel=\"canonical\" href=\"https:\/\/www.jimprimeenfrance.fr\/blog\/quel-type-de-synthese-des-couleurs-est-utilise-en-imprimerie\/\" \/>\r\n<meta property=\"og:locale\" content=\"fr_FR\" \/>\r\n<meta property=\"og:type\" content=\"article\" \/>\r\n<meta property=\"og:title\" content=\"La synth\u00e8se des couleurs est une notion fondamentale en imprimerie\" \/>\r\n<meta property=\"og:description\" content=\"La synth\u00e8se des couleurs d\u00e9finit les modes colorim\u00e9triques et les couleurs primaires. En imprimerie, on parle de synth\u00e8se soustractive.\" \/>\r\n<meta property=\"og:url\" content=\"https:\/\/www.jimprimeenfrance.fr\/blog\/quel-type-de-synthese-des-couleurs-est-utilise-en-imprimerie\/\" \/>\r\n<meta property=\"og:site_name\" content=\"Votre imprimerie en ligne, le blog\" \/>\r\n<meta property=\"article:publisher\" content=\"https:\/\/www.facebook.com\/PrintBasPrix\" \/>\r\n<meta property=\"article:published_time\" content=\"2021-01-27T07:30:19+00:00\" \/>\r\n<meta property=\"og:image\" content=\"https:\/\/www.jimprimeenfrance.fr\/blog\/wp-content\/uploads\/2021\/01\/Quel-type-de-synthese-des-couleurs.jpg\" \/>\r\n\t<meta property=\"og:image:width\" content=\"1400\" \/>\r\n\t<meta property=\"og:image:height\" content=\"500\" \/>\r\n\t<meta property=\"og:image:type\" content=\"image\/jpeg\" \/>\r\n<meta name=\"author\" content=\"PrintBasPrix Imprimerie en ligne\" \/>\r\n<meta name=\"twitter:card\" content=\"summary_large_image\" \/>\r\n<meta name=\"twitter:creator\" content=\"@PrintBasPrix\" \/>\r\n<meta name=\"twitter:site\" content=\"@PrintBasPrix\" \/>\r\n<meta name=\"twitter:label1\" content=\"\u00c9crit par\" \/>\n\t<meta name=\"twitter:data1\" content=\"PrintBasPrix Imprimerie en ligne\" \/>\n\t<meta name=\"twitter:label2\" content=\"Dur\u00e9e de lecture estim\u00e9e\" \/>\n\t<meta name=\"twitter:data2\" content=\"8 minutes\" \/>\r\n<script type=\"application\/ld+json\" class=\"yoast-schema-graph\">{\"@context\":\"https:\\\/\\\/schema.org\",\"@graph\":[{\"@type\":\"Article\",\"@id\":\"https:\\\/\\\/www.jimprimeenfrance.fr\\\/blog\\\/quel-type-de-synthese-des-couleurs-est-utilise-en-imprimerie\\\/#article\",\"isPartOf\":{\"@id\":\"https:\\\/\\\/www.jimprimeenfrance.fr\\\/blog\\\/quel-type-de-synthese-des-couleurs-est-utilise-en-imprimerie\\\/\"},\"author\":{\"name\":\"PrintBasPrix Imprimerie en ligne\",\"@id\":\"https:\\\/\\\/www.jimprimeenfrance.fr\\\/blog\\\/#\\\/schema\\\/person\\\/711bdd00fc82a687615940c5ae0b412c\"},\"headline\":\"Quel type de synth\u00e8se des couleurs est utilis\u00e9 en imprimerie ?\",\"datePublished\":\"2021-01-27T07:30:19+00:00\",\"mainEntityOfPage\":{\"@id\":\"https:\\\/\\\/www.jimprimeenfrance.fr\\\/blog\\\/quel-type-de-synthese-des-couleurs-est-utilise-en-imprimerie\\\/\"},\"wordCount\":1788,\"commentCount\":0,\"publisher\":{\"@id\":\"https:\\\/\\\/www.jimprimeenfrance.fr\\\/blog\\\/#organization\"},\"image\":{\"@id\":\"https:\\\/\\\/www.jimprimeenfrance.fr\\\/blog\\\/quel-type-de-synthese-des-couleurs-est-utilise-en-imprimerie\\\/#primaryimage\"},\"thumbnailUrl\":\"https:\\\/\\\/www.jimprimeenfrance.fr\\\/blog\\\/wp-content\\\/uploads\\\/2021\\\/01\\\/Quel-type-de-synthese-des-couleurs.jpg\",\"keywords\":[\"cercle chromatique\",\"couleurs primaires\",\"couleurs secondaires\",\"couleurs tertiaires\",\"harmonie des couleurs\",\"modes colorim\u00e9triques\",\"synth\u00e8se des couleurs\",\"trou noir\"],\"articleSection\":[\"Affiche\",\"Flyer\",\"Imprimerie\"],\"inLanguage\":\"fr-FR\",\"potentialAction\":[{\"@type\":\"CommentAction\",\"name\":\"Comment\",\"target\":[\"https:\\\/\\\/www.jimprimeenfrance.fr\\\/blog\\\/quel-type-de-synthese-des-couleurs-est-utilise-en-imprimerie\\\/#respond\"]}]},{\"@type\":\"WebPage\",\"@id\":\"https:\\\/\\\/www.jimprimeenfrance.fr\\\/blog\\\/quel-type-de-synthese-des-couleurs-est-utilise-en-imprimerie\\\/\",\"url\":\"https:\\\/\\\/www.jimprimeenfrance.fr\\\/blog\\\/quel-type-de-synthese-des-couleurs-est-utilise-en-imprimerie\\\/\",\"name\":\"La synth\u00e8se des couleurs est une notion fondamentale en imprimerie\",\"isPartOf\":{\"@id\":\"https:\\\/\\\/www.jimprimeenfrance.fr\\\/blog\\\/#website\"},\"primaryImageOfPage\":{\"@id\":\"https:\\\/\\\/www.jimprimeenfrance.fr\\\/blog\\\/quel-type-de-synthese-des-couleurs-est-utilise-en-imprimerie\\\/#primaryimage\"},\"image\":{\"@id\":\"https:\\\/\\\/www.jimprimeenfrance.fr\\\/blog\\\/quel-type-de-synthese-des-couleurs-est-utilise-en-imprimerie\\\/#primaryimage\"},\"thumbnailUrl\":\"https:\\\/\\\/www.jimprimeenfrance.fr\\\/blog\\\/wp-content\\\/uploads\\\/2021\\\/01\\\/Quel-type-de-synthese-des-couleurs.jpg\",\"datePublished\":\"2021-01-27T07:30:19+00:00\",\"description\":\"La synth\u00e8se des couleurs d\u00e9finit les modes colorim\u00e9triques et les couleurs primaires. En imprimerie, on parle de synth\u00e8se soustractive.\",\"breadcrumb\":{\"@id\":\"https:\\\/\\\/www.jimprimeenfrance.fr\\\/blog\\\/quel-type-de-synthese-des-couleurs-est-utilise-en-imprimerie\\\/#breadcrumb\"},\"inLanguage\":\"fr-FR\",\"potentialAction\":[{\"@type\":\"ReadAction\",\"target\":[\"https:\\\/\\\/www.jimprimeenfrance.fr\\\/blog\\\/quel-type-de-synthese-des-couleurs-est-utilise-en-imprimerie\\\/\"]}]},{\"@type\":\"ImageObject\",\"inLanguage\":\"fr-FR\",\"@id\":\"https:\\\/\\\/www.jimprimeenfrance.fr\\\/blog\\\/quel-type-de-synthese-des-couleurs-est-utilise-en-imprimerie\\\/#primaryimage\",\"url\":\"https:\\\/\\\/www.jimprimeenfrance.fr\\\/blog\\\/wp-content\\\/uploads\\\/2021\\\/01\\\/Quel-type-de-synthese-des-couleurs.jpg\",\"contentUrl\":\"https:\\\/\\\/www.jimprimeenfrance.fr\\\/blog\\\/wp-content\\\/uploads\\\/2021\\\/01\\\/Quel-type-de-synthese-des-couleurs.jpg\",\"width\":1400,\"height\":500,\"caption\":\"Quel type de synth\u00e8se des couleurs est utilis\u00e9 en imprimerie\"},{\"@type\":\"BreadcrumbList\",\"@id\":\"https:\\\/\\\/www.jimprimeenfrance.fr\\\/blog\\\/quel-type-de-synthese-des-couleurs-est-utilise-en-imprimerie\\\/#breadcrumb\",\"itemListElement\":[{\"@type\":\"ListItem\",\"position\":1,\"name\":\"Accueil\",\"item\":\"https:\\\/\\\/www.jimprimeenfrance.fr\\\/blog\\\/\"},{\"@type\":\"ListItem\",\"position\":2,\"name\":\"Quel type de synth\u00e8se des couleurs est utilis\u00e9 en imprimerie ?\"}]},{\"@type\":\"WebSite\",\"@id\":\"https:\\\/\\\/www.jimprimeenfrance.fr\\\/blog\\\/#website\",\"url\":\"https:\\\/\\\/www.jimprimeenfrance.fr\\\/blog\\\/\",\"name\":\"Votre imprimerie en ligne, le blog\",\"description\":\"Impressionnez et faites bonne impression avec nos conseils d&#039;imprimerie online\",\"publisher\":{\"@id\":\"https:\\\/\\\/www.jimprimeenfrance.fr\\\/blog\\\/#organization\"},\"potentialAction\":[{\"@type\":\"SearchAction\",\"target\":{\"@type\":\"EntryPoint\",\"urlTemplate\":\"https:\\\/\\\/www.jimprimeenfrance.fr\\\/blog\\\/?s={search_term_string}\"},\"query-input\":{\"@type\":\"PropertyValueSpecification\",\"valueRequired\":true,\"valueName\":\"search_term_string\"}}],\"inLanguage\":\"fr-FR\"},{\"@type\":\"Organization\",\"@id\":\"https:\\\/\\\/www.jimprimeenfrance.fr\\\/blog\\\/#organization\",\"name\":\"PrintBasPrix - Imprimerie en ligne\",\"url\":\"https:\\\/\\\/www.jimprimeenfrance.fr\\\/blog\\\/\",\"logo\":{\"@type\":\"ImageObject\",\"inLanguage\":\"fr-FR\",\"@id\":\"https:\\\/\\\/www.jimprimeenfrance.fr\\\/blog\\\/#\\\/schema\\\/logo\\\/image\\\/\",\"url\":\"https:\\\/\\\/www.jimprimeenfrance.fr\\\/blog\\\/wp-content\\\/uploads\\\/2018\\\/07\\\/cropped-printbasprix-imprimeur-en-ligne.png\",\"contentUrl\":\"https:\\\/\\\/www.jimprimeenfrance.fr\\\/blog\\\/wp-content\\\/uploads\\\/2018\\\/07\\\/cropped-printbasprix-imprimeur-en-ligne.png\",\"width\":361,\"height\":86,\"caption\":\"PrintBasPrix - Imprimerie en ligne\"},\"image\":{\"@id\":\"https:\\\/\\\/www.jimprimeenfrance.fr\\\/blog\\\/#\\\/schema\\\/logo\\\/image\\\/\"},\"sameAs\":[\"https:\\\/\\\/www.facebook.com\\\/PrintBasPrix\",\"https:\\\/\\\/x.com\\\/PrintBasPrix\",\"https:\\\/\\\/www.instagram.com\\\/printbasprix\\\/\",\"https:\\\/\\\/www.linkedin.com\\\/company\\\/printbasprix\\\/\",\"https:\\\/\\\/www.youtube.com\\\/channel\\\/UC0Ysbd0Gbzzp0yMgrfNQqug\"]},{\"@type\":\"Person\",\"@id\":\"https:\\\/\\\/www.jimprimeenfrance.fr\\\/blog\\\/#\\\/schema\\\/person\\\/711bdd00fc82a687615940c5ae0b412c\",\"name\":\"PrintBasPrix Imprimerie en ligne\",\"image\":{\"@type\":\"ImageObject\",\"inLanguage\":\"fr-FR\",\"@id\":\"https:\\\/\\\/secure.gravatar.com\\\/avatar\\\/e898f6c9f447b2b28a568c2fec45e0fef703b12c4f80de6258e9bcb2e61aaf27?s=96&r=g\",\"url\":\"https:\\\/\\\/secure.gravatar.com\\\/avatar\\\/e898f6c9f447b2b28a568c2fec45e0fef703b12c4f80de6258e9bcb2e61aaf27?s=96&r=g\",\"contentUrl\":\"https:\\\/\\\/secure.gravatar.com\\\/avatar\\\/e898f6c9f447b2b28a568c2fec45e0fef703b12c4f80de6258e9bcb2e61aaf27?s=96&r=g\",\"caption\":\"PrintBasPrix Imprimerie en ligne\"},\"url\":\"https:\\\/\\\/www.jimprimeenfrance.fr\\\/blog\\\/author\\\/printbasprix-imprimerie-en-ligne\\\/\"}]}<\/script>\r\n<!-- \/ Yoast SEO plugin. -->","yoast_head_json":{"title":"La synth\u00e8se des couleurs est une notion fondamentale en imprimerie","description":"La synth\u00e8se des couleurs d\u00e9finit les modes colorim\u00e9triques et les couleurs primaires. En imprimerie, on parle de synth\u00e8se soustractive.","robots":{"index":"index","follow":"follow","max-snippet":"max-snippet:-1","max-image-preview":"max-image-preview:large","max-video-preview":"max-video-preview:-1"},"canonical":"https:\/\/www.jimprimeenfrance.fr\/blog\/quel-type-de-synthese-des-couleurs-est-utilise-en-imprimerie\/","og_locale":"fr_FR","og_type":"article","og_title":"La synth\u00e8se des couleurs est une notion fondamentale en imprimerie","og_description":"La synth\u00e8se des couleurs d\u00e9finit les modes colorim\u00e9triques et les couleurs primaires. En imprimerie, on parle de synth\u00e8se soustractive.","og_url":"https:\/\/www.jimprimeenfrance.fr\/blog\/quel-type-de-synthese-des-couleurs-est-utilise-en-imprimerie\/","og_site_name":"Votre imprimerie en ligne, le blog","article_publisher":"https:\/\/www.facebook.com\/PrintBasPrix","article_published_time":"2021-01-27T07:30:19+00:00","og_image":[{"width":1400,"height":500,"url":"https:\/\/www.jimprimeenfrance.fr\/blog\/wp-content\/uploads\/2021\/01\/Quel-type-de-synthese-des-couleurs.jpg","type":"image\/jpeg"}],"author":"PrintBasPrix Imprimerie en ligne","twitter_card":"summary_large_image","twitter_creator":"@PrintBasPrix","twitter_site":"@PrintBasPrix","twitter_misc":{"\u00c9crit par":"PrintBasPrix Imprimerie en ligne","Dur\u00e9e de lecture estim\u00e9e":"8 minutes"},"schema":{"@context":"https:\/\/schema.org","@graph":[{"@type":"Article","@id":"https:\/\/www.jimprimeenfrance.fr\/blog\/quel-type-de-synthese-des-couleurs-est-utilise-en-imprimerie\/#article","isPartOf":{"@id":"https:\/\/www.jimprimeenfrance.fr\/blog\/quel-type-de-synthese-des-couleurs-est-utilise-en-imprimerie\/"},"author":{"name":"PrintBasPrix Imprimerie en ligne","@id":"https:\/\/www.jimprimeenfrance.fr\/blog\/#\/schema\/person\/711bdd00fc82a687615940c5ae0b412c"},"headline":"Quel type de synth\u00e8se des couleurs est utilis\u00e9 en imprimerie ?","datePublished":"2021-01-27T07:30:19+00:00","mainEntityOfPage":{"@id":"https:\/\/www.jimprimeenfrance.fr\/blog\/quel-type-de-synthese-des-couleurs-est-utilise-en-imprimerie\/"},"wordCount":1788,"commentCount":0,"publisher":{"@id":"https:\/\/www.jimprimeenfrance.fr\/blog\/#organization"},"image":{"@id":"https:\/\/www.jimprimeenfrance.fr\/blog\/quel-type-de-synthese-des-couleurs-est-utilise-en-imprimerie\/#primaryimage"},"thumbnailUrl":"https:\/\/www.jimprimeenfrance.fr\/blog\/wp-content\/uploads\/2021\/01\/Quel-type-de-synthese-des-couleurs.jpg","keywords":["cercle chromatique","couleurs primaires","couleurs secondaires","couleurs tertiaires","harmonie des couleurs","modes colorim\u00e9triques","synth\u00e8se des couleurs","trou noir"],"articleSection":["Affiche","Flyer","Imprimerie"],"inLanguage":"fr-FR","potentialAction":[{"@type":"CommentAction","name":"Comment","target":["https:\/\/www.jimprimeenfrance.fr\/blog\/quel-type-de-synthese-des-couleurs-est-utilise-en-imprimerie\/#respond"]}]},{"@type":"WebPage","@id":"https:\/\/www.jimprimeenfrance.fr\/blog\/quel-type-de-synthese-des-couleurs-est-utilise-en-imprimerie\/","url":"https:\/\/www.jimprimeenfrance.fr\/blog\/quel-type-de-synthese-des-couleurs-est-utilise-en-imprimerie\/","name":"La synth\u00e8se des couleurs est une notion fondamentale en imprimerie","isPartOf":{"@id":"https:\/\/www.jimprimeenfrance.fr\/blog\/#website"},"primaryImageOfPage":{"@id":"https:\/\/www.jimprimeenfrance.fr\/blog\/quel-type-de-synthese-des-couleurs-est-utilise-en-imprimerie\/#primaryimage"},"image":{"@id":"https:\/\/www.jimprimeenfrance.fr\/blog\/quel-type-de-synthese-des-couleurs-est-utilise-en-imprimerie\/#primaryimage"},"thumbnailUrl":"https:\/\/www.jimprimeenfrance.fr\/blog\/wp-content\/uploads\/2021\/01\/Quel-type-de-synthese-des-couleurs.jpg","datePublished":"2021-01-27T07:30:19+00:00","description":"La synth\u00e8se des couleurs d\u00e9finit les modes colorim\u00e9triques et les couleurs primaires. En imprimerie, on parle de synth\u00e8se soustractive.","breadcrumb":{"@id":"https:\/\/www.jimprimeenfrance.fr\/blog\/quel-type-de-synthese-des-couleurs-est-utilise-en-imprimerie\/#breadcrumb"},"inLanguage":"fr-FR","potentialAction":[{"@type":"ReadAction","target":["https:\/\/www.jimprimeenfrance.fr\/blog\/quel-type-de-synthese-des-couleurs-est-utilise-en-imprimerie\/"]}]},{"@type":"ImageObject","inLanguage":"fr-FR","@id":"https:\/\/www.jimprimeenfrance.fr\/blog\/quel-type-de-synthese-des-couleurs-est-utilise-en-imprimerie\/#primaryimage","url":"https:\/\/www.jimprimeenfrance.fr\/blog\/wp-content\/uploads\/2021\/01\/Quel-type-de-synthese-des-couleurs.jpg","contentUrl":"https:\/\/www.jimprimeenfrance.fr\/blog\/wp-content\/uploads\/2021\/01\/Quel-type-de-synthese-des-couleurs.jpg","width":1400,"height":500,"caption":"Quel type de synth\u00e8se des couleurs est utilis\u00e9 en imprimerie"},{"@type":"BreadcrumbList","@id":"https:\/\/www.jimprimeenfrance.fr\/blog\/quel-type-de-synthese-des-couleurs-est-utilise-en-imprimerie\/#breadcrumb","itemListElement":[{"@type":"ListItem","position":1,"name":"Accueil","item":"https:\/\/www.jimprimeenfrance.fr\/blog\/"},{"@type":"ListItem","position":2,"name":"Quel type de synth\u00e8se des couleurs est utilis\u00e9 en imprimerie ?"}]},{"@type":"WebSite","@id":"https:\/\/www.jimprimeenfrance.fr\/blog\/#website","url":"https:\/\/www.jimprimeenfrance.fr\/blog\/","name":"Votre imprimerie en ligne, le blog","description":"Impressionnez et faites bonne impression avec nos conseils d&#039;imprimerie online","publisher":{"@id":"https:\/\/www.jimprimeenfrance.fr\/blog\/#organization"},"potentialAction":[{"@type":"SearchAction","target":{"@type":"EntryPoint","urlTemplate":"https:\/\/www.jimprimeenfrance.fr\/blog\/?s={search_term_string}"},"query-input":{"@type":"PropertyValueSpecification","valueRequired":true,"valueName":"search_term_string"}}],"inLanguage":"fr-FR"},{"@type":"Organization","@id":"https:\/\/www.jimprimeenfrance.fr\/blog\/#organization","name":"PrintBasPrix - Imprimerie en ligne","url":"https:\/\/www.jimprimeenfrance.fr\/blog\/","logo":{"@type":"ImageObject","inLanguage":"fr-FR","@id":"https:\/\/www.jimprimeenfrance.fr\/blog\/#\/schema\/logo\/image\/","url":"https:\/\/www.jimprimeenfrance.fr\/blog\/wp-content\/uploads\/2018\/07\/cropped-printbasprix-imprimeur-en-ligne.png","contentUrl":"https:\/\/www.jimprimeenfrance.fr\/blog\/wp-content\/uploads\/2018\/07\/cropped-printbasprix-imprimeur-en-ligne.png","width":361,"height":86,"caption":"PrintBasPrix - Imprimerie en ligne"},"image":{"@id":"https:\/\/www.jimprimeenfrance.fr\/blog\/#\/schema\/logo\/image\/"},"sameAs":["https:\/\/www.facebook.com\/PrintBasPrix","https:\/\/x.com\/PrintBasPrix","https:\/\/www.instagram.com\/printbasprix\/","https:\/\/www.linkedin.com\/company\/printbasprix\/","https:\/\/www.youtube.com\/channel\/UC0Ysbd0Gbzzp0yMgrfNQqug"]},{"@type":"Person","@id":"https:\/\/www.jimprimeenfrance.fr\/blog\/#\/schema\/person\/711bdd00fc82a687615940c5ae0b412c","name":"PrintBasPrix Imprimerie en ligne","image":{"@type":"ImageObject","inLanguage":"fr-FR","@id":"https:\/\/secure.gravatar.com\/avatar\/e898f6c9f447b2b28a568c2fec45e0fef703b12c4f80de6258e9bcb2e61aaf27?s=96&r=g","url":"https:\/\/secure.gravatar.com\/avatar\/e898f6c9f447b2b28a568c2fec45e0fef703b12c4f80de6258e9bcb2e61aaf27?s=96&r=g","contentUrl":"https:\/\/secure.gravatar.com\/avatar\/e898f6c9f447b2b28a568c2fec45e0fef703b12c4f80de6258e9bcb2e61aaf27?s=96&r=g","caption":"PrintBasPrix Imprimerie en ligne"},"url":"https:\/\/www.jimprimeenfrance.fr\/blog\/author\/printbasprix-imprimerie-en-ligne\/"}]}},"_links":{"self":[{"href":"https:\/\/www.jimprimeenfrance.fr\/blog\/wp-json\/wp\/v2\/posts\/5945","targetHints":{"allow":["GET"]}}],"collection":[{"href":"https:\/\/www.jimprimeenfrance.fr\/blog\/wp-json\/wp\/v2\/posts"}],"about":[{"href":"https:\/\/www.jimprimeenfrance.fr\/blog\/wp-json\/wp\/v2\/types\/post"}],"author":[{"embeddable":true,"href":"https:\/\/www.jimprimeenfrance.fr\/blog\/wp-json\/wp\/v2\/users\/4"}],"replies":[{"embeddable":true,"href":"https:\/\/www.jimprimeenfrance.fr\/blog\/wp-json\/wp\/v2\/comments?post=5945"}],"version-history":[{"count":39,"href":"https:\/\/www.jimprimeenfrance.fr\/blog\/wp-json\/wp\/v2\/posts\/5945\/revisions"}],"predecessor-version":[{"id":5994,"href":"https:\/\/www.jimprimeenfrance.fr\/blog\/wp-json\/wp\/v2\/posts\/5945\/revisions\/5994"}],"wp:featuredmedia":[{"embeddable":true,"href":"https:\/\/www.jimprimeenfrance.fr\/blog\/wp-json\/wp\/v2\/media\/5989"}],"wp:attachment":[{"href":"https:\/\/www.jimprimeenfrance.fr\/blog\/wp-json\/wp\/v2\/media?parent=5945"}],"wp:term":[{"taxonomy":"category","embeddable":true,"href":"https:\/\/www.jimprimeenfrance.fr\/blog\/wp-json\/wp\/v2\/categories?post=5945"},{"taxonomy":"post_tag","embeddable":true,"href":"https:\/\/www.jimprimeenfrance.fr\/blog\/wp-json\/wp\/v2\/tags?post=5945"}],"curies":[{"name":"wp","href":"https:\/\/api.w.org\/{rel}","templated":true}]}}