{"id":581,"date":"2018-11-21T08:30:20","date_gmt":"2018-11-21T07:30:20","guid":{"rendered":"https:\/\/www.jimprimeenfrance.fr\/blog\/?p=581"},"modified":"2019-08-09T10:04:12","modified_gmt":"2019-08-09T08:04:12","slug":"comment-creer-une-belle-affiche-de-noel","status":"publish","type":"post","link":"https:\/\/www.jimprimeenfrance.fr\/blog\/comment-creer-une-belle-affiche-de-noel\/","title":{"rendered":"Comment cr\u00e9er une belle affiche de No\u00ebl ?"},"content":{"rendered":"<p style=\"text-align: justify;\">No\u00ebl sera l\u00e0 d&rsquo;ici quelques semaines et les commer\u00e7ants se pr\u00e9parent d\u00e9j\u00e0 \u00e0 cet \u00e9v\u00e9nement festif. Si vous organisez un march\u00e9 de No\u00ebl dans votre \u00e9cole ou votre ville, vous vous demandez s\u00fbrement comment attirer le plus de personnes possible.<\/p>\n<p style=\"text-align: justify;\">Cr\u00e9er une affiche de No\u00ebl est la solution parfaite pour donner de l&rsquo;importance \u00e0 votre march\u00e9 et pour inciter les gens \u00e0 venir. Cependant, <strong>r\u00e9ussir une affiche ne s&rsquo;improvise pas<\/strong>, surtout si graphiste n&rsquo;est pas votre m\u00e9tier. Il faut de la cr\u00e9ativit\u00e9, du bon go\u00fbt, et, avant tout, conna\u00eetre certaines de r\u00e8gles de cr\u00e9ation. Nous vous donnons tous nos conseils pour r\u00e9aliser une magnifique affiche de No\u00ebl.<\/p>\n<p>&nbsp;<\/p>\n<h2 style=\"text-align: justify;\">Pourquoi cr\u00e9er une affiche de No\u00ebl ?<\/h2>\n<p style=\"text-align: justify;\">Si vous souhaitez communiquer autour de votre \u00e9v\u00e9nement, une affiche est le support parfait. En effet, vous vous attendez \u00e0 ce que de nombreuses personnes viennent \u00e0 votre march\u00e9 de No\u00ebl.<\/p>\n<p style=\"text-align: justify;\">Qu&rsquo;il soit <a href=\"https:\/\/www.initiatives.fr\/leblog\/comment-organiser-un-marche-de-noel-a-l-ecole-11779\" target=\"_blank\" rel=\"noopener noreferrer\">organis\u00e9 dans un groupe scolaire<\/a>, sur la place d&rsquo;un village ou dans une mairie de quartier, c&rsquo;est le type d&rsquo;\u00e9v\u00e9nement qui attire beaucoup de monde. Des familles, des groupes d&rsquo;amis, des couples&#8230; Absolument toutes les cat\u00e9gories de gens se rendent au march\u00e9 de No\u00ebl. Une affiche est donc une bonne id\u00e9e pour en faire la publicit\u00e9.<\/p>\n<p style=\"text-align: justify;\">Elle a l&rsquo;avantage de <strong>ne pas co\u00fbter tr\u00e8s cher<\/strong> \u00e0 l&rsquo;impression, d&rsquo;\u00eatre visible de loin et d&rsquo;attirer l\u2019\u0153il. Pour No\u00ebl, vous pouvez utiliser des couleurs vives et des motifs typiques de cette p\u00e9riode de l&rsquo;ann\u00e9e.<\/p>\n<p>&nbsp;<\/p>\n<h3>O\u00f9 placer votre affiche de No\u00ebl ?<\/h3>\n<p>Vous pourrez <strong>placarder votre affiche dans tous les lieux de passage<\/strong> (couloirs de l&rsquo;\u00e9cole, devanture de commerces, rues passantes&#8230;). Le but est de la placer \u00e0 des endroits strat\u00e9giques o\u00f9 vous \u00eates s\u00fbr qu&rsquo;elle sera vue.<\/p>\n<p>\u00c9vitez tout de m\u00eame de la mettre \u00e0 un endroit o\u00f9 elle sera trop expos\u00e9e aux intemp\u00e9ries : la pluie et le vent risqueraient de vite d\u00e9t\u00e9riorer votre affiche. Si c&rsquo;est in\u00e9vitable, pensez \u00e0 passer r\u00e9guli\u00e8rement v\u00e9rifier si votre affiche est toujours l\u00e0 et si elle n&rsquo;est pas trop ab\u00eem\u00e9e.<\/p>\n<p>Pr\u00e9voyez d&rsquo;imprimer plus d&rsquo;exemplaires de vos affiches afin de pouvoir les remplacer si besoin.\u00a0<\/p>\n<p>&nbsp;<\/p>\n<h3 style=\"text-align: justify;\">Des exemples d&rsquo;affiches de march\u00e9 de No\u00ebl<\/h3>\n<p style=\"text-align: justify;\">De tr\u00e8s nombreux <a href=\"https:\/\/www.danstapub.com\/les-50-meilleures-affiches-publicitaires-pour-noel\/\" target=\"_blank\" rel=\"noopener noreferrer\">exemples d&rsquo;affiches de march\u00e9 de No\u00ebl<\/a> existent. N&rsquo;h\u00e9sitez pas \u00e0 en regarder de nombreuses afin de vous inspirer et de piocher des id\u00e9es qui vous plaisent. En voici quelques unes :<\/p>\n<p style=\"text-align: justify;\">\u00a0<\/p>\n<figure id=\"attachment_669\" aria-describedby=\"caption-attachment-669\" style=\"width: 500px\" class=\"wp-caption aligncenter\"><img loading=\"lazy\" decoding=\"async\" class=\"wp-image-669 size-full\" title=\"Une typographie enfantine\" src=\"https:\/\/www.jimprimeenfrance.fr\/blog\/wp-content\/uploads\/2018\/11\/affiche-marche-de-noel-1.jpg\" alt=\"affiche de no\u00ebl \u00e9cole\" width=\"500\" height=\"681\" srcset=\"https:\/\/www.jimprimeenfrance.fr\/blog\/wp-content\/uploads\/2018\/11\/affiche-marche-de-noel-1.jpg 500w, https:\/\/www.jimprimeenfrance.fr\/blog\/wp-content\/uploads\/2018\/11\/affiche-marche-de-noel-1-220x300.jpg 220w\" sizes=\"auto, (max-width: 500px) 100vw, 500px\" \/><figcaption id=\"caption-attachment-669\" class=\"wp-caption-text\">Un affiche de No\u00ebl fait par une \u00e9cole<\/figcaption><\/figure> <figure id=\"attachment_670\" aria-describedby=\"caption-attachment-670\" style=\"width: 500px\" class=\"wp-caption aligncenter\"><img loading=\"lazy\" decoding=\"async\" class=\"wp-image-670 size-full\" src=\"https:\/\/www.jimprimeenfrance.fr\/blog\/wp-content\/uploads\/2018\/11\/affiche-marche-de-noel-2.jpg\" alt=\"exemple affiche de no\u00ebl \u00e9cole\" width=\"500\" height=\"707\" srcset=\"https:\/\/www.jimprimeenfrance.fr\/blog\/wp-content\/uploads\/2018\/11\/affiche-marche-de-noel-2.jpg 500w, https:\/\/www.jimprimeenfrance.fr\/blog\/wp-content\/uploads\/2018\/11\/affiche-marche-de-noel-2-212x300.jpg 212w\" sizes=\"auto, (max-width: 500px) 100vw, 500px\" \/><figcaption id=\"caption-attachment-670\" class=\"wp-caption-text\">Exemple d&rsquo;affiche de No\u00ebl par une \u00e9cole<\/figcaption><\/figure>\n<p style=\"text-align: justify;\">\u00a0<\/p>\n<p style=\"text-align: justify;\">Si vous organisez un march\u00e9 de No\u00ebl dans une \u00e9cole, cr\u00e9ez une affiche amusante, avec des motifs un peu enfantins. Sur la premi\u00e8re, la silhouette du groupe d&rsquo;\u00e9coliers forme un sapin de No\u00ebl alors que la deuxi\u00e8me est tr\u00e8s po\u00e9tique avec un petit oiseau perch\u00e9 sur une branche.\u00a0<\/p>\n<p style=\"text-align: justify;\">\u00a0<\/p>\n<figure id=\"attachment_671\" aria-describedby=\"caption-attachment-671\" style=\"width: 400px\" class=\"wp-caption aligncenter\"><img loading=\"lazy\" decoding=\"async\" class=\"wp-image-671 size-full\" src=\"https:\/\/www.jimprimeenfrance.fr\/blog\/wp-content\/uploads\/2018\/11\/affiche-marche-de-noel-3.jpg\" alt=\"affiche march\u00e9 de no\u00ebl\" width=\"400\" height=\"566\" srcset=\"https:\/\/www.jimprimeenfrance.fr\/blog\/wp-content\/uploads\/2018\/11\/affiche-marche-de-noel-3.jpg 400w, https:\/\/www.jimprimeenfrance.fr\/blog\/wp-content\/uploads\/2018\/11\/affiche-marche-de-noel-3-212x300.jpg 212w\" sizes=\"auto, (max-width: 400px) 100vw, 400px\" \/><figcaption id=\"caption-attachment-671\" class=\"wp-caption-text\">Affiche de No\u00ebl sp\u00e9ciale pour le march\u00e9 de No\u00ebl<\/figcaption><\/figure>\n<p style=\"text-align: justify;\">\u00a0<\/p>\n<figure id=\"attachment_672\" aria-describedby=\"caption-attachment-672\" style=\"width: 190px\" class=\"wp-caption aligncenter\"><img loading=\"lazy\" decoding=\"async\" class=\"wp-image-672 size-full\" src=\"https:\/\/www.jimprimeenfrance.fr\/blog\/wp-content\/uploads\/2018\/11\/affiche-marche-de-noel-4.jpg\" alt=\"\" width=\"190\" height=\"266\" \/><figcaption id=\"caption-attachment-672\" class=\"wp-caption-text\">Affiche du march\u00e9 de No\u00ebl<\/figcaption><\/figure>\n<p>&nbsp;<\/p>\n<p style=\"text-align: justify;\">La boule de No\u00ebl est un motif r\u00e9current. Vous pouvez choisir, comme sur la premi\u00e8re affiche, de multiplier les images li\u00e9es \u00e0 No\u00ebl ou, comme sur la deuxi\u00e8me affiche, de mettre les informations importantes au sein d&rsquo;une boule de No\u00ebl (lieu, horaires&#8230;).<\/p>\n<p style=\"text-align: justify;\">\u00a0<\/p>\n<figure id=\"attachment_673\" aria-describedby=\"caption-attachment-673\" style=\"width: 600px\" class=\"wp-caption aligncenter\"><img loading=\"lazy\" decoding=\"async\" class=\"wp-image-673 size-full\" src=\"https:\/\/www.jimprimeenfrance.fr\/blog\/wp-content\/uploads\/2018\/11\/affiche-marche-de-noel-5.jpg\" alt=\"affiche march\u00e9 de no\u00ebl centre ville\" width=\"600\" height=\"450\" srcset=\"https:\/\/www.jimprimeenfrance.fr\/blog\/wp-content\/uploads\/2018\/11\/affiche-marche-de-noel-5.jpg 600w, https:\/\/www.jimprimeenfrance.fr\/blog\/wp-content\/uploads\/2018\/11\/affiche-marche-de-noel-5-300x225.jpg 300w\" sizes=\"auto, (max-width: 600px) 100vw, 600px\" \/><figcaption id=\"caption-attachment-673\" class=\"wp-caption-text\">Affiche du march\u00e9 de No\u00ebl en centre ville.<\/figcaption><\/figure>\n<p style=\"text-align: justify;\">\u00a0<\/p>\n<figure id=\"attachment_674\" aria-describedby=\"caption-attachment-674\" style=\"width: 298px\" class=\"wp-caption aligncenter\"><img loading=\"lazy\" decoding=\"async\" class=\"wp-image-674 size-full\" src=\"https:\/\/www.jimprimeenfrance.fr\/blog\/wp-content\/uploads\/2018\/11\/affiche-marche-de-noel-6.jpg\" alt=\"affiche de no\u00ebl avec boules\" width=\"298\" height=\"224\" \/><figcaption id=\"caption-attachment-674\" class=\"wp-caption-text\">Les informations importantes de l&rsquo;affiche de No\u00ebl dans une boule<\/figcaption><\/figure>\n<p style=\"text-align: justify;\">Pour une affiche de No\u00ebl qui restera dans les esprits, ne vous concentrez pas que sur les images et les textes. Essayez de travailler le fond avec une ambiance hivernale qui fait vagabonder l&rsquo;imagination.<\/p>\n<p style=\"text-align: justify;\">Les couleurs blanches et bleut\u00e9es rappellent l&rsquo;hiver et les \u00e9l\u00e9ments de l&rsquo;affiche (ours polaire, p\u00e8re No\u00ebl&#8230;) plaisent \u00e0 tous.\u00a0<\/p>\n<p style=\"text-align: justify;\">\u00a0<\/p>\n<figure id=\"attachment_675\" aria-describedby=\"caption-attachment-675\" style=\"width: 400px\" class=\"wp-caption aligncenter\"><img loading=\"lazy\" decoding=\"async\" class=\"wp-image-675 size-full\" title=\"paysage dans une boule de No\u00ebl\" src=\"https:\/\/www.jimprimeenfrance.fr\/blog\/wp-content\/uploads\/2018\/11\/affiche-marche-de-noel-7.jpeg\" alt=\"affiche de no\u00ebl ambiance hivernale\" width=\"400\" height=\"524\" srcset=\"https:\/\/www.jimprimeenfrance.fr\/blog\/wp-content\/uploads\/2018\/11\/affiche-marche-de-noel-7.jpeg 400w, https:\/\/www.jimprimeenfrance.fr\/blog\/wp-content\/uploads\/2018\/11\/affiche-marche-de-noel-7-229x300.jpeg 229w\" sizes=\"auto, (max-width: 400px) 100vw, 400px\" \/><figcaption id=\"caption-attachment-675\" class=\"wp-caption-text\">Fond avec ambiance hivernale pour l&rsquo;affiche du march\u00e9 de No\u00ebl<\/figcaption><\/figure>\n<p style=\"text-align: justify;\">\u00a0<\/p>\n<figure id=\"attachment_676\" aria-describedby=\"caption-attachment-676\" style=\"width: 189px\" class=\"wp-caption aligncenter\"><img loading=\"lazy\" decoding=\"async\" class=\"wp-image-676 size-full\" src=\"https:\/\/www.jimprimeenfrance.fr\/blog\/wp-content\/uploads\/2018\/11\/affiche-marche-de-noel-8.jpg\" alt=\"Affiche de no\u00ebl avec de l'humour.\" width=\"189\" height=\"267\" \/><figcaption id=\"caption-attachment-676\" class=\"wp-caption-text\">Affiche de No\u00ebl avec de l&rsquo;humour.<\/figcaption><\/figure>\n<p style=\"text-align: justify;\">Vous pouvez aussi miser sur une affiche de No\u00ebl dr\u00f4le ou insolite. Le premier exemple est un choix original qui change de ce qu&rsquo;on a l&rsquo;habitude de voir : la ville o\u00f9 se d\u00e9roule le march\u00e9 de No\u00ebl tient tout enti\u00e8re dans une boule. Le deuxi\u00e8me exemple est amusant car le texte a \u00e9t\u00e9 \u00e9crit directement dans la barbe du p\u00e8re No\u00ebl.<\/p>\n<p>&nbsp;<\/p>\n<blockquote>\n<p><em>\u00ab\u00a0No\u00ebl n&rsquo;est pas un jour ni une saison, c&rsquo;est un \u00e9tat d&rsquo;esprit\u00a0\u00bb <\/em><\/p>\n<\/blockquote>\n<p><em>Calvin Coolidge, 30\u00e8me pr\u00e9sident des Etats-Unis (1923-1929)<br \/>\n<\/em><\/p>\n<p>&nbsp;<\/p>\n<h2 style=\"text-align: justify;\">\nComment cr\u00e9er une affiche de No\u00ebl ?<\/h2>\n<p style=\"text-align: justify;\">Une fois que vous \u00eates inspir\u00e9, <strong>faites un croquis<\/strong> de l&rsquo;affiche de No\u00ebl que vous aimeriez r\u00e9aliser. Ne vous fixez pas de limites et<a href=\"https:\/\/www.jimprimeenfrance.fr\/blog\/12-secrets-affiche-publicitaire-creative\/\" target=\"_blank\" rel=\"noopener noreferrer\"> laissez parler votre cr\u00e9ativit\u00e9<\/a>. Ce n&rsquo;est pas comme si vous faisiez une affiche pour une entreprise.<\/p>\n<p style=\"text-align: justify;\">L\u00e0, vous touchez \u00e0 un \u00e9v\u00e9nement joyeux et chaleureux qui parle \u00e0 tout le monde. N&rsquo;ayez donc pas peur d&rsquo;en faire trop et amusez-vous !<\/p>\n<p>&nbsp;<\/p>\n<h3 style=\"text-align: justify;\">Choisir les textes de son affiche<\/h3>\n<p style=\"text-align: justify;\">La partie \u00e9crite de votre affiche ne doit pas \u00eatre trop importante. En effet, les images parlent beaucoup plus \u00e0 l&rsquo;imaginaire, surtout dans le cas d&rsquo;une f\u00eate comme No\u00ebl.<\/p>\n<h4 style=\"text-align: justify;\">Le message<\/h4>\n<p style=\"text-align: justify;\">R\u00e9sistez \u00e0 la tentation de mettre trop d&rsquo;informations sur le programme des animations par exemple. Les deux informations cl\u00e9 qui doivent absolument figurer en bonne place sur votre affiche de No\u00ebl sont <strong>le lieu et la date du march\u00e9<\/strong>.<\/p>\n<p style=\"text-align: justify;\">Tout le reste est secondaire et peut \u00eatre \u00e9crit en petites lignes en bas de l&rsquo;affiche. Vous pouvez aussi indiquer le lien d&rsquo;un site internet, d&rsquo;une page Facebook ou un <a href=\"https:\/\/www.unitag.io\/fr\/qrcode\" target=\"_blank\" rel=\"noopener noreferrer\">QR Code<\/a> pour obtenir plus d&rsquo;informations.<\/p>\n<p>&nbsp;<\/p>\n<h4 style=\"text-align: justify;\">La police d&rsquo;\u00e9criture<\/h4>\n<p style=\"text-align: justify;\">On recommande d&rsquo;habitude d&rsquo;utiliser <a href=\"https:\/\/www.dafont.com\/fr\/\" target=\"_blank\" rel=\"noopener noreferrer\">une police d&rsquo;\u00e9criture<\/a> sobre dans le cas d&rsquo;une affiche. Effectivement, le but est que le passant puisse lire facilement le texte sans avoir \u00e0 faire un effort de concentration. Il doit capter le message au premier coup d\u2019\u0153il.<\/p>\n<p style=\"text-align: justify;\">Toutefois, \u00e0 l&rsquo;occasion d&rsquo;une f\u00eate comme No\u00ebl, vous pouvez utiliser <strong>une police un peu plus fantaisiste et originale<\/strong>. \u00c9vitez malgr\u00e9 tout la surench\u00e8re : pas plus de deux, trois maximum, polices diff\u00e9rentes sur votre affiche.<\/p>\n<p>&nbsp;<\/p>\n<figure id=\"attachment_677\" aria-describedby=\"caption-attachment-677\" style=\"width: 1200px\" class=\"wp-caption aligncenter\"><img loading=\"lazy\" decoding=\"async\" class=\"wp-image-677 size-full\" src=\"https:\/\/www.jimprimeenfrance.fr\/blog\/wp-content\/uploads\/2018\/11\/comment-creer-une-affiche-de-noel.jpg\" alt=\"Affiche de no\u00ebl fantaisie lisible\" width=\"1200\" height=\"857\" srcset=\"https:\/\/www.jimprimeenfrance.fr\/blog\/wp-content\/uploads\/2018\/11\/comment-creer-une-affiche-de-noel.jpg 1200w, https:\/\/www.jimprimeenfrance.fr\/blog\/wp-content\/uploads\/2018\/11\/comment-creer-une-affiche-de-noel-300x214.jpg 300w, https:\/\/www.jimprimeenfrance.fr\/blog\/wp-content\/uploads\/2018\/11\/comment-creer-une-affiche-de-noel-768x548.jpg 768w, https:\/\/www.jimprimeenfrance.fr\/blog\/wp-content\/uploads\/2018\/11\/comment-creer-une-affiche-de-noel-1024x731.jpg 1024w\" sizes=\"auto, (max-width: 1200px) 100vw, 1200px\" \/><figcaption id=\"caption-attachment-677\" class=\"wp-caption-text\">Affiche de No\u00ebl avec police fantaisie mais lisible.<\/figcaption><\/figure>\n<p>&nbsp;<\/p>\n<h3 style=\"text-align: justify;\">Choisir les visuels de son affiche<\/h3>\n<p style=\"text-align: justify;\">En ce qui concerne la charte graphique de votre affiche, il faut qu&rsquo;elle \u00e9voque No\u00ebl d\u00e8s qu&rsquo;on l&rsquo;aper\u00e7oit.<\/p>\n<h4 style=\"text-align: justify;\">Les couleurs<\/h4>\n<p style=\"text-align: justify;\">Pour les coloris, vous avez globalement trois choix. Vous pouvez choisir du <strong>rouge et du vert<\/strong>, les teintes symboliques de No\u00ebl qui rappellent les sapins ainsi que les v\u00eatements du p\u00e8re No\u00ebl. Vous pouvez aussi accentuer le c\u00f4t\u00e9 festif, avec des <strong>teintes m\u00e9tallis\u00e9es<\/strong> : or, argent, couleurs brillantes&#8230; Enfin, une autre solution consiste \u00e0 utiliser des <strong>couleurs \u00ab\u00a0froides\u00a0\u00bb<\/strong>, bleut\u00e9es, grises et blanches, afin de rappeler l&rsquo;hiver et la neige. Inspirez-vous des coloris que l&rsquo;on voit sur les <a href=\"https:\/\/www.jimprimeenfrance.fr\/blog\/quel-texte-choisir-pour-sa-carte-de-voeux\/\" target=\"_blank\" rel=\"noopener noreferrer\">cartes de v\u0153ux<\/a> par exemple.<\/p>\n<p>&nbsp;<\/p>\n<h4 style=\"text-align: justify;\">Les motifs<\/h4>\n<p style=\"text-align: justify;\">Vous avez un choix immense en ce qui concerne <a href=\"https:\/\/pixabay.com\/fr\/photos\/motif%20de%20no%C3%ABl\/\" target=\"_blank\" rel=\"noopener noreferrer\">les illustrations<\/a> de votre article. En effet, l&rsquo;univers li\u00e9 \u00e0 la f\u00eate de No\u00ebl et au mois de d\u00e9cembre est tr\u00e8s riche et vari\u00e9. Bonhommes de neige, flocons, p\u00e8res No\u00ebl, sapins, cadeaux, pains d&rsquo;\u00e9pice, sucres d&rsquo;orge, chaussettes, boules et guirlandes&#8230; Vous ne manquerez pas de choix pour <strong>rattacher votre affiche \u00e0 No\u00ebl<\/strong>. Les images d&rsquo;animaux (renne, ours, loup, hibou&#8230;) fonctionnent aussi tr\u00e8s bien.<\/p>\n<p>&nbsp;<\/p>\n<h3 style=\"text-align: justify;\">Une affiche de No\u00ebl&#8230; mais pas que<\/h3>\n<p style=\"text-align: justify;\">Comme on l&rsquo;a vu, une affiche est un excellent support de communication dans le cas de l&rsquo;organisation d&rsquo;un march\u00e9 de No\u00ebl. Toutefois, vous pouvez aussi employer d&rsquo;autres moyens pour faire conna\u00eetre votre \u00e9v\u00e9nement.<\/p>\n<p style=\"text-align: justify;\"><strong>La distribution de flyers <\/strong>est une tr\u00e8s bonne mani\u00e8re de faire circuler largement l&rsquo;information. Vous pouvez distribuer <a href=\"https:\/\/www.jimprimeenfrance.fr\/impression-flyer-en-ligne\" target=\"_blank\" rel=\"noopener noreferrer\">vos flyers<\/a> dans une rue passante, \u00e0 la sortie d&rsquo;une \u00e9cole, d&rsquo;un supermarch\u00e9&#8230;<\/p>\n<p style=\"text-align: justify;\">N&rsquo;h\u00e9sitez pas non plus \u00e0 en disposer chez les commer\u00e7ants ou dans les salles d&rsquo;attente des m\u00e9decins (avec leur autorisation bien s\u00fbr). Vous pouvez d\u00e9cider de reproduire votre affiche en format r\u00e9duit ou bien cr\u00e9er un design compl\u00e8tement diff\u00e9rend pour vos flyers.\u00a0<\/p>\n<p>&nbsp;<\/p>\n<blockquote>\n<p><em>\u00ab\u00a0D&rsquo;un point de vue purement commercial, si No\u00ebl n&rsquo;existait pas, il faudrait l&rsquo;inventer !\u00a0\u00bb <\/em><\/p>\n<\/blockquote>\n<p><em>Katharine Whitehorn<\/em><\/p>\n<h2 style=\"text-align: justify;\">\nComment imprimer son affiche de No\u00ebl ?<\/h2>\n<p style=\"text-align: justify;\">Votre <a href=\"https:\/\/www.jimprimeenfrance.fr\/blog\/pourquoi-creer-des-affiches-publicitaires\/\" target=\"_blank\" rel=\"noopener noreferrer\">affiche<\/a> de No\u00ebl est fin pr\u00eate ? Il ne vous reste plus qu&rsquo;\u00e0 <a href=\"https:\/\/www.jimprimeenfrance.fr\/impression-affiche-en-ligne\" target=\"_blank\" rel=\"noopener noreferrer\">l&rsquo;imprimer<\/a> et \u00e0 l&rsquo;afficher.<\/p>\n<p style=\"text-align: justify;\">Pour cela, il est vraiment conseill\u00e9 de <strong>faire appel \u00e0 un imprimeur professionnel<\/strong>. En effet, m\u00eame si vous poss\u00e9dez une imprimante de bonne qualit\u00e9, elle ne pourra traiter que les petits formats d&rsquo;affiche.<\/p>\n<p style=\"text-align: justify;\">De plus, le rendu graphique ne sera pas optimal. Une affiche de No\u00ebl est souvent tr\u00e8s color\u00e9e, avec des teintes vives et \u00e9clatantes. Si vous voulez qu&rsquo;une fois imprim\u00e9e elle ait de belles couleurs, il vous faudra passer par un imprimeur professionnel.<\/p>\n<p>&nbsp;<\/p>\n<h3 style=\"text-align: justify;\">Quel format choisir pour mon affiche ?<\/h3>\n<p style=\"text-align: justify;\">R\u00e9fl\u00e9chissez \u00e0 la <strong>taille de votre affiche<\/strong>. Elle d\u00e9pend surtout de votre budget, de vos pr\u00e9f\u00e9rences, et du format du support sur lequel vous allez l&rsquo;appliquer (abribus, porte, vitrine&#8230;). Vous avez le choix entre ces diff\u00e9rentes dimensions :<\/p>\n<ul style=\"text-align: justify;\">\n<li>A4<\/li>\n<li>A3<\/li>\n<li>35 x 51<\/li>\n<li>40 x 60 (A2)<\/li>\n<li>70 x 100<\/li>\n<li>80 x 120 (A0)<\/li>\n<li>format abribus<\/li>\n<\/ul>\n<p>&nbsp;<\/p>\n<figure id=\"attachment_2636\" aria-describedby=\"caption-attachment-2636\" style=\"width: 640px\" class=\"wp-caption aligncenter\"><img loading=\"lazy\" decoding=\"async\" class=\"wp-image-2636 size-large\" title=\"Pour un abribus ou pancarte prot\u00e9g\u00e9e ?\" src=\"https:\/\/www.jimprimeenfrance.fr\/blog\/wp-content\/uploads\/2018\/11\/comment-imprimer-son-affiche-de-noel-1024x731.jpg\" alt=\"format pour mon affiche de No\u00ebl\" width=\"640\" height=\"457\" srcset=\"https:\/\/www.jimprimeenfrance.fr\/blog\/wp-content\/uploads\/2018\/11\/comment-imprimer-son-affiche-de-noel.jpg 1024w, https:\/\/www.jimprimeenfrance.fr\/blog\/wp-content\/uploads\/2018\/11\/comment-imprimer-son-affiche-de-noel-300x214.jpg 300w, https:\/\/www.jimprimeenfrance.fr\/blog\/wp-content\/uploads\/2018\/11\/comment-imprimer-son-affiche-de-noel-768x548.jpg 768w\" sizes=\"auto, (max-width: 640px) 100vw, 640px\" \/><figcaption id=\"caption-attachment-2636\" class=\"wp-caption-text\">Quel format pour mon affiche de No\u00ebl<\/figcaption><\/figure>\n<p>&nbsp;<\/p>\n<p><img loading=\"lazy\" decoding=\"async\" class=\"aligncenter size-large wp-image-678\" src=\"https:\/\/www.jimprimeenfrance.fr\/blog\/wp-content\/uploads\/2018\/11\/comment-imprimer-son-affiche-de-No\u00ebl-1024x731.jpg\" alt=\"\" width=\"640\" height=\"457\" \/><img loading=\"lazy\" decoding=\"async\" class=\"aligncenter size-large wp-image-679\" src=\"https:\/\/www.jimprimeenfrance.fr\/blog\/wp-content\/uploads\/2018\/11\/comment-imprimer-son-affiche-de-No\u00ebl-1-1024x731.jpg\" alt=\"\" width=\"640\" height=\"457\" \/><\/p>\n<p style=\"text-align: justify;\">\nVous pouvez ensuite choisir entre <strong>diff\u00e9rents papiers<\/strong>, du 115 g recycl\u00e9 au 135 g couch\u00e9 mat\/brillant en passant par le 350 g couch\u00e9 mat\/brillant. Cela d\u00e9pend de la texture que vous aimeriez donner \u00e0 votre affiche.<\/p>\n<p>&nbsp;<\/p>\n<h3 style=\"text-align: justify;\">Imprimez votre affiche de No\u00ebl avec Printbasprix.com<\/h3>\n<p style=\"text-align: justify;\">Faites confiance \u00e0 <a href=\"https:\/\/www.jimprimeenfrance.fr\/\" target=\"_blank\" rel=\"noopener noreferrer\">Printbasprix.com<\/a>, <strong>expert de l&rsquo;impression en ligne<\/strong> depuis 45 ans, pour r\u00e9aliser des affiches de No\u00ebl d&rsquo;exception. Dans l&rsquo;imprimerie bas\u00e9e \u00e0 Toulouse, des graphistes et des imprimeurs professionnels s&rsquo;occupent de vous fournir le meilleur r\u00e9sultat possible.<\/p>\n<p style=\"text-align: justify;\">Des couleurs travaill\u00e9es, des textes nets et sans bavure&#8230; Vous \u00eates s\u00fbr de faire le bon choix. S\u00e9lectionnez les options d&rsquo;impression souhait\u00e9es puis\u00a0<a href=\"https:\/\/www.jimprimeenfrance.fr\/impression-affiche-en-ligne\" target=\"_blank\" rel=\"noopener noreferrer\">demandez un devis<\/a>\u00a0en quelques minutes. Vous recevrez votre affiche chez vous en minimum 24 heures, l&rsquo;id\u00e9al si c&rsquo;est une commande urgente.\u00a0<\/p>\n<p>&nbsp;<\/p>\n","protected":false},"excerpt":{"rendered":"<p>No\u00ebl sera l\u00e0 d&rsquo;ici quelques semaines et les commer\u00e7ants se pr\u00e9parent d\u00e9j\u00e0 \u00e0 cet \u00e9v\u00e9nement festif. Si vous organisez un march\u00e9 de No\u00ebl dans votre \u00e9cole ou votre ville, vous vous demandez s\u00fbrement comment attirer le plus de personnes possible. Cr\u00e9er une affiche de No\u00ebl est la solution parfaite pour donner de l&rsquo;importance \u00e0 votre [&hellip;]<\/p>\n","protected":false},"author":4,"featured_media":666,"comment_status":"open","ping_status":"open","sticky":false,"template":"","format":"standard","meta":{"_editorskit_title_hidden":false,"_editorskit_reading_time":0,"_editorskit_is_block_options_detached":false,"_editorskit_block_options_position":"{}","footnotes":""},"categories":[3],"tags":[56],"class_list":["post-581","post","type-post","status-publish","format-standard","has-post-thumbnail","hentry","category-affiche","tag-affiche-de-noel"],"yoast_head":"<!-- This site is optimized with the Yoast SEO plugin v27.5 - https:\/\/yoast.com\/product\/yoast-seo-wordpress\/ -->\r\n<title>Communication : comment cr\u00e9er une belle affiche de No\u00ebl ?<\/title>\r\n<meta name=\"description\" content=\"No\u00ebl approche : l&#039;occasion r\u00eav\u00e9e d&#039;organiser des \u00e9v\u00e9nements autour de cette f\u00eate magique. Voici nos conseils pour cr\u00e9er une affiche de No\u00ebl.\" \/>\r\n<meta name=\"robots\" content=\"index, follow, max-snippet:-1, max-image-preview:large, max-video-preview:-1\" \/>\r\n<link rel=\"canonical\" href=\"https:\/\/www.jimprimeenfrance.fr\/blog\/comment-creer-une-belle-affiche-de-noel\/\" \/>\r\n<meta property=\"og:locale\" content=\"fr_FR\" \/>\r\n<meta property=\"og:type\" content=\"article\" \/>\r\n<meta property=\"og:title\" content=\"Communication : comment cr\u00e9er une belle affiche de No\u00ebl ?\" \/>\r\n<meta property=\"og:description\" content=\"No\u00ebl approche : l&#039;occasion r\u00eav\u00e9e d&#039;organiser des \u00e9v\u00e9nements autour de cette f\u00eate magique. Voici nos conseils pour cr\u00e9er une affiche de No\u00ebl.\" \/>\r\n<meta property=\"og:url\" content=\"https:\/\/www.jimprimeenfrance.fr\/blog\/comment-creer-une-belle-affiche-de-noel\/\" \/>\r\n<meta property=\"og:site_name\" content=\"Votre imprimerie en ligne, le blog\" \/>\r\n<meta property=\"article:publisher\" content=\"https:\/\/www.facebook.com\/PrintBasPrix\" \/>\r\n<meta property=\"article:published_time\" content=\"2018-11-21T07:30:20+00:00\" \/>\r\n<meta property=\"article:modified_time\" content=\"2019-08-09T08:04:12+00:00\" \/>\r\n<meta property=\"og:image\" content=\"https:\/\/www.jimprimeenfrance.fr\/blog\/wp-content\/uploads\/2018\/11\/comment-creer-une-belle-affiche-de-noel.jpg\" \/>\r\n\t<meta property=\"og:image:width\" content=\"1600\" \/>\r\n\t<meta property=\"og:image:height\" content=\"500\" \/>\r\n\t<meta property=\"og:image:type\" content=\"image\/jpeg\" \/>\r\n<meta name=\"author\" content=\"PrintBasPrix Imprimerie en ligne\" \/>\r\n<meta name=\"twitter:card\" content=\"summary_large_image\" \/>\r\n<meta name=\"twitter:creator\" content=\"@PrintBasPrix\" \/>\r\n<meta name=\"twitter:site\" content=\"@PrintBasPrix\" \/>\r\n<meta name=\"twitter:label1\" content=\"\u00c9crit par\" \/>\n\t<meta name=\"twitter:data1\" content=\"PrintBasPrix Imprimerie en ligne\" \/>\n\t<meta name=\"twitter:label2\" content=\"Dur\u00e9e de lecture estim\u00e9e\" \/>\n\t<meta name=\"twitter:data2\" content=\"9 minutes\" \/>\r\n<script type=\"application\/ld+json\" class=\"yoast-schema-graph\">{\"@context\":\"https:\\\/\\\/schema.org\",\"@graph\":[{\"@type\":\"Article\",\"@id\":\"https:\\\/\\\/www.jimprimeenfrance.fr\\\/blog\\\/comment-creer-une-belle-affiche-de-noel\\\/#article\",\"isPartOf\":{\"@id\":\"https:\\\/\\\/www.jimprimeenfrance.fr\\\/blog\\\/comment-creer-une-belle-affiche-de-noel\\\/\"},\"author\":{\"name\":\"PrintBasPrix Imprimerie en ligne\",\"@id\":\"https:\\\/\\\/www.jimprimeenfrance.fr\\\/blog\\\/#\\\/schema\\\/person\\\/711bdd00fc82a687615940c5ae0b412c\"},\"headline\":\"Comment cr\u00e9er une belle affiche de No\u00ebl ?\",\"datePublished\":\"2018-11-21T07:30:20+00:00\",\"dateModified\":\"2019-08-09T08:04:12+00:00\",\"mainEntityOfPage\":{\"@id\":\"https:\\\/\\\/www.jimprimeenfrance.fr\\\/blog\\\/comment-creer-une-belle-affiche-de-noel\\\/\"},\"wordCount\":1855,\"commentCount\":3,\"publisher\":{\"@id\":\"https:\\\/\\\/www.jimprimeenfrance.fr\\\/blog\\\/#organization\"},\"image\":{\"@id\":\"https:\\\/\\\/www.jimprimeenfrance.fr\\\/blog\\\/comment-creer-une-belle-affiche-de-noel\\\/#primaryimage\"},\"thumbnailUrl\":\"https:\\\/\\\/www.jimprimeenfrance.fr\\\/blog\\\/wp-content\\\/uploads\\\/2018\\\/11\\\/comment-creer-une-belle-affiche-de-noel.jpg\",\"keywords\":[\"affiche de no\u00ebl\"],\"articleSection\":[\"Affiche\"],\"inLanguage\":\"fr-FR\",\"potentialAction\":[{\"@type\":\"CommentAction\",\"name\":\"Comment\",\"target\":[\"https:\\\/\\\/www.jimprimeenfrance.fr\\\/blog\\\/comment-creer-une-belle-affiche-de-noel\\\/#respond\"]}]},{\"@type\":\"WebPage\",\"@id\":\"https:\\\/\\\/www.jimprimeenfrance.fr\\\/blog\\\/comment-creer-une-belle-affiche-de-noel\\\/\",\"url\":\"https:\\\/\\\/www.jimprimeenfrance.fr\\\/blog\\\/comment-creer-une-belle-affiche-de-noel\\\/\",\"name\":\"Communication : comment cr\u00e9er une belle affiche de No\u00ebl ?\",\"isPartOf\":{\"@id\":\"https:\\\/\\\/www.jimprimeenfrance.fr\\\/blog\\\/#website\"},\"primaryImageOfPage\":{\"@id\":\"https:\\\/\\\/www.jimprimeenfrance.fr\\\/blog\\\/comment-creer-une-belle-affiche-de-noel\\\/#primaryimage\"},\"image\":{\"@id\":\"https:\\\/\\\/www.jimprimeenfrance.fr\\\/blog\\\/comment-creer-une-belle-affiche-de-noel\\\/#primaryimage\"},\"thumbnailUrl\":\"https:\\\/\\\/www.jimprimeenfrance.fr\\\/blog\\\/wp-content\\\/uploads\\\/2018\\\/11\\\/comment-creer-une-belle-affiche-de-noel.jpg\",\"datePublished\":\"2018-11-21T07:30:20+00:00\",\"dateModified\":\"2019-08-09T08:04:12+00:00\",\"description\":\"No\u00ebl approche : l'occasion r\u00eav\u00e9e d'organiser des \u00e9v\u00e9nements autour de cette f\u00eate magique. Voici nos conseils pour cr\u00e9er une affiche de No\u00ebl.\",\"breadcrumb\":{\"@id\":\"https:\\\/\\\/www.jimprimeenfrance.fr\\\/blog\\\/comment-creer-une-belle-affiche-de-noel\\\/#breadcrumb\"},\"inLanguage\":\"fr-FR\",\"potentialAction\":[{\"@type\":\"ReadAction\",\"target\":[\"https:\\\/\\\/www.jimprimeenfrance.fr\\\/blog\\\/comment-creer-une-belle-affiche-de-noel\\\/\"]}]},{\"@type\":\"ImageObject\",\"inLanguage\":\"fr-FR\",\"@id\":\"https:\\\/\\\/www.jimprimeenfrance.fr\\\/blog\\\/comment-creer-une-belle-affiche-de-noel\\\/#primaryimage\",\"url\":\"https:\\\/\\\/www.jimprimeenfrance.fr\\\/blog\\\/wp-content\\\/uploads\\\/2018\\\/11\\\/comment-creer-une-belle-affiche-de-noel.jpg\",\"contentUrl\":\"https:\\\/\\\/www.jimprimeenfrance.fr\\\/blog\\\/wp-content\\\/uploads\\\/2018\\\/11\\\/comment-creer-une-belle-affiche-de-noel.jpg\",\"width\":1600,\"height\":500,\"caption\":\"comment cr\u00e9er une belle affiche de no\u00ebl\"},{\"@type\":\"BreadcrumbList\",\"@id\":\"https:\\\/\\\/www.jimprimeenfrance.fr\\\/blog\\\/comment-creer-une-belle-affiche-de-noel\\\/#breadcrumb\",\"itemListElement\":[{\"@type\":\"ListItem\",\"position\":1,\"name\":\"Accueil\",\"item\":\"https:\\\/\\\/www.jimprimeenfrance.fr\\\/blog\\\/\"},{\"@type\":\"ListItem\",\"position\":2,\"name\":\"Comment cr\u00e9er une belle affiche de No\u00ebl ?\"}]},{\"@type\":\"WebSite\",\"@id\":\"https:\\\/\\\/www.jimprimeenfrance.fr\\\/blog\\\/#website\",\"url\":\"https:\\\/\\\/www.jimprimeenfrance.fr\\\/blog\\\/\",\"name\":\"Votre imprimerie en ligne, le blog\",\"description\":\"Impressionnez et faites bonne impression avec nos conseils d&#039;imprimerie online\",\"publisher\":{\"@id\":\"https:\\\/\\\/www.jimprimeenfrance.fr\\\/blog\\\/#organization\"},\"potentialAction\":[{\"@type\":\"SearchAction\",\"target\":{\"@type\":\"EntryPoint\",\"urlTemplate\":\"https:\\\/\\\/www.jimprimeenfrance.fr\\\/blog\\\/?s={search_term_string}\"},\"query-input\":{\"@type\":\"PropertyValueSpecification\",\"valueRequired\":true,\"valueName\":\"search_term_string\"}}],\"inLanguage\":\"fr-FR\"},{\"@type\":\"Organization\",\"@id\":\"https:\\\/\\\/www.jimprimeenfrance.fr\\\/blog\\\/#organization\",\"name\":\"PrintBasPrix - Imprimerie en ligne\",\"url\":\"https:\\\/\\\/www.jimprimeenfrance.fr\\\/blog\\\/\",\"logo\":{\"@type\":\"ImageObject\",\"inLanguage\":\"fr-FR\",\"@id\":\"https:\\\/\\\/www.jimprimeenfrance.fr\\\/blog\\\/#\\\/schema\\\/logo\\\/image\\\/\",\"url\":\"https:\\\/\\\/www.jimprimeenfrance.fr\\\/blog\\\/wp-content\\\/uploads\\\/2018\\\/07\\\/cropped-printbasprix-imprimeur-en-ligne.png\",\"contentUrl\":\"https:\\\/\\\/www.jimprimeenfrance.fr\\\/blog\\\/wp-content\\\/uploads\\\/2018\\\/07\\\/cropped-printbasprix-imprimeur-en-ligne.png\",\"width\":361,\"height\":86,\"caption\":\"PrintBasPrix - Imprimerie en ligne\"},\"image\":{\"@id\":\"https:\\\/\\\/www.jimprimeenfrance.fr\\\/blog\\\/#\\\/schema\\\/logo\\\/image\\\/\"},\"sameAs\":[\"https:\\\/\\\/www.facebook.com\\\/PrintBasPrix\",\"https:\\\/\\\/x.com\\\/PrintBasPrix\",\"https:\\\/\\\/www.instagram.com\\\/printbasprix\\\/\",\"https:\\\/\\\/www.linkedin.com\\\/company\\\/printbasprix\\\/\",\"https:\\\/\\\/www.youtube.com\\\/channel\\\/UC0Ysbd0Gbzzp0yMgrfNQqug\"]},{\"@type\":\"Person\",\"@id\":\"https:\\\/\\\/www.jimprimeenfrance.fr\\\/blog\\\/#\\\/schema\\\/person\\\/711bdd00fc82a687615940c5ae0b412c\",\"name\":\"PrintBasPrix Imprimerie en ligne\",\"image\":{\"@type\":\"ImageObject\",\"inLanguage\":\"fr-FR\",\"@id\":\"https:\\\/\\\/secure.gravatar.com\\\/avatar\\\/e898f6c9f447b2b28a568c2fec45e0fef703b12c4f80de6258e9bcb2e61aaf27?s=96&r=g\",\"url\":\"https:\\\/\\\/secure.gravatar.com\\\/avatar\\\/e898f6c9f447b2b28a568c2fec45e0fef703b12c4f80de6258e9bcb2e61aaf27?s=96&r=g\",\"contentUrl\":\"https:\\\/\\\/secure.gravatar.com\\\/avatar\\\/e898f6c9f447b2b28a568c2fec45e0fef703b12c4f80de6258e9bcb2e61aaf27?s=96&r=g\",\"caption\":\"PrintBasPrix Imprimerie en ligne\"},\"url\":\"https:\\\/\\\/www.jimprimeenfrance.fr\\\/blog\\\/author\\\/printbasprix-imprimerie-en-ligne\\\/\"}]}<\/script>\r\n<!-- \/ Yoast SEO plugin. -->","yoast_head_json":{"title":"Communication : comment cr\u00e9er une belle affiche de No\u00ebl ?","description":"No\u00ebl approche : l'occasion r\u00eav\u00e9e d'organiser des \u00e9v\u00e9nements autour de cette f\u00eate magique. Voici nos conseils pour cr\u00e9er une affiche de No\u00ebl.","robots":{"index":"index","follow":"follow","max-snippet":"max-snippet:-1","max-image-preview":"max-image-preview:large","max-video-preview":"max-video-preview:-1"},"canonical":"https:\/\/www.jimprimeenfrance.fr\/blog\/comment-creer-une-belle-affiche-de-noel\/","og_locale":"fr_FR","og_type":"article","og_title":"Communication : comment cr\u00e9er une belle affiche de No\u00ebl ?","og_description":"No\u00ebl approche : l'occasion r\u00eav\u00e9e d'organiser des \u00e9v\u00e9nements autour de cette f\u00eate magique. Voici nos conseils pour cr\u00e9er une affiche de No\u00ebl.","og_url":"https:\/\/www.jimprimeenfrance.fr\/blog\/comment-creer-une-belle-affiche-de-noel\/","og_site_name":"Votre imprimerie en ligne, le blog","article_publisher":"https:\/\/www.facebook.com\/PrintBasPrix","article_published_time":"2018-11-21T07:30:20+00:00","article_modified_time":"2019-08-09T08:04:12+00:00","og_image":[{"width":1600,"height":500,"url":"https:\/\/www.jimprimeenfrance.fr\/blog\/wp-content\/uploads\/2018\/11\/comment-creer-une-belle-affiche-de-noel.jpg","type":"image\/jpeg"}],"author":"PrintBasPrix Imprimerie en ligne","twitter_card":"summary_large_image","twitter_creator":"@PrintBasPrix","twitter_site":"@PrintBasPrix","twitter_misc":{"\u00c9crit par":"PrintBasPrix Imprimerie en ligne","Dur\u00e9e de lecture estim\u00e9e":"9 minutes"},"schema":{"@context":"https:\/\/schema.org","@graph":[{"@type":"Article","@id":"https:\/\/www.jimprimeenfrance.fr\/blog\/comment-creer-une-belle-affiche-de-noel\/#article","isPartOf":{"@id":"https:\/\/www.jimprimeenfrance.fr\/blog\/comment-creer-une-belle-affiche-de-noel\/"},"author":{"name":"PrintBasPrix Imprimerie en ligne","@id":"https:\/\/www.jimprimeenfrance.fr\/blog\/#\/schema\/person\/711bdd00fc82a687615940c5ae0b412c"},"headline":"Comment cr\u00e9er une belle affiche de No\u00ebl ?","datePublished":"2018-11-21T07:30:20+00:00","dateModified":"2019-08-09T08:04:12+00:00","mainEntityOfPage":{"@id":"https:\/\/www.jimprimeenfrance.fr\/blog\/comment-creer-une-belle-affiche-de-noel\/"},"wordCount":1855,"commentCount":3,"publisher":{"@id":"https:\/\/www.jimprimeenfrance.fr\/blog\/#organization"},"image":{"@id":"https:\/\/www.jimprimeenfrance.fr\/blog\/comment-creer-une-belle-affiche-de-noel\/#primaryimage"},"thumbnailUrl":"https:\/\/www.jimprimeenfrance.fr\/blog\/wp-content\/uploads\/2018\/11\/comment-creer-une-belle-affiche-de-noel.jpg","keywords":["affiche de no\u00ebl"],"articleSection":["Affiche"],"inLanguage":"fr-FR","potentialAction":[{"@type":"CommentAction","name":"Comment","target":["https:\/\/www.jimprimeenfrance.fr\/blog\/comment-creer-une-belle-affiche-de-noel\/#respond"]}]},{"@type":"WebPage","@id":"https:\/\/www.jimprimeenfrance.fr\/blog\/comment-creer-une-belle-affiche-de-noel\/","url":"https:\/\/www.jimprimeenfrance.fr\/blog\/comment-creer-une-belle-affiche-de-noel\/","name":"Communication : comment cr\u00e9er une belle affiche de No\u00ebl ?","isPartOf":{"@id":"https:\/\/www.jimprimeenfrance.fr\/blog\/#website"},"primaryImageOfPage":{"@id":"https:\/\/www.jimprimeenfrance.fr\/blog\/comment-creer-une-belle-affiche-de-noel\/#primaryimage"},"image":{"@id":"https:\/\/www.jimprimeenfrance.fr\/blog\/comment-creer-une-belle-affiche-de-noel\/#primaryimage"},"thumbnailUrl":"https:\/\/www.jimprimeenfrance.fr\/blog\/wp-content\/uploads\/2018\/11\/comment-creer-une-belle-affiche-de-noel.jpg","datePublished":"2018-11-21T07:30:20+00:00","dateModified":"2019-08-09T08:04:12+00:00","description":"No\u00ebl approche : l'occasion r\u00eav\u00e9e d'organiser des \u00e9v\u00e9nements autour de cette f\u00eate magique. Voici nos conseils pour cr\u00e9er une affiche de No\u00ebl.","breadcrumb":{"@id":"https:\/\/www.jimprimeenfrance.fr\/blog\/comment-creer-une-belle-affiche-de-noel\/#breadcrumb"},"inLanguage":"fr-FR","potentialAction":[{"@type":"ReadAction","target":["https:\/\/www.jimprimeenfrance.fr\/blog\/comment-creer-une-belle-affiche-de-noel\/"]}]},{"@type":"ImageObject","inLanguage":"fr-FR","@id":"https:\/\/www.jimprimeenfrance.fr\/blog\/comment-creer-une-belle-affiche-de-noel\/#primaryimage","url":"https:\/\/www.jimprimeenfrance.fr\/blog\/wp-content\/uploads\/2018\/11\/comment-creer-une-belle-affiche-de-noel.jpg","contentUrl":"https:\/\/www.jimprimeenfrance.fr\/blog\/wp-content\/uploads\/2018\/11\/comment-creer-une-belle-affiche-de-noel.jpg","width":1600,"height":500,"caption":"comment cr\u00e9er une belle affiche de no\u00ebl"},{"@type":"BreadcrumbList","@id":"https:\/\/www.jimprimeenfrance.fr\/blog\/comment-creer-une-belle-affiche-de-noel\/#breadcrumb","itemListElement":[{"@type":"ListItem","position":1,"name":"Accueil","item":"https:\/\/www.jimprimeenfrance.fr\/blog\/"},{"@type":"ListItem","position":2,"name":"Comment cr\u00e9er une belle affiche de No\u00ebl ?"}]},{"@type":"WebSite","@id":"https:\/\/www.jimprimeenfrance.fr\/blog\/#website","url":"https:\/\/www.jimprimeenfrance.fr\/blog\/","name":"Votre imprimerie en ligne, le blog","description":"Impressionnez et faites bonne impression avec nos conseils d&#039;imprimerie online","publisher":{"@id":"https:\/\/www.jimprimeenfrance.fr\/blog\/#organization"},"potentialAction":[{"@type":"SearchAction","target":{"@type":"EntryPoint","urlTemplate":"https:\/\/www.jimprimeenfrance.fr\/blog\/?s={search_term_string}"},"query-input":{"@type":"PropertyValueSpecification","valueRequired":true,"valueName":"search_term_string"}}],"inLanguage":"fr-FR"},{"@type":"Organization","@id":"https:\/\/www.jimprimeenfrance.fr\/blog\/#organization","name":"PrintBasPrix - Imprimerie en ligne","url":"https:\/\/www.jimprimeenfrance.fr\/blog\/","logo":{"@type":"ImageObject","inLanguage":"fr-FR","@id":"https:\/\/www.jimprimeenfrance.fr\/blog\/#\/schema\/logo\/image\/","url":"https:\/\/www.jimprimeenfrance.fr\/blog\/wp-content\/uploads\/2018\/07\/cropped-printbasprix-imprimeur-en-ligne.png","contentUrl":"https:\/\/www.jimprimeenfrance.fr\/blog\/wp-content\/uploads\/2018\/07\/cropped-printbasprix-imprimeur-en-ligne.png","width":361,"height":86,"caption":"PrintBasPrix - Imprimerie en ligne"},"image":{"@id":"https:\/\/www.jimprimeenfrance.fr\/blog\/#\/schema\/logo\/image\/"},"sameAs":["https:\/\/www.facebook.com\/PrintBasPrix","https:\/\/x.com\/PrintBasPrix","https:\/\/www.instagram.com\/printbasprix\/","https:\/\/www.linkedin.com\/company\/printbasprix\/","https:\/\/www.youtube.com\/channel\/UC0Ysbd0Gbzzp0yMgrfNQqug"]},{"@type":"Person","@id":"https:\/\/www.jimprimeenfrance.fr\/blog\/#\/schema\/person\/711bdd00fc82a687615940c5ae0b412c","name":"PrintBasPrix Imprimerie en ligne","image":{"@type":"ImageObject","inLanguage":"fr-FR","@id":"https:\/\/secure.gravatar.com\/avatar\/e898f6c9f447b2b28a568c2fec45e0fef703b12c4f80de6258e9bcb2e61aaf27?s=96&r=g","url":"https:\/\/secure.gravatar.com\/avatar\/e898f6c9f447b2b28a568c2fec45e0fef703b12c4f80de6258e9bcb2e61aaf27?s=96&r=g","contentUrl":"https:\/\/secure.gravatar.com\/avatar\/e898f6c9f447b2b28a568c2fec45e0fef703b12c4f80de6258e9bcb2e61aaf27?s=96&r=g","caption":"PrintBasPrix Imprimerie en ligne"},"url":"https:\/\/www.jimprimeenfrance.fr\/blog\/author\/printbasprix-imprimerie-en-ligne\/"}]}},"_links":{"self":[{"href":"https:\/\/www.jimprimeenfrance.fr\/blog\/wp-json\/wp\/v2\/posts\/581","targetHints":{"allow":["GET"]}}],"collection":[{"href":"https:\/\/www.jimprimeenfrance.fr\/blog\/wp-json\/wp\/v2\/posts"}],"about":[{"href":"https:\/\/www.jimprimeenfrance.fr\/blog\/wp-json\/wp\/v2\/types\/post"}],"author":[{"embeddable":true,"href":"https:\/\/www.jimprimeenfrance.fr\/blog\/wp-json\/wp\/v2\/users\/4"}],"replies":[{"embeddable":true,"href":"https:\/\/www.jimprimeenfrance.fr\/blog\/wp-json\/wp\/v2\/comments?post=581"}],"version-history":[{"count":30,"href":"https:\/\/www.jimprimeenfrance.fr\/blog\/wp-json\/wp\/v2\/posts\/581\/revisions"}],"predecessor-version":[{"id":2637,"href":"https:\/\/www.jimprimeenfrance.fr\/blog\/wp-json\/wp\/v2\/posts\/581\/revisions\/2637"}],"wp:featuredmedia":[{"embeddable":true,"href":"https:\/\/www.jimprimeenfrance.fr\/blog\/wp-json\/wp\/v2\/media\/666"}],"wp:attachment":[{"href":"https:\/\/www.jimprimeenfrance.fr\/blog\/wp-json\/wp\/v2\/media?parent=581"}],"wp:term":[{"taxonomy":"category","embeddable":true,"href":"https:\/\/www.jimprimeenfrance.fr\/blog\/wp-json\/wp\/v2\/categories?post=581"},{"taxonomy":"post_tag","embeddable":true,"href":"https:\/\/www.jimprimeenfrance.fr\/blog\/wp-json\/wp\/v2\/tags?post=581"}],"curies":[{"name":"wp","href":"https:\/\/api.w.org\/{rel}","templated":true}]}}