{"id":5605,"date":"2020-12-09T08:30:34","date_gmt":"2020-12-09T07:30:34","guid":{"rendered":"https:\/\/www.jimprimeenfrance.fr\/blog\/?p=5605"},"modified":"2020-12-08T19:19:26","modified_gmt":"2020-12-08T18:19:26","slug":"commercants-entreprises-aides-covid-communication-impression","status":"publish","type":"post","link":"https:\/\/www.jimprimeenfrance.fr\/blog\/commercants-entreprises-aides-covid-communication-impression\/","title":{"rendered":"Commer\u00e7ants, entreprises, ind\u00e9pendants : s&rsquo;y retrouver dans les aides covid pour relancer ses projets d&rsquo;impression publicitaire"},"content":{"rendered":"<p style=\"text-align: justify\">Les pouvoirs publics ont ouvert de nombreux guichets pour aider les entreprises \u00e0 passer le cap de la crise sanitaire. Encore faut-il savoir \u00e0 quelle porte frapper selon sa situation et les crit\u00e8res d&rsquo;\u00e9ligibilit\u00e9 pour b\u00e9n\u00e9ficier d&rsquo;une des aides annonc\u00e9es. Or, force est de constater qu&rsquo;on peut s&rsquo;y perdre, surtout quand on est habitu\u00e9 \u00e0 se d\u00e9brouiller tout seul.<\/p>\n<p style=\"text-align: justify\">Il est donc primordial de ne pas s&rsquo;enliser dans des d\u00e9marches inutiles et de savoir faire les calculs qui permettront d&rsquo;optimiser les aides pouvant \u00eatre obtenues.<\/p>\n<p style=\"text-align: justify\">Gr\u00e2ce \u00e0 cela, il devient alors possible de relancer ses projets print et de red\u00e9finir\u00a0 le budget pouvant leur \u00eatre affect\u00e9s.<\/p>\n<p style=\"text-align: justify\">Indiscutablement, les actions de communication font partie des <strong>actions prioritaires pour relancer une activit\u00e9<\/strong>. Il est toujours vrai de penser que :<\/p>\n<blockquote>\n<p>La publicit\u00e9, c&rsquo;est vendre des courants d&rsquo;air, mais ce sont ces courants d&rsquo;air qui font tourner les moulins.<\/p>\n<\/blockquote>\n<p style=\"text-align: justify\">Cette citation de <strong>Marcel Bleustein-Blanchet<\/strong>, le fondateur de Publicis, peut para\u00eetre \u00ab\u00a0bateau\u00a0\u00bb, mais malgr\u00e9 les ann\u00e9es et les th\u00e9ories, elle reste toujours d&rsquo;actualit\u00e9. Et, \u00e0 plus forte raison, quand les moulins sont \u00e0 l&rsquo;arr\u00eat.<\/p>\n<p style=\"text-align: justify\">\u00a0<\/p>\n<p>Les aides de l&rsquo;\u00c9tat, qui sont de 7 types diff\u00e9rents, s&rsquo;adressent aux :<\/p>\n<ul>\n<li style=\"text-align: justify\">Commer\u00e7ants.<\/li>\n<li style=\"text-align: justify\">Ind\u00e9pendants.<\/li>\n<li style=\"text-align: justify\">Entreprises.<\/li>\n<\/ul>\n<p style=\"text-align: justify\">Elles permettent de retrouver une marge de man\u0153uvre et relancer prioritairement les <strong>projets d&rsquo;impression publicitaire.<\/strong> Mais, en cherchant bien on peut s\u00fbrement\u00a0 trouver d&rsquo;autres aides. Notamment, si on prend la peine de consulter le diff\u00e9rentes collectivit\u00e9s locales, entre autres, les R\u00e9gions.\u00a0<\/p>\n<p style=\"text-align: justify\">\u00a0<\/p>\n<h2 style=\"text-align: justify\">D\u00e9lais de paiement et exon\u00e9rations des charges sociales et fiscales<\/h2>\n<p style=\"text-align: justify\">Ce ne sont pas des aides franchement nouvelles, mais, disons qu&rsquo;elles sont plus faciles \u00e0 demander qu&rsquo;habituellement. Il est donc possible de demander le report, sans p\u00e9nalit\u00e9 ni majoration, du paiement de ses charges sociales et fiscales. Cela peut effectivement aider, m\u00eame s&rsquo;il faudra bien les payer un jour. D&rsquo;o\u00f9, la n\u00e9cessit\u00e9 de ne pas s&rsquo;endormir sur les avantages obtenus.\u00a0<\/p>\n<p style=\"text-align: center\">\u00a0<\/p>\n<figure id=\"attachment_5645\" aria-describedby=\"caption-attachment-5645\" style=\"width: 493px\" class=\"wp-caption aligncenter\"><img loading=\"lazy\" decoding=\"async\" class=\" wp-image-5645\" src=\"https:\/\/www.jimprimeenfrance.fr\/blog\/wp-content\/uploads\/2020\/12\/Marcel-Bleustein-Blanchet-300x194.jpg\" alt=\"Marcel Bleustein-Blanchet\" width=\"493\" height=\"319\" srcset=\"https:\/\/www.jimprimeenfrance.fr\/blog\/wp-content\/uploads\/2020\/12\/Marcel-Bleustein-Blanchet-300x194.jpg 300w, https:\/\/www.jimprimeenfrance.fr\/blog\/wp-content\/uploads\/2020\/12\/Marcel-Bleustein-Blanchet-1024x662.jpg 1024w, https:\/\/www.jimprimeenfrance.fr\/blog\/wp-content\/uploads\/2020\/12\/Marcel-Bleustein-Blanchet-768x497.jpg 768w, https:\/\/www.jimprimeenfrance.fr\/blog\/wp-content\/uploads\/2020\/12\/Marcel-Bleustein-Blanchet.jpg 1200w\" sizes=\"auto, (max-width: 493px) 100vw, 493px\" \/><figcaption id=\"caption-attachment-5645\" class=\"wp-caption-text\">Marcel Bleustein-Blanchet<\/figcaption><\/figure>\n<p>&nbsp;<\/p>\n<p style=\"text-align: justify\">A noter que dans le cas o\u00f9 l&rsquo;activit\u00e9 a d\u00fb \u00eatre interrompue du fait d&rsquo;une fermeture administrative, le paiement diff\u00e9r\u00e9 peut \u00eatre transform\u00e9 en <strong>exon\u00e9ration pure et simple<\/strong>. C&rsquo;est toujours \u00e7a de gagn\u00e9, mais encore faut-il en faire la demande.\u00a0<\/p>\n<p style=\"text-align: justify\">\u00a0<\/p>\n<h2 style=\"text-align: justify\">Remise des imp\u00f4ts directs<\/h2>\n<p style=\"text-align: justify\">Elle se situe dans le droit fil des exon\u00e9rations des charges sociales et fiscales pr\u00e9c\u00e9dentes. Elle concerne essentiellement l&rsquo;<strong>Imp\u00f4t sur les Soci\u00e9t\u00e9s (IS)<\/strong> et la <strong>Contribution \u00c9conomique Territoriale (CET)<\/strong>. Ces deux imp\u00f4ts ne peuvent faire l&rsquo;objet d&rsquo;une exon\u00e9ration puisqu&rsquo;ils ne peuvent \u00eatre rattach\u00e9s \u00e0 une p\u00e9riode de fermeture administrative. Par principe, ils restent donc dus quoi qu&rsquo;il en soit.\u00a0<\/p>\n<p style=\"text-align: justify\">Cependant, comme en temps normal, il est toujours possible d&rsquo;en demander le paiement diff\u00e9r\u00e9 en faisant valoir aupr\u00e8s du comptable public concern\u00e9 les difficult\u00e9s rencontr\u00e9es. Covid ou pas covid. En principe, il n&rsquo;est pas envisageable d&rsquo;obtenir plus de 12 \u00e9ch\u00e9ances.\u00a0<\/p>\n<p style=\"text-align: justify\">Mais, quoi qu&rsquo;il en soit, crise sanitaire oblige, une autre option a \u00e9t\u00e9 admise, celle de la<strong> remise gracieuse<\/strong>. Autrement dit, en raison des circonstances et si la preuve est faite qu&rsquo;un report ou un \u00e9talement s&rsquo;av\u00e8re impossible, on peut demander \u00e0 ce que ces deux imp\u00f4ts soient purement et simplement annul\u00e9s par le service qui les a\u00a0 initialement \u00e9tabli.\u00a0<\/p>\n<p style=\"text-align: justify\">Rien d&rsquo;automatique, en ce qui concerne le r\u00e9sultat de chacune des proc\u00e9dures offertes, mais, au moins, l&rsquo;assurance de ne se heurter \u00e0 aucun rejet pour irrecevabilit\u00e9 et la certitude que le dossier d\u00e9pos\u00e9 sera bien examin\u00e9. Ce qui signifie que la <strong>d\u00e9cision administrative doit \u00eatre motiv\u00e9e<\/strong>. Quelle qu&rsquo;elle soit. Or, qui dit d\u00e9cision administrative motiv\u00e9e, dit aussi, possibilit\u00e9 de la contester.\u00a0 Si elle ne convient pas, bien s\u00fbr, et qu&rsquo;on n&rsquo;a pas d&rsquo;autre choix.<\/p>\n<p style=\"text-align: justify\">\u00a0<\/p>\n<h2 style=\"text-align: justify\">Aide au paiement des loyers des commer\u00e7ants et entreprises\u00a0<\/h2>\n<p style=\"text-align: justify\">Elle d\u00e9pend essentiellement des n\u00e9gociations entre bailleurs et preneurs. Les pouvoirs publics n&rsquo;interviennent dans cette n\u00e9gociation que de mani\u00e8re accessoire. Ind\u00e9pendamment de la recommandation faite aux bailleurs de se montrer compr\u00e9hensifs vis \u00e0 vis de leurs locataires, ce que beaucoup acceptent sans rechigner, l&rsquo;administration fiscale accorde un <strong>cr\u00e9dit d&rsquo;imp\u00f4t de 50 %<\/strong> aux bailleurs ayant annul\u00e9 l&rsquo;\u00e9ch\u00e9ance du mois de novembre.\u00a0<\/p>\n<p style=\"text-align: justify\">Toutefois, cet avantage fiscal ne s&rsquo;applique ni aux frais d&rsquo;assurance, ni aux loyers correspondant \u00e0 des locations de biens meubles. Comme on le voit, cette aide au paiement des loyers ajoute peu aux habituelles discussions entre un propri\u00e9taire et un locataire en cas de difficult\u00e9 de paiement du loyer. Il ne faut donc pas attendre de l&rsquo;Etat qu&rsquo;il le prenne \u00e0 sa charge.<\/p>\n<p style=\"text-align: justify\">\u00a0<\/p>\n<h2 style=\"text-align: justify\">Aides du fonds de solidarit\u00e9 pour les entreprises, les ind\u00e9pendants et les entrepreneurs<\/h2>\n<p style=\"text-align: justify\">Ce sont les aides dont on parle le plus dans les m\u00e9dias. Elle n&rsquo;est pas automatique et il faut en faire la demande par l&rsquo;interm\u00e9diaire d&rsquo;un formulaire mis en ligne le 20 novembre, pour le mois d&rsquo;octobre, et le 4 d\u00e9cembre, pour le mois de novembre. Autrement dit, c&rsquo;est une subvention circonscrite \u00e0 une p\u00e9riode pr\u00e9cise.<\/p>\n<p style=\"text-align: justify\">Attention, elle ne peut \u00eatre demand\u00e9e que dans un d\u00e9lai de deux mois suivant la p\u00e9riode consid\u00e9r\u00e9e.\u00a0<\/p>\n<p style=\"text-align: center\">\u00a0<\/p>\n<figure id=\"attachment_5649\" aria-describedby=\"caption-attachment-5649\" style=\"width: 422px\" class=\"wp-caption aligncenter\"><img loading=\"lazy\" decoding=\"async\" class=\" wp-image-5649\" src=\"https:\/\/www.jimprimeenfrance.fr\/blog\/wp-content\/uploads\/2020\/12\/Aides-du-fonds-de-solidarite-pour-les-entreprises-les-independants-et-les-entrepreneurs-300x200.jpg\" alt=\"Aides du fonds de solidarit\u00e9 pour les entreprises, les ind\u00e9pendants et les entrepreneurs\" width=\"422\" height=\"281\" srcset=\"https:\/\/www.jimprimeenfrance.fr\/blog\/wp-content\/uploads\/2020\/12\/Aides-du-fonds-de-solidarite-pour-les-entreprises-les-independants-et-les-entrepreneurs-300x200.jpg 300w, https:\/\/www.jimprimeenfrance.fr\/blog\/wp-content\/uploads\/2020\/12\/Aides-du-fonds-de-solidarite-pour-les-entreprises-les-independants-et-les-entrepreneurs-768x512.jpg 768w, https:\/\/www.jimprimeenfrance.fr\/blog\/wp-content\/uploads\/2020\/12\/Aides-du-fonds-de-solidarite-pour-les-entreprises-les-independants-et-les-entrepreneurs.jpg 1000w\" sizes=\"auto, (max-width: 422px) 100vw, 422px\" \/><figcaption id=\"caption-attachment-5649\" class=\"wp-caption-text\">Aides du fonds de solidarit\u00e9 pour les entreprises, les ind\u00e9pendants et les entrepreneurs<\/figcaption><\/figure>\n<p>&nbsp;<\/p>\n<h3 style=\"text-align: justify\">Ce qu&rsquo;il faut retenir de ces aides<\/h3>\n<ul style=\"text-align: justify\">\n<li>La subvention est <a href=\"https:\/\/www.impots.gouv.fr\/portail\/node\/13665\" target=\"_blank\" rel=\"noopener noreferrer\">tr\u00e8s largement accessible<\/a> \u00e0 toutes les petites entreprises, avec ou sans salari\u00e9.\u00a0<\/li>\n<li>N\u00e9anmoins, elle fait l&rsquo;objet de 5 r\u00e9gimes diff\u00e9rents suivant la situation dans laquelle se trouve l&rsquo;entreprise.<\/li>\n<li>En principe, le fonds retient automatiquement le r\u00e9gime le plus favorable.\u00a0<\/li>\n<li>Selon le r\u00e9gime retenu, le montant de la subvention varie, pour le mois pris en compte, de 1500 \u20ac \u00e0 10 000 \u20ac.<\/li>\n<\/ul>\n<p style=\"text-align: justify\">A noter que compte tenu de la diversit\u00e9 des situations prises en compte, la demande de subvention n\u00e9cessite une attention soutenue pour \u00eatre correctement formul\u00e9e. Et, cela d&rsquo;autant plus, que son attribution fait l&rsquo;objet de contr\u00f4les avant et apr\u00e8s attribution.\u00a0<\/p>\n<p style=\"text-align: justify\">\u00a0<\/p>\n<h2 style=\"text-align: justify\">Pr\u00eat garanti par l&rsquo;Etat<\/h2>\n<p style=\"text-align: justify\">C&rsquo;est aussi une mesure d&rsquo;aide de l&rsquo;Etat qui a fait l&rsquo;objet de beaucoup de publicit\u00e9. Le pr\u00eat est avant tout un <a href=\"https:\/\/www.service-public.fr\/professionnels-entreprises\/vosdroits\/F35201\" target=\"_blank\" rel=\"noopener noreferrer\">pr\u00eat de tr\u00e9sorerie<\/a>. Son amortissement peut aller de 1 \u00e0 5 ans avec un taux compris entre 1 et 2,5%.<\/p>\n<p style=\"text-align: justify\">N\u00e9goci\u00e9 avec une banque avec la garantie de l&rsquo;Etat, option ordinaire, son montant peut \u00eatre \u00e9gal \u00e0 3 mois du chiffre d&rsquo;affaires 2019 ou \u00e0 2 mois de la masse salariale.\u00a0<\/p>\n<p style=\"text-align: justify\">S&rsquo;il est pr\u00eat\u00e9 directement par l&rsquo;Etat, option en dernier ressort, son montant maximum est de 10 000 euros. N\u00e9anmoins, Ce montant peut \u00eatre plus \u00e9lev\u00e9 si l&rsquo;entreprise a plus de 10 salari\u00e9s.<\/p>\n<p style=\"text-align: justify\">\u00ab\u00a0Last but not the least\u00a0\u00bb, les d\u00e9marches pour obtenir ce pr\u00eat peuvent \u00eatre engag\u00e9es jusqu&rsquo;au 30 juin 2021. Mais, de toute fa\u00e7on, il faut commencer par aller voir son banquier.\u00a0<\/p>\n<p style=\"text-align: justify\">\u00a0<\/p>\n<h2 style=\"text-align: justify\">R\u00e9\u00e9chelonnement des cr\u00e9dits bancaires<\/h2>\n<p style=\"text-align: justify\">Tant qu&rsquo;\u00e0 faire qu&rsquo;\u00e0 aller voir son banquier pour lui demander un pr\u00eat de tr\u00e9sorerie, autant voir \u00e9galement avec lui les conditions dans lesquelles il est possible de r\u00e9\u00e9chelonner les cr\u00e9dits bancaires qui peuvent \u00e9galement courir. L\u00e0, comme ailleurs, l&rsquo;Etat peut aider \u00e0 solutionner le probl\u00e8me, mais le r\u00e9sultat final d\u00e9pend, principalement, de la libre n\u00e9gociation entre le banquier et son client, actuel ou potentiel.\u00a0<\/p>\n<p style=\"text-align: justify\">En effet, si le banquier se montre ferm\u00e9 \u00e0 toutes les options et qu&rsquo;aucune autre solution ne peut \u00eatre trouv\u00e9, il reste toujours la possibilit\u00e9 de saisir le <a href=\"https:\/\/mediateur-credit.banque-france.fr\/\" target=\"_blank\" rel=\"noopener noreferrer\">m\u00e9diateur du cr\u00e9dit<\/a> de la Banque de France. C&rsquo;est gratuit et rapide.\u00a0<\/p>\n<p style=\"text-align: justify\">\u00a0<\/p>\n<h2 style=\"text-align: justify\">Indemnisation du ch\u00f4mage partiel<\/h2>\n<p style=\"text-align: justify\">C&rsquo;est une des mesures phare du plan de soutien aux entreprises mis en \u0153uvre par l&rsquo;Etat. Encore faut-il, bien s\u00fbr, avoir des salari\u00e9s. En tout cas, pour les entreprises qui ont des salari\u00e9s, car plus de 3 millions n&rsquo;en ont aucun.<\/p>\n<p style=\"text-align: center\">\u00a0<\/p>\n<figure id=\"attachment_5647\" aria-describedby=\"caption-attachment-5647\" style=\"width: 411px\" class=\"wp-caption aligncenter\"><img loading=\"lazy\" decoding=\"async\" class=\" wp-image-5647\" src=\"https:\/\/www.jimprimeenfrance.fr\/blog\/wp-content\/uploads\/2020\/12\/Indemnisation-du-chomage-partiel-300x200.jpg\" alt=\"Indemnisation du ch\u00f4mage partiel\" width=\"411\" height=\"274\" srcset=\"https:\/\/www.jimprimeenfrance.fr\/blog\/wp-content\/uploads\/2020\/12\/Indemnisation-du-chomage-partiel-300x200.jpg 300w, https:\/\/www.jimprimeenfrance.fr\/blog\/wp-content\/uploads\/2020\/12\/Indemnisation-du-chomage-partiel-768x512.jpg 768w, https:\/\/www.jimprimeenfrance.fr\/blog\/wp-content\/uploads\/2020\/12\/Indemnisation-du-chomage-partiel.jpg 1000w\" sizes=\"auto, (max-width: 411px) 100vw, 411px\" \/><figcaption id=\"caption-attachment-5647\" class=\"wp-caption-text\">Indemnisation du ch\u00f4mage partiel<\/figcaption><\/figure>\n<p>&nbsp;<\/p>\n<p style=\"text-align: justify\">Donc, pour les entreprises ayant des salari\u00e9s, le salaire des personnes plac\u00e9es en ch\u00f4mage partiel \u00e0 cause de la crise sanitaire, pour faire court, est remplac\u00e9 par une indemnit\u00e9 pay\u00e9e par l&rsquo;Etat au ch\u00f4meur partiel.\u00a0 Elle correspond \u00e0 70 % du salaire brut.<\/p>\n<p style=\"text-align: justify\">\u00a0<\/p>\n<h2 style=\"text-align: justify\">Les aides aux entreprises en r\u00e9sum\u00e9\u00a0<\/h2>\n<p style=\"text-align: justify\">Les pouvoirs publics, soit directement, soit indirectement, se sont r\u00e9ellement mobilis\u00e9s pour aider les entreprises \u00e0 passer le cap de la crise sanitaire. Les diff\u00e9rentes aides s&rsquo;ajoutent aux diff\u00e9rentes mesures constituant le plan de soutien \u00e0 l&rsquo;\u00e9conomie, baptis\u00e9 <a href=\"https:\/\/www.economie.gouv.fr\/files\/files\/directions_services\/plan-de-relance\/dossier-presse-plan-relance.pdf\" target=\"_blank\" rel=\"noopener noreferrer\">France Relance<\/a>. Quoi qu&rsquo;on puisse en penser, l&rsquo;effort est loin d&rsquo;\u00eatre n\u00e9gligeable.\u00a0<\/p>\n<p style=\"text-align: justify\">Par cons\u00e9quent, c&rsquo;est faire preuve de bonne gestion que de tirer parti des diff\u00e9rentes possibilit\u00e9s offertes par l&rsquo;engagement des pouvoirs publics, pour mettre en \u0153uvre son propre plan de relance. Lequel ne peut que passer par <strong>une strat\u00e9gie de communication active et renouvel\u00e9e<\/strong>. D&rsquo;autant qu&rsquo;une r\u00e9cente \u00e9tude rappelle que le <strong>budget moyen pr\u00e9vu par les fran\u00e7ais<\/strong> pour les prochaines f\u00eates de No\u00ebl est de l&rsquo;ordre de <strong>600 euros.<\/strong> Soit une hausse de plus de 10 % par rapport \u00e0 2019.\u00a0<\/p>\n<p style=\"text-align: justify\">Et cerise sur le g\u00e2teau, une telle strat\u00e9gie peut \u00eatre <a href=\"https:\/\/www.jimprimeenfrance.fr\/blog\/promouvoir-son-entreprise-a-moindre-cout-12-outils-bon-marche\/\" target=\"_blank\" rel=\"noopener noreferrer\">mise en \u0153uvre \u00e0 peu de frais<\/a>.\u00a0<\/p>\n<p style=\"text-align: justify\">Enfin, \u00e0 toutes fins utiles, le <strong>m\u00e9diateur des entreprises<\/strong> est l\u00e0 pour accompagner les entreprises, gratuitement et rapidement, pour les aider \u00e0 s&rsquo;orienter dans le labyrinthe des diff\u00e9rentes aides ou tout simplement pour les aider \u00e0 trouver des solutions pour faciliter leur activit\u00e9 quotidienne.\u00a0\u00a0<\/p>\n<p style=\"text-align: justify\">Plus que jamais, crise et opportunit\u00e9 apparaissent comme les deux faces d&rsquo;une m\u00eame r\u00e9alit\u00e9. C&rsquo;est vrai pour les japonais et les chinois. Dans leur langue, le mot crise est constitu\u00e9 de deux id\u00e9ogrammes : <strong>Wei<\/strong> (danger) et <strong>Ji<\/strong> (opportinit\u00e9). C&rsquo;est vrai aussi en fran\u00e7ais, car le mot crise en fran\u00e7ais vient du grec <strong>Krisis.<\/strong> Lequel\u00a0signifie<strong> d\u00e9cision<\/strong>.\u00a0<\/p>\n<p style=\"text-align: justify\">Par suite, comme aiment \u00e0 le dire les experts en management :<\/p>\n<blockquote>\n<p style=\"text-align: justify\">C&rsquo;est le paradoxe d&rsquo;une crise : c&rsquo;est une situation difficile qui permet de saisir de nouvelles opportunit\u00e9s et de rebondir.<\/p>\n<\/blockquote>\n<p>&nbsp;<\/p>\n<p>&nbsp;<\/p>\n","protected":false},"excerpt":{"rendered":"<p>Les pouvoirs publics ont ouvert de nombreux guichets pour aider les entreprises \u00e0 passer le cap de la crise sanitaire. Encore faut-il savoir \u00e0 quelle porte frapper selon sa situation et les crit\u00e8res d&rsquo;\u00e9ligibilit\u00e9 pour b\u00e9n\u00e9ficier d&rsquo;une des aides annonc\u00e9es. Or, force est de constater qu&rsquo;on peut s&rsquo;y perdre, surtout quand on est habitu\u00e9 \u00e0 [&hellip;]<\/p>\n","protected":false},"author":4,"featured_media":5653,"comment_status":"open","ping_status":"open","sticky":false,"template":"","format":"standard","meta":{"_editorskit_title_hidden":false,"_editorskit_reading_time":0,"_editorskit_is_block_options_detached":false,"_editorskit_block_options_position":"{}","footnotes":""},"categories":[54],"tags":[456,459,457,458],"class_list":["post-5605","post","type-post","status-publish","format-standard","has-post-thumbnail","hentry","category-marketing","tag-aides-covid","tag-communication-covid","tag-marketing-covid","tag-print-covid"],"yoast_head":"<!-- This site is optimized with the Yoast SEO plugin v27.4 - https:\/\/yoast.com\/product\/yoast-seo-wordpress\/ -->\r\n<title>S&#039;y retrouver dans les aides covid de l&#039;Etat aux entreprises n&#039;est pas simple<\/title>\r\n<meta name=\"description\" content=\"Les aides de l&#039;Etat aux entreprises pour passer le cap de la crise sanitaire sont nombreuses. Mais, elles n\u00e9cessitent beaucoup d&#039;attention.\" \/>\r\n<meta name=\"robots\" content=\"index, follow, max-snippet:-1, max-image-preview:large, max-video-preview:-1\" \/>\r\n<link rel=\"canonical\" href=\"https:\/\/www.jimprimeenfrance.fr\/blog\/commercants-entreprises-aides-covid-communication-impression\/\" \/>\r\n<meta property=\"og:locale\" content=\"fr_FR\" \/>\r\n<meta property=\"og:type\" content=\"article\" \/>\r\n<meta property=\"og:title\" content=\"S&#039;y retrouver dans les aides covid de l&#039;Etat aux entreprises n&#039;est pas simple\" \/>\r\n<meta property=\"og:description\" content=\"Les aides de l&#039;Etat aux entreprises pour passer le cap de la crise sanitaire sont nombreuses. Mais, elles n\u00e9cessitent beaucoup d&#039;attention.\" \/>\r\n<meta property=\"og:url\" content=\"https:\/\/www.jimprimeenfrance.fr\/blog\/commercants-entreprises-aides-covid-communication-impression\/\" \/>\r\n<meta property=\"og:site_name\" content=\"Votre imprimerie en ligne, le blog\" \/>\r\n<meta property=\"article:publisher\" content=\"https:\/\/www.facebook.com\/PrintBasPrix\" \/>\r\n<meta property=\"article:published_time\" content=\"2020-12-09T07:30:34+00:00\" \/>\r\n<meta property=\"og:image\" content=\"https:\/\/www.jimprimeenfrance.fr\/blog\/wp-content\/uploads\/2020\/12\/sy-retrouver-dans-les-aides-covid-pour-relancer.jpg\" \/>\r\n\t<meta property=\"og:image:width\" content=\"1400\" \/>\r\n\t<meta property=\"og:image:height\" content=\"500\" \/>\r\n\t<meta property=\"og:image:type\" content=\"image\/jpeg\" \/>\r\n<meta name=\"author\" content=\"PrintBasPrix Imprimerie en ligne\" \/>\r\n<meta name=\"twitter:card\" content=\"summary_large_image\" \/>\r\n<meta name=\"twitter:creator\" content=\"@PrintBasPrix\" \/>\r\n<meta name=\"twitter:site\" content=\"@PrintBasPrix\" \/>\r\n<meta name=\"twitter:label1\" content=\"\u00c9crit par\" \/>\n\t<meta name=\"twitter:data1\" content=\"PrintBasPrix Imprimerie en ligne\" \/>\n\t<meta name=\"twitter:label2\" content=\"Dur\u00e9e de lecture estim\u00e9e\" \/>\n\t<meta name=\"twitter:data2\" content=\"8 minutes\" \/>\r\n<script type=\"application\/ld+json\" class=\"yoast-schema-graph\">{\"@context\":\"https:\\\/\\\/schema.org\",\"@graph\":[{\"@type\":\"Article\",\"@id\":\"https:\\\/\\\/www.jimprimeenfrance.fr\\\/blog\\\/commercants-entreprises-aides-covid-communication-impression\\\/#article\",\"isPartOf\":{\"@id\":\"https:\\\/\\\/www.jimprimeenfrance.fr\\\/blog\\\/commercants-entreprises-aides-covid-communication-impression\\\/\"},\"author\":{\"name\":\"PrintBasPrix Imprimerie en ligne\",\"@id\":\"https:\\\/\\\/www.jimprimeenfrance.fr\\\/blog\\\/#\\\/schema\\\/person\\\/711bdd00fc82a687615940c5ae0b412c\"},\"headline\":\"Commer\u00e7ants, entreprises, ind\u00e9pendants : s&rsquo;y retrouver dans les aides covid pour relancer ses projets d&rsquo;impression publicitaire\",\"datePublished\":\"2020-12-09T07:30:34+00:00\",\"mainEntityOfPage\":{\"@id\":\"https:\\\/\\\/www.jimprimeenfrance.fr\\\/blog\\\/commercants-entreprises-aides-covid-communication-impression\\\/\"},\"wordCount\":1775,\"commentCount\":0,\"publisher\":{\"@id\":\"https:\\\/\\\/www.jimprimeenfrance.fr\\\/blog\\\/#organization\"},\"image\":{\"@id\":\"https:\\\/\\\/www.jimprimeenfrance.fr\\\/blog\\\/commercants-entreprises-aides-covid-communication-impression\\\/#primaryimage\"},\"thumbnailUrl\":\"https:\\\/\\\/www.jimprimeenfrance.fr\\\/blog\\\/wp-content\\\/uploads\\\/2020\\\/12\\\/sy-retrouver-dans-les-aides-covid-pour-relancer.jpg\",\"keywords\":[\"aides covid\",\"communication covid\",\"marketing covid\",\"print covid\"],\"articleSection\":[\"Marketing\"],\"inLanguage\":\"fr-FR\",\"potentialAction\":[{\"@type\":\"CommentAction\",\"name\":\"Comment\",\"target\":[\"https:\\\/\\\/www.jimprimeenfrance.fr\\\/blog\\\/commercants-entreprises-aides-covid-communication-impression\\\/#respond\"]}]},{\"@type\":\"WebPage\",\"@id\":\"https:\\\/\\\/www.jimprimeenfrance.fr\\\/blog\\\/commercants-entreprises-aides-covid-communication-impression\\\/\",\"url\":\"https:\\\/\\\/www.jimprimeenfrance.fr\\\/blog\\\/commercants-entreprises-aides-covid-communication-impression\\\/\",\"name\":\"S'y retrouver dans les aides covid de l'Etat aux entreprises n'est pas simple\",\"isPartOf\":{\"@id\":\"https:\\\/\\\/www.jimprimeenfrance.fr\\\/blog\\\/#website\"},\"primaryImageOfPage\":{\"@id\":\"https:\\\/\\\/www.jimprimeenfrance.fr\\\/blog\\\/commercants-entreprises-aides-covid-communication-impression\\\/#primaryimage\"},\"image\":{\"@id\":\"https:\\\/\\\/www.jimprimeenfrance.fr\\\/blog\\\/commercants-entreprises-aides-covid-communication-impression\\\/#primaryimage\"},\"thumbnailUrl\":\"https:\\\/\\\/www.jimprimeenfrance.fr\\\/blog\\\/wp-content\\\/uploads\\\/2020\\\/12\\\/sy-retrouver-dans-les-aides-covid-pour-relancer.jpg\",\"datePublished\":\"2020-12-09T07:30:34+00:00\",\"description\":\"Les aides de l'Etat aux entreprises pour passer le cap de la crise sanitaire sont nombreuses. Mais, elles n\u00e9cessitent beaucoup d'attention.\",\"breadcrumb\":{\"@id\":\"https:\\\/\\\/www.jimprimeenfrance.fr\\\/blog\\\/commercants-entreprises-aides-covid-communication-impression\\\/#breadcrumb\"},\"inLanguage\":\"fr-FR\",\"potentialAction\":[{\"@type\":\"ReadAction\",\"target\":[\"https:\\\/\\\/www.jimprimeenfrance.fr\\\/blog\\\/commercants-entreprises-aides-covid-communication-impression\\\/\"]}]},{\"@type\":\"ImageObject\",\"inLanguage\":\"fr-FR\",\"@id\":\"https:\\\/\\\/www.jimprimeenfrance.fr\\\/blog\\\/commercants-entreprises-aides-covid-communication-impression\\\/#primaryimage\",\"url\":\"https:\\\/\\\/www.jimprimeenfrance.fr\\\/blog\\\/wp-content\\\/uploads\\\/2020\\\/12\\\/sy-retrouver-dans-les-aides-covid-pour-relancer.jpg\",\"contentUrl\":\"https:\\\/\\\/www.jimprimeenfrance.fr\\\/blog\\\/wp-content\\\/uploads\\\/2020\\\/12\\\/sy-retrouver-dans-les-aides-covid-pour-relancer.jpg\",\"width\":1400,\"height\":500,\"caption\":\"s'y retrouver dans les aides covid pour relancer ses projets d'impression publicitaire\"},{\"@type\":\"BreadcrumbList\",\"@id\":\"https:\\\/\\\/www.jimprimeenfrance.fr\\\/blog\\\/commercants-entreprises-aides-covid-communication-impression\\\/#breadcrumb\",\"itemListElement\":[{\"@type\":\"ListItem\",\"position\":1,\"name\":\"Accueil\",\"item\":\"https:\\\/\\\/www.jimprimeenfrance.fr\\\/blog\\\/\"},{\"@type\":\"ListItem\",\"position\":2,\"name\":\"Commer\u00e7ants, entreprises, ind\u00e9pendants : s&rsquo;y retrouver dans les aides covid pour relancer ses projets d&rsquo;impression publicitaire\"}]},{\"@type\":\"WebSite\",\"@id\":\"https:\\\/\\\/www.jimprimeenfrance.fr\\\/blog\\\/#website\",\"url\":\"https:\\\/\\\/www.jimprimeenfrance.fr\\\/blog\\\/\",\"name\":\"Votre imprimerie en ligne, le blog\",\"description\":\"Impressionnez et faites bonne impression avec nos conseils d&#039;imprimerie online\",\"publisher\":{\"@id\":\"https:\\\/\\\/www.jimprimeenfrance.fr\\\/blog\\\/#organization\"},\"potentialAction\":[{\"@type\":\"SearchAction\",\"target\":{\"@type\":\"EntryPoint\",\"urlTemplate\":\"https:\\\/\\\/www.jimprimeenfrance.fr\\\/blog\\\/?s={search_term_string}\"},\"query-input\":{\"@type\":\"PropertyValueSpecification\",\"valueRequired\":true,\"valueName\":\"search_term_string\"}}],\"inLanguage\":\"fr-FR\"},{\"@type\":\"Organization\",\"@id\":\"https:\\\/\\\/www.jimprimeenfrance.fr\\\/blog\\\/#organization\",\"name\":\"PrintBasPrix - Imprimerie en ligne\",\"url\":\"https:\\\/\\\/www.jimprimeenfrance.fr\\\/blog\\\/\",\"logo\":{\"@type\":\"ImageObject\",\"inLanguage\":\"fr-FR\",\"@id\":\"https:\\\/\\\/www.jimprimeenfrance.fr\\\/blog\\\/#\\\/schema\\\/logo\\\/image\\\/\",\"url\":\"https:\\\/\\\/www.jimprimeenfrance.fr\\\/blog\\\/wp-content\\\/uploads\\\/2018\\\/07\\\/cropped-printbasprix-imprimeur-en-ligne.png\",\"contentUrl\":\"https:\\\/\\\/www.jimprimeenfrance.fr\\\/blog\\\/wp-content\\\/uploads\\\/2018\\\/07\\\/cropped-printbasprix-imprimeur-en-ligne.png\",\"width\":361,\"height\":86,\"caption\":\"PrintBasPrix - Imprimerie en ligne\"},\"image\":{\"@id\":\"https:\\\/\\\/www.jimprimeenfrance.fr\\\/blog\\\/#\\\/schema\\\/logo\\\/image\\\/\"},\"sameAs\":[\"https:\\\/\\\/www.facebook.com\\\/PrintBasPrix\",\"https:\\\/\\\/x.com\\\/PrintBasPrix\",\"https:\\\/\\\/www.instagram.com\\\/printbasprix\\\/\",\"https:\\\/\\\/www.linkedin.com\\\/company\\\/printbasprix\\\/\",\"https:\\\/\\\/www.youtube.com\\\/channel\\\/UC0Ysbd0Gbzzp0yMgrfNQqug\"]},{\"@type\":\"Person\",\"@id\":\"https:\\\/\\\/www.jimprimeenfrance.fr\\\/blog\\\/#\\\/schema\\\/person\\\/711bdd00fc82a687615940c5ae0b412c\",\"name\":\"PrintBasPrix Imprimerie en ligne\",\"image\":{\"@type\":\"ImageObject\",\"inLanguage\":\"fr-FR\",\"@id\":\"https:\\\/\\\/secure.gravatar.com\\\/avatar\\\/e898f6c9f447b2b28a568c2fec45e0fef703b12c4f80de6258e9bcb2e61aaf27?s=96&r=g\",\"url\":\"https:\\\/\\\/secure.gravatar.com\\\/avatar\\\/e898f6c9f447b2b28a568c2fec45e0fef703b12c4f80de6258e9bcb2e61aaf27?s=96&r=g\",\"contentUrl\":\"https:\\\/\\\/secure.gravatar.com\\\/avatar\\\/e898f6c9f447b2b28a568c2fec45e0fef703b12c4f80de6258e9bcb2e61aaf27?s=96&r=g\",\"caption\":\"PrintBasPrix Imprimerie en ligne\"},\"url\":\"https:\\\/\\\/www.jimprimeenfrance.fr\\\/blog\\\/author\\\/printbasprix-imprimerie-en-ligne\\\/\"}]}<\/script>\r\n<!-- \/ Yoast SEO plugin. -->","yoast_head_json":{"title":"S'y retrouver dans les aides covid de l'Etat aux entreprises n'est pas simple","description":"Les aides de l'Etat aux entreprises pour passer le cap de la crise sanitaire sont nombreuses. Mais, elles n\u00e9cessitent beaucoup d'attention.","robots":{"index":"index","follow":"follow","max-snippet":"max-snippet:-1","max-image-preview":"max-image-preview:large","max-video-preview":"max-video-preview:-1"},"canonical":"https:\/\/www.jimprimeenfrance.fr\/blog\/commercants-entreprises-aides-covid-communication-impression\/","og_locale":"fr_FR","og_type":"article","og_title":"S'y retrouver dans les aides covid de l'Etat aux entreprises n'est pas simple","og_description":"Les aides de l'Etat aux entreprises pour passer le cap de la crise sanitaire sont nombreuses. Mais, elles n\u00e9cessitent beaucoup d'attention.","og_url":"https:\/\/www.jimprimeenfrance.fr\/blog\/commercants-entreprises-aides-covid-communication-impression\/","og_site_name":"Votre imprimerie en ligne, le blog","article_publisher":"https:\/\/www.facebook.com\/PrintBasPrix","article_published_time":"2020-12-09T07:30:34+00:00","og_image":[{"width":1400,"height":500,"url":"https:\/\/www.jimprimeenfrance.fr\/blog\/wp-content\/uploads\/2020\/12\/sy-retrouver-dans-les-aides-covid-pour-relancer.jpg","type":"image\/jpeg"}],"author":"PrintBasPrix Imprimerie en ligne","twitter_card":"summary_large_image","twitter_creator":"@PrintBasPrix","twitter_site":"@PrintBasPrix","twitter_misc":{"\u00c9crit par":"PrintBasPrix Imprimerie en ligne","Dur\u00e9e de lecture estim\u00e9e":"8 minutes"},"schema":{"@context":"https:\/\/schema.org","@graph":[{"@type":"Article","@id":"https:\/\/www.jimprimeenfrance.fr\/blog\/commercants-entreprises-aides-covid-communication-impression\/#article","isPartOf":{"@id":"https:\/\/www.jimprimeenfrance.fr\/blog\/commercants-entreprises-aides-covid-communication-impression\/"},"author":{"name":"PrintBasPrix Imprimerie en ligne","@id":"https:\/\/www.jimprimeenfrance.fr\/blog\/#\/schema\/person\/711bdd00fc82a687615940c5ae0b412c"},"headline":"Commer\u00e7ants, entreprises, ind\u00e9pendants : s&rsquo;y retrouver dans les aides covid pour relancer ses projets d&rsquo;impression publicitaire","datePublished":"2020-12-09T07:30:34+00:00","mainEntityOfPage":{"@id":"https:\/\/www.jimprimeenfrance.fr\/blog\/commercants-entreprises-aides-covid-communication-impression\/"},"wordCount":1775,"commentCount":0,"publisher":{"@id":"https:\/\/www.jimprimeenfrance.fr\/blog\/#organization"},"image":{"@id":"https:\/\/www.jimprimeenfrance.fr\/blog\/commercants-entreprises-aides-covid-communication-impression\/#primaryimage"},"thumbnailUrl":"https:\/\/www.jimprimeenfrance.fr\/blog\/wp-content\/uploads\/2020\/12\/sy-retrouver-dans-les-aides-covid-pour-relancer.jpg","keywords":["aides covid","communication covid","marketing covid","print covid"],"articleSection":["Marketing"],"inLanguage":"fr-FR","potentialAction":[{"@type":"CommentAction","name":"Comment","target":["https:\/\/www.jimprimeenfrance.fr\/blog\/commercants-entreprises-aides-covid-communication-impression\/#respond"]}]},{"@type":"WebPage","@id":"https:\/\/www.jimprimeenfrance.fr\/blog\/commercants-entreprises-aides-covid-communication-impression\/","url":"https:\/\/www.jimprimeenfrance.fr\/blog\/commercants-entreprises-aides-covid-communication-impression\/","name":"S'y retrouver dans les aides covid de l'Etat aux entreprises n'est pas simple","isPartOf":{"@id":"https:\/\/www.jimprimeenfrance.fr\/blog\/#website"},"primaryImageOfPage":{"@id":"https:\/\/www.jimprimeenfrance.fr\/blog\/commercants-entreprises-aides-covid-communication-impression\/#primaryimage"},"image":{"@id":"https:\/\/www.jimprimeenfrance.fr\/blog\/commercants-entreprises-aides-covid-communication-impression\/#primaryimage"},"thumbnailUrl":"https:\/\/www.jimprimeenfrance.fr\/blog\/wp-content\/uploads\/2020\/12\/sy-retrouver-dans-les-aides-covid-pour-relancer.jpg","datePublished":"2020-12-09T07:30:34+00:00","description":"Les aides de l'Etat aux entreprises pour passer le cap de la crise sanitaire sont nombreuses. Mais, elles n\u00e9cessitent beaucoup d'attention.","breadcrumb":{"@id":"https:\/\/www.jimprimeenfrance.fr\/blog\/commercants-entreprises-aides-covid-communication-impression\/#breadcrumb"},"inLanguage":"fr-FR","potentialAction":[{"@type":"ReadAction","target":["https:\/\/www.jimprimeenfrance.fr\/blog\/commercants-entreprises-aides-covid-communication-impression\/"]}]},{"@type":"ImageObject","inLanguage":"fr-FR","@id":"https:\/\/www.jimprimeenfrance.fr\/blog\/commercants-entreprises-aides-covid-communication-impression\/#primaryimage","url":"https:\/\/www.jimprimeenfrance.fr\/blog\/wp-content\/uploads\/2020\/12\/sy-retrouver-dans-les-aides-covid-pour-relancer.jpg","contentUrl":"https:\/\/www.jimprimeenfrance.fr\/blog\/wp-content\/uploads\/2020\/12\/sy-retrouver-dans-les-aides-covid-pour-relancer.jpg","width":1400,"height":500,"caption":"s'y retrouver dans les aides covid pour relancer ses projets d'impression publicitaire"},{"@type":"BreadcrumbList","@id":"https:\/\/www.jimprimeenfrance.fr\/blog\/commercants-entreprises-aides-covid-communication-impression\/#breadcrumb","itemListElement":[{"@type":"ListItem","position":1,"name":"Accueil","item":"https:\/\/www.jimprimeenfrance.fr\/blog\/"},{"@type":"ListItem","position":2,"name":"Commer\u00e7ants, entreprises, ind\u00e9pendants : s&rsquo;y retrouver dans les aides covid pour relancer ses projets d&rsquo;impression publicitaire"}]},{"@type":"WebSite","@id":"https:\/\/www.jimprimeenfrance.fr\/blog\/#website","url":"https:\/\/www.jimprimeenfrance.fr\/blog\/","name":"Votre imprimerie en ligne, le blog","description":"Impressionnez et faites bonne impression avec nos conseils d&#039;imprimerie online","publisher":{"@id":"https:\/\/www.jimprimeenfrance.fr\/blog\/#organization"},"potentialAction":[{"@type":"SearchAction","target":{"@type":"EntryPoint","urlTemplate":"https:\/\/www.jimprimeenfrance.fr\/blog\/?s={search_term_string}"},"query-input":{"@type":"PropertyValueSpecification","valueRequired":true,"valueName":"search_term_string"}}],"inLanguage":"fr-FR"},{"@type":"Organization","@id":"https:\/\/www.jimprimeenfrance.fr\/blog\/#organization","name":"PrintBasPrix - Imprimerie en ligne","url":"https:\/\/www.jimprimeenfrance.fr\/blog\/","logo":{"@type":"ImageObject","inLanguage":"fr-FR","@id":"https:\/\/www.jimprimeenfrance.fr\/blog\/#\/schema\/logo\/image\/","url":"https:\/\/www.jimprimeenfrance.fr\/blog\/wp-content\/uploads\/2018\/07\/cropped-printbasprix-imprimeur-en-ligne.png","contentUrl":"https:\/\/www.jimprimeenfrance.fr\/blog\/wp-content\/uploads\/2018\/07\/cropped-printbasprix-imprimeur-en-ligne.png","width":361,"height":86,"caption":"PrintBasPrix - Imprimerie en ligne"},"image":{"@id":"https:\/\/www.jimprimeenfrance.fr\/blog\/#\/schema\/logo\/image\/"},"sameAs":["https:\/\/www.facebook.com\/PrintBasPrix","https:\/\/x.com\/PrintBasPrix","https:\/\/www.instagram.com\/printbasprix\/","https:\/\/www.linkedin.com\/company\/printbasprix\/","https:\/\/www.youtube.com\/channel\/UC0Ysbd0Gbzzp0yMgrfNQqug"]},{"@type":"Person","@id":"https:\/\/www.jimprimeenfrance.fr\/blog\/#\/schema\/person\/711bdd00fc82a687615940c5ae0b412c","name":"PrintBasPrix Imprimerie en ligne","image":{"@type":"ImageObject","inLanguage":"fr-FR","@id":"https:\/\/secure.gravatar.com\/avatar\/e898f6c9f447b2b28a568c2fec45e0fef703b12c4f80de6258e9bcb2e61aaf27?s=96&r=g","url":"https:\/\/secure.gravatar.com\/avatar\/e898f6c9f447b2b28a568c2fec45e0fef703b12c4f80de6258e9bcb2e61aaf27?s=96&r=g","contentUrl":"https:\/\/secure.gravatar.com\/avatar\/e898f6c9f447b2b28a568c2fec45e0fef703b12c4f80de6258e9bcb2e61aaf27?s=96&r=g","caption":"PrintBasPrix Imprimerie en ligne"},"url":"https:\/\/www.jimprimeenfrance.fr\/blog\/author\/printbasprix-imprimerie-en-ligne\/"}]}},"_links":{"self":[{"href":"https:\/\/www.jimprimeenfrance.fr\/blog\/wp-json\/wp\/v2\/posts\/5605","targetHints":{"allow":["GET"]}}],"collection":[{"href":"https:\/\/www.jimprimeenfrance.fr\/blog\/wp-json\/wp\/v2\/posts"}],"about":[{"href":"https:\/\/www.jimprimeenfrance.fr\/blog\/wp-json\/wp\/v2\/types\/post"}],"author":[{"embeddable":true,"href":"https:\/\/www.jimprimeenfrance.fr\/blog\/wp-json\/wp\/v2\/users\/4"}],"replies":[{"embeddable":true,"href":"https:\/\/www.jimprimeenfrance.fr\/blog\/wp-json\/wp\/v2\/comments?post=5605"}],"version-history":[{"count":27,"href":"https:\/\/www.jimprimeenfrance.fr\/blog\/wp-json\/wp\/v2\/posts\/5605\/revisions"}],"predecessor-version":[{"id":5651,"href":"https:\/\/www.jimprimeenfrance.fr\/blog\/wp-json\/wp\/v2\/posts\/5605\/revisions\/5651"}],"wp:featuredmedia":[{"embeddable":true,"href":"https:\/\/www.jimprimeenfrance.fr\/blog\/wp-json\/wp\/v2\/media\/5653"}],"wp:attachment":[{"href":"https:\/\/www.jimprimeenfrance.fr\/blog\/wp-json\/wp\/v2\/media?parent=5605"}],"wp:term":[{"taxonomy":"category","embeddable":true,"href":"https:\/\/www.jimprimeenfrance.fr\/blog\/wp-json\/wp\/v2\/categories?post=5605"},{"taxonomy":"post_tag","embeddable":true,"href":"https:\/\/www.jimprimeenfrance.fr\/blog\/wp-json\/wp\/v2\/tags?post=5605"}],"curies":[{"name":"wp","href":"https:\/\/api.w.org\/{rel}","templated":true}]}}