{"id":5528,"date":"2020-11-25T08:30:00","date_gmt":"2020-11-25T07:30:00","guid":{"rendered":"https:\/\/www.jimprimeenfrance.fr\/blog\/?p=5528"},"modified":"2020-11-24T19:30:18","modified_gmt":"2020-11-24T18:30:18","slug":"changer-nom-entreprise","status":"publish","type":"post","link":"https:\/\/www.jimprimeenfrance.fr\/blog\/changer-nom-entreprise\/","title":{"rendered":"L&rsquo;art de changer un nom d&rsquo;entreprise"},"content":{"rendered":"<p style=\"text-align: justify\">Ces derni\u00e8res ann\u00e9es, le <strong>re-branding<\/strong>, autrement dit, le changement de nom d&rsquo;entreprise ou de marque fait fureur. Dernier en date, <strong>Speculoos<\/strong>. La c\u00e9l\u00e8bre marque de biscuit de <strong>Lotus<\/strong>, change de nom et devient ainsi <strong>Biscoff<\/strong>.<\/p>\n<p style=\"text-align: justify\">Pas s\u00fbr que \u00e7a plaise vraiment aux consommateurs. Le fait est que le re-branding est tout sauf une mode. Car, changer un nom d&rsquo;entreprise est une v\u00e9ritable m\u00e9canique de pr\u00e9cision qui n\u00e9cessite presque toujours l&rsquo;accompagnement de sp\u00e9cialistes.<\/p>\n<p style=\"text-align: justify\">En effet, beaucoup de raisons peuvent justifier un changement de nom et s&rsquo;y refuser, par principe, peut se r\u00e9v\u00e9ler d\u00e9sastreux. Par cons\u00e9quent, une fois faite l&rsquo;analyse de la marque, une fois d\u00e9cid\u00e9 de changer de nom \u00e0 la suite de cette analyse, il convient de r\u00e9unir toutes les conditions pour que ce changement soit une r\u00e9ussite et l&rsquo;occasion d&rsquo;une renaissance ou d&rsquo;un nouveau d\u00e9part pour l&rsquo;entreprise.<\/p>\n<p>&nbsp;<\/p>\n<h2 style=\"text-align: justify\">D\u00e9cider de changer un nom d&rsquo;entreprise<\/h2>\n<p style=\"text-align: justify\">Une marque ou un nom d&rsquo;entreprise est un actif incorporel. Sa valeur \u00e9volue in\u00e9vitablement avec le temps. Cette \u00e9volution peut \u00eatre rapide on lente. Tout d\u00e9pend du contexte dans lequel l&rsquo;entreprise op\u00e8re et de la strat\u00e9gie qu&rsquo;elle met en \u0153uvre pour y r\u00e9pondre.<\/p>\n<p style=\"text-align: justify\">Analyser une marque, c&rsquo;est se demander si celle-ci est toujours porteuse pour l&rsquo;entreprise ou au contraire, est devenue un frein. De ce point de vue, changer de nom se r\u00e9v\u00e8le n\u00e9cessaire dans, au moins, cinq cas. A d\u00e9faut d&rsquo;entrer dans les d\u00e9tails d&rsquo;une <a href=\"https:\/\/www.jstor.org\/stable\/40593154?seq=1\" target=\"_blank\" rel=\"noopener noreferrer\">typologie compl\u00e8te<\/a>.<\/p>\n<p>&nbsp;<\/p>\n<h3 style=\"text-align: justify\">Cas de la fusion-absorption<\/h3>\n<p style=\"text-align: justify\">Une fusion-absorption est un ind\u00e9niable facteur de <strong>croissance externe<\/strong>. Une entreprise fait cro\u00eetre son activit\u00e9 en reprenant celle d&rsquo;une autre, tout en diminuant les charges d&rsquo;exploitation du nouvel ensemble. D\u00e8s lors, soit la nouvelle entit\u00e9 garde le nom de la soci\u00e9t\u00e9 absorbante, si celle-ci est la plus grosse, soit elle combine les deux noms, si elles sont de taille \u00e9quivalente.<\/p>\n<p style=\"text-align: justify\">Dans ce dernier cas, la plupart du temps, le deuxi\u00e8me nom finit toujours par dispara\u00eetre. Cependant, un nouveau nom s&rsquo;av\u00e8re n\u00e9cessaire quand une croissance externe soutenue finit par brouiller l&rsquo;image de l&rsquo;ensemble. C&rsquo;est une des raisons pour laquelle, le groupe <strong>Pinault-Printemps-Redoute (PPR)<\/strong>, par exemple<strong>, <\/strong>est devenu en 2013, la <strong>soci\u00e9t\u00e9 Kering<\/strong>.\u00a0<\/p>\n<p>&nbsp;<\/p>\n<figure id=\"attachment_5585\" aria-describedby=\"caption-attachment-5585\" style=\"width: 562px\" class=\"wp-caption aligncenter\"><img loading=\"lazy\" decoding=\"async\" class=\" wp-image-5585\" src=\"https:\/\/www.jimprimeenfrance.fr\/blog\/wp-content\/uploads\/2020\/11\/Achat-dentreprise-300x86.jpg\" alt=\"Achat d'entreprise\" width=\"562\" height=\"161\" srcset=\"https:\/\/www.jimprimeenfrance.fr\/blog\/wp-content\/uploads\/2020\/11\/Achat-dentreprise-300x86.jpg 300w, https:\/\/www.jimprimeenfrance.fr\/blog\/wp-content\/uploads\/2020\/11\/Achat-dentreprise-1024x294.jpg 1024w, https:\/\/www.jimprimeenfrance.fr\/blog\/wp-content\/uploads\/2020\/11\/Achat-dentreprise-768x220.jpg 768w, https:\/\/www.jimprimeenfrance.fr\/blog\/wp-content\/uploads\/2020\/11\/Achat-dentreprise.jpg 1500w\" sizes=\"auto, (max-width: 562px) 100vw, 562px\" \/><figcaption id=\"caption-attachment-5585\" class=\"wp-caption-text\">Achat d&rsquo;entreprise<\/figcaption><\/figure>\n<p>&nbsp;<\/p>\n<p>Autres exemple. Pour l&rsquo;entreprise familiale <strong>Raynal et Roquelaure<\/strong>, cr\u00e9\u00e9e en 1876 et sp\u00e9cialis\u00e9e dans les plats cuisin\u00e9s en bo\u00eetes de conserve, le changement est venue du rachat \u00e0 Nestl\u00e9, en 2003, de la marque <strong>Buitoni<\/strong>. Aujourd&rsquo;hui, l&rsquo;entreprise familiale repose sur deux piliers.\u00a0<\/p>\n<p style=\"text-align: justify\">L&rsquo;un correspond \u00e0 la marque historique r\u00e9serv\u00e9e \u00e0 la cuisine traditionnelle fran\u00e7aise ; l&rsquo;autre, \u00e0 une marque cr\u00e9\u00e9e de toutes pi\u00e8ces et destin\u00e9e \u00e0 remplacer Buitoni. Mais, <strong>Zapetti<\/strong>, la nouvelle marque, ne fait pas que remplacer Buitoni. Elle est, en fait, centr\u00e9e sur toutes les sp\u00e9cialit\u00e9s italiennes.<\/p>\n<p style=\"text-align: justify\">\u00a0<\/p>\n<h3 style=\"text-align: justify\">Faire oublier une image d\u00e9sastreuse<\/h3>\n<p style=\"text-align: justify\">La vie des affaires \u00e9tant ce qu&rsquo;elle est, il arrive qu&rsquo;une mauvaise gestion, les circonstances, finissent par associer une image d\u00e9sastreuse au nom d&rsquo;une entreprise. Dans ce cas, il n&rsquo;y a pas d&rsquo;autre solution pour l&rsquo;entreprise que de changer de nom.<\/p>\n<p>&nbsp;<\/p>\n<figure id=\"attachment_5589\" aria-describedby=\"caption-attachment-5589\" style=\"width: 658px\" class=\"wp-caption aligncenter\"><img loading=\"lazy\" decoding=\"async\" class=\" wp-image-5589\" src=\"https:\/\/www.jimprimeenfrance.fr\/blog\/wp-content\/uploads\/2020\/11\/Changement-dimage-300x77.jpg\" alt=\"Changement d'image\" width=\"658\" height=\"169\" srcset=\"https:\/\/www.jimprimeenfrance.fr\/blog\/wp-content\/uploads\/2020\/11\/Changement-dimage-300x77.jpg 300w, https:\/\/www.jimprimeenfrance.fr\/blog\/wp-content\/uploads\/2020\/11\/Changement-dimage-1024x263.jpg 1024w, https:\/\/www.jimprimeenfrance.fr\/blog\/wp-content\/uploads\/2020\/11\/Changement-dimage-768x197.jpg 768w, https:\/\/www.jimprimeenfrance.fr\/blog\/wp-content\/uploads\/2020\/11\/Changement-dimage.jpg 1500w\" sizes=\"auto, (max-width: 658px) 100vw, 658px\" \/><figcaption id=\"caption-attachment-5589\" class=\"wp-caption-text\">Changement d&rsquo;image<\/figcaption><\/figure>\n<p>&nbsp;<\/p>\n<p style=\"text-align: justify\">D&rsquo;autant plus que la masse consid\u00e9rable d&rsquo;informations qui s&rsquo;\u00e9coule chaque jour a t\u00f4t fait de recouvrir l&rsquo;ancien nom et de le faire oublier. D\u00e8s lors, bien s\u00fbr, qu&rsquo;on ne s&rsquo;en sert plus. Pour cette raison, <strong>Areva<\/strong> est devenue <strong>Orano,<\/strong> en 2018 et <strong>Monsanto<\/strong> a disparu au profit de <strong>Bayer, <\/strong>la m\u00eame ann\u00e9e.<\/p>\n<p>&nbsp;<\/p>\n<h3 style=\"text-align: justify\">Symbole d&rsquo;un nouveau positionnement<\/h3>\n<p style=\"text-align: justify\">Le changement de nom correspond souvent \u00e0 un nouveau positionnement de l&rsquo;entreprise. C&rsquo;est notamment le cas quand d&rsquo;entreprise \u00e0 rayonnement local ou r\u00e9gional, l&rsquo;entreprise change de niveau, en devenant internationale ou en prenant la forme d&rsquo;un conglom\u00e9rat. Il lui est alors n\u00e9cessaire de changer son nom pour que celui-ci puisse s&rsquo;adapter \u00e0 tous les environnements linguistiques ou professionnels dans lequel elle op\u00e8re dor\u00e9navant.<\/p>\n<p>&nbsp;<\/p>\n<figure id=\"attachment_5587\" aria-describedby=\"caption-attachment-5587\" style=\"width: 629px\" class=\"wp-caption aligncenter\"><img loading=\"lazy\" decoding=\"async\" class=\" wp-image-5587\" src=\"https:\/\/www.jimprimeenfrance.fr\/blog\/wp-content\/uploads\/2020\/11\/Nouveau-positionnement-300x77.jpg\" alt=\"Nouveau-positionnement\" width=\"629\" height=\"161\" srcset=\"https:\/\/www.jimprimeenfrance.fr\/blog\/wp-content\/uploads\/2020\/11\/Nouveau-positionnement-300x77.jpg 300w, https:\/\/www.jimprimeenfrance.fr\/blog\/wp-content\/uploads\/2020\/11\/Nouveau-positionnement-1024x263.jpg 1024w, https:\/\/www.jimprimeenfrance.fr\/blog\/wp-content\/uploads\/2020\/11\/Nouveau-positionnement-768x197.jpg 768w, https:\/\/www.jimprimeenfrance.fr\/blog\/wp-content\/uploads\/2020\/11\/Nouveau-positionnement.jpg 1500w\" sizes=\"auto, (max-width: 629px) 100vw, 629px\" \/><figcaption id=\"caption-attachment-5587\" class=\"wp-caption-text\">Nouveau positionnement<\/figcaption><\/figure>\n<p>&nbsp;<\/p>\n<p style=\"text-align: justify\">C&rsquo;est une des raisons pour laquelle beaucoup d&rsquo;entreprises du CAC 40 ont chang\u00e9 de nom ces derni\u00e8res ann\u00e9es. On comprend sans peine qu&rsquo;il est plus facile pour<strong> Engie<\/strong> de proposer ses services \u00e0 l&rsquo;international sous ce nom que sous celui de <strong>GDF-Suez<\/strong> qui \u00e9tait le sien autrefois. Quant \u00e0 son challenger historique, la <strong>G\u00e9n\u00e9rale des Eaux<\/strong>, il lui est s\u00fbrement plus simple de mener, par exemple, ses op\u00e9rations dans le secteur des m\u00e9dias sous son nouveau nom de <strong>Vivendi<\/strong>.<\/p>\n<p>&nbsp;<\/p>\n<h3 style=\"text-align: justify\">S&rsquo;adapter \u00e0 de nouvelles r\u00e8gles\u00a0<\/h3>\n<p style=\"text-align: justify\">Ce n&rsquo;est pas le cas le plus fr\u00e9quent, mais il est n\u00e9anmoins \u00e0 prendre s\u00e9rieusement en compte. Sous la pression de la commission europ\u00e9enne, <strong>EDF<\/strong> a d\u00fb ainsi scinder ses activit\u00e9s. Dans un premier temps, ses activit\u00e9s de gestion du r\u00e9seau, hors transport, ont \u00e9t\u00e9 log\u00e9es dans une nouvelle soci\u00e9t\u00e9 qui s&rsquo;est appel\u00e9e, <strong>ERDF<\/strong>. Cependant, la commission de r\u00e9gulation de l&rsquo;\u00e9nergie a jug\u00e9 que ce nom \u00e9tait trop proche de celui d&rsquo;EDF.<\/p>\n<p>&nbsp;<\/p>\n<figure id=\"attachment_5591\" aria-describedby=\"caption-attachment-5591\" style=\"width: 573px\" class=\"wp-caption aligncenter\"><img loading=\"lazy\" decoding=\"async\" class=\" wp-image-5591\" src=\"https:\/\/www.jimprimeenfrance.fr\/blog\/wp-content\/uploads\/2020\/11\/Adaptation-a-de-nouvelles-regles-300x77.jpg\" alt=\"Adaptation \u00e0 de nouvelles r\u00e8gles\" width=\"573\" height=\"147\" srcset=\"https:\/\/www.jimprimeenfrance.fr\/blog\/wp-content\/uploads\/2020\/11\/Adaptation-a-de-nouvelles-regles-300x77.jpg 300w, https:\/\/www.jimprimeenfrance.fr\/blog\/wp-content\/uploads\/2020\/11\/Adaptation-a-de-nouvelles-regles-1024x263.jpg 1024w, https:\/\/www.jimprimeenfrance.fr\/blog\/wp-content\/uploads\/2020\/11\/Adaptation-a-de-nouvelles-regles-768x197.jpg 768w, https:\/\/www.jimprimeenfrance.fr\/blog\/wp-content\/uploads\/2020\/11\/Adaptation-a-de-nouvelles-regles.jpg 1500w\" sizes=\"auto, (max-width: 573px) 100vw, 573px\" \/><figcaption id=\"caption-attachment-5591\" class=\"wp-caption-text\">Adaptation \u00e0 de nouvelles r\u00e8gles<\/figcaption><\/figure>\n<p>&nbsp;<\/p>\n<p style=\"text-align: justify\">Ce qui pouvait, \u00e0 ses yeux, contrevenir au principe de la libre concurrence pos\u00e9 par la commission europ\u00e9enne. ERDF est donc devenu <strong>Enedis<\/strong>, en 2016.<\/p>\n<p>&nbsp;<\/p>\n<h3 style=\"text-align: justify\">Rajeunir la marque et prendre un nouveau d\u00e9part<\/h3>\n<p style=\"text-align: justify\">Le temps passe et les g\u00e9n\u00e9rations de consommateurs aussi. Le nom d&rsquo;une marque ou d&rsquo;une entreprise bien adapt\u00e9e \u00e0 l&rsquo;\u00e9poque o\u00f9 l&rsquo;entreprise a \u00e9t\u00e9 cr\u00e9\u00e9e peut, soudain, prendre un s\u00e9rieux coup de vieux, sans que ses produits ou services aient vraiment d\u00e9m\u00e9rit\u00e9s. Changer un nom dans de telles circonstances n&rsquo;est pas commode.<\/p>\n<p style=\"text-align: justify\">Souvent, les dirigeants de l&rsquo;entreprise, de m\u00eame que son personnel, n&rsquo;ont pas conscience de leur impact, tant ils sont, les uns et le autres, attach\u00e9s \u00e0 leur histoire commune.<\/p>\n<p style=\"text-align: justify\">De ce fait, ils ont tendance \u00e0 les minorer. Pour que ce changement ait lieu, il faut souvent des \u00e9v\u00e8nements ext\u00e9rieurs, crise \u00e9conomique, perte d&rsquo;un march\u00e9, nouvel actionnaire, etc., qui poussent tout le monde \u00e0 voir les choses autrement et &#8230; \u00e0 changer de nom.<\/p>\n<p>&nbsp;<\/p>\n<h2 style=\"text-align: justify\">Changer un nom d&rsquo;entreprise : comment s&rsquo;organiser ?<\/h2>\n<blockquote>\n<p>Le changement n&rsquo;est pas la garantie du succ\u00e8s. Mais, lorsque les mod\u00e8les \u00e9conomiques des entreprises sont attaqu\u00e9s comme actuellement, changer de nom permet d&rsquo;envoyer le premier signe fort aux collaborateurs et aux investisseurs de la prise de conscience de la n\u00e9cessit\u00e9 de s&rsquo;adapter.\u00a0<\/p>\n<\/blockquote>\n<p style=\"text-align: justify\">Ainsi parle un sp\u00e9cialiste comme Jean-Philippe Matzel, de l&rsquo;agence de communication Fred &amp; Farid. On ne saurait mieux dire. Alors comment faire concr\u00e8tement pour changer de nom ?<\/p>\n<p>&nbsp;<\/p>\n<h3 style=\"text-align: justify\">Faire un \u00e9tat des lieux<\/h3>\n<blockquote>\n<p style=\"text-align: justify\">Le nom n&rsquo;a pas pour unique objectif de se distinguer sur un march\u00e9, c&rsquo;est aussi et avant tout la repr\u00e9sentation de son identit\u00e9, source de valeurs, et de son champ de l\u00e9gitimit\u00e9.\u00a0<\/p>\n<\/blockquote>\n<p style=\"text-align: justify\">Dit un autre sp\u00e9cialiste. Ce n&rsquo;est donc que si le nom de l&rsquo;entreprise ne repr\u00e9sente plus, \u00e0 ses yeux et \u00e0 ceux de ses partenaires, son identit\u00e9 et son mode op\u00e9ratoire qu&rsquo;il faut engager, imp\u00e9rativement, un processus de changement. D&rsquo;\u00e9vidence, si ce n&rsquo;est pas le cas, changer de nom ne s&rsquo;impose pas et n&rsquo;est rien d&rsquo;autre qu&rsquo;un effet de mode.<\/p>\n<p>&nbsp;<\/p>\n<h3 style=\"text-align: justify\">Trouver un nouveau nom : 3 m\u00e9thodes<\/h3>\n<p style=\"text-align: justify\">Trouver un nouveau nom pour son entreprise n&rsquo;est pas difficile. Tout d\u00e9pend de la strat\u00e9gie dans laquelle s&rsquo;inscrit ce changement de nom. On comprend que la nature des enjeux n&rsquo;est pas tout \u00e0 fait la m\u00eame selon que l&rsquo;entreprise concern\u00e9e est une micro-entreprise ou une multinationale.<\/p>\n<p style=\"text-align: justify\">De ce fait, on peut distinguer 3 m\u00e9thodes pour <a href=\"https:\/\/www.jimprimeenfrance.fr\/blog\/comment-trouver-un-nom-pour-son-entreprise\/\" target=\"_blank\" rel=\"noopener noreferrer\">trouver un nom d&rsquo;entreprise<\/a>, de la plus simple et la moins on\u00e9reuse \u00e0 la plus sophistiqu\u00e9e et la plus ch\u00e8re.\u00a0<\/p>\n<h4 style=\"text-align: justify\">G\u00e9n\u00e9rateur gratuit de nom<\/h4>\n<p style=\"text-align: justify\">Rien de plus facile. Il suffit de se connecter \u00e0 l&rsquo;un des nombreux sites proposant ce type de service comme par exemple : <a href=\"https:\/\/www.generateur.name\/\" target=\"_blank\" rel=\"noopener noreferrer\">generateur.name<\/a>, <a href=\"https:\/\/www.panabee.com\/\" target=\"_blank\" rel=\"noopener noreferrer\">panabee<\/a>, <a href=\"https:\/\/businessnamegenerator.com\/fr\/\" target=\"_blank\" rel=\"noopener noreferrer\">businessnamegenerator<\/a> .<\/p>\n<p>&nbsp;<\/p>\n<h4 style=\"text-align: justify\">Brainstorming interne\u00a0<\/h4>\n<p style=\"text-align: justify\">Le brainstorming est une <a href=\"https:\/\/www.journaldunet.fr\/management\/guide-du-management\/1145930-brainstorming-definition-methode-exemple\/\" target=\"_blank\" rel=\"noopener noreferrer\">m\u00e9thode ancienne et bien connue<\/a>. Non seulement elle permet d&rsquo;atteindre l&rsquo;objectif recherch\u00e9, mais c&rsquo;est, en plus, un excellent outil de conduite de changement. Rappelons que le principe est de se mettre \u00e0 plusieurs autour d&rsquo;une table et de laisser fuser les id\u00e9es \u00e0 partir de la commande pass\u00e9e au groupe.<\/p>\n<p style=\"text-align: justify\">On peut naturellement multiplier les groupes et les r\u00e9unions autant que de besoin. Sachant qu&rsquo;\u00e0 un moment donn\u00e9, il faut bien faire un tri entre toutes les id\u00e9es \u00e9mises.<\/p>\n<p>&nbsp;<\/p>\n<h4 style=\"text-align: justify\">Agence de naming<\/h4>\n<p style=\"text-align: justify\">Quand on est press\u00e9 et qu&rsquo;on dispose d&rsquo;un budget, il est toujours possible de faire appel aux services d&rsquo;une agence de communication sp\u00e9cialis\u00e9e dans la recherche de noms. Une des plus connues est l&rsquo;agence <a href=\"https:\/\/www.nomen.fr\/\" target=\"_blank\" rel=\"noopener noreferrer\">Nomen<\/a>. Pr\u00e8s de 20 % des entreprises du CAC 40 lui doivent leur nouveau nom. Mais, il en existe bien d&rsquo;autres, comme, par exemple, <a href=\"https:\/\/www.nalian.com\/\" target=\"_blank\" rel=\"noopener noreferrer\">Nalian<\/a>\u00a0 ou <a href=\"https:\/\/www.creads.fr\/agence-de-naming\" target=\"_blank\" rel=\"noopener noreferrer\">Creads<\/a>.<\/p>\n<p>&nbsp;<\/p>\n<h3 style=\"text-align: justify\">Mettre en \u0153uvre le changement de nom<\/h3>\n<p style=\"text-align: justify\">Une fois le choix arr\u00eat\u00e9 sur un nouveau nom pour l&rsquo;entreprise, il reste un certain nombre de d\u00e9marches \u00e0 r\u00e9aliser pour que ce nouveau nom soit act\u00e9.\u00a0<\/p>\n<h4 style=\"text-align: justify\">Aspects juridiques et administratifs \u00e0 ne pas n\u00e9gliger<\/h4>\n<p style=\"text-align: justify\">Sur le plan juridique, il convient, entre autres, de faire le n\u00e9cessaire pour assurer la protection du nom en le d\u00e9posant \u00e0 l&rsquo;INPI, de modifier les statuts de l&rsquo;entreprise en cons\u00e9quence et de faire enregistrer les modifications aupr\u00e8s du greffe du tribunal de commerce appropri\u00e9.\u00a0<\/p>\n<p style=\"text-align: justify\">Sur le plan administratif, il ne faut pas oublier, notamment, de reparam\u00e9trer les adresses e-mails de tous les services de l&rsquo;entreprise.<\/p>\n<p style=\"text-align: justify\">\u00a0<\/p>\n<p style=\"text-align: justify\"><strong>Nouveaux outils de communication<\/strong><\/p>\n<p style=\"text-align: justify\">Le point de d\u00e9part est naturellement la <a href=\"https:\/\/www.jimprimeenfrance.fr\/blog\/charte-graphique-identite-visuelle-entreprise\/\" target=\"_blank\" rel=\"noopener noreferrer\">charte graphique<\/a>. Elle est, bien s\u00fbr, en rapport avec la taille de l&rsquo;entreprise. On peut la faire par soi-m\u00eame, mais, franchement, ce n&rsquo;est pas un mauvais investissement que de faire appel, au moins pour cette partie, \u00e0 un <strong>graphiste professionnel.<\/strong><\/p>\n<p>&nbsp;<\/p>\n<figure id=\"attachment_1063\" aria-describedby=\"caption-attachment-1063\" style=\"width: 300px\" class=\"wp-caption aligncenter\"><img loading=\"lazy\" decoding=\"async\" class=\"size-medium wp-image-1063\" src=\"https:\/\/www.jimprimeenfrance.fr\/blog\/wp-content\/uploads\/2019\/01\/le-choix-d-une-ou-plusieurs-couleurs-300x214.jpg\" alt=\"Le choix des couleurs dans une charte graphique est plus que d\u00e9terminant\" width=\"300\" height=\"214\" srcset=\"https:\/\/www.jimprimeenfrance.fr\/blog\/wp-content\/uploads\/2019\/01\/le-choix-d-une-ou-plusieurs-couleurs-300x214.jpg 300w, https:\/\/www.jimprimeenfrance.fr\/blog\/wp-content\/uploads\/2019\/01\/le-choix-d-une-ou-plusieurs-couleurs-768x548.jpg 768w, https:\/\/www.jimprimeenfrance.fr\/blog\/wp-content\/uploads\/2019\/01\/le-choix-d-une-ou-plusieurs-couleurs-1024x731.jpg 1024w, https:\/\/www.jimprimeenfrance.fr\/blog\/wp-content\/uploads\/2019\/01\/le-choix-d-une-ou-plusieurs-couleurs.jpg 1200w\" sizes=\"auto, (max-width: 300px) 100vw, 300px\" \/><figcaption id=\"caption-attachment-1063\" class=\"wp-caption-text\">Le choix des couleurs dans une charte graphique est plus que d\u00e9terminant<\/figcaption><\/figure>\n<p>&nbsp;<\/p>\n<p style=\"text-align: justify\">Il a \u00e9t\u00e9 form\u00e9 pour ce travail et ses propositions seront parfaitement en phase avec les sp\u00e9cificit\u00e9s de l&rsquo;impression. Qu&rsquo;il s&rsquo;agisse, par exemple, de couleurs, de typographie ou de design.<\/p>\n<p style=\"text-align: justify\">Cette charte graphique va permettre d&rsquo;encadrer la r\u00e9alisation, entre autres, des nouveaux <strong>flyers<\/strong>, <strong>brochures<\/strong>, <strong>plaquettes<\/strong>, <a href=\"https:\/\/www.jimprimeenfrance.fr\/impression-carte-de-visite\" target=\"_blank\" rel=\"noopener noreferrer\"><strong>cartes de visite<\/strong><\/a>, <strong>papier \u00e0 en-t\u00eate<\/strong> qui irriguent en permanence les diff\u00e9rents circuits auxquels l&rsquo;entreprise est connect\u00e9e. Changements qui peuvent se faire \u00e0 bon compte en faisant appel, notamment, aux services d&rsquo;un <a href=\"https:\/\/www.jimprimeenfrance.fr\/\" target=\"_blank\" rel=\"noopener noreferrer\">imprimeur en ligne<\/a> adoss\u00e9, par exemple, \u00e0 un<strong> imprimeur professionnel,<\/strong> dot\u00e9 de tous les \u00e9quipements n\u00e9cessaires.\u00a0<\/p>\n<p style=\"text-align: justify\">\u00a0<\/p>\n<p style=\"text-align: justify\"><strong>Campagne de communication<\/strong><\/p>\n<p style=\"text-align: justify\">Enfin, les outils sont une chose, leur bon usage en est une autre. Pour \u00eatre pleinement r\u00e9ussi un changement de nom d&rsquo;entreprise doit faire l&rsquo;objet d&rsquo;une campagne de communication adapt\u00e9e. Tous les supports et tous les m\u00e9dias sont appropri\u00e9s.<\/p>\n<p>&nbsp;<\/p>\n<figure id=\"attachment_2959\" aria-describedby=\"caption-attachment-2959\" style=\"width: 1200px\" class=\"wp-caption aligncenter\"><img loading=\"lazy\" decoding=\"async\" class=\"wp-image-2959 size-full\" src=\"https:\/\/www.jimprimeenfrance.fr\/blog\/wp-content\/uploads\/2019\/10\/le-plan-marketing-ajustement-aux-objectifs-choisis-par-le-marketeur.jpg\" alt=\"Une plan de marketing autour des 4 P\" width=\"1200\" height=\"857\" srcset=\"https:\/\/www.jimprimeenfrance.fr\/blog\/wp-content\/uploads\/2019\/10\/le-plan-marketing-ajustement-aux-objectifs-choisis-par-le-marketeur.jpg 1200w, https:\/\/www.jimprimeenfrance.fr\/blog\/wp-content\/uploads\/2019\/10\/le-plan-marketing-ajustement-aux-objectifs-choisis-par-le-marketeur-300x214.jpg 300w, https:\/\/www.jimprimeenfrance.fr\/blog\/wp-content\/uploads\/2019\/10\/le-plan-marketing-ajustement-aux-objectifs-choisis-par-le-marketeur-768x548.jpg 768w, https:\/\/www.jimprimeenfrance.fr\/blog\/wp-content\/uploads\/2019\/10\/le-plan-marketing-ajustement-aux-objectifs-choisis-par-le-marketeur-1024x731.jpg 1024w\" sizes=\"auto, (max-width: 1200px) 100vw, 1200px\" \/><figcaption id=\"caption-attachment-2959\" class=\"wp-caption-text\">Une plan de marketing autour des 4 P<\/figcaption><\/figure>\n<p>&nbsp;<\/p>\n<p style=\"text-align: justify\">Un changement de nom est comme une naissance et la campagne de communication en est le bapt\u00eame. Et m\u00eame avec un petit budget, une <a href=\"https:\/\/www.jimprimeenfrance.fr\/blog\/plan-de-communication-petit-budget-et-gros-effets\/\" target=\"_blank\" rel=\"noopener noreferrer\">campagne de communication bien pens\u00e9e<\/a> permet d&rsquo;obtenir de gros effets.\u00a0<\/p>\n<p style=\"text-align: justify\">\u00a0<\/p>\n<h2 style=\"text-align: justify\">En r\u00e9sum\u00e9 :\u00a0<\/h2>\n<p style=\"text-align: justify\">Changer un nom d&rsquo;entreprise est une \u00e9tape normale dans la vie d&rsquo;une entreprise. Ce changement accompagne son \u00e9volution et en est le symbole. Cependant, changer un nom d&rsquo;entreprise ou de marque est<strong> tout un art<\/strong>. Cela ne s&rsquo;improvise pas.<\/p>\n<p style=\"text-align: justify\">Avant de s&rsquo;y lancer, il convient de faire le point sur la valeur de la marque ou du nom \u00e0 l&rsquo;instant T. Autrement dit, il convient de s&rsquo;interroger sur ses avantages et ses inconv\u00e9nients actuels.<\/p>\n<p style=\"text-align: justify\">Si cette analyse conclut \u00e0 la n\u00e9cessit\u00e9 de trouver un autre nom, il est imp\u00e9ratif de s&rsquo;organiser de telle fa\u00e7on que le nouveau nom soit le signe visible de la renaissance ou du renouveau de l&rsquo;entreprise.\u00a0<\/p>\n<p style=\"text-align: justify\">\u00a0<\/p>\n<p style=\"text-align: justify\">\u00a0<\/p>\n<p style=\"text-align: justify\">\u00a0<\/p>\n<p>&nbsp;<\/p>\n<p>&nbsp;<\/p>\n","protected":false},"excerpt":{"rendered":"<p>Ces derni\u00e8res ann\u00e9es, le re-branding, autrement dit, le changement de nom d&rsquo;entreprise ou de marque fait fureur. Dernier en date, Speculoos. La c\u00e9l\u00e8bre marque de biscuit de Lotus, change de nom et devient ainsi Biscoff. Pas s\u00fbr que \u00e7a plaise vraiment aux consommateurs. Le fait est que le re-branding est tout sauf une mode. Car, [&hellip;]<\/p>\n","protected":false},"author":4,"featured_media":5593,"comment_status":"open","ping_status":"open","sticky":false,"template":"","format":"standard","meta":{"_editorskit_title_hidden":false,"_editorskit_reading_time":0,"_editorskit_is_block_options_detached":false,"_editorskit_block_options_position":"{}","footnotes":""},"categories":[45,15,8,54,147],"tags":[453,191,58,452],"class_list":["post-5528","post","type-post","status-publish","format-standard","has-post-thumbnail","hentry","category-brochure","category-carte-de-visite","category-flyer","category-marketing","category-papier-a-en-tete","tag-changement-de-nom","tag-marketing","tag-marque","tag-re-branding"],"yoast_head":"<!-- This site is optimized with the Yoast SEO plugin v27.4 - https:\/\/yoast.com\/product\/yoast-seo-wordpress\/ -->\r\n<title>Changer un nom d&#039;entreprise est tout un art et \u00e7a ne s&#039;improvise pas<\/title>\r\n<meta name=\"description\" content=\"Changer un nom d&#039;entreprise peut s&#039;av\u00e9rer absolument n\u00e9c\u00e9ssaire. Conduit avec art, ce changement peut \u00eatre l&#039;occasion d&#039;un formidable essor.\" \/>\r\n<meta name=\"robots\" content=\"index, follow, max-snippet:-1, max-image-preview:large, max-video-preview:-1\" \/>\r\n<link rel=\"canonical\" href=\"https:\/\/www.jimprimeenfrance.fr\/blog\/changer-nom-entreprise\/\" \/>\r\n<meta property=\"og:locale\" content=\"fr_FR\" \/>\r\n<meta property=\"og:type\" content=\"article\" \/>\r\n<meta property=\"og:title\" content=\"Changer un nom d&#039;entreprise est tout un art et \u00e7a ne s&#039;improvise pas\" \/>\r\n<meta property=\"og:description\" content=\"Changer un nom d&#039;entreprise peut s&#039;av\u00e9rer absolument n\u00e9c\u00e9ssaire. Conduit avec art, ce changement peut \u00eatre l&#039;occasion d&#039;un formidable essor.\" \/>\r\n<meta property=\"og:url\" content=\"https:\/\/www.jimprimeenfrance.fr\/blog\/changer-nom-entreprise\/\" \/>\r\n<meta property=\"og:site_name\" content=\"Votre imprimerie en ligne, le blog\" \/>\r\n<meta property=\"article:publisher\" content=\"https:\/\/www.facebook.com\/PrintBasPrix\" \/>\r\n<meta property=\"article:published_time\" content=\"2020-11-25T07:30:00+00:00\" \/>\r\n<meta property=\"og:image\" content=\"https:\/\/www.jimprimeenfrance.fr\/blog\/wp-content\/uploads\/2020\/11\/rebranding.jpg\" \/>\r\n\t<meta property=\"og:image:width\" content=\"1400\" \/>\r\n\t<meta property=\"og:image:height\" content=\"500\" \/>\r\n\t<meta property=\"og:image:type\" content=\"image\/jpeg\" \/>\r\n<meta name=\"author\" content=\"PrintBasPrix Imprimerie en ligne\" \/>\r\n<meta name=\"twitter:card\" content=\"summary_large_image\" \/>\r\n<meta name=\"twitter:creator\" content=\"@PrintBasPrix\" \/>\r\n<meta name=\"twitter:site\" content=\"@PrintBasPrix\" \/>\r\n<meta name=\"twitter:label1\" content=\"\u00c9crit par\" \/>\n\t<meta name=\"twitter:data1\" content=\"PrintBasPrix Imprimerie en ligne\" \/>\n\t<meta name=\"twitter:label2\" content=\"Dur\u00e9e de lecture estim\u00e9e\" \/>\n\t<meta name=\"twitter:data2\" content=\"10 minutes\" \/>\r\n<script type=\"application\/ld+json\" class=\"yoast-schema-graph\">{\"@context\":\"https:\\\/\\\/schema.org\",\"@graph\":[{\"@type\":\"Article\",\"@id\":\"https:\\\/\\\/www.jimprimeenfrance.fr\\\/blog\\\/changer-nom-entreprise\\\/#article\",\"isPartOf\":{\"@id\":\"https:\\\/\\\/www.jimprimeenfrance.fr\\\/blog\\\/changer-nom-entreprise\\\/\"},\"author\":{\"name\":\"PrintBasPrix Imprimerie en ligne\",\"@id\":\"https:\\\/\\\/www.jimprimeenfrance.fr\\\/blog\\\/#\\\/schema\\\/person\\\/711bdd00fc82a687615940c5ae0b412c\"},\"headline\":\"L&rsquo;art de changer un nom d&rsquo;entreprise\",\"datePublished\":\"2020-11-25T07:30:00+00:00\",\"mainEntityOfPage\":{\"@id\":\"https:\\\/\\\/www.jimprimeenfrance.fr\\\/blog\\\/changer-nom-entreprise\\\/\"},\"wordCount\":2131,\"commentCount\":0,\"publisher\":{\"@id\":\"https:\\\/\\\/www.jimprimeenfrance.fr\\\/blog\\\/#organization\"},\"image\":{\"@id\":\"https:\\\/\\\/www.jimprimeenfrance.fr\\\/blog\\\/changer-nom-entreprise\\\/#primaryimage\"},\"thumbnailUrl\":\"https:\\\/\\\/www.jimprimeenfrance.fr\\\/blog\\\/wp-content\\\/uploads\\\/2020\\\/11\\\/rebranding.jpg\",\"keywords\":[\"Changement de nom\",\"marketing\",\"marque\",\"Re-branding\"],\"articleSection\":[\"Brochure\",\"Carte de visite\",\"Flyer\",\"Marketing\",\"Papier \u00e0 en-t\u00eate\"],\"inLanguage\":\"fr-FR\",\"potentialAction\":[{\"@type\":\"CommentAction\",\"name\":\"Comment\",\"target\":[\"https:\\\/\\\/www.jimprimeenfrance.fr\\\/blog\\\/changer-nom-entreprise\\\/#respond\"]}]},{\"@type\":\"WebPage\",\"@id\":\"https:\\\/\\\/www.jimprimeenfrance.fr\\\/blog\\\/changer-nom-entreprise\\\/\",\"url\":\"https:\\\/\\\/www.jimprimeenfrance.fr\\\/blog\\\/changer-nom-entreprise\\\/\",\"name\":\"Changer un nom d'entreprise est tout un art et \u00e7a ne s'improvise pas\",\"isPartOf\":{\"@id\":\"https:\\\/\\\/www.jimprimeenfrance.fr\\\/blog\\\/#website\"},\"primaryImageOfPage\":{\"@id\":\"https:\\\/\\\/www.jimprimeenfrance.fr\\\/blog\\\/changer-nom-entreprise\\\/#primaryimage\"},\"image\":{\"@id\":\"https:\\\/\\\/www.jimprimeenfrance.fr\\\/blog\\\/changer-nom-entreprise\\\/#primaryimage\"},\"thumbnailUrl\":\"https:\\\/\\\/www.jimprimeenfrance.fr\\\/blog\\\/wp-content\\\/uploads\\\/2020\\\/11\\\/rebranding.jpg\",\"datePublished\":\"2020-11-25T07:30:00+00:00\",\"description\":\"Changer un nom d'entreprise peut s'av\u00e9rer absolument n\u00e9c\u00e9ssaire. Conduit avec art, ce changement peut \u00eatre l'occasion d'un formidable essor.\",\"breadcrumb\":{\"@id\":\"https:\\\/\\\/www.jimprimeenfrance.fr\\\/blog\\\/changer-nom-entreprise\\\/#breadcrumb\"},\"inLanguage\":\"fr-FR\",\"potentialAction\":[{\"@type\":\"ReadAction\",\"target\":[\"https:\\\/\\\/www.jimprimeenfrance.fr\\\/blog\\\/changer-nom-entreprise\\\/\"]}]},{\"@type\":\"ImageObject\",\"inLanguage\":\"fr-FR\",\"@id\":\"https:\\\/\\\/www.jimprimeenfrance.fr\\\/blog\\\/changer-nom-entreprise\\\/#primaryimage\",\"url\":\"https:\\\/\\\/www.jimprimeenfrance.fr\\\/blog\\\/wp-content\\\/uploads\\\/2020\\\/11\\\/rebranding.jpg\",\"contentUrl\":\"https:\\\/\\\/www.jimprimeenfrance.fr\\\/blog\\\/wp-content\\\/uploads\\\/2020\\\/11\\\/rebranding.jpg\",\"width\":1400,\"height\":500,\"caption\":\"Re-branding\"},{\"@type\":\"BreadcrumbList\",\"@id\":\"https:\\\/\\\/www.jimprimeenfrance.fr\\\/blog\\\/changer-nom-entreprise\\\/#breadcrumb\",\"itemListElement\":[{\"@type\":\"ListItem\",\"position\":1,\"name\":\"Accueil\",\"item\":\"https:\\\/\\\/www.jimprimeenfrance.fr\\\/blog\\\/\"},{\"@type\":\"ListItem\",\"position\":2,\"name\":\"L&rsquo;art de changer un nom d&rsquo;entreprise\"}]},{\"@type\":\"WebSite\",\"@id\":\"https:\\\/\\\/www.jimprimeenfrance.fr\\\/blog\\\/#website\",\"url\":\"https:\\\/\\\/www.jimprimeenfrance.fr\\\/blog\\\/\",\"name\":\"Votre imprimerie en ligne, le blog\",\"description\":\"Impressionnez et faites bonne impression avec nos conseils d&#039;imprimerie online\",\"publisher\":{\"@id\":\"https:\\\/\\\/www.jimprimeenfrance.fr\\\/blog\\\/#organization\"},\"potentialAction\":[{\"@type\":\"SearchAction\",\"target\":{\"@type\":\"EntryPoint\",\"urlTemplate\":\"https:\\\/\\\/www.jimprimeenfrance.fr\\\/blog\\\/?s={search_term_string}\"},\"query-input\":{\"@type\":\"PropertyValueSpecification\",\"valueRequired\":true,\"valueName\":\"search_term_string\"}}],\"inLanguage\":\"fr-FR\"},{\"@type\":\"Organization\",\"@id\":\"https:\\\/\\\/www.jimprimeenfrance.fr\\\/blog\\\/#organization\",\"name\":\"PrintBasPrix - Imprimerie en ligne\",\"url\":\"https:\\\/\\\/www.jimprimeenfrance.fr\\\/blog\\\/\",\"logo\":{\"@type\":\"ImageObject\",\"inLanguage\":\"fr-FR\",\"@id\":\"https:\\\/\\\/www.jimprimeenfrance.fr\\\/blog\\\/#\\\/schema\\\/logo\\\/image\\\/\",\"url\":\"https:\\\/\\\/www.jimprimeenfrance.fr\\\/blog\\\/wp-content\\\/uploads\\\/2018\\\/07\\\/cropped-printbasprix-imprimeur-en-ligne.png\",\"contentUrl\":\"https:\\\/\\\/www.jimprimeenfrance.fr\\\/blog\\\/wp-content\\\/uploads\\\/2018\\\/07\\\/cropped-printbasprix-imprimeur-en-ligne.png\",\"width\":361,\"height\":86,\"caption\":\"PrintBasPrix - Imprimerie en ligne\"},\"image\":{\"@id\":\"https:\\\/\\\/www.jimprimeenfrance.fr\\\/blog\\\/#\\\/schema\\\/logo\\\/image\\\/\"},\"sameAs\":[\"https:\\\/\\\/www.facebook.com\\\/PrintBasPrix\",\"https:\\\/\\\/x.com\\\/PrintBasPrix\",\"https:\\\/\\\/www.instagram.com\\\/printbasprix\\\/\",\"https:\\\/\\\/www.linkedin.com\\\/company\\\/printbasprix\\\/\",\"https:\\\/\\\/www.youtube.com\\\/channel\\\/UC0Ysbd0Gbzzp0yMgrfNQqug\"]},{\"@type\":\"Person\",\"@id\":\"https:\\\/\\\/www.jimprimeenfrance.fr\\\/blog\\\/#\\\/schema\\\/person\\\/711bdd00fc82a687615940c5ae0b412c\",\"name\":\"PrintBasPrix Imprimerie en ligne\",\"image\":{\"@type\":\"ImageObject\",\"inLanguage\":\"fr-FR\",\"@id\":\"https:\\\/\\\/secure.gravatar.com\\\/avatar\\\/e898f6c9f447b2b28a568c2fec45e0fef703b12c4f80de6258e9bcb2e61aaf27?s=96&r=g\",\"url\":\"https:\\\/\\\/secure.gravatar.com\\\/avatar\\\/e898f6c9f447b2b28a568c2fec45e0fef703b12c4f80de6258e9bcb2e61aaf27?s=96&r=g\",\"contentUrl\":\"https:\\\/\\\/secure.gravatar.com\\\/avatar\\\/e898f6c9f447b2b28a568c2fec45e0fef703b12c4f80de6258e9bcb2e61aaf27?s=96&r=g\",\"caption\":\"PrintBasPrix Imprimerie en ligne\"},\"url\":\"https:\\\/\\\/www.jimprimeenfrance.fr\\\/blog\\\/author\\\/printbasprix-imprimerie-en-ligne\\\/\"}]}<\/script>\r\n<!-- \/ Yoast SEO plugin. -->","yoast_head_json":{"title":"Changer un nom d'entreprise est tout un art et \u00e7a ne s'improvise pas","description":"Changer un nom d'entreprise peut s'av\u00e9rer absolument n\u00e9c\u00e9ssaire. Conduit avec art, ce changement peut \u00eatre l'occasion d'un formidable essor.","robots":{"index":"index","follow":"follow","max-snippet":"max-snippet:-1","max-image-preview":"max-image-preview:large","max-video-preview":"max-video-preview:-1"},"canonical":"https:\/\/www.jimprimeenfrance.fr\/blog\/changer-nom-entreprise\/","og_locale":"fr_FR","og_type":"article","og_title":"Changer un nom d'entreprise est tout un art et \u00e7a ne s'improvise pas","og_description":"Changer un nom d'entreprise peut s'av\u00e9rer absolument n\u00e9c\u00e9ssaire. Conduit avec art, ce changement peut \u00eatre l'occasion d'un formidable essor.","og_url":"https:\/\/www.jimprimeenfrance.fr\/blog\/changer-nom-entreprise\/","og_site_name":"Votre imprimerie en ligne, le blog","article_publisher":"https:\/\/www.facebook.com\/PrintBasPrix","article_published_time":"2020-11-25T07:30:00+00:00","og_image":[{"width":1400,"height":500,"url":"https:\/\/www.jimprimeenfrance.fr\/blog\/wp-content\/uploads\/2020\/11\/rebranding.jpg","type":"image\/jpeg"}],"author":"PrintBasPrix Imprimerie en ligne","twitter_card":"summary_large_image","twitter_creator":"@PrintBasPrix","twitter_site":"@PrintBasPrix","twitter_misc":{"\u00c9crit par":"PrintBasPrix Imprimerie en ligne","Dur\u00e9e de lecture estim\u00e9e":"10 minutes"},"schema":{"@context":"https:\/\/schema.org","@graph":[{"@type":"Article","@id":"https:\/\/www.jimprimeenfrance.fr\/blog\/changer-nom-entreprise\/#article","isPartOf":{"@id":"https:\/\/www.jimprimeenfrance.fr\/blog\/changer-nom-entreprise\/"},"author":{"name":"PrintBasPrix Imprimerie en ligne","@id":"https:\/\/www.jimprimeenfrance.fr\/blog\/#\/schema\/person\/711bdd00fc82a687615940c5ae0b412c"},"headline":"L&rsquo;art de changer un nom d&rsquo;entreprise","datePublished":"2020-11-25T07:30:00+00:00","mainEntityOfPage":{"@id":"https:\/\/www.jimprimeenfrance.fr\/blog\/changer-nom-entreprise\/"},"wordCount":2131,"commentCount":0,"publisher":{"@id":"https:\/\/www.jimprimeenfrance.fr\/blog\/#organization"},"image":{"@id":"https:\/\/www.jimprimeenfrance.fr\/blog\/changer-nom-entreprise\/#primaryimage"},"thumbnailUrl":"https:\/\/www.jimprimeenfrance.fr\/blog\/wp-content\/uploads\/2020\/11\/rebranding.jpg","keywords":["Changement de nom","marketing","marque","Re-branding"],"articleSection":["Brochure","Carte de visite","Flyer","Marketing","Papier \u00e0 en-t\u00eate"],"inLanguage":"fr-FR","potentialAction":[{"@type":"CommentAction","name":"Comment","target":["https:\/\/www.jimprimeenfrance.fr\/blog\/changer-nom-entreprise\/#respond"]}]},{"@type":"WebPage","@id":"https:\/\/www.jimprimeenfrance.fr\/blog\/changer-nom-entreprise\/","url":"https:\/\/www.jimprimeenfrance.fr\/blog\/changer-nom-entreprise\/","name":"Changer un nom d'entreprise est tout un art et \u00e7a ne s'improvise pas","isPartOf":{"@id":"https:\/\/www.jimprimeenfrance.fr\/blog\/#website"},"primaryImageOfPage":{"@id":"https:\/\/www.jimprimeenfrance.fr\/blog\/changer-nom-entreprise\/#primaryimage"},"image":{"@id":"https:\/\/www.jimprimeenfrance.fr\/blog\/changer-nom-entreprise\/#primaryimage"},"thumbnailUrl":"https:\/\/www.jimprimeenfrance.fr\/blog\/wp-content\/uploads\/2020\/11\/rebranding.jpg","datePublished":"2020-11-25T07:30:00+00:00","description":"Changer un nom d'entreprise peut s'av\u00e9rer absolument n\u00e9c\u00e9ssaire. Conduit avec art, ce changement peut \u00eatre l'occasion d'un formidable essor.","breadcrumb":{"@id":"https:\/\/www.jimprimeenfrance.fr\/blog\/changer-nom-entreprise\/#breadcrumb"},"inLanguage":"fr-FR","potentialAction":[{"@type":"ReadAction","target":["https:\/\/www.jimprimeenfrance.fr\/blog\/changer-nom-entreprise\/"]}]},{"@type":"ImageObject","inLanguage":"fr-FR","@id":"https:\/\/www.jimprimeenfrance.fr\/blog\/changer-nom-entreprise\/#primaryimage","url":"https:\/\/www.jimprimeenfrance.fr\/blog\/wp-content\/uploads\/2020\/11\/rebranding.jpg","contentUrl":"https:\/\/www.jimprimeenfrance.fr\/blog\/wp-content\/uploads\/2020\/11\/rebranding.jpg","width":1400,"height":500,"caption":"Re-branding"},{"@type":"BreadcrumbList","@id":"https:\/\/www.jimprimeenfrance.fr\/blog\/changer-nom-entreprise\/#breadcrumb","itemListElement":[{"@type":"ListItem","position":1,"name":"Accueil","item":"https:\/\/www.jimprimeenfrance.fr\/blog\/"},{"@type":"ListItem","position":2,"name":"L&rsquo;art de changer un nom d&rsquo;entreprise"}]},{"@type":"WebSite","@id":"https:\/\/www.jimprimeenfrance.fr\/blog\/#website","url":"https:\/\/www.jimprimeenfrance.fr\/blog\/","name":"Votre imprimerie en ligne, le blog","description":"Impressionnez et faites bonne impression avec nos conseils d&#039;imprimerie online","publisher":{"@id":"https:\/\/www.jimprimeenfrance.fr\/blog\/#organization"},"potentialAction":[{"@type":"SearchAction","target":{"@type":"EntryPoint","urlTemplate":"https:\/\/www.jimprimeenfrance.fr\/blog\/?s={search_term_string}"},"query-input":{"@type":"PropertyValueSpecification","valueRequired":true,"valueName":"search_term_string"}}],"inLanguage":"fr-FR"},{"@type":"Organization","@id":"https:\/\/www.jimprimeenfrance.fr\/blog\/#organization","name":"PrintBasPrix - Imprimerie en ligne","url":"https:\/\/www.jimprimeenfrance.fr\/blog\/","logo":{"@type":"ImageObject","inLanguage":"fr-FR","@id":"https:\/\/www.jimprimeenfrance.fr\/blog\/#\/schema\/logo\/image\/","url":"https:\/\/www.jimprimeenfrance.fr\/blog\/wp-content\/uploads\/2018\/07\/cropped-printbasprix-imprimeur-en-ligne.png","contentUrl":"https:\/\/www.jimprimeenfrance.fr\/blog\/wp-content\/uploads\/2018\/07\/cropped-printbasprix-imprimeur-en-ligne.png","width":361,"height":86,"caption":"PrintBasPrix - Imprimerie en ligne"},"image":{"@id":"https:\/\/www.jimprimeenfrance.fr\/blog\/#\/schema\/logo\/image\/"},"sameAs":["https:\/\/www.facebook.com\/PrintBasPrix","https:\/\/x.com\/PrintBasPrix","https:\/\/www.instagram.com\/printbasprix\/","https:\/\/www.linkedin.com\/company\/printbasprix\/","https:\/\/www.youtube.com\/channel\/UC0Ysbd0Gbzzp0yMgrfNQqug"]},{"@type":"Person","@id":"https:\/\/www.jimprimeenfrance.fr\/blog\/#\/schema\/person\/711bdd00fc82a687615940c5ae0b412c","name":"PrintBasPrix Imprimerie en ligne","image":{"@type":"ImageObject","inLanguage":"fr-FR","@id":"https:\/\/secure.gravatar.com\/avatar\/e898f6c9f447b2b28a568c2fec45e0fef703b12c4f80de6258e9bcb2e61aaf27?s=96&r=g","url":"https:\/\/secure.gravatar.com\/avatar\/e898f6c9f447b2b28a568c2fec45e0fef703b12c4f80de6258e9bcb2e61aaf27?s=96&r=g","contentUrl":"https:\/\/secure.gravatar.com\/avatar\/e898f6c9f447b2b28a568c2fec45e0fef703b12c4f80de6258e9bcb2e61aaf27?s=96&r=g","caption":"PrintBasPrix Imprimerie en ligne"},"url":"https:\/\/www.jimprimeenfrance.fr\/blog\/author\/printbasprix-imprimerie-en-ligne\/"}]}},"_links":{"self":[{"href":"https:\/\/www.jimprimeenfrance.fr\/blog\/wp-json\/wp\/v2\/posts\/5528","targetHints":{"allow":["GET"]}}],"collection":[{"href":"https:\/\/www.jimprimeenfrance.fr\/blog\/wp-json\/wp\/v2\/posts"}],"about":[{"href":"https:\/\/www.jimprimeenfrance.fr\/blog\/wp-json\/wp\/v2\/types\/post"}],"author":[{"embeddable":true,"href":"https:\/\/www.jimprimeenfrance.fr\/blog\/wp-json\/wp\/v2\/users\/4"}],"replies":[{"embeddable":true,"href":"https:\/\/www.jimprimeenfrance.fr\/blog\/wp-json\/wp\/v2\/comments?post=5528"}],"version-history":[{"count":40,"href":"https:\/\/www.jimprimeenfrance.fr\/blog\/wp-json\/wp\/v2\/posts\/5528\/revisions"}],"predecessor-version":[{"id":5594,"href":"https:\/\/www.jimprimeenfrance.fr\/blog\/wp-json\/wp\/v2\/posts\/5528\/revisions\/5594"}],"wp:featuredmedia":[{"embeddable":true,"href":"https:\/\/www.jimprimeenfrance.fr\/blog\/wp-json\/wp\/v2\/media\/5593"}],"wp:attachment":[{"href":"https:\/\/www.jimprimeenfrance.fr\/blog\/wp-json\/wp\/v2\/media?parent=5528"}],"wp:term":[{"taxonomy":"category","embeddable":true,"href":"https:\/\/www.jimprimeenfrance.fr\/blog\/wp-json\/wp\/v2\/categories?post=5528"},{"taxonomy":"post_tag","embeddable":true,"href":"https:\/\/www.jimprimeenfrance.fr\/blog\/wp-json\/wp\/v2\/tags?post=5528"}],"curies":[{"name":"wp","href":"https:\/\/api.w.org\/{rel}","templated":true}]}}