{"id":5035,"date":"2020-09-16T08:30:17","date_gmt":"2020-09-16T06:30:17","guid":{"rendered":"https:\/\/www.jimprimeenfrance.fr\/blog\/?p=5035"},"modified":"2020-10-06T12:01:13","modified_gmt":"2020-10-06T10:01:13","slug":"comment-choisir-bon-format-affiche","status":"publish","type":"post","link":"https:\/\/www.jimprimeenfrance.fr\/blog\/comment-choisir-bon-format-affiche\/","title":{"rendered":"Comment choisir le bon format pour son affiche ?"},"content":{"rendered":"<p><strong>L&rsquo;affichage, quel que soit le format de l&rsquo;affiche, a toujours eu et a toujours la cote en France<\/strong>. Plus que dans d&rsquo;autres pays. Notamment, anglo-saxons. On peut l&rsquo;expliquer par deux traits culturels qui lui sont propres et qui perdurent, malgr\u00e9 la mondialisation.<\/p>\n<p style=\"text-align: justify;\">Le premier est un vieux fond antipublicit\u00e9, anti-r\u00e9clame. H\u00e9ritage de si\u00e8cles o\u00f9 il n&rsquo;\u00e9tait pas tr\u00e8s bien vu de parler d&rsquo;argent, ni de vanter un produit. Le second est un go\u00fbt prononc\u00e9 pour les formes artistiques. Ce n&rsquo;est pas pour rien que la France est une des premi\u00e8res destinations touristiques au monde. Les \u0153uvres d&rsquo;art, quelles qu&rsquo;elles soient, y pullulent.<\/p>\n<p style=\"text-align: justify;\">De sorte que pour <a href=\"https:\/\/www.cairn.info\/revue-le-temps-des-medias-2004-1-page-59.htm\" target=\"_blank\" rel=\"noopener noreferrer\">certains essayistes<\/a>, l&rsquo;affiche publicitaire artistique est \u00e0 l&rsquo;exact point de rencontre entre la n\u00e9cessit\u00e9 de promouvoir un service ou un produit et celle de le faire d&rsquo;une mani\u00e8re qui en \u00ab\u00a0rach\u00e8te\u00a0\u00bb le c\u00f4t\u00e9 mercantile. Autrement dit, c&rsquo;est parce que les affiches fran\u00e7aises ont toujours exprim\u00e9, plus ou moins, un sens de l&rsquo;esth\u00e9tique qu&rsquo;elles sont toujours aussi bien accueillies par les consommateurs fran\u00e7ais.<\/p>\n<p style=\"text-align: justify;\">De sorte qu&rsquo;on a pu et on peut encore parler d&rsquo;<strong>art publicitaire <\/strong>pour les affiches les plus cr\u00e9atives d&rsquo;entre elles<strong>. <\/strong>\u00a0D&rsquo;o\u00f9 la question : <strong>quelle affiche pour quel format d&rsquo;affichage ?<\/strong> Peut-on faire ce que l&rsquo;on veut dans ce domaine ou y a-t-il des r\u00e8gles implicites ? Disons, pour faire simple, qu&rsquo;il y a quatre grands types de format et d&rsquo;affiche selon le lieu de l&rsquo;affichage.<\/p>\n<p>&nbsp;<\/p>\n<h2>Taille poster et affichage int\u00e9rieur<\/h2>\n<p>Le poster est une affiche, plut\u00f4t, de petit format. Cela va du format<strong> A 0<\/strong>, soit 84,1 cm x 118,9 cm, au format <strong>A4<\/strong>, soit 21,9 cm x 29,7. Bref, tous les formats en A : A0 pour le plus grand, A4, pour le plus petit, en passant par les formats <strong>A 1<\/strong>, 59,4 cm x 84,1 cm ; <strong>A2<\/strong>, 42 cm x 59,4 cm et<strong> A3<\/strong>, 29,7 cm x 42 cm.\u00a0<\/p>\n<p>Le format poster convient, principalement, \u00e0 des affichages internes.<\/p>\n<ul>\n<li style=\"text-align: justify;\">Son design peut \u00eatre purement<strong> professionnel et informatif<\/strong> comme, par exemple, les <strong>posters sans fioritures<\/strong> d\u00e9crivant les gestes barri\u00e8res \u00e0 respecter pour lutter contre la pand\u00e9mie covid-19. L&rsquo;important, dans ce cas, est de donner la bonne information, de mani\u00e8re lisible, et au bon endroit. Ci-apr\u00e8s, le mod\u00e8le d&rsquo;affichette, diffus\u00e9 par <strong>Sant\u00e9 Publique France<\/strong> pour les professionnels, est un <strong>format A4<\/strong>, 21&#215;29,7cm.<\/li>\n<li>\u00a0<\/li>\n<\/ul>\n<figure style=\"width: 303px\" class=\"wp-caption aligncenter\"><img loading=\"lazy\" decoding=\"async\" src=\"https:\/\/www.santepubliquefrance.fr\/var\/site\/storage\/images\/0\/8\/0\/4\/2684080-1-fre-FR\/323840_spf00002361-cadichd.jpg\" alt=\"\" width=\"303\" height=\"427\" \/><figcaption class=\"wp-caption-text\">Affiche Covid-19<\/figcaption><\/figure>\n<p>&nbsp;<\/p>\n<ul>\n<li style=\"text-align: justify;\">Il peut \u00e9galement prendre la forme d&rsquo;un <strong>poster d\u00e9coratif. <\/strong>Dans ce cas, son affichage est essentiellement interne. On l&rsquo;utilise pour donner une touche sympa \u00e0 une pi\u00e8ce, chambre, salon ou salle de bains d&rsquo;une maison ou d&rsquo;un appartement.<\/li>\n<\/ul>\n<p style=\"padding-left: 40px;\">Ou encore \u00e0 un espace particulier, par exemple, salle d&rsquo;attente, salle de r\u00e9union ou stand professionnel, d&rsquo;une entreprise. A noter, que dans le cadre d&rsquo;un tel usage, le<a href=\"https:\/\/www.jimprimeenfrance.fr\/blog\/comment-decorer-interieur-affiche-decorative-personnalisee\/\" target=\"_blank\" rel=\"noopener noreferrer\"> poster peut, naturellement, \u00eatre personnalis\u00e9<\/a> et \u00eatre imprim\u00e9, le cas \u00e9ch\u00e9ant, sur de grandes surfaces.\u00a0<\/p>\n<p>&nbsp;<\/p>\n<h2>Formats affiche publicitaire\u00a0<\/h2>\n<p style=\"text-align: justify;\">L&rsquo;affiche publicitaire est plut\u00f4t destin\u00e9e \u00e0 l&rsquo;ext\u00e9rieur et \u00e0 \u00eatre vue de loin. Donc son format est plut\u00f4t de grande taille.\u00a0 Mais, elle peut aussi prendre le format d&rsquo;un poster.<\/p>\n<p style=\"text-align: justify;\">Un bel exemple de ce que ce format permet, dans le domaine publicitaire, ancien, c&rsquo;est vrai, est donn\u00e9 par l&rsquo;illustrateur <strong>Angelo Asti<\/strong> pour la biscuiterie Poulain, fond\u00e9e par le fils du cr\u00e9ateur des fameux chocolats Poulain. Angelo Asti est n\u00e9 \u00e0 Milan en 1847 et est mort \u00e0 Paris en 1903, apr\u00e8s avoir v\u00e9cu une bonne quinzaine d&rsquo;ann\u00e9es aux Etats-Unis. Le panneau lithographi\u00e9, ci-apr\u00e8s, d&rsquo;inspiration pr\u00e9rapha\u00e9lite, fait 39,2 cm x 51,9 cm. Quasiment un <strong>format A2<\/strong>. Ce qu&rsquo;il faut retenir de cette composition, suivie par de nombreux illustrateurs depuis, c&rsquo;est que c&rsquo;est une expression parfaite de ce qu&rsquo;on appelle<strong> l&rsquo;art publicitaire<\/strong>. A la fois, artistique et subliminal.<\/p>\n<p>&nbsp;<\/p>\n<figure id=\"attachment_5087\" aria-describedby=\"caption-attachment-5087\" style=\"width: 234px\" class=\"wp-caption aligncenter\"><img loading=\"lazy\" decoding=\"async\" class=\"size-medium wp-image-5087\" src=\"https:\/\/www.jimprimeenfrance.fr\/blog\/wp-content\/uploads\/2020\/09\/A2546-6788_11-234x300.jpg\" alt=\"BISCUIT ALBERT POULAIN &amp; Fils \u00e0 Blois : Panonceau lithographi\u00e9 sign\u00e9 A.Asti  (Angelo Asti 1847-1903)., Vente aux ench\u00e8res : Estampes - Affiches -  Gravure - Lithographie - Eauforte\" width=\"234\" height=\"300\" srcset=\"https:\/\/www.jimprimeenfrance.fr\/blog\/wp-content\/uploads\/2020\/09\/A2546-6788_11-234x300.jpg 234w, https:\/\/www.jimprimeenfrance.fr\/blog\/wp-content\/uploads\/2020\/09\/A2546-6788_11-798x1024.jpg 798w, https:\/\/www.jimprimeenfrance.fr\/blog\/wp-content\/uploads\/2020\/09\/A2546-6788_11-768x986.jpg 768w, https:\/\/www.jimprimeenfrance.fr\/blog\/wp-content\/uploads\/2020\/09\/A2546-6788_11.jpg 935w\" sizes=\"auto, (max-width: 234px) 100vw, 234px\" \/><figcaption id=\"caption-attachment-5087\" class=\"wp-caption-text\">BISCUIT ALBERT POULAIN &amp; Fils \u00e0 Blois : Panonceau lithographi\u00e9 sign\u00e9 A.Asti (Angelo Asti 1847-1903)., Vente aux ench\u00e8res : Estampes &#8211; Affiches &#8211; Gravure &#8211; Lithographie &#8211; Eauforte<\/figcaption><\/figure>\n<p style=\"text-align: center;\">\u00a0<\/p>\n<p style=\"text-align: justify;\">Pour la petite histoire, les \u0153uvres d&rsquo;Angelo Asti ont \u00e9t\u00e9 diffus\u00e9es sous de multiples formes, notamment sous formes de<strong> gravures,<\/strong> mais aussi de <strong>cartes postales <\/strong>ou de <a href=\"https:\/\/www.jimprimeenfrance.fr\/impression-carte-de-voeux\" target=\"_blank\" rel=\"noopener noreferrer\">cartes de v\u0153ux<\/a>. Elles ont marqu\u00e9 leur \u00e9poque et chaque exemplaire, sous une forme ou sous une autre, fait l&rsquo;objet, aujourd&rsquo;hui, de transactions, entre collectionneurs, dans les salles de vente sp\u00e9cialis\u00e9es.\u00a0<\/p>\n<p>&nbsp;<\/p>\n<h3>Grandes affiches\u00a0<\/h3>\n<p>&nbsp;<\/p>\n<p style=\"text-align: justify;\">Cela dit. <strong>L&rsquo;affiche publicitaire est, en principe, de grand format<\/strong>. Au minimum de dimension<strong> B0<\/strong>, 100 cm x 140 cm ; <strong>B1<\/strong>, 70 cm x 100 cm ou<strong> B2<\/strong>, 50 cm x 70 cm.\u00a0 Mais, en g\u00e9n\u00e9ral, elle est coll\u00e9e sur de grands panneaux, install\u00e9s sur des emplacements strat\u00e9giques, en bords de route.<\/p>\n<p style=\"text-align: justify;\">Ses caract\u00e9ristiques sont d\u00e9termin\u00e9es par ses conditions de lecture. Elle doit pouvoir \u00eatre d\u00e9chiffr\u00e9e tr\u00e8s rapidement, notamment, par des automobilistes en train de circuler.\u00a0<\/p>\n<p>&nbsp;<\/p>\n<figure style=\"width: 640px\" class=\"wp-caption aligncenter\"><img loading=\"lazy\" decoding=\"async\" src=\"https:\/\/i.pinimg.com\/736x\/f4\/d5\/65\/f4d565f8750351e28af58ecafecad99b.jpg\" alt=\"Quand la pub d\u00e9tourne l'art | La laiti\u00e8re, Art, Publicit\u00e9\" width=\"640\" height=\"398\" \/><figcaption class=\"wp-caption-text\">Quand la pub d\u00e9tourne l&rsquo;art | La laiti\u00e8re, Art, Publicit\u00e9<\/figcaption><\/figure>\n<p>&nbsp;<\/p>\n<p style=\"text-align: justify;\">A noter que ces conditions particuli\u00e8res n&#8217;emp\u00eachent pas que certaines affiches publicitaires puissent \u00eatre rattach\u00e9es \u00e0 l&rsquo;art publicitaire, malgr\u00e9 leur grand format. De grandes marques, comme L&rsquo;Or\u00e9al, Perrier, Volkswagen ou Nestl\u00e9, et bien d&rsquo;autres, y ont largement recours.<\/p>\n<p style=\"text-align: justify;\">En l&rsquo;occurrence, en d\u00e9tournant des \u0153uvres d&rsquo;art originales, tr\u00e8s connues, pour servir de support \u00e0 leur publicit\u00e9.\u00a0<\/p>\n<p>&nbsp;<\/p>\n<figure style=\"width: 364px\" class=\"wp-caption aligncenter\"><img loading=\"lazy\" decoding=\"async\" src=\"https:\/\/www.protestantismeetimages.com\/IMG\/jpg\/Copie_de_30._VW1._BASSE_D2FINITION.jpg\" alt=\"Les reprises de la C\u00e8ne de Vinci dans l'art et la publicit\u00e9. - Exemples de  reprises contemporaines qui ont \u00e9t\u00e9 objet de pol\u00e9miques et d'interdiction.  - Protestantisme et images\" width=\"364\" height=\"246\" \/><figcaption class=\"wp-caption-text\">Les reprises de la C\u00e8ne de Vinci dans l&rsquo;art et la publicit\u00e9<\/figcaption><\/figure>\n<p>&nbsp;<\/p>\n<p>Ou en les r\u00e9interpr\u00e9tant.\u00a0<\/p>\n<p>&nbsp;<\/p>\n<figure style=\"width: 610px\" class=\"wp-caption aligncenter\"><img loading=\"lazy\" decoding=\"async\" src=\"https:\/\/www.influencia.net\/data\/photo\/680.png\" alt=\"Quand l'art inspire les publicitaires\u2026 - Influencia\" width=\"610\" height=\"400\" \/><figcaption class=\"wp-caption-text\">Quand l&rsquo;art inspire les publicitaires<\/figcaption><\/figure>\n<p>&nbsp;<\/p>\n<h2>Dimension de l&rsquo;affiche cin\u00e9ma<\/h2>\n<p style=\"text-align: justify;\">C&rsquo;est une forme particuli\u00e8re d&rsquo;affiche. Elle constitue, \u00e0 soi seule, un genre particulier. Comme d&rsquo;ailleurs, toutes les affiches se rapportant \u00e0 des<strong> \u00e9v\u00e8nements culturels<\/strong> : concerts, <a href=\"https:\/\/www.jimprimeenfrance.fr\/blog\/comment-creer-la-meilleure-affiche-de-festival-de-tous-les-temps\/\" target=\"_blank\" rel=\"noopener noreferrer\">festivals<\/a>, pi\u00e8ces de th\u00e9\u00e2tre, expositions. Ou professionnels comme <a href=\"https:\/\/www.jimprimeenfrance.fr\/blog\/supports-communication-avoir-reussir-salon-professionnel\/\" target=\"_blank\" rel=\"noopener noreferrer\">les salons<\/a>.\u00a0<\/p>\n<p style=\"text-align: justify;\">Ces affiches sont, en g\u00e9n\u00e9ral, de format interm\u00e9diaire. Elles ne sont imposantes que lorsque l&rsquo;\u00e9v\u00e8nement est lui-m\u00eame imposant. C&rsquo;est leur premi\u00e8re caract\u00e9ristique. La deuxi\u00e8me, c&rsquo;est qu&rsquo;elles ont un style particulier. A tel point, d&rsquo;ailleurs, que les <a href=\"https:\/\/www.jimprimeenfrance.fr\/blog\/affiches-de-film-pourquoi-identique\/\" target=\"_blank\" rel=\"noopener noreferrer\">affiches de cin\u00e9ma ont tendance \u00e0 toutes se ressembler<\/a>.\u00a0<\/p>\n<p>&nbsp;<\/p>\n<figure style=\"width: 236px\" class=\"wp-caption aligncenter\"><img loading=\"lazy\" decoding=\"async\" src=\"https:\/\/i.pinimg.com\/236x\/e1\/2d\/45\/e12d4580dff6ab0cecc49fd5a620b803.jpg\" alt=\"Retrouvez la bande-annonce du film Rencontres du troisi\u00e8me type ponctu\u00e9e des secrets de tournage et d'anecdotes sur celui-ci. Rencontres du troisi\u00e8me type\" width=\"236\" height=\"321\" \/><figcaption class=\"wp-caption-text\">Dimension de l&rsquo;affiche cin\u00e9ma<\/figcaption><\/figure>\n<p>&nbsp;<\/p>\n<p style=\"text-align: justify;\">Autrement dit, les affiches de type cin\u00e9ma reproduisent n\u00e9cessairement les codes propres \u00e0 leur th\u00e9matique et ont un format correspondant largement \u00e0 l&rsquo;ampleur que les organisateurs, gestionnaires de salles de cin\u00e9ma, agents de spectacle, mus\u00e9es ou associations, veulent donner \u00e0 leur \u00e9v\u00e8nement.\u00a0<\/p>\n<p style=\"text-align: justify;\">Il n&rsquo;est gu\u00e8re utile de choisir des affiches grand format et d&rsquo;en multiplier les emplacements pour un \u00e9v\u00e8nement dont tout porte \u00e0 croire qu&rsquo;il va rester confidentiel. Mieux vaut, dans ce cas, privil\u00e9gier des affiches, certes de petite dimension et dans peu d&#8217;emplacements, mais compensant leur discr\u00e9tion, adapt\u00e9e au budget des organisateurs, par leur tr\u00e8s grande cr\u00e9ativit\u00e9.\u00a0<\/p>\n<p>&nbsp;<\/p>\n<figure style=\"width: 236px\" class=\"wp-caption aligncenter\"><img loading=\"lazy\" decoding=\"async\" src=\"https:\/\/i.pinimg.com\/236x\/a2\/ff\/f8\/a2fff8666f0a5fe41b186c90f7d4eb72.jpg\" alt=\"poster\" width=\"236\" height=\"355\" \/><figcaption class=\"wp-caption-text\">Affiche du Mus\u00e9e des Beaux Arts La Chaux-de-Fonds<\/figcaption><\/figure>\n<p>&nbsp;<\/p>\n<p style=\"text-align: justify;\">On ne le redira jamais assez, mais une <a href=\"https:\/\/www.jimprimeenfrance.fr\/blog\/pourquoi-faire-une-affiche-creative\/\" target=\"_blank\" rel=\"noopener noreferrer\">affiche cr\u00e9ative suscite plus d&rsquo;attention<\/a> qu&rsquo;une affiche banale. A plus forte raison, quand il s&rsquo;agit de promouvoir un \u00e9v\u00e8nement culturel.\u00a0<\/p>\n<p>&nbsp;<\/p>\n<h2>Format affiche m\u00e9tro<\/h2>\n<p style=\"text-align: justify;\">Ou l&rsquo;affiche situ\u00e9e sur un \u00ab\u00a0grand passage\u00a0\u00bb de pi\u00e9tons. Sur les quais d&rsquo;une station de m\u00e9tro ou aux abords d&rsquo;arr\u00eats de bus. La probl\u00e9matique est diff\u00e9rente de celle d&rsquo;un affichage destin\u00e9 \u00e0 des automobilistes.<\/p>\n<p style=\"text-align: justify;\">Quand on envisage un tel affichage, il faut penser aux comportements et attitudes habituels des pi\u00e9tons plac\u00e9s dans cette configuration. En g\u00e9n\u00e9ral, ils sont embarrass\u00e9s par la foule, le bruit et sont souvent perturb\u00e9s par le stress ambiant.\u00a0<\/p>\n<p style=\"text-align: justify;\">Dans ces conditions, l&rsquo;affichage se doit d&rsquo;\u00eatre particuli\u00e8rement visible et au-dessus des t\u00eates. Ce qui impose des formats de grande dimension, avec des couleurs et des th\u00e9matiques apaisantes.<\/p>\n<p style=\"text-align: justify;\">Sur les murs des quais de m\u00e9tro, les formats des affiches sont, en g\u00e9n\u00e9ral, de <strong>150 cm x 200 cm<\/strong>, ou encore de<strong> 100 cm x 150 cm<\/strong>. Pour ce qui est des arr\u00eats de bus, les formats sont, en principe, de <strong>118,5 cm x 175 cm<\/strong>, du fait, notamment, de la normalisation des abribus.<\/p>\n<p>&nbsp;<\/p>\n<figure id=\"attachment_5091\" aria-describedby=\"caption-attachment-5091\" style=\"width: 566px\" class=\"wp-caption aligncenter\"><img loading=\"lazy\" decoding=\"async\" class=\" wp-image-5091\" src=\"https:\/\/www.jimprimeenfrance.fr\/blog\/wp-content\/uploads\/2020\/09\/Format-affiche-metro-300x176.jpg\" alt=\"Format affiche m\u00e9tro\" width=\"566\" height=\"332\" srcset=\"https:\/\/www.jimprimeenfrance.fr\/blog\/wp-content\/uploads\/2020\/09\/Format-affiche-metro-300x176.jpg 300w, https:\/\/www.jimprimeenfrance.fr\/blog\/wp-content\/uploads\/2020\/09\/Format-affiche-metro-768x450.jpg 768w, https:\/\/www.jimprimeenfrance.fr\/blog\/wp-content\/uploads\/2020\/09\/Format-affiche-metro.jpg 1000w\" sizes=\"auto, (max-width: 566px) 100vw, 566px\" \/><figcaption id=\"caption-attachment-5091\" class=\"wp-caption-text\">Format affiche m\u00e9tro<\/figcaption><\/figure>\n<p>&nbsp;<\/p>\n<p>Pour ce qui est, de mettre en avant des th\u00e9matiques qui aident les pi\u00e9tons \u00e0 s&rsquo;\u00e9vader d&rsquo;un environnement p\u00e9nible, on peut donner comme exemples :<\/p>\n<ul>\n<li>Des voyages dans des endroits de r\u00eave,<\/li>\n<li>Des personnages rayonnant de bonheur,<\/li>\n<li>Ou des produits tr\u00e8s performants et enviables.<\/li>\n<\/ul>\n<p>&nbsp;<\/p>\n<h2>En r\u00e9sum\u00e9 : les grands principes pour choisir le bon format d&rsquo;affiche<\/h2>\n<p style=\"text-align: justify;\">M\u00eame s&rsquo;il y a des tendances, propres \u00e0 chaque type d&rsquo;affiche, tous les formats sont envisageables pour une affiche. <a href=\"https:\/\/www.jimprimeenfrance.fr\/blog\/tour-horizon-supports-grands-formats\/\" target=\"_blank\" rel=\"noopener noreferrer\">M\u00eame les plus grands<\/a>. Ce qui est plut\u00f4t rassurant. Cela d&rsquo;autant plus que l&rsquo;affiche b\u00e9n\u00e9ficie d&rsquo;un accueil particuli\u00e8rement favorable en France. Pour des raisons, \u00e0 la fois, historiques et culturelles. <strong>On aurait donc tort de s&rsquo;en priver<\/strong>. C&rsquo;est le <strong>premier principe \u00e0 retenir<\/strong>.\u00a0<\/p>\n<p style=\"text-align: justify;\">Le<strong> deuxi\u00e8me principe<\/strong>, c&rsquo;est qu&rsquo;<strong>une affiche est bien plus modulable qu&rsquo;on ne pense.<\/strong> Elle s&rsquo;adapte \u00e0 tout. Aux budgets, bien s\u00fbr. Mais, aussi et surtout, aux zones \u00e0 couvrir, aux produits ou aux services \u00e0 promouvoir et aux publics \u00e0 toucher.\u00a0<\/p>\n<p style=\"text-align: justify;\">Globalement, plus on veut toucher de monde et faire sa pub, plus l&rsquo;affiche doit \u00eatre de grand format, cr\u00e9ative et largement diffus\u00e9e. On en voit, d&#8217;embl\u00e9e, les cons\u00e9quences en mati\u00e8re de budget.\u00a0<\/p>\n<p>De ce fait, tout en ayant pour objectif de toucher le maximum de monde et de faire une pub qui se remarque, on peut r\u00e9duire l&rsquo;impact budg\u00e9taire que cela peut avoir, en particulier, en :\u00a0<\/p>\n<ul>\n<li style=\"text-align: justify;\">Dimensionnant l&rsquo;affichage, format et autres, en <strong>fonction de la taille de l&rsquo;\u00e9v\u00e8nement \u00e0 promouvoir<\/strong>. En clair, \u00ab\u00a0petit \u00e9v\u00e8nement, petite affiche ; grand \u00e9v\u00e8nement, grande affiche\u00a0\u00bb.\u00a0 Ainsi, pour ne prendre que cet exemple, on ne va pas faire le m\u00eame genre d&rsquo;affiche pour un film d&rsquo;art et d&rsquo;essai, ni faire le m\u00eame effort budg\u00e9taire que pour l&rsquo;affichage d&rsquo;un <a href=\"https:\/\/www.larousse.fr\/dictionnaires\/francais\/blockbuster\/10910221\" target=\"_blank\" rel=\"noopener noreferrer\">blockbuster<\/a>.<\/li>\n<\/ul>\n<p>&nbsp;<\/p>\n<ul>\n<li style=\"text-align: justify;\">Compensant un dimensionnement r\u00e9duit par une cr\u00e9ativit\u00e9 beaucoup plus importante. Cette cr\u00e9ativit\u00e9 peut r\u00e9sulter, bien \u00e9videmment, de la conception m\u00eame de l&rsquo;affiche, mais aussi de ses modes de diffusion. Ce qui suppose, au moins, deux choses. Qu&rsquo;on n&rsquo;h\u00e9site pas, d&rsquo;une part, \u00e0 faire appel \u00e0 des <strong>graphistes professionnels<\/strong>. Et, d&rsquo;autre part, qu&rsquo;on sache utiliser tout ce que les r\u00e9seaux sociaux peuvent apporter dans ce domaine.<\/li>\n<\/ul>\n<p>&nbsp;<\/p>\n<ul>\n<li style=\"text-align: justify;\">Recourant aux services de conception et de r\u00e9alisation d&rsquo;imprimeurs professionnels, certifi\u00e9s et install\u00e9s en France, disposant d&rsquo;une <a href=\"https:\/\/www.jimprimeenfrance.fr\/impression-affiche-en-ligne\" target=\"_blank\" rel=\"noopener noreferrer\">offre cons\u00e9quente en ligne<\/a>.<\/li>\n<\/ul>\n<p style=\"text-align: justify;\">\u00a0<\/p>\n<p style=\"text-align: justify;\">A noter enfin, qu&rsquo;une affiche, surtout en ext\u00e9rieur, se d\u00e9t\u00e9riore tr\u00e8s vite. Suivant la dur\u00e9e pr\u00e9vue pour la campagne publicitaire, il est donc prudent de penser \u00e0 imprimer un stock d&rsquo;affiches suffisant et capable d&rsquo;alimenter d&rsquo;\u00e9ventuels renouvellements.<\/p>\n","protected":false},"excerpt":{"rendered":"<p>L&rsquo;affichage, quel que soit le format de l&rsquo;affiche, a toujours eu et a toujours la cote en France. Plus que dans d&rsquo;autres pays. Notamment, anglo-saxons. On peut l&rsquo;expliquer par deux traits culturels qui lui sont propres et qui perdurent, malgr\u00e9 la mondialisation. Le premier est un vieux fond antipublicit\u00e9, anti-r\u00e9clame. H\u00e9ritage de si\u00e8cles o\u00f9 il [&hellip;]<\/p>\n","protected":false},"author":4,"featured_media":5093,"comment_status":"open","ping_status":"open","sticky":false,"template":"","format":"standard","meta":{"_editorskit_title_hidden":false,"_editorskit_reading_time":0,"_editorskit_is_block_options_detached":false,"_editorskit_block_options_position":"{}","footnotes":""},"categories":[3],"tags":[415,412,414,413],"class_list":["post-5035","post","type-post","status-publish","format-standard","has-post-thumbnail","hentry","category-affiche","tag-affiche-salon-professionnel","tag-format-affiche","tag-grand-affiche","tag-poster-personnalise"],"yoast_head":"<!-- This site is optimized with the Yoast SEO plugin v27.5 - https:\/\/yoast.com\/product\/yoast-seo-wordpress\/ -->\r\n<title>Le choix du format d&#039;une affiche d\u00e9pend de beaucoup de param\u00e8tres<\/title>\r\n<meta name=\"description\" content=\"Le format d&#039;une affiche est modulable en fonction de sa finalit\u00e9 et de la dimension de l&#039;\u00e9v\u00e8nement qu&#039;elle veut promouvoir.\" \/>\r\n<meta name=\"robots\" content=\"index, follow, max-snippet:-1, max-image-preview:large, max-video-preview:-1\" \/>\r\n<link rel=\"canonical\" href=\"https:\/\/www.jimprimeenfrance.fr\/blog\/comment-choisir-bon-format-affiche\/\" \/>\r\n<meta property=\"og:locale\" content=\"fr_FR\" \/>\r\n<meta property=\"og:type\" content=\"article\" \/>\r\n<meta property=\"og:title\" content=\"Le choix du format d&#039;une affiche d\u00e9pend de beaucoup de param\u00e8tres\" \/>\r\n<meta property=\"og:description\" content=\"Le format d&#039;une affiche est modulable en fonction de sa finalit\u00e9 et de la dimension de l&#039;\u00e9v\u00e8nement qu&#039;elle veut promouvoir.\" \/>\r\n<meta property=\"og:url\" content=\"https:\/\/www.jimprimeenfrance.fr\/blog\/comment-choisir-bon-format-affiche\/\" \/>\r\n<meta property=\"og:site_name\" content=\"Votre imprimerie en ligne, le blog\" \/>\r\n<meta property=\"article:publisher\" content=\"https:\/\/www.facebook.com\/PrintBasPrix\" \/>\r\n<meta property=\"article:published_time\" content=\"2020-09-16T06:30:17+00:00\" \/>\r\n<meta property=\"article:modified_time\" content=\"2020-10-06T10:01:13+00:00\" \/>\r\n<meta property=\"og:image\" content=\"https:\/\/www.jimprimeenfrance.fr\/blog\/wp-content\/uploads\/2020\/09\/Comment-choisir-le-bon-format.jpg\" \/>\r\n\t<meta property=\"og:image:width\" content=\"1500\" \/>\r\n\t<meta property=\"og:image:height\" content=\"400\" \/>\r\n\t<meta property=\"og:image:type\" content=\"image\/jpeg\" \/>\r\n<meta name=\"author\" content=\"PrintBasPrix Imprimerie en ligne\" \/>\r\n<meta name=\"twitter:card\" content=\"summary_large_image\" \/>\r\n<meta name=\"twitter:creator\" content=\"@PrintBasPrix\" \/>\r\n<meta name=\"twitter:site\" content=\"@PrintBasPrix\" \/>\r\n<meta name=\"twitter:label1\" content=\"\u00c9crit par\" \/>\n\t<meta name=\"twitter:data1\" content=\"PrintBasPrix Imprimerie en ligne\" \/>\n\t<meta name=\"twitter:label2\" content=\"Dur\u00e9e de lecture estim\u00e9e\" \/>\n\t<meta name=\"twitter:data2\" content=\"9 minutes\" \/>\r\n<script type=\"application\/ld+json\" class=\"yoast-schema-graph\">{\"@context\":\"https:\\\/\\\/schema.org\",\"@graph\":[{\"@type\":\"Article\",\"@id\":\"https:\\\/\\\/www.jimprimeenfrance.fr\\\/blog\\\/comment-choisir-bon-format-affiche\\\/#article\",\"isPartOf\":{\"@id\":\"https:\\\/\\\/www.jimprimeenfrance.fr\\\/blog\\\/comment-choisir-bon-format-affiche\\\/\"},\"author\":{\"name\":\"PrintBasPrix Imprimerie en ligne\",\"@id\":\"https:\\\/\\\/www.jimprimeenfrance.fr\\\/blog\\\/#\\\/schema\\\/person\\\/711bdd00fc82a687615940c5ae0b412c\"},\"headline\":\"Comment choisir le bon format pour son affiche ?\",\"datePublished\":\"2020-09-16T06:30:17+00:00\",\"dateModified\":\"2020-10-06T10:01:13+00:00\",\"mainEntityOfPage\":{\"@id\":\"https:\\\/\\\/www.jimprimeenfrance.fr\\\/blog\\\/comment-choisir-bon-format-affiche\\\/\"},\"wordCount\":1935,\"commentCount\":0,\"publisher\":{\"@id\":\"https:\\\/\\\/www.jimprimeenfrance.fr\\\/blog\\\/#organization\"},\"image\":{\"@id\":\"https:\\\/\\\/www.jimprimeenfrance.fr\\\/blog\\\/comment-choisir-bon-format-affiche\\\/#primaryimage\"},\"thumbnailUrl\":\"https:\\\/\\\/www.jimprimeenfrance.fr\\\/blog\\\/wp-content\\\/uploads\\\/2020\\\/09\\\/Comment-choisir-le-bon-format.jpg\",\"keywords\":[\"affiche salon professionnel\",\"format affiche\",\"grand affiche\",\"poster personnalis\u00e9\"],\"articleSection\":[\"Affiche\"],\"inLanguage\":\"fr-FR\",\"potentialAction\":[{\"@type\":\"CommentAction\",\"name\":\"Comment\",\"target\":[\"https:\\\/\\\/www.jimprimeenfrance.fr\\\/blog\\\/comment-choisir-bon-format-affiche\\\/#respond\"]}]},{\"@type\":\"WebPage\",\"@id\":\"https:\\\/\\\/www.jimprimeenfrance.fr\\\/blog\\\/comment-choisir-bon-format-affiche\\\/\",\"url\":\"https:\\\/\\\/www.jimprimeenfrance.fr\\\/blog\\\/comment-choisir-bon-format-affiche\\\/\",\"name\":\"Le choix du format d'une affiche d\u00e9pend de beaucoup de param\u00e8tres\",\"isPartOf\":{\"@id\":\"https:\\\/\\\/www.jimprimeenfrance.fr\\\/blog\\\/#website\"},\"primaryImageOfPage\":{\"@id\":\"https:\\\/\\\/www.jimprimeenfrance.fr\\\/blog\\\/comment-choisir-bon-format-affiche\\\/#primaryimage\"},\"image\":{\"@id\":\"https:\\\/\\\/www.jimprimeenfrance.fr\\\/blog\\\/comment-choisir-bon-format-affiche\\\/#primaryimage\"},\"thumbnailUrl\":\"https:\\\/\\\/www.jimprimeenfrance.fr\\\/blog\\\/wp-content\\\/uploads\\\/2020\\\/09\\\/Comment-choisir-le-bon-format.jpg\",\"datePublished\":\"2020-09-16T06:30:17+00:00\",\"dateModified\":\"2020-10-06T10:01:13+00:00\",\"description\":\"Le format d'une affiche est modulable en fonction de sa finalit\u00e9 et de la dimension de l'\u00e9v\u00e8nement qu'elle veut promouvoir.\",\"breadcrumb\":{\"@id\":\"https:\\\/\\\/www.jimprimeenfrance.fr\\\/blog\\\/comment-choisir-bon-format-affiche\\\/#breadcrumb\"},\"inLanguage\":\"fr-FR\",\"potentialAction\":[{\"@type\":\"ReadAction\",\"target\":[\"https:\\\/\\\/www.jimprimeenfrance.fr\\\/blog\\\/comment-choisir-bon-format-affiche\\\/\"]}]},{\"@type\":\"ImageObject\",\"inLanguage\":\"fr-FR\",\"@id\":\"https:\\\/\\\/www.jimprimeenfrance.fr\\\/blog\\\/comment-choisir-bon-format-affiche\\\/#primaryimage\",\"url\":\"https:\\\/\\\/www.jimprimeenfrance.fr\\\/blog\\\/wp-content\\\/uploads\\\/2020\\\/09\\\/Comment-choisir-le-bon-format.jpg\",\"contentUrl\":\"https:\\\/\\\/www.jimprimeenfrance.fr\\\/blog\\\/wp-content\\\/uploads\\\/2020\\\/09\\\/Comment-choisir-le-bon-format.jpg\",\"width\":1500,\"height\":400,\"caption\":\"Comment choisir le bon format\"},{\"@type\":\"BreadcrumbList\",\"@id\":\"https:\\\/\\\/www.jimprimeenfrance.fr\\\/blog\\\/comment-choisir-bon-format-affiche\\\/#breadcrumb\",\"itemListElement\":[{\"@type\":\"ListItem\",\"position\":1,\"name\":\"Accueil\",\"item\":\"https:\\\/\\\/www.jimprimeenfrance.fr\\\/blog\\\/\"},{\"@type\":\"ListItem\",\"position\":2,\"name\":\"Comment choisir le bon format pour son affiche ?\"}]},{\"@type\":\"WebSite\",\"@id\":\"https:\\\/\\\/www.jimprimeenfrance.fr\\\/blog\\\/#website\",\"url\":\"https:\\\/\\\/www.jimprimeenfrance.fr\\\/blog\\\/\",\"name\":\"Votre imprimerie en ligne, le blog\",\"description\":\"Impressionnez et faites bonne impression avec nos conseils d&#039;imprimerie online\",\"publisher\":{\"@id\":\"https:\\\/\\\/www.jimprimeenfrance.fr\\\/blog\\\/#organization\"},\"potentialAction\":[{\"@type\":\"SearchAction\",\"target\":{\"@type\":\"EntryPoint\",\"urlTemplate\":\"https:\\\/\\\/www.jimprimeenfrance.fr\\\/blog\\\/?s={search_term_string}\"},\"query-input\":{\"@type\":\"PropertyValueSpecification\",\"valueRequired\":true,\"valueName\":\"search_term_string\"}}],\"inLanguage\":\"fr-FR\"},{\"@type\":\"Organization\",\"@id\":\"https:\\\/\\\/www.jimprimeenfrance.fr\\\/blog\\\/#organization\",\"name\":\"PrintBasPrix - Imprimerie en ligne\",\"url\":\"https:\\\/\\\/www.jimprimeenfrance.fr\\\/blog\\\/\",\"logo\":{\"@type\":\"ImageObject\",\"inLanguage\":\"fr-FR\",\"@id\":\"https:\\\/\\\/www.jimprimeenfrance.fr\\\/blog\\\/#\\\/schema\\\/logo\\\/image\\\/\",\"url\":\"https:\\\/\\\/www.jimprimeenfrance.fr\\\/blog\\\/wp-content\\\/uploads\\\/2018\\\/07\\\/cropped-printbasprix-imprimeur-en-ligne.png\",\"contentUrl\":\"https:\\\/\\\/www.jimprimeenfrance.fr\\\/blog\\\/wp-content\\\/uploads\\\/2018\\\/07\\\/cropped-printbasprix-imprimeur-en-ligne.png\",\"width\":361,\"height\":86,\"caption\":\"PrintBasPrix - Imprimerie en ligne\"},\"image\":{\"@id\":\"https:\\\/\\\/www.jimprimeenfrance.fr\\\/blog\\\/#\\\/schema\\\/logo\\\/image\\\/\"},\"sameAs\":[\"https:\\\/\\\/www.facebook.com\\\/PrintBasPrix\",\"https:\\\/\\\/x.com\\\/PrintBasPrix\",\"https:\\\/\\\/www.instagram.com\\\/printbasprix\\\/\",\"https:\\\/\\\/www.linkedin.com\\\/company\\\/printbasprix\\\/\",\"https:\\\/\\\/www.youtube.com\\\/channel\\\/UC0Ysbd0Gbzzp0yMgrfNQqug\"]},{\"@type\":\"Person\",\"@id\":\"https:\\\/\\\/www.jimprimeenfrance.fr\\\/blog\\\/#\\\/schema\\\/person\\\/711bdd00fc82a687615940c5ae0b412c\",\"name\":\"PrintBasPrix Imprimerie en ligne\",\"image\":{\"@type\":\"ImageObject\",\"inLanguage\":\"fr-FR\",\"@id\":\"https:\\\/\\\/secure.gravatar.com\\\/avatar\\\/e898f6c9f447b2b28a568c2fec45e0fef703b12c4f80de6258e9bcb2e61aaf27?s=96&r=g\",\"url\":\"https:\\\/\\\/secure.gravatar.com\\\/avatar\\\/e898f6c9f447b2b28a568c2fec45e0fef703b12c4f80de6258e9bcb2e61aaf27?s=96&r=g\",\"contentUrl\":\"https:\\\/\\\/secure.gravatar.com\\\/avatar\\\/e898f6c9f447b2b28a568c2fec45e0fef703b12c4f80de6258e9bcb2e61aaf27?s=96&r=g\",\"caption\":\"PrintBasPrix Imprimerie en ligne\"},\"url\":\"https:\\\/\\\/www.jimprimeenfrance.fr\\\/blog\\\/author\\\/printbasprix-imprimerie-en-ligne\\\/\"}]}<\/script>\r\n<!-- \/ Yoast SEO plugin. -->","yoast_head_json":{"title":"Le choix du format d'une affiche d\u00e9pend de beaucoup de param\u00e8tres","description":"Le format d'une affiche est modulable en fonction de sa finalit\u00e9 et de la dimension de l'\u00e9v\u00e8nement qu'elle veut promouvoir.","robots":{"index":"index","follow":"follow","max-snippet":"max-snippet:-1","max-image-preview":"max-image-preview:large","max-video-preview":"max-video-preview:-1"},"canonical":"https:\/\/www.jimprimeenfrance.fr\/blog\/comment-choisir-bon-format-affiche\/","og_locale":"fr_FR","og_type":"article","og_title":"Le choix du format d'une affiche d\u00e9pend de beaucoup de param\u00e8tres","og_description":"Le format d'une affiche est modulable en fonction de sa finalit\u00e9 et de la dimension de l'\u00e9v\u00e8nement qu'elle veut promouvoir.","og_url":"https:\/\/www.jimprimeenfrance.fr\/blog\/comment-choisir-bon-format-affiche\/","og_site_name":"Votre imprimerie en ligne, le blog","article_publisher":"https:\/\/www.facebook.com\/PrintBasPrix","article_published_time":"2020-09-16T06:30:17+00:00","article_modified_time":"2020-10-06T10:01:13+00:00","og_image":[{"width":1500,"height":400,"url":"https:\/\/www.jimprimeenfrance.fr\/blog\/wp-content\/uploads\/2020\/09\/Comment-choisir-le-bon-format.jpg","type":"image\/jpeg"}],"author":"PrintBasPrix Imprimerie en ligne","twitter_card":"summary_large_image","twitter_creator":"@PrintBasPrix","twitter_site":"@PrintBasPrix","twitter_misc":{"\u00c9crit par":"PrintBasPrix Imprimerie en ligne","Dur\u00e9e de lecture estim\u00e9e":"9 minutes"},"schema":{"@context":"https:\/\/schema.org","@graph":[{"@type":"Article","@id":"https:\/\/www.jimprimeenfrance.fr\/blog\/comment-choisir-bon-format-affiche\/#article","isPartOf":{"@id":"https:\/\/www.jimprimeenfrance.fr\/blog\/comment-choisir-bon-format-affiche\/"},"author":{"name":"PrintBasPrix Imprimerie en ligne","@id":"https:\/\/www.jimprimeenfrance.fr\/blog\/#\/schema\/person\/711bdd00fc82a687615940c5ae0b412c"},"headline":"Comment choisir le bon format pour son affiche ?","datePublished":"2020-09-16T06:30:17+00:00","dateModified":"2020-10-06T10:01:13+00:00","mainEntityOfPage":{"@id":"https:\/\/www.jimprimeenfrance.fr\/blog\/comment-choisir-bon-format-affiche\/"},"wordCount":1935,"commentCount":0,"publisher":{"@id":"https:\/\/www.jimprimeenfrance.fr\/blog\/#organization"},"image":{"@id":"https:\/\/www.jimprimeenfrance.fr\/blog\/comment-choisir-bon-format-affiche\/#primaryimage"},"thumbnailUrl":"https:\/\/www.jimprimeenfrance.fr\/blog\/wp-content\/uploads\/2020\/09\/Comment-choisir-le-bon-format.jpg","keywords":["affiche salon professionnel","format affiche","grand affiche","poster personnalis\u00e9"],"articleSection":["Affiche"],"inLanguage":"fr-FR","potentialAction":[{"@type":"CommentAction","name":"Comment","target":["https:\/\/www.jimprimeenfrance.fr\/blog\/comment-choisir-bon-format-affiche\/#respond"]}]},{"@type":"WebPage","@id":"https:\/\/www.jimprimeenfrance.fr\/blog\/comment-choisir-bon-format-affiche\/","url":"https:\/\/www.jimprimeenfrance.fr\/blog\/comment-choisir-bon-format-affiche\/","name":"Le choix du format d'une affiche d\u00e9pend de beaucoup de param\u00e8tres","isPartOf":{"@id":"https:\/\/www.jimprimeenfrance.fr\/blog\/#website"},"primaryImageOfPage":{"@id":"https:\/\/www.jimprimeenfrance.fr\/blog\/comment-choisir-bon-format-affiche\/#primaryimage"},"image":{"@id":"https:\/\/www.jimprimeenfrance.fr\/blog\/comment-choisir-bon-format-affiche\/#primaryimage"},"thumbnailUrl":"https:\/\/www.jimprimeenfrance.fr\/blog\/wp-content\/uploads\/2020\/09\/Comment-choisir-le-bon-format.jpg","datePublished":"2020-09-16T06:30:17+00:00","dateModified":"2020-10-06T10:01:13+00:00","description":"Le format d'une affiche est modulable en fonction de sa finalit\u00e9 et de la dimension de l'\u00e9v\u00e8nement qu'elle veut promouvoir.","breadcrumb":{"@id":"https:\/\/www.jimprimeenfrance.fr\/blog\/comment-choisir-bon-format-affiche\/#breadcrumb"},"inLanguage":"fr-FR","potentialAction":[{"@type":"ReadAction","target":["https:\/\/www.jimprimeenfrance.fr\/blog\/comment-choisir-bon-format-affiche\/"]}]},{"@type":"ImageObject","inLanguage":"fr-FR","@id":"https:\/\/www.jimprimeenfrance.fr\/blog\/comment-choisir-bon-format-affiche\/#primaryimage","url":"https:\/\/www.jimprimeenfrance.fr\/blog\/wp-content\/uploads\/2020\/09\/Comment-choisir-le-bon-format.jpg","contentUrl":"https:\/\/www.jimprimeenfrance.fr\/blog\/wp-content\/uploads\/2020\/09\/Comment-choisir-le-bon-format.jpg","width":1500,"height":400,"caption":"Comment choisir le bon format"},{"@type":"BreadcrumbList","@id":"https:\/\/www.jimprimeenfrance.fr\/blog\/comment-choisir-bon-format-affiche\/#breadcrumb","itemListElement":[{"@type":"ListItem","position":1,"name":"Accueil","item":"https:\/\/www.jimprimeenfrance.fr\/blog\/"},{"@type":"ListItem","position":2,"name":"Comment choisir le bon format pour son affiche ?"}]},{"@type":"WebSite","@id":"https:\/\/www.jimprimeenfrance.fr\/blog\/#website","url":"https:\/\/www.jimprimeenfrance.fr\/blog\/","name":"Votre imprimerie en ligne, le blog","description":"Impressionnez et faites bonne impression avec nos conseils d&#039;imprimerie online","publisher":{"@id":"https:\/\/www.jimprimeenfrance.fr\/blog\/#organization"},"potentialAction":[{"@type":"SearchAction","target":{"@type":"EntryPoint","urlTemplate":"https:\/\/www.jimprimeenfrance.fr\/blog\/?s={search_term_string}"},"query-input":{"@type":"PropertyValueSpecification","valueRequired":true,"valueName":"search_term_string"}}],"inLanguage":"fr-FR"},{"@type":"Organization","@id":"https:\/\/www.jimprimeenfrance.fr\/blog\/#organization","name":"PrintBasPrix - Imprimerie en ligne","url":"https:\/\/www.jimprimeenfrance.fr\/blog\/","logo":{"@type":"ImageObject","inLanguage":"fr-FR","@id":"https:\/\/www.jimprimeenfrance.fr\/blog\/#\/schema\/logo\/image\/","url":"https:\/\/www.jimprimeenfrance.fr\/blog\/wp-content\/uploads\/2018\/07\/cropped-printbasprix-imprimeur-en-ligne.png","contentUrl":"https:\/\/www.jimprimeenfrance.fr\/blog\/wp-content\/uploads\/2018\/07\/cropped-printbasprix-imprimeur-en-ligne.png","width":361,"height":86,"caption":"PrintBasPrix - Imprimerie en ligne"},"image":{"@id":"https:\/\/www.jimprimeenfrance.fr\/blog\/#\/schema\/logo\/image\/"},"sameAs":["https:\/\/www.facebook.com\/PrintBasPrix","https:\/\/x.com\/PrintBasPrix","https:\/\/www.instagram.com\/printbasprix\/","https:\/\/www.linkedin.com\/company\/printbasprix\/","https:\/\/www.youtube.com\/channel\/UC0Ysbd0Gbzzp0yMgrfNQqug"]},{"@type":"Person","@id":"https:\/\/www.jimprimeenfrance.fr\/blog\/#\/schema\/person\/711bdd00fc82a687615940c5ae0b412c","name":"PrintBasPrix Imprimerie en ligne","image":{"@type":"ImageObject","inLanguage":"fr-FR","@id":"https:\/\/secure.gravatar.com\/avatar\/e898f6c9f447b2b28a568c2fec45e0fef703b12c4f80de6258e9bcb2e61aaf27?s=96&r=g","url":"https:\/\/secure.gravatar.com\/avatar\/e898f6c9f447b2b28a568c2fec45e0fef703b12c4f80de6258e9bcb2e61aaf27?s=96&r=g","contentUrl":"https:\/\/secure.gravatar.com\/avatar\/e898f6c9f447b2b28a568c2fec45e0fef703b12c4f80de6258e9bcb2e61aaf27?s=96&r=g","caption":"PrintBasPrix Imprimerie en ligne"},"url":"https:\/\/www.jimprimeenfrance.fr\/blog\/author\/printbasprix-imprimerie-en-ligne\/"}]}},"_links":{"self":[{"href":"https:\/\/www.jimprimeenfrance.fr\/blog\/wp-json\/wp\/v2\/posts\/5035","targetHints":{"allow":["GET"]}}],"collection":[{"href":"https:\/\/www.jimprimeenfrance.fr\/blog\/wp-json\/wp\/v2\/posts"}],"about":[{"href":"https:\/\/www.jimprimeenfrance.fr\/blog\/wp-json\/wp\/v2\/types\/post"}],"author":[{"embeddable":true,"href":"https:\/\/www.jimprimeenfrance.fr\/blog\/wp-json\/wp\/v2\/users\/4"}],"replies":[{"embeddable":true,"href":"https:\/\/www.jimprimeenfrance.fr\/blog\/wp-json\/wp\/v2\/comments?post=5035"}],"version-history":[{"count":56,"href":"https:\/\/www.jimprimeenfrance.fr\/blog\/wp-json\/wp\/v2\/posts\/5035\/revisions"}],"predecessor-version":[{"id":5267,"href":"https:\/\/www.jimprimeenfrance.fr\/blog\/wp-json\/wp\/v2\/posts\/5035\/revisions\/5267"}],"wp:featuredmedia":[{"embeddable":true,"href":"https:\/\/www.jimprimeenfrance.fr\/blog\/wp-json\/wp\/v2\/media\/5093"}],"wp:attachment":[{"href":"https:\/\/www.jimprimeenfrance.fr\/blog\/wp-json\/wp\/v2\/media?parent=5035"}],"wp:term":[{"taxonomy":"category","embeddable":true,"href":"https:\/\/www.jimprimeenfrance.fr\/blog\/wp-json\/wp\/v2\/categories?post=5035"},{"taxonomy":"post_tag","embeddable":true,"href":"https:\/\/www.jimprimeenfrance.fr\/blog\/wp-json\/wp\/v2\/tags?post=5035"}],"curies":[{"name":"wp","href":"https:\/\/api.w.org\/{rel}","templated":true}]}}