{"id":4387,"date":"2020-06-17T08:30:12","date_gmt":"2020-06-17T06:30:12","guid":{"rendered":"https:\/\/www.jimprimeenfrance.fr\/blog\/?p=4387"},"modified":"2022-10-27T11:49:28","modified_gmt":"2022-10-27T09:49:28","slug":"mentions-obligatoires-flyers-depliants","status":"publish","type":"post","link":"https:\/\/www.jimprimeenfrance.fr\/blog\/mentions-obligatoires-flyers-depliants\/","title":{"rendered":"Mentions obligatoires : ce qu&rsquo;il faut mettre sur les flyers ou les d\u00e9pliants"},"content":{"rendered":"<div id=\"ffenetremailtomailModal\">\n<div id=\"ffenetremailtopopupModalMail\" style=\"text-align: justify;\"><span style=\"text-align: justify;\">La publication de documents est tr\u00e8s r\u00e9glement\u00e9e. Elle impose, notamment, des <\/span><strong style=\"text-align: justify;\">mentions obligatoires<\/strong><span style=\"text-align: justify;\">. On peut m\u00eame dire qu&rsquo;au fil du temps, s&rsquo;est construit un vrai droits des obligations, propre \u00e0 ces mentions.\u00a0 <\/span><\/div>\n<div style=\"text-align: justify;\"><span style=\"text-align: justify;\">Cependant, cette r\u00e9glementation varie suivant la nature du document. Il y a ainsi, par exemple, une r\u00e9glementation sp\u00e9cifique pour les livres, pour les p\u00e9riodiques ou pour les documents commerciaux. C&rsquo;est dans cette derni\u00e8re cat\u00e9gorie que se rangent, notamment, les flyers et les d\u00e9pliants. <\/span><\/div>\n<div style=\"text-align: justify;\"><span style=\"text-align: justify;\">Mais, en ce qui les concerne, il faut distinguer les r\u00e8gles communes \u00e0 tous et celles qui sont r\u00e9serv\u00e9es \u00e0 certains d&rsquo;entre eux ou \u00e0 certaines situations.<\/span><\/div>\n<div><\/div>\n<\/div>\n<h2 style=\"text-align: justify;\">Mentions obligatoires ou quasi obligatoires pour tous d\u00e9pliants ou flyers<\/h2>\n<p style=\"text-align: justify;\">Elles sont d\u00e9finies, principalement, par les articles R 123 &#8211; 237 et R 123 &#8211; 238 du Code du Commerce et, accessoirement, par l&rsquo;article 3 de la loi sur la libert\u00e9 de la presse du 29 juillet 1881 et la loi Toubon de 1994. On peut y ajouter des mentions d&rsquo;usage quasi obligatoires.<\/p>\n<h3 style=\"text-align: justify;\">Les obligations du Code du Commerce<\/h3>\n<p style=\"text-align: justify;\">Elles sont au nombre de 5. \u00c9videmment, les 3 derni\u00e8res ne concernent que les entreprises commerciales. De ce fait, il faut indiquer, \u00e0 l&#8217;emplacement et dans la police que l&rsquo;on veut :<\/p>\n<ul style=\"text-align: justify;\">\n<li>La <strong>d\u00e9nomination sociale<\/strong>, suivie ou pr\u00e9c\u00e9d\u00e9e de la forme juridique, soci\u00e9t\u00e9 en commandite, SAS, SARL, etc.<\/li>\n<li>Le <strong>lieu du si\u00e8ge social<\/strong>.<\/li>\n<li>Le montant du capital social,<\/li>\n<li>Le num\u00e9ro unique d&rsquo;identification, c&rsquo;est-\u00e0-dire, le num\u00e9ro SIRET.<\/li>\n<li>La mention RCS, autrement dit, le Registre du Commerce et des Soci\u00e9t\u00e9s, suivi du nom de la ville d&rsquo;inscription.<\/li>\n<\/ul>\n<h3 style=\"text-align: justify;\">Obligations li\u00e9es au Code de la Propri\u00e9t\u00e9 Intellectuelle et au Code de la Sant\u00e9 publique<\/h3>\n<ul style=\"text-align: justify;\">\n<li>Le<strong> cr\u00e9dit photo,<\/strong> \u00e0 c\u00f4t\u00e9 de la photo. Il doit pr\u00e9ciser le nom du photographe et celui de la banque d&rsquo;images, s&rsquo;il y a lieu.<\/li>\n<\/ul>\n<ul style=\"text-align: justify;\">\n<li>La mention \u00ab\u00a0<strong>photo retouch\u00e9e<\/strong>\u00ab\u00a0, le cas \u00e9ch\u00e9ant.<\/li>\n<\/ul>\n<figure id=\"attachment_7485\" aria-describedby=\"caption-attachment-7485\" style=\"width: 300px\" class=\"wp-caption alignnone\"><img loading=\"lazy\" decoding=\"async\" class=\"wp-image-7485 size-medium\" src=\"https:\/\/www.jimprimeenfrance.fr\/blog\/wp-content\/uploads\/2020\/06\/La-mention-photo-retouchee-768x768-2-300x300.jpg\" alt=\"La mention &quot;photo retouch\u00e9e&quot;\" width=\"300\" height=\"300\" srcset=\"https:\/\/www.jimprimeenfrance.fr\/blog\/wp-content\/uploads\/2020\/06\/La-mention-photo-retouchee-768x768-2-300x300.jpg 300w, https:\/\/www.jimprimeenfrance.fr\/blog\/wp-content\/uploads\/2020\/06\/La-mention-photo-retouchee-768x768-2-150x150.jpg 150w, https:\/\/www.jimprimeenfrance.fr\/blog\/wp-content\/uploads\/2020\/06\/La-mention-photo-retouchee-768x768-2-400x400.jpg 400w, https:\/\/www.jimprimeenfrance.fr\/blog\/wp-content\/uploads\/2020\/06\/La-mention-photo-retouchee-768x768-2.jpg 768w\" sizes=\"auto, (max-width: 300px) 100vw, 300px\" \/><figcaption id=\"caption-attachment-7485\" class=\"wp-caption-text\">La mention \u00ab\u00a0photo retouch\u00e9e\u00a0\u00bb<\/figcaption><\/figure>\n<h3 style=\"text-align: justify;\">Obligation de la loi Toubon du 4\/8\/1994<\/h3>\n<ul style=\"text-align: justify;\">\n<li>La <strong>traduction fran\u00e7aise<\/strong> de toute expression en langue \u00e9trang\u00e8re.<\/li>\n<\/ul>\n<h3 style=\"text-align: justify;\">Les obligations de la loi sur la libert\u00e9 de la presse<\/h3>\n<ul style=\"text-align: justify;\">\n<li>L&rsquo;indication du nom et de l&rsquo;adresse de l&rsquo;imprimeur.<\/li>\n<\/ul>\n<ul style=\"text-align: justify;\">\n<li>La mention \u00ab\u00a0<strong>imprim\u00e9 par nos soins<\/strong>\u00ab\u00a0, si l&rsquo;imprimeur est le m\u00eame que l&rsquo;auteur du document.<\/li>\n<\/ul>\n<h3 style=\"text-align: justify;\">Les mentions d&rsquo;usage quasi obligatoire<\/h3>\n<ul style=\"text-align: justify;\">\n<li>Le code APE.<\/li>\n<\/ul>\n<ul style=\"text-align: justify;\">\n<li>Num\u00e9ro de TVA intracommunautaire.<\/li>\n<\/ul>\n<ul style=\"text-align: justify;\">\n<li style=\"text-align: justify;\">L&rsquo;expression \u00ab\u00a0<strong>Ne pas jeter sur la voie publique<\/strong>\u00ab\u00a0. Ce n&rsquo;est pas une obligation du Code de l&rsquo;Environnement. En effet, c&rsquo;est, avant tout, une pr\u00e9caution contre le risque de mise en cause d&rsquo;une responsabilit\u00e9 p\u00e9nale, au cas o\u00f9 elle serait engag\u00e9e au titre de l&rsquo;insalubrit\u00e9 publique.<\/li>\n<\/ul>\n<ul style=\"text-align: justify;\">\n<li style=\"text-align: justify;\">A noter, n\u00e9anmoins, qu&rsquo;elle peut \u00eatre consid\u00e9r\u00e9e comme satisfaisant \u00e0 l&rsquo;obligation du Code de l&rsquo;Environnement de mentionner que l&rsquo;auteur du d\u00e9pliant veille \u00e0 inciter \u00e0 la collecte des d\u00e9chets et \u00e0 leur valorisation dans le cadre d&rsquo;un d\u00e9veloppement durable. A noter qu&rsquo;un pictogramme ad\u00e9quat peut suffire.<\/li>\n<\/ul>\n<p style=\"text-align: center;\">\n<figure id=\"attachment_7488\" aria-describedby=\"caption-attachment-7488\" style=\"width: 320px\" class=\"wp-caption alignnone\"><img loading=\"lazy\" decoding=\"async\" class=\"wp-image-7488 \" src=\"https:\/\/www.jimprimeenfrance.fr\/blog\/wp-content\/uploads\/2020\/06\/Ne-pas-jeter-sur-la-voie-publique-768x512-1-300x208.jpg\" alt=\"L'expression &quot;Ne pas jeter sur la voie publique&quot;\" width=\"320\" height=\"222\" srcset=\"https:\/\/www.jimprimeenfrance.fr\/blog\/wp-content\/uploads\/2020\/06\/Ne-pas-jeter-sur-la-voie-publique-768x512-1-300x208.jpg 300w, https:\/\/www.jimprimeenfrance.fr\/blog\/wp-content\/uploads\/2020\/06\/Ne-pas-jeter-sur-la-voie-publique-768x512-1.jpg 768w\" sizes=\"auto, (max-width: 320px) 100vw, 320px\" \/><figcaption id=\"caption-attachment-7488\" class=\"wp-caption-text\">L&rsquo;expression \u00ab\u00a0Ne pas jeter sur la voie publique\u00a0\u00bb<\/figcaption><\/figure>\n<h2 style=\"text-align: justify;\">Mentions obligatoires pour certains d\u00e9pliants ou flyers<\/h2>\n<h3 style=\"text-align: justify;\">Les obligations du Code du Commerce, du code de la sant\u00e9 publique et du code de la consommation.<\/h3>\n<p style=\"text-align: justify;\">Selon la nature particuli\u00e8re de leur auteur, leur objet ou leur destination, certains d\u00e9pliants doivent comporter des mentions suppl\u00e9mentaires, en plus des obligations courantes. Ainsi :<\/p>\n<h4 style=\"text-align: justify;\">Selon la nature particuli\u00e8re de leur auteur<\/h4>\n<p style=\"text-align: justify;\">Le Code du Commerce pr\u00e9cise qu&rsquo;il faut indiquer, s&rsquo;il y a lieu, sa qualit\u00e9 de :<\/p>\n<ul style=\"text-align: justify;\">\n<li>Locataire-g\u00e9rant ou de g\u00e9rant-mandataire.<\/li>\n<\/ul>\n<ul style=\"text-align: justify;\">\n<li>B\u00e9n\u00e9ficiaire d&rsquo;un contrat d&rsquo;appui. Dans cas, la mention doit \u00eatre compl\u00e9t\u00e9e par celle du nom et du num\u00e9ro d&rsquo;identification de l&rsquo;entreprise de soutien.<\/li>\n<\/ul>\n<ul style=\"text-align: justify;\">\n<li>B\u00e9n\u00e9ficiaire d&rsquo;un patrimoine affect\u00e9, compl\u00e9t\u00e9 par la mention de l&rsquo;objet de l&rsquo;affectation.<\/li>\n<\/ul>\n<h4 style=\"text-align: justify;\">Suivant l&rsquo;objet du document publicitaire<\/h4>\n<p style=\"text-align: justify;\">Le code de la sant\u00e9 publique et le code de la consommation indiquent que :<\/p>\n<ul style=\"text-align: justify;\">\n<li>La promotion d&rsquo;alcool doit s&rsquo;accompagner de la mention \u00ab\u00a0<strong>L&rsquo;abus d&rsquo;alcool est dangereux pour la sant\u00e9, \u00e0 consommer avec mod\u00e9ration<\/strong>\u00ab\u00a0. A noter que des <a href=\"https:\/\/www.visite-medicale-permis-conduire.org\/mises-au-point\/apposer-formule-abus-alcool-dangereux-sante-autoriser-publicite-alcool\" target=\"_blank\" rel=\"noopener noreferrer\">dispositions particuli\u00e8res<\/a> limitent le contenu du texte promotionnel.<\/li>\n<\/ul>\n<ul style=\"text-align: justify;\">\n<li>La publicit\u00e9 pour de la nourriture doit \u00e9galement s&rsquo;accompagner des mentions \u00a0\u00bb <strong>mangerbouger.fr<\/strong>\u00a0\u00bb et \u00ab\u00a0<strong>Pour votre sant\u00e9, pratiquez une activit\u00e9 physique r\u00e9guli\u00e8re <\/strong>\u00ab\u00a0.<\/li>\n<\/ul>\n<p style=\"text-align: center;\">\n<figure id=\"attachment_7489\" aria-describedby=\"caption-attachment-7489\" style=\"width: 248px\" class=\"wp-caption alignnone\"><img loading=\"lazy\" decoding=\"async\" class=\"wp-image-7489 \" src=\"https:\/\/www.jimprimeenfrance.fr\/blog\/wp-content\/uploads\/2020\/06\/Suivant-lobjet-du-document-publicitaire-724x1024-1-212x300.jpg\" alt=\"Suivant l'objet du document publicitaire\" width=\"248\" height=\"351\" srcset=\"https:\/\/www.jimprimeenfrance.fr\/blog\/wp-content\/uploads\/2020\/06\/Suivant-lobjet-du-document-publicitaire-724x1024-1-212x300.jpg 212w, https:\/\/www.jimprimeenfrance.fr\/blog\/wp-content\/uploads\/2020\/06\/Suivant-lobjet-du-document-publicitaire-724x1024-1.jpg 724w\" sizes=\"auto, (max-width: 248px) 100vw, 248px\" \/><figcaption id=\"caption-attachment-7489\" class=\"wp-caption-text\">Suivant l&rsquo;objet du document publicitaire<\/figcaption><\/figure>\n<h3 style=\"text-align: justify;\">Les obligations du Code de l&rsquo;Environnement<\/h3>\n<p style=\"text-align: justify;\">Des obligations suppl\u00e9mentaires s&rsquo;ajoutent aux pr\u00e9c\u00e9dentes, d\u00e8s lors que le volume des documents publicitaires d\u00e9passe un certain niveau ou qu&rsquo;ils font l&rsquo;objet de bonnes pratiques de recyclage. Il en est ainsi du :<\/p>\n<ul style=\"text-align: justify;\">\n<li>Logo<strong> Triman<\/strong>, rendu obligatoire depuis 2015, qui identifie clairement les documents qui font partie des produits recyclables.<\/li>\n<\/ul>\n<ul style=\"text-align: justify;\">\n<li>Logo<strong> Ecofolio<\/strong>, si le promoteur du document commercial a utilis\u00e9 plus de 5 tonnes de papier au cours de l&rsquo;ann\u00e9e pr\u00e9c\u00e9dente.<\/li>\n<\/ul>\n<figure id=\"attachment_7487\" aria-describedby=\"caption-attachment-7487\" style=\"width: 335px\" class=\"wp-caption alignnone\"><img loading=\"lazy\" decoding=\"async\" class=\"wp-image-7487 \" src=\"https:\/\/www.jimprimeenfrance.fr\/blog\/wp-content\/uploads\/2020\/06\/Logo-Triman-768x532-1-300x208.jpg\" alt=\"Logo Triman\" width=\"335\" height=\"232\" srcset=\"https:\/\/www.jimprimeenfrance.fr\/blog\/wp-content\/uploads\/2020\/06\/Logo-Triman-768x532-1-300x208.jpg 300w, https:\/\/www.jimprimeenfrance.fr\/blog\/wp-content\/uploads\/2020\/06\/Logo-Triman-768x532-1.jpg 768w\" sizes=\"auto, (max-width: 335px) 100vw, 335px\" \/><figcaption id=\"caption-attachment-7487\" class=\"wp-caption-text\">Logo Triman<\/figcaption><\/figure>\n<h3 style=\"text-align: justify;\">Les obligations propres \u00e0 certaines professions r\u00e9glement\u00e9es<\/h3>\n<p style=\"text-align: justify;\">Si certaines professions r\u00e9glement\u00e9es, comme par exemple, celle des avocats, peuvent faire de la publicit\u00e9, elles doivent, n\u00e9anmoins, respecter un certain nombre de r\u00e8gles qui leur sont sp\u00e9cifiques. A cet \u00e9gard, l&rsquo;ordre des\u00a0 avocats\u00a0 a \u00e9dit\u00e9 un \u00ab\u00a0<a href=\"https:\/\/www.incubateur-barreau-marseille.fr\/upload\/Boite_a_outils\/Vademecum-du-CNB-communication-avocat.pdf\" target=\"_blank\" rel=\"noopener noreferrer\">vade-mecum de la communication<\/a>\u00ab\u00a0, tr\u00e8s complet, pour aider ses membres \u00e0 mettre en forme leur communication.<\/p>\n<p style=\"text-align: justify;\">Ainsi, \u00e0 titre d&rsquo;exemple, les avocats doivent, n\u00e9cessairement, faire mention, sur leurs documents destin\u00e9s au grand public, du Barreau auquel ils sont rattach\u00e9s. Par ailleurs, des mentions leur sont interdites. Comme toutes celles qui font r\u00e9f\u00e9rence \u00e0 des activit\u00e9s n&rsquo;ayant pas de rapport avec leur activit\u00e9 d&rsquo;avocat. Enfin, tous les documents doivent \u00eatre soumis \u00e0 l&rsquo;approbation pr\u00e9alable de l&rsquo;Ordre des avocats.<\/p>\n<p style=\"text-align: center;\">\n<figure id=\"attachment_7486\" aria-describedby=\"caption-attachment-7486\" style=\"width: 300px\" class=\"wp-caption alignnone\"><img loading=\"lazy\" decoding=\"async\" class=\"wp-image-7486 size-medium\" src=\"https:\/\/www.jimprimeenfrance.fr\/blog\/wp-content\/uploads\/2020\/06\/Les-obligations-propres-a-certaines-professions-reglementees-768x768-1-300x300.jpg\" alt=\"Les obligations propres \u00e0 certaines professions r\u00e9glement\u00e9es\" width=\"300\" height=\"300\" srcset=\"https:\/\/www.jimprimeenfrance.fr\/blog\/wp-content\/uploads\/2020\/06\/Les-obligations-propres-a-certaines-professions-reglementees-768x768-1-300x300.jpg 300w, https:\/\/www.jimprimeenfrance.fr\/blog\/wp-content\/uploads\/2020\/06\/Les-obligations-propres-a-certaines-professions-reglementees-768x768-1-150x150.jpg 150w, https:\/\/www.jimprimeenfrance.fr\/blog\/wp-content\/uploads\/2020\/06\/Les-obligations-propres-a-certaines-professions-reglementees-768x768-1-400x400.jpg 400w, https:\/\/www.jimprimeenfrance.fr\/blog\/wp-content\/uploads\/2020\/06\/Les-obligations-propres-a-certaines-professions-reglementees-768x768-1.jpg 768w\" sizes=\"auto, (max-width: 300px) 100vw, 300px\" \/><figcaption id=\"caption-attachment-7486\" class=\"wp-caption-text\">Les obligations propres \u00e0 certaines professions r\u00e9glement\u00e9es<\/figcaption><\/figure>\n<p>Nous rappellerons que le <a href=\"https:\/\/www.jimprimeenfrance.fr\/blog\/flyer-campagne-electorale-comment-faire\/\" target=\"_blank\" rel=\"noopener noreferrer\">flyer politique est aussi tr\u00e8s encadr\u00e9<\/a> avec des mentions obligatoires.<\/p>\n<h2 style=\"text-align: justify;\">Ce qu&rsquo;il faut retenir<\/h2>\n<p style=\"text-align: justify;\">Un flyer ou un d\u00e9pliant doit comporter des mentions obligatoires pour \u00eatre r\u00e9gulier. En effet, l&rsquo;absence de ces mentions peut se traduire des amendes ou des injonctions judiciaires qui peuvent \u00eatre tr\u00e8s co\u00fbteuses. Surtout pour les personnes morales.<\/p>\n<p style=\"text-align: justify;\">Certaines de ces mentions sont communes \u00e0 tous flyers ou d\u00e9pliants. Mais, d&rsquo;autres mentions peuvent se rajouter suivant leurs caract\u00e9ristiques. Il appartient donc \u00e0 leurs auteurs de bien v\u00e9rifier le cadre dans lequel ils se situent.<\/p>\n<p style=\"text-align: justify;\">Rappelons que si, en principe, les <a href=\"https:\/\/www.jimprimeenfrance.fr\/impression-flyer-en-ligne\" target=\"_blank\" rel=\"noopener noreferrer\">flyers<\/a> ou les <a href=\"https:\/\/www.jimprimeenfrance.fr\/impression-depliant\" target=\"_blank\" rel=\"noopener noreferrer\">d\u00e9pliants<\/a> ne n\u00e9cessitent aucune autorisation pr\u00e9alable pour \u00eatre distribu\u00e9s, ils peuvent \u00eatre n\u00e9anmoins exclus de certaines <a href=\"https:\/\/www.jimprimeenfrance.fr\/blog\/distribution-flyers-comment-organiser-reussir\/\" target=\"_blank\" rel=\"noopener noreferrer\">zones g\u00e9ographiques<\/a>. M\u00eame s&rsquo;ils comportent toutes les mentions voulues.<\/p>\n<p style=\"text-align: justify;\">Enfin, il ne faut pas h\u00e9siter \u00e0 faire appel \u00e0 des graphistes professionnels\u00a0 pour bien placer les mentions obligatoires, sans nuire au design du flyer ou du d\u00e9pliant.<\/p>\n","protected":false},"excerpt":{"rendered":"<p>La publication de documents est tr\u00e8s r\u00e9glement\u00e9e. Elle impose, notamment, des mentions obligatoires. On peut m\u00eame dire qu&rsquo;au fil du temps, s&rsquo;est construit un vrai droits des obligations, propre \u00e0 ces mentions.\u00a0 Cependant, cette r\u00e9glementation varie suivant la nature du document. Il y a ainsi, par exemple, une r\u00e9glementation sp\u00e9cifique pour les livres, pour les [&hellip;]<\/p>\n","protected":false},"author":4,"featured_media":7482,"comment_status":"open","ping_status":"open","sticky":false,"template":"","format":"standard","meta":{"_editorskit_title_hidden":false,"_editorskit_reading_time":0,"_editorskit_is_block_options_detached":false,"_editorskit_block_options_position":"{}","footnotes":""},"categories":[19,8],"tags":[369,370],"class_list":["post-4387","post","type-post","status-publish","format-standard","has-post-thumbnail","hentry","category-depliant","category-flyer","tag-loi","tag-mentions-obligatoires"],"yoast_head":"<!-- This site is optimized with the Yoast SEO plugin v27.4 - https:\/\/yoast.com\/product\/yoast-seo-wordpress\/ -->\r\n<title>Les flyers et les d\u00e9pliants doivent comporter des mentions obligatoires<\/title>\r\n<meta name=\"description\" content=\"Les mentions obligatoires \u00e0 mettre sur les flyers et les d\u00e9pliants varient suivant leurs caract\u00e9ristiques. Certaines sont communes \u00e0 tous.\" \/>\r\n<meta name=\"robots\" content=\"index, follow, max-snippet:-1, max-image-preview:large, max-video-preview:-1\" \/>\r\n<link rel=\"canonical\" href=\"https:\/\/www.jimprimeenfrance.fr\/blog\/mentions-obligatoires-flyers-depliants\/\" \/>\r\n<meta property=\"og:locale\" content=\"fr_FR\" \/>\r\n<meta property=\"og:type\" content=\"article\" \/>\r\n<meta property=\"og:title\" content=\"Les flyers et les d\u00e9pliants doivent comporter des mentions obligatoires\" \/>\r\n<meta property=\"og:description\" content=\"Les mentions obligatoires \u00e0 mettre sur les flyers et les d\u00e9pliants varient suivant leurs caract\u00e9ristiques. Certaines sont communes \u00e0 tous.\" \/>\r\n<meta property=\"og:url\" content=\"https:\/\/www.jimprimeenfrance.fr\/blog\/mentions-obligatoires-flyers-depliants\/\" \/>\r\n<meta property=\"og:site_name\" content=\"Votre imprimerie en ligne, le blog\" \/>\r\n<meta property=\"article:publisher\" content=\"https:\/\/www.facebook.com\/PrintBasPrix\" \/>\r\n<meta property=\"article:published_time\" content=\"2020-06-17T06:30:12+00:00\" \/>\r\n<meta property=\"article:modified_time\" content=\"2022-10-27T09:49:28+00:00\" \/>\r\n<meta property=\"og:image\" content=\"https:\/\/www.jimprimeenfrance.fr\/blog\/wp-content\/uploads\/2020\/06\/Mentions-obligatoires-flyer.jpg\" \/>\r\n\t<meta property=\"og:image:width\" content=\"1600\" \/>\r\n\t<meta property=\"og:image:height\" content=\"500\" \/>\r\n\t<meta property=\"og:image:type\" content=\"image\/jpeg\" \/>\r\n<meta name=\"author\" content=\"PrintBasPrix Imprimerie en ligne\" \/>\r\n<meta name=\"twitter:card\" content=\"summary_large_image\" \/>\r\n<meta name=\"twitter:creator\" content=\"@PrintBasPrix\" \/>\r\n<meta name=\"twitter:site\" content=\"@PrintBasPrix\" \/>\r\n<meta name=\"twitter:label1\" content=\"\u00c9crit par\" \/>\n\t<meta name=\"twitter:data1\" content=\"PrintBasPrix Imprimerie en ligne\" \/>\n\t<meta name=\"twitter:label2\" content=\"Dur\u00e9e de lecture estim\u00e9e\" \/>\n\t<meta name=\"twitter:data2\" content=\"7 minutes\" \/>\r\n<script type=\"application\/ld+json\" class=\"yoast-schema-graph\">{\"@context\":\"https:\\\/\\\/schema.org\",\"@graph\":[{\"@type\":\"Article\",\"@id\":\"https:\\\/\\\/www.jimprimeenfrance.fr\\\/blog\\\/mentions-obligatoires-flyers-depliants\\\/#article\",\"isPartOf\":{\"@id\":\"https:\\\/\\\/www.jimprimeenfrance.fr\\\/blog\\\/mentions-obligatoires-flyers-depliants\\\/\"},\"author\":{\"name\":\"PrintBasPrix Imprimerie en ligne\",\"@id\":\"https:\\\/\\\/www.jimprimeenfrance.fr\\\/blog\\\/#\\\/schema\\\/person\\\/711bdd00fc82a687615940c5ae0b412c\"},\"headline\":\"Mentions obligatoires : ce qu&rsquo;il faut mettre sur les flyers ou les d\u00e9pliants\",\"datePublished\":\"2020-06-17T06:30:12+00:00\",\"dateModified\":\"2022-10-27T09:49:28+00:00\",\"mainEntityOfPage\":{\"@id\":\"https:\\\/\\\/www.jimprimeenfrance.fr\\\/blog\\\/mentions-obligatoires-flyers-depliants\\\/\"},\"wordCount\":1205,\"commentCount\":0,\"publisher\":{\"@id\":\"https:\\\/\\\/www.jimprimeenfrance.fr\\\/blog\\\/#organization\"},\"image\":{\"@id\":\"https:\\\/\\\/www.jimprimeenfrance.fr\\\/blog\\\/mentions-obligatoires-flyers-depliants\\\/#primaryimage\"},\"thumbnailUrl\":\"https:\\\/\\\/www.jimprimeenfrance.fr\\\/blog\\\/wp-content\\\/uploads\\\/2020\\\/06\\\/Mentions-obligatoires-flyer.jpg\",\"keywords\":[\"loi\",\"mentions obligatoires\"],\"articleSection\":[\"D\u00e9pliant\",\"Flyer\"],\"inLanguage\":\"fr-FR\",\"potentialAction\":[{\"@type\":\"CommentAction\",\"name\":\"Comment\",\"target\":[\"https:\\\/\\\/www.jimprimeenfrance.fr\\\/blog\\\/mentions-obligatoires-flyers-depliants\\\/#respond\"]}]},{\"@type\":\"WebPage\",\"@id\":\"https:\\\/\\\/www.jimprimeenfrance.fr\\\/blog\\\/mentions-obligatoires-flyers-depliants\\\/\",\"url\":\"https:\\\/\\\/www.jimprimeenfrance.fr\\\/blog\\\/mentions-obligatoires-flyers-depliants\\\/\",\"name\":\"Les flyers et les d\u00e9pliants doivent comporter des mentions obligatoires\",\"isPartOf\":{\"@id\":\"https:\\\/\\\/www.jimprimeenfrance.fr\\\/blog\\\/#website\"},\"primaryImageOfPage\":{\"@id\":\"https:\\\/\\\/www.jimprimeenfrance.fr\\\/blog\\\/mentions-obligatoires-flyers-depliants\\\/#primaryimage\"},\"image\":{\"@id\":\"https:\\\/\\\/www.jimprimeenfrance.fr\\\/blog\\\/mentions-obligatoires-flyers-depliants\\\/#primaryimage\"},\"thumbnailUrl\":\"https:\\\/\\\/www.jimprimeenfrance.fr\\\/blog\\\/wp-content\\\/uploads\\\/2020\\\/06\\\/Mentions-obligatoires-flyer.jpg\",\"datePublished\":\"2020-06-17T06:30:12+00:00\",\"dateModified\":\"2022-10-27T09:49:28+00:00\",\"description\":\"Les mentions obligatoires \u00e0 mettre sur les flyers et les d\u00e9pliants varient suivant leurs caract\u00e9ristiques. Certaines sont communes \u00e0 tous.\",\"breadcrumb\":{\"@id\":\"https:\\\/\\\/www.jimprimeenfrance.fr\\\/blog\\\/mentions-obligatoires-flyers-depliants\\\/#breadcrumb\"},\"inLanguage\":\"fr-FR\",\"potentialAction\":[{\"@type\":\"ReadAction\",\"target\":[\"https:\\\/\\\/www.jimprimeenfrance.fr\\\/blog\\\/mentions-obligatoires-flyers-depliants\\\/\"]}]},{\"@type\":\"ImageObject\",\"inLanguage\":\"fr-FR\",\"@id\":\"https:\\\/\\\/www.jimprimeenfrance.fr\\\/blog\\\/mentions-obligatoires-flyers-depliants\\\/#primaryimage\",\"url\":\"https:\\\/\\\/www.jimprimeenfrance.fr\\\/blog\\\/wp-content\\\/uploads\\\/2020\\\/06\\\/Mentions-obligatoires-flyer.jpg\",\"contentUrl\":\"https:\\\/\\\/www.jimprimeenfrance.fr\\\/blog\\\/wp-content\\\/uploads\\\/2020\\\/06\\\/Mentions-obligatoires-flyer.jpg\",\"width\":1600,\"height\":500},{\"@type\":\"BreadcrumbList\",\"@id\":\"https:\\\/\\\/www.jimprimeenfrance.fr\\\/blog\\\/mentions-obligatoires-flyers-depliants\\\/#breadcrumb\",\"itemListElement\":[{\"@type\":\"ListItem\",\"position\":1,\"name\":\"Accueil\",\"item\":\"https:\\\/\\\/www.jimprimeenfrance.fr\\\/blog\\\/\"},{\"@type\":\"ListItem\",\"position\":2,\"name\":\"Mentions obligatoires : ce qu&rsquo;il faut mettre sur les flyers ou les d\u00e9pliants\"}]},{\"@type\":\"WebSite\",\"@id\":\"https:\\\/\\\/www.jimprimeenfrance.fr\\\/blog\\\/#website\",\"url\":\"https:\\\/\\\/www.jimprimeenfrance.fr\\\/blog\\\/\",\"name\":\"Votre imprimerie en ligne, le blog\",\"description\":\"Impressionnez et faites bonne impression avec nos conseils d&#039;imprimerie online\",\"publisher\":{\"@id\":\"https:\\\/\\\/www.jimprimeenfrance.fr\\\/blog\\\/#organization\"},\"potentialAction\":[{\"@type\":\"SearchAction\",\"target\":{\"@type\":\"EntryPoint\",\"urlTemplate\":\"https:\\\/\\\/www.jimprimeenfrance.fr\\\/blog\\\/?s={search_term_string}\"},\"query-input\":{\"@type\":\"PropertyValueSpecification\",\"valueRequired\":true,\"valueName\":\"search_term_string\"}}],\"inLanguage\":\"fr-FR\"},{\"@type\":\"Organization\",\"@id\":\"https:\\\/\\\/www.jimprimeenfrance.fr\\\/blog\\\/#organization\",\"name\":\"PrintBasPrix - Imprimerie en ligne\",\"url\":\"https:\\\/\\\/www.jimprimeenfrance.fr\\\/blog\\\/\",\"logo\":{\"@type\":\"ImageObject\",\"inLanguage\":\"fr-FR\",\"@id\":\"https:\\\/\\\/www.jimprimeenfrance.fr\\\/blog\\\/#\\\/schema\\\/logo\\\/image\\\/\",\"url\":\"https:\\\/\\\/www.jimprimeenfrance.fr\\\/blog\\\/wp-content\\\/uploads\\\/2018\\\/07\\\/cropped-printbasprix-imprimeur-en-ligne.png\",\"contentUrl\":\"https:\\\/\\\/www.jimprimeenfrance.fr\\\/blog\\\/wp-content\\\/uploads\\\/2018\\\/07\\\/cropped-printbasprix-imprimeur-en-ligne.png\",\"width\":361,\"height\":86,\"caption\":\"PrintBasPrix - Imprimerie en ligne\"},\"image\":{\"@id\":\"https:\\\/\\\/www.jimprimeenfrance.fr\\\/blog\\\/#\\\/schema\\\/logo\\\/image\\\/\"},\"sameAs\":[\"https:\\\/\\\/www.facebook.com\\\/PrintBasPrix\",\"https:\\\/\\\/x.com\\\/PrintBasPrix\",\"https:\\\/\\\/www.instagram.com\\\/printbasprix\\\/\",\"https:\\\/\\\/www.linkedin.com\\\/company\\\/printbasprix\\\/\",\"https:\\\/\\\/www.youtube.com\\\/channel\\\/UC0Ysbd0Gbzzp0yMgrfNQqug\"]},{\"@type\":\"Person\",\"@id\":\"https:\\\/\\\/www.jimprimeenfrance.fr\\\/blog\\\/#\\\/schema\\\/person\\\/711bdd00fc82a687615940c5ae0b412c\",\"name\":\"PrintBasPrix Imprimerie en ligne\",\"image\":{\"@type\":\"ImageObject\",\"inLanguage\":\"fr-FR\",\"@id\":\"https:\\\/\\\/secure.gravatar.com\\\/avatar\\\/e898f6c9f447b2b28a568c2fec45e0fef703b12c4f80de6258e9bcb2e61aaf27?s=96&r=g\",\"url\":\"https:\\\/\\\/secure.gravatar.com\\\/avatar\\\/e898f6c9f447b2b28a568c2fec45e0fef703b12c4f80de6258e9bcb2e61aaf27?s=96&r=g\",\"contentUrl\":\"https:\\\/\\\/secure.gravatar.com\\\/avatar\\\/e898f6c9f447b2b28a568c2fec45e0fef703b12c4f80de6258e9bcb2e61aaf27?s=96&r=g\",\"caption\":\"PrintBasPrix Imprimerie en ligne\"},\"url\":\"https:\\\/\\\/www.jimprimeenfrance.fr\\\/blog\\\/author\\\/printbasprix-imprimerie-en-ligne\\\/\"}]}<\/script>\r\n<!-- \/ Yoast SEO plugin. -->","yoast_head_json":{"title":"Les flyers et les d\u00e9pliants doivent comporter des mentions obligatoires","description":"Les mentions obligatoires \u00e0 mettre sur les flyers et les d\u00e9pliants varient suivant leurs caract\u00e9ristiques. Certaines sont communes \u00e0 tous.","robots":{"index":"index","follow":"follow","max-snippet":"max-snippet:-1","max-image-preview":"max-image-preview:large","max-video-preview":"max-video-preview:-1"},"canonical":"https:\/\/www.jimprimeenfrance.fr\/blog\/mentions-obligatoires-flyers-depliants\/","og_locale":"fr_FR","og_type":"article","og_title":"Les flyers et les d\u00e9pliants doivent comporter des mentions obligatoires","og_description":"Les mentions obligatoires \u00e0 mettre sur les flyers et les d\u00e9pliants varient suivant leurs caract\u00e9ristiques. Certaines sont communes \u00e0 tous.","og_url":"https:\/\/www.jimprimeenfrance.fr\/blog\/mentions-obligatoires-flyers-depliants\/","og_site_name":"Votre imprimerie en ligne, le blog","article_publisher":"https:\/\/www.facebook.com\/PrintBasPrix","article_published_time":"2020-06-17T06:30:12+00:00","article_modified_time":"2022-10-27T09:49:28+00:00","og_image":[{"width":1600,"height":500,"url":"https:\/\/www.jimprimeenfrance.fr\/blog\/wp-content\/uploads\/2020\/06\/Mentions-obligatoires-flyer.jpg","type":"image\/jpeg"}],"author":"PrintBasPrix Imprimerie en ligne","twitter_card":"summary_large_image","twitter_creator":"@PrintBasPrix","twitter_site":"@PrintBasPrix","twitter_misc":{"\u00c9crit par":"PrintBasPrix Imprimerie en ligne","Dur\u00e9e de lecture estim\u00e9e":"7 minutes"},"schema":{"@context":"https:\/\/schema.org","@graph":[{"@type":"Article","@id":"https:\/\/www.jimprimeenfrance.fr\/blog\/mentions-obligatoires-flyers-depliants\/#article","isPartOf":{"@id":"https:\/\/www.jimprimeenfrance.fr\/blog\/mentions-obligatoires-flyers-depliants\/"},"author":{"name":"PrintBasPrix Imprimerie en ligne","@id":"https:\/\/www.jimprimeenfrance.fr\/blog\/#\/schema\/person\/711bdd00fc82a687615940c5ae0b412c"},"headline":"Mentions obligatoires : ce qu&rsquo;il faut mettre sur les flyers ou les d\u00e9pliants","datePublished":"2020-06-17T06:30:12+00:00","dateModified":"2022-10-27T09:49:28+00:00","mainEntityOfPage":{"@id":"https:\/\/www.jimprimeenfrance.fr\/blog\/mentions-obligatoires-flyers-depliants\/"},"wordCount":1205,"commentCount":0,"publisher":{"@id":"https:\/\/www.jimprimeenfrance.fr\/blog\/#organization"},"image":{"@id":"https:\/\/www.jimprimeenfrance.fr\/blog\/mentions-obligatoires-flyers-depliants\/#primaryimage"},"thumbnailUrl":"https:\/\/www.jimprimeenfrance.fr\/blog\/wp-content\/uploads\/2020\/06\/Mentions-obligatoires-flyer.jpg","keywords":["loi","mentions obligatoires"],"articleSection":["D\u00e9pliant","Flyer"],"inLanguage":"fr-FR","potentialAction":[{"@type":"CommentAction","name":"Comment","target":["https:\/\/www.jimprimeenfrance.fr\/blog\/mentions-obligatoires-flyers-depliants\/#respond"]}]},{"@type":"WebPage","@id":"https:\/\/www.jimprimeenfrance.fr\/blog\/mentions-obligatoires-flyers-depliants\/","url":"https:\/\/www.jimprimeenfrance.fr\/blog\/mentions-obligatoires-flyers-depliants\/","name":"Les flyers et les d\u00e9pliants doivent comporter des mentions obligatoires","isPartOf":{"@id":"https:\/\/www.jimprimeenfrance.fr\/blog\/#website"},"primaryImageOfPage":{"@id":"https:\/\/www.jimprimeenfrance.fr\/blog\/mentions-obligatoires-flyers-depliants\/#primaryimage"},"image":{"@id":"https:\/\/www.jimprimeenfrance.fr\/blog\/mentions-obligatoires-flyers-depliants\/#primaryimage"},"thumbnailUrl":"https:\/\/www.jimprimeenfrance.fr\/blog\/wp-content\/uploads\/2020\/06\/Mentions-obligatoires-flyer.jpg","datePublished":"2020-06-17T06:30:12+00:00","dateModified":"2022-10-27T09:49:28+00:00","description":"Les mentions obligatoires \u00e0 mettre sur les flyers et les d\u00e9pliants varient suivant leurs caract\u00e9ristiques. Certaines sont communes \u00e0 tous.","breadcrumb":{"@id":"https:\/\/www.jimprimeenfrance.fr\/blog\/mentions-obligatoires-flyers-depliants\/#breadcrumb"},"inLanguage":"fr-FR","potentialAction":[{"@type":"ReadAction","target":["https:\/\/www.jimprimeenfrance.fr\/blog\/mentions-obligatoires-flyers-depliants\/"]}]},{"@type":"ImageObject","inLanguage":"fr-FR","@id":"https:\/\/www.jimprimeenfrance.fr\/blog\/mentions-obligatoires-flyers-depliants\/#primaryimage","url":"https:\/\/www.jimprimeenfrance.fr\/blog\/wp-content\/uploads\/2020\/06\/Mentions-obligatoires-flyer.jpg","contentUrl":"https:\/\/www.jimprimeenfrance.fr\/blog\/wp-content\/uploads\/2020\/06\/Mentions-obligatoires-flyer.jpg","width":1600,"height":500},{"@type":"BreadcrumbList","@id":"https:\/\/www.jimprimeenfrance.fr\/blog\/mentions-obligatoires-flyers-depliants\/#breadcrumb","itemListElement":[{"@type":"ListItem","position":1,"name":"Accueil","item":"https:\/\/www.jimprimeenfrance.fr\/blog\/"},{"@type":"ListItem","position":2,"name":"Mentions obligatoires : ce qu&rsquo;il faut mettre sur les flyers ou les d\u00e9pliants"}]},{"@type":"WebSite","@id":"https:\/\/www.jimprimeenfrance.fr\/blog\/#website","url":"https:\/\/www.jimprimeenfrance.fr\/blog\/","name":"Votre imprimerie en ligne, le blog","description":"Impressionnez et faites bonne impression avec nos conseils d&#039;imprimerie online","publisher":{"@id":"https:\/\/www.jimprimeenfrance.fr\/blog\/#organization"},"potentialAction":[{"@type":"SearchAction","target":{"@type":"EntryPoint","urlTemplate":"https:\/\/www.jimprimeenfrance.fr\/blog\/?s={search_term_string}"},"query-input":{"@type":"PropertyValueSpecification","valueRequired":true,"valueName":"search_term_string"}}],"inLanguage":"fr-FR"},{"@type":"Organization","@id":"https:\/\/www.jimprimeenfrance.fr\/blog\/#organization","name":"PrintBasPrix - Imprimerie en ligne","url":"https:\/\/www.jimprimeenfrance.fr\/blog\/","logo":{"@type":"ImageObject","inLanguage":"fr-FR","@id":"https:\/\/www.jimprimeenfrance.fr\/blog\/#\/schema\/logo\/image\/","url":"https:\/\/www.jimprimeenfrance.fr\/blog\/wp-content\/uploads\/2018\/07\/cropped-printbasprix-imprimeur-en-ligne.png","contentUrl":"https:\/\/www.jimprimeenfrance.fr\/blog\/wp-content\/uploads\/2018\/07\/cropped-printbasprix-imprimeur-en-ligne.png","width":361,"height":86,"caption":"PrintBasPrix - Imprimerie en ligne"},"image":{"@id":"https:\/\/www.jimprimeenfrance.fr\/blog\/#\/schema\/logo\/image\/"},"sameAs":["https:\/\/www.facebook.com\/PrintBasPrix","https:\/\/x.com\/PrintBasPrix","https:\/\/www.instagram.com\/printbasprix\/","https:\/\/www.linkedin.com\/company\/printbasprix\/","https:\/\/www.youtube.com\/channel\/UC0Ysbd0Gbzzp0yMgrfNQqug"]},{"@type":"Person","@id":"https:\/\/www.jimprimeenfrance.fr\/blog\/#\/schema\/person\/711bdd00fc82a687615940c5ae0b412c","name":"PrintBasPrix Imprimerie en ligne","image":{"@type":"ImageObject","inLanguage":"fr-FR","@id":"https:\/\/secure.gravatar.com\/avatar\/e898f6c9f447b2b28a568c2fec45e0fef703b12c4f80de6258e9bcb2e61aaf27?s=96&r=g","url":"https:\/\/secure.gravatar.com\/avatar\/e898f6c9f447b2b28a568c2fec45e0fef703b12c4f80de6258e9bcb2e61aaf27?s=96&r=g","contentUrl":"https:\/\/secure.gravatar.com\/avatar\/e898f6c9f447b2b28a568c2fec45e0fef703b12c4f80de6258e9bcb2e61aaf27?s=96&r=g","caption":"PrintBasPrix Imprimerie en ligne"},"url":"https:\/\/www.jimprimeenfrance.fr\/blog\/author\/printbasprix-imprimerie-en-ligne\/"}]}},"_links":{"self":[{"href":"https:\/\/www.jimprimeenfrance.fr\/blog\/wp-json\/wp\/v2\/posts\/4387","targetHints":{"allow":["GET"]}}],"collection":[{"href":"https:\/\/www.jimprimeenfrance.fr\/blog\/wp-json\/wp\/v2\/posts"}],"about":[{"href":"https:\/\/www.jimprimeenfrance.fr\/blog\/wp-json\/wp\/v2\/types\/post"}],"author":[{"embeddable":true,"href":"https:\/\/www.jimprimeenfrance.fr\/blog\/wp-json\/wp\/v2\/users\/4"}],"replies":[{"embeddable":true,"href":"https:\/\/www.jimprimeenfrance.fr\/blog\/wp-json\/wp\/v2\/comments?post=4387"}],"version-history":[{"count":25,"href":"https:\/\/www.jimprimeenfrance.fr\/blog\/wp-json\/wp\/v2\/posts\/4387\/revisions"}],"predecessor-version":[{"id":7491,"href":"https:\/\/www.jimprimeenfrance.fr\/blog\/wp-json\/wp\/v2\/posts\/4387\/revisions\/7491"}],"wp:featuredmedia":[{"embeddable":true,"href":"https:\/\/www.jimprimeenfrance.fr\/blog\/wp-json\/wp\/v2\/media\/7482"}],"wp:attachment":[{"href":"https:\/\/www.jimprimeenfrance.fr\/blog\/wp-json\/wp\/v2\/media?parent=4387"}],"wp:term":[{"taxonomy":"category","embeddable":true,"href":"https:\/\/www.jimprimeenfrance.fr\/blog\/wp-json\/wp\/v2\/categories?post=4387"},{"taxonomy":"post_tag","embeddable":true,"href":"https:\/\/www.jimprimeenfrance.fr\/blog\/wp-json\/wp\/v2\/tags?post=4387"}],"curies":[{"name":"wp","href":"https:\/\/api.w.org\/{rel}","templated":true}]}}