{"id":4294,"date":"2020-06-03T08:30:20","date_gmt":"2020-06-03T06:30:20","guid":{"rendered":"https:\/\/www.jimprimeenfrance.fr\/blog\/?p=4294"},"modified":"2020-06-02T21:38:26","modified_gmt":"2020-06-02T19:38:26","slug":"preparer-communication-reussir-soldes-ete","status":"publish","type":"post","link":"https:\/\/www.jimprimeenfrance.fr\/blog\/preparer-communication-reussir-soldes-ete\/","title":{"rendered":"Pr\u00e9parer sa communication pour r\u00e9ussir ses soldes d&rsquo;\u00e9t\u00e9"},"content":{"rendered":"<p style=\"text-align: justify;\">C&rsquo;est bient\u00f4t les <strong>soldes d&rsquo;\u00e9t\u00e9<\/strong>. Pas question de les louper ! Il faut donc s&rsquo;y pr\u00e9parer au maximum. <strong>Maintenant<\/strong>.<\/p>\n<p style=\"text-align: justify;\">Ce qui suppose de repenser \u00e0 la place qu&rsquo;occupent les soldes dans sa strat\u00e9gie marketing. Et par cons\u00e9quent, \u00e0 tout faire pour que les consommateurs r\u00e9pondent pr\u00e9sents aux offres qui vont leur \u00eatre faites. Mais, aussi aux mesures concr\u00e8tes \u00e0 prendre pour faire face \u00e0 leur afflux.<\/p>\n<p>&nbsp;<\/p>\n<h2 style=\"text-align: justify;\">Objectif des soldes d&rsquo;\u00e9t\u00e9<\/h2>\n<p style=\"text-align: justify;\">C&rsquo;est quelque chose \u00e0 ne jamais perdre de vue. On finit par s&rsquo;habituer aux ventes en soldes, au point qu&rsquo;elles peuvent devenir routini\u00e8res. Les ventes priv\u00e9es et autres promos ont tendance \u00e0 les banaliser.<\/p>\n<p style=\"text-align: justify;\">Or, \u00ab\u00a0soldes d&rsquo;hiver\u00a0\u00bb et \u00ab\u00a0soldes d&rsquo;\u00e9t\u00e9\u00a0\u00bb constituent les points d&rsquo;orgue incontournables de toute strat\u00e9gie commerciale d&rsquo;un commerce de d\u00e9tail. Qu&rsquo;il s&rsquo;agisse de distribution classique ou de hard discount.<\/p>\n<p>&nbsp;<\/p>\n<p style=\"text-align: justify;\">Durant ces deux p\u00e9riodes de <a href=\"https:\/\/www.service-public.fr\/particuliers\/actualites\/A13444\" target=\"_blank\" rel=\"noopener noreferrer\"><strong>quatre semaines<\/strong><\/a> chacune, une part substantielle du chiffre d&rsquo;affaires et du r\u00e9sultat net de l&rsquo;ann\u00e9e est r\u00e9alis\u00e9e. Ou pas. Et, dans ce dernier cas, ne se rattrape pas.<\/p>\n<p style=\"text-align: justify;\">C&rsquo;est pourquoi il faut avoir une strat\u00e9gie de communication sp\u00e9cifiquement d\u00e9di\u00e9e \u00e0 ces p\u00e9riodes. A noter que pour 2020, les dates du d\u00e9but des soldes d&rsquo;\u00e9t\u00e9 ont \u00e9t\u00e9 repouss\u00e9es au <a href=\"https:\/\/www.rtl.fr\/actu\/politique\/les-soldes-d-ete-demarreront-le-15-juillet-annonce-bruno-le-maire-sur-rtl-7800567240\" target=\"_blank\" rel=\"noopener noreferrer\">15 juillet<\/a>.<\/p>\n<p>&nbsp;<\/p>\n<h2 style=\"text-align: justify;\">Strat\u00e9gie de soldes : pr\u00e9parer et communiquer<\/h2>\n<p style=\"text-align: justify;\">D&rsquo;autant plus que ce chiffre d&rsquo;affaires substantiel est r\u00e9alis\u00e9, pour une large part, dans la toute premi\u00e8re de ces <strong>quatre semaines<\/strong>. Et cela, quels que soient le climat des affaires du moment ou le niveau de confiance des m\u00e9nages. A plus forte raison donc, quand l&rsquo;un et l&rsquo;autre sont d\u00e9grad\u00e9s.<\/p>\n<p style=\"text-align: justify;\">Par cons\u00e9quent, les \u00ab\u00a0soldes\u00a0\u00bb doivent \u00eatre pr\u00e9par\u00e9es minutieusement. Surtout quand <strong>r\u00e9ussir ses soldes d&rsquo;\u00e9t\u00e9<\/strong> est devenu crucial. Or, cela commence, indiscutablement, par le choix d&rsquo;une bonne strat\u00e9gie de communication.<\/p>\n<h2 style=\"text-align: justify;\">Communiquer sur les soldes<\/h2>\n<p style=\"text-align: justify;\">Rappelons-nous ce que disait <strong>Raymond Rubicam<\/strong>, le fondateur de la c\u00e9l\u00e8bre <strong>agence Young and Rubicam, <\/strong>n\u00e9e \u00e0 Philadelphie, aux \u00c9tats-Unis :<\/p>\n<blockquote>\n<p>L&rsquo;unique but de la publicit\u00e9 est de vendre. Il n&rsquo;y a pas d&rsquo;autre fonction \u00e0 mentionner.<\/p>\n<\/blockquote>\n<p style=\"text-align: justify;\">Voil\u00e0 qui a le m\u00e9rite d&rsquo;\u00eatre clair et de remettre les choses \u00e0 leur place. Et on en d\u00e9duit facilement que pour vendre beaucoup, il faut faire beaucoup de publicit\u00e9. En tout cas, une chose est certaine, <strong>moins on fait de pub, moins on vend<\/strong>.<\/p>\n<p style=\"text-align: justify;\">Donc, en p\u00e9riode de soldes, plus que jamais, il faut faire de la publicit\u00e9. Et encore plus, quand les circonstances ont durci le climat des affaires.<\/p>\n<p>&nbsp;<\/p>\n<h2 style=\"text-align: justify;\">Planifier sa communication sur les soldes d&rsquo;\u00e9t\u00e9<\/h2>\n<p style=\"text-align: justify;\">Une bonne communication, \u00e7a se planifie. Et, \u00e7a se planifie, autant que possible, bien avant que les soldes ne commencent. L&rsquo;enjeu est d&rsquo;avoir, sur son march\u00e9 et pour sa marque, une <strong>meilleure visibilit\u00e9<\/strong> que celle de la concurrence.<\/p>\n<p style=\"text-align: justify;\">Pour cela, la communication doit \u00eatre multicanale, c&rsquo;est-\u00e0-dire, emprunter tous les canaux m\u00e9diatiques disponibles. C&rsquo;est pourquoi, elle doit \u00eatre <strong>pr\u00e9vue \u00e0 l&rsquo;avance<\/strong>, donc planifi\u00e9e.<\/p>\n<p style=\"text-align: center;\">\u00a0<\/p>\n<figure id=\"attachment_4321\" aria-describedby=\"caption-attachment-4321\" style=\"width: 642px\" class=\"wp-caption aligncenter\"><img loading=\"lazy\" decoding=\"async\" class=\" wp-image-4321\" src=\"https:\/\/www.jimprimeenfrance.fr\/blog\/wp-content\/uploads\/2020\/06\/Planifier-sa-communication-300x200.jpg\" alt=\"Planifier sa communication\" width=\"642\" height=\"428\" srcset=\"https:\/\/www.jimprimeenfrance.fr\/blog\/wp-content\/uploads\/2020\/06\/Planifier-sa-communication-300x200.jpg 300w, https:\/\/www.jimprimeenfrance.fr\/blog\/wp-content\/uploads\/2020\/06\/Planifier-sa-communication-768x512.jpg 768w, https:\/\/www.jimprimeenfrance.fr\/blog\/wp-content\/uploads\/2020\/06\/Planifier-sa-communication.jpg 1000w\" sizes=\"auto, (max-width: 642px) 100vw, 642px\" \/><figcaption id=\"caption-attachment-4321\" class=\"wp-caption-text\">Planifier sa communication<\/figcaption><\/figure>\n<p>&nbsp;<\/p>\n<p style=\"text-align: justify;\">C&rsquo;est peu courant, mais il arrive qu&rsquo;une action publicitaire ne puisse pas \u00eatre men\u00e9e, tout simplement, parce que les d\u00e9lais sont trop courts. Par ailleurs, selon les budgets, la proportion de chacun des m\u00e9dias dans la communication mise en \u0153uvre, varie.<\/p>\n<p style=\"text-align: justify;\">Quoi qu&rsquo;il en soit, cette communication repose, \u00e0 coup s\u00fbr, sur <strong>deux piliers : le digital avec internet et le print avec l&rsquo;imprimerie.<\/strong><\/p>\n<p>&nbsp;<\/p>\n<h2 style=\"text-align: justify;\">Les deux piliers d&rsquo;une communication sur les soldes<\/h2>\n<h3 style=\"text-align: justify;\">La communication digitale<\/h3>\n<p style=\"text-align: justify;\">Au fil des ann\u00e9es, le commerce \u00e9lectronique est devenue un \u00e9l\u00e9ment essentiel de toute communication commerciale. En ce qui concerne les soldes, cela passe par les messages SMS, les e-mails, les annonces via les r\u00e9seaux sociaux comme Facebook et par \u00ab\u00a0l&rsquo;habillage\u00a0\u00bb des sites web associ\u00e9s aux points de vente physiques.<\/p>\n<p style=\"text-align: justify;\">Les brefs messages SMS ou envoy\u00e9s par Twitter jouent un r\u00f4le de <strong>teasing<\/strong>. M\u00eame chose pour les e-mails, les posts de blog, les newsletters, m\u00eame si ces modes d&rsquo;action sont un peu plus longs. Toutes ces actions visent \u00e0 cr\u00e9er un buzz.<\/p>\n<p>&nbsp;<\/p>\n<figure id=\"attachment_4323\" aria-describedby=\"caption-attachment-4323\" style=\"width: 676px\" class=\"wp-caption aligncenter\"><img loading=\"lazy\" decoding=\"async\" class=\" wp-image-4323\" src=\"https:\/\/www.jimprimeenfrance.fr\/blog\/wp-content\/uploads\/2020\/06\/La-communication-digitale-300x123.jpg\" alt=\"La communication digitale\" width=\"676\" height=\"277\" srcset=\"https:\/\/www.jimprimeenfrance.fr\/blog\/wp-content\/uploads\/2020\/06\/La-communication-digitale-300x123.jpg 300w, https:\/\/www.jimprimeenfrance.fr\/blog\/wp-content\/uploads\/2020\/06\/La-communication-digitale-768x315.jpg 768w, https:\/\/www.jimprimeenfrance.fr\/blog\/wp-content\/uploads\/2020\/06\/La-communication-digitale.jpg 1000w\" sizes=\"auto, (max-width: 676px) 100vw, 676px\" \/><figcaption id=\"caption-attachment-4323\" class=\"wp-caption-text\">La communication digitale<\/figcaption><\/figure>\n<p style=\"text-align: justify;\">Ils sont bas\u00e9s sur les bases prospects et clients des entreprises. D&rsquo;o\u00f9 la n\u00e9cessit\u00e9, de bien tenir \u00e0 jour ces bases qui doivent \u00eatre consid\u00e9r\u00e9es comme des actifs strat\u00e9giques clefs. Cependant, les actions de communication digitale ne peuvent pas rivaliser \u00e0 elles seules avec une communication \u00e0 la fois digitale et print.<\/p>\n<p>&nbsp;<\/p>\n<h3 style=\"text-align: justify;\">La communication print<\/h3>\n<p style=\"text-align: justify;\">Il faut se souvenir que l&rsquo;affiche est indissociablement li\u00e9e \u00e0 la publicit\u00e9. C&rsquo;\u00e9tait vrai hier, \u00e7a l&rsquo;est toujours aujourd&rsquo;hui. Digitalisation ou pas. D&rsquo;ailleurs, on peut noter actuellement une tendance \u00e0 un retour aux <a href=\"https:\/\/www.jimprimeenfrance.fr\/blog\/pourquoi-faire-une-affiche-creative\/\" target=\"_blank\" rel=\"noopener noreferrer\">fondamentaux de l&rsquo;affichage<\/a> avec des affiches de plus en plus cr\u00e9atives.<\/p>\n<p style=\"text-align: center;\">\u00a0<\/p>\n<figure id=\"attachment_4327\" aria-describedby=\"caption-attachment-4327\" style=\"width: 679px\" class=\"wp-caption aligncenter\"><a href=\"https:\/\/www.jimprimeenfrance.fr\/blog\/12-secrets-affiche-publicitaire-creative\/\" target=\"_blank\" rel=\"noopener noreferrer\"><img loading=\"lazy\" decoding=\"async\" class=\"wp-image-4327\" src=\"https:\/\/www.jimprimeenfrance.fr\/blog\/wp-content\/uploads\/2020\/06\/laffiche-cr\u00e9ative-300x99.jpg\" alt=\"L'affiche cr\u00e9ative\" width=\"679\" height=\"224\" srcset=\"https:\/\/www.jimprimeenfrance.fr\/blog\/wp-content\/uploads\/2020\/06\/laffiche-cr\u00e9ative-300x99.jpg 300w, https:\/\/www.jimprimeenfrance.fr\/blog\/wp-content\/uploads\/2020\/06\/laffiche-cr\u00e9ative-768x254.jpg 768w, https:\/\/www.jimprimeenfrance.fr\/blog\/wp-content\/uploads\/2020\/06\/laffiche-cr\u00e9ative.jpg 841w\" sizes=\"auto, (max-width: 679px) 100vw, 679px\" \/><\/a><figcaption id=\"caption-attachment-4327\" class=\"wp-caption-text\">L&rsquo;affiche cr\u00e9ative<\/figcaption><\/figure>\n<p>&nbsp;<\/p>\n<p style=\"text-align: justify;\">De fait, d&rsquo;une mani\u00e8re g\u00e9n\u00e9rale, pas de vraie campagne publicitaire, sans affichage. Cela dit, selon les moyens disponibles, il peut se d\u00e9cliner sous beaucoup de formes. Des plus simples aux plus sophistiqu\u00e9es. Ce qu&rsquo;on peut dire, c&rsquo;est que <strong>plus la concurrence est rude, plus il faut \u00e9toffer la panoplie \u00ab\u00a0print\u00a0\u00bb. <\/strong><\/p>\n<p style=\"text-align: justify;\">C&rsquo;est d&rsquo;autant plus ais\u00e9 que les plateaux techniques des imprimeries, dot\u00e9s de mat\u00e9riels d&rsquo;impression, notamment num\u00e9rique, performants permettent de r\u00e9pondre, rapidement et facilement, \u00e0 la demande. Et pas cher.<strong><br \/>\n<\/strong><\/p>\n<p style=\"text-align: justify;\">Or, il est certain que la p\u00e9riode des soldes est une p\u00e9riode o\u00f9 naturellement la concurrence est rude. Il faut bien avoir pr\u00e9sent \u00e0 l&rsquo;esprit que le panier moyen par client pendant cette p\u00e9riode est, en France, de l&rsquo;ordre de <strong>200 euros<\/strong>. De plus, les consommateurs fran\u00e7ais d\u00e9pensent cette somme, pour une grande part, pendant la premi\u00e8re semaine. Que ce soit \u00e0 Paris ou en Province.<\/p>\n<figure id=\"attachment_4325\" aria-describedby=\"caption-attachment-4325\" style=\"width: 519px\" class=\"wp-caption aligncenter\"><img loading=\"lazy\" decoding=\"async\" class=\" wp-image-4325\" src=\"https:\/\/www.jimprimeenfrance.fr\/blog\/wp-content\/uploads\/2020\/06\/la-charte-graphique-de-lentreprise-300x300.jpg\" alt=\"la charte graphique de l'entreprise\" width=\"519\" height=\"519\" srcset=\"https:\/\/www.jimprimeenfrance.fr\/blog\/wp-content\/uploads\/2020\/06\/la-charte-graphique-de-lentreprise-300x300.jpg 300w, https:\/\/www.jimprimeenfrance.fr\/blog\/wp-content\/uploads\/2020\/06\/la-charte-graphique-de-lentreprise-150x150.jpg 150w, https:\/\/www.jimprimeenfrance.fr\/blog\/wp-content\/uploads\/2020\/06\/la-charte-graphique-de-lentreprise-768x769.jpg 768w, https:\/\/www.jimprimeenfrance.fr\/blog\/wp-content\/uploads\/2020\/06\/la-charte-graphique-de-lentreprise-400x400.jpg 400w, https:\/\/www.jimprimeenfrance.fr\/blog\/wp-content\/uploads\/2020\/06\/la-charte-graphique-de-lentreprise.jpg 1000w\" sizes=\"auto, (max-width: 519px) 100vw, 519px\" \/><figcaption id=\"caption-attachment-4325\" class=\"wp-caption-text\">la charte graphique de l&rsquo;entreprise<\/figcaption><\/figure>\n<p style=\"text-align: justify;\">Autrement dit, il est recommand\u00e9 de pr\u00e9voir d&#8217;embl\u00e9e un<strong> ensemble d&rsquo;impressions publicitaires<\/strong> combinant, \u00e0 la fois des :<\/p>\n<ul style=\"text-align: justify;\">\n<li><a href=\"https:\/\/www.jimprimeenfrance.fr\/impression-affiche-en-ligne\" target=\"_blank\" rel=\"noopener noreferrer\">Affiches<\/a> destin\u00e9es aux panneaux 4 x 3, aux vitrines, aux sucettes, et plus globalement, \u00e0 la publicit\u00e9 sur le lieu de vente,<\/li>\n<li><a href=\"https:\/\/www.jimprimeenfrance.fr\/impression-flyer-en-ligne\" target=\"_blank\" rel=\"noopener noreferrer\">Flyers<\/a> distribu\u00e9s \u00e0 des points de passage strat\u00e9giques \u00e0 proximit\u00e9 des points de vente,<\/li>\n<li>Des catalogues ou des <a href=\"https:\/\/www.jimprimeenfrance.fr\/impression-brochure-en-ligne\" target=\"_blank\" rel=\"noopener noreferrer\">brochures<\/a> mettant en avant certains produits ou certaines promos.<\/li>\n<\/ul>\n<p style=\"text-align: justify;\">Le tout, bien s\u00fbr, en respectant les consignes de la charte graphique de l&rsquo;entreprise.<\/p>\n<p style=\"text-align: justify;\">\u00a0<\/p>\n<h2 style=\"text-align: justify;\">Exemple d&rsquo;une annonce pour les soldes d&rsquo;\u00e9t\u00e9<\/h2>\n<p style=\"text-align: center;\">\u00a0<\/p>\n<figure id=\"attachment_4329\" aria-describedby=\"caption-attachment-4329\" style=\"width: 482px\" class=\"wp-caption aligncenter\"><img loading=\"lazy\" decoding=\"async\" class=\" wp-image-4329\" src=\"https:\/\/www.jimprimeenfrance.fr\/blog\/wp-content\/uploads\/2020\/06\/Exemple-dune-annonce-pour-les-soldes-d\u00e9t\u00e9-300x201.jpg\" alt=\"Exemple d'une annonce pour les soldes d'\u00e9t\u00e9\" width=\"482\" height=\"323\" srcset=\"https:\/\/www.jimprimeenfrance.fr\/blog\/wp-content\/uploads\/2020\/06\/Exemple-dune-annonce-pour-les-soldes-d\u00e9t\u00e9-300x201.jpg 300w, https:\/\/www.jimprimeenfrance.fr\/blog\/wp-content\/uploads\/2020\/06\/Exemple-dune-annonce-pour-les-soldes-d\u00e9t\u00e9-768x515.jpg 768w, https:\/\/www.jimprimeenfrance.fr\/blog\/wp-content\/uploads\/2020\/06\/Exemple-dune-annonce-pour-les-soldes-d\u00e9t\u00e9.jpg 1000w\" sizes=\"auto, (max-width: 482px) 100vw, 482px\" \/><figcaption id=\"caption-attachment-4329\" class=\"wp-caption-text\">Exemple d&rsquo;une annonce pour les soldes d&rsquo;\u00e9t\u00e9<\/figcaption><\/figure>\n<p>&nbsp;<\/p>\n<h2 style=\"text-align: justify;\">Mise en place des soldes : les 4 r\u00e8gles d&rsquo;or<\/h2>\n<p style=\"text-align: justify;\">Une fois qu&rsquo;on a mis place sa strat\u00e9gie \u00ab\u00a0soldes\u00a0\u00bb pour faire venir le plus de clients possibles sur son point de vente, reste \u00e0 bien s&rsquo;organiser pour les accueillir et faire en sorte qu&rsquo;ils y d\u00e9pensent tout leur budget \u00ab\u00a0soldes\u00a0\u00bb. Pour cela, il est utile de respecter quelques r\u00e8gles d&rsquo;or, dont certaines vont n\u00e9cessiter de nouveaux achats d&rsquo;imprimerie et donc une planification :<\/p>\n<ul style=\"text-align: justify;\">\n<li>\n<h3>Avoir un stock de marchandises en rapport avec les produits sold\u00e9s<\/h3>\n<\/li>\n<\/ul>\n<p style=\"text-align: justify;\">D&rsquo;abord, parce que ne peuvent \u00eatre sold\u00e9s que les produits mis en vente au moins un mois avant les soldes proprement dites. Et ensuite, parce que des stocks insuffisants sont doublement contre-productifs. Non seulement des ventes sont perdues, mais cela suscite aussi beaucoup de frustrations.<\/p>\n<p>&nbsp;<\/p>\n<ul style=\"text-align: justify;\">\n<li>\n<h3>Penser \u00e0 avoir une strat\u00e9gie de prix<\/h3>\n<\/li>\n<\/ul>\n<p style=\"text-align: justify;\">Comme on l&rsquo;a indiqu\u00e9, la premi\u00e8re semaine des soldes est d\u00e9terminante. L&rsquo;\u00e9tiquetage doit faciliter le choix des clients. Et le plus simple, pour cela, est d&rsquo;adopter un <strong>code couleur <\/strong>avec une <a href=\"https:\/\/significationdescouleurs.com\/\" target=\"_blank\" rel=\"noopener noreferrer\">signification\u00a0<\/a>facilement compr\u00e9hensible.<\/p>\n<p style=\"text-align: justify;\">Mais, la p\u00e9riode des soldes dure 4 semaines. Par suite, il faut \u00eatre en mesure d&rsquo;entretenir l&rsquo;int\u00e9r\u00eat des clients. Et l\u00e0, il faut pr\u00e9voir plusieurs <strong>vagues de d\u00e9marques<\/strong> successives. Avec, naturellement, un affichage appropri\u00e9.<\/p>\n<p>&nbsp;<\/p>\n<ul style=\"text-align: justify;\">\n<li>\n<h3>Cr\u00e9er une animation autour des soldes<\/h3>\n<\/li>\n<\/ul>\n<p style=\"text-align: justify;\">Les clients doivent se sentir pris en mains. En tout cas, guid\u00e9s. Soit, par un parcours judicieusement organis\u00e9 les amenant d&rsquo;un monceau d&rsquo;articles, faussement en vrac, \u00e0 un autre, cr\u00e9ant ainsi une impression de profusion et d&rsquo;abondance. Soit, par la cr\u00e9ation d&rsquo;une atmosph\u00e8re festive, avec musique appropri\u00e9e, annonces au micro, jeux divers, concours, etc. \u00c9videmment, rien n&rsquo;interdit d&rsquo;en faire un mix.<\/p>\n<p>&nbsp;<\/p>\n<ul style=\"text-align: justify;\">\n<li>\n<h3>R\u00e9ajuster en permanence sa strat\u00e9gie en fonction de la r\u00e9alit\u00e9<\/h3>\n<\/li>\n<\/ul>\n<p style=\"text-align: justify;\">Ce qui importe, c&rsquo;est d&rsquo;augmenter son chiffre d&rsquo;affaires et de faire mieux que ses concurrents. Par cons\u00e9quent, si les clients ne r\u00e9agissent pas autant et aussi bien qu&rsquo;on l&rsquo;avait imagin\u00e9 \u00e0 ce qu&rsquo;on leur offre, il ne faut pas h\u00e9siter \u00e0 \u00ab\u00a0changer son fusil d&rsquo;\u00e9paule\u00a0\u00bb. De ce point de vue, il est bon de se souvenir que \u00ab\u00a0le client a toujours raison\u00a0\u00bb.<\/p>\n<p style=\"text-align: justify;\">\u00a0<\/p>\n<h2 style=\"text-align: justify;\">Ce qu&rsquo;il faut retenir pour r\u00e9ussir ses soldes d&rsquo;\u00e9t\u00e9<\/h2>\n<p style=\"text-align: justify;\">Les p\u00e9riodes de soldes sont cruciales pour les distributeurs. Elles ne se pr\u00e9sentent que deux fois par an et g\u00e9n\u00e8rent une part consid\u00e9rable de leur chiffre d&rsquo;affaires. Par cons\u00e9quent, elles n\u00e9cessitent une pr\u00e9paration appropri\u00e9e et de bien s&rsquo;informer. Dans cette pr\u00e9paration, la communication occupe une tr\u00e8s grande place.<\/p>\n<p style=\"text-align: justify;\">Pour r\u00e9ussir ses soldes, il est absolument indispensable d&rsquo;\u00eatre plus visible que ses concurrents. Et pour cela, bien con\u00e7us et combin\u00e9s avec la op\u00e9rations de communication digitale, les affiches, les flyers, les brochures, les \u00e9tiquettes, contribuent incontestablement \u00e0 cette r\u00e9ussite.<\/p>\n<p style=\"text-align: justify;\">Ajoutons que les services d&rsquo;un studio graphique d&rsquo;une <a href=\"https:\/\/www.jimprimeenfrance.fr\/\" target=\"_blank\" rel=\"noopener noreferrer\">imprimerie en ligne<\/a> peuvent constituer, aussi, de ce point de vue un r\u00e9el atout. Cela dit, il convient de veiller \u00e0 ce que la mise en \u0153uvre des soldes respecte au moins 4 r\u00e8gles d&rsquo;or.<\/p>\n","protected":false},"excerpt":{"rendered":"<p>C&rsquo;est bient\u00f4t les soldes d&rsquo;\u00e9t\u00e9. Pas question de les louper ! Il faut donc s&rsquo;y pr\u00e9parer au maximum. Maintenant. Ce qui suppose de repenser \u00e0 la place qu&rsquo;occupent les soldes dans sa strat\u00e9gie marketing. Et par cons\u00e9quent, \u00e0 tout faire pour que les consommateurs r\u00e9pondent pr\u00e9sents aux offres qui vont leur \u00eatre faites. Mais, aussi [&hellip;]<\/p>\n","protected":false},"author":4,"featured_media":4331,"comment_status":"open","ping_status":"open","sticky":false,"template":"","format":"standard","meta":{"_editorskit_title_hidden":false,"_editorskit_reading_time":0,"_editorskit_is_block_options_detached":false,"_editorskit_block_options_position":"{}","footnotes":""},"categories":[3,45,129,19,8],"tags":[365,362,363,364,361],"class_list":["post-4294","post","type-post","status-publish","format-standard","has-post-thumbnail","hentry","category-affiche","category-brochure","category-catalogue","category-depliant","category-flyer","tag-communication-soldes-dete","tag-dates-soldes-dete","tag-duree-soldes-dete","tag-rendement-soldes-dete","tag-soldes-dete"],"yoast_head":"<!-- This site is optimized with the Yoast SEO plugin v27.4 - https:\/\/yoast.com\/product\/yoast-seo-wordpress\/ -->\r\n<title>R\u00e9ussir les soldes d&#039;\u00e9t\u00e9 est un imp\u00e9ratif pour tous les commerces de d\u00e9tail<\/title>\r\n<meta name=\"description\" content=\"Les soldes d&#039;\u00e9t\u00e9 permettent de r\u00e9aliser une part importante du chiffre d&#039;affaires de l&#039;ann\u00e9e. Elles doivent donc \u00eatre pr\u00e9par\u00e9es avec soin.\" \/>\r\n<meta name=\"robots\" content=\"index, follow, max-snippet:-1, max-image-preview:large, max-video-preview:-1\" \/>\r\n<link rel=\"canonical\" href=\"https:\/\/www.jimprimeenfrance.fr\/blog\/preparer-communication-reussir-soldes-ete\/\" \/>\r\n<meta property=\"og:locale\" content=\"fr_FR\" \/>\r\n<meta property=\"og:type\" content=\"article\" \/>\r\n<meta property=\"og:title\" content=\"R\u00e9ussir les soldes d&#039;\u00e9t\u00e9 est un imp\u00e9ratif pour tous les commerces de d\u00e9tail\" \/>\r\n<meta property=\"og:description\" content=\"Les soldes d&#039;\u00e9t\u00e9 permettent de r\u00e9aliser une part importante du chiffre d&#039;affaires de l&#039;ann\u00e9e. Elles doivent donc \u00eatre pr\u00e9par\u00e9es avec soin.\" \/>\r\n<meta property=\"og:url\" content=\"https:\/\/www.jimprimeenfrance.fr\/blog\/preparer-communication-reussir-soldes-ete\/\" \/>\r\n<meta property=\"og:site_name\" content=\"Votre imprimerie en ligne, le blog\" \/>\r\n<meta property=\"article:publisher\" content=\"https:\/\/www.facebook.com\/PrintBasPrix\" \/>\r\n<meta property=\"article:published_time\" content=\"2020-06-03T06:30:20+00:00\" \/>\r\n<meta property=\"og:image\" content=\"https:\/\/www.jimprimeenfrance.fr\/blog\/wp-content\/uploads\/2020\/06\/r\u00e9ussir-ses-soldes-d\u00e9t\u00e9.jpg\" \/>\r\n\t<meta property=\"og:image:width\" content=\"1500\" \/>\r\n\t<meta property=\"og:image:height\" content=\"400\" \/>\r\n\t<meta property=\"og:image:type\" content=\"image\/jpeg\" \/>\r\n<meta name=\"author\" content=\"PrintBasPrix Imprimerie en ligne\" \/>\r\n<meta name=\"twitter:card\" content=\"summary_large_image\" \/>\r\n<meta name=\"twitter:creator\" content=\"@PrintBasPrix\" \/>\r\n<meta name=\"twitter:site\" content=\"@PrintBasPrix\" \/>\r\n<meta name=\"twitter:label1\" content=\"\u00c9crit par\" \/>\n\t<meta name=\"twitter:data1\" content=\"PrintBasPrix Imprimerie en ligne\" \/>\n\t<meta name=\"twitter:label2\" content=\"Dur\u00e9e de lecture estim\u00e9e\" \/>\n\t<meta name=\"twitter:data2\" content=\"8 minutes\" \/>\r\n<script type=\"application\/ld+json\" class=\"yoast-schema-graph\">{\"@context\":\"https:\\\/\\\/schema.org\",\"@graph\":[{\"@type\":\"Article\",\"@id\":\"https:\\\/\\\/www.jimprimeenfrance.fr\\\/blog\\\/preparer-communication-reussir-soldes-ete\\\/#article\",\"isPartOf\":{\"@id\":\"https:\\\/\\\/www.jimprimeenfrance.fr\\\/blog\\\/preparer-communication-reussir-soldes-ete\\\/\"},\"author\":{\"name\":\"PrintBasPrix Imprimerie en ligne\",\"@id\":\"https:\\\/\\\/www.jimprimeenfrance.fr\\\/blog\\\/#\\\/schema\\\/person\\\/711bdd00fc82a687615940c5ae0b412c\"},\"headline\":\"Pr\u00e9parer sa communication pour r\u00e9ussir ses soldes d&rsquo;\u00e9t\u00e9\",\"datePublished\":\"2020-06-03T06:30:20+00:00\",\"mainEntityOfPage\":{\"@id\":\"https:\\\/\\\/www.jimprimeenfrance.fr\\\/blog\\\/preparer-communication-reussir-soldes-ete\\\/\"},\"wordCount\":1711,\"commentCount\":0,\"publisher\":{\"@id\":\"https:\\\/\\\/www.jimprimeenfrance.fr\\\/blog\\\/#organization\"},\"image\":{\"@id\":\"https:\\\/\\\/www.jimprimeenfrance.fr\\\/blog\\\/preparer-communication-reussir-soldes-ete\\\/#primaryimage\"},\"thumbnailUrl\":\"https:\\\/\\\/www.jimprimeenfrance.fr\\\/blog\\\/wp-content\\\/uploads\\\/2020\\\/06\\\/r\u00e9ussir-ses-soldes-d\u00e9t\u00e9.jpg\",\"keywords\":[\"communication soldes d'\u00e9t\u00e9\",\"dates soldes d'\u00e9t\u00e9\",\"dur\u00e9e soldes d'\u00e9t\u00e9\",\"rendement soldes d'\u00e9t\u00e9\",\"soldes d'\u00e9t\u00e9\"],\"articleSection\":[\"Affiche\",\"Brochure\",\"Catalogue\",\"D\u00e9pliant\",\"Flyer\"],\"inLanguage\":\"fr-FR\",\"potentialAction\":[{\"@type\":\"CommentAction\",\"name\":\"Comment\",\"target\":[\"https:\\\/\\\/www.jimprimeenfrance.fr\\\/blog\\\/preparer-communication-reussir-soldes-ete\\\/#respond\"]}]},{\"@type\":\"WebPage\",\"@id\":\"https:\\\/\\\/www.jimprimeenfrance.fr\\\/blog\\\/preparer-communication-reussir-soldes-ete\\\/\",\"url\":\"https:\\\/\\\/www.jimprimeenfrance.fr\\\/blog\\\/preparer-communication-reussir-soldes-ete\\\/\",\"name\":\"R\u00e9ussir les soldes d'\u00e9t\u00e9 est un imp\u00e9ratif pour tous les commerces de d\u00e9tail\",\"isPartOf\":{\"@id\":\"https:\\\/\\\/www.jimprimeenfrance.fr\\\/blog\\\/#website\"},\"primaryImageOfPage\":{\"@id\":\"https:\\\/\\\/www.jimprimeenfrance.fr\\\/blog\\\/preparer-communication-reussir-soldes-ete\\\/#primaryimage\"},\"image\":{\"@id\":\"https:\\\/\\\/www.jimprimeenfrance.fr\\\/blog\\\/preparer-communication-reussir-soldes-ete\\\/#primaryimage\"},\"thumbnailUrl\":\"https:\\\/\\\/www.jimprimeenfrance.fr\\\/blog\\\/wp-content\\\/uploads\\\/2020\\\/06\\\/r\u00e9ussir-ses-soldes-d\u00e9t\u00e9.jpg\",\"datePublished\":\"2020-06-03T06:30:20+00:00\",\"description\":\"Les soldes d'\u00e9t\u00e9 permettent de r\u00e9aliser une part importante du chiffre d'affaires de l'ann\u00e9e. Elles doivent donc \u00eatre pr\u00e9par\u00e9es avec soin.\",\"breadcrumb\":{\"@id\":\"https:\\\/\\\/www.jimprimeenfrance.fr\\\/blog\\\/preparer-communication-reussir-soldes-ete\\\/#breadcrumb\"},\"inLanguage\":\"fr-FR\",\"potentialAction\":[{\"@type\":\"ReadAction\",\"target\":[\"https:\\\/\\\/www.jimprimeenfrance.fr\\\/blog\\\/preparer-communication-reussir-soldes-ete\\\/\"]}]},{\"@type\":\"ImageObject\",\"inLanguage\":\"fr-FR\",\"@id\":\"https:\\\/\\\/www.jimprimeenfrance.fr\\\/blog\\\/preparer-communication-reussir-soldes-ete\\\/#primaryimage\",\"url\":\"https:\\\/\\\/www.jimprimeenfrance.fr\\\/blog\\\/wp-content\\\/uploads\\\/2020\\\/06\\\/r\u00e9ussir-ses-soldes-d\u00e9t\u00e9.jpg\",\"contentUrl\":\"https:\\\/\\\/www.jimprimeenfrance.fr\\\/blog\\\/wp-content\\\/uploads\\\/2020\\\/06\\\/r\u00e9ussir-ses-soldes-d\u00e9t\u00e9.jpg\",\"width\":1500,\"height\":400,\"caption\":\"r\u00e9ussir ses soldes d'\u00e9t\u00e9\"},{\"@type\":\"BreadcrumbList\",\"@id\":\"https:\\\/\\\/www.jimprimeenfrance.fr\\\/blog\\\/preparer-communication-reussir-soldes-ete\\\/#breadcrumb\",\"itemListElement\":[{\"@type\":\"ListItem\",\"position\":1,\"name\":\"Accueil\",\"item\":\"https:\\\/\\\/www.jimprimeenfrance.fr\\\/blog\\\/\"},{\"@type\":\"ListItem\",\"position\":2,\"name\":\"Pr\u00e9parer sa communication pour r\u00e9ussir ses soldes d&rsquo;\u00e9t\u00e9\"}]},{\"@type\":\"WebSite\",\"@id\":\"https:\\\/\\\/www.jimprimeenfrance.fr\\\/blog\\\/#website\",\"url\":\"https:\\\/\\\/www.jimprimeenfrance.fr\\\/blog\\\/\",\"name\":\"Votre imprimerie en ligne, le blog\",\"description\":\"Impressionnez et faites bonne impression avec nos conseils d&#039;imprimerie online\",\"publisher\":{\"@id\":\"https:\\\/\\\/www.jimprimeenfrance.fr\\\/blog\\\/#organization\"},\"potentialAction\":[{\"@type\":\"SearchAction\",\"target\":{\"@type\":\"EntryPoint\",\"urlTemplate\":\"https:\\\/\\\/www.jimprimeenfrance.fr\\\/blog\\\/?s={search_term_string}\"},\"query-input\":{\"@type\":\"PropertyValueSpecification\",\"valueRequired\":true,\"valueName\":\"search_term_string\"}}],\"inLanguage\":\"fr-FR\"},{\"@type\":\"Organization\",\"@id\":\"https:\\\/\\\/www.jimprimeenfrance.fr\\\/blog\\\/#organization\",\"name\":\"PrintBasPrix - Imprimerie en ligne\",\"url\":\"https:\\\/\\\/www.jimprimeenfrance.fr\\\/blog\\\/\",\"logo\":{\"@type\":\"ImageObject\",\"inLanguage\":\"fr-FR\",\"@id\":\"https:\\\/\\\/www.jimprimeenfrance.fr\\\/blog\\\/#\\\/schema\\\/logo\\\/image\\\/\",\"url\":\"https:\\\/\\\/www.jimprimeenfrance.fr\\\/blog\\\/wp-content\\\/uploads\\\/2018\\\/07\\\/cropped-printbasprix-imprimeur-en-ligne.png\",\"contentUrl\":\"https:\\\/\\\/www.jimprimeenfrance.fr\\\/blog\\\/wp-content\\\/uploads\\\/2018\\\/07\\\/cropped-printbasprix-imprimeur-en-ligne.png\",\"width\":361,\"height\":86,\"caption\":\"PrintBasPrix - Imprimerie en ligne\"},\"image\":{\"@id\":\"https:\\\/\\\/www.jimprimeenfrance.fr\\\/blog\\\/#\\\/schema\\\/logo\\\/image\\\/\"},\"sameAs\":[\"https:\\\/\\\/www.facebook.com\\\/PrintBasPrix\",\"https:\\\/\\\/x.com\\\/PrintBasPrix\",\"https:\\\/\\\/www.instagram.com\\\/printbasprix\\\/\",\"https:\\\/\\\/www.linkedin.com\\\/company\\\/printbasprix\\\/\",\"https:\\\/\\\/www.youtube.com\\\/channel\\\/UC0Ysbd0Gbzzp0yMgrfNQqug\"]},{\"@type\":\"Person\",\"@id\":\"https:\\\/\\\/www.jimprimeenfrance.fr\\\/blog\\\/#\\\/schema\\\/person\\\/711bdd00fc82a687615940c5ae0b412c\",\"name\":\"PrintBasPrix Imprimerie en ligne\",\"image\":{\"@type\":\"ImageObject\",\"inLanguage\":\"fr-FR\",\"@id\":\"https:\\\/\\\/secure.gravatar.com\\\/avatar\\\/e898f6c9f447b2b28a568c2fec45e0fef703b12c4f80de6258e9bcb2e61aaf27?s=96&r=g\",\"url\":\"https:\\\/\\\/secure.gravatar.com\\\/avatar\\\/e898f6c9f447b2b28a568c2fec45e0fef703b12c4f80de6258e9bcb2e61aaf27?s=96&r=g\",\"contentUrl\":\"https:\\\/\\\/secure.gravatar.com\\\/avatar\\\/e898f6c9f447b2b28a568c2fec45e0fef703b12c4f80de6258e9bcb2e61aaf27?s=96&r=g\",\"caption\":\"PrintBasPrix Imprimerie en ligne\"},\"url\":\"https:\\\/\\\/www.jimprimeenfrance.fr\\\/blog\\\/author\\\/printbasprix-imprimerie-en-ligne\\\/\"}]}<\/script>\r\n<!-- \/ Yoast SEO plugin. -->","yoast_head_json":{"title":"R\u00e9ussir les soldes d'\u00e9t\u00e9 est un imp\u00e9ratif pour tous les commerces de d\u00e9tail","description":"Les soldes d'\u00e9t\u00e9 permettent de r\u00e9aliser une part importante du chiffre d'affaires de l'ann\u00e9e. Elles doivent donc \u00eatre pr\u00e9par\u00e9es avec soin.","robots":{"index":"index","follow":"follow","max-snippet":"max-snippet:-1","max-image-preview":"max-image-preview:large","max-video-preview":"max-video-preview:-1"},"canonical":"https:\/\/www.jimprimeenfrance.fr\/blog\/preparer-communication-reussir-soldes-ete\/","og_locale":"fr_FR","og_type":"article","og_title":"R\u00e9ussir les soldes d'\u00e9t\u00e9 est un imp\u00e9ratif pour tous les commerces de d\u00e9tail","og_description":"Les soldes d'\u00e9t\u00e9 permettent de r\u00e9aliser une part importante du chiffre d'affaires de l'ann\u00e9e. Elles doivent donc \u00eatre pr\u00e9par\u00e9es avec soin.","og_url":"https:\/\/www.jimprimeenfrance.fr\/blog\/preparer-communication-reussir-soldes-ete\/","og_site_name":"Votre imprimerie en ligne, le blog","article_publisher":"https:\/\/www.facebook.com\/PrintBasPrix","article_published_time":"2020-06-03T06:30:20+00:00","og_image":[{"width":1500,"height":400,"url":"https:\/\/www.jimprimeenfrance.fr\/blog\/wp-content\/uploads\/2020\/06\/r\u00e9ussir-ses-soldes-d\u00e9t\u00e9.jpg","type":"image\/jpeg"}],"author":"PrintBasPrix Imprimerie en ligne","twitter_card":"summary_large_image","twitter_creator":"@PrintBasPrix","twitter_site":"@PrintBasPrix","twitter_misc":{"\u00c9crit par":"PrintBasPrix Imprimerie en ligne","Dur\u00e9e de lecture estim\u00e9e":"8 minutes"},"schema":{"@context":"https:\/\/schema.org","@graph":[{"@type":"Article","@id":"https:\/\/www.jimprimeenfrance.fr\/blog\/preparer-communication-reussir-soldes-ete\/#article","isPartOf":{"@id":"https:\/\/www.jimprimeenfrance.fr\/blog\/preparer-communication-reussir-soldes-ete\/"},"author":{"name":"PrintBasPrix Imprimerie en ligne","@id":"https:\/\/www.jimprimeenfrance.fr\/blog\/#\/schema\/person\/711bdd00fc82a687615940c5ae0b412c"},"headline":"Pr\u00e9parer sa communication pour r\u00e9ussir ses soldes d&rsquo;\u00e9t\u00e9","datePublished":"2020-06-03T06:30:20+00:00","mainEntityOfPage":{"@id":"https:\/\/www.jimprimeenfrance.fr\/blog\/preparer-communication-reussir-soldes-ete\/"},"wordCount":1711,"commentCount":0,"publisher":{"@id":"https:\/\/www.jimprimeenfrance.fr\/blog\/#organization"},"image":{"@id":"https:\/\/www.jimprimeenfrance.fr\/blog\/preparer-communication-reussir-soldes-ete\/#primaryimage"},"thumbnailUrl":"https:\/\/www.jimprimeenfrance.fr\/blog\/wp-content\/uploads\/2020\/06\/r\u00e9ussir-ses-soldes-d\u00e9t\u00e9.jpg","keywords":["communication soldes d'\u00e9t\u00e9","dates soldes d'\u00e9t\u00e9","dur\u00e9e soldes d'\u00e9t\u00e9","rendement soldes d'\u00e9t\u00e9","soldes d'\u00e9t\u00e9"],"articleSection":["Affiche","Brochure","Catalogue","D\u00e9pliant","Flyer"],"inLanguage":"fr-FR","potentialAction":[{"@type":"CommentAction","name":"Comment","target":["https:\/\/www.jimprimeenfrance.fr\/blog\/preparer-communication-reussir-soldes-ete\/#respond"]}]},{"@type":"WebPage","@id":"https:\/\/www.jimprimeenfrance.fr\/blog\/preparer-communication-reussir-soldes-ete\/","url":"https:\/\/www.jimprimeenfrance.fr\/blog\/preparer-communication-reussir-soldes-ete\/","name":"R\u00e9ussir les soldes d'\u00e9t\u00e9 est un imp\u00e9ratif pour tous les commerces de d\u00e9tail","isPartOf":{"@id":"https:\/\/www.jimprimeenfrance.fr\/blog\/#website"},"primaryImageOfPage":{"@id":"https:\/\/www.jimprimeenfrance.fr\/blog\/preparer-communication-reussir-soldes-ete\/#primaryimage"},"image":{"@id":"https:\/\/www.jimprimeenfrance.fr\/blog\/preparer-communication-reussir-soldes-ete\/#primaryimage"},"thumbnailUrl":"https:\/\/www.jimprimeenfrance.fr\/blog\/wp-content\/uploads\/2020\/06\/r\u00e9ussir-ses-soldes-d\u00e9t\u00e9.jpg","datePublished":"2020-06-03T06:30:20+00:00","description":"Les soldes d'\u00e9t\u00e9 permettent de r\u00e9aliser une part importante du chiffre d'affaires de l'ann\u00e9e. Elles doivent donc \u00eatre pr\u00e9par\u00e9es avec soin.","breadcrumb":{"@id":"https:\/\/www.jimprimeenfrance.fr\/blog\/preparer-communication-reussir-soldes-ete\/#breadcrumb"},"inLanguage":"fr-FR","potentialAction":[{"@type":"ReadAction","target":["https:\/\/www.jimprimeenfrance.fr\/blog\/preparer-communication-reussir-soldes-ete\/"]}]},{"@type":"ImageObject","inLanguage":"fr-FR","@id":"https:\/\/www.jimprimeenfrance.fr\/blog\/preparer-communication-reussir-soldes-ete\/#primaryimage","url":"https:\/\/www.jimprimeenfrance.fr\/blog\/wp-content\/uploads\/2020\/06\/r\u00e9ussir-ses-soldes-d\u00e9t\u00e9.jpg","contentUrl":"https:\/\/www.jimprimeenfrance.fr\/blog\/wp-content\/uploads\/2020\/06\/r\u00e9ussir-ses-soldes-d\u00e9t\u00e9.jpg","width":1500,"height":400,"caption":"r\u00e9ussir ses soldes d'\u00e9t\u00e9"},{"@type":"BreadcrumbList","@id":"https:\/\/www.jimprimeenfrance.fr\/blog\/preparer-communication-reussir-soldes-ete\/#breadcrumb","itemListElement":[{"@type":"ListItem","position":1,"name":"Accueil","item":"https:\/\/www.jimprimeenfrance.fr\/blog\/"},{"@type":"ListItem","position":2,"name":"Pr\u00e9parer sa communication pour r\u00e9ussir ses soldes d&rsquo;\u00e9t\u00e9"}]},{"@type":"WebSite","@id":"https:\/\/www.jimprimeenfrance.fr\/blog\/#website","url":"https:\/\/www.jimprimeenfrance.fr\/blog\/","name":"Votre imprimerie en ligne, le blog","description":"Impressionnez et faites bonne impression avec nos conseils d&#039;imprimerie online","publisher":{"@id":"https:\/\/www.jimprimeenfrance.fr\/blog\/#organization"},"potentialAction":[{"@type":"SearchAction","target":{"@type":"EntryPoint","urlTemplate":"https:\/\/www.jimprimeenfrance.fr\/blog\/?s={search_term_string}"},"query-input":{"@type":"PropertyValueSpecification","valueRequired":true,"valueName":"search_term_string"}}],"inLanguage":"fr-FR"},{"@type":"Organization","@id":"https:\/\/www.jimprimeenfrance.fr\/blog\/#organization","name":"PrintBasPrix - Imprimerie en ligne","url":"https:\/\/www.jimprimeenfrance.fr\/blog\/","logo":{"@type":"ImageObject","inLanguage":"fr-FR","@id":"https:\/\/www.jimprimeenfrance.fr\/blog\/#\/schema\/logo\/image\/","url":"https:\/\/www.jimprimeenfrance.fr\/blog\/wp-content\/uploads\/2018\/07\/cropped-printbasprix-imprimeur-en-ligne.png","contentUrl":"https:\/\/www.jimprimeenfrance.fr\/blog\/wp-content\/uploads\/2018\/07\/cropped-printbasprix-imprimeur-en-ligne.png","width":361,"height":86,"caption":"PrintBasPrix - Imprimerie en ligne"},"image":{"@id":"https:\/\/www.jimprimeenfrance.fr\/blog\/#\/schema\/logo\/image\/"},"sameAs":["https:\/\/www.facebook.com\/PrintBasPrix","https:\/\/x.com\/PrintBasPrix","https:\/\/www.instagram.com\/printbasprix\/","https:\/\/www.linkedin.com\/company\/printbasprix\/","https:\/\/www.youtube.com\/channel\/UC0Ysbd0Gbzzp0yMgrfNQqug"]},{"@type":"Person","@id":"https:\/\/www.jimprimeenfrance.fr\/blog\/#\/schema\/person\/711bdd00fc82a687615940c5ae0b412c","name":"PrintBasPrix Imprimerie en ligne","image":{"@type":"ImageObject","inLanguage":"fr-FR","@id":"https:\/\/secure.gravatar.com\/avatar\/e898f6c9f447b2b28a568c2fec45e0fef703b12c4f80de6258e9bcb2e61aaf27?s=96&r=g","url":"https:\/\/secure.gravatar.com\/avatar\/e898f6c9f447b2b28a568c2fec45e0fef703b12c4f80de6258e9bcb2e61aaf27?s=96&r=g","contentUrl":"https:\/\/secure.gravatar.com\/avatar\/e898f6c9f447b2b28a568c2fec45e0fef703b12c4f80de6258e9bcb2e61aaf27?s=96&r=g","caption":"PrintBasPrix Imprimerie en ligne"},"url":"https:\/\/www.jimprimeenfrance.fr\/blog\/author\/printbasprix-imprimerie-en-ligne\/"}]}},"_links":{"self":[{"href":"https:\/\/www.jimprimeenfrance.fr\/blog\/wp-json\/wp\/v2\/posts\/4294","targetHints":{"allow":["GET"]}}],"collection":[{"href":"https:\/\/www.jimprimeenfrance.fr\/blog\/wp-json\/wp\/v2\/posts"}],"about":[{"href":"https:\/\/www.jimprimeenfrance.fr\/blog\/wp-json\/wp\/v2\/types\/post"}],"author":[{"embeddable":true,"href":"https:\/\/www.jimprimeenfrance.fr\/blog\/wp-json\/wp\/v2\/users\/4"}],"replies":[{"embeddable":true,"href":"https:\/\/www.jimprimeenfrance.fr\/blog\/wp-json\/wp\/v2\/comments?post=4294"}],"version-history":[{"count":33,"href":"https:\/\/www.jimprimeenfrance.fr\/blog\/wp-json\/wp\/v2\/posts\/4294\/revisions"}],"predecessor-version":[{"id":4335,"href":"https:\/\/www.jimprimeenfrance.fr\/blog\/wp-json\/wp\/v2\/posts\/4294\/revisions\/4335"}],"wp:featuredmedia":[{"embeddable":true,"href":"https:\/\/www.jimprimeenfrance.fr\/blog\/wp-json\/wp\/v2\/media\/4331"}],"wp:attachment":[{"href":"https:\/\/www.jimprimeenfrance.fr\/blog\/wp-json\/wp\/v2\/media?parent=4294"}],"wp:term":[{"taxonomy":"category","embeddable":true,"href":"https:\/\/www.jimprimeenfrance.fr\/blog\/wp-json\/wp\/v2\/categories?post=4294"},{"taxonomy":"post_tag","embeddable":true,"href":"https:\/\/www.jimprimeenfrance.fr\/blog\/wp-json\/wp\/v2\/tags?post=4294"}],"curies":[{"name":"wp","href":"https:\/\/api.w.org\/{rel}","templated":true}]}}