{"id":3996,"date":"2020-04-08T08:31:17","date_gmt":"2020-04-08T06:31:17","guid":{"rendered":"https:\/\/www.jimprimeenfrance.fr\/blog\/?p=3996"},"modified":"2020-04-08T16:18:39","modified_gmt":"2020-04-08T14:18:39","slug":"comment-decorer-interieur-affiche-decorative-personnalisee","status":"publish","type":"post","link":"https:\/\/www.jimprimeenfrance.fr\/blog\/comment-decorer-interieur-affiche-decorative-personnalisee\/","title":{"rendered":"Comment d\u00e9corer son int\u00e9rieur avec une affiche d\u00e9corative personnalis\u00e9e"},"content":{"rendered":"<p style=\"text-align: justify;\">Une affiche d\u00e9corative est un \u00e9l\u00e9ment incontournable de la d\u00e9coration int\u00e9rieure. C&rsquo;est m\u00eame un des \u00e9l\u00e9ments indispensables pour rendre un logement plus agr\u00e9able \u00e0 vivre.\u00a0Pourtant, les choix dans ce domaine sont innombrables.<\/p>\n<p style=\"text-align: justify;\">En effet, quand on s&rsquo;int\u00e9resse \u00e0<strong> sa d\u00e9coration int\u00e9rieure pour mieux vivre chez soi<\/strong>, on d\u00e9couvre alors le nombre incroyable de possibilit\u00e9s offertes. De quoi s&rsquo;y perdre un peu. Comment choisir ?<\/p>\n<p style=\"text-align: justify;\">Disons-le.\u00a0 Pour faire le meilleur choix dans votre d\u00e9coration int\u00e9rieure, le mieux est de vous\u00a0 laisser guider par ce qui vous attire le plus.<\/p>\n<p>Et l\u00e0, il y a de fortes chances pour que ce soit par une affiche<\/p>\n<p style=\"text-align: justify;\">Voyons donc <strong>comment choisir l&rsquo;affiche d\u00e9corative qu&rsquo;il vous faut<\/strong>. Celle que vous aurez plaisir \u00e0 regarder. Jour apr\u00e8s jour. Sans jamais vous en lasser.<\/p>\n<p>&nbsp;<\/p>\n<h2>Choisir un type d&rsquo;affiche d\u00e9corative<\/h2>\n<p style=\"text-align: justify;\">Vous avez d\u00e9cid\u00e9 de mettre une affiche pour d\u00e9corer un des murs de votre logement. Vous avez raison. C&rsquo;est<strong> un des choix les plus simples et les plus faciles<\/strong> \u00e0 mettre en \u0153uvre.<\/p>\n<p style=\"text-align: justify;\">La plupart du temps, vous n&rsquo;avez absolument pas besoin de percer des trous dans votre mur pour la fixer. Donc, pas de perceuse, pas de chevilles et pas de trous \u00e0 reboucher, quand on d\u00e9m\u00e9nage.<\/p>\n<p style=\"text-align: justify;\">C&rsquo;est aussi <strong>un des choix les moins co\u00fbteux<\/strong>. Quel que soit le type d&rsquo;affiche que vous choisissez, vous pouvez avoir cette affiche pour quelques euros seulement.<\/p>\n<p>Et comme vous avez le choix entre trois grands types d&rsquo;affiche, vous pouvez vraiment avoir l&rsquo;affiche d\u00e9corative qui vous convient le mieux. En effet, vous avez le choix entre :<\/p>\n<ul>\n<li>Le <strong>poster photographique<\/strong>. Vous prenez une de vos photos et vous vous adressez \u00e0 un des nombreux sites web sp\u00e9cialis\u00e9s pour en faire un poster aux dimensions et avec les finitions voulues.<\/li>\n<\/ul>\n<p>&nbsp;<\/p>\n<p>&nbsp;<\/p>\n<figure id=\"attachment_4034\" aria-describedby=\"caption-attachment-4034\" style=\"width: 709px\" class=\"wp-caption aligncenter\"><img loading=\"lazy\" decoding=\"async\" class=\" wp-image-4034\" src=\"https:\/\/www.jimprimeenfrance.fr\/blog\/wp-content\/uploads\/2020\/04\/Choisir-un-type-daffiche-d\u00e9corative-300x207.jpg\" alt=\"Choisir un type d'affiche d\u00e9corative\" width=\"709\" height=\"489\" srcset=\"https:\/\/www.jimprimeenfrance.fr\/blog\/wp-content\/uploads\/2020\/04\/Choisir-un-type-daffiche-d\u00e9corative-300x207.jpg 300w, https:\/\/www.jimprimeenfrance.fr\/blog\/wp-content\/uploads\/2020\/04\/Choisir-un-type-daffiche-d\u00e9corative-768x530.jpg 768w, https:\/\/www.jimprimeenfrance.fr\/blog\/wp-content\/uploads\/2020\/04\/Choisir-un-type-daffiche-d\u00e9corative.jpg 1000w\" sizes=\"auto, (max-width: 709px) 100vw, 709px\" \/><figcaption id=\"caption-attachment-4034\" class=\"wp-caption-text\">Choisir un type d&rsquo;affiche d\u00e9corative<\/figcaption><\/figure>\n<p>&nbsp;<\/p>\n<p>&nbsp;<\/p>\n<ul>\n<li>L&rsquo;<strong>affiche d\u00e9corative pr\u00eate \u00e0 l&#8217;emploi<\/strong>. Vous pouvez la commander par internet ou vous rendre dans l&rsquo;un de ces nombreux points de vente sp\u00e9cialis\u00e9s dans l&rsquo;\u00e9quipement de la maison. A noter que ces derniers ont \u00e9galement, la plupart du temps, des sites web.<\/li>\n<\/ul>\n<p>&nbsp;<\/p>\n<figure id=\"attachment_4032\" aria-describedby=\"caption-attachment-4032\" style=\"width: 697px\" class=\"wp-caption aligncenter\"><img loading=\"lazy\" decoding=\"async\" class=\" wp-image-4032\" src=\"https:\/\/www.jimprimeenfrance.fr\/blog\/wp-content\/uploads\/2020\/04\/Laffiche-d\u00e9corative-pr\u00eate-\u00e0-lemploi.-300x188.jpg\" alt=\"L'affiche d\u00e9corative pr\u00eate \u00e0 l'emploi.\" width=\"697\" height=\"437\" srcset=\"https:\/\/www.jimprimeenfrance.fr\/blog\/wp-content\/uploads\/2020\/04\/Laffiche-d\u00e9corative-pr\u00eate-\u00e0-lemploi.-300x188.jpg 300w, https:\/\/www.jimprimeenfrance.fr\/blog\/wp-content\/uploads\/2020\/04\/Laffiche-d\u00e9corative-pr\u00eate-\u00e0-lemploi.-768x480.jpg 768w, https:\/\/www.jimprimeenfrance.fr\/blog\/wp-content\/uploads\/2020\/04\/Laffiche-d\u00e9corative-pr\u00eate-\u00e0-lemploi..jpg 900w\" sizes=\"auto, (max-width: 697px) 100vw, 697px\" \/><figcaption id=\"caption-attachment-4032\" class=\"wp-caption-text\">L&rsquo;affiche d\u00e9corative pr\u00eate \u00e0 l&#8217;emploi.<\/figcaption><\/figure>\n<p>&nbsp;<\/p>\n<ul>\n<li>L&rsquo;<strong>affiche d\u00e9corative personnalis\u00e9e<\/strong>. On y pense moins, mais c&rsquo;est pourtant celle o\u00f9 on peut faire preuve de beaucoup d&rsquo;originalit\u00e9. Toujours au moindre co\u00fbt.<\/li>\n<\/ul>\n<p>&nbsp;<\/p>\n<figure id=\"attachment_4029\" aria-describedby=\"caption-attachment-4029\" style=\"width: 383px\" class=\"wp-caption aligncenter\"><img loading=\"lazy\" decoding=\"async\" class=\" wp-image-4029\" src=\"https:\/\/www.jimprimeenfrance.fr\/blog\/wp-content\/uploads\/2020\/04\/Laffiche-d\u00e9corative-personnalis\u00e9e-212x300.jpg\" alt=\"L'affiche d\u00e9corative personnalis\u00e9e.\" width=\"383\" height=\"542\" srcset=\"https:\/\/www.jimprimeenfrance.fr\/blog\/wp-content\/uploads\/2020\/04\/Laffiche-d\u00e9corative-personnalis\u00e9e-212x300.jpg 212w, https:\/\/www.jimprimeenfrance.fr\/blog\/wp-content\/uploads\/2020\/04\/Laffiche-d\u00e9corative-personnalis\u00e9e.jpg 600w\" sizes=\"auto, (max-width: 383px) 100vw, 383px\" \/><figcaption id=\"caption-attachment-4029\" class=\"wp-caption-text\">L&rsquo;affiche d\u00e9corative personnalis\u00e9e.<\/figcaption><\/figure>\n<p>&nbsp;<\/p>\n<h2>Comment faire une affiche d\u00e9corative personnalis\u00e9e<\/h2>\n<h3>Pourquoi choisir une affiche d\u00e9corative personnalis\u00e9e<\/h3>\n<p style=\"text-align: justify;\">\u00c9videmment, faire faire un poster \u00e0 partir d&rsquo;une de ses photos ou acheter une affiche d\u00e9corative toute pr\u00eate est extr\u00eamement facile.<\/p>\n<p style=\"text-align: justify;\">Mais, l&rsquo;affiche d\u00e9corative personnalis\u00e9e, gu\u00e8re plus longue \u00e0 concevoir, est souvent plus originale et adapt\u00e9e \u00e0 ce que l&rsquo;on recherche. Et, en faisant ce choix, aucun risque de lassitude ou de banalit\u00e9.<\/p>\n<p style=\"text-align: justify;\">Sa r\u00e9alisation est, en r\u00e9alit\u00e9, tout aussi facile que celle d&rsquo;un poster photographique et ne prend pas plus de temps que de faire le tour des points de vente sp\u00e9cialis\u00e9s pour trouver la bonne d\u00e9co.<\/p>\n<h3>Comment faire une affiche d\u00e9corative personnalis\u00e9e<\/h3>\n<p>Il y a le fond et il y a la forme.<\/p>\n<h4>Trouver une belle photo \u00e0 t\u00e9l\u00e9charger<\/h4>\n<p style=\"text-align: justify;\">Pour le fond, cela revient \u00e0 d\u00e9terminer le sujet de son affiche. S&rsquo;agit-il d&rsquo;une affiche uniquement avec une illustration ou une illustration avec un texte, une citation, par exemple ?<\/p>\n<p style=\"text-align: justify;\">Tout le monde n&rsquo;a pas le talent d&rsquo;un dessinateur chevronn\u00e9, mais il est \u00e0 la port\u00e9e de chacun de trouver une belle photo d&rsquo;un photographe professionnel. A d\u00e9faut d&rsquo;en avoir une de qualit\u00e9 dans ses fichiers personnels. En effet, il existe de nombreux sites pour cela. Beaucoup sont payants, mais un certain nombre comme <a href=\"https:\/\/unsplash.com\/\" target=\"_blank\" rel=\"noopener noreferrer\">Unsplash<\/a> , <a href=\"https:\/\/pixabay.com\/fr\/\" target=\"_blank\" rel=\"noopener noreferrer\">pixabay<\/a>, <a href=\"https:\/\/www.pexels.com\/\" target=\"_blank\" rel=\"noopener noreferrer\">pexels<\/a> sont gratuits.<\/p>\n<p>&nbsp;<\/p>\n<p>&nbsp;<\/p>\n<figure id=\"attachment_4036\" aria-describedby=\"caption-attachment-4036\" style=\"width: 893px\" class=\"wp-caption aligncenter\"><img loading=\"lazy\" decoding=\"async\" class=\" wp-image-4036\" src=\"https:\/\/www.jimprimeenfrance.fr\/blog\/wp-content\/uploads\/2020\/04\/Trouver-une-belle-photo-\u00e0-t\u00e9l\u00e9charger-300x130.jpg\" alt=\"Trouver une belle photo \u00e0 t\u00e9l\u00e9charger\" width=\"893\" height=\"387\" srcset=\"https:\/\/www.jimprimeenfrance.fr\/blog\/wp-content\/uploads\/2020\/04\/Trouver-une-belle-photo-\u00e0-t\u00e9l\u00e9charger-300x130.jpg 300w, https:\/\/www.jimprimeenfrance.fr\/blog\/wp-content\/uploads\/2020\/04\/Trouver-une-belle-photo-\u00e0-t\u00e9l\u00e9charger-768x333.jpg 768w, https:\/\/www.jimprimeenfrance.fr\/blog\/wp-content\/uploads\/2020\/04\/Trouver-une-belle-photo-\u00e0-t\u00e9l\u00e9charger.jpg 1000w\" sizes=\"auto, (max-width: 893px) 100vw, 893px\" \/><figcaption id=\"caption-attachment-4036\" class=\"wp-caption-text\">Trouver une belle photo \u00e0 t\u00e9l\u00e9charger<\/figcaption><\/figure>\n<p>&nbsp;<\/p>\n<p>&nbsp;<\/p>\n<p style=\"text-align: justify;\">A noter que si on choisit une photo personnelle, il convient de veiller \u00e0 ce que sa r\u00e9solution soit <strong>au moins de 300 DPI.<\/strong> Cela pour \u00eatre certain d&rsquo;avoir un rendu convenable.<\/p>\n<p style=\"text-align: justify;\">Pour ce qui est des citations, si on est en panne d&rsquo;inspiration et qu&rsquo;on n&rsquo;a pas d&rsquo;auteurs pr\u00e9f\u00e9r\u00e9s, on peut aussi se rendre sur un des nombreux sites sp\u00e9cialis\u00e9s, comme par exemple, <a href=\"https:\/\/www.citations.com\/\" target=\"_blank\" rel=\"noopener noreferrer\">citations.com<\/a>.<\/p>\n<p style=\"text-align: justify;\">Une fois le\u00a0\u00bb fond\u00a0\u00bb de l&rsquo;affiche d\u00e9corative d\u00e9termin\u00e9, il ne reste plus qu&rsquo;\u00e0 l&rsquo;enregistrer dans un fichier PDF.<\/p>\n<h4 style=\"text-align: justify;\">Mettre au point le format de son affiche d\u00e9corative<\/h4>\n<p style=\"text-align: justify;\">A ce stade, on se pr\u00e9occupe avant tout de la forme que l&rsquo;on va donner \u00e0 son affiche d\u00e9corative. Qui dit forme, dit choix du format, choix du papier et choix des finitions. Le format d&rsquo;une affiche peut aller du format A4, le plus petit, au format A0, le plus grand. Le plus souvent, les affiches d\u00e9coratives ont un format interm\u00e9diaire, 70 x 100 cm.<\/p>\n<p style=\"text-align: justify;\">Quant au papier, les imprimeurs professionnels proposent, en g\u00e9n\u00e9ral, un papier 135 gr, couch\u00e9 mat ou couch\u00e9 brillant.<\/p>\n<p>&nbsp;<\/p>\n<p>&nbsp;<\/p>\n<h3>O\u00f9 faire r\u00e9aliser son affiche d\u00e9corative personnalis\u00e9e ?<\/h3>\n<p style=\"text-align: justify;\">Avec internet, nul besoin de se d\u00e9placer. On peut tr\u00e8s bien faire <strong>imprimer en ligne<\/strong> son affiche d\u00e9corative personnalis\u00e9e. Il est souhaitable de choisir un site qui \u00e9mane d&rsquo;un<strong> imprimeur professionnel<\/strong>, implant\u00e9 en France, de pr\u00e9f\u00e9rence.<\/p>\n<p style=\"text-align: justify;\">D&rsquo;autant que de tels sites professionnels, contrairement \u00e0 ce que l&rsquo;on pourrait croire, permette une <a href=\"https:\/\/www.jimprimeenfrance.fr\/impression-affiche-70x100\" target=\"_blank\" rel=\"noopener noreferrer\">impression pas ch\u00e8re \u00e0 l&rsquo;unit\u00e9<\/a>. Et puis, si vraiment vous voulez quelque chose de tr\u00e8s travaill\u00e9, de totalement unique, autrement dit, une <strong>quasi \u0153uvre d&rsquo;art<\/strong>, ces m\u00eames sites peuvent vous faire accompagner par leur <a href=\"https:\/\/www.jimprimeenfrance.fr\/creation\" target=\"_blank\" rel=\"noopener noreferrer\">studio graphique.<\/a><\/p>\n<p>&nbsp;<\/p>\n<figure id=\"attachment_4040\" aria-describedby=\"caption-attachment-4040\" style=\"width: 529px\" class=\"wp-caption aligncenter\"><a href=\"https:\/\/www.jimprimeenfrance.fr\/impression-affiche-40x60\" target=\"_blank\" rel=\"noopener noreferrer\"><img loading=\"lazy\" decoding=\"async\" class=\" wp-image-4040\" src=\"https:\/\/www.jimprimeenfrance.fr\/blog\/wp-content\/uploads\/2020\/04\/faire-r\u00e9aliser-son-affiche-d\u00e9corative-personnalis\u00e9e-300x300.jpg\" alt=\"faire r\u00e9aliser son affiche d\u00e9corative personnalis\u00e9e\" width=\"529\" height=\"529\" srcset=\"https:\/\/www.jimprimeenfrance.fr\/blog\/wp-content\/uploads\/2020\/04\/faire-r\u00e9aliser-son-affiche-d\u00e9corative-personnalis\u00e9e-300x300.jpg 300w, https:\/\/www.jimprimeenfrance.fr\/blog\/wp-content\/uploads\/2020\/04\/faire-r\u00e9aliser-son-affiche-d\u00e9corative-personnalis\u00e9e-150x150.jpg 150w, https:\/\/www.jimprimeenfrance.fr\/blog\/wp-content\/uploads\/2020\/04\/faire-r\u00e9aliser-son-affiche-d\u00e9corative-personnalis\u00e9e-768x768.jpg 768w, https:\/\/www.jimprimeenfrance.fr\/blog\/wp-content\/uploads\/2020\/04\/faire-r\u00e9aliser-son-affiche-d\u00e9corative-personnalis\u00e9e-400x400.jpg 400w, https:\/\/www.jimprimeenfrance.fr\/blog\/wp-content\/uploads\/2020\/04\/faire-r\u00e9aliser-son-affiche-d\u00e9corative-personnalis\u00e9e.jpg 800w\" sizes=\"auto, (max-width: 529px) 100vw, 529px\" \/><\/a><figcaption id=\"caption-attachment-4040\" class=\"wp-caption-text\">Faire r\u00e9aliser son affiche d\u00e9corative personnalis\u00e9e pour 12\u20ac livraison gratuite !<\/figcaption><\/figure>\n<p>&nbsp;<\/p>\n<p style=\"text-align: justify;\">Une fois la commande pass\u00e9e, la livraison et la r\u00e9ception peuvent \u00eatre tr\u00e8s rapides. Ne reste plus alors qu&rsquo;\u00e0 installer sa nouvelle d\u00e9co sur le mur de son choix. On l&rsquo;a vu, cela ne demande aucune pr\u00e9paration particuli\u00e8re du mur choisi pour la recevoir.<\/p>\n<p style=\"text-align: justify;\">Mais, si vous voulez bien la mettre en valeur, il faudra peut-\u00eatre l&rsquo;encadrer, mais ce n&rsquo;est pas oblig\u00e9. Et, de toute fa\u00e7on, \u00e7a reste une op\u00e9ration tr\u00e8s simple, avec des baguettes de suspension, entre autres.<\/p>\n<p style=\"text-align: justify;\">Une chose est certaine.\u00a0 Cette nouvelle d\u00e9co ne peut \u00eatre qu&rsquo;une d\u00e9co doublement singuli\u00e8re. D&rsquo;abord parce qu&rsquo;elle a \u00e9t\u00e9 r\u00e9alis\u00e9e par vous-m\u00eame et que sa conception est totalement originale. Une double raison pour en \u00eatre fier et heureux de pouvoir la contempler.<\/p>\n","protected":false},"excerpt":{"rendered":"<p>Une affiche d\u00e9corative est un \u00e9l\u00e9ment incontournable de la d\u00e9coration int\u00e9rieure. C&rsquo;est m\u00eame un des \u00e9l\u00e9ments indispensables pour rendre un logement plus agr\u00e9able \u00e0 vivre.\u00a0Pourtant, les choix dans ce domaine sont innombrables. En effet, quand on s&rsquo;int\u00e9resse \u00e0 sa d\u00e9coration int\u00e9rieure pour mieux vivre chez soi, on d\u00e9couvre alors le nombre incroyable de possibilit\u00e9s offertes. [&hellip;]<\/p>\n","protected":false},"author":4,"featured_media":4043,"comment_status":"open","ping_status":"open","sticky":false,"template":"","format":"standard","meta":{"_editorskit_title_hidden":false,"_editorskit_reading_time":0,"_editorskit_is_block_options_detached":false,"_editorskit_block_options_position":"{}","footnotes":""},"categories":[3],"tags":[340,339,338],"class_list":["post-3996","post","type-post","status-publish","format-standard","has-post-thumbnail","hentry","category-affiche","tag-affiche-dinterieur","tag-affiche-decorative-personnalisee","tag-decoration-interieure"],"yoast_head":"<!-- This site is optimized with the Yoast SEO plugin v27.5 - https:\/\/yoast.com\/product\/yoast-seo-wordpress\/ -->\r\n<title>Une affiche d\u00e9corative personnalis\u00e9e, c&#039;est l&#039;id\u00e9al en d\u00e9coration int\u00e9rieure<\/title>\r\n<meta name=\"description\" content=\"Une affiche d\u00e9corative personnalis\u00e9e est simple \u00e0 concevoir et \u00e0 r\u00e9aliser au moindre co\u00fbt. Et, elle prend facilement place dans un int\u00e9rieur.\" \/>\r\n<meta name=\"robots\" content=\"index, follow, max-snippet:-1, max-image-preview:large, max-video-preview:-1\" \/>\r\n<link rel=\"canonical\" href=\"https:\/\/www.jimprimeenfrance.fr\/blog\/comment-decorer-interieur-affiche-decorative-personnalisee\/\" \/>\r\n<meta property=\"og:locale\" content=\"fr_FR\" \/>\r\n<meta property=\"og:type\" content=\"article\" \/>\r\n<meta property=\"og:title\" content=\"Une affiche d\u00e9corative personnalis\u00e9e, c&#039;est l&#039;id\u00e9al en d\u00e9coration int\u00e9rieure\" \/>\r\n<meta property=\"og:description\" content=\"Une affiche d\u00e9corative personnalis\u00e9e est simple \u00e0 concevoir et \u00e0 r\u00e9aliser au moindre co\u00fbt. Et, elle prend facilement place dans un int\u00e9rieur.\" \/>\r\n<meta property=\"og:url\" content=\"https:\/\/www.jimprimeenfrance.fr\/blog\/comment-decorer-interieur-affiche-decorative-personnalisee\/\" \/>\r\n<meta property=\"og:site_name\" content=\"Votre imprimerie en ligne, le blog\" \/>\r\n<meta property=\"article:publisher\" content=\"https:\/\/www.facebook.com\/PrintBasPrix\" \/>\r\n<meta property=\"article:published_time\" content=\"2020-04-08T06:31:17+00:00\" \/>\r\n<meta property=\"article:modified_time\" content=\"2020-04-08T14:18:39+00:00\" \/>\r\n<meta property=\"og:image\" content=\"https:\/\/www.jimprimeenfrance.fr\/blog\/wp-content\/uploads\/2020\/04\/Comment-d\u00e9corer-son-int\u00e9rieur_affiche.jpg\" \/>\r\n\t<meta property=\"og:image:width\" content=\"1500\" \/>\r\n\t<meta property=\"og:image:height\" content=\"450\" \/>\r\n\t<meta property=\"og:image:type\" content=\"image\/jpeg\" \/>\r\n<meta name=\"author\" content=\"PrintBasPrix Imprimerie en ligne\" \/>\r\n<meta name=\"twitter:card\" content=\"summary_large_image\" \/>\r\n<meta name=\"twitter:creator\" content=\"@PrintBasPrix\" \/>\r\n<meta name=\"twitter:site\" content=\"@PrintBasPrix\" \/>\r\n<meta name=\"twitter:label1\" content=\"\u00c9crit par\" \/>\n\t<meta name=\"twitter:data1\" content=\"PrintBasPrix Imprimerie en ligne\" \/>\n\t<meta name=\"twitter:label2\" content=\"Dur\u00e9e de lecture estim\u00e9e\" \/>\n\t<meta name=\"twitter:data2\" content=\"6 minutes\" \/>\r\n<script type=\"application\/ld+json\" class=\"yoast-schema-graph\">{\"@context\":\"https:\\\/\\\/schema.org\",\"@graph\":[{\"@type\":\"Article\",\"@id\":\"https:\\\/\\\/www.jimprimeenfrance.fr\\\/blog\\\/comment-decorer-interieur-affiche-decorative-personnalisee\\\/#article\",\"isPartOf\":{\"@id\":\"https:\\\/\\\/www.jimprimeenfrance.fr\\\/blog\\\/comment-decorer-interieur-affiche-decorative-personnalisee\\\/\"},\"author\":{\"name\":\"PrintBasPrix Imprimerie en ligne\",\"@id\":\"https:\\\/\\\/www.jimprimeenfrance.fr\\\/blog\\\/#\\\/schema\\\/person\\\/711bdd00fc82a687615940c5ae0b412c\"},\"headline\":\"Comment d\u00e9corer son int\u00e9rieur avec une affiche d\u00e9corative personnalis\u00e9e\",\"datePublished\":\"2020-04-08T06:31:17+00:00\",\"dateModified\":\"2020-04-08T14:18:39+00:00\",\"mainEntityOfPage\":{\"@id\":\"https:\\\/\\\/www.jimprimeenfrance.fr\\\/blog\\\/comment-decorer-interieur-affiche-decorative-personnalisee\\\/\"},\"wordCount\":1185,\"commentCount\":0,\"publisher\":{\"@id\":\"https:\\\/\\\/www.jimprimeenfrance.fr\\\/blog\\\/#organization\"},\"image\":{\"@id\":\"https:\\\/\\\/www.jimprimeenfrance.fr\\\/blog\\\/comment-decorer-interieur-affiche-decorative-personnalisee\\\/#primaryimage\"},\"thumbnailUrl\":\"https:\\\/\\\/www.jimprimeenfrance.fr\\\/blog\\\/wp-content\\\/uploads\\\/2020\\\/04\\\/Comment-d\u00e9corer-son-int\u00e9rieur_affiche.jpg\",\"keywords\":[\"affiche d'int\u00e9rieur\",\"affiche d\u00e9corative personnalis\u00e9e\",\"d\u00e9coration int\u00e9rieure\"],\"articleSection\":[\"Affiche\"],\"inLanguage\":\"fr-FR\",\"potentialAction\":[{\"@type\":\"CommentAction\",\"name\":\"Comment\",\"target\":[\"https:\\\/\\\/www.jimprimeenfrance.fr\\\/blog\\\/comment-decorer-interieur-affiche-decorative-personnalisee\\\/#respond\"]}]},{\"@type\":\"WebPage\",\"@id\":\"https:\\\/\\\/www.jimprimeenfrance.fr\\\/blog\\\/comment-decorer-interieur-affiche-decorative-personnalisee\\\/\",\"url\":\"https:\\\/\\\/www.jimprimeenfrance.fr\\\/blog\\\/comment-decorer-interieur-affiche-decorative-personnalisee\\\/\",\"name\":\"Une affiche d\u00e9corative personnalis\u00e9e, c'est l'id\u00e9al en d\u00e9coration int\u00e9rieure\",\"isPartOf\":{\"@id\":\"https:\\\/\\\/www.jimprimeenfrance.fr\\\/blog\\\/#website\"},\"primaryImageOfPage\":{\"@id\":\"https:\\\/\\\/www.jimprimeenfrance.fr\\\/blog\\\/comment-decorer-interieur-affiche-decorative-personnalisee\\\/#primaryimage\"},\"image\":{\"@id\":\"https:\\\/\\\/www.jimprimeenfrance.fr\\\/blog\\\/comment-decorer-interieur-affiche-decorative-personnalisee\\\/#primaryimage\"},\"thumbnailUrl\":\"https:\\\/\\\/www.jimprimeenfrance.fr\\\/blog\\\/wp-content\\\/uploads\\\/2020\\\/04\\\/Comment-d\u00e9corer-son-int\u00e9rieur_affiche.jpg\",\"datePublished\":\"2020-04-08T06:31:17+00:00\",\"dateModified\":\"2020-04-08T14:18:39+00:00\",\"description\":\"Une affiche d\u00e9corative personnalis\u00e9e est simple \u00e0 concevoir et \u00e0 r\u00e9aliser au moindre co\u00fbt. Et, elle prend facilement place dans un int\u00e9rieur.\",\"breadcrumb\":{\"@id\":\"https:\\\/\\\/www.jimprimeenfrance.fr\\\/blog\\\/comment-decorer-interieur-affiche-decorative-personnalisee\\\/#breadcrumb\"},\"inLanguage\":\"fr-FR\",\"potentialAction\":[{\"@type\":\"ReadAction\",\"target\":[\"https:\\\/\\\/www.jimprimeenfrance.fr\\\/blog\\\/comment-decorer-interieur-affiche-decorative-personnalisee\\\/\"]}]},{\"@type\":\"ImageObject\",\"inLanguage\":\"fr-FR\",\"@id\":\"https:\\\/\\\/www.jimprimeenfrance.fr\\\/blog\\\/comment-decorer-interieur-affiche-decorative-personnalisee\\\/#primaryimage\",\"url\":\"https:\\\/\\\/www.jimprimeenfrance.fr\\\/blog\\\/wp-content\\\/uploads\\\/2020\\\/04\\\/Comment-d\u00e9corer-son-int\u00e9rieur_affiche.jpg\",\"contentUrl\":\"https:\\\/\\\/www.jimprimeenfrance.fr\\\/blog\\\/wp-content\\\/uploads\\\/2020\\\/04\\\/Comment-d\u00e9corer-son-int\u00e9rieur_affiche.jpg\",\"width\":1500,\"height\":450,\"caption\":\"Comment d\u00e9corer son int\u00e9rieur avec une affiche d\u00e9corative personnalis\u00e9e\"},{\"@type\":\"BreadcrumbList\",\"@id\":\"https:\\\/\\\/www.jimprimeenfrance.fr\\\/blog\\\/comment-decorer-interieur-affiche-decorative-personnalisee\\\/#breadcrumb\",\"itemListElement\":[{\"@type\":\"ListItem\",\"position\":1,\"name\":\"Accueil\",\"item\":\"https:\\\/\\\/www.jimprimeenfrance.fr\\\/blog\\\/\"},{\"@type\":\"ListItem\",\"position\":2,\"name\":\"Comment d\u00e9corer son int\u00e9rieur avec une affiche d\u00e9corative personnalis\u00e9e\"}]},{\"@type\":\"WebSite\",\"@id\":\"https:\\\/\\\/www.jimprimeenfrance.fr\\\/blog\\\/#website\",\"url\":\"https:\\\/\\\/www.jimprimeenfrance.fr\\\/blog\\\/\",\"name\":\"Votre imprimerie en ligne, le blog\",\"description\":\"Impressionnez et faites bonne impression avec nos conseils d&#039;imprimerie online\",\"publisher\":{\"@id\":\"https:\\\/\\\/www.jimprimeenfrance.fr\\\/blog\\\/#organization\"},\"potentialAction\":[{\"@type\":\"SearchAction\",\"target\":{\"@type\":\"EntryPoint\",\"urlTemplate\":\"https:\\\/\\\/www.jimprimeenfrance.fr\\\/blog\\\/?s={search_term_string}\"},\"query-input\":{\"@type\":\"PropertyValueSpecification\",\"valueRequired\":true,\"valueName\":\"search_term_string\"}}],\"inLanguage\":\"fr-FR\"},{\"@type\":\"Organization\",\"@id\":\"https:\\\/\\\/www.jimprimeenfrance.fr\\\/blog\\\/#organization\",\"name\":\"PrintBasPrix - Imprimerie en ligne\",\"url\":\"https:\\\/\\\/www.jimprimeenfrance.fr\\\/blog\\\/\",\"logo\":{\"@type\":\"ImageObject\",\"inLanguage\":\"fr-FR\",\"@id\":\"https:\\\/\\\/www.jimprimeenfrance.fr\\\/blog\\\/#\\\/schema\\\/logo\\\/image\\\/\",\"url\":\"https:\\\/\\\/www.jimprimeenfrance.fr\\\/blog\\\/wp-content\\\/uploads\\\/2018\\\/07\\\/cropped-printbasprix-imprimeur-en-ligne.png\",\"contentUrl\":\"https:\\\/\\\/www.jimprimeenfrance.fr\\\/blog\\\/wp-content\\\/uploads\\\/2018\\\/07\\\/cropped-printbasprix-imprimeur-en-ligne.png\",\"width\":361,\"height\":86,\"caption\":\"PrintBasPrix - Imprimerie en ligne\"},\"image\":{\"@id\":\"https:\\\/\\\/www.jimprimeenfrance.fr\\\/blog\\\/#\\\/schema\\\/logo\\\/image\\\/\"},\"sameAs\":[\"https:\\\/\\\/www.facebook.com\\\/PrintBasPrix\",\"https:\\\/\\\/x.com\\\/PrintBasPrix\",\"https:\\\/\\\/www.instagram.com\\\/printbasprix\\\/\",\"https:\\\/\\\/www.linkedin.com\\\/company\\\/printbasprix\\\/\",\"https:\\\/\\\/www.youtube.com\\\/channel\\\/UC0Ysbd0Gbzzp0yMgrfNQqug\"]},{\"@type\":\"Person\",\"@id\":\"https:\\\/\\\/www.jimprimeenfrance.fr\\\/blog\\\/#\\\/schema\\\/person\\\/711bdd00fc82a687615940c5ae0b412c\",\"name\":\"PrintBasPrix Imprimerie en ligne\",\"image\":{\"@type\":\"ImageObject\",\"inLanguage\":\"fr-FR\",\"@id\":\"https:\\\/\\\/secure.gravatar.com\\\/avatar\\\/e898f6c9f447b2b28a568c2fec45e0fef703b12c4f80de6258e9bcb2e61aaf27?s=96&r=g\",\"url\":\"https:\\\/\\\/secure.gravatar.com\\\/avatar\\\/e898f6c9f447b2b28a568c2fec45e0fef703b12c4f80de6258e9bcb2e61aaf27?s=96&r=g\",\"contentUrl\":\"https:\\\/\\\/secure.gravatar.com\\\/avatar\\\/e898f6c9f447b2b28a568c2fec45e0fef703b12c4f80de6258e9bcb2e61aaf27?s=96&r=g\",\"caption\":\"PrintBasPrix Imprimerie en ligne\"},\"url\":\"https:\\\/\\\/www.jimprimeenfrance.fr\\\/blog\\\/author\\\/printbasprix-imprimerie-en-ligne\\\/\"}]}<\/script>\r\n<!-- \/ Yoast SEO plugin. -->","yoast_head_json":{"title":"Une affiche d\u00e9corative personnalis\u00e9e, c'est l'id\u00e9al en d\u00e9coration int\u00e9rieure","description":"Une affiche d\u00e9corative personnalis\u00e9e est simple \u00e0 concevoir et \u00e0 r\u00e9aliser au moindre co\u00fbt. Et, elle prend facilement place dans un int\u00e9rieur.","robots":{"index":"index","follow":"follow","max-snippet":"max-snippet:-1","max-image-preview":"max-image-preview:large","max-video-preview":"max-video-preview:-1"},"canonical":"https:\/\/www.jimprimeenfrance.fr\/blog\/comment-decorer-interieur-affiche-decorative-personnalisee\/","og_locale":"fr_FR","og_type":"article","og_title":"Une affiche d\u00e9corative personnalis\u00e9e, c'est l'id\u00e9al en d\u00e9coration int\u00e9rieure","og_description":"Une affiche d\u00e9corative personnalis\u00e9e est simple \u00e0 concevoir et \u00e0 r\u00e9aliser au moindre co\u00fbt. Et, elle prend facilement place dans un int\u00e9rieur.","og_url":"https:\/\/www.jimprimeenfrance.fr\/blog\/comment-decorer-interieur-affiche-decorative-personnalisee\/","og_site_name":"Votre imprimerie en ligne, le blog","article_publisher":"https:\/\/www.facebook.com\/PrintBasPrix","article_published_time":"2020-04-08T06:31:17+00:00","article_modified_time":"2020-04-08T14:18:39+00:00","og_image":[{"width":1500,"height":450,"url":"https:\/\/www.jimprimeenfrance.fr\/blog\/wp-content\/uploads\/2020\/04\/Comment-d\u00e9corer-son-int\u00e9rieur_affiche.jpg","type":"image\/jpeg"}],"author":"PrintBasPrix Imprimerie en ligne","twitter_card":"summary_large_image","twitter_creator":"@PrintBasPrix","twitter_site":"@PrintBasPrix","twitter_misc":{"\u00c9crit par":"PrintBasPrix Imprimerie en ligne","Dur\u00e9e de lecture estim\u00e9e":"6 minutes"},"schema":{"@context":"https:\/\/schema.org","@graph":[{"@type":"Article","@id":"https:\/\/www.jimprimeenfrance.fr\/blog\/comment-decorer-interieur-affiche-decorative-personnalisee\/#article","isPartOf":{"@id":"https:\/\/www.jimprimeenfrance.fr\/blog\/comment-decorer-interieur-affiche-decorative-personnalisee\/"},"author":{"name":"PrintBasPrix Imprimerie en ligne","@id":"https:\/\/www.jimprimeenfrance.fr\/blog\/#\/schema\/person\/711bdd00fc82a687615940c5ae0b412c"},"headline":"Comment d\u00e9corer son int\u00e9rieur avec une affiche d\u00e9corative personnalis\u00e9e","datePublished":"2020-04-08T06:31:17+00:00","dateModified":"2020-04-08T14:18:39+00:00","mainEntityOfPage":{"@id":"https:\/\/www.jimprimeenfrance.fr\/blog\/comment-decorer-interieur-affiche-decorative-personnalisee\/"},"wordCount":1185,"commentCount":0,"publisher":{"@id":"https:\/\/www.jimprimeenfrance.fr\/blog\/#organization"},"image":{"@id":"https:\/\/www.jimprimeenfrance.fr\/blog\/comment-decorer-interieur-affiche-decorative-personnalisee\/#primaryimage"},"thumbnailUrl":"https:\/\/www.jimprimeenfrance.fr\/blog\/wp-content\/uploads\/2020\/04\/Comment-d\u00e9corer-son-int\u00e9rieur_affiche.jpg","keywords":["affiche d'int\u00e9rieur","affiche d\u00e9corative personnalis\u00e9e","d\u00e9coration int\u00e9rieure"],"articleSection":["Affiche"],"inLanguage":"fr-FR","potentialAction":[{"@type":"CommentAction","name":"Comment","target":["https:\/\/www.jimprimeenfrance.fr\/blog\/comment-decorer-interieur-affiche-decorative-personnalisee\/#respond"]}]},{"@type":"WebPage","@id":"https:\/\/www.jimprimeenfrance.fr\/blog\/comment-decorer-interieur-affiche-decorative-personnalisee\/","url":"https:\/\/www.jimprimeenfrance.fr\/blog\/comment-decorer-interieur-affiche-decorative-personnalisee\/","name":"Une affiche d\u00e9corative personnalis\u00e9e, c'est l'id\u00e9al en d\u00e9coration int\u00e9rieure","isPartOf":{"@id":"https:\/\/www.jimprimeenfrance.fr\/blog\/#website"},"primaryImageOfPage":{"@id":"https:\/\/www.jimprimeenfrance.fr\/blog\/comment-decorer-interieur-affiche-decorative-personnalisee\/#primaryimage"},"image":{"@id":"https:\/\/www.jimprimeenfrance.fr\/blog\/comment-decorer-interieur-affiche-decorative-personnalisee\/#primaryimage"},"thumbnailUrl":"https:\/\/www.jimprimeenfrance.fr\/blog\/wp-content\/uploads\/2020\/04\/Comment-d\u00e9corer-son-int\u00e9rieur_affiche.jpg","datePublished":"2020-04-08T06:31:17+00:00","dateModified":"2020-04-08T14:18:39+00:00","description":"Une affiche d\u00e9corative personnalis\u00e9e est simple \u00e0 concevoir et \u00e0 r\u00e9aliser au moindre co\u00fbt. Et, elle prend facilement place dans un int\u00e9rieur.","breadcrumb":{"@id":"https:\/\/www.jimprimeenfrance.fr\/blog\/comment-decorer-interieur-affiche-decorative-personnalisee\/#breadcrumb"},"inLanguage":"fr-FR","potentialAction":[{"@type":"ReadAction","target":["https:\/\/www.jimprimeenfrance.fr\/blog\/comment-decorer-interieur-affiche-decorative-personnalisee\/"]}]},{"@type":"ImageObject","inLanguage":"fr-FR","@id":"https:\/\/www.jimprimeenfrance.fr\/blog\/comment-decorer-interieur-affiche-decorative-personnalisee\/#primaryimage","url":"https:\/\/www.jimprimeenfrance.fr\/blog\/wp-content\/uploads\/2020\/04\/Comment-d\u00e9corer-son-int\u00e9rieur_affiche.jpg","contentUrl":"https:\/\/www.jimprimeenfrance.fr\/blog\/wp-content\/uploads\/2020\/04\/Comment-d\u00e9corer-son-int\u00e9rieur_affiche.jpg","width":1500,"height":450,"caption":"Comment d\u00e9corer son int\u00e9rieur avec une affiche d\u00e9corative personnalis\u00e9e"},{"@type":"BreadcrumbList","@id":"https:\/\/www.jimprimeenfrance.fr\/blog\/comment-decorer-interieur-affiche-decorative-personnalisee\/#breadcrumb","itemListElement":[{"@type":"ListItem","position":1,"name":"Accueil","item":"https:\/\/www.jimprimeenfrance.fr\/blog\/"},{"@type":"ListItem","position":2,"name":"Comment d\u00e9corer son int\u00e9rieur avec une affiche d\u00e9corative personnalis\u00e9e"}]},{"@type":"WebSite","@id":"https:\/\/www.jimprimeenfrance.fr\/blog\/#website","url":"https:\/\/www.jimprimeenfrance.fr\/blog\/","name":"Votre imprimerie en ligne, le blog","description":"Impressionnez et faites bonne impression avec nos conseils d&#039;imprimerie online","publisher":{"@id":"https:\/\/www.jimprimeenfrance.fr\/blog\/#organization"},"potentialAction":[{"@type":"SearchAction","target":{"@type":"EntryPoint","urlTemplate":"https:\/\/www.jimprimeenfrance.fr\/blog\/?s={search_term_string}"},"query-input":{"@type":"PropertyValueSpecification","valueRequired":true,"valueName":"search_term_string"}}],"inLanguage":"fr-FR"},{"@type":"Organization","@id":"https:\/\/www.jimprimeenfrance.fr\/blog\/#organization","name":"PrintBasPrix - Imprimerie en ligne","url":"https:\/\/www.jimprimeenfrance.fr\/blog\/","logo":{"@type":"ImageObject","inLanguage":"fr-FR","@id":"https:\/\/www.jimprimeenfrance.fr\/blog\/#\/schema\/logo\/image\/","url":"https:\/\/www.jimprimeenfrance.fr\/blog\/wp-content\/uploads\/2018\/07\/cropped-printbasprix-imprimeur-en-ligne.png","contentUrl":"https:\/\/www.jimprimeenfrance.fr\/blog\/wp-content\/uploads\/2018\/07\/cropped-printbasprix-imprimeur-en-ligne.png","width":361,"height":86,"caption":"PrintBasPrix - Imprimerie en ligne"},"image":{"@id":"https:\/\/www.jimprimeenfrance.fr\/blog\/#\/schema\/logo\/image\/"},"sameAs":["https:\/\/www.facebook.com\/PrintBasPrix","https:\/\/x.com\/PrintBasPrix","https:\/\/www.instagram.com\/printbasprix\/","https:\/\/www.linkedin.com\/company\/printbasprix\/","https:\/\/www.youtube.com\/channel\/UC0Ysbd0Gbzzp0yMgrfNQqug"]},{"@type":"Person","@id":"https:\/\/www.jimprimeenfrance.fr\/blog\/#\/schema\/person\/711bdd00fc82a687615940c5ae0b412c","name":"PrintBasPrix Imprimerie en ligne","image":{"@type":"ImageObject","inLanguage":"fr-FR","@id":"https:\/\/secure.gravatar.com\/avatar\/e898f6c9f447b2b28a568c2fec45e0fef703b12c4f80de6258e9bcb2e61aaf27?s=96&r=g","url":"https:\/\/secure.gravatar.com\/avatar\/e898f6c9f447b2b28a568c2fec45e0fef703b12c4f80de6258e9bcb2e61aaf27?s=96&r=g","contentUrl":"https:\/\/secure.gravatar.com\/avatar\/e898f6c9f447b2b28a568c2fec45e0fef703b12c4f80de6258e9bcb2e61aaf27?s=96&r=g","caption":"PrintBasPrix Imprimerie en ligne"},"url":"https:\/\/www.jimprimeenfrance.fr\/blog\/author\/printbasprix-imprimerie-en-ligne\/"}]}},"_links":{"self":[{"href":"https:\/\/www.jimprimeenfrance.fr\/blog\/wp-json\/wp\/v2\/posts\/3996","targetHints":{"allow":["GET"]}}],"collection":[{"href":"https:\/\/www.jimprimeenfrance.fr\/blog\/wp-json\/wp\/v2\/posts"}],"about":[{"href":"https:\/\/www.jimprimeenfrance.fr\/blog\/wp-json\/wp\/v2\/types\/post"}],"author":[{"embeddable":true,"href":"https:\/\/www.jimprimeenfrance.fr\/blog\/wp-json\/wp\/v2\/users\/4"}],"replies":[{"embeddable":true,"href":"https:\/\/www.jimprimeenfrance.fr\/blog\/wp-json\/wp\/v2\/comments?post=3996"}],"version-history":[{"count":40,"href":"https:\/\/www.jimprimeenfrance.fr\/blog\/wp-json\/wp\/v2\/posts\/3996\/revisions"}],"predecessor-version":[{"id":4049,"href":"https:\/\/www.jimprimeenfrance.fr\/blog\/wp-json\/wp\/v2\/posts\/3996\/revisions\/4049"}],"wp:featuredmedia":[{"embeddable":true,"href":"https:\/\/www.jimprimeenfrance.fr\/blog\/wp-json\/wp\/v2\/media\/4043"}],"wp:attachment":[{"href":"https:\/\/www.jimprimeenfrance.fr\/blog\/wp-json\/wp\/v2\/media?parent=3996"}],"wp:term":[{"taxonomy":"category","embeddable":true,"href":"https:\/\/www.jimprimeenfrance.fr\/blog\/wp-json\/wp\/v2\/categories?post=3996"},{"taxonomy":"post_tag","embeddable":true,"href":"https:\/\/www.jimprimeenfrance.fr\/blog\/wp-json\/wp\/v2\/tags?post=3996"}],"curies":[{"name":"wp","href":"https:\/\/api.w.org\/{rel}","templated":true}]}}