{"id":3330,"date":"2019-12-24T08:30:39","date_gmt":"2019-12-24T07:30:39","guid":{"rendered":"https:\/\/www.jimprimeenfrance.fr\/blog\/?p=3330"},"modified":"2019-12-22T20:20:03","modified_gmt":"2019-12-22T19:20:03","slug":"comment-creer-affiche-election","status":"publish","type":"post","link":"https:\/\/www.jimprimeenfrance.fr\/blog\/comment-creer-affiche-election\/","title":{"rendered":"Comment cr\u00e9er une affiche pour une \u00e9lection ?"},"content":{"rendered":"<p style=\"text-align: justify\">Vous vous pr\u00e9parez pour une \u00e9lection et vous avez besoin d&rsquo;une affiche politique ? Que ce soit une \u00e9lection municipale, une \u00e9lection pour la R\u00e9gion, une \u00e9lection d\u00e9partementale ou m\u00eame une \u00e9lection pr\u00e9sidentielle, vous devrez soigner votre affiche.<\/p>\n<p style=\"text-align: justify\">Une affiche pour une \u00e9lection est une v\u00e9ritable<strong> vitrine du parti politique et du candidat<\/strong>. Tout militant doit donc conna\u00eetre l&rsquo;art en France de la communication pour cr\u00e9er une affiche efficace.\u00a0<\/p>\n<p>&nbsp;<\/p>\n<h2 style=\"text-align: justify\">D\u00e9finition d&rsquo;une affiche pour une \u00e9lection<\/h2>\n<p style=\"text-align: justify\">Une affiche politique vise \u00e0<strong> relayer la participation d&rsquo;un candidat ou d&rsquo;un parti \u00e0 une \u00e9lection<\/strong>. Cela s&rsquo;apparente \u00e0 de la <a href=\"https:\/\/www.jimprimeenfrance.fr\/blog\/publicite-definition\/\" target=\"_blank\" rel=\"noopener noreferrer\">publicit\u00e9<\/a>, sauf qu&rsquo;elle n&rsquo;\u00e9mane pas d&rsquo;un commerce ou d&rsquo;une entreprise.<\/p>\n<p style=\"text-align: justify\">Les affiches sont tr\u00e8s pratiques car elles permettent d&rsquo;accro\u00eetre la visibilit\u00e9 d&rsquo;un candidat aux yeux de tous. Placard\u00e9e dans la rue, une affiche a toutes les chances d&rsquo;\u00eatre vue par le maximum de personnes possible.<\/p>\n<p>&nbsp;<\/p>\n<figure id=\"attachment_3418\" aria-describedby=\"caption-attachment-3418\" style=\"width: 850px\" class=\"wp-caption aligncenter\"><img loading=\"lazy\" decoding=\"async\" class=\" wp-image-3418\" src=\"https:\/\/www.jimprimeenfrance.fr\/blog\/wp-content\/uploads\/2019\/12\/D\u00e9finition-dune-affiche-pour-une-\u00e9lection-300x167.jpg\" alt=\"D\u00e9finition d'une affiche politique\" width=\"850\" height=\"473\" srcset=\"https:\/\/www.jimprimeenfrance.fr\/blog\/wp-content\/uploads\/2019\/12\/D\u00e9finition-dune-affiche-pour-une-\u00e9lection-300x167.jpg 300w, https:\/\/www.jimprimeenfrance.fr\/blog\/wp-content\/uploads\/2019\/12\/D\u00e9finition-dune-affiche-pour-une-\u00e9lection-768x427.jpg 768w, https:\/\/www.jimprimeenfrance.fr\/blog\/wp-content\/uploads\/2019\/12\/D\u00e9finition-dune-affiche-pour-une-\u00e9lection.jpg 792w\" sizes=\"auto, (max-width: 850px) 100vw, 850px\" \/><figcaption id=\"caption-attachment-3418\" class=\"wp-caption-text\">D\u00e9finition d&rsquo;une affiche politique<\/figcaption><\/figure>\n<p style=\"text-align: justify\">L&rsquo;affichage politique est vraiment compl\u00e9mentaire de la distribution de tracts politiques sur la voie publique. Contrairement au <a href=\"https:\/\/www.jimprimeenfrance.fr\/blog\/flyer-campagne-electorale-comment-faire\/\" target=\"_blank\" rel=\"noopener noreferrer\">tract papier \u00e9lectoral<\/a>, l&rsquo;affiche se voit de loin et ne n\u00e9cessite pas une action du lecteur (d\u00e9cider de tendre la main pour prendre le flyer).<\/p>\n<p style=\"text-align: justify\">Elle contient peu d&rsquo;informations mais a un impact visuel tr\u00e8s fort. Elle peut vraiment motiver un citoyen ou une communaut\u00e9 \u00e0 s&rsquo;int\u00e9resser \u00e0 un parti politique et \u00e0 voter pour lui aux prochaines \u00e9lections.<\/p>\n<p style=\"text-align: justify\">Il n&rsquo;y a pas que les gros partis politiques comme le PS, LREM, les Verts ou le CDH qui peuvent placarder une affiche. C&rsquo;est un droit pour tout petit candidat de le faire.<\/p>\n<p>&nbsp;<\/p>\n<h2 style=\"text-align: justify\">Comment composer une affiche pour une \u00e9lection ?<\/h2>\n<p style=\"text-align: justify\">Cr\u00e9er une affiche pour une \u00e9lection est \u00e0 la fois simple et d\u00e9licat. Simple, car votre design et votre contenu doivent rester \u00e9pur\u00e9s et faciles \u00e0 comprendre.<\/p>\n<p style=\"text-align: justify\">D\u00e9licat, car tout peut d\u00e9pendre du bon usage d&rsquo;un seul mot ou d&rsquo;une seule image !<\/p>\n<p>&nbsp;<\/p>\n<h3 style=\"text-align: justify\">Identifier son message principal<\/h3>\n<p style=\"text-align: justify\">Tout d&rsquo;abord, il est important de cibler quel est le message que vous voulez faire passer aux \u00e9lecteurs. Il se traduit g\u00e9n\u00e9ralement par le choix du<strong> slogan de campagne<\/strong>, mais peut varier selon le temps qu&rsquo;il reste avant les \u00e9lections.<\/p>\n<p style=\"text-align: justify\">Quel est le th\u00e8me principal de votre campagne : l&rsquo;\u00e9conomie, l&rsquo;\u00e9cologie, la s\u00e9curit\u00e9, la culture ?<\/p>\n<p style=\"text-align: justify\">Votre affiche doit absolument illustrer ce message principal, que le citoyen doit comprendre en un clin d\u2019\u0153il. Il est bon d&rsquo;ins\u00e9rer un <a href=\"https:\/\/www.definitions-marketing.com\/definition\/cta\/\" target=\"_blank\" rel=\"noopener noreferrer\">CTA<\/a> (Call To Action), c&rsquo;est-\u00e0-dire une injonction \u00e0 agir.<\/p>\n<p style=\"text-align: justify\">Cela peut \u00eatre \u00ab\u00a0Rendez-vous aux urnes\u00a0\u00bb, \u00ab\u00a0Faites le choix de respecter la plan\u00e8te\u00a0\u00bb, \u00ab\u00a0Faites confiance \u00e0 X\u00a0\u00bb&#8230; Attention, il ne s&rsquo;agit pas de faire la morale aux \u00e9lecteurs, mais bien de leur donner un boost de motivation et d&rsquo;optimisme.<\/p>\n<p style=\"text-align: justify\">Votre candidat \/ liste \/ parti doit s&rsquo;imposer comme une figure de leader, battante et d\u00e9termin\u00e9e.<\/p>\n<p>&nbsp;<\/p>\n<h3 style=\"text-align: justify\">Miser sur une image forte<\/h3>\n<p style=\"text-align: justify\">La part la plus importante de votre affiche politique est probablement l&rsquo;iconographie. En effet, une photographie ou une image impactante est indispensable pour marquer l&rsquo;\u00e9lecteur.<\/p>\n<p style=\"text-align: justify\">Si c&rsquo;est un <strong>portrait du candidat<\/strong> qui est choisi, il doit \u00eatre r\u00e9alis\u00e9 par un photographe professionnel, sp\u00e9cialis\u00e9 dans ce type de prestation. Tout l&rsquo;enjeu consiste \u00e0 avoir l&rsquo;air \u00e0 la fois s\u00e9rieux, bienveillant et engag\u00e9.<\/p>\n<p>&nbsp;<\/p>\n<figure id=\"attachment_3421\" aria-describedby=\"caption-attachment-3421\" style=\"width: 657px\" class=\"wp-caption aligncenter\"><img loading=\"lazy\" decoding=\"async\" class=\" wp-image-3421\" src=\"https:\/\/www.jimprimeenfrance.fr\/blog\/wp-content\/uploads\/2019\/12\/Miser-sur-une-image-forte-300x200.jpg\" alt=\"Miser sur une image forte\" width=\"657\" height=\"438\" srcset=\"https:\/\/www.jimprimeenfrance.fr\/blog\/wp-content\/uploads\/2019\/12\/Miser-sur-une-image-forte-300x200.jpg 300w, https:\/\/www.jimprimeenfrance.fr\/blog\/wp-content\/uploads\/2019\/12\/Miser-sur-une-image-forte.jpg 724w\" sizes=\"auto, (max-width: 657px) 100vw, 657px\" \/><figcaption id=\"caption-attachment-3421\" class=\"wp-caption-text\">Miser sur une image forte<\/figcaption><\/figure>\n<p style=\"text-align: justify\">Vous pouvez aussi opter pour un <a href=\"https:\/\/www.comment-apprendre-la-photo.fr\/montage-photo-reussi\/\" target=\"_blank\" rel=\"noopener noreferrer\">montage photographique<\/a> avec plusieurs personnes ou, pourquoi pas, une photo du si\u00e8ge du parti ou de la ville concern\u00e9e. Dans ce cas, pour \u00e9viter d&rsquo;avoir l&rsquo;air amateur, faites appel aux services d&rsquo;un graphiste.<\/p>\n<p style=\"text-align: justify\">Il saura r\u00e9aliser une composition harmonieuse et esth\u00e9tique.<\/p>\n<p>&nbsp;<\/p>\n<h3 style=\"text-align: justify\">Faire simple pour les textes<\/h3>\n<p style=\"text-align: justify\">Pas de grande litt\u00e9rature sur votre affiche \u00e9lectorale ! Chaque mot est compt\u00e9.<\/p>\n<p style=\"text-align: justify\">Effectivement, vous n&rsquo;avez pas beaucoup de place pour \u00e9crire les textes qui doivent c\u00e9der la place \u00e0 l&rsquo;image. G\u00e9n\u00e9ralement, on consid\u00e8re que le <strong>nom du candidat et du parti<\/strong>, ainsi que le slogan de campagne, sont les \u00e9l\u00e9ments textuels les plus importants.<\/p>\n<p style=\"text-align: justify\">Trouvez \u00e9galement un petit espace pour ins\u00e9rer le logo de l&rsquo;\u00e9lection. Le choix de la <a href=\"https:\/\/graphiste.com\/blog\/conseils-choisir-typographie\" target=\"_blank\" rel=\"noopener noreferrer\">typographie<\/a> est essentiel et doit \u00eatre judicieux.<\/p>\n<p style=\"text-align: justify\">Chaque police de texte a sa \u00ab\u00a0personnalit\u00e9\u00a0\u00bb et d\u00e9gage un rendu qui lui est propre.<\/p>\n<p>&nbsp;<\/p>\n<h3 style=\"text-align: justify\">Soigner le design de l&rsquo;affiche<\/h3>\n<p style=\"text-align: justify\">Enfin, veillez \u00e0 ce que votre affiche politique soit vraiment agr\u00e9able \u00e0 regarder. Les textes et les images ne doivent pas faire fouillis et doivent s&rsquo;accorder parfaitement les uns avec les autres.<\/p>\n<p style=\"text-align: justify\">Votre<strong> couleur d&rsquo;arri\u00e8re-plan<\/strong> est primordiale : r\u00e9fl\u00e9chissez bien \u00e0 la nuance que vous allez choisir. De plus, chaque teinte a une symbolique qui lui est propre (rouge pour la combativit\u00e9, vert pour l&rsquo;\u00e9cologie ou les finances, jaune ou orange pour la jeunesse et la modernit\u00e9&#8230;).<\/p>\n<p style=\"text-align: justify\">Votre affiche ne doit pas contenir plus de trois couleurs diff\u00e9rentes pour ne pas faire brouillon.\u00a0<\/p>\n<blockquote>\n<p><em>\u00ab\u00a0L&rsquo;affiche doit \u00eatre un t\u00e9l\u00e9gramme adress\u00e9 \u00e0 l&rsquo;esprit\u00a0\u00bb <\/em><\/p>\n<p><em>Paul Colin, affichiste<\/em><\/p>\n<\/blockquote>\n<figure id=\"attachment_3422\" aria-describedby=\"caption-attachment-3422\" style=\"width: 782px\" class=\"wp-caption aligncenter\"><img loading=\"lazy\" decoding=\"async\" class=\" wp-image-3422\" src=\"https:\/\/www.jimprimeenfrance.fr\/blog\/wp-content\/uploads\/2019\/12\/citacion_Paul-Colin-300x200.jpg\" alt=\"&quot;L'affiche doit \u00eatre un t\u00e9l\u00e9gramme adress\u00e9 \u00e0 l'esprit&quot;\" width=\"782\" height=\"521\" srcset=\"https:\/\/www.jimprimeenfrance.fr\/blog\/wp-content\/uploads\/2019\/12\/citacion_Paul-Colin-300x200.jpg 300w, https:\/\/www.jimprimeenfrance.fr\/blog\/wp-content\/uploads\/2019\/12\/citacion_Paul-Colin.jpg 724w\" sizes=\"auto, (max-width: 782px) 100vw, 782px\" \/><figcaption id=\"caption-attachment-3422\" class=\"wp-caption-text\">\u00ab\u00a0L&rsquo;affiche doit \u00eatre un t\u00e9l\u00e9gramme adress\u00e9 \u00e0 l&rsquo;esprit\u00a0\u00bb<\/figcaption><\/figure>\n<h3 style=\"text-align: justify\">Affiche pour une \u00e9lection : les mentions obligatoires<\/h3>\n<p style=\"text-align: justify\">Certaines mentions doivent obligatoirement appara\u00eetre, que ce soit sur un tract destin\u00e9 \u00e0 la distribution ou sur une affiche qui va \u00eatre coll\u00e9e sur la voie publique. Les voici :<\/p>\n<ul style=\"text-align: justify\">\n<li>Le nom et l&rsquo;adresse de l&rsquo;imprimeur.<\/li>\n<\/ul>\n<p>&nbsp;<\/p>\n<ul style=\"text-align: justify\">\n<li>La d\u00e9nomination sociale ou le nom de la personne\/du parti \u00e9ditant l&rsquo;affiche .<\/li>\n<\/ul>\n<p>&nbsp;<\/p>\n<ul style=\"text-align: justify\">\n<li>Le cr\u00e9dit photo des illustrations.<\/li>\n<\/ul>\n<p>&nbsp;<\/p>\n<ul style=\"text-align: justify\">\n<li>Une inscription \u00e9cologique du type \u00ab\u00a0Ne pas jeter sur la voie publique\u00a0\u00bb ou \u00ab\u00a0Imprim\u00e9 sur du papier recycler\u00a0\u00bb (si c&rsquo;est le cas).<\/li>\n<\/ul>\n<p>&nbsp;<\/p>\n<h3 style=\"text-align: justify\">Les impairs \u00e0 ne pas commettre<\/h3>\n<p style=\"text-align: justify\">Attention : les affiches \u00e9lectorales n&rsquo;ont pas le droit d&rsquo;\u00eatre aux\u00a0 couleurs du drapeau fran\u00e7ais. Les mots en langue \u00e9trang\u00e8re doivent \u00eatre traduits dans un coin de l&rsquo;affiche.<\/p>\n<p style=\"text-align: justify\">De plus, l&rsquo;\u00e9criture noire sur fond blanc est r\u00e9serv\u00e9 \u00e0 l&rsquo;administration publique.<\/p>\n<p>&nbsp;<\/p>\n<h2 style=\"text-align: justify\">Quelques exemples d&rsquo;affiches politiques\u00a0<\/h2>\n<p style=\"text-align: justify\">\u00a0<\/p>\n<figure style=\"width: 476px\" class=\"wp-caption aligncenter\"><a href=\"https:\/\/www.pinterest.fr\/pin\/558024210068084575\/\"><img loading=\"lazy\" decoding=\"async\" src=\"https:\/\/i.pinimg.com\/564x\/2c\/ea\/0e\/2cea0ec12ab9603f5698fceb5ffb1182.jpg\" alt=\"affiche campagne \u00e9lectorale Bayrou\" width=\"476\" height=\"667\" \/><\/a><figcaption class=\"wp-caption-text\">Affiche campagne \u00e9lectorale Bayrou<\/figcaption><\/figure>\n<p style=\"text-align: justify\">Une affiche qui mise sur un portrait du candidat en pleine page. Le visage souriant attire la sympathie des \u00e9lecteurs, alors que le texte est un vrai message de d\u00e9termination.<\/p>\n<p>&nbsp;<\/p>\n<figure style=\"width: 490px\" class=\"wp-caption aligncenter\"><a href=\"https:\/\/www.pinterest.fr\/pin\/251709066651386016\/\"><img loading=\"lazy\" decoding=\"async\" class=\"size-large\" src=\"https:\/\/i.pinimg.com\/564x\/a7\/ac\/eb\/a7aceb057ad14d6c11b1dec642e7aa44.jpg\" alt=\"Affiche campagne \u00e9lectorale Hillary Clinton\" width=\"490\" height=\"735\" \/><\/a><figcaption class=\"wp-caption-text\">Affiche campagne Hillary Clinton<\/figcaption><\/figure>\n<p style=\"text-align: justify\">Cette affiche \u00e9lectorale sort des codes avec un design vintage et des effets de couleur. Le choix de mettre seulement le pr\u00e9nom de la candidate est cens\u00e9 rapprocher l&rsquo;\u00e9lecteur du monde politique.<\/p>\n<p>&nbsp;<\/p>\n<figure style=\"width: 476px\" class=\"wp-caption aligncenter\"><a href=\"https:\/\/www.pinterest.fr\/pin\/558024210068083913\/\"><img loading=\"lazy\" decoding=\"async\" class=\"size-large\" src=\"https:\/\/i.pinimg.com\/564x\/a6\/95\/c6\/a695c6fafb817510abe9882f5507d785.jpg\" alt=\"Affiche \u00e9lectorale Fran\u00e7ois Hollande\" width=\"476\" height=\"634\" \/><\/a><figcaption class=\"wp-caption-text\">Affiche \u00e9lectorale Fran\u00e7ois Hollande<\/figcaption><\/figure>\n<p style=\"text-align: justify\">Cette affiche pour une \u00e9lection ressemble presque \u00e0 un tableau. Elle fait appel inconsciemment \u00e0 la culture de l&rsquo;\u00e9lecteur et \u00e0 son respect pour les \u0153uvres d&rsquo;art.<\/p>\n<p>&nbsp;<\/p>\n<figure style=\"width: 441px\" class=\"wp-caption aligncenter\"><a href=\"https:\/\/www.pinterest.fr\/pin\/558024210057122940\/\"><img loading=\"lazy\" decoding=\"async\" class=\"size-large\" src=\"https:\/\/i.pinimg.com\/564x\/7e\/0e\/f7\/7e0ef7479ea739cc07e0b2f5aba8278e.jpg\" alt=\"Affiche \u00e9lectorale diff\u00e9rente\" width=\"441\" height=\"600\" \/><\/a><figcaption class=\"wp-caption-text\">Affiche \u00e9lectorale avec message.<\/figcaption><\/figure>\n<p style=\"text-align: justify\">Une affiche politique qui ne se concentre pas sur un candidat ou sur un parti, mais sur un message fort. L&rsquo;illustration est originale et attire tout de suite l\u2019\u0153il.<\/p>\n<p>&nbsp;<\/p>\n<figure style=\"width: 564px\" class=\"wp-caption aligncenter\"><a href=\"https:\/\/www.pinterest.fr\/pin\/558024210068083940\/\"><img loading=\"lazy\" decoding=\"async\" class=\"size-large\" src=\"https:\/\/i.pinimg.com\/564x\/5c\/6f\/fa\/5c6ffae14ddcfb7ca0326288fa7157f6.jpg\" alt=\"Affiche campagne \u00e9lectorale S\u00e9gol\u00e8ne Royal\" width=\"564\" height=\"758\" \/><\/a><figcaption class=\"wp-caption-text\">Affiche campagne \u00e9lectorale S\u00e9gol\u00e8ne Royal<\/figcaption><\/figure>\n<p style=\"text-align: justify\">Cette affiche \u00e9lectorale renvoie un double message : la tradition avec le choix du noir et du blanc et la modernit\u00e9 avec le message renvoy\u00e9 par le texte.<\/p>\n<p>&nbsp;<\/p>\n<figure style=\"width: 564px\" class=\"wp-caption aligncenter\"><a href=\"https:\/\/www.pinterest.fr\/pin\/254594185171449977\/\"><img loading=\"lazy\" decoding=\"async\" class=\"size-large\" src=\"https:\/\/i.pinimg.com\/564x\/6e\/fd\/77\/6efd7763743d00d90c1ab4fba5e6911b.jpg\" alt=\"Affiche campagne \u00e9lectorale espagne\" width=\"564\" height=\"786\" \/><\/a><figcaption class=\"wp-caption-text\">Affiche campagne \u00e9lectorale espagne<\/figcaption><\/figure>\n<p style=\"text-align: justify\">\u00a0<\/p>\n<p style=\"text-align: justify\">Une affiche jeune et moderne, gr\u00e2ce \u00e0 un choix de couleurs vives et un drapeau d\u00e9tourn\u00e9.\u00a0<\/p>\n<blockquote>\n<p><em>\u00ab\u00a0La politique ne se r\u00e9sume pas au choix d&rsquo;un candidat aux \u00e9lections, c&rsquo;est une mani\u00e8re de vivre\u00a0\u00bb<\/em><\/p>\n<\/blockquote>\n<p><em>Constantin Costa-Gavras, cin\u00e9aste.<\/em><\/p>\n<p>&nbsp;<\/p>\n<h2 style=\"text-align: justify\">Imprimer son affiche politique avec Printbasprix.com<\/h2>\n<p style=\"text-align: justify\">Fier de votre affiche ? Il ne reste plus qu&rsquo;\u00e0 faire un d\u00e9tour par l&rsquo;imprimerie.<\/p>\n<p style=\"text-align: justify\">Pour imprimer vos affiches au meilleur prix, mieux vaut se tourner vers les <strong>imprimeurs en ligne<\/strong> qui proposent des devis avant de passer commande. Cela vous \u00e9vitera d&rsquo;avoir \u00e0 vous d\u00e9placer et vous assurera de pouvoir choisir tous les crit\u00e8res d&rsquo;impression de chez vous.<\/p>\n<p>&nbsp;<\/p>\n<p style=\"text-align: justify\">Pourquoi choisir <a href=\"https:\/\/www.jimprimeenfrance.fr\/impression-affiche-a4-pas-cher\" target=\"_blank\" rel=\"noopener noreferrer\">Printbasprix.com pour imprimer vos affiches \u00e9lectorales<\/a> ?<\/p>\n<ul style=\"text-align: justify\">\n<li>Printbasprix.com vous garantit une tr\u00e8s belle qualit\u00e9 d&rsquo;impression, dans le respect des couleurs et des typographies employ\u00e9es.<\/li>\n<\/ul>\n<p>&nbsp;<\/p>\n<ul style=\"text-align: justify\">\n<li>Des experts en imprimerie et en graphisme peuvent vous conseiller dans vos choix.<\/li>\n<\/ul>\n<p>&nbsp;<\/p>\n<ul style=\"text-align: justify\">\n<li>Vous recevez votre devis en seulement quelques clics.<\/li>\n<\/ul>\n<p>&nbsp;<\/p>\n<ul style=\"text-align: justify\">\n<li>Votre commande est livr\u00e9e directement chez vous ou \u00e0 la permanence de votre parti dans un court laps de temps.<\/li>\n<\/ul>\n<p>&nbsp;<\/p>\n<ul style=\"text-align: justify\">\n<li>A vous de choisir vos options : <strong>taille de l&rsquo;affiche<\/strong> (A2, A3, A4&#8230;), <strong>choix du papier<\/strong> (135 ou 350 grammes, mat ou brillant) et nombre d&rsquo;exemplaires.<\/li>\n<\/ul>\n<p>&nbsp;<\/p>\n<ul style=\"text-align: justify\">\n<li>La possibilit\u00e9 de visualiser vos fichiers avant de passer commande.<\/li>\n<\/ul>\n<p>&nbsp;<\/p>\n<ul style=\"text-align: justify\">\n<li>Un rapport qualit\u00e9-prix optimal et d\u00e9gressif selon la quantit\u00e9 d&rsquo;exemplaires imprim\u00e9s.<\/li>\n<\/ul>\n<p>&nbsp;<\/p>\n<ul style=\"text-align: justify\">\n<li>L&rsquo;assurance de pouvoir faire confiance \u00e0 un sp\u00e9cialiste de l&rsquo;impression de produits publicitaires et promotionnels (<a href=\"https:\/\/www.jimprimeenfrance.fr\/impression-flyer-en-ligne\" target=\"_blank\" rel=\"noopener noreferrer\">flyers<\/a>, brochures, d\u00e9pliants&#8230;).<\/li>\n<\/ul>\n<p>&nbsp;<\/p>\n<h2 style=\"text-align: justify\">Le droit de l&rsquo;affichage<\/h2>\n<p style=\"text-align: justify\">Une fois que mon affiche est cr\u00e9\u00e9e, o\u00f9 puis-je la <a href=\"https:\/\/www.jimprimeenfrance.fr\/blog\/quelle-colle-pour-affiche\/\" target=\"_blank\" rel=\"noopener noreferrer\">coller<\/a> ?<\/p>\n<h3 style=\"text-align: justify\">Peut-on coller ses affiches politiques dans l&rsquo;espace public ?<\/h3>\n<p style=\"text-align: justify\">La libert\u00e9 d&rsquo;expression est un droit fondamental, comme nous le savons tous gr\u00e2ce \u00e0 notre \u00e9ducation. Toutefois, il n&rsquo;est pas question de faire de <a href=\"https:\/\/www.jimprimeenfrance.fr\/blog\/sanction-affichage-publicitaire-sauvage-couter-tres-cher\/\" target=\"_blank\" rel=\"noopener noreferrer\">l&rsquo;affichage sauvage<\/a>.<\/p>\n<p style=\"text-align: justify\">Il faut absolument suivre la <a href=\"https:\/\/www.service-public.fr\/professionnels-entreprises\/vosdroits\/F24301\" target=\"_blank\" rel=\"noopener noreferrer\">r\u00e9glementation de l&rsquo;Etat<\/a> en mati\u00e8re d&rsquo;installation de publicit\u00e9s ext\u00e9rieures. <strong>Demandez l&rsquo;autorisation<\/strong> \u00e0 la municipalit\u00e9 ou \u00e0 la pr\u00e9fecture avant de coller votre affiche, d&rsquo;autant plus si elle a un caract\u00e8re politique.<\/p>\n<p style=\"text-align: justify\">La loi impose de placarder ses affiches uniquement aux endroits pr\u00e9vus, au risque de subir une amende administrative et p\u00e9nale. Ne tentez donc pas le diable et collez votre affiche dans les formes pour ne pas qu&rsquo;elle soit retir\u00e9e.<\/p>\n<p>&nbsp;<\/p>\n<h3 style=\"text-align: justify\">Peut-on coller ses affiches politiques en entreprise ?\u00a0<\/h3>\n<p style=\"text-align: justify\">Vous \u00eates peut-\u00eatre un militant investi, mais votre occupation principale est d&rsquo;\u00eatre salari\u00e9 dans une entreprise qui n&rsquo;a rien \u00e0 voir avec la politique. Si c&rsquo;est le cas, vous \u00eates s\u00fbrement enthousiaste \u00e0 l&rsquo;id\u00e9e de communiquer vos id\u00e9es politiques \u00e0 vos coll\u00e8gues.<\/p>\n<p style=\"text-align: justify\">Cependant, prenez garde si vous ne voulez pas mettre en danger votre emploi&#8230; Il est d\u00e9conseill\u00e9 de coller des affiches politiques dans votre entreprise sans l&rsquo;accord de votre dirigeant.<\/p>\n<p style=\"text-align: justify\">M\u00eame le tableau d&rsquo;affichage libre n&rsquo;est a priori pas pr\u00e9vu pour cet effet. Vous avez le droit d&rsquo;exprimer vos id\u00e9es politiques (vous renvoyer pour cela serait passible d&rsquo;une condamnation pour discrimination)&#8230; mais restez discret par d\u00e9cence.<\/p>\n<p style=\"text-align: justify\">Bonne campagne !<\/p>\n","protected":false},"excerpt":{"rendered":"<p>Vous vous pr\u00e9parez pour une \u00e9lection et vous avez besoin d&rsquo;une affiche politique ? Que ce soit une \u00e9lection municipale, une \u00e9lection pour la R\u00e9gion, une \u00e9lection d\u00e9partementale ou m\u00eame une \u00e9lection pr\u00e9sidentielle, vous devrez soigner votre affiche. Une affiche pour une \u00e9lection est une v\u00e9ritable vitrine du parti politique et du candidat. Tout militant [&hellip;]<\/p>\n","protected":false},"author":4,"featured_media":3417,"comment_status":"open","ping_status":"open","sticky":false,"template":"","format":"standard","meta":{"_editorskit_title_hidden":false,"_editorskit_reading_time":0,"_editorskit_is_block_options_detached":false,"_editorskit_block_options_position":"{}","footnotes":""},"categories":[3],"tags":[294,247,295,10],"class_list":["post-3330","post","type-post","status-publish","format-standard","has-post-thumbnail","hentry","category-affiche","tag-affiche","tag-communication","tag-politique","tag-publicite"],"yoast_head":"<!-- This site is optimized with the Yoast SEO plugin v27.4 - https:\/\/yoast.com\/product\/yoast-seo-wordpress\/ -->\r\n<title>Communication : comment cr\u00e9er une affiche pour une \u00e9lection ?<\/title>\r\n<meta name=\"description\" content=\"Se lancer dans une campagne \u00e9lectorale n&#039;est pas une mince affaire. Voici comment proc\u00e9der pour cr\u00e9er une affiche r\u00e9ussie pour une \u00e9lection.\" \/>\r\n<meta name=\"robots\" content=\"index, follow, max-snippet:-1, max-image-preview:large, max-video-preview:-1\" \/>\r\n<link rel=\"canonical\" href=\"https:\/\/www.jimprimeenfrance.fr\/blog\/comment-creer-affiche-election\/\" \/>\r\n<meta property=\"og:locale\" content=\"fr_FR\" \/>\r\n<meta property=\"og:type\" content=\"article\" \/>\r\n<meta property=\"og:title\" content=\"Communication : comment cr\u00e9er une affiche pour une \u00e9lection ?\" \/>\r\n<meta property=\"og:description\" content=\"Se lancer dans une campagne \u00e9lectorale n&#039;est pas une mince affaire. Voici comment proc\u00e9der pour cr\u00e9er une affiche r\u00e9ussie pour une \u00e9lection.\" \/>\r\n<meta property=\"og:url\" content=\"https:\/\/www.jimprimeenfrance.fr\/blog\/comment-creer-affiche-election\/\" \/>\r\n<meta property=\"og:site_name\" content=\"Votre imprimerie en ligne, le blog\" \/>\r\n<meta property=\"article:publisher\" content=\"https:\/\/www.facebook.com\/PrintBasPrix\" \/>\r\n<meta property=\"article:published_time\" content=\"2019-12-24T07:30:39+00:00\" \/>\r\n<meta property=\"og:image\" content=\"https:\/\/www.jimprimeenfrance.fr\/blog\/wp-content\/uploads\/2019\/12\/Cr\u00e9er-une-affiche-pour-une-\u00e9lection.jpg\" \/>\r\n\t<meta property=\"og:image:width\" content=\"1600\" \/>\r\n\t<meta property=\"og:image:height\" content=\"501\" \/>\r\n\t<meta property=\"og:image:type\" content=\"image\/jpeg\" \/>\r\n<meta name=\"author\" content=\"PrintBasPrix Imprimerie en ligne\" \/>\r\n<meta name=\"twitter:card\" content=\"summary_large_image\" \/>\r\n<meta name=\"twitter:creator\" content=\"@PrintBasPrix\" \/>\r\n<meta name=\"twitter:site\" content=\"@PrintBasPrix\" \/>\r\n<meta name=\"twitter:label1\" content=\"\u00c9crit par\" \/>\n\t<meta name=\"twitter:data1\" content=\"PrintBasPrix Imprimerie en ligne\" \/>\n\t<meta name=\"twitter:label2\" content=\"Dur\u00e9e de lecture estim\u00e9e\" \/>\n\t<meta name=\"twitter:data2\" content=\"9 minutes\" \/>\r\n<script type=\"application\/ld+json\" class=\"yoast-schema-graph\">{\"@context\":\"https:\\\/\\\/schema.org\",\"@graph\":[{\"@type\":\"Article\",\"@id\":\"https:\\\/\\\/www.jimprimeenfrance.fr\\\/blog\\\/comment-creer-affiche-election\\\/#article\",\"isPartOf\":{\"@id\":\"https:\\\/\\\/www.jimprimeenfrance.fr\\\/blog\\\/comment-creer-affiche-election\\\/\"},\"author\":{\"name\":\"PrintBasPrix Imprimerie en ligne\",\"@id\":\"https:\\\/\\\/www.jimprimeenfrance.fr\\\/blog\\\/#\\\/schema\\\/person\\\/711bdd00fc82a687615940c5ae0b412c\"},\"headline\":\"Comment cr\u00e9er une affiche pour une \u00e9lection ?\",\"datePublished\":\"2019-12-24T07:30:39+00:00\",\"mainEntityOfPage\":{\"@id\":\"https:\\\/\\\/www.jimprimeenfrance.fr\\\/blog\\\/comment-creer-affiche-election\\\/\"},\"wordCount\":1807,\"commentCount\":0,\"publisher\":{\"@id\":\"https:\\\/\\\/www.jimprimeenfrance.fr\\\/blog\\\/#organization\"},\"image\":{\"@id\":\"https:\\\/\\\/www.jimprimeenfrance.fr\\\/blog\\\/comment-creer-affiche-election\\\/#primaryimage\"},\"thumbnailUrl\":\"https:\\\/\\\/www.jimprimeenfrance.fr\\\/blog\\\/wp-content\\\/uploads\\\/2019\\\/12\\\/Cr\u00e9er-une-affiche-pour-une-\u00e9lection.jpg\",\"keywords\":[\"affiche\",\"communication\",\"politique\",\"publicit\u00e9\"],\"articleSection\":[\"Affiche\"],\"inLanguage\":\"fr-FR\",\"potentialAction\":[{\"@type\":\"CommentAction\",\"name\":\"Comment\",\"target\":[\"https:\\\/\\\/www.jimprimeenfrance.fr\\\/blog\\\/comment-creer-affiche-election\\\/#respond\"]}]},{\"@type\":\"WebPage\",\"@id\":\"https:\\\/\\\/www.jimprimeenfrance.fr\\\/blog\\\/comment-creer-affiche-election\\\/\",\"url\":\"https:\\\/\\\/www.jimprimeenfrance.fr\\\/blog\\\/comment-creer-affiche-election\\\/\",\"name\":\"Communication : comment cr\u00e9er une affiche pour une \u00e9lection ?\",\"isPartOf\":{\"@id\":\"https:\\\/\\\/www.jimprimeenfrance.fr\\\/blog\\\/#website\"},\"primaryImageOfPage\":{\"@id\":\"https:\\\/\\\/www.jimprimeenfrance.fr\\\/blog\\\/comment-creer-affiche-election\\\/#primaryimage\"},\"image\":{\"@id\":\"https:\\\/\\\/www.jimprimeenfrance.fr\\\/blog\\\/comment-creer-affiche-election\\\/#primaryimage\"},\"thumbnailUrl\":\"https:\\\/\\\/www.jimprimeenfrance.fr\\\/blog\\\/wp-content\\\/uploads\\\/2019\\\/12\\\/Cr\u00e9er-une-affiche-pour-une-\u00e9lection.jpg\",\"datePublished\":\"2019-12-24T07:30:39+00:00\",\"description\":\"Se lancer dans une campagne \u00e9lectorale n'est pas une mince affaire. Voici comment proc\u00e9der pour cr\u00e9er une affiche r\u00e9ussie pour une \u00e9lection.\",\"breadcrumb\":{\"@id\":\"https:\\\/\\\/www.jimprimeenfrance.fr\\\/blog\\\/comment-creer-affiche-election\\\/#breadcrumb\"},\"inLanguage\":\"fr-FR\",\"potentialAction\":[{\"@type\":\"ReadAction\",\"target\":[\"https:\\\/\\\/www.jimprimeenfrance.fr\\\/blog\\\/comment-creer-affiche-election\\\/\"]}]},{\"@type\":\"ImageObject\",\"inLanguage\":\"fr-FR\",\"@id\":\"https:\\\/\\\/www.jimprimeenfrance.fr\\\/blog\\\/comment-creer-affiche-election\\\/#primaryimage\",\"url\":\"https:\\\/\\\/www.jimprimeenfrance.fr\\\/blog\\\/wp-content\\\/uploads\\\/2019\\\/12\\\/Cr\u00e9er-une-affiche-pour-une-\u00e9lection.jpg\",\"contentUrl\":\"https:\\\/\\\/www.jimprimeenfrance.fr\\\/blog\\\/wp-content\\\/uploads\\\/2019\\\/12\\\/Cr\u00e9er-une-affiche-pour-une-\u00e9lection.jpg\",\"width\":1600,\"height\":501,\"caption\":\"Comment cr\u00e9er une affiche pour une \u00e9lection\"},{\"@type\":\"BreadcrumbList\",\"@id\":\"https:\\\/\\\/www.jimprimeenfrance.fr\\\/blog\\\/comment-creer-affiche-election\\\/#breadcrumb\",\"itemListElement\":[{\"@type\":\"ListItem\",\"position\":1,\"name\":\"Accueil\",\"item\":\"https:\\\/\\\/www.jimprimeenfrance.fr\\\/blog\\\/\"},{\"@type\":\"ListItem\",\"position\":2,\"name\":\"Comment cr\u00e9er une affiche pour une \u00e9lection ?\"}]},{\"@type\":\"WebSite\",\"@id\":\"https:\\\/\\\/www.jimprimeenfrance.fr\\\/blog\\\/#website\",\"url\":\"https:\\\/\\\/www.jimprimeenfrance.fr\\\/blog\\\/\",\"name\":\"Votre imprimerie en ligne, le blog\",\"description\":\"Impressionnez et faites bonne impression avec nos conseils d&#039;imprimerie online\",\"publisher\":{\"@id\":\"https:\\\/\\\/www.jimprimeenfrance.fr\\\/blog\\\/#organization\"},\"potentialAction\":[{\"@type\":\"SearchAction\",\"target\":{\"@type\":\"EntryPoint\",\"urlTemplate\":\"https:\\\/\\\/www.jimprimeenfrance.fr\\\/blog\\\/?s={search_term_string}\"},\"query-input\":{\"@type\":\"PropertyValueSpecification\",\"valueRequired\":true,\"valueName\":\"search_term_string\"}}],\"inLanguage\":\"fr-FR\"},{\"@type\":\"Organization\",\"@id\":\"https:\\\/\\\/www.jimprimeenfrance.fr\\\/blog\\\/#organization\",\"name\":\"PrintBasPrix - Imprimerie en ligne\",\"url\":\"https:\\\/\\\/www.jimprimeenfrance.fr\\\/blog\\\/\",\"logo\":{\"@type\":\"ImageObject\",\"inLanguage\":\"fr-FR\",\"@id\":\"https:\\\/\\\/www.jimprimeenfrance.fr\\\/blog\\\/#\\\/schema\\\/logo\\\/image\\\/\",\"url\":\"https:\\\/\\\/www.jimprimeenfrance.fr\\\/blog\\\/wp-content\\\/uploads\\\/2018\\\/07\\\/cropped-printbasprix-imprimeur-en-ligne.png\",\"contentUrl\":\"https:\\\/\\\/www.jimprimeenfrance.fr\\\/blog\\\/wp-content\\\/uploads\\\/2018\\\/07\\\/cropped-printbasprix-imprimeur-en-ligne.png\",\"width\":361,\"height\":86,\"caption\":\"PrintBasPrix - Imprimerie en ligne\"},\"image\":{\"@id\":\"https:\\\/\\\/www.jimprimeenfrance.fr\\\/blog\\\/#\\\/schema\\\/logo\\\/image\\\/\"},\"sameAs\":[\"https:\\\/\\\/www.facebook.com\\\/PrintBasPrix\",\"https:\\\/\\\/x.com\\\/PrintBasPrix\",\"https:\\\/\\\/www.instagram.com\\\/printbasprix\\\/\",\"https:\\\/\\\/www.linkedin.com\\\/company\\\/printbasprix\\\/\",\"https:\\\/\\\/www.youtube.com\\\/channel\\\/UC0Ysbd0Gbzzp0yMgrfNQqug\"]},{\"@type\":\"Person\",\"@id\":\"https:\\\/\\\/www.jimprimeenfrance.fr\\\/blog\\\/#\\\/schema\\\/person\\\/711bdd00fc82a687615940c5ae0b412c\",\"name\":\"PrintBasPrix Imprimerie en ligne\",\"image\":{\"@type\":\"ImageObject\",\"inLanguage\":\"fr-FR\",\"@id\":\"https:\\\/\\\/secure.gravatar.com\\\/avatar\\\/e898f6c9f447b2b28a568c2fec45e0fef703b12c4f80de6258e9bcb2e61aaf27?s=96&r=g\",\"url\":\"https:\\\/\\\/secure.gravatar.com\\\/avatar\\\/e898f6c9f447b2b28a568c2fec45e0fef703b12c4f80de6258e9bcb2e61aaf27?s=96&r=g\",\"contentUrl\":\"https:\\\/\\\/secure.gravatar.com\\\/avatar\\\/e898f6c9f447b2b28a568c2fec45e0fef703b12c4f80de6258e9bcb2e61aaf27?s=96&r=g\",\"caption\":\"PrintBasPrix Imprimerie en ligne\"},\"url\":\"https:\\\/\\\/www.jimprimeenfrance.fr\\\/blog\\\/author\\\/printbasprix-imprimerie-en-ligne\\\/\"}]}<\/script>\r\n<!-- \/ Yoast SEO plugin. -->","yoast_head_json":{"title":"Communication : comment cr\u00e9er une affiche pour une \u00e9lection ?","description":"Se lancer dans une campagne \u00e9lectorale n'est pas une mince affaire. Voici comment proc\u00e9der pour cr\u00e9er une affiche r\u00e9ussie pour une \u00e9lection.","robots":{"index":"index","follow":"follow","max-snippet":"max-snippet:-1","max-image-preview":"max-image-preview:large","max-video-preview":"max-video-preview:-1"},"canonical":"https:\/\/www.jimprimeenfrance.fr\/blog\/comment-creer-affiche-election\/","og_locale":"fr_FR","og_type":"article","og_title":"Communication : comment cr\u00e9er une affiche pour une \u00e9lection ?","og_description":"Se lancer dans une campagne \u00e9lectorale n'est pas une mince affaire. Voici comment proc\u00e9der pour cr\u00e9er une affiche r\u00e9ussie pour une \u00e9lection.","og_url":"https:\/\/www.jimprimeenfrance.fr\/blog\/comment-creer-affiche-election\/","og_site_name":"Votre imprimerie en ligne, le blog","article_publisher":"https:\/\/www.facebook.com\/PrintBasPrix","article_published_time":"2019-12-24T07:30:39+00:00","og_image":[{"width":1600,"height":501,"url":"https:\/\/www.jimprimeenfrance.fr\/blog\/wp-content\/uploads\/2019\/12\/Cr\u00e9er-une-affiche-pour-une-\u00e9lection.jpg","type":"image\/jpeg"}],"author":"PrintBasPrix Imprimerie en ligne","twitter_card":"summary_large_image","twitter_creator":"@PrintBasPrix","twitter_site":"@PrintBasPrix","twitter_misc":{"\u00c9crit par":"PrintBasPrix Imprimerie en ligne","Dur\u00e9e de lecture estim\u00e9e":"9 minutes"},"schema":{"@context":"https:\/\/schema.org","@graph":[{"@type":"Article","@id":"https:\/\/www.jimprimeenfrance.fr\/blog\/comment-creer-affiche-election\/#article","isPartOf":{"@id":"https:\/\/www.jimprimeenfrance.fr\/blog\/comment-creer-affiche-election\/"},"author":{"name":"PrintBasPrix Imprimerie en ligne","@id":"https:\/\/www.jimprimeenfrance.fr\/blog\/#\/schema\/person\/711bdd00fc82a687615940c5ae0b412c"},"headline":"Comment cr\u00e9er une affiche pour une \u00e9lection ?","datePublished":"2019-12-24T07:30:39+00:00","mainEntityOfPage":{"@id":"https:\/\/www.jimprimeenfrance.fr\/blog\/comment-creer-affiche-election\/"},"wordCount":1807,"commentCount":0,"publisher":{"@id":"https:\/\/www.jimprimeenfrance.fr\/blog\/#organization"},"image":{"@id":"https:\/\/www.jimprimeenfrance.fr\/blog\/comment-creer-affiche-election\/#primaryimage"},"thumbnailUrl":"https:\/\/www.jimprimeenfrance.fr\/blog\/wp-content\/uploads\/2019\/12\/Cr\u00e9er-une-affiche-pour-une-\u00e9lection.jpg","keywords":["affiche","communication","politique","publicit\u00e9"],"articleSection":["Affiche"],"inLanguage":"fr-FR","potentialAction":[{"@type":"CommentAction","name":"Comment","target":["https:\/\/www.jimprimeenfrance.fr\/blog\/comment-creer-affiche-election\/#respond"]}]},{"@type":"WebPage","@id":"https:\/\/www.jimprimeenfrance.fr\/blog\/comment-creer-affiche-election\/","url":"https:\/\/www.jimprimeenfrance.fr\/blog\/comment-creer-affiche-election\/","name":"Communication : comment cr\u00e9er une affiche pour une \u00e9lection ?","isPartOf":{"@id":"https:\/\/www.jimprimeenfrance.fr\/blog\/#website"},"primaryImageOfPage":{"@id":"https:\/\/www.jimprimeenfrance.fr\/blog\/comment-creer-affiche-election\/#primaryimage"},"image":{"@id":"https:\/\/www.jimprimeenfrance.fr\/blog\/comment-creer-affiche-election\/#primaryimage"},"thumbnailUrl":"https:\/\/www.jimprimeenfrance.fr\/blog\/wp-content\/uploads\/2019\/12\/Cr\u00e9er-une-affiche-pour-une-\u00e9lection.jpg","datePublished":"2019-12-24T07:30:39+00:00","description":"Se lancer dans une campagne \u00e9lectorale n'est pas une mince affaire. Voici comment proc\u00e9der pour cr\u00e9er une affiche r\u00e9ussie pour une \u00e9lection.","breadcrumb":{"@id":"https:\/\/www.jimprimeenfrance.fr\/blog\/comment-creer-affiche-election\/#breadcrumb"},"inLanguage":"fr-FR","potentialAction":[{"@type":"ReadAction","target":["https:\/\/www.jimprimeenfrance.fr\/blog\/comment-creer-affiche-election\/"]}]},{"@type":"ImageObject","inLanguage":"fr-FR","@id":"https:\/\/www.jimprimeenfrance.fr\/blog\/comment-creer-affiche-election\/#primaryimage","url":"https:\/\/www.jimprimeenfrance.fr\/blog\/wp-content\/uploads\/2019\/12\/Cr\u00e9er-une-affiche-pour-une-\u00e9lection.jpg","contentUrl":"https:\/\/www.jimprimeenfrance.fr\/blog\/wp-content\/uploads\/2019\/12\/Cr\u00e9er-une-affiche-pour-une-\u00e9lection.jpg","width":1600,"height":501,"caption":"Comment cr\u00e9er une affiche pour une \u00e9lection"},{"@type":"BreadcrumbList","@id":"https:\/\/www.jimprimeenfrance.fr\/blog\/comment-creer-affiche-election\/#breadcrumb","itemListElement":[{"@type":"ListItem","position":1,"name":"Accueil","item":"https:\/\/www.jimprimeenfrance.fr\/blog\/"},{"@type":"ListItem","position":2,"name":"Comment cr\u00e9er une affiche pour une \u00e9lection ?"}]},{"@type":"WebSite","@id":"https:\/\/www.jimprimeenfrance.fr\/blog\/#website","url":"https:\/\/www.jimprimeenfrance.fr\/blog\/","name":"Votre imprimerie en ligne, le blog","description":"Impressionnez et faites bonne impression avec nos conseils d&#039;imprimerie online","publisher":{"@id":"https:\/\/www.jimprimeenfrance.fr\/blog\/#organization"},"potentialAction":[{"@type":"SearchAction","target":{"@type":"EntryPoint","urlTemplate":"https:\/\/www.jimprimeenfrance.fr\/blog\/?s={search_term_string}"},"query-input":{"@type":"PropertyValueSpecification","valueRequired":true,"valueName":"search_term_string"}}],"inLanguage":"fr-FR"},{"@type":"Organization","@id":"https:\/\/www.jimprimeenfrance.fr\/blog\/#organization","name":"PrintBasPrix - Imprimerie en ligne","url":"https:\/\/www.jimprimeenfrance.fr\/blog\/","logo":{"@type":"ImageObject","inLanguage":"fr-FR","@id":"https:\/\/www.jimprimeenfrance.fr\/blog\/#\/schema\/logo\/image\/","url":"https:\/\/www.jimprimeenfrance.fr\/blog\/wp-content\/uploads\/2018\/07\/cropped-printbasprix-imprimeur-en-ligne.png","contentUrl":"https:\/\/www.jimprimeenfrance.fr\/blog\/wp-content\/uploads\/2018\/07\/cropped-printbasprix-imprimeur-en-ligne.png","width":361,"height":86,"caption":"PrintBasPrix - Imprimerie en ligne"},"image":{"@id":"https:\/\/www.jimprimeenfrance.fr\/blog\/#\/schema\/logo\/image\/"},"sameAs":["https:\/\/www.facebook.com\/PrintBasPrix","https:\/\/x.com\/PrintBasPrix","https:\/\/www.instagram.com\/printbasprix\/","https:\/\/www.linkedin.com\/company\/printbasprix\/","https:\/\/www.youtube.com\/channel\/UC0Ysbd0Gbzzp0yMgrfNQqug"]},{"@type":"Person","@id":"https:\/\/www.jimprimeenfrance.fr\/blog\/#\/schema\/person\/711bdd00fc82a687615940c5ae0b412c","name":"PrintBasPrix Imprimerie en ligne","image":{"@type":"ImageObject","inLanguage":"fr-FR","@id":"https:\/\/secure.gravatar.com\/avatar\/e898f6c9f447b2b28a568c2fec45e0fef703b12c4f80de6258e9bcb2e61aaf27?s=96&r=g","url":"https:\/\/secure.gravatar.com\/avatar\/e898f6c9f447b2b28a568c2fec45e0fef703b12c4f80de6258e9bcb2e61aaf27?s=96&r=g","contentUrl":"https:\/\/secure.gravatar.com\/avatar\/e898f6c9f447b2b28a568c2fec45e0fef703b12c4f80de6258e9bcb2e61aaf27?s=96&r=g","caption":"PrintBasPrix Imprimerie en ligne"},"url":"https:\/\/www.jimprimeenfrance.fr\/blog\/author\/printbasprix-imprimerie-en-ligne\/"}]}},"_links":{"self":[{"href":"https:\/\/www.jimprimeenfrance.fr\/blog\/wp-json\/wp\/v2\/posts\/3330","targetHints":{"allow":["GET"]}}],"collection":[{"href":"https:\/\/www.jimprimeenfrance.fr\/blog\/wp-json\/wp\/v2\/posts"}],"about":[{"href":"https:\/\/www.jimprimeenfrance.fr\/blog\/wp-json\/wp\/v2\/types\/post"}],"author":[{"embeddable":true,"href":"https:\/\/www.jimprimeenfrance.fr\/blog\/wp-json\/wp\/v2\/users\/4"}],"replies":[{"embeddable":true,"href":"https:\/\/www.jimprimeenfrance.fr\/blog\/wp-json\/wp\/v2\/comments?post=3330"}],"version-history":[{"count":16,"href":"https:\/\/www.jimprimeenfrance.fr\/blog\/wp-json\/wp\/v2\/posts\/3330\/revisions"}],"predecessor-version":[{"id":3424,"href":"https:\/\/www.jimprimeenfrance.fr\/blog\/wp-json\/wp\/v2\/posts\/3330\/revisions\/3424"}],"wp:featuredmedia":[{"embeddable":true,"href":"https:\/\/www.jimprimeenfrance.fr\/blog\/wp-json\/wp\/v2\/media\/3417"}],"wp:attachment":[{"href":"https:\/\/www.jimprimeenfrance.fr\/blog\/wp-json\/wp\/v2\/media?parent=3330"}],"wp:term":[{"taxonomy":"category","embeddable":true,"href":"https:\/\/www.jimprimeenfrance.fr\/blog\/wp-json\/wp\/v2\/categories?post=3330"},{"taxonomy":"post_tag","embeddable":true,"href":"https:\/\/www.jimprimeenfrance.fr\/blog\/wp-json\/wp\/v2\/tags?post=3330"}],"curies":[{"name":"wp","href":"https:\/\/api.w.org\/{rel}","templated":true}]}}