{"id":3274,"date":"2019-12-11T08:30:59","date_gmt":"2019-12-11T07:30:59","guid":{"rendered":"https:\/\/www.jimprimeenfrance.fr\/blog\/?p=3274"},"modified":"2019-12-09T17:19:51","modified_gmt":"2019-12-09T16:19:51","slug":"soigner-couverture-magazine","status":"publish","type":"post","link":"https:\/\/www.jimprimeenfrance.fr\/blog\/soigner-couverture-magazine\/","title":{"rendered":"Prenez soin de votre couverture de magazine"},"content":{"rendered":"<p style=\"text-align: justify\">Cr\u00e9er <a href=\"https:\/\/www.jimprimeenfrance.fr\/blog\/comment-creer-un-magazine-papier\/\" target=\"_blank\" rel=\"noopener noreferrer\">un magazine papier<\/a> est une aventure est une aventure passionnante. Entre le choix des articles, des illustrations, de la maquette, du planning \u00e9ditorial&#8230;<\/p>\n<p style=\"text-align: justify\">Il y a beaucoup \u00e0 faire. Mais il ne faut surtout pas n\u00e9gliger la couverture de votre magazine qui a une importance primordiale. C&rsquo;est un travail qui peut s&rsquo;av\u00e9rer difficile, car une bonne composition de couverture de magazine est tout un art.<\/p>\n<p style=\"text-align: justify\">Voyons en d\u00e9tail comment proc\u00e9der pour mettre toutes les chances de son c\u00f4t\u00e9&#8230;<\/p>\n<p>&nbsp;<\/p>\n<h2 style=\"text-align: justify\">Qu&rsquo;est-ce qu&rsquo;une couverture de magazine ?<\/h2>\n<p style=\"text-align: justify\">Tout d&rsquo;abord, revenons sur la d\u00e9finition basique du mot. La couverture de votre magazine repr\u00e9sente la premi\u00e8re page.<\/p>\n<p style=\"text-align: justify\">C&rsquo;est <strong>celle que le lecteur voit en premier<\/strong> et qui va d\u00e9terminer son envie d&rsquo;ouvrir le magazine. En effet, la couverture se compose de divers \u00e9l\u00e9ments qui doivent \u00eatre attractifs et susciter l&rsquo;int\u00e9r\u00eat du public-cible.<\/p>\n<p>&nbsp;<\/p>\n<p style=\"text-align: justify\">Il ne faut surtout pas commettre l&rsquo;erreur de la cr\u00e9er au dernier moment ! En r\u00e9alit\u00e9, l&rsquo;id\u00e9al est de commencer \u00e0 r\u00e9fl\u00e9chir au choix de sa couverture d\u00e8s le d\u00e9but de l&rsquo;\u00e9criture du magazine.<\/p>\n<p style=\"text-align: justify\">D\u00e8s que vous avez une vision approximative du sommaire et du contenu des textes, vous pouvez vous pencher sur le sujet de la couverture. Pour cela, notez des id\u00e9es sur un carnet, griffonnez des croquis&#8230;<\/p>\n<p style=\"text-align: justify\">Une bonne raison de s&rsquo;y prendre en avance, c&rsquo;est aussi que vous allez peut-\u00eatre devoir recourir \u00e0 un prestataire (photographe, graphiste, <a href=\"https:\/\/www.innoveretvendre.com\/comment-trouver-un-bon-illustrateur\/\" target=\"_blank\" rel=\"noopener noreferrer\">illustrateur<\/a>&#8230;). Il est donc proscrit de r\u00e9aliser sa couverture au dernier moment.<\/p>\n<p>&nbsp;<\/p>\n<h2 style=\"text-align: justify\">Les diff\u00e9rents \u00e9l\u00e9ments de la couverture de magazine<\/h2>\n<p style=\"text-align: justify\">Avant de commencer \u00e0 cr\u00e9er votre couverture de magazine, il vous faut comprendre sa structure. Voici les principaux \u00e9l\u00e9ments dont elle se compose.<\/p>\n<p>&nbsp;<\/p>\n<h3 style=\"text-align: justify\">Le nom du magazine<\/h3>\n<p style=\"text-align: justify\">Le nom du magazine doit, \u00e9videmment, \u00eatre tr\u00e8s bien mis en valeur. Il s&rsquo;agit de votre <a href=\"https:\/\/www.jimprimeenfrance.fr\/blog\/comment-creer-image-de-marque-forte-durable\/\" target=\"_blank\" rel=\"noopener noreferrer\">image de marque<\/a> qui va d\u00e9terminer l&rsquo;achat du magazine par les lecteurs.<\/p>\n<p style=\"text-align: justify\">Si vous \u00eates une entreprise, une association ou un comit\u00e9, c&rsquo;est la m\u00eame chose : vous devez absolument mettre en avant le nom de votre soci\u00e9t\u00e9. Ainsi, vos adh\u00e9rents\/employ\u00e9s\/collaborateurs comprendront tout de suite que le magazine leur est adress\u00e9.<\/p>\n<p style=\"text-align: justify\">Traditionnellement, on place le nom <strong>en haut de la couverture, bien centr\u00e9<\/strong>. Il peut \u00eatre compar\u00e9 au titre d&rsquo;un livre.<\/p>\n<p>&nbsp;<\/p>\n<h3 style=\"text-align: justify\">La photo de couverture<\/h3>\n<p style=\"text-align: justify\">La photo de couverture est presque aussi importante que le nom du magazine. Elle repr\u00e9sente l&rsquo;\u00e2me de votre magazine et donne une id\u00e9e de son contenu.<\/p>\n<p style=\"text-align: justify\">Vous avez le choix : <strong>paysage, zoom sur un d\u00e9tail, portrait<\/strong>&#8230; Souvent, la photo de couverture illustre l&rsquo;article ou le dossier principal du reportage.<\/p>\n<p>&nbsp;<\/p>\n<figure id=\"attachment_3367\" aria-describedby=\"caption-attachment-3367\" style=\"width: 986px\" class=\"wp-caption aligncenter\"><img loading=\"lazy\" decoding=\"async\" class=\" wp-image-3367\" src=\"https:\/\/www.jimprimeenfrance.fr\/blog\/wp-content\/uploads\/2019\/12\/La-photo-de-couverture-300x200.jpg\" alt=\"La photo de couverture\" width=\"986\" height=\"657\" srcset=\"https:\/\/www.jimprimeenfrance.fr\/blog\/wp-content\/uploads\/2019\/12\/La-photo-de-couverture-300x200.jpg 300w, https:\/\/www.jimprimeenfrance.fr\/blog\/wp-content\/uploads\/2019\/12\/La-photo-de-couverture-1024x683.jpg 1024w, https:\/\/www.jimprimeenfrance.fr\/blog\/wp-content\/uploads\/2019\/12\/La-photo-de-couverture-768x512.jpg 768w, https:\/\/www.jimprimeenfrance.fr\/blog\/wp-content\/uploads\/2019\/12\/La-photo-de-couverture.jpg 1254w\" sizes=\"auto, (max-width: 986px) 100vw, 986px\" \/><figcaption id=\"caption-attachment-3367\" class=\"wp-caption-text\">La photo de couverture<\/figcaption><\/figure>\n<p style=\"text-align: justify\">Bien s\u00fbr, il ne doit pas s&rsquo;agir obligatoirement d&rsquo;une photographie. Vous pouvez opter pour un dessin ou une illustration : c&rsquo;est tr\u00e8s original et souvent atypique.<\/p>\n<p style=\"text-align: justify\">Veillez surtout \u00e0 ce que votre photo ou image soit de tr\u00e8s belle qualit\u00e9 et ne \u00ab\u00a0cache\u00a0\u00bb pas les titres et textes. Attention \u00e9galement au <a href=\"https:\/\/www.service-public.fr\/particuliers\/vosdroits\/F32103\" target=\"_blank\" rel=\"noopener noreferrer\">droit \u00e0 l&rsquo;image<\/a> en ce qui concerne les personnages publics et priv\u00e9s.<\/p>\n<p>&nbsp;<\/p>\n<h3 style=\"text-align: justify\">Le fond<\/h3>\n<p style=\"text-align: justify\">Certains choisissent de ne pas mettre de photographie ou d&rsquo;image en couverture de magazine. Dans ce cas, il est possible d&rsquo;opter pour un fond uni ou \u00e0 motifs.<\/p>\n<p style=\"text-align: justify\">Dans ce cas, choisissez soigneusement la couleur ou l&rsquo;imprim\u00e9 qui va repr\u00e9senter votre magazine. Cela peut \u00eatre une nuance qui rappelle l&rsquo;identit\u00e9 visuelle de votre entreprise ou un <a href=\"https:\/\/www.artiste.org\/mouvements\/\" target=\"_blank\" rel=\"noopener noreferrer\">mouvement artistique<\/a>.<\/p>\n<p style=\"text-align: justify\">Si vous optez pour des motifs ou des effets (relief pop-up, brillance, flou&#8230;) , attention \u00e0 la surcharge ! Votre couverture doit rester <strong>lisible et \u00e9pur\u00e9e<\/strong>.<\/p>\n<p>&nbsp;<\/p>\n<h3 style=\"text-align: justify\">Les titres\u00a0<\/h3>\n<p style=\"text-align: justify\">Les titres et sous-titres sont <strong>un sommaire en r\u00e9sum\u00e9<\/strong> de votre magazine. Ils indiquent au lecteur ce qu&rsquo;il pourra apprendre en ouvrant ces pages.<\/p>\n<p style=\"text-align: justify\">Vous devez faire une s\u00e9lection des articles, interviews et reportages que vous voulez mettre en valeur. En effet, il n&rsquo;est pas question de mettre les titres de l&rsquo;int\u00e9gralit\u00e9 des r\u00e9dactionnels de votre magazine.<\/p>\n<p>&nbsp;<\/p>\n<p style=\"text-align: justify\">Autre chose : les titres de la couverture ne sont pas oblig\u00e9s d&rsquo;\u00eatre exactement les m\u00eames que ceux dans le magazine. Vous pouvez tr\u00e8s bien modifier un titre pour qu&rsquo;il soit un peu plus accrocheur en couverture.<\/p>\n<p style=\"text-align: justify\">De mani\u00e8re g\u00e9n\u00e9rale, cantonnez-vous \u00e0 quatre ou cinq titres maximum en couverture pour ne pas donner un effet trop fouillis. Il est conseill\u00e9 de <strong>varier les tailles des titres<\/strong> pour mettre en valeur les contenus les plus importants, mais aussi pour \u00e9viter d&rsquo;avoir une couverture trop \u00ab\u00a0lisse\u00a0\u00bb et standardis\u00e9e.<\/p>\n<p>&nbsp;<\/p>\n<h3 style=\"text-align: justify\">Les textes<\/h3>\n<p style=\"text-align: justify\">Vos plus gros titres peuvent s&rsquo;accompagner d&rsquo;un petit texte. Il s&rsquo;agit de <strong>quelques lignes<\/strong> qui en disent un peu plus sur le sujet et qui donnent envie au lecteur de lire l&rsquo;article.<\/p>\n<p style=\"text-align: justify\">N&rsquo;abusez pas de ces courts textes. Il ne doit pas y en avoir plus de deux ou trois et il ne doivent pas d\u00e9passer les trois lignes.<\/p>\n<p style=\"text-align: justify\">Ne faites surtout pas l&rsquo;erreur de copier le d\u00e9but d&rsquo;un article : ces textes doivent \u00eatre originaux.<\/p>\n<p>&nbsp;<\/p>\n<figure id=\"attachment_3362\" aria-describedby=\"caption-attachment-3362\" style=\"width: 918px\" class=\"wp-caption aligncenter\"><img loading=\"lazy\" decoding=\"async\" class=\" wp-image-3362\" src=\"https:\/\/www.jimprimeenfrance.fr\/blog\/wp-content\/uploads\/2019\/12\/citacion_Paul-Bennett_-300x200.jpg\" alt=\"&quot;Le design est dans les d\u00e9tails&quot;\" width=\"918\" height=\"612\" srcset=\"https:\/\/www.jimprimeenfrance.fr\/blog\/wp-content\/uploads\/2019\/12\/citacion_Paul-Bennett_-300x200.jpg 300w, https:\/\/www.jimprimeenfrance.fr\/blog\/wp-content\/uploads\/2019\/12\/citacion_Paul-Bennett_-1024x683.jpg 1024w, https:\/\/www.jimprimeenfrance.fr\/blog\/wp-content\/uploads\/2019\/12\/citacion_Paul-Bennett_-768x512.jpg 768w, https:\/\/www.jimprimeenfrance.fr\/blog\/wp-content\/uploads\/2019\/12\/citacion_Paul-Bennett_.jpg 1254w\" sizes=\"auto, (max-width: 918px) 100vw, 918px\" \/><figcaption id=\"caption-attachment-3362\" class=\"wp-caption-text\">\u00ab\u00a0Le design est dans les d\u00e9tails\u00a0\u00bb<\/figcaption><\/figure>\n<blockquote>\n<p><em>\u00ab\u00a0Le design est dans les d\u00e9tails\u00a0\u00bb<\/em><\/p>\n<\/blockquote>\n<p><em>Paul Bennett, graphiste<\/em><\/p>\n<p>&nbsp;<\/p>\n<h2 style=\"text-align: justify\">Les conseils indispensables pour r\u00e9aliser sa couverture de magazine<\/h2>\n<p style=\"text-align: justify\">Il n&rsquo;y a pas de recette miracle pour cr\u00e9er sa couverture. Toutefois, quelques bons conseils peuvent faire la diff\u00e9rence&#8230;<\/p>\n<h3 style=\"text-align: justify\">Trouver son buyer persona<\/h3>\n<p style=\"text-align: justify\">Il est tr\u00e8s important de penser \u00e0 son <a href=\"https:\/\/www.jimprimeenfrance.fr\/blog\/comment-construire-ses-buyer-persona\/\" target=\"_blank\" rel=\"noopener noreferrer\">buyer persona<\/a> en \u00e9laborant la couverture. Normalement, si vous avez fait les choses dans le bon ordre, vous avez cr\u00e9e votre buyer persona avant m\u00eame de commencer \u00e0 cr\u00e9er le contenu de votre magazine.<\/p>\n<p style=\"text-align: justify\">Pour rappel, un buyer persona est un <strong>profil-type de votre lectorat<\/strong>. Il repr\u00e9sente le public que vous visez. Selon le th\u00e8me de votre magazine, cela peut \u00eatre un collaborateur de votre groupe, un membre de votre parti politique ou de votre comit\u00e9, un citoyen curieux \u00e0 convaincre&#8230;<\/p>\n<p style=\"text-align: justify\">Pour cr\u00e9er un buyer persona, il faut d\u00e9finir quelles sont les donn\u00e9es socio-d\u00e9mographiques de votre destinataire :<\/p>\n<ul>\n<li style=\"text-align: justify\">Est-ce un homme ou une femme ?<\/li>\n<li style=\"text-align: justify\">A-t-il 25-30 ans ou 40-50 ans ?<\/li>\n<li style=\"text-align: justify\">Vit-il dans une <a href=\"http:\/\/www.cci-paris-idf.fr\/etudes\/organisation\/crocis\/chiffres-cles\/chiffres-cles-region-ile-de-france-crocis\" target=\"_blank\" rel=\"noopener noreferrer\">grande ville<\/a>, en banlieue, \u00e0 la campagne ?<\/li>\n<li style=\"text-align: justify\">Quelles sont ses activit\u00e9s et ses loisirs ?<\/li>\n<\/ul>\n<p style=\"text-align: justify\">En fonction des r\u00e9ponses \u00e0 ces questions, vous pourrez cr\u00e9er une couverture qui correspond aux d\u00e9sirs et aux go\u00fbts de votre lectorat.<\/p>\n<p>&nbsp;<\/p>\n<h3 style=\"text-align: justify\">R\u00e9fl\u00e9chir \u00e0 la bonne typographie<\/h3>\n<p style=\"text-align: justify\">La typographie est un \u00e9l\u00e9ment indispensable du graphisme de votre couverture. Elle doit refl\u00e9ter \u00e0 la perfection l&rsquo;esprit de votre magazine.<\/p>\n<p style=\"text-align: justify\">Ne vous cantonnez donc pas aux polices de texte que vous utilisez habituellement pour \u00e9crire. Un petit tour sur <a href=\"https:\/\/fonts.google.com\/\" target=\"_blank\" rel=\"noopener noreferrer\">Google Fonts<\/a> suffira \u00e0 vous montrer l&rsquo;\u00e9tendue des possibles en mati\u00e8re de typographie.<\/p>\n<p style=\"text-align: justify\">Toutefois, attention \u00e0 ne pas utiliser de polices de textes trop fantaisistes, qui deviendraient vite illisibles. De plus, retenez cette r\u00e8gle : <strong>pas plus de trois polices de texte<\/strong> diff\u00e9rentes sur une couverture (deux dans l&rsquo;id\u00e9al).<\/p>\n<p>&nbsp;<\/p>\n<h3 style=\"text-align: justify\">Ne pas h\u00e9siter \u00e0 faire appel \u00e0 un graphiste<\/h3>\n<p style=\"text-align: justify\">Tout le monde ne s&rsquo;invente pas des talents de maquettiste et d&rsquo;iconographe. Si vous n&rsquo;avez pas confiance en vos comp\u00e9tences et si vous ne ma\u00eetrisez aucun logiciel de PAO, faites appel \u00e0 un designer.<\/p>\n<p style=\"text-align: justify\">Cet <a href=\"https:\/\/www.jimprimeenfrance.fr\/blog\/designer-graphiste-infographiste-difference\/\" target=\"_blank\" rel=\"noopener noreferrer\">expert du graphisme<\/a> saura \u00e9couter vos requ\u00eates et cr\u00e9er une couverture qui corresponde exactement \u00e0 ce que vous d\u00e9sirez. Le design sera professionnel et de grande qualit\u00e9.<\/p>\n<p>&nbsp;<\/p>\n<figure id=\"attachment_3365\" aria-describedby=\"caption-attachment-3365\" style=\"width: 974px\" class=\"wp-caption aligncenter\"><img loading=\"lazy\" decoding=\"async\" class=\" wp-image-3365\" src=\"https:\/\/www.jimprimeenfrance.fr\/blog\/wp-content\/uploads\/2019\/12\/Ne-pas-h\u00e9siter-\u00e0-faire-appel-\u00e0-un-graphiste-300x200.jpg\" alt=\"Ne pas h\u00e9siter \u00e0 faire appel \u00e0 un graphiste\" width=\"974\" height=\"649\" srcset=\"https:\/\/www.jimprimeenfrance.fr\/blog\/wp-content\/uploads\/2019\/12\/Ne-pas-h\u00e9siter-\u00e0-faire-appel-\u00e0-un-graphiste-300x200.jpg 300w, https:\/\/www.jimprimeenfrance.fr\/blog\/wp-content\/uploads\/2019\/12\/Ne-pas-h\u00e9siter-\u00e0-faire-appel-\u00e0-un-graphiste-1024x683.jpg 1024w, https:\/\/www.jimprimeenfrance.fr\/blog\/wp-content\/uploads\/2019\/12\/Ne-pas-h\u00e9siter-\u00e0-faire-appel-\u00e0-un-graphiste-768x512.jpg 768w, https:\/\/www.jimprimeenfrance.fr\/blog\/wp-content\/uploads\/2019\/12\/Ne-pas-h\u00e9siter-\u00e0-faire-appel-\u00e0-un-graphiste.jpg 1254w\" sizes=\"auto, (max-width: 974px) 100vw, 974px\" \/><figcaption id=\"caption-attachment-3365\" class=\"wp-caption-text\">Ne pas h\u00e9siter \u00e0 faire appel \u00e0 un graphiste<\/figcaption><\/figure>\n<p>&nbsp;<\/p>\n<h3 style=\"text-align: justify\">Attention aux bad buzz<\/h3>\n<p style=\"text-align: justify\">Certains \u00e9diteurs de revues ont voulu bien faire&#8230; et ont cr\u00e9\u00e9 un v\u00e9ritable bad buzz. R\u00e9fl\u00e9chissez soigneusement au choix de vos images et de vos titres !<\/p>\n<p style=\"text-align: justify\">Les illustrations douteuses, les mauvais jeux de mots et les encha\u00eenements malheureux de phrases risquent de vous faire du tort. Rappelez-vous le triste exemple du <a href=\"http:\/\/nymag.com\/intelligencer\/2015\/03\/college-catalogue-shows-white-men-winning-it-all.html?gtm=bottom\" target=\"_blank\" rel=\"noopener noreferrer\">magazine de l&rsquo;Universit\u00e9 de G\u00e9orgie du Nord,<\/a> aux Etats-Unis.<\/p>\n<p style=\"text-align: justify\">Sa photo de couverture repr\u00e9sentait deux hommes blancs en train de gagner une course, d\u00e9passant une femme et un homme noir. L&rsquo;illustration \u00e9tait titr\u00e9e : \u00ab\u00a0Pourquoi suivre quand vous pouvez DIRIGER !\u00a0\u00bb<\/p>\n<figure style=\"width: 570px\" class=\"wp-caption aligncenter\"><img loading=\"lazy\" decoding=\"async\" class=\"size-large\" src=\"https:\/\/img.huffingtonpost.com\/asset\/5d01e70724000051178b0bbc.jpeg\" alt=\"Couverture bad buzz\" width=\"570\" height=\"687\" \/><figcaption class=\"wp-caption-text\">Attention aux couvertures bad buzz.<\/figcaption><\/figure>\n<p style=\"text-align: justify\">La couverture a fait un \u00e9norme bad buzz sur les r\u00e9seaux sociaux, de nombreux internautes d\u00e9non\u00e7ant la discrimination \u00e0 l&#8217;emploi aux Etats-Unis.<\/p>\n<p>&nbsp;<\/p>\n<h3 style=\"text-align: justify\">Pr\u00e9voir la couverture des prochains num\u00e9ros<\/h3>\n<p style=\"text-align: justify\">D\u00e8s que vous avez termin\u00e9 la couverture de votre magazine, commencez presque imm\u00e9diatement \u00e0 penser \u00e0 la suivante. C&rsquo;est le secret pour ne pas \u00eatre d\u00e9bord\u00e9 et avoir le temps de m\u00fbrir un projet dans sa t\u00eate.<\/p>\n<p style=\"text-align: justify\">Votre prochaine couverture sera probablement encore meilleure que celle-ci !<\/p>\n<p>&nbsp;<\/p>\n<h3 style=\"text-align: justify\">Faire diff\u00e9rent tous les mois&#8230;<\/h3>\n<p style=\"text-align: justify\">Si votre magazine sort tous les mois (ou tous les semestres ou trimestres), veillez \u00e0 ce que les couvertures des num\u00e9ros soient vraiment diff\u00e9rentes les unes des autres.<\/p>\n<p style=\"text-align: justify\">Le lecteur doit pouvoir les identifier d&rsquo;un simple coup d\u2019\u0153il.<\/p>\n<p>&nbsp;<\/p>\n<h3 style=\"text-align: justify\">&#8230;tout en conservant une unit\u00e9<\/h3>\n<p style=\"text-align: justify\">Cependant, on doit quand m\u00eame voir qu&rsquo;il s&rsquo;agit du m\u00eame magazine. Il faut conserver une certaine <strong>coh\u00e9rence<\/strong> dans le choix des images et de la titraille et ne pas changer radicalement de style \u00e0 chaque num\u00e9ro.<\/p>\n<p style=\"text-align: justify\">Le lecteur aura plaisir \u00e0 se retrouver \u00ab\u00a0en terrain connu\u00a0\u00bb en voyant la couverture de son magazine tous les mois.<\/p>\n<p>&nbsp;<\/p>\n<figure id=\"attachment_3363\" aria-describedby=\"caption-attachment-3363\" style=\"width: 989px\" class=\"wp-caption aligncenter\"><img loading=\"lazy\" decoding=\"async\" class=\" wp-image-3363\" src=\"https:\/\/www.jimprimeenfrance.fr\/blog\/wp-content\/uploads\/2019\/12\/citacion_Paul-Rand_-300x182.jpg\" alt=\"&quot;N'essayez pas d'\u00eatre original, contentez-vous d'\u00eatre bon&quot; \" width=\"989\" height=\"600\" srcset=\"https:\/\/www.jimprimeenfrance.fr\/blog\/wp-content\/uploads\/2019\/12\/citacion_Paul-Rand_-300x182.jpg 300w, https:\/\/www.jimprimeenfrance.fr\/blog\/wp-content\/uploads\/2019\/12\/citacion_Paul-Rand_-1024x621.jpg 1024w, https:\/\/www.jimprimeenfrance.fr\/blog\/wp-content\/uploads\/2019\/12\/citacion_Paul-Rand_-768x466.jpg 768w, https:\/\/www.jimprimeenfrance.fr\/blog\/wp-content\/uploads\/2019\/12\/citacion_Paul-Rand_.jpg 1315w\" sizes=\"auto, (max-width: 989px) 100vw, 989px\" \/><figcaption id=\"caption-attachment-3363\" class=\"wp-caption-text\">\u00ab\u00a0N&rsquo;essayez pas d&rsquo;\u00eatre original, contentez-vous d&rsquo;\u00eatre bon\u00a0\u00bb<\/figcaption><\/figure>\n<blockquote>\n<p><em>\u00ab\u00a0N&rsquo;essayez pas d&rsquo;\u00eatre original, contentez-vous d&rsquo;\u00eatre bon\u00a0\u00bb <\/em><\/p>\n<\/blockquote>\n<p><em>Paul Rand, graphiste<\/em><\/p>\n<p>&nbsp;<\/p>\n<h2 style=\"text-align: justify\">Choisir sa couverture selon le style de magazine<\/h2>\n<p style=\"text-align: justify\">Bien s\u00fbr, vous devez imp\u00e9rativement tenir compte du th\u00e8me de votre magazine. Selon les sujets abord\u00e9s, votre couverture sera compl\u00e8tement diff\u00e9rente.<\/p>\n<h3 style=\"text-align: justify\">Un magazine d&rsquo;entreprise<\/h3>\n<p style=\"text-align: justify\">Votre magazine d&rsquo;entreprise doit \u00eatre le vecteur des valeurs de votre entreprise. Le nom et le <a href=\"https:\/\/www.jimprimeenfrance.fr\/blog\/exemples-ameliorer-logo-communication-visuelle\/\" target=\"_blank\" rel=\"noopener noreferrer\">logo<\/a> de votre soci\u00e9t\u00e9 doivent \u00eatre bien mises en valeur sur la couverture.<\/p>\n<p style=\"text-align: justify\">Pour l&rsquo;illustration, vous pouvez choisir une photo de tous les collaborateurs r\u00e9unis pour insister sur l&rsquo;esprit de groupe. Surtout, soyez positif dans vos choix de visuels et de titres.<\/p>\n<p>&nbsp;<\/p>\n<h3 style=\"text-align: justify\">Un magazine municipal<\/h3>\n<p style=\"text-align: justify\">Un <a href=\"https:\/\/www.jimprimeenfrance.fr\/blog\/magazine-municipal-bulletin-municipal-pourquoi-comment\/\" target=\"_blank\" rel=\"noopener noreferrer\">magazine municipal<\/a> ou politique doit \u00eatre assez sobre. Loin d&rsquo;\u00eatre un magazine de mode, il doit inspirer le s\u00e9rieux et la responsabilit\u00e9.<\/p>\n<p style=\"text-align: justify\">Ne tombez pas toutefois dans le travers d&rsquo;un design \u00ab\u00a0old school\u00a0\u00bb. Votre magazine parle de la soci\u00e9t\u00e9 actuelle et doit donc \u00eatre moderne et engageant.<\/p>\n<p>&nbsp;<\/p>\n<h3 style=\"text-align: justify\">Un magazine d&rsquo;association<\/h3>\n<p style=\"text-align: justify\">Dans ce cas pr\u00e9cis, tout d\u00e9pend du th\u00e8me de votre association : politique, \u00e9cologie, humanitaire, scolaire&#8230; Pour attirer de nouveaux adh\u00e9rents et renforcer la fid\u00e9lit\u00e9 de ceux qui le sont d\u00e9j\u00e0, donnez une image tr\u00e8s enthousiaste de votre association.<\/p>\n<p style=\"text-align: justify\">On doit comprendre uniquement en voyant la couverture de votre magazine que votre association est vivante et active.<\/p>\n<p>&nbsp;<\/p>\n<h3 style=\"text-align: justify\">Un magazine culturel ou de tourisme<\/h3>\n<p style=\"text-align: justify\">Un magazine \u00e9dit\u00e9 par une agence de voyage ou un office de <a href=\"https:\/\/www.jimprimeenfrance.fr\/blog\/creer-brochure-touristique-attire-clients-comment-faire\/\" target=\"_blank\" rel=\"noopener noreferrer\">tourisme<\/a> doit faire r\u00eaver. Votre couverture doit imp\u00e9rativement comporter une magnifique photo de la ville, de la r\u00e9gion ou du pays en vedette.<\/p>\n<p style=\"text-align: justify\">Allez voir du c\u00f4t\u00e9 des banques d&rsquo;image ou faites confiance \u00e0 un photographe professionnel pour des images uniques. Dans le cas d&rsquo;un magazine culturel, on voit souvent sur la couverture la photo-portrait d&rsquo;un \u00e9crivain, d&rsquo;un chanteur ou d&rsquo;un acteur.<\/p>\n<p>&nbsp;<\/p>\n<p style=\"text-align: justify\">Ces personnalit\u00e9s sont bien souvent interview\u00e9es dans le magazine et sont les \u00ab\u00a0vedettes\u00a0\u00bb du num\u00e9ro. Le choix d&rsquo;une photographie-portrait ne doit pas se faire \u00e0 la l\u00e9g\u00e8re.<\/p>\n<p style=\"text-align: justify\">Demandez obligatoirement l&rsquo;avis de la personne concern\u00e9e avant de publier.<\/p>\n<p>&nbsp;<\/p>\n<h3 style=\"text-align: justify\">Un magazine de loisir (sport, cuisine, animaux&#8230;)<\/h3>\n<p style=\"text-align: justify\">Ce type de magazine doit refl\u00e9ter votre passion (et celle de vos lecteur) pour un sujet. Si c&rsquo;est la cuisine, misez sur des photographies all\u00e9chantes et gourmandes en couverture.<\/p>\n<p style=\"text-align: justify\">Si ce sont les animaux, utilisez de belles images prises par des <a href=\"https:\/\/www.superprof.fr\/blog\/guide-apprenti-photographe-d-animaux\/\" target=\"_blank\" rel=\"noopener noreferrer\">photographes animaliers<\/a>. Le sport ou le fitness ?<\/p>\n<p style=\"text-align: justify\">Votre couverture doit inspirer la force, la rapidit\u00e9 et le dynamisme. Pour un sujet plus pointu comme la philosophie ou la psychologie, la couverture doit \u00e9voquer la sagesse et la s\u00e9r\u00e9nit\u00e9. Misez sur des couleurs apaisantes et des visuels inspirants.<\/p>\n<p>&nbsp;<\/p>\n<figure id=\"attachment_3368\" aria-describedby=\"caption-attachment-3368\" style=\"width: 621px\" class=\"wp-caption aligncenter\"><img loading=\"lazy\" decoding=\"async\" class=\" wp-image-3368\" src=\"https:\/\/www.jimprimeenfrance.fr\/blog\/wp-content\/uploads\/2019\/12\/Un-magazine-de-loisir-200x300.jpg\" alt=\"Un magazine de loisir\" width=\"621\" height=\"932\" srcset=\"https:\/\/www.jimprimeenfrance.fr\/blog\/wp-content\/uploads\/2019\/12\/Un-magazine-de-loisir-200x300.jpg 200w, https:\/\/www.jimprimeenfrance.fr\/blog\/wp-content\/uploads\/2019\/12\/Un-magazine-de-loisir-683x1024.jpg 683w, https:\/\/www.jimprimeenfrance.fr\/blog\/wp-content\/uploads\/2019\/12\/Un-magazine-de-loisir-768x1151.jpg 768w\" sizes=\"auto, (max-width: 621px) 100vw, 621px\" \/><figcaption id=\"caption-attachment-3368\" class=\"wp-caption-text\">Un magazine de loisir<\/figcaption><\/figure>\n<p>&nbsp;<\/p>\n<h2 style=\"text-align: justify\">Imprimez votre magazine sur Printbasprix.com<\/h2>\n<p style=\"text-align: justify\">Vous \u00eates convaincu par le r\u00e9sultat de votre couverture ? Il ne vous reste plus qu&rsquo;\u00e0 imprimer votre superbe magazine fra\u00eechement r\u00e9alis\u00e9.<\/p>\n<p style=\"text-align: justify\">Pour cela, vous pouvez vous rendre sur le <strong>site d&rsquo;imprimerie en ligne<\/strong> <a href=\"https:\/\/www.jimprimeenfrance.fr\/\" target=\"_blank\" rel=\"noopener noreferrer\">Printbasprix.com<\/a> et t\u00e9l\u00e9charger vos fichiers. Le site vous offre la garantie d&rsquo;imprimer un contenu de qualit\u00e9, pr\u00eat \u00e0 \u00eatre distribu\u00e9 \u00e0 votre public.<\/p>\n<p>&nbsp;<\/p>\n<figure id=\"attachment_3369\" aria-describedby=\"caption-attachment-3369\" style=\"width: 950px\" class=\"wp-caption aligncenter\"><img loading=\"lazy\" decoding=\"async\" class=\" wp-image-3369\" src=\"https:\/\/www.jimprimeenfrance.fr\/blog\/wp-content\/uploads\/2019\/12\/Imprimez-votre-magazine-sur-Printbasprix-300x179.jpg\" alt=\"Imprimez votre magazine sur Printbasprix\" width=\"950\" height=\"567\" srcset=\"https:\/\/www.jimprimeenfrance.fr\/blog\/wp-content\/uploads\/2019\/12\/Imprimez-votre-magazine-sur-Printbasprix-300x179.jpg 300w, https:\/\/www.jimprimeenfrance.fr\/blog\/wp-content\/uploads\/2019\/12\/Imprimez-votre-magazine-sur-Printbasprix-1024x610.jpg 1024w, https:\/\/www.jimprimeenfrance.fr\/blog\/wp-content\/uploads\/2019\/12\/Imprimez-votre-magazine-sur-Printbasprix-768x458.jpg 768w, https:\/\/www.jimprimeenfrance.fr\/blog\/wp-content\/uploads\/2019\/12\/Imprimez-votre-magazine-sur-Printbasprix.jpg 1327w\" sizes=\"auto, (max-width: 950px) 100vw, 950px\" \/><figcaption id=\"caption-attachment-3369\" class=\"wp-caption-text\">Imprimez votre magazine sur Printbasprix<\/figcaption><\/figure>\n<p style=\"text-align: justify\">Sur Printbasprix, vous pouvez cr\u00e9er tous les supports print publicitaires dont vous avez besoin. C&rsquo;est l&rsquo;occasion de promouvoir votre entreprise, association, comit\u00e9 ou groupe.<\/p>\n<p style=\"text-align: justify\">En plus de votre magazine, vous avez la possibilit\u00e9 de cr\u00e9er et imprimer :<\/p>\n<ul style=\"text-align: justify\">\n<li>\n<p>Des <a href=\"https:\/\/www.jimprimeenfrance.fr\/impression-flyer-en-ligne\" target=\"_blank\" rel=\"noopener noreferrer\">flyers et tracts<\/a>.<\/p>\n<\/li>\n<li>\n<p>De <a href=\"https:\/\/www.jimprimeenfrance.fr\/impression-affiche-en-ligne\" target=\"_blank\" rel=\"noopener noreferrer\">grandes affiches<\/a>.<\/p>\n<\/li>\n<li>\n<p>Des <a href=\"https:\/\/www.jimprimeenfrance.fr\/impression-depliant\" target=\"_blank\" rel=\"noopener noreferrer\">d\u00e9pliants<\/a>.<\/p>\n<\/li>\n<li>\n<p>Un large choix d&rsquo;objets publicitaires aux couleurs de votre entreprise (calendrier, carte de v\u0153ux, set de table, jeu de cartes&#8230;).<\/p>\n<\/li>\n<li>\n<p>Des <a href=\"https:\/\/www.jimprimeenfrance.fr\/impression-carte-de-visite\" target=\"_blank\" rel=\"noopener noreferrer\">cartes de visite<\/a>.<\/p>\n<\/li>\n<\/ul>\n<p style=\"text-align: justify\">Pourquoi ne pas glisser un tract dans votre magazine avant de le distribuer ou de le vendre ? Une tr\u00e8s bonne id\u00e9e consiste aussi \u00e0 offrir des goodies en plus de votre magazine.<\/p>\n<p style=\"text-align: justify\">Le choix est vaste : stylo, accroche-porte, bo\u00eete \u00e0 drag\u00e9es, jeu de soci\u00e9t\u00e9&#8230; C&rsquo;est un excellent moyen d&rsquo;attirer la sympathie de votre lecteur et de renforcer l&rsquo;image de marque de votre entreprise.<\/p>\n<p style=\"text-align: justify\">Vous pouvez personnaliser ces goodies en y ajoutant le nom, le logo, et pourquoi pas m\u00eame le slogan de votre soci\u00e9t\u00e9.<\/p>\n","protected":false},"excerpt":{"rendered":"<p>Cr\u00e9er un magazine papier est une aventure est une aventure passionnante. Entre le choix des articles, des illustrations, de la maquette, du planning \u00e9ditorial&#8230; Il y a beaucoup \u00e0 faire. Mais il ne faut surtout pas n\u00e9gliger la couverture de votre magazine qui a une importance primordiale. C&rsquo;est un travail qui peut s&rsquo;av\u00e9rer difficile, car [&hellip;]<\/p>\n","protected":false},"author":4,"featured_media":3356,"comment_status":"open","ping_status":"open","sticky":false,"template":"","format":"standard","meta":{"_editorskit_title_hidden":false,"_editorskit_reading_time":0,"_editorskit_is_block_options_detached":false,"_editorskit_block_options_position":"{}","footnotes":""},"categories":[32],"tags":[289,234,290,10],"class_list":["post-3274","post","type-post","status-publish","format-standard","has-post-thumbnail","hentry","category-magazine","tag-couverture","tag-impression","tag-magazine","tag-publicite"],"yoast_head":"<!-- This site is optimized with the Yoast SEO plugin v27.5 - https:\/\/yoast.com\/product\/yoast-seo-wordpress\/ -->\r\n<title>Comment r\u00e9aliser une belle couverture de magazine ?<\/title>\r\n<meta name=\"description\" content=\"Une couverture de magazine doit \u00eatre choisie avec soin. Elle repr\u00e9sente la fa\u00e7ade de votre magazine et a pour but d&#039;attirer le lecteur.\" \/>\r\n<meta name=\"robots\" content=\"index, follow, max-snippet:-1, max-image-preview:large, max-video-preview:-1\" \/>\r\n<link rel=\"canonical\" href=\"https:\/\/www.jimprimeenfrance.fr\/blog\/soigner-couverture-magazine\/\" \/>\r\n<meta property=\"og:locale\" content=\"fr_FR\" \/>\r\n<meta property=\"og:type\" content=\"article\" \/>\r\n<meta property=\"og:title\" content=\"Comment r\u00e9aliser une belle couverture de magazine ?\" \/>\r\n<meta property=\"og:description\" content=\"Une couverture de magazine doit \u00eatre choisie avec soin. Elle repr\u00e9sente la fa\u00e7ade de votre magazine et a pour but d&#039;attirer le lecteur.\" \/>\r\n<meta property=\"og:url\" content=\"https:\/\/www.jimprimeenfrance.fr\/blog\/soigner-couverture-magazine\/\" \/>\r\n<meta property=\"og:site_name\" content=\"Votre imprimerie en ligne, le blog\" \/>\r\n<meta property=\"article:publisher\" content=\"https:\/\/www.facebook.com\/PrintBasPrix\" \/>\r\n<meta property=\"article:published_time\" content=\"2019-12-11T07:30:59+00:00\" \/>\r\n<meta property=\"og:image\" content=\"https:\/\/www.jimprimeenfrance.fr\/blog\/wp-content\/uploads\/2019\/12\/Prenez-soin_de-votre_couverture-de-magazine.jpg\" \/>\r\n\t<meta property=\"og:image:width\" content=\"1998\" \/>\r\n\t<meta property=\"og:image:height\" content=\"625\" \/>\r\n\t<meta property=\"og:image:type\" content=\"image\/jpeg\" \/>\r\n<meta name=\"author\" content=\"PrintBasPrix Imprimerie en ligne\" \/>\r\n<meta name=\"twitter:card\" content=\"summary_large_image\" \/>\r\n<meta name=\"twitter:creator\" content=\"@PrintBasPrix\" \/>\r\n<meta name=\"twitter:site\" content=\"@PrintBasPrix\" \/>\r\n<meta name=\"twitter:label1\" content=\"\u00c9crit par\" \/>\n\t<meta name=\"twitter:data1\" content=\"PrintBasPrix Imprimerie en ligne\" \/>\n\t<meta name=\"twitter:label2\" content=\"Dur\u00e9e de lecture estim\u00e9e\" \/>\n\t<meta name=\"twitter:data2\" content=\"12 minutes\" \/>\r\n<script type=\"application\/ld+json\" class=\"yoast-schema-graph\">{\"@context\":\"https:\\\/\\\/schema.org\",\"@graph\":[{\"@type\":\"Article\",\"@id\":\"https:\\\/\\\/www.jimprimeenfrance.fr\\\/blog\\\/soigner-couverture-magazine\\\/#article\",\"isPartOf\":{\"@id\":\"https:\\\/\\\/www.jimprimeenfrance.fr\\\/blog\\\/soigner-couverture-magazine\\\/\"},\"author\":{\"name\":\"PrintBasPrix Imprimerie en ligne\",\"@id\":\"https:\\\/\\\/www.jimprimeenfrance.fr\\\/blog\\\/#\\\/schema\\\/person\\\/711bdd00fc82a687615940c5ae0b412c\"},\"headline\":\"Prenez soin de votre couverture de magazine\",\"datePublished\":\"2019-12-11T07:30:59+00:00\",\"mainEntityOfPage\":{\"@id\":\"https:\\\/\\\/www.jimprimeenfrance.fr\\\/blog\\\/soigner-couverture-magazine\\\/\"},\"wordCount\":2389,\"commentCount\":0,\"publisher\":{\"@id\":\"https:\\\/\\\/www.jimprimeenfrance.fr\\\/blog\\\/#organization\"},\"image\":{\"@id\":\"https:\\\/\\\/www.jimprimeenfrance.fr\\\/blog\\\/soigner-couverture-magazine\\\/#primaryimage\"},\"thumbnailUrl\":\"https:\\\/\\\/www.jimprimeenfrance.fr\\\/blog\\\/wp-content\\\/uploads\\\/2019\\\/12\\\/Prenez-soin_de-votre_couverture-de-magazine.jpg\",\"keywords\":[\"couverture\",\"impression\",\"magazine\",\"publicit\u00e9\"],\"articleSection\":[\"Magazine\"],\"inLanguage\":\"fr-FR\",\"potentialAction\":[{\"@type\":\"CommentAction\",\"name\":\"Comment\",\"target\":[\"https:\\\/\\\/www.jimprimeenfrance.fr\\\/blog\\\/soigner-couverture-magazine\\\/#respond\"]}]},{\"@type\":\"WebPage\",\"@id\":\"https:\\\/\\\/www.jimprimeenfrance.fr\\\/blog\\\/soigner-couverture-magazine\\\/\",\"url\":\"https:\\\/\\\/www.jimprimeenfrance.fr\\\/blog\\\/soigner-couverture-magazine\\\/\",\"name\":\"Comment r\u00e9aliser une belle couverture de magazine ?\",\"isPartOf\":{\"@id\":\"https:\\\/\\\/www.jimprimeenfrance.fr\\\/blog\\\/#website\"},\"primaryImageOfPage\":{\"@id\":\"https:\\\/\\\/www.jimprimeenfrance.fr\\\/blog\\\/soigner-couverture-magazine\\\/#primaryimage\"},\"image\":{\"@id\":\"https:\\\/\\\/www.jimprimeenfrance.fr\\\/blog\\\/soigner-couverture-magazine\\\/#primaryimage\"},\"thumbnailUrl\":\"https:\\\/\\\/www.jimprimeenfrance.fr\\\/blog\\\/wp-content\\\/uploads\\\/2019\\\/12\\\/Prenez-soin_de-votre_couverture-de-magazine.jpg\",\"datePublished\":\"2019-12-11T07:30:59+00:00\",\"description\":\"Une couverture de magazine doit \u00eatre choisie avec soin. Elle repr\u00e9sente la fa\u00e7ade de votre magazine et a pour but d'attirer le lecteur.\",\"breadcrumb\":{\"@id\":\"https:\\\/\\\/www.jimprimeenfrance.fr\\\/blog\\\/soigner-couverture-magazine\\\/#breadcrumb\"},\"inLanguage\":\"fr-FR\",\"potentialAction\":[{\"@type\":\"ReadAction\",\"target\":[\"https:\\\/\\\/www.jimprimeenfrance.fr\\\/blog\\\/soigner-couverture-magazine\\\/\"]}]},{\"@type\":\"ImageObject\",\"inLanguage\":\"fr-FR\",\"@id\":\"https:\\\/\\\/www.jimprimeenfrance.fr\\\/blog\\\/soigner-couverture-magazine\\\/#primaryimage\",\"url\":\"https:\\\/\\\/www.jimprimeenfrance.fr\\\/blog\\\/wp-content\\\/uploads\\\/2019\\\/12\\\/Prenez-soin_de-votre_couverture-de-magazine.jpg\",\"contentUrl\":\"https:\\\/\\\/www.jimprimeenfrance.fr\\\/blog\\\/wp-content\\\/uploads\\\/2019\\\/12\\\/Prenez-soin_de-votre_couverture-de-magazine.jpg\",\"width\":1998,\"height\":625,\"caption\":\"Prenez soin_de votre_couverture de magazine\"},{\"@type\":\"BreadcrumbList\",\"@id\":\"https:\\\/\\\/www.jimprimeenfrance.fr\\\/blog\\\/soigner-couverture-magazine\\\/#breadcrumb\",\"itemListElement\":[{\"@type\":\"ListItem\",\"position\":1,\"name\":\"Accueil\",\"item\":\"https:\\\/\\\/www.jimprimeenfrance.fr\\\/blog\\\/\"},{\"@type\":\"ListItem\",\"position\":2,\"name\":\"Prenez soin de votre couverture de magazine\"}]},{\"@type\":\"WebSite\",\"@id\":\"https:\\\/\\\/www.jimprimeenfrance.fr\\\/blog\\\/#website\",\"url\":\"https:\\\/\\\/www.jimprimeenfrance.fr\\\/blog\\\/\",\"name\":\"Votre imprimerie en ligne, le blog\",\"description\":\"Impressionnez et faites bonne impression avec nos conseils d&#039;imprimerie online\",\"publisher\":{\"@id\":\"https:\\\/\\\/www.jimprimeenfrance.fr\\\/blog\\\/#organization\"},\"potentialAction\":[{\"@type\":\"SearchAction\",\"target\":{\"@type\":\"EntryPoint\",\"urlTemplate\":\"https:\\\/\\\/www.jimprimeenfrance.fr\\\/blog\\\/?s={search_term_string}\"},\"query-input\":{\"@type\":\"PropertyValueSpecification\",\"valueRequired\":true,\"valueName\":\"search_term_string\"}}],\"inLanguage\":\"fr-FR\"},{\"@type\":\"Organization\",\"@id\":\"https:\\\/\\\/www.jimprimeenfrance.fr\\\/blog\\\/#organization\",\"name\":\"PrintBasPrix - Imprimerie en ligne\",\"url\":\"https:\\\/\\\/www.jimprimeenfrance.fr\\\/blog\\\/\",\"logo\":{\"@type\":\"ImageObject\",\"inLanguage\":\"fr-FR\",\"@id\":\"https:\\\/\\\/www.jimprimeenfrance.fr\\\/blog\\\/#\\\/schema\\\/logo\\\/image\\\/\",\"url\":\"https:\\\/\\\/www.jimprimeenfrance.fr\\\/blog\\\/wp-content\\\/uploads\\\/2018\\\/07\\\/cropped-printbasprix-imprimeur-en-ligne.png\",\"contentUrl\":\"https:\\\/\\\/www.jimprimeenfrance.fr\\\/blog\\\/wp-content\\\/uploads\\\/2018\\\/07\\\/cropped-printbasprix-imprimeur-en-ligne.png\",\"width\":361,\"height\":86,\"caption\":\"PrintBasPrix - Imprimerie en ligne\"},\"image\":{\"@id\":\"https:\\\/\\\/www.jimprimeenfrance.fr\\\/blog\\\/#\\\/schema\\\/logo\\\/image\\\/\"},\"sameAs\":[\"https:\\\/\\\/www.facebook.com\\\/PrintBasPrix\",\"https:\\\/\\\/x.com\\\/PrintBasPrix\",\"https:\\\/\\\/www.instagram.com\\\/printbasprix\\\/\",\"https:\\\/\\\/www.linkedin.com\\\/company\\\/printbasprix\\\/\",\"https:\\\/\\\/www.youtube.com\\\/channel\\\/UC0Ysbd0Gbzzp0yMgrfNQqug\"]},{\"@type\":\"Person\",\"@id\":\"https:\\\/\\\/www.jimprimeenfrance.fr\\\/blog\\\/#\\\/schema\\\/person\\\/711bdd00fc82a687615940c5ae0b412c\",\"name\":\"PrintBasPrix Imprimerie en ligne\",\"image\":{\"@type\":\"ImageObject\",\"inLanguage\":\"fr-FR\",\"@id\":\"https:\\\/\\\/secure.gravatar.com\\\/avatar\\\/e898f6c9f447b2b28a568c2fec45e0fef703b12c4f80de6258e9bcb2e61aaf27?s=96&r=g\",\"url\":\"https:\\\/\\\/secure.gravatar.com\\\/avatar\\\/e898f6c9f447b2b28a568c2fec45e0fef703b12c4f80de6258e9bcb2e61aaf27?s=96&r=g\",\"contentUrl\":\"https:\\\/\\\/secure.gravatar.com\\\/avatar\\\/e898f6c9f447b2b28a568c2fec45e0fef703b12c4f80de6258e9bcb2e61aaf27?s=96&r=g\",\"caption\":\"PrintBasPrix Imprimerie en ligne\"},\"url\":\"https:\\\/\\\/www.jimprimeenfrance.fr\\\/blog\\\/author\\\/printbasprix-imprimerie-en-ligne\\\/\"}]}<\/script>\r\n<!-- \/ Yoast SEO plugin. -->","yoast_head_json":{"title":"Comment r\u00e9aliser une belle couverture de magazine ?","description":"Une couverture de magazine doit \u00eatre choisie avec soin. Elle repr\u00e9sente la fa\u00e7ade de votre magazine et a pour but d'attirer le lecteur.","robots":{"index":"index","follow":"follow","max-snippet":"max-snippet:-1","max-image-preview":"max-image-preview:large","max-video-preview":"max-video-preview:-1"},"canonical":"https:\/\/www.jimprimeenfrance.fr\/blog\/soigner-couverture-magazine\/","og_locale":"fr_FR","og_type":"article","og_title":"Comment r\u00e9aliser une belle couverture de magazine ?","og_description":"Une couverture de magazine doit \u00eatre choisie avec soin. Elle repr\u00e9sente la fa\u00e7ade de votre magazine et a pour but d'attirer le lecteur.","og_url":"https:\/\/www.jimprimeenfrance.fr\/blog\/soigner-couverture-magazine\/","og_site_name":"Votre imprimerie en ligne, le blog","article_publisher":"https:\/\/www.facebook.com\/PrintBasPrix","article_published_time":"2019-12-11T07:30:59+00:00","og_image":[{"width":1998,"height":625,"url":"https:\/\/www.jimprimeenfrance.fr\/blog\/wp-content\/uploads\/2019\/12\/Prenez-soin_de-votre_couverture-de-magazine.jpg","type":"image\/jpeg"}],"author":"PrintBasPrix Imprimerie en ligne","twitter_card":"summary_large_image","twitter_creator":"@PrintBasPrix","twitter_site":"@PrintBasPrix","twitter_misc":{"\u00c9crit par":"PrintBasPrix Imprimerie en ligne","Dur\u00e9e de lecture estim\u00e9e":"12 minutes"},"schema":{"@context":"https:\/\/schema.org","@graph":[{"@type":"Article","@id":"https:\/\/www.jimprimeenfrance.fr\/blog\/soigner-couverture-magazine\/#article","isPartOf":{"@id":"https:\/\/www.jimprimeenfrance.fr\/blog\/soigner-couverture-magazine\/"},"author":{"name":"PrintBasPrix Imprimerie en ligne","@id":"https:\/\/www.jimprimeenfrance.fr\/blog\/#\/schema\/person\/711bdd00fc82a687615940c5ae0b412c"},"headline":"Prenez soin de votre couverture de magazine","datePublished":"2019-12-11T07:30:59+00:00","mainEntityOfPage":{"@id":"https:\/\/www.jimprimeenfrance.fr\/blog\/soigner-couverture-magazine\/"},"wordCount":2389,"commentCount":0,"publisher":{"@id":"https:\/\/www.jimprimeenfrance.fr\/blog\/#organization"},"image":{"@id":"https:\/\/www.jimprimeenfrance.fr\/blog\/soigner-couverture-magazine\/#primaryimage"},"thumbnailUrl":"https:\/\/www.jimprimeenfrance.fr\/blog\/wp-content\/uploads\/2019\/12\/Prenez-soin_de-votre_couverture-de-magazine.jpg","keywords":["couverture","impression","magazine","publicit\u00e9"],"articleSection":["Magazine"],"inLanguage":"fr-FR","potentialAction":[{"@type":"CommentAction","name":"Comment","target":["https:\/\/www.jimprimeenfrance.fr\/blog\/soigner-couverture-magazine\/#respond"]}]},{"@type":"WebPage","@id":"https:\/\/www.jimprimeenfrance.fr\/blog\/soigner-couverture-magazine\/","url":"https:\/\/www.jimprimeenfrance.fr\/blog\/soigner-couverture-magazine\/","name":"Comment r\u00e9aliser une belle couverture de magazine ?","isPartOf":{"@id":"https:\/\/www.jimprimeenfrance.fr\/blog\/#website"},"primaryImageOfPage":{"@id":"https:\/\/www.jimprimeenfrance.fr\/blog\/soigner-couverture-magazine\/#primaryimage"},"image":{"@id":"https:\/\/www.jimprimeenfrance.fr\/blog\/soigner-couverture-magazine\/#primaryimage"},"thumbnailUrl":"https:\/\/www.jimprimeenfrance.fr\/blog\/wp-content\/uploads\/2019\/12\/Prenez-soin_de-votre_couverture-de-magazine.jpg","datePublished":"2019-12-11T07:30:59+00:00","description":"Une couverture de magazine doit \u00eatre choisie avec soin. Elle repr\u00e9sente la fa\u00e7ade de votre magazine et a pour but d'attirer le lecteur.","breadcrumb":{"@id":"https:\/\/www.jimprimeenfrance.fr\/blog\/soigner-couverture-magazine\/#breadcrumb"},"inLanguage":"fr-FR","potentialAction":[{"@type":"ReadAction","target":["https:\/\/www.jimprimeenfrance.fr\/blog\/soigner-couverture-magazine\/"]}]},{"@type":"ImageObject","inLanguage":"fr-FR","@id":"https:\/\/www.jimprimeenfrance.fr\/blog\/soigner-couverture-magazine\/#primaryimage","url":"https:\/\/www.jimprimeenfrance.fr\/blog\/wp-content\/uploads\/2019\/12\/Prenez-soin_de-votre_couverture-de-magazine.jpg","contentUrl":"https:\/\/www.jimprimeenfrance.fr\/blog\/wp-content\/uploads\/2019\/12\/Prenez-soin_de-votre_couverture-de-magazine.jpg","width":1998,"height":625,"caption":"Prenez soin_de votre_couverture de magazine"},{"@type":"BreadcrumbList","@id":"https:\/\/www.jimprimeenfrance.fr\/blog\/soigner-couverture-magazine\/#breadcrumb","itemListElement":[{"@type":"ListItem","position":1,"name":"Accueil","item":"https:\/\/www.jimprimeenfrance.fr\/blog\/"},{"@type":"ListItem","position":2,"name":"Prenez soin de votre couverture de magazine"}]},{"@type":"WebSite","@id":"https:\/\/www.jimprimeenfrance.fr\/blog\/#website","url":"https:\/\/www.jimprimeenfrance.fr\/blog\/","name":"Votre imprimerie en ligne, le blog","description":"Impressionnez et faites bonne impression avec nos conseils d&#039;imprimerie online","publisher":{"@id":"https:\/\/www.jimprimeenfrance.fr\/blog\/#organization"},"potentialAction":[{"@type":"SearchAction","target":{"@type":"EntryPoint","urlTemplate":"https:\/\/www.jimprimeenfrance.fr\/blog\/?s={search_term_string}"},"query-input":{"@type":"PropertyValueSpecification","valueRequired":true,"valueName":"search_term_string"}}],"inLanguage":"fr-FR"},{"@type":"Organization","@id":"https:\/\/www.jimprimeenfrance.fr\/blog\/#organization","name":"PrintBasPrix - Imprimerie en ligne","url":"https:\/\/www.jimprimeenfrance.fr\/blog\/","logo":{"@type":"ImageObject","inLanguage":"fr-FR","@id":"https:\/\/www.jimprimeenfrance.fr\/blog\/#\/schema\/logo\/image\/","url":"https:\/\/www.jimprimeenfrance.fr\/blog\/wp-content\/uploads\/2018\/07\/cropped-printbasprix-imprimeur-en-ligne.png","contentUrl":"https:\/\/www.jimprimeenfrance.fr\/blog\/wp-content\/uploads\/2018\/07\/cropped-printbasprix-imprimeur-en-ligne.png","width":361,"height":86,"caption":"PrintBasPrix - Imprimerie en ligne"},"image":{"@id":"https:\/\/www.jimprimeenfrance.fr\/blog\/#\/schema\/logo\/image\/"},"sameAs":["https:\/\/www.facebook.com\/PrintBasPrix","https:\/\/x.com\/PrintBasPrix","https:\/\/www.instagram.com\/printbasprix\/","https:\/\/www.linkedin.com\/company\/printbasprix\/","https:\/\/www.youtube.com\/channel\/UC0Ysbd0Gbzzp0yMgrfNQqug"]},{"@type":"Person","@id":"https:\/\/www.jimprimeenfrance.fr\/blog\/#\/schema\/person\/711bdd00fc82a687615940c5ae0b412c","name":"PrintBasPrix Imprimerie en ligne","image":{"@type":"ImageObject","inLanguage":"fr-FR","@id":"https:\/\/secure.gravatar.com\/avatar\/e898f6c9f447b2b28a568c2fec45e0fef703b12c4f80de6258e9bcb2e61aaf27?s=96&r=g","url":"https:\/\/secure.gravatar.com\/avatar\/e898f6c9f447b2b28a568c2fec45e0fef703b12c4f80de6258e9bcb2e61aaf27?s=96&r=g","contentUrl":"https:\/\/secure.gravatar.com\/avatar\/e898f6c9f447b2b28a568c2fec45e0fef703b12c4f80de6258e9bcb2e61aaf27?s=96&r=g","caption":"PrintBasPrix Imprimerie en ligne"},"url":"https:\/\/www.jimprimeenfrance.fr\/blog\/author\/printbasprix-imprimerie-en-ligne\/"}]}},"_links":{"self":[{"href":"https:\/\/www.jimprimeenfrance.fr\/blog\/wp-json\/wp\/v2\/posts\/3274","targetHints":{"allow":["GET"]}}],"collection":[{"href":"https:\/\/www.jimprimeenfrance.fr\/blog\/wp-json\/wp\/v2\/posts"}],"about":[{"href":"https:\/\/www.jimprimeenfrance.fr\/blog\/wp-json\/wp\/v2\/types\/post"}],"author":[{"embeddable":true,"href":"https:\/\/www.jimprimeenfrance.fr\/blog\/wp-json\/wp\/v2\/users\/4"}],"replies":[{"embeddable":true,"href":"https:\/\/www.jimprimeenfrance.fr\/blog\/wp-json\/wp\/v2\/comments?post=3274"}],"version-history":[{"count":21,"href":"https:\/\/www.jimprimeenfrance.fr\/blog\/wp-json\/wp\/v2\/posts\/3274\/revisions"}],"predecessor-version":[{"id":3371,"href":"https:\/\/www.jimprimeenfrance.fr\/blog\/wp-json\/wp\/v2\/posts\/3274\/revisions\/3371"}],"wp:featuredmedia":[{"embeddable":true,"href":"https:\/\/www.jimprimeenfrance.fr\/blog\/wp-json\/wp\/v2\/media\/3356"}],"wp:attachment":[{"href":"https:\/\/www.jimprimeenfrance.fr\/blog\/wp-json\/wp\/v2\/media?parent=3274"}],"wp:term":[{"taxonomy":"category","embeddable":true,"href":"https:\/\/www.jimprimeenfrance.fr\/blog\/wp-json\/wp\/v2\/categories?post=3274"},{"taxonomy":"post_tag","embeddable":true,"href":"https:\/\/www.jimprimeenfrance.fr\/blog\/wp-json\/wp\/v2\/tags?post=3274"}],"curies":[{"name":"wp","href":"https:\/\/api.w.org\/{rel}","templated":true}]}}