{"id":297,"date":"2018-09-12T08:30:39","date_gmt":"2018-09-12T06:30:39","guid":{"rendered":"https:\/\/www.jimprimeenfrance.fr\/blog\/?p=297"},"modified":"2022-11-22T14:11:04","modified_gmt":"2022-11-22T13:11:04","slug":"quel-texte-choisir-pour-carte-de-voeux-professionnelle","status":"publish","type":"post","link":"https:\/\/www.jimprimeenfrance.fr\/blog\/quel-texte-choisir-pour-carte-de-voeux-professionnelle\/","title":{"rendered":"Quel texte choisir pour sa carte de voeux professionnelle  ?"},"content":{"rendered":"<p style=\"text-align: justify;\">Il n\u2019est jamais trop t\u00f4t pour se pr\u00e9occuper de sa prochaine <a href=\"https:\/\/www.jimprimeenfrance.fr\/impression-carte-de-voeux\" target=\"_blank\" rel=\"noopener\">carte de v\u0153ux<\/a> \u00e0 envoyer le moment venu \u00e0 ses relations professionnelles. Pourquoi\u00a0?<\/p>\n<p style=\"text-align: justify;\">Parce que la carte de v\u0153ux est une marque de consid\u00e9ration adress\u00e9e \u00e0 son destinataire. Elle fait partie de ces usages, hautement symboliques, qui illustrent une\u00a0<a href=\"http:\/\/www.e-marketing.fr\/Thematique\/academie-1078\/ficheoutil\/culture-entreprise-307713.htm\">culture d\u2019entreprise<\/a>.<\/p>\n<h2 style=\"text-align: justify;\">La carte de v\u0153ux professionnelle est une marque de consid\u00e9ration qui s\u2019analyse<\/h2>\n<p style=\"text-align: justify;\">Le destinataire va donc en scruter les moindres d\u00e9tails et en faire, plus ou moins consciemment, des d\u00e9ductions. N\u2019en doutez pas.\u00a0 C\u2019est in\u00e9vitable\u00a0!<\/p>\n<h3 style=\"text-align: justify;\">Se poser les bonnes questions<\/h3>\n<p style=\"text-align: justify;\">Il va commencer par regarder autour de lui pour v\u00e9rifier si tout le monde a la m\u00eame carte, avec le m\u00eame texte, ou bien s\u2019il est le seul \u00e0 la recevoir et avec un texte personnalis\u00e9, de surcro\u00eet.<\/p>\n<p style=\"text-align: justify;\">Mais bien avant cela, il va faire le tour, mentalement, de tous ceux qui devraient lui adresser une carte de v\u0153ux et faire le compte de ce qu\u2019il re\u00e7oit ou de ce qu\u2019il ne re\u00e7oit pas.<\/p>\n<figure id=\"attachment_7522\" aria-describedby=\"caption-attachment-7522\" style=\"width: 768px\" class=\"wp-caption aligncenter\"><img loading=\"lazy\" decoding=\"async\" class=\"wp-image-7522 size-full\" title=\"Il y a des th\u00e8mes intemporels pour les v\u0153ux, continuez la lecture :-) !!\" src=\"https:\/\/www.jimprimeenfrance.fr\/blog\/wp-content\/uploads\/2018\/09\/remplir-sa-carte-de-voeux-professionnelle.jpg\" alt=\"carte de v\u0153ux professionnelle 2019\" width=\"768\" height=\"548\" srcset=\"https:\/\/www.jimprimeenfrance.fr\/blog\/wp-content\/uploads\/2018\/09\/remplir-sa-carte-de-voeux-professionnelle.jpg 768w, https:\/\/www.jimprimeenfrance.fr\/blog\/wp-content\/uploads\/2018\/09\/remplir-sa-carte-de-voeux-professionnelle-300x214.jpg 300w\" sizes=\"auto, (max-width: 768px) 100vw, 768px\" \/><figcaption id=\"caption-attachment-7522\" class=\"wp-caption-text\">Se poser les bonnes questions pour remplir sa carte de v\u0153ux professionnelle<\/figcaption><\/figure>\n<p style=\"text-align: justify;\">Et puis, il va scruter sa carte. Son graphisme est-il original ou s\u2019agit-il d\u2019une carte toute faite tir\u00e9e du catalogue d\u2019une ONG humanitaire\u00a0? Ses dimensions sont-elles celles d\u2019une carte de visite ou d\u2019une carte postale\u00a0?<\/p>\n<p style=\"text-align: justify;\">Apr\u00e8s cela, il va s\u2019int\u00e9resser au texte inscrit sur sa carte. S\u2019agit-il d\u2019un texte original ou d\u2019un texte bateau\u00a0? Comporte-t-il ou non une note manuscrite\u00a0? Et si c\u2019est le cas, est-elle r\u00e9elle ou imprim\u00e9e\u00a0?<\/p>\n<p style=\"text-align: justify;\">Enfin, il va faire ses comptes. Combien en a-t-il re\u00e7u finalement\u00a0? Plus ou moins que l\u2019ann\u00e9e pr\u00e9c\u00e9dente\u00a0? Leur origine est-elle la m\u00eame ou y a-t-il de nouveaux \u00ab\u00a0entrants\u00a0\u00bb\u00a0?<\/p>\n<h3 style=\"text-align: justify;\">Faire une synth\u00e8se<\/h3>\n<p style=\"text-align: justify;\">Toutes ces questions peuvent para\u00eetre futiles et fastidieuses. Toutefois, on aurait tort de les n\u00e9gliger. Les r\u00e9ponses qui y sont donn\u00e9es permettent \u00e0 celui dont le regard est exp\u00e9riment\u00e9 de mesurer avec une certaine exactitude l\u2019\u00e9tat de ses relations professionnelles.<\/p>\n<p style=\"text-align: justify;\">Partant de l\u00e0, il peut \u00eatre utile de mettre en \u0153uvre diff\u00e9rentes strat\u00e9gies pour rectifier ou consolider ce que l\u2019on per\u00e7oit de cet \u00e9tat. Il peut \u00eatre \u00e9galement utile de le faire apr\u00e8s avoir crois\u00e9 cette perception avec d\u2019autres indices.<\/p>\n<p style=\"text-align: justify;\">\n<h2 style=\"text-align: justify;\">Ma\u00eetriser l\u2019art de la carte de v\u0153ux professionnelle<\/h2>\n<p style=\"text-align: justify;\">Ce qui marche dans un sens marche \u00e9galement dans l\u2019autre. Ne pas envoyer de carte de v\u0153ux \u00e0 telle ou telle relation professionnelle, contrairement \u00e0 l\u2019ann\u00e9e pr\u00e9c\u00e9dente, c\u2019est lui faire comprendre, implicitement, qu\u2019elle ne compte plus ou qu\u2019elle compte moins.<\/p>\n<p style=\"text-align: justify;\">A l\u2019inverse, envoyer une carte de v\u0153ux, plus soign\u00e9e que d\u2019habitude, <strong>plus r\u00e9fl\u00e9chie<\/strong> et plus personnalis\u00e9e, c\u2019est lui indiquer qu\u2019on y accorde plus d\u2019importance ou qu\u2019on voudrait la voir plus importante.<\/p>\n<p style=\"text-align: justify;\">Le b.a.ba de cette ma\u00eetrise commence par l\u2019art et la mani\u00e8re de concevoir un bon texte, c\u2019est-\u00e0-dire le texte appropri\u00e9 \u00e0 la situation. Il y a plusieurs types de textes suivant le contexte ou la date d\u2019envoi de la carte de v\u0153ux.<\/p>\n<p style=\"text-align: justify;\">Et n&rsquo;oubliez pas, comme l&rsquo;a dit, si souvent, <a href=\"http:\/\/biography.yourdictionary.com\/leo-burnett\" target=\"_blank\" rel=\"noopener\">L\u00e9o Burnett<\/a> :<\/p>\n<blockquote><p>Faites quelque chose de simple, de m\u00e9morisable, d&rsquo;agr\u00e9able \u00e0 regarder et &#8230; d&rsquo;amusant \u00e0 lire !<\/p><\/blockquote>\n<p style=\"text-align: justify;\">\n<h2 style=\"text-align: justify;\">Exemples de textes pour une carte de v\u0153ux professionnelle<\/h2>\n<p style=\"text-align: justify;\">La carte de v\u0153ux professionnelle est la carte qui porte le message de l\u2019entreprise \u00e0 ses clients et partenaires. Elle est par nature collective et celui ou celle qui l\u2019adresse se contente la plupart du temps soit d\u2019y joindre sa carte de visite avec ses compliments, soit d\u2019y ajouter un mot manuscrit, avec sa signature.<\/p>\n<figure id=\"attachment_7523\" aria-describedby=\"caption-attachment-7523\" style=\"width: 768px\" class=\"wp-caption aligncenter\"><img loading=\"lazy\" decoding=\"async\" class=\"wp-image-7523 size-full\" title=\"Carte de v\u0153ux professionnelle double...et pas ch\u00e8re\" src=\"https:\/\/www.jimprimeenfrance.fr\/blog\/wp-content\/uploads\/2018\/09\/exemple-d-une-bonne-carte-professionnelle.jpg\" alt=\"carte de v\u0153ux professionnelle doubl\u00e9e\" width=\"768\" height=\"548\" srcset=\"https:\/\/www.jimprimeenfrance.fr\/blog\/wp-content\/uploads\/2018\/09\/exemple-d-une-bonne-carte-professionnelle.jpg 768w, https:\/\/www.jimprimeenfrance.fr\/blog\/wp-content\/uploads\/2018\/09\/exemple-d-une-bonne-carte-professionnelle-300x214.jpg 300w\" sizes=\"auto, (max-width: 768px) 100vw, 768px\" \/><figcaption id=\"caption-attachment-7523\" class=\"wp-caption-text\">Exemple d&rsquo;une bonne carte de visite professionnelle<\/figcaption><\/figure>\n<p style=\"text-align: justify;\">Le texte imprim\u00e9 sur la carte rappelle, en g\u00e9n\u00e9ral, les valeurs cl\u00e9s de l\u2019entreprise ins\u00e9r\u00e9es dans le contexte particulier d\u2019une fin d\u2019ann\u00e9e et du d\u00e9but d\u2019une autre, ainsi\u00a0:<\/p>\n<ul style=\"text-align: justify;\">\n<li><em>\u00abFid\u00e8le \u00e0 ses valeurs de responsabilit\u00e9, tout le personnel de l\u2019entreprise Martin vous souhaite de bonnes f\u00eates de fin d\u2019ann\u00e9e et une bonne et heureuse ann\u00e9e 2019\u00a0\u00bb\u00a0;<\/em><\/li>\n<\/ul>\n<ul style=\"text-align: justify;\">\n<li><em>\u00abHenri Martin et toute son \u00e9quipe du cabinet Martin et Associ\u00e9s vous renouvelle sa fid\u00e9lit\u00e9 et ses engagements \u00e0 l\u2019occasion de cette nouvelle ann\u00e9e\u00a02019\u00bb\u00a0;<\/em><\/li>\n<\/ul>\n<ul style=\"text-align: justify;\">\n<li><em>\u00ab\u00a0A la veille de 2019, toujours soucieuse d\u2019offrir le meilleur produit du march\u00e9, La SA Martin vous assure d\u2019\u00eatre encore plus pr\u00e9sente \u00e0 vos c\u00f4t\u00e9s, pour mieux vous servir\u00a0\u00bb\u00a0<\/em><\/li>\n<\/ul>\n<p style=\"text-align: justify;\">Comme on le voit, Le texte se d\u00e9compose en trois segments\u00a0: un segment rappelant l\u2019engagement ou la promesse, autrement dit, le slogan de l\u2019entreprise\u00a0; un segment pr\u00e9cisant le r\u00f4le ou la nature de l\u2019exp\u00e9diteur\u00a0; un segment correspondant aux souhaits et aux v\u0153ux.<\/p>\n<p style=\"text-align: justify;\">La r\u00e9daction de ces segments peut se faire dans un ordre tr\u00e8s variable.<\/p>\n<p style=\"text-align: justify;\">Vous pouvez la faire pr\u00e9c\u00e9der d&rsquo;une citation bien marqu\u00e9e, extraite d&rsquo;un des nombreux sites sp\u00e9cialis\u00e9s, comme par exemple :<\/p>\n<blockquote>\n<p style=\"text-align: justify;\">La vraie g\u00e9n\u00e9rosit\u00e9 envers l&rsquo;avenir consiste \u00e0 tout donner au pr\u00e9sent.<\/p>\n<\/blockquote>\n<p style=\"text-align: justify;\">Albert Camus.<\/p>\n<p>ou encore<\/p>\n<blockquote><p>L&rsquo;avenir, c&rsquo;est du pass\u00e9 en pr\u00e9paration.<\/p><\/blockquote>\n<p>Pierre Dac.<\/p>\n<p style=\"text-align: justify;\">Evidemment, l&#8217;emploi de citations doit \u00eatre coh\u00e9rent avec le message de l&rsquo;entreprise et l&rsquo;appuyer &#8230;<\/p>\n<p style=\"text-align: center;\"><a href=\"https:\/\/www.jimprimeenfrance.fr\/impression-carte-de-voeux-pas-cher\" target=\"_blank\" rel=\"noopener\"><span style=\"text-decoration: underline;\"><strong><span style=\"color: #0000ff; text-decoration: underline;\">Imprimer des Cartes de v\u0153ux pas ch\u00e8res<\/span><\/strong><\/span><\/a><\/p>\n<h2 style=\"text-align: justify;\">Exemples de textes pour une carte de v\u0153ux de fin d\u2019ann\u00e9e<\/h2>\n<p style=\"text-align: justify;\">Une carte de v\u0153ux est souvent personnelle \u00e0 l\u2019exp\u00e9diteur et ne comporte aucune marque de l\u2019entreprise ou de l\u2019organisation pour laquelle il travaille.<\/p>\n<p style=\"text-align: justify;\">La question qui se pose \u00e0 lui est alors de savoir \u00e0 quel moment envoyer sa carte.<\/p>\n<p style=\"text-align: justify;\">Doit-il l\u2019envoyer au <strong>d\u00e9but ou \u00e0 la fin du mois de d\u00e9cembre<\/strong>\u00a0?<\/p>\n<figure id=\"attachment_7525\" aria-describedby=\"caption-attachment-7525\" style=\"width: 768px\" class=\"wp-caption aligncenter\"><img loading=\"lazy\" decoding=\"async\" class=\"wp-image-7525 size-full\" title=\"De bons exemples de textes pour une carte de v\u0153ux  professionnelles de fin d\u2019ann\u00e9e\" src=\"https:\/\/www.jimprimeenfrance.fr\/blog\/wp-content\/uploads\/2018\/09\/exemples-de-textes-pour-carte-de-voeux-professionnelle-1.jpg\" alt=\"Exemples de textes pour une carte de v\u0153ux professionnelle de fin d\u2019ann\u00e9e\" width=\"768\" height=\"548\" srcset=\"https:\/\/www.jimprimeenfrance.fr\/blog\/wp-content\/uploads\/2018\/09\/exemples-de-textes-pour-carte-de-voeux-professionnelle-1.jpg 768w, https:\/\/www.jimprimeenfrance.fr\/blog\/wp-content\/uploads\/2018\/09\/exemples-de-textes-pour-carte-de-voeux-professionnelle-1-300x214.jpg 300w\" sizes=\"auto, (max-width: 768px) 100vw, 768px\" \/><figcaption id=\"caption-attachment-7525\" class=\"wp-caption-text\">Exemples de textes pour une carte de v\u0153ux professionnelle de fin d\u2019ann\u00e9e<\/figcaption><\/figure>\n<p style=\"text-align: justify;\">Le destinataire risque de mal juger un envoi, fin novembre, qu&rsquo;il va consid\u00e9rer comme trop pr\u00e9coce. Il va en \u00eatre de m\u00eame pour une exp\u00e9dition, fin janvier ou d\u00e9but f\u00e9vrier.<\/p>\n<p style=\"text-align: justify;\">Cette fois, il va se sentir un peu comme un laiss\u00e9 pour compte. Il peut l\u00e9gitimement penser qu&rsquo;il ne fait pas partie des priorit\u00e9s de son exp\u00e9diteur.<\/p>\n<h3 style=\"text-align: justify;\">Exp\u00e9dition au d\u00e9but du mois de d\u00e9cembre<\/h3>\n<p style=\"text-align: justify;\">L\u2019envoi au d\u00e9but de mois de d\u00e9cembre pr\u00e9sente l\u2019avantage d\u2019avoir plus de temps pour g\u00e9rer ses listes et organiser les exp\u00e9ditions. Toutefois, il faut ajouter des souhaits pour les f\u00eates de fin d\u2019ann\u00e9e aux v\u0153ux par avance pour la nouvelle ann\u00e9e. Ce qui donne des textes tels que, par exemple\u00a0:<\/p>\n<ul style=\"text-align: justify;\">\n<li><em>\u00ab\u00a0Jean S\u00e9nenc, responsable du d\u00e9partement logistique de Xpress SA, vous souhaite d\u2019excellentes f\u00eates de fin d\u2019ann\u00e9e et une tr\u00e8s bonne ann\u00e9e 2019\u00a0\u00bb.<\/em><\/li>\n<\/ul>\n<figure id=\"attachment_7526\" aria-describedby=\"caption-attachment-7526\" style=\"width: 768px\" class=\"wp-caption aligncenter\"><img loading=\"lazy\" decoding=\"async\" class=\"wp-image-7526 size-full\" title=\"fin ou d\u00e9but d\u00e9cembre est le meilleur moment\" src=\"https:\/\/www.jimprimeenfrance.fr\/blog\/wp-content\/uploads\/2018\/09\/moment-ideal-pour-envoyer-sa-carte-de-voeux-professionnelle.jpg\" alt=\"moment id\u00e9al pour envoyer sa carte de v\u0153ux professionnelle \" width=\"768\" height=\"548\" srcset=\"https:\/\/www.jimprimeenfrance.fr\/blog\/wp-content\/uploads\/2018\/09\/moment-ideal-pour-envoyer-sa-carte-de-voeux-professionnelle.jpg 768w, https:\/\/www.jimprimeenfrance.fr\/blog\/wp-content\/uploads\/2018\/09\/moment-ideal-pour-envoyer-sa-carte-de-voeux-professionnelle-300x214.jpg 300w\" sizes=\"auto, (max-width: 768px) 100vw, 768px\" \/><figcaption id=\"caption-attachment-7526\" class=\"wp-caption-text\">Quel est le moment id\u00e9al pour envoyer sa carte de v\u0153ux professionnelle ?<\/figcaption><\/figure>\n<p style=\"text-align: justify;\">Il peut \u00eatre tentant d\u2019adopter des formulations plus originales. Tout d\u00e9pend de la nature des relations entretenues avec le destinataire. La carte peut \u00eatre plus personnelle et pour ainsi dire d\u00e9tach\u00e9e du contexte entrepreneurial ou organisationnel. Comme par exemple dans le texte suivant\u00a0:<\/p>\n<ul style=\"text-align: justify;\">\n<li><em>\u00ab\u00a0Dans un monde toujours plus chaotique, sachons pr\u00e9server des \u00eelots partag\u00e9s de bonheur, de joie et d\u2019amiti\u00e9. En attendant 2019, je vous souhaite d\u2019excellentes f\u00eates de fin d\u2019ann\u00e9e. Jean S\u00e9nenc, responsable du d\u00e9partement logistique de Xpress SA.\u00a0\u00bb<\/em><\/li>\n<\/ul>\n<h3 style=\"text-align: justify;\">Exp\u00e9dition \u00e0 la fin du mois de d\u00e9cembre<\/h3>\n<p style=\"text-align: justify;\">Lorsque l\u2019exp\u00e9dition est pr\u00e9vue \u00e0 la fin du mois de d\u00e9cembre, la r\u00e9f\u00e9rence aux f\u00eates de fin d\u2019ann\u00e9e change. Les deux textes pr\u00e9c\u00e9dents deviennent alors\u00a0:<\/p>\n<ul style=\"text-align: justify;\">\n<li><em>\u00ab\u00a0Jean S\u00e9nenc, responsable du d\u00e9partement logistique de Xpress SA, esp\u00e8re que vous avez pass\u00e9 d\u2019excellentes f\u00eates de fin d\u2019ann\u00e9e et vous souhaite une tr\u00e8s bonne ann\u00e9e 2019\u00a0\u00bb.<\/em><\/li>\n<\/ul>\n<ul style=\"text-align: justify;\">\n<li><em>\u00ab\u00a0Dans un monde toujours plus chaotique, sachons pr\u00e9server des ilots partag\u00e9s de bonheur, de joie et d\u2019amiti\u00e9. En esp\u00e9rant que vous ayez pass\u00e9 d\u2019excellentes f\u00eates de fin d\u2019ann\u00e9e, je vous souhaite une tr\u00e8s bonne ann\u00e9e 2019\u00a0\u00bb.<\/em><\/li>\n<\/ul>\n<p style=\"text-align: justify;\">\n<h2 style=\"text-align: justify;\">Exemples de textes pour une carte de v\u0153ux de nouvel an professionnelle<\/h2>\n<p style=\"text-align: justify;\">En g\u00e9n\u00e9ral, il faut envoyer\u00a0 cette carte dans les <strong>15 premiers jours de janvier<\/strong>. Par ailleurs, elle ne doit plus faire r\u00e9f\u00e9rence aux f\u00eates de fin d\u2019ann\u00e9e de l\u2019ann\u00e9e d\u00e9sormais pass\u00e9e.<\/p>\n<p style=\"text-align: justify;\">La personnalisation d&rsquo;une carte professionnelle est possible. Le cadre est fourni, \u00e0 chaque responsable de d\u00e9partement ou repr\u00e9sentant, selon la charte graphique de l\u2019entreprise ou de l\u2019organisation. Libre \u00e0 chacun, ensuite, de formuler le texte \u00ab\u00a0souhaits et de v\u0153ux\u00a0\u00bb de son choix.<\/p>\n<p style=\"text-align: justify;\">N\u00e9anmoins, la marge de man\u0153uvre est restreinte. Le contexte est professionnel et le texte doit rester en accord avec la culture de l\u2019entreprise ou de l\u2019organisation. M\u00eame si les relations peuvent \u00eatre tr\u00e8s amicales, il n\u2019est pas de bon ton de pousser trop loin la personnalisation.<\/p>\n<p style=\"text-align: justify;\">Trois types de personnalisation peuvent \u00eatre envisag\u00e9es, selon que le destinataire est un groupe ou une personne.<\/p>\n<p style=\"text-align: justify;\">\n<h3 style=\"text-align: justify;\">Destinataire collectif<\/h3>\n<p style=\"text-align: justify;\">Dans ce cas, il ne faut pas craindre de formuler un texte classique reprenant les v\u0153ux \u00e9l\u00e9mentaires de sant\u00e9, bonheur et prosp\u00e9rit\u00e9, comme dans l\u2019exemple suivant\u00a0:<\/p>\n<ul style=\"text-align: justify;\">\n<li><em>\u00ab\u00a0Marcel Dupin, chef comptable de la soci\u00e9t\u00e9 Perceval et cie, vous souhaite pour la nouvelle ann\u00e9e 2019, sant\u00e9, bonheur et prosp\u00e9rit\u00e9.\u00a0\u00bb<\/em><\/li>\n<\/ul>\n<p style=\"text-align: justify;\">Ce qui compte, ici, ce n\u2019est pas l\u2019originalit\u00e9 de la formule, mais le fait d\u2019avoir pens\u00e9 \u00e0 envoyer, dans les temps, ses v\u0153ux \u00e0 toute une cat\u00e9gorie de personnel. Il y a de fortes chances pour que la carte soit affich\u00e9e pendant plusieurs semaines dans le local o\u00f9 ce personnel a l\u2019habitude de se r\u00e9unir pour boire le caf\u00e9 d\u2019usage.<\/p>\n<p style=\"text-align: justify;\">Il faut noter que les v\u0153ux portent toujours sur le m\u00eame triptyque th\u00e9matique\u00a0: sant\u00e9, amour, argent.<\/p>\n<p style=\"text-align: justify;\">\n<h3 style=\"text-align: justify;\">Destinataire individuel<\/h3>\n<p style=\"text-align: justify;\">Quand le destinataire est une personne bien pr\u00e9cise, le message de v\u0153ux peut \u00eatre largement individualis\u00e9. Cependant, cette individualisation doit \u00eatre pens\u00e9e. On n\u2019\u00e9crit pas la m\u00eame chose \u00e0 un jeune cadre, \u00e0 un cadre exp\u00e9riment\u00e9 ou \u00e0 un chef d\u2019entreprise. Cela peut donner les textes suivants\u00a0:<\/p>\n<ul style=\"text-align: justify;\">\n<li><em>\u00ab\u00a0Marcel Dupin, chef comptable de la soci\u00e9t\u00e9 Perceval et cie, vous souhaite pleine r\u00e9ussite dans votre nouveau poste \u00e0 l\u2019occasion de cette nouvelle ann\u00e9e 2019\u00a0\u00bb\u00a0;<\/em><\/li>\n<\/ul>\n<ul style=\"text-align: justify;\">\n<li><em>\u00ab\u00a0Marcel Dupin, chef comptable de la soci\u00e9t\u00e9 Perceval et cie, vous souhaite plein de succ\u00e8s pour vos nouveaux projets \u00e0 l\u2019occasion de cette nouvelle ann\u00e9e 2019\u00a0\u00bb\u00a0;<\/em><\/li>\n<\/ul>\n<ul style=\"text-align: justify;\">\n<li><em>\u00ab A l\u2019occasion de cette nouvelle ann\u00e9e 2019 qui s\u2019annonce brillante pour l\u2019\u00e9conomie de notre pays, permettez-moi de vous souhaiter de grands succ\u00e8s pour vous-m\u00eame et votre entreprise. Jules Langlois, Directeur commercial, Perceval et cie\u00a0\u00bb.<\/em><\/li>\n<\/ul>\n<h2 style=\"text-align: justify;\">Les erreurs \u00e0 \u00e9viter<\/h2>\n<h3 style=\"text-align: justify;\">Les emails collectifs<\/h3>\n<p style=\"text-align: justify;\">Internet est incontournable dans bien des cas, mais il est \u00e0 fuir absolument au moment des v\u0153ux de fin d\u2019ann\u00e9e. Les mails de v\u0153ux et de souhaits banalis\u00e9s adress\u00e9s \u00e0 des listes enti\u00e8res de destinataires sont r\u00e9ellement affligeants.<\/p>\n<p style=\"text-align: justify;\">De fait, Ils ne sont la marque d\u2019aucune consid\u00e9ration.<\/p>\n<p style=\"text-align: justify;\">Leur exp\u00e9diteur montre qu&rsquo;il veut se d\u00e9barrasser, \u00e9conomiquement, d\u2019une t\u00e2che fastidieuse. A tout prendre, mieux vaut \u00ab\u00a0oublier\u00a0\u00bb d\u2019envoyer ses v\u0153ux plut\u00f4t que les envoyer dans ces conditions.<\/p>\n<figure id=\"attachment_7527\" aria-describedby=\"caption-attachment-7527\" style=\"width: 768px\" class=\"wp-caption aligncenter\"><img loading=\"lazy\" decoding=\"async\" class=\"wp-image-7527 size-full\" style=\"text-align: start;\" title=\"Ne pas \u00eatre impersonnel ou envoyer une carte virtuelle\" src=\"https:\/\/www.jimprimeenfrance.fr\/blog\/wp-content\/uploads\/2018\/09\/3.jpg\" alt=\"Il faut se distinguer, sinon...mieux vaut ne pas envoyer de carte de v\u0153ux du tout\" width=\"768\" height=\"548\" srcset=\"https:\/\/www.jimprimeenfrance.fr\/blog\/wp-content\/uploads\/2018\/09\/3.jpg 768w, https:\/\/www.jimprimeenfrance.fr\/blog\/wp-content\/uploads\/2018\/09\/3-300x214.jpg 300w\" sizes=\"auto, (max-width: 768px) 100vw, 768px\" \/><figcaption id=\"caption-attachment-7527\" class=\"wp-caption-text\">Il faut se distinguer, sinon&#8230;mieux vaut ne pas envoyer de carte de v\u0153ux du tout<\/figcaption><\/figure>\n<h3 style=\"text-align: justify;\">Les cartes internet<\/h3>\n<p style=\"text-align: justify;\">Restent les cartes de v\u0153ux anim\u00e9es que proposent beaucoup de sites sp\u00e9cialis\u00e9s. Si elles se con\u00e7oivent bien dans un cadre amical ou familial, le cadre professionnel ne leur convient gu\u00e8re.<\/p>\n<p style=\"text-align: justify;\">\n<h3 style=\"text-align: justify;\">Les cartes de v\u0153ux maison<\/h3>\n<p style=\"text-align: justify;\">Enfin, il va de soi qu\u2019une carte de v\u0153ux professionnelle se doit d\u2019\u00eatre imprim\u00e9e professionnellement. Office 365 offre la possibilit\u00e9 d\u2019imprimer chez soi ses cartes de v\u0153ux. Il est nettement pr\u00e9f\u00e9rable de recourir \u00e0 un imprimeur professionnel. C\u2019est encore un des rares <a href=\"https:\/\/www.jimprimeenfrance.fr\/blog\/comment-faire-une-carte-de-visite-professionnelle-impactante\/\">domaines du marketing<\/a> o\u00f9 il est possible d\u2019\u00eatre tr\u00e8s pro tout en ayant un budget publicitaire limit\u00e9.<\/p>\n","protected":false},"excerpt":{"rendered":"<p>Il n\u2019est jamais trop t\u00f4t pour se pr\u00e9occuper de sa prochaine carte de v\u0153ux \u00e0 envoyer le moment venu \u00e0 ses relations professionnelles. Pourquoi\u00a0? Parce que la carte de v\u0153ux est une marque de consid\u00e9ration adress\u00e9e \u00e0 son destinataire. Elle fait partie de ces usages, hautement symboliques, qui illustrent une\u00a0culture d\u2019entreprise. La carte de v\u0153ux [&hellip;]<\/p>\n","protected":false},"author":4,"featured_media":7520,"comment_status":"open","ping_status":"open","sticky":false,"template":"","format":"standard","meta":{"_editorskit_title_hidden":false,"_editorskit_reading_time":7,"_editorskit_is_block_options_detached":false,"_editorskit_block_options_position":"{}","footnotes":""},"categories":[31],"tags":[28,29,27,30],"class_list":["post-297","post","type-post","status-publish","format-standard","has-post-thumbnail","hentry","category-carte-de-voeux","tag-carte-de-fin-dannee","tag-carte-de-nouvel-an","tag-carte-de-voeux","tag-carte-de-voeux-professionnelle"],"yoast_head":"<!-- This site is optimized with the Yoast SEO plugin v27.5 - https:\/\/yoast.com\/product\/yoast-seo-wordpress\/ -->\r\n<title>Exemples de textes pour carte de voeux professionnelles.<\/title>\r\n<meta name=\"description\" content=\"L&#039;envoi d&#039;une carte de voeux professionnelle est un acte fort de marketing personnel. Voyez-en les points essentiels et les erreurs \u00e0 \u00e9viter.\" \/>\r\n<meta name=\"robots\" content=\"index, follow, max-snippet:-1, max-image-preview:large, max-video-preview:-1\" \/>\r\n<link rel=\"canonical\" href=\"https:\/\/www.jimprimeenfrance.fr\/blog\/quel-texte-choisir-pour-carte-de-voeux-professionnelle\/\" \/>\r\n<meta property=\"og:locale\" content=\"fr_FR\" \/>\r\n<meta property=\"og:type\" content=\"article\" \/>\r\n<meta property=\"og:title\" content=\"Exemples de textes pour carte de voeux professionnelles.\" \/>\r\n<meta property=\"og:description\" content=\"L&#039;envoi d&#039;une carte de voeux professionnelle est un acte fort de marketing personnel. Voyez-en les points essentiels et les erreurs \u00e0 \u00e9viter.\" \/>\r\n<meta property=\"og:url\" content=\"https:\/\/www.jimprimeenfrance.fr\/blog\/quel-texte-choisir-pour-carte-de-voeux-professionnelle\/\" \/>\r\n<meta property=\"og:site_name\" content=\"Votre imprimerie en ligne, le blog\" \/>\r\n<meta property=\"article:publisher\" content=\"https:\/\/www.facebook.com\/PrintBasPrix\" \/>\r\n<meta property=\"article:published_time\" content=\"2018-09-12T06:30:39+00:00\" \/>\r\n<meta property=\"article:modified_time\" content=\"2022-11-22T13:11:04+00:00\" \/>\r\n<meta property=\"og:image\" content=\"https:\/\/www.jimprimeenfrance.fr\/blog\/wp-content\/uploads\/2018\/09\/quel-texte-choisir-pour-sa-carte-de-voeux-professionnelle-1.jpg\" \/>\r\n\t<meta property=\"og:image:width\" content=\"1600\" \/>\r\n\t<meta property=\"og:image:height\" content=\"500\" \/>\r\n\t<meta property=\"og:image:type\" content=\"image\/jpeg\" \/>\r\n<meta name=\"author\" content=\"PrintBasPrix Imprimerie en ligne\" \/>\r\n<meta name=\"twitter:card\" content=\"summary_large_image\" \/>\r\n<meta name=\"twitter:creator\" content=\"@PrintBasPrix\" \/>\r\n<meta name=\"twitter:site\" content=\"@PrintBasPrix\" \/>\r\n<meta name=\"twitter:label1\" content=\"\u00c9crit par\" \/>\n\t<meta name=\"twitter:data1\" content=\"PrintBasPrix Imprimerie en ligne\" \/>\n\t<meta name=\"twitter:label2\" content=\"Dur\u00e9e de lecture estim\u00e9e\" \/>\n\t<meta name=\"twitter:data2\" content=\"11 minutes\" \/>\r\n<script type=\"application\/ld+json\" class=\"yoast-schema-graph\">{\"@context\":\"https:\\\/\\\/schema.org\",\"@graph\":[{\"@type\":\"Article\",\"@id\":\"https:\\\/\\\/www.jimprimeenfrance.fr\\\/blog\\\/quel-texte-choisir-pour-carte-de-voeux-professionnelle\\\/#article\",\"isPartOf\":{\"@id\":\"https:\\\/\\\/www.jimprimeenfrance.fr\\\/blog\\\/quel-texte-choisir-pour-carte-de-voeux-professionnelle\\\/\"},\"author\":{\"name\":\"PrintBasPrix Imprimerie en ligne\",\"@id\":\"https:\\\/\\\/www.jimprimeenfrance.fr\\\/blog\\\/#\\\/schema\\\/person\\\/711bdd00fc82a687615940c5ae0b412c\"},\"headline\":\"Quel texte choisir pour sa carte de voeux professionnelle ?\",\"datePublished\":\"2018-09-12T06:30:39+00:00\",\"dateModified\":\"2022-11-22T13:11:04+00:00\",\"mainEntityOfPage\":{\"@id\":\"https:\\\/\\\/www.jimprimeenfrance.fr\\\/blog\\\/quel-texte-choisir-pour-carte-de-voeux-professionnelle\\\/\"},\"wordCount\":2159,\"commentCount\":4,\"publisher\":{\"@id\":\"https:\\\/\\\/www.jimprimeenfrance.fr\\\/blog\\\/#organization\"},\"image\":{\"@id\":\"https:\\\/\\\/www.jimprimeenfrance.fr\\\/blog\\\/quel-texte-choisir-pour-carte-de-voeux-professionnelle\\\/#primaryimage\"},\"thumbnailUrl\":\"https:\\\/\\\/www.jimprimeenfrance.fr\\\/blog\\\/wp-content\\\/uploads\\\/2018\\\/09\\\/quel-texte-choisir-pour-sa-carte-de-voeux-professionnelle-1.jpg\",\"keywords\":[\"carte de fin d'ann\u00e9e\",\"carte de nouvel an\",\"carte de voeux\",\"carte de voeux professionnelle\"],\"articleSection\":[\"Carte de v\u0153ux\"],\"inLanguage\":\"fr-FR\",\"potentialAction\":[{\"@type\":\"CommentAction\",\"name\":\"Comment\",\"target\":[\"https:\\\/\\\/www.jimprimeenfrance.fr\\\/blog\\\/quel-texte-choisir-pour-carte-de-voeux-professionnelle\\\/#respond\"]}]},{\"@type\":\"WebPage\",\"@id\":\"https:\\\/\\\/www.jimprimeenfrance.fr\\\/blog\\\/quel-texte-choisir-pour-carte-de-voeux-professionnelle\\\/\",\"url\":\"https:\\\/\\\/www.jimprimeenfrance.fr\\\/blog\\\/quel-texte-choisir-pour-carte-de-voeux-professionnelle\\\/\",\"name\":\"Exemples de textes pour carte de voeux professionnelles.\",\"isPartOf\":{\"@id\":\"https:\\\/\\\/www.jimprimeenfrance.fr\\\/blog\\\/#website\"},\"primaryImageOfPage\":{\"@id\":\"https:\\\/\\\/www.jimprimeenfrance.fr\\\/blog\\\/quel-texte-choisir-pour-carte-de-voeux-professionnelle\\\/#primaryimage\"},\"image\":{\"@id\":\"https:\\\/\\\/www.jimprimeenfrance.fr\\\/blog\\\/quel-texte-choisir-pour-carte-de-voeux-professionnelle\\\/#primaryimage\"},\"thumbnailUrl\":\"https:\\\/\\\/www.jimprimeenfrance.fr\\\/blog\\\/wp-content\\\/uploads\\\/2018\\\/09\\\/quel-texte-choisir-pour-sa-carte-de-voeux-professionnelle-1.jpg\",\"datePublished\":\"2018-09-12T06:30:39+00:00\",\"dateModified\":\"2022-11-22T13:11:04+00:00\",\"description\":\"L'envoi d'une carte de voeux professionnelle est un acte fort de marketing personnel. Voyez-en les points essentiels et les erreurs \u00e0 \u00e9viter.\",\"breadcrumb\":{\"@id\":\"https:\\\/\\\/www.jimprimeenfrance.fr\\\/blog\\\/quel-texte-choisir-pour-carte-de-voeux-professionnelle\\\/#breadcrumb\"},\"inLanguage\":\"fr-FR\",\"potentialAction\":[{\"@type\":\"ReadAction\",\"target\":[\"https:\\\/\\\/www.jimprimeenfrance.fr\\\/blog\\\/quel-texte-choisir-pour-carte-de-voeux-professionnelle\\\/\"]}]},{\"@type\":\"ImageObject\",\"inLanguage\":\"fr-FR\",\"@id\":\"https:\\\/\\\/www.jimprimeenfrance.fr\\\/blog\\\/quel-texte-choisir-pour-carte-de-voeux-professionnelle\\\/#primaryimage\",\"url\":\"https:\\\/\\\/www.jimprimeenfrance.fr\\\/blog\\\/wp-content\\\/uploads\\\/2018\\\/09\\\/quel-texte-choisir-pour-sa-carte-de-voeux-professionnelle-1.jpg\",\"contentUrl\":\"https:\\\/\\\/www.jimprimeenfrance.fr\\\/blog\\\/wp-content\\\/uploads\\\/2018\\\/09\\\/quel-texte-choisir-pour-sa-carte-de-voeux-professionnelle-1.jpg\",\"width\":1600,\"height\":500,\"caption\":\"Quel texte choisir pour sa carte de v\u0153ux professionnelle\"},{\"@type\":\"BreadcrumbList\",\"@id\":\"https:\\\/\\\/www.jimprimeenfrance.fr\\\/blog\\\/quel-texte-choisir-pour-carte-de-voeux-professionnelle\\\/#breadcrumb\",\"itemListElement\":[{\"@type\":\"ListItem\",\"position\":1,\"name\":\"Accueil\",\"item\":\"https:\\\/\\\/www.jimprimeenfrance.fr\\\/blog\\\/\"},{\"@type\":\"ListItem\",\"position\":2,\"name\":\"Quel texte choisir pour sa carte de voeux professionnelle ?\"}]},{\"@type\":\"WebSite\",\"@id\":\"https:\\\/\\\/www.jimprimeenfrance.fr\\\/blog\\\/#website\",\"url\":\"https:\\\/\\\/www.jimprimeenfrance.fr\\\/blog\\\/\",\"name\":\"Votre imprimerie en ligne, le blog\",\"description\":\"Impressionnez et faites bonne impression avec nos conseils d&#039;imprimerie online\",\"publisher\":{\"@id\":\"https:\\\/\\\/www.jimprimeenfrance.fr\\\/blog\\\/#organization\"},\"potentialAction\":[{\"@type\":\"SearchAction\",\"target\":{\"@type\":\"EntryPoint\",\"urlTemplate\":\"https:\\\/\\\/www.jimprimeenfrance.fr\\\/blog\\\/?s={search_term_string}\"},\"query-input\":{\"@type\":\"PropertyValueSpecification\",\"valueRequired\":true,\"valueName\":\"search_term_string\"}}],\"inLanguage\":\"fr-FR\"},{\"@type\":\"Organization\",\"@id\":\"https:\\\/\\\/www.jimprimeenfrance.fr\\\/blog\\\/#organization\",\"name\":\"PrintBasPrix - Imprimerie en ligne\",\"url\":\"https:\\\/\\\/www.jimprimeenfrance.fr\\\/blog\\\/\",\"logo\":{\"@type\":\"ImageObject\",\"inLanguage\":\"fr-FR\",\"@id\":\"https:\\\/\\\/www.jimprimeenfrance.fr\\\/blog\\\/#\\\/schema\\\/logo\\\/image\\\/\",\"url\":\"https:\\\/\\\/www.jimprimeenfrance.fr\\\/blog\\\/wp-content\\\/uploads\\\/2018\\\/07\\\/cropped-printbasprix-imprimeur-en-ligne.png\",\"contentUrl\":\"https:\\\/\\\/www.jimprimeenfrance.fr\\\/blog\\\/wp-content\\\/uploads\\\/2018\\\/07\\\/cropped-printbasprix-imprimeur-en-ligne.png\",\"width\":361,\"height\":86,\"caption\":\"PrintBasPrix - Imprimerie en ligne\"},\"image\":{\"@id\":\"https:\\\/\\\/www.jimprimeenfrance.fr\\\/blog\\\/#\\\/schema\\\/logo\\\/image\\\/\"},\"sameAs\":[\"https:\\\/\\\/www.facebook.com\\\/PrintBasPrix\",\"https:\\\/\\\/x.com\\\/PrintBasPrix\",\"https:\\\/\\\/www.instagram.com\\\/printbasprix\\\/\",\"https:\\\/\\\/www.linkedin.com\\\/company\\\/printbasprix\\\/\",\"https:\\\/\\\/www.youtube.com\\\/channel\\\/UC0Ysbd0Gbzzp0yMgrfNQqug\"]},{\"@type\":\"Person\",\"@id\":\"https:\\\/\\\/www.jimprimeenfrance.fr\\\/blog\\\/#\\\/schema\\\/person\\\/711bdd00fc82a687615940c5ae0b412c\",\"name\":\"PrintBasPrix Imprimerie en ligne\",\"image\":{\"@type\":\"ImageObject\",\"inLanguage\":\"fr-FR\",\"@id\":\"https:\\\/\\\/secure.gravatar.com\\\/avatar\\\/e898f6c9f447b2b28a568c2fec45e0fef703b12c4f80de6258e9bcb2e61aaf27?s=96&r=g\",\"url\":\"https:\\\/\\\/secure.gravatar.com\\\/avatar\\\/e898f6c9f447b2b28a568c2fec45e0fef703b12c4f80de6258e9bcb2e61aaf27?s=96&r=g\",\"contentUrl\":\"https:\\\/\\\/secure.gravatar.com\\\/avatar\\\/e898f6c9f447b2b28a568c2fec45e0fef703b12c4f80de6258e9bcb2e61aaf27?s=96&r=g\",\"caption\":\"PrintBasPrix Imprimerie en ligne\"},\"url\":\"https:\\\/\\\/www.jimprimeenfrance.fr\\\/blog\\\/author\\\/printbasprix-imprimerie-en-ligne\\\/\"}]}<\/script>\r\n<!-- \/ Yoast SEO plugin. -->","yoast_head_json":{"title":"Exemples de textes pour carte de voeux professionnelles.","description":"L'envoi d'une carte de voeux professionnelle est un acte fort de marketing personnel. Voyez-en les points essentiels et les erreurs \u00e0 \u00e9viter.","robots":{"index":"index","follow":"follow","max-snippet":"max-snippet:-1","max-image-preview":"max-image-preview:large","max-video-preview":"max-video-preview:-1"},"canonical":"https:\/\/www.jimprimeenfrance.fr\/blog\/quel-texte-choisir-pour-carte-de-voeux-professionnelle\/","og_locale":"fr_FR","og_type":"article","og_title":"Exemples de textes pour carte de voeux professionnelles.","og_description":"L'envoi d'une carte de voeux professionnelle est un acte fort de marketing personnel. Voyez-en les points essentiels et les erreurs \u00e0 \u00e9viter.","og_url":"https:\/\/www.jimprimeenfrance.fr\/blog\/quel-texte-choisir-pour-carte-de-voeux-professionnelle\/","og_site_name":"Votre imprimerie en ligne, le blog","article_publisher":"https:\/\/www.facebook.com\/PrintBasPrix","article_published_time":"2018-09-12T06:30:39+00:00","article_modified_time":"2022-11-22T13:11:04+00:00","og_image":[{"width":1600,"height":500,"url":"https:\/\/www.jimprimeenfrance.fr\/blog\/wp-content\/uploads\/2018\/09\/quel-texte-choisir-pour-sa-carte-de-voeux-professionnelle-1.jpg","type":"image\/jpeg"}],"author":"PrintBasPrix Imprimerie en ligne","twitter_card":"summary_large_image","twitter_creator":"@PrintBasPrix","twitter_site":"@PrintBasPrix","twitter_misc":{"\u00c9crit par":"PrintBasPrix Imprimerie en ligne","Dur\u00e9e de lecture estim\u00e9e":"11 minutes"},"schema":{"@context":"https:\/\/schema.org","@graph":[{"@type":"Article","@id":"https:\/\/www.jimprimeenfrance.fr\/blog\/quel-texte-choisir-pour-carte-de-voeux-professionnelle\/#article","isPartOf":{"@id":"https:\/\/www.jimprimeenfrance.fr\/blog\/quel-texte-choisir-pour-carte-de-voeux-professionnelle\/"},"author":{"name":"PrintBasPrix Imprimerie en ligne","@id":"https:\/\/www.jimprimeenfrance.fr\/blog\/#\/schema\/person\/711bdd00fc82a687615940c5ae0b412c"},"headline":"Quel texte choisir pour sa carte de voeux professionnelle ?","datePublished":"2018-09-12T06:30:39+00:00","dateModified":"2022-11-22T13:11:04+00:00","mainEntityOfPage":{"@id":"https:\/\/www.jimprimeenfrance.fr\/blog\/quel-texte-choisir-pour-carte-de-voeux-professionnelle\/"},"wordCount":2159,"commentCount":4,"publisher":{"@id":"https:\/\/www.jimprimeenfrance.fr\/blog\/#organization"},"image":{"@id":"https:\/\/www.jimprimeenfrance.fr\/blog\/quel-texte-choisir-pour-carte-de-voeux-professionnelle\/#primaryimage"},"thumbnailUrl":"https:\/\/www.jimprimeenfrance.fr\/blog\/wp-content\/uploads\/2018\/09\/quel-texte-choisir-pour-sa-carte-de-voeux-professionnelle-1.jpg","keywords":["carte de fin d'ann\u00e9e","carte de nouvel an","carte de voeux","carte de voeux professionnelle"],"articleSection":["Carte de v\u0153ux"],"inLanguage":"fr-FR","potentialAction":[{"@type":"CommentAction","name":"Comment","target":["https:\/\/www.jimprimeenfrance.fr\/blog\/quel-texte-choisir-pour-carte-de-voeux-professionnelle\/#respond"]}]},{"@type":"WebPage","@id":"https:\/\/www.jimprimeenfrance.fr\/blog\/quel-texte-choisir-pour-carte-de-voeux-professionnelle\/","url":"https:\/\/www.jimprimeenfrance.fr\/blog\/quel-texte-choisir-pour-carte-de-voeux-professionnelle\/","name":"Exemples de textes pour carte de voeux professionnelles.","isPartOf":{"@id":"https:\/\/www.jimprimeenfrance.fr\/blog\/#website"},"primaryImageOfPage":{"@id":"https:\/\/www.jimprimeenfrance.fr\/blog\/quel-texte-choisir-pour-carte-de-voeux-professionnelle\/#primaryimage"},"image":{"@id":"https:\/\/www.jimprimeenfrance.fr\/blog\/quel-texte-choisir-pour-carte-de-voeux-professionnelle\/#primaryimage"},"thumbnailUrl":"https:\/\/www.jimprimeenfrance.fr\/blog\/wp-content\/uploads\/2018\/09\/quel-texte-choisir-pour-sa-carte-de-voeux-professionnelle-1.jpg","datePublished":"2018-09-12T06:30:39+00:00","dateModified":"2022-11-22T13:11:04+00:00","description":"L'envoi d'une carte de voeux professionnelle est un acte fort de marketing personnel. Voyez-en les points essentiels et les erreurs \u00e0 \u00e9viter.","breadcrumb":{"@id":"https:\/\/www.jimprimeenfrance.fr\/blog\/quel-texte-choisir-pour-carte-de-voeux-professionnelle\/#breadcrumb"},"inLanguage":"fr-FR","potentialAction":[{"@type":"ReadAction","target":["https:\/\/www.jimprimeenfrance.fr\/blog\/quel-texte-choisir-pour-carte-de-voeux-professionnelle\/"]}]},{"@type":"ImageObject","inLanguage":"fr-FR","@id":"https:\/\/www.jimprimeenfrance.fr\/blog\/quel-texte-choisir-pour-carte-de-voeux-professionnelle\/#primaryimage","url":"https:\/\/www.jimprimeenfrance.fr\/blog\/wp-content\/uploads\/2018\/09\/quel-texte-choisir-pour-sa-carte-de-voeux-professionnelle-1.jpg","contentUrl":"https:\/\/www.jimprimeenfrance.fr\/blog\/wp-content\/uploads\/2018\/09\/quel-texte-choisir-pour-sa-carte-de-voeux-professionnelle-1.jpg","width":1600,"height":500,"caption":"Quel texte choisir pour sa carte de v\u0153ux professionnelle"},{"@type":"BreadcrumbList","@id":"https:\/\/www.jimprimeenfrance.fr\/blog\/quel-texte-choisir-pour-carte-de-voeux-professionnelle\/#breadcrumb","itemListElement":[{"@type":"ListItem","position":1,"name":"Accueil","item":"https:\/\/www.jimprimeenfrance.fr\/blog\/"},{"@type":"ListItem","position":2,"name":"Quel texte choisir pour sa carte de voeux professionnelle ?"}]},{"@type":"WebSite","@id":"https:\/\/www.jimprimeenfrance.fr\/blog\/#website","url":"https:\/\/www.jimprimeenfrance.fr\/blog\/","name":"Votre imprimerie en ligne, le blog","description":"Impressionnez et faites bonne impression avec nos conseils d&#039;imprimerie online","publisher":{"@id":"https:\/\/www.jimprimeenfrance.fr\/blog\/#organization"},"potentialAction":[{"@type":"SearchAction","target":{"@type":"EntryPoint","urlTemplate":"https:\/\/www.jimprimeenfrance.fr\/blog\/?s={search_term_string}"},"query-input":{"@type":"PropertyValueSpecification","valueRequired":true,"valueName":"search_term_string"}}],"inLanguage":"fr-FR"},{"@type":"Organization","@id":"https:\/\/www.jimprimeenfrance.fr\/blog\/#organization","name":"PrintBasPrix - Imprimerie en ligne","url":"https:\/\/www.jimprimeenfrance.fr\/blog\/","logo":{"@type":"ImageObject","inLanguage":"fr-FR","@id":"https:\/\/www.jimprimeenfrance.fr\/blog\/#\/schema\/logo\/image\/","url":"https:\/\/www.jimprimeenfrance.fr\/blog\/wp-content\/uploads\/2018\/07\/cropped-printbasprix-imprimeur-en-ligne.png","contentUrl":"https:\/\/www.jimprimeenfrance.fr\/blog\/wp-content\/uploads\/2018\/07\/cropped-printbasprix-imprimeur-en-ligne.png","width":361,"height":86,"caption":"PrintBasPrix - Imprimerie en ligne"},"image":{"@id":"https:\/\/www.jimprimeenfrance.fr\/blog\/#\/schema\/logo\/image\/"},"sameAs":["https:\/\/www.facebook.com\/PrintBasPrix","https:\/\/x.com\/PrintBasPrix","https:\/\/www.instagram.com\/printbasprix\/","https:\/\/www.linkedin.com\/company\/printbasprix\/","https:\/\/www.youtube.com\/channel\/UC0Ysbd0Gbzzp0yMgrfNQqug"]},{"@type":"Person","@id":"https:\/\/www.jimprimeenfrance.fr\/blog\/#\/schema\/person\/711bdd00fc82a687615940c5ae0b412c","name":"PrintBasPrix Imprimerie en ligne","image":{"@type":"ImageObject","inLanguage":"fr-FR","@id":"https:\/\/secure.gravatar.com\/avatar\/e898f6c9f447b2b28a568c2fec45e0fef703b12c4f80de6258e9bcb2e61aaf27?s=96&r=g","url":"https:\/\/secure.gravatar.com\/avatar\/e898f6c9f447b2b28a568c2fec45e0fef703b12c4f80de6258e9bcb2e61aaf27?s=96&r=g","contentUrl":"https:\/\/secure.gravatar.com\/avatar\/e898f6c9f447b2b28a568c2fec45e0fef703b12c4f80de6258e9bcb2e61aaf27?s=96&r=g","caption":"PrintBasPrix Imprimerie en ligne"},"url":"https:\/\/www.jimprimeenfrance.fr\/blog\/author\/printbasprix-imprimerie-en-ligne\/"}]}},"_links":{"self":[{"href":"https:\/\/www.jimprimeenfrance.fr\/blog\/wp-json\/wp\/v2\/posts\/297","targetHints":{"allow":["GET"]}}],"collection":[{"href":"https:\/\/www.jimprimeenfrance.fr\/blog\/wp-json\/wp\/v2\/posts"}],"about":[{"href":"https:\/\/www.jimprimeenfrance.fr\/blog\/wp-json\/wp\/v2\/types\/post"}],"author":[{"embeddable":true,"href":"https:\/\/www.jimprimeenfrance.fr\/blog\/wp-json\/wp\/v2\/users\/4"}],"replies":[{"embeddable":true,"href":"https:\/\/www.jimprimeenfrance.fr\/blog\/wp-json\/wp\/v2\/comments?post=297"}],"version-history":[{"count":24,"href":"https:\/\/www.jimprimeenfrance.fr\/blog\/wp-json\/wp\/v2\/posts\/297\/revisions"}],"predecessor-version":[{"id":7528,"href":"https:\/\/www.jimprimeenfrance.fr\/blog\/wp-json\/wp\/v2\/posts\/297\/revisions\/7528"}],"wp:featuredmedia":[{"embeddable":true,"href":"https:\/\/www.jimprimeenfrance.fr\/blog\/wp-json\/wp\/v2\/media\/7520"}],"wp:attachment":[{"href":"https:\/\/www.jimprimeenfrance.fr\/blog\/wp-json\/wp\/v2\/media?parent=297"}],"wp:term":[{"taxonomy":"category","embeddable":true,"href":"https:\/\/www.jimprimeenfrance.fr\/blog\/wp-json\/wp\/v2\/categories?post=297"},{"taxonomy":"post_tag","embeddable":true,"href":"https:\/\/www.jimprimeenfrance.fr\/blog\/wp-json\/wp\/v2\/tags?post=297"}],"curies":[{"name":"wp","href":"https:\/\/api.w.org\/{rel}","templated":true}]}}