{"id":2725,"date":"2019-09-04T08:30:52","date_gmt":"2019-09-04T06:30:52","guid":{"rendered":"https:\/\/www.jimprimeenfrance.fr\/blog\/?p=2725"},"modified":"2020-12-23T09:31:10","modified_gmt":"2020-12-23T08:31:10","slug":"steve-jobs-dirait-strategies-petites-entreprises","status":"publish","type":"post","link":"https:\/\/www.jimprimeenfrance.fr\/blog\/steve-jobs-dirait-strategies-petites-entreprises\/","title":{"rendered":"Ce que Steve Jobs dirait sur les strat\u00e9gies des petites entreprises de 2019"},"content":{"rendered":"<p style=\"text-align: justify\">Qui ne connait pas le nom du fondateur d&rsquo;Apple ? Steve Jobs est un g\u00e9nie de l&rsquo;informatique et de l&rsquo;entrepreneuriat. Il a fait fortune en fondant la marque Apple.<\/p>\n<p style=\"text-align: justify\">Quelles le\u00e7ons pouvons-nous tirer de ce grand ma\u00eetre du marketing ? Et si Steve Jobs \u00e9tait encore en vie, quel serait son avis sur les strat\u00e9gies des petites entreprises en 2019 ? C&rsquo;est ce que nous allons tenter de voir dans cet article.<\/p>\n<p>&nbsp;<\/p>\n<h2 style=\"text-align: justify\">Steve Jobs, une ic\u00f4ne du monde de l&rsquo;entreprise et un visionnaire<\/h2>\n<p style=\"text-align: justify\">Pour bien comprendre la philosophie de Steve Jobs, il faut avant tout conna\u00eetre l&rsquo;homme derri\u00e8re la marque \u00e0 la pomme.<\/p>\n<h3 style=\"text-align: justify\">Un surdou\u00e9 d\u00e8s son plus jeune \u00e2ge<\/h3>\n<p style=\"text-align: justify\">Steve Jobs a un parcours de vie pour le moins fascinant. Ce g\u00e9nie de l&rsquo;informatique est n\u00e9 \u00e0 San Francisco (Etats-Unis) en 1955.<\/p>\n<p style=\"text-align: justify\">Issu de l&rsquo;union d&rsquo;un \u00e9tudiant syrien et d&rsquo;une \u00e9tudiante am\u00e9ricaine catholique, il ne grandit pas avec ses parents l\u00e9gitimes. Le petit Steve est adopt\u00e9 par un couple am\u00e9ricain, Paul Reinhold Jobs et Clara Hagopian.<\/p>\n<p style=\"text-align: justify\">Le gar\u00e7on grandit en Californie et devient tr\u00e8s jeune un <strong>passionn\u00e9 d&rsquo;\u00e9lectronique<\/strong>. A l&rsquo;\u00e2ge de seulement 13 ans, il contacte directement le pr\u00e9sident de l&rsquo;entreprise Hewlett-Packard et d\u00e9croche un job d&rsquo;\u00e9t\u00e9.<\/p>\n<p style=\"text-align: justify\">Lors de ses \u00e9tudes secondaires, Steve Jobs rencontre Steve Wozniak qui deviendra son meilleur ami et son acolyte au travail. L&rsquo;adolescent n&rsquo;est pas tr\u00e8s assidu \u00e0 l&rsquo;universit\u00e9 et d\u00e9cide d&rsquo;abandonner ses \u00e9tudes, en pleine mouvance hippie.<\/p>\n<p>&nbsp;<\/p>\n<h3 style=\"text-align: justify\">Le premier Apple construit dans un garage<\/h3>\n<p style=\"text-align: justify\">En 1974, Steve Jobs est embauch\u00e9 par le studio de conception de jeux vid\u00e9os Atari. A l&rsquo;aide de son ami Steve Wozniak, il con\u00e7oit le circuit \u00e9lectronique du jeu Breakout.<\/p>\n<p style=\"text-align: justify\">Toutefois, cela ne suffit pas aux deux jeunes hommes qui r\u00eavent de monter leur entreprise et d&rsquo;aller plus loin dans le monde de l&rsquo;informatique. En 1976, ils cr\u00e9ent la soci\u00e9t\u00e9 Apple Computer Company, apr\u00e8s avoir fabriqu\u00e9 leur<strong> premier prototype d&rsquo;ordinateur<\/strong>.<\/p>\n<p>&nbsp;<\/p>\n<figure id=\"attachment_2796\" aria-describedby=\"caption-attachment-2796\" style=\"width: 640px\" class=\"wp-caption aligncenter\"><img loading=\"lazy\" decoding=\"async\" class=\"wp-image-2796 size-large\" src=\"https:\/\/www.jimprimeenfrance.fr\/blog\/wp-content\/uploads\/2019\/09\/le-premier-apple-construit-dans-un-garage-1024x731.jpg\" alt=\"Steve Jobs..du circuit imprimer \u00e0 strat\u00e8ge entrepreneurial\" width=\"640\" height=\"457\" srcset=\"https:\/\/www.jimprimeenfrance.fr\/blog\/wp-content\/uploads\/2019\/09\/le-premier-apple-construit-dans-un-garage-1024x731.jpg 1024w, https:\/\/www.jimprimeenfrance.fr\/blog\/wp-content\/uploads\/2019\/09\/le-premier-apple-construit-dans-un-garage-300x214.jpg 300w, https:\/\/www.jimprimeenfrance.fr\/blog\/wp-content\/uploads\/2019\/09\/le-premier-apple-construit-dans-un-garage-768x548.jpg 768w, https:\/\/www.jimprimeenfrance.fr\/blog\/wp-content\/uploads\/2019\/09\/le-premier-apple-construit-dans-un-garage.jpg 1200w\" sizes=\"auto, (max-width: 640px) 100vw, 640px\" \/><figcaption id=\"caption-attachment-2796\" class=\"wp-caption-text\">Steve Jobs..du circuit imprimer \u00e0 strat\u00e8ge entrepreneurial<\/figcaption><\/figure>\n<p>&nbsp;<\/p>\n<p style=\"text-align: justify\">Fait amusant, ils n&rsquo;ont pas l&rsquo;argent pour louer un local et travaillent dans le garage de Steve Jobs. Cela ne les emp\u00eache pas de cr\u00e9er l&rsquo;Apple 1, puis l&rsquo;Apple 2. Ce dernier mod\u00e8le est commercialis\u00e9 en 1977 aux particuliers et obtient vite un grand succ\u00e8s.<\/p>\n<p>&nbsp;<\/p>\n<h3 style=\"text-align: justify\">La mont\u00e9e en puissance d&rsquo;Apple<\/h3>\n<p style=\"text-align: justify\">Apple est une des premi\u00e8res entreprises \u00e0 vendre des ordinateurs personnels \u00e0 grande \u00e9chelle. La soci\u00e9t\u00e9 conna\u00eet une croissance extraordinaire et entre en bourse trois ans plus tard.<\/p>\n<p style=\"text-align: justify\">A seulement 25 ans, Steve Jobs est d\u00e9j\u00e0 <strong>multimillionnaire<\/strong> ! Les deux entrepreneurs continuent sur le chemin de l&rsquo;innovation et cr\u00e9ent l&rsquo;ordinateur Macintosh avec une souris en 1984.<\/p>\n<p style=\"text-align: justify\">Ce mod\u00e8le est tr\u00e8s populaire aupr\u00e8s du grand public, notamment gr\u00e2ce \u00e0 un spot t\u00e9l\u00e9vis\u00e9 r\u00e9alis\u00e9 par Ridley Scott, sous la houlette du directeur g\u00e9n\u00e9ral <a href=\"https:\/\/www.zdnet.fr\/actualites\/john-sculley-steve-jobs-ne-lui-a-jamais-pardonne-39809097.htm\" target=\"_blank\" rel=\"noopener noreferrer\">John Sculley<\/a>. Malheureusement, les conflits s&rsquo;accumulent au sein d&rsquo;Apple entre John Sculley et Steve Jobs. Ce dernier finit par quitter l&rsquo;entreprise en 1985.<\/p>\n<p>&nbsp;<\/p>\n<h3 style=\"text-align: justify\">Les plus grandes r\u00e9ussites de la marque \u00e0 la pomme<\/h3>\n<p style=\"text-align: justify\">Steve Jobs lance alors une autre entreprise, <strong>NeXT Computers<\/strong>. Peu connue du grand public, la soci\u00e9t\u00e9 est toutefois \u00e0 l&rsquo;origine de petites r\u00e9volutions dans le monde de l&rsquo;informatique.<\/p>\n<p style=\"text-align: justify\">En 1986, Steve Jobs rach\u00e8te ce qui deviendra le studio d&rsquo;animation Pixar. C&rsquo;est le producteur d\u00e9l\u00e9gu\u00e9 du c\u00e9l\u00e8bre film d&rsquo;animation <em>Toy Story<\/em>.<\/p>\n<p style=\"text-align: justify\">Dix ans plus tard, coup de th\u00e9\u00e2tre : Apple ach\u00e8te NeXT Computers et Steve Jobs redevient directeur g\u00e9n\u00e9ral de la marque \u00e0 la pomme. Ses id\u00e9es de g\u00e9nie remettent l&rsquo;entreprise sur le chemin de la r\u00e9ussite.<\/p>\n<p style=\"text-align: justify\">Les succ\u00e8s commerciaux internationaux s&rsquo;encha\u00eenent : l&rsquo;iMac en 1998, l&rsquo;iPod et la plate-forme musicale iTunes en 2001, les Apple stores en 2003&#8230; Une des plus belles r\u00e9ussites d&rsquo;Apple, c&rsquo;est bien \u00e9videmment la sortie du <strong>premier iPhone en 2007<\/strong>, suivi par de tr\u00e8s nombreux mod\u00e8les au fil des ans. L&rsquo;<a href=\"https:\/\/lexpansion.lexpress.fr\/high-tech\/premier-ipad-d-apple_1492195.html\" target=\"_blank\" rel=\"noopener noreferrer\">iPad<\/a>, d\u00e9voil\u00e9 en 2010, est aussi un vrai succ\u00e8s.\u00a0<\/p>\n<p style=\"text-align: justify\">Steve Jobs d\u00e9c\u00e8de le 5 octobre 2011, \u00e0 l&rsquo;\u00e2ge de 56 ans, d&rsquo;un cancer du pancr\u00e9as. Il aura r\u00e9ussi \u00e0 placer Apple sur le podium des entreprises les plus populaires et les plus lucratives au monde gr\u00e2ce son intuition, sa cr\u00e9ativit\u00e9 et son bon sens.<\/p>\n<p>&nbsp;<\/p>\n<h2 style=\"text-align: justify\">Les meilleurs conseils marketing \u00e0 retenir de Steve Jobs<\/h2>\n<p style=\"text-align: justify\">Steve Jobs est devenu un mod\u00e8le dans le monde de l&rsquo;entreprise gr\u00e2ce \u00e0 son excellent pilotage strat\u00e9gique. Comment a-t-il r\u00e9ussi \u00e0 amener Apple au plus haut niveau ?<\/p>\n<p style=\"text-align: justify\">Gr\u00e2ce \u00e0 une philosophie intelligente et qui a port\u00e9 ses fruits. Voici les le\u00e7ons \u00e0 retenir de Steve Jobs pour inspirer les strat\u00e9gies des petites entreprises en 2019.<\/p>\n<p>&nbsp;<\/p>\n<h3 style=\"text-align: justify\">Croire au succ\u00e8s de son affaire<\/h3>\n<p style=\"text-align: justify\">L&rsquo;expression \u00ab\u00a0croire en ses r\u00eaves\u00a0\u00bb peut para\u00eetre un peu mi\u00e8vre, mais elle a pourtant beaucoup de sens ! La biographie de Steve Jobs le prouve bien, lui qui est parti de rien en construisant des ordinateurs dans son garage avant de rencontrer un succ\u00e8s mondial.<\/p>\n<p style=\"text-align: justify\">M\u00eame si vous avez une petite entreprise familiale ou que vous travaillez seul, vous pouvez faire fructifier votre n\u00e9goce de mani\u00e8re exponentielle. Steve Jobs affirmait souvent que chacun avait droit \u00e0 ses chances et qu&rsquo;il n&rsquo;\u00e9tait <strong>pas besoin d&rsquo;\u00eatre sur-dipl\u00f4m\u00e9 ou riche<\/strong> pour r\u00e9ussir.<\/p>\n<p style=\"text-align: justify\">Vous ne sortez pas d&rsquo;une <a href=\"https:\/\/www.jimprimeenfrance.fr\/blog\/grandes-ecoles-comment-reussir-communication\/\" target=\"_blank\" rel=\"noopener noreferrer\">grande \u00e9cole<\/a> de commerce ? Cela ne vous emp\u00eachera pas d&rsquo;\u00eatre un tr\u00e8s bon gestionnaire de TPE.<\/p>\n<p style=\"text-align: justify\">Et, qui sait, peut-\u00eatre pourrez-vous passer d&rsquo;une TPE \u00e0 une PME puis \u00e0 un grand groupe&#8230;<\/p>\n<p>&nbsp;<\/p>\n<h3 style=\"text-align: justify\">Le carr\u00e9 de Steve Jobs<\/h3>\n<p style=\"text-align: justify\">Le carr\u00e9 de Steve Jobs fait partie des strat\u00e9gies marketing les plus c\u00e9l\u00e8bres de l&rsquo;entrepreneur. En 1997, la marque Apple proposait de tr\u00e8s nombreux produits et l&rsquo;offre de la marque \u00e9tait devenue assez floue.<\/p>\n<p style=\"text-align: justify\">Steve Jobs a d\u00e9cid\u00e9 de reprendre les choses en main en \u00e9laborant un plan pour le <a href=\"https:\/\/www.macworld.com\/\" target=\"_blank\" rel=\"noopener noreferrer\">MacWorld<\/a> de 1998. Il a dessin\u00e9 un carr\u00e9 en partant du principe que les quatre c\u00f4t\u00e9s \u00e9taient les consommateurs et les professionnels d&rsquo;un c\u00f4t\u00e9, les ordinateurs de bureau et les ordinateurs portables de l&rsquo;autre.<\/p>\n<p>&nbsp;<\/p>\n<p style=\"text-align: justify\">Ce carr\u00e9 a \u00e9t\u00e9 cr\u00e9\u00e9 pour rappeler qu&rsquo;<strong>il faut aller \u00e0 l&rsquo;essentiel<\/strong>, sans se perdre dans une profusion d&rsquo;id\u00e9es. Pour l&rsquo;illustrer, Steve Jobs avait d&rsquo;ailleurs d\u00e9clar\u00e9 : \u00ab\u00a0Les gens pensent que se concentrer signifie dire \u00ab oui \u00bb aux choses importantes.<\/p>\n<p style=\"text-align: justify\">Mais ce n\u2019est pas sa signification profonde. Il s\u2019agit de dire \u00ab non \u00bb \u00e0 la centaine d\u2019autres bonnes id\u00e9es disponibles\u00a0\u00bb. En effet, Steve Jobs est toujours rest\u00e9 tr\u00e8s attach\u00e9 \u00e0 ses valeurs : simplicit\u00e9 d&rsquo;utilisation des produits, design \u00e9pur\u00e9, service client tr\u00e8s \u00e0 l&rsquo;\u00e9coute&#8230;<\/p>\n<p>&nbsp;<\/p>\n<h3 style=\"text-align: justify\">La qualit\u00e9 et le luxe des produits<\/h3>\n<p style=\"text-align: justify\">Bien entendu, la croissance tr\u00e8s impressionnante d&rsquo;Apple repose sur des produits d&rsquo;excellente qualit\u00e9, au design souvent copi\u00e9 par la suite. Steve Jobs mettait un point d&rsquo;honneur \u00e0 concevoir des produits tr\u00e8s innovants, bas\u00e9s sur les derniers d\u00e9veloppements des nouvelles technologies et industries.<\/p>\n<p style=\"text-align: justify\">Il ne l\u00e9sinait d&rsquo;ailleurs pas sur les d\u00e9penses pour cr\u00e9er les meilleurs produits possible. Le <strong>retour sur investissement<\/strong> \u00e9tait toutefois \u00e0 la hauteur du montant engag\u00e9.<\/p>\n<p>&nbsp;<\/p>\n<h3 style=\"text-align: justify\">Une strat\u00e9gie publicitaire tr\u00e8s \u00e9tudi\u00e9e<\/h3>\n<p style=\"text-align: justify\">La publicit\u00e9 faisait partie des priorit\u00e9s de Steve Jobs. Ses campagnes et ses slogans publicitaires ont marqu\u00e9 les esprits (\u00ab\u00a0Think Different\u00a0\u00bb, \u00ab\u00a0I&rsquo;m a Mac\u00a0\u00bb&#8230;).<\/p>\n<p style=\"text-align: justify\">Tout le monde ou presque se rappelle la campagne de lancement de l&rsquo;iPhone en 2007 ainsi que le spot publicitaire r\u00e9alis\u00e9 par Ridley Scott et diffus\u00e9 lors du Superbowl en 1984.<\/p>\n<p><iframe loading=\"lazy\" title=\"Apple Mac 1984\" width=\"640\" height=\"480\" src=\"https:\/\/www.youtube.com\/embed\/vNy-7jv0XSc?feature=oembed\" frameborder=\"0\" allow=\"accelerometer; autoplay; clipboard-write; encrypted-media; gyroscope; picture-in-picture; web-share\" referrerpolicy=\"strict-origin-when-cross-origin\" allowfullscreen><\/iframe><\/p>\n<p style=\"text-align: justify\">Les images \u00e9taient beaucoup mises en valeurs dans ses publicit\u00e9s pour faire parler l&rsquo;imagination des consommateurs. Steve Jobs ma\u00eetrisait aussi <strong>l&rsquo;art du myst\u00e8re<\/strong> et faisait na\u00eetre l&rsquo;attente autour de ses nouveaux produits.<\/p>\n<p style=\"text-align: justify\">Il laissait libre cours aux rumeurs et aimait faire monter l&rsquo;excitation avant la sortie d&rsquo;un nouveau mod\u00e8le.<\/p>\n<p>&nbsp;<\/p>\n<h3 style=\"text-align: justify\">Trouver un but \u00e0 la comp\u00e9titivit\u00e9 entre entreprises<\/h3>\n<p style=\"text-align: justify\">La comp\u00e9titivit\u00e9 entre les entreprises ne doit pas forc\u00e9ment \u00eatre subie. Avec la <strong>mondialisation<\/strong>, toutes les soci\u00e9t\u00e9s, m\u00eame les PME, sont soumises \u00e0 une rude concurrence. Steve Jobs en jouait en \u00ab\u00a0diabolisant\u00a0\u00bb certaines entreprises dans le secteur du high-tech, comme IBM ou Android.<\/p>\n<p style=\"text-align: justify\">Cela lui permettait de passer pour le \u00ab\u00a0h\u00e9ros\u00a0\u00bb et de donner une bonne image d&rsquo;Apple. Attention : \u00e0 manier avec subtilit\u00e9 pour ne pas tomber dans la diffamation !<\/p>\n<p>&nbsp;<\/p>\n<h3 style=\"text-align: justify\">Miser sur la fid\u00e9lit\u00e9 des utilisateurs<\/h3>\n<p style=\"text-align: justify\">Lorsqu&rsquo;on voit les immenses files d&rsquo;attente devant les Apple stores \u00e0 la sortie d&rsquo;un nouveau produit, il y a de quoi \u00eatre sid\u00e9r\u00e9. En effet, Steve Jobs a r\u00e9ussi \u00e0 faire des utilisateurs de ses produits de v\u00e9ritables inconditionnels de la marque.<\/p>\n<p style=\"text-align: justify\">Ils se comportent comme des <strong>ambassadeurs<\/strong> et vantent les louanges d&rsquo;Apple \u00e0 leur entourage.<\/p>\n<p>&nbsp;<\/p>\n<h2 style=\"text-align: justify\">Appliquer ces m\u00e9thodes dans les strat\u00e9gies des petites entreprises\u00a0<\/h2>\n<p style=\"text-align: justify\">Les strat\u00e9gies des petites entreprises doivent \u00eatre soign\u00e9es au m\u00eame titre que les grands groupes. Quel <a href=\"https:\/\/www.researchgate.net\/profile\/Dean_Shepherd2\/publication\/229781501_Knowledge-Based_Resources_Entrepreneurial_Orientation_and_the_Performance_of_Small_and_Medium-Sized_Business\/links\/5a85079da6fdcc201b9f03c4\/Knowledge-Based-Resources-Entrepreneurial-Orientation-and-the-Performance-of-Small-and-Medium-Sized-Business.pdf\" target=\"_blank\" rel=\"noopener noreferrer\">plan marketing<\/a> adopter et comment savoir si Steve Jobs aurait approuv\u00e9 ces m\u00e9thodes ?<\/p>\n<h2 style=\"text-align: justify\">Se donner les moyens de r\u00e9ussir<\/h2>\n<p style=\"text-align: justify\">Alors que nous sommes en pleine mondialisation des produits et des services, les strat\u00e9gies des petites entreprises peuvent sembler bien faibles au regard des multinationales. Pourtant, s&rsquo;il y a bien une chose que Steve Jobs nous a appris, c&rsquo;est qu&rsquo;il faut croire en ses r\u00eaves.<\/p>\n<p style=\"text-align: justify\">Si le fondateur d&rsquo;Apple a commenc\u00e9 dans un garage, il n&rsquo;y a pas de raison pour que la plus petite des TPE ne d\u00e9colle pas ! Bien s\u00fbr, il ne suffit pas d&rsquo;\u00e9laborer de doux r\u00eaves, il faut aussi se donner les moyens d&rsquo;entreprendre.<\/p>\n<p style=\"text-align: justify\">En 2019, les soci\u00e9t\u00e9s disposent de <strong>moyens techniques et logistiques<\/strong> dont Steve Jobs ne b\u00e9n\u00e9ficiait pas \u00e0 son \u00e9poque (logiciels de gestion de projet, <a href=\"https:\/\/www.piloter.org\/techno\/SCM\/index.htm\" target=\"_blank\" rel=\"noopener noreferrer\">supply chain<\/a>&#8230;). Il faut donc en profiter.\u00a0<\/p>\n<p style=\"text-align: justify\">De m\u00eame, ne l\u00e9sinez pas sur les ressources humaines et logistiques pour la croissance de votre entreprise. Lorsqu&rsquo;on est une petite soci\u00e9t\u00e9, on ne poss\u00e8de pas beaucoup de budget \u00e0 allouer aux embauches et aux achats de mat\u00e9riel ainsi qu&rsquo;\u00e0 la publicit\u00e9.<\/p>\n<p style=\"text-align: justify\">Pourtant, le retour sur investissement sera \u00e0 la hauteur de votre engagement. Steve Jobs le savait bien, lui qui n&rsquo;a pas h\u00e9sit\u00e9 \u00e0 d\u00e9penser 1,7 million de dollars pour un spot publicitaire diffus\u00e9 durant le Superbowl !<\/p>\n<p style=\"text-align: justify\">Si vous n&rsquo;avez pas les moyens financiers, cherchez comment <strong>d\u00e9bloquer de l&rsquo;argent rapidement<\/strong> (trouver des sponsors, nouer des <a href=\"https:\/\/www.sciencedirect.com\/science\/article\/abs\/pii\/S0024630101000413\" target=\"_blank\" rel=\"noopener noreferrer\">alliances entre soci\u00e9t\u00e9s<\/a>, lancer une campagne de crowdfunding&#8230;).<\/p>\n<p>&nbsp;<\/p>\n<h2 style=\"text-align: justify\">D\u00e9finir clairement vos objectifs<\/h2>\n<p style=\"text-align: justify\">Avez-vous retenu la le\u00e7on du carr\u00e9 de Steve Jobs ? Les strat\u00e9gies des petites entreprises doivent suivre cet exemple.<\/p>\n<p style=\"text-align: justify\">Posez-vous les bonnes questions avant de construire votre plan marketing afin de ne pas vous \u00e9parpiller.<\/p>\n<p>&nbsp;<\/p>\n<figure id=\"attachment_2797\" aria-describedby=\"caption-attachment-2797\" style=\"width: 640px\" class=\"wp-caption aligncenter\"><img loading=\"lazy\" decoding=\"async\" class=\"wp-image-2797 size-large\" src=\"https:\/\/www.jimprimeenfrance.fr\/blog\/wp-content\/uploads\/2019\/09\/definir-clairement-vos-objectifs-1024x731.jpg\" alt=\"Objectifs et strat\u00e9gies des petites entreprises\" width=\"640\" height=\"457\" srcset=\"https:\/\/www.jimprimeenfrance.fr\/blog\/wp-content\/uploads\/2019\/09\/definir-clairement-vos-objectifs-1024x731.jpg 1024w, https:\/\/www.jimprimeenfrance.fr\/blog\/wp-content\/uploads\/2019\/09\/definir-clairement-vos-objectifs-300x214.jpg 300w, https:\/\/www.jimprimeenfrance.fr\/blog\/wp-content\/uploads\/2019\/09\/definir-clairement-vos-objectifs-768x548.jpg 768w, https:\/\/www.jimprimeenfrance.fr\/blog\/wp-content\/uploads\/2019\/09\/definir-clairement-vos-objectifs.jpg 1200w\" sizes=\"auto, (max-width: 640px) 100vw, 640px\" \/><figcaption id=\"caption-attachment-2797\" class=\"wp-caption-text\">D\u00e9finir les objectifs strat\u00e9giques pour sa petite entreprise<\/figcaption><\/figure>\n<p>&nbsp;<\/p>\n<p style=\"text-align: justify\">Vous devez identifier :<\/p>\n<ul style=\"text-align: justify\">\n<li><strong>Quelle est l&rsquo;<a href=\"https:\/\/www.jimprimeenfrance.fr\/blog\/comment-creer-image-de-marque-forte-durable\/\" target=\"_blank\" rel=\"noopener noreferrer\">image de marque<\/a> de votre entreprise ?<\/strong><\/li>\n<li><strong>Quelle est votre cible ?<\/strong><\/li>\n<li><strong>Quels sont vos points forts ?<\/strong><\/li>\n<li><strong>Comment se porte votre secteur ?<\/strong><\/li>\n<li><strong>En quoi \u00eates-vous diff\u00e9rent de vos concurrents ?<\/strong><\/li>\n<\/ul>\n<p style=\"text-align: justify\">Une fois que vous avez r\u00e9pondu \u00e0 toutes ces questions, vous serez en mesure de construire une strat\u00e9gie forte. Essayez de pr\u00e9voir le plus possible sur le long terme et de respecter un planning.<\/p>\n<p style=\"text-align: justify\">Ainsi, vous parviendrez \u00e0 <a href=\"https:\/\/www.jimprimeenfrance.fr\/blog\/prospection-commerciale-strategie-tactiques-acquerir-nouveaux-clients\/\" target=\"_blank\" rel=\"noopener noreferrer\">augmenter votre base de clients<\/a> de mani\u00e8re significative.<\/p>\n<p>&nbsp;<\/p>\n<h2 style=\"text-align: justify\">Miser sur la publicit\u00e9<\/h2>\n<p style=\"text-align: justify\">Les strat\u00e9gies des petites entreprises ne doivent pas \u00eatre fond\u00e9es que sur la recherche de financement. Les TPE et les PME doivent aussi \u00eatre capables de d\u00e9penser de l&rsquo;argent dans un secteur-cl\u00e9 : la <a href=\"https:\/\/www.jimprimeenfrance.fr\/blog\/publicite-definition\/\" target=\"_blank\" rel=\"noopener noreferrer\">publicit\u00e9<\/a>.<\/p>\n<p style=\"text-align: justify\">Le bouche-\u00e0-oreille n&rsquo;est absolument pas suffisant, vous devez concevoir une solide strat\u00e9gie publicitaire pour faire <a href=\"https:\/\/www.jimprimeenfrance.fr\/blog\/comment-faire-connaitre-entreprise\/\" target=\"_blank\" rel=\"noopener noreferrer\">conna\u00eetre votre entreprise<\/a> d\u00e9marcher de nouveaux clients.<\/p>\n<p style=\"text-align: justify\">Heureusement, vous avez de nombreux supports \u00e0 votre disposition :<\/p>\n<ul style=\"text-align: justify\">\n<li>\n<h3>Les supports print<\/h3>\n<\/li>\n<\/ul>\n<p style=\"text-align: justify\">Les supports print font partie des meilleurs biais publicitaires qui aient jamais \u00e9t\u00e9 invent\u00e9s. Une campagne de distribution de <a href=\"https:\/\/www.jimprimeenfrance.fr\/blog\/qu-est-ce-qu-un-flyer\/\" target=\"_blank\" rel=\"noopener noreferrer\">flyers<\/a> vous permettra de vous faire conna\u00eetre. Si vous souhaitez donner plus d&rsquo;informations sur votre soci\u00e9t\u00e9, faites imprimer des d\u00e9pliants, des <a href=\"https:\/\/www.jimprimeenfrance.fr\/blog\/a-quoi-sert-une-brochure-publicitaire\/\" target=\"_blank\" rel=\"noopener noreferrer\">brochures<\/a> ou des catalogues. Enfin, de grandes <a href=\"https:\/\/www.jimprimeenfrance.fr\/blog\/pourquoi-creer-des-affiches-publicitaires\/\" target=\"_blank\" rel=\"noopener noreferrer\">affiches<\/a> judicieusement plac\u00e9es sont un atout in\u00e9galable.<\/p>\n<p>&nbsp;<\/p>\n<ul style=\"text-align: justify\">\n<li>\n<h3>Les m\u00e9dias<\/h3>\n<\/li>\n<\/ul>\n<p style=\"text-align: justify\">Ne sous-estimez pas le pouvoir des m\u00e9dias. Si vous venez de cr\u00e9er votre entreprise, vous pouvez contacter les r\u00e9dactions de votre r\u00e9gion pour leur pr\u00e9senter votre soci\u00e9t\u00e9. Vous pouvez aussi payer pour la diffusion d&rsquo;un publi-communiqu\u00e9 dans un journal ou pour un spot radio, voire un spot t\u00e9l\u00e9.<\/p>\n<p>&nbsp;<\/p>\n<ul style=\"text-align: justify\">\n<li>\n<h3>Le web<\/h3>\n<\/li>\n<\/ul>\n<p style=\"text-align: justify\">Il est indispensable d&rsquo;\u00eatre pr\u00e9sent sur le web en 2019. Votre entreprise doit obligatoire avoir un site internet bien r\u00e9f\u00e9renc\u00e9 et des pages sur les principaux r\u00e9seaux sociaux. Les <a href=\"https:\/\/www.keacrea.com\/comment-creer-premiere-publicite-adwords\" target=\"_blank\" rel=\"noopener noreferrer\">campagnes Adwords<\/a> sont une tr\u00e8s bonne alternative \u00e0 la publicit\u00e9 traditionnelle. Pensez \u00e9galement au mailing de newsletters et au blogging, tr\u00e8s utile pour apporter de la valeur ajout\u00e9e \u00e0 son site internet.<\/p>\n<p>&nbsp;<\/p>\n<h2 style=\"text-align: justify\">Etre \u00e0 la pointe de l&rsquo;innovation<\/h2>\n<p style=\"text-align: justify\">Pour terminer, rappelez-vous que si Steve Jobs \u00e9tait aussi bon dans tout ce qu&rsquo;il entreprenait, c&rsquo;\u00e9tait parce qu&rsquo;il avait toujours une longueur d&rsquo;avance sur le march\u00e9.<\/p>\n<p style=\"text-align: justify\">Ne vous contentez pas de reproduire ce que les autres font : soyez <strong>diff\u00e9rent et innovant<\/strong>. Le secret de la r\u00e9ussite, c&rsquo;est de parvenir \u00e0 se d\u00e9marquer gr\u00e2ce \u00e0 des produits et des services \u00e0 la fois qualitatifs et novateurs.<\/p>\n","protected":false},"excerpt":{"rendered":"<p>Qui ne connait pas le nom du fondateur d&rsquo;Apple ? Steve Jobs est un g\u00e9nie de l&rsquo;informatique et de l&rsquo;entrepreneuriat. Il a fait fortune en fondant la marque Apple. Quelles le\u00e7ons pouvons-nous tirer de ce grand ma\u00eetre du marketing ? Et si Steve Jobs \u00e9tait encore en vie, quel serait son avis sur les strat\u00e9gies [&hellip;]<\/p>\n","protected":false},"author":4,"featured_media":2794,"comment_status":"open","ping_status":"open","sticky":false,"template":"","format":"standard","meta":{"_editorskit_title_hidden":false,"_editorskit_reading_time":0,"_editorskit_is_block_options_detached":false,"_editorskit_block_options_position":"{}","footnotes":""},"categories":[54],"tags":[7,191,224],"class_list":["post-2725","post","type-post","status-publish","format-standard","has-post-thumbnail","hentry","category-marketing","tag-entreprise","tag-marketing","tag-strategie"],"yoast_head":"<!-- This site is optimized with the Yoast SEO plugin v27.5 - https:\/\/yoast.com\/product\/yoast-seo-wordpress\/ -->\r\n<title>Ce que Steve Jobs dirait sur les strat\u00e9gies des petites entreprises en 2019<\/title>\r\n<meta name=\"description\" content=\"Steve Jobs a chang\u00e9 le monde du marketing et des nouvelles technologies. Quel serait son avis sur les strat\u00e9gies des petites entreprises ?\" \/>\r\n<meta name=\"robots\" content=\"index, follow, max-snippet:-1, max-image-preview:large, max-video-preview:-1\" \/>\r\n<link rel=\"canonical\" href=\"https:\/\/www.jimprimeenfrance.fr\/blog\/steve-jobs-dirait-strategies-petites-entreprises\/\" \/>\r\n<meta property=\"og:locale\" content=\"fr_FR\" \/>\r\n<meta property=\"og:type\" content=\"article\" \/>\r\n<meta property=\"og:title\" content=\"Ce que Steve Jobs dirait sur les strat\u00e9gies des petites entreprises en 2019\" \/>\r\n<meta property=\"og:description\" content=\"Steve Jobs a chang\u00e9 le monde du marketing et des nouvelles technologies. Quel serait son avis sur les strat\u00e9gies des petites entreprises ?\" \/>\r\n<meta property=\"og:url\" content=\"https:\/\/www.jimprimeenfrance.fr\/blog\/steve-jobs-dirait-strategies-petites-entreprises\/\" \/>\r\n<meta property=\"og:site_name\" content=\"Votre imprimerie en ligne, le blog\" \/>\r\n<meta property=\"article:publisher\" content=\"https:\/\/www.facebook.com\/PrintBasPrix\" \/>\r\n<meta property=\"article:published_time\" content=\"2019-09-04T06:30:52+00:00\" \/>\r\n<meta property=\"article:modified_time\" content=\"2020-12-23T08:31:10+00:00\" \/>\r\n<meta property=\"og:image\" content=\"https:\/\/www.jimprimeenfrance.fr\/blog\/wp-content\/uploads\/2019\/09\/ce-que-steve-jobs-dirait-sur-les-strategies-des-petites-entreprises-de-2019.jpg\" \/>\r\n\t<meta property=\"og:image:width\" content=\"1600\" \/>\r\n\t<meta property=\"og:image:height\" content=\"500\" \/>\r\n\t<meta property=\"og:image:type\" content=\"image\/jpeg\" \/>\r\n<meta name=\"author\" content=\"PrintBasPrix Imprimerie en ligne\" \/>\r\n<meta name=\"twitter:card\" content=\"summary_large_image\" \/>\r\n<meta name=\"twitter:creator\" content=\"@PrintBasPrix\" \/>\r\n<meta name=\"twitter:site\" content=\"@PrintBasPrix\" \/>\r\n<meta name=\"twitter:label1\" content=\"\u00c9crit par\" \/>\n\t<meta name=\"twitter:data1\" content=\"PrintBasPrix Imprimerie en ligne\" \/>\n\t<meta name=\"twitter:label2\" content=\"Dur\u00e9e de lecture estim\u00e9e\" \/>\n\t<meta name=\"twitter:data2\" content=\"11 minutes\" \/>\r\n<script type=\"application\/ld+json\" class=\"yoast-schema-graph\">{\"@context\":\"https:\\\/\\\/schema.org\",\"@graph\":[{\"@type\":\"Article\",\"@id\":\"https:\\\/\\\/www.jimprimeenfrance.fr\\\/blog\\\/steve-jobs-dirait-strategies-petites-entreprises\\\/#article\",\"isPartOf\":{\"@id\":\"https:\\\/\\\/www.jimprimeenfrance.fr\\\/blog\\\/steve-jobs-dirait-strategies-petites-entreprises\\\/\"},\"author\":{\"name\":\"PrintBasPrix Imprimerie en ligne\",\"@id\":\"https:\\\/\\\/www.jimprimeenfrance.fr\\\/blog\\\/#\\\/schema\\\/person\\\/711bdd00fc82a687615940c5ae0b412c\"},\"headline\":\"Ce que Steve Jobs dirait sur les strat\u00e9gies des petites entreprises de 2019\",\"datePublished\":\"2019-09-04T06:30:52+00:00\",\"dateModified\":\"2020-12-23T08:31:10+00:00\",\"mainEntityOfPage\":{\"@id\":\"https:\\\/\\\/www.jimprimeenfrance.fr\\\/blog\\\/steve-jobs-dirait-strategies-petites-entreprises\\\/\"},\"wordCount\":2349,\"commentCount\":1,\"publisher\":{\"@id\":\"https:\\\/\\\/www.jimprimeenfrance.fr\\\/blog\\\/#organization\"},\"image\":{\"@id\":\"https:\\\/\\\/www.jimprimeenfrance.fr\\\/blog\\\/steve-jobs-dirait-strategies-petites-entreprises\\\/#primaryimage\"},\"thumbnailUrl\":\"https:\\\/\\\/www.jimprimeenfrance.fr\\\/blog\\\/wp-content\\\/uploads\\\/2019\\\/09\\\/ce-que-steve-jobs-dirait-sur-les-strategies-des-petites-entreprises-de-2019.jpg\",\"keywords\":[\"entreprise\",\"marketing\",\"strat\u00e9gie\"],\"articleSection\":[\"Marketing\"],\"inLanguage\":\"fr-FR\",\"potentialAction\":[{\"@type\":\"CommentAction\",\"name\":\"Comment\",\"target\":[\"https:\\\/\\\/www.jimprimeenfrance.fr\\\/blog\\\/steve-jobs-dirait-strategies-petites-entreprises\\\/#respond\"]}]},{\"@type\":\"WebPage\",\"@id\":\"https:\\\/\\\/www.jimprimeenfrance.fr\\\/blog\\\/steve-jobs-dirait-strategies-petites-entreprises\\\/\",\"url\":\"https:\\\/\\\/www.jimprimeenfrance.fr\\\/blog\\\/steve-jobs-dirait-strategies-petites-entreprises\\\/\",\"name\":\"Ce que Steve Jobs dirait sur les strat\u00e9gies des petites entreprises en 2019\",\"isPartOf\":{\"@id\":\"https:\\\/\\\/www.jimprimeenfrance.fr\\\/blog\\\/#website\"},\"primaryImageOfPage\":{\"@id\":\"https:\\\/\\\/www.jimprimeenfrance.fr\\\/blog\\\/steve-jobs-dirait-strategies-petites-entreprises\\\/#primaryimage\"},\"image\":{\"@id\":\"https:\\\/\\\/www.jimprimeenfrance.fr\\\/blog\\\/steve-jobs-dirait-strategies-petites-entreprises\\\/#primaryimage\"},\"thumbnailUrl\":\"https:\\\/\\\/www.jimprimeenfrance.fr\\\/blog\\\/wp-content\\\/uploads\\\/2019\\\/09\\\/ce-que-steve-jobs-dirait-sur-les-strategies-des-petites-entreprises-de-2019.jpg\",\"datePublished\":\"2019-09-04T06:30:52+00:00\",\"dateModified\":\"2020-12-23T08:31:10+00:00\",\"description\":\"Steve Jobs a chang\u00e9 le monde du marketing et des nouvelles technologies. Quel serait son avis sur les strat\u00e9gies des petites entreprises ?\",\"breadcrumb\":{\"@id\":\"https:\\\/\\\/www.jimprimeenfrance.fr\\\/blog\\\/steve-jobs-dirait-strategies-petites-entreprises\\\/#breadcrumb\"},\"inLanguage\":\"fr-FR\",\"potentialAction\":[{\"@type\":\"ReadAction\",\"target\":[\"https:\\\/\\\/www.jimprimeenfrance.fr\\\/blog\\\/steve-jobs-dirait-strategies-petites-entreprises\\\/\"]}]},{\"@type\":\"ImageObject\",\"inLanguage\":\"fr-FR\",\"@id\":\"https:\\\/\\\/www.jimprimeenfrance.fr\\\/blog\\\/steve-jobs-dirait-strategies-petites-entreprises\\\/#primaryimage\",\"url\":\"https:\\\/\\\/www.jimprimeenfrance.fr\\\/blog\\\/wp-content\\\/uploads\\\/2019\\\/09\\\/ce-que-steve-jobs-dirait-sur-les-strategies-des-petites-entreprises-de-2019.jpg\",\"contentUrl\":\"https:\\\/\\\/www.jimprimeenfrance.fr\\\/blog\\\/wp-content\\\/uploads\\\/2019\\\/09\\\/ce-que-steve-jobs-dirait-sur-les-strategies-des-petites-entreprises-de-2019.jpg\",\"width\":1600,\"height\":500,\"caption\":\"ce que Steve Jobs dirait sur les strat\u00e9gies des petites entreprises de 2019\"},{\"@type\":\"BreadcrumbList\",\"@id\":\"https:\\\/\\\/www.jimprimeenfrance.fr\\\/blog\\\/steve-jobs-dirait-strategies-petites-entreprises\\\/#breadcrumb\",\"itemListElement\":[{\"@type\":\"ListItem\",\"position\":1,\"name\":\"Accueil\",\"item\":\"https:\\\/\\\/www.jimprimeenfrance.fr\\\/blog\\\/\"},{\"@type\":\"ListItem\",\"position\":2,\"name\":\"Ce que Steve Jobs dirait sur les strat\u00e9gies des petites entreprises de 2019\"}]},{\"@type\":\"WebSite\",\"@id\":\"https:\\\/\\\/www.jimprimeenfrance.fr\\\/blog\\\/#website\",\"url\":\"https:\\\/\\\/www.jimprimeenfrance.fr\\\/blog\\\/\",\"name\":\"Votre imprimerie en ligne, le blog\",\"description\":\"Impressionnez et faites bonne impression avec nos conseils d&#039;imprimerie online\",\"publisher\":{\"@id\":\"https:\\\/\\\/www.jimprimeenfrance.fr\\\/blog\\\/#organization\"},\"potentialAction\":[{\"@type\":\"SearchAction\",\"target\":{\"@type\":\"EntryPoint\",\"urlTemplate\":\"https:\\\/\\\/www.jimprimeenfrance.fr\\\/blog\\\/?s={search_term_string}\"},\"query-input\":{\"@type\":\"PropertyValueSpecification\",\"valueRequired\":true,\"valueName\":\"search_term_string\"}}],\"inLanguage\":\"fr-FR\"},{\"@type\":\"Organization\",\"@id\":\"https:\\\/\\\/www.jimprimeenfrance.fr\\\/blog\\\/#organization\",\"name\":\"PrintBasPrix - Imprimerie en ligne\",\"url\":\"https:\\\/\\\/www.jimprimeenfrance.fr\\\/blog\\\/\",\"logo\":{\"@type\":\"ImageObject\",\"inLanguage\":\"fr-FR\",\"@id\":\"https:\\\/\\\/www.jimprimeenfrance.fr\\\/blog\\\/#\\\/schema\\\/logo\\\/image\\\/\",\"url\":\"https:\\\/\\\/www.jimprimeenfrance.fr\\\/blog\\\/wp-content\\\/uploads\\\/2018\\\/07\\\/cropped-printbasprix-imprimeur-en-ligne.png\",\"contentUrl\":\"https:\\\/\\\/www.jimprimeenfrance.fr\\\/blog\\\/wp-content\\\/uploads\\\/2018\\\/07\\\/cropped-printbasprix-imprimeur-en-ligne.png\",\"width\":361,\"height\":86,\"caption\":\"PrintBasPrix - Imprimerie en ligne\"},\"image\":{\"@id\":\"https:\\\/\\\/www.jimprimeenfrance.fr\\\/blog\\\/#\\\/schema\\\/logo\\\/image\\\/\"},\"sameAs\":[\"https:\\\/\\\/www.facebook.com\\\/PrintBasPrix\",\"https:\\\/\\\/x.com\\\/PrintBasPrix\",\"https:\\\/\\\/www.instagram.com\\\/printbasprix\\\/\",\"https:\\\/\\\/www.linkedin.com\\\/company\\\/printbasprix\\\/\",\"https:\\\/\\\/www.youtube.com\\\/channel\\\/UC0Ysbd0Gbzzp0yMgrfNQqug\"]},{\"@type\":\"Person\",\"@id\":\"https:\\\/\\\/www.jimprimeenfrance.fr\\\/blog\\\/#\\\/schema\\\/person\\\/711bdd00fc82a687615940c5ae0b412c\",\"name\":\"PrintBasPrix Imprimerie en ligne\",\"image\":{\"@type\":\"ImageObject\",\"inLanguage\":\"fr-FR\",\"@id\":\"https:\\\/\\\/secure.gravatar.com\\\/avatar\\\/e898f6c9f447b2b28a568c2fec45e0fef703b12c4f80de6258e9bcb2e61aaf27?s=96&r=g\",\"url\":\"https:\\\/\\\/secure.gravatar.com\\\/avatar\\\/e898f6c9f447b2b28a568c2fec45e0fef703b12c4f80de6258e9bcb2e61aaf27?s=96&r=g\",\"contentUrl\":\"https:\\\/\\\/secure.gravatar.com\\\/avatar\\\/e898f6c9f447b2b28a568c2fec45e0fef703b12c4f80de6258e9bcb2e61aaf27?s=96&r=g\",\"caption\":\"PrintBasPrix Imprimerie en ligne\"},\"url\":\"https:\\\/\\\/www.jimprimeenfrance.fr\\\/blog\\\/author\\\/printbasprix-imprimerie-en-ligne\\\/\"}]}<\/script>\r\n<!-- \/ Yoast SEO plugin. -->","yoast_head_json":{"title":"Ce que Steve Jobs dirait sur les strat\u00e9gies des petites entreprises en 2019","description":"Steve Jobs a chang\u00e9 le monde du marketing et des nouvelles technologies. Quel serait son avis sur les strat\u00e9gies des petites entreprises ?","robots":{"index":"index","follow":"follow","max-snippet":"max-snippet:-1","max-image-preview":"max-image-preview:large","max-video-preview":"max-video-preview:-1"},"canonical":"https:\/\/www.jimprimeenfrance.fr\/blog\/steve-jobs-dirait-strategies-petites-entreprises\/","og_locale":"fr_FR","og_type":"article","og_title":"Ce que Steve Jobs dirait sur les strat\u00e9gies des petites entreprises en 2019","og_description":"Steve Jobs a chang\u00e9 le monde du marketing et des nouvelles technologies. Quel serait son avis sur les strat\u00e9gies des petites entreprises ?","og_url":"https:\/\/www.jimprimeenfrance.fr\/blog\/steve-jobs-dirait-strategies-petites-entreprises\/","og_site_name":"Votre imprimerie en ligne, le blog","article_publisher":"https:\/\/www.facebook.com\/PrintBasPrix","article_published_time":"2019-09-04T06:30:52+00:00","article_modified_time":"2020-12-23T08:31:10+00:00","og_image":[{"width":1600,"height":500,"url":"https:\/\/www.jimprimeenfrance.fr\/blog\/wp-content\/uploads\/2019\/09\/ce-que-steve-jobs-dirait-sur-les-strategies-des-petites-entreprises-de-2019.jpg","type":"image\/jpeg"}],"author":"PrintBasPrix Imprimerie en ligne","twitter_card":"summary_large_image","twitter_creator":"@PrintBasPrix","twitter_site":"@PrintBasPrix","twitter_misc":{"\u00c9crit par":"PrintBasPrix Imprimerie en ligne","Dur\u00e9e de lecture estim\u00e9e":"11 minutes"},"schema":{"@context":"https:\/\/schema.org","@graph":[{"@type":"Article","@id":"https:\/\/www.jimprimeenfrance.fr\/blog\/steve-jobs-dirait-strategies-petites-entreprises\/#article","isPartOf":{"@id":"https:\/\/www.jimprimeenfrance.fr\/blog\/steve-jobs-dirait-strategies-petites-entreprises\/"},"author":{"name":"PrintBasPrix Imprimerie en ligne","@id":"https:\/\/www.jimprimeenfrance.fr\/blog\/#\/schema\/person\/711bdd00fc82a687615940c5ae0b412c"},"headline":"Ce que Steve Jobs dirait sur les strat\u00e9gies des petites entreprises de 2019","datePublished":"2019-09-04T06:30:52+00:00","dateModified":"2020-12-23T08:31:10+00:00","mainEntityOfPage":{"@id":"https:\/\/www.jimprimeenfrance.fr\/blog\/steve-jobs-dirait-strategies-petites-entreprises\/"},"wordCount":2349,"commentCount":1,"publisher":{"@id":"https:\/\/www.jimprimeenfrance.fr\/blog\/#organization"},"image":{"@id":"https:\/\/www.jimprimeenfrance.fr\/blog\/steve-jobs-dirait-strategies-petites-entreprises\/#primaryimage"},"thumbnailUrl":"https:\/\/www.jimprimeenfrance.fr\/blog\/wp-content\/uploads\/2019\/09\/ce-que-steve-jobs-dirait-sur-les-strategies-des-petites-entreprises-de-2019.jpg","keywords":["entreprise","marketing","strat\u00e9gie"],"articleSection":["Marketing"],"inLanguage":"fr-FR","potentialAction":[{"@type":"CommentAction","name":"Comment","target":["https:\/\/www.jimprimeenfrance.fr\/blog\/steve-jobs-dirait-strategies-petites-entreprises\/#respond"]}]},{"@type":"WebPage","@id":"https:\/\/www.jimprimeenfrance.fr\/blog\/steve-jobs-dirait-strategies-petites-entreprises\/","url":"https:\/\/www.jimprimeenfrance.fr\/blog\/steve-jobs-dirait-strategies-petites-entreprises\/","name":"Ce que Steve Jobs dirait sur les strat\u00e9gies des petites entreprises en 2019","isPartOf":{"@id":"https:\/\/www.jimprimeenfrance.fr\/blog\/#website"},"primaryImageOfPage":{"@id":"https:\/\/www.jimprimeenfrance.fr\/blog\/steve-jobs-dirait-strategies-petites-entreprises\/#primaryimage"},"image":{"@id":"https:\/\/www.jimprimeenfrance.fr\/blog\/steve-jobs-dirait-strategies-petites-entreprises\/#primaryimage"},"thumbnailUrl":"https:\/\/www.jimprimeenfrance.fr\/blog\/wp-content\/uploads\/2019\/09\/ce-que-steve-jobs-dirait-sur-les-strategies-des-petites-entreprises-de-2019.jpg","datePublished":"2019-09-04T06:30:52+00:00","dateModified":"2020-12-23T08:31:10+00:00","description":"Steve Jobs a chang\u00e9 le monde du marketing et des nouvelles technologies. Quel serait son avis sur les strat\u00e9gies des petites entreprises ?","breadcrumb":{"@id":"https:\/\/www.jimprimeenfrance.fr\/blog\/steve-jobs-dirait-strategies-petites-entreprises\/#breadcrumb"},"inLanguage":"fr-FR","potentialAction":[{"@type":"ReadAction","target":["https:\/\/www.jimprimeenfrance.fr\/blog\/steve-jobs-dirait-strategies-petites-entreprises\/"]}]},{"@type":"ImageObject","inLanguage":"fr-FR","@id":"https:\/\/www.jimprimeenfrance.fr\/blog\/steve-jobs-dirait-strategies-petites-entreprises\/#primaryimage","url":"https:\/\/www.jimprimeenfrance.fr\/blog\/wp-content\/uploads\/2019\/09\/ce-que-steve-jobs-dirait-sur-les-strategies-des-petites-entreprises-de-2019.jpg","contentUrl":"https:\/\/www.jimprimeenfrance.fr\/blog\/wp-content\/uploads\/2019\/09\/ce-que-steve-jobs-dirait-sur-les-strategies-des-petites-entreprises-de-2019.jpg","width":1600,"height":500,"caption":"ce que Steve Jobs dirait sur les strat\u00e9gies des petites entreprises de 2019"},{"@type":"BreadcrumbList","@id":"https:\/\/www.jimprimeenfrance.fr\/blog\/steve-jobs-dirait-strategies-petites-entreprises\/#breadcrumb","itemListElement":[{"@type":"ListItem","position":1,"name":"Accueil","item":"https:\/\/www.jimprimeenfrance.fr\/blog\/"},{"@type":"ListItem","position":2,"name":"Ce que Steve Jobs dirait sur les strat\u00e9gies des petites entreprises de 2019"}]},{"@type":"WebSite","@id":"https:\/\/www.jimprimeenfrance.fr\/blog\/#website","url":"https:\/\/www.jimprimeenfrance.fr\/blog\/","name":"Votre imprimerie en ligne, le blog","description":"Impressionnez et faites bonne impression avec nos conseils d&#039;imprimerie online","publisher":{"@id":"https:\/\/www.jimprimeenfrance.fr\/blog\/#organization"},"potentialAction":[{"@type":"SearchAction","target":{"@type":"EntryPoint","urlTemplate":"https:\/\/www.jimprimeenfrance.fr\/blog\/?s={search_term_string}"},"query-input":{"@type":"PropertyValueSpecification","valueRequired":true,"valueName":"search_term_string"}}],"inLanguage":"fr-FR"},{"@type":"Organization","@id":"https:\/\/www.jimprimeenfrance.fr\/blog\/#organization","name":"PrintBasPrix - Imprimerie en ligne","url":"https:\/\/www.jimprimeenfrance.fr\/blog\/","logo":{"@type":"ImageObject","inLanguage":"fr-FR","@id":"https:\/\/www.jimprimeenfrance.fr\/blog\/#\/schema\/logo\/image\/","url":"https:\/\/www.jimprimeenfrance.fr\/blog\/wp-content\/uploads\/2018\/07\/cropped-printbasprix-imprimeur-en-ligne.png","contentUrl":"https:\/\/www.jimprimeenfrance.fr\/blog\/wp-content\/uploads\/2018\/07\/cropped-printbasprix-imprimeur-en-ligne.png","width":361,"height":86,"caption":"PrintBasPrix - Imprimerie en ligne"},"image":{"@id":"https:\/\/www.jimprimeenfrance.fr\/blog\/#\/schema\/logo\/image\/"},"sameAs":["https:\/\/www.facebook.com\/PrintBasPrix","https:\/\/x.com\/PrintBasPrix","https:\/\/www.instagram.com\/printbasprix\/","https:\/\/www.linkedin.com\/company\/printbasprix\/","https:\/\/www.youtube.com\/channel\/UC0Ysbd0Gbzzp0yMgrfNQqug"]},{"@type":"Person","@id":"https:\/\/www.jimprimeenfrance.fr\/blog\/#\/schema\/person\/711bdd00fc82a687615940c5ae0b412c","name":"PrintBasPrix Imprimerie en ligne","image":{"@type":"ImageObject","inLanguage":"fr-FR","@id":"https:\/\/secure.gravatar.com\/avatar\/e898f6c9f447b2b28a568c2fec45e0fef703b12c4f80de6258e9bcb2e61aaf27?s=96&r=g","url":"https:\/\/secure.gravatar.com\/avatar\/e898f6c9f447b2b28a568c2fec45e0fef703b12c4f80de6258e9bcb2e61aaf27?s=96&r=g","contentUrl":"https:\/\/secure.gravatar.com\/avatar\/e898f6c9f447b2b28a568c2fec45e0fef703b12c4f80de6258e9bcb2e61aaf27?s=96&r=g","caption":"PrintBasPrix Imprimerie en ligne"},"url":"https:\/\/www.jimprimeenfrance.fr\/blog\/author\/printbasprix-imprimerie-en-ligne\/"}]}},"_links":{"self":[{"href":"https:\/\/www.jimprimeenfrance.fr\/blog\/wp-json\/wp\/v2\/posts\/2725","targetHints":{"allow":["GET"]}}],"collection":[{"href":"https:\/\/www.jimprimeenfrance.fr\/blog\/wp-json\/wp\/v2\/posts"}],"about":[{"href":"https:\/\/www.jimprimeenfrance.fr\/blog\/wp-json\/wp\/v2\/types\/post"}],"author":[{"embeddable":true,"href":"https:\/\/www.jimprimeenfrance.fr\/blog\/wp-json\/wp\/v2\/users\/4"}],"replies":[{"embeddable":true,"href":"https:\/\/www.jimprimeenfrance.fr\/blog\/wp-json\/wp\/v2\/comments?post=2725"}],"version-history":[{"count":23,"href":"https:\/\/www.jimprimeenfrance.fr\/blog\/wp-json\/wp\/v2\/posts\/2725\/revisions"}],"predecessor-version":[{"id":5779,"href":"https:\/\/www.jimprimeenfrance.fr\/blog\/wp-json\/wp\/v2\/posts\/2725\/revisions\/5779"}],"wp:featuredmedia":[{"embeddable":true,"href":"https:\/\/www.jimprimeenfrance.fr\/blog\/wp-json\/wp\/v2\/media\/2794"}],"wp:attachment":[{"href":"https:\/\/www.jimprimeenfrance.fr\/blog\/wp-json\/wp\/v2\/media?parent=2725"}],"wp:term":[{"taxonomy":"category","embeddable":true,"href":"https:\/\/www.jimprimeenfrance.fr\/blog\/wp-json\/wp\/v2\/categories?post=2725"},{"taxonomy":"post_tag","embeddable":true,"href":"https:\/\/www.jimprimeenfrance.fr\/blog\/wp-json\/wp\/v2\/tags?post=2725"}],"curies":[{"name":"wp","href":"https:\/\/api.w.org\/{rel}","templated":true}]}}