{"id":2529,"date":"2019-08-11T08:30:42","date_gmt":"2019-08-11T06:30:42","guid":{"rendered":"https:\/\/www.jimprimeenfrance.fr\/blog\/?p=2529"},"modified":"2020-12-23T09:22:28","modified_gmt":"2020-12-23T08:22:28","slug":"quest-ce-que-communication-professionnelle","status":"publish","type":"post","link":"https:\/\/www.jimprimeenfrance.fr\/blog\/quest-ce-que-communication-professionnelle\/","title":{"rendered":"Qu&rsquo;est-ce que la communication professionnelle ?"},"content":{"rendered":"<p style=\"text-align: justify\">Tout travailleur, qu&rsquo;il soit salari\u00e9 ou ind\u00e9pendant, a int\u00e9r\u00eat \u00e0 soigner sa communication professionnelle. C&rsquo;est un objectif indispensable pour am\u00e9liorer ses relations humaines dans le cadre du travail et faire preuve d&rsquo;efficacit\u00e9.<\/p>\n<p style=\"text-align: justify\">D\u00e9couvrez ce qu&rsquo;est une bonne communication professionnelle et quelle strat\u00e9gie adopter pour la d\u00e9velopper dans le temps.<\/p>\n<p>&nbsp;<\/p>\n<h2 style=\"text-align: justify\">Am\u00e9liorer sa communication professionnelle : dans quel but ?<\/h2>\n<p style=\"text-align: justify\">Vous doutez des avantages d&rsquo;une bonne communication professionnelle ? Pourtant, c&rsquo;est un pr\u00e9-requis indispensable pour r\u00e9ussir dans son entreprise ou en tant que freelance.<\/p>\n<p style=\"text-align: justify\">Que vous souhaitiez am\u00e9liorer vos relations de travail, d\u00e9velopper votre soci\u00e9t\u00e9 ou <a href=\"https:\/\/www.jimprimeenfrance.fr\/blog\/comment-faire-connaitre-entreprise\/\" target=\"_blank\" rel=\"noopener noreferrer\">vous faire conna\u00eetre<\/a>, vous avez tout int\u00e9r\u00eat \u00e0 peaufiner votre mani\u00e8re de communiquer.<\/p>\n<p>&nbsp;<\/p>\n<h3 style=\"text-align: justify\">Les avantages d&rsquo;une bonne communication professionnelle<\/h3>\n<p style=\"text-align: justify\">Voici les principaux b\u00e9n\u00e9fices que vous retirerez d&rsquo;une communication harmonieuse et fluide avec vos collaborateurs.<\/p>\n<h4 style=\"text-align: justify\">Etre plus efficace au travail<\/h4>\n<p style=\"text-align: justify\">Impossible de le nier : bien communiquer est indispensable pour \u00eatre productif. La communication est m\u00eame un des enjeux directs de certains secteurs professionnels.<\/p>\n<p style=\"text-align: justify\">On pense au marketing, au management, aux m\u00e9tiers artistiques, aux m\u00e9tiers de la presse, aux relations publiques&#8230; Il n&rsquo;y a pas que les postes de <a href=\"https:\/\/www.orientation.com\/metiers\/charge-de-communication.html\" target=\"_blank\" rel=\"noopener noreferrer\">charg\u00e9s de communication<\/a> qui sont concern\u00e9s.<\/p>\n<p style=\"text-align: justify\">En v\u00e9rit\u00e9, tous les secteurs professionnels n\u00e9cessitent des qualit\u00e9s de communicant. Que ce soit pour interagir avec ses clients, ses fournisseurs ses collaborateurs, ses employ\u00e9s ou ses sup\u00e9rieurs, une bonne facult\u00e9 de communication est un atout incontournable.<\/p>\n<p style=\"text-align: justify\">Elle vous permettra de progresser dans votre domaine et de <strong>tirer le meilleur parti de vos comp\u00e9tences<\/strong>.<\/p>\n<p>&nbsp;<\/p>\n<h4 style=\"text-align: justify\">Am\u00e9liorer ses relations humaines<\/h4>\n<p style=\"text-align: justify\">A moins d&rsquo;exercer un m\u00e9tier vraiment solitaire, tout travailleur est r\u00e9guli\u00e8rement confront\u00e9 \u00e0 des tiers. Que ce soit en face-\u00e0-face, au t\u00e9l\u00e9phone, par mail, sur les r\u00e9seaux sociaux&#8230;<\/p>\n<p style=\"text-align: justify\">Il est difficile d&rsquo;\u00e9chapper \u00e0 la n\u00e9cessit\u00e9 de parler avec autrui. C&rsquo;est l\u00e0 qu&rsquo;entrent en jeu les qualit\u00e9 de communicant qui sommeillent en chacun de nous.<\/p>\n<p style=\"text-align: justify\">Savoir interagir avec de tierces personnes est un atout aussi bien dans le secteur priv\u00e9 que professionnel. Cela vous permet de vous lier plus facilement avec les gens, et donc d&rsquo;<strong>avoir des relations de travail agr\u00e9ables et saines<\/strong>.<\/p>\n<p style=\"text-align: justify\">Fini les conflits pour cause d&rsquo;incompr\u00e9hension ou de malentendu. De plus, progresser en tant que communicant permet d&rsquo;\u00eatre \u00e0 l&rsquo;aise \u00e0 l&rsquo;\u00e9crit aussi bien qu&rsquo;\u00e0 l&rsquo;oral.<\/p>\n<p>&nbsp;<\/p>\n<h4 style=\"text-align: justify\">Etre reconnu \u00e0 sa juste valeur<\/h4>\n<p style=\"text-align: justify\">Il y a un autre int\u00e9r\u00eat \u00e0 travailler sa facult\u00e9 \u00e0 bien communiquer. Vous connaissez s\u00fbrement au moins une personne dans votre entourage qui travaille tr\u00e8s bien, mais que personne dans l&rsquo;entreprise ne conna\u00eet\/respecte vraiment.<\/p>\n<p style=\"text-align: justify\">Peut-\u00eatre m\u00eame est-ce votre cas ? C&rsquo;est dur \u00e0 admettre, mais il ne suffit pas d&rsquo;\u00eatre rigoureux, vif, investi et expert dans son domaine pour r\u00e9ussir.<\/p>\n<p style=\"text-align: justify\">Il vous faut savoir pr\u00e9senter votre travail \u00e0 vos coll\u00e8gues ou \u00e0 vos clients.<\/p>\n<figure id=\"attachment_2586\" aria-describedby=\"caption-attachment-2586\" style=\"width: 640px\" class=\"wp-caption aligncenter\"><img loading=\"lazy\" decoding=\"async\" class=\"wp-image-2586 size-large\" src=\"https:\/\/www.jimprimeenfrance.fr\/blog\/wp-content\/uploads\/2019\/07\/etre-reconnu-a-sa-juste-valeur-1024x731.jpg\" alt=\"pr\u00e9senter son travail en communication professionnelle\" width=\"640\" height=\"457\" srcset=\"https:\/\/www.jimprimeenfrance.fr\/blog\/wp-content\/uploads\/2019\/07\/etre-reconnu-a-sa-juste-valeur-1024x731.jpg 1024w, https:\/\/www.jimprimeenfrance.fr\/blog\/wp-content\/uploads\/2019\/07\/etre-reconnu-a-sa-juste-valeur-300x214.jpg 300w, https:\/\/www.jimprimeenfrance.fr\/blog\/wp-content\/uploads\/2019\/07\/etre-reconnu-a-sa-juste-valeur-768x548.jpg 768w, https:\/\/www.jimprimeenfrance.fr\/blog\/wp-content\/uploads\/2019\/07\/etre-reconnu-a-sa-juste-valeur.jpg 1200w\" sizes=\"auto, (max-width: 640px) 100vw, 640px\" \/><figcaption id=\"caption-attachment-2586\" class=\"wp-caption-text\">Savoir pr\u00e9senter son travail est un signe de communication professionnelle<\/figcaption><\/figure>\n<p>&nbsp;<\/p>\n<p style=\"text-align: justify\">Et pour cela, pas de secret : vous devez pouvoir communiquer sur vos missions. Ayez bien conscience de ce fait :<strong> communiquer est vital pour \u00eatre bien vu<\/strong>.<\/p>\n<p>&nbsp;<\/p>\n<h3 style=\"text-align: justify\">Les qualit\u00e9s \u00e0 rechercher<\/h3>\n<p style=\"text-align: justify\">Il est important de d\u00e9velopper certaines qualit\u00e9s pour parvenir \u00e0 faire passer vos messages de fa\u00e7on pertinente. Voici les principales comp\u00e9tences sur lesquelles vous devriez essayer de miser :<\/p>\n<ul style=\"text-align: justify\">\n<li>\n<h4>L&#8217;empathie<\/h4>\n<\/li>\n<\/ul>\n<p style=\"text-align: justify\">Attention \u00e0 ne pas confondre compassion et <a href=\"https:\/\/www.leblogdesrapportshumains.fr\/quest-ce-que-lempathie\/\" target=\"_blank\" rel=\"noopener noreferrer\">empathie<\/a>. Vous ne devez pas vous mettre syst\u00e9matiquement \u00e0 la place de votre interlocuteur et le plaindre en cas de d\u00e9boires.<\/p>\n<p style=\"text-align: justify\">Cependant, vous devez susciter la sympathie en instaurant une relation d&rsquo;\u00e9gal \u00e0 \u00e9gal. Montrez \u00e0 votre collaborateur que vous comprenez ce qu&rsquo;il dit et que vous le prenez en compte dans votre discussion.<\/p>\n<p>&nbsp;<\/p>\n<ul style=\"text-align: justify\">\n<li>\n<h4>La clart\u00e9<\/h4>\n<\/li>\n<\/ul>\n<p style=\"text-align: justify\">Rien de pire qu&rsquo;un discours flou et mal organis\u00e9. Travaillez sur votre capacit\u00e9 \u00e0 vous exprimer clairement et sans faire de fioritures.<\/p>\n<p style=\"text-align: justify\">Cela permettra d&rsquo;\u00e9viter les malentendus et de faire passer intelligemment vos id\u00e9es. La simplicit\u00e9 et la rigueur sont la cl\u00e9 d&rsquo;un bon discours.<\/p>\n<p>&nbsp;<\/p>\n<ul style=\"text-align: justify\">\n<li>\n<h4>La s\u00e9r\u00e9nit\u00e9<\/h4>\n<\/li>\n<\/ul>\n<p style=\"text-align: justify\">Dans le cas des relations en g\u00e9n\u00e9ral mais encore plus dans le cas des relations professionnelles, il est vital de ne pas \u00eatre contr\u00f4l\u00e9 par ses \u00e9motions. Ne laissez pas la col\u00e8re, le stress ou l&rsquo;agacement parasiter vos \u00e9changes.<\/p>\n<p style=\"text-align: justify\">L&rsquo;arch\u00e9type du mauvais communicant ? Celui qui laisse ses sentiments dicter son comportement et qui r\u00e9agit en fonction de son humeur du jour.<\/p>\n<p>&nbsp;<\/p>\n<ul style=\"text-align: justify\">\n<li>\n<h4>L&rsquo;autorit\u00e9<\/h4>\n<\/li>\n<\/ul>\n<p style=\"text-align: justify\">Eh oui, il faut faire preuve d&rsquo;une certaine autorit\u00e9 pour \u00eatre un bon communicant. En clair, vous ne devez pas vous laisser marcher sur les pieds.<\/p>\n<p style=\"text-align: justify\">Cela ne signifie pas qu&rsquo;il faut interrompre son interlocuteur de mani\u00e8re abrupte. Toutefois, vous devez apprendre \u00e0 vous affirmer dans une conversation pour \u00eatre \u00e9cout\u00e9.<\/p>\n<p style=\"text-align: justify\">\u00a0<\/p>\n<figure id=\"attachment_2588\" aria-describedby=\"caption-attachment-2588\" style=\"width: 640px\" class=\"wp-caption aligncenter\"><img loading=\"lazy\" decoding=\"async\" class=\"wp-image-2588 size-large\" src=\"https:\/\/www.jimprimeenfrance.fr\/blog\/wp-content\/uploads\/2019\/07\/la-communication-consiste-a-comprendre-1024x731.jpg\" alt=\"citation communication professionnelle. La communication consiste \u00e0 comprendre celui qui \u00e9coute\" width=\"640\" height=\"457\" srcset=\"https:\/\/www.jimprimeenfrance.fr\/blog\/wp-content\/uploads\/2019\/07\/la-communication-consiste-a-comprendre-1024x731.jpg 1024w, https:\/\/www.jimprimeenfrance.fr\/blog\/wp-content\/uploads\/2019\/07\/la-communication-consiste-a-comprendre-300x214.jpg 300w, https:\/\/www.jimprimeenfrance.fr\/blog\/wp-content\/uploads\/2019\/07\/la-communication-consiste-a-comprendre-768x548.jpg 768w, https:\/\/www.jimprimeenfrance.fr\/blog\/wp-content\/uploads\/2019\/07\/la-communication-consiste-a-comprendre.jpg 1200w\" sizes=\"auto, (max-width: 640px) 100vw, 640px\" \/><figcaption id=\"caption-attachment-2588\" class=\"wp-caption-text\">La communication professionnelle est bas\u00e9e sur l&rsquo;\u00e9coute<\/figcaption><\/figure>\n<p>&nbsp;<\/p>\n<blockquote>\n<p><em>\u00ab\u00a0La communication consiste \u00e0 comprendre celui qui \u00e9coute\u00a0\u00bb<\/em><\/p>\n<\/blockquote>\n<p><em>Jean-Pierre Abraham, \u00e9crivain fran\u00e7ais<\/em><\/p>\n<p style=\"text-align: justify\">\u00a0<\/p>\n<h2 style=\"text-align: justify\">Quelles sont les composantes de la communication professionnelle ?<\/h2>\n<p style=\"text-align: justify\">Il existe de nombreux moyens de communiquer avec ses collaborateurs, notamment gr\u00e2ce \u00e0 la vaste panoplie de moyens techniques. Chaque <a href=\"https:\/\/www.jimprimeenfrance.fr\/blog\/moyens-supports-communication-entreprise\/\" target=\"_blank\" rel=\"noopener noreferrer\">moyen de communication<\/a> n\u00e9cessite une mani\u00e8re particuli\u00e8re de s&rsquo;exprimer.<\/p>\n<p style=\"text-align: justify\">Voyons cela en d\u00e9tail.<\/p>\n<h3 style=\"text-align: justify\">Les mails<\/h3>\n<p style=\"text-align: justify\">Nous envoyons des dizaines, parfois m\u00eame des centaines d&rsquo;e-mails professionnels toutes les semaines. Pourtant, de nombreuses personnes ne savent pas comment s&rsquo;exprimer convenablement \u00e0 l&rsquo;\u00e9crit.<\/p>\n<p style=\"text-align: justify\">Voil\u00e0 les erreurs les plus communes \u00e0 \u00e9viter dans vos conversations par mail :<\/p>\n<ul style=\"text-align: justify\">\n<li>\n<h4>Les fautes d&rsquo;orthographe<\/h4>\n<\/li>\n<\/ul>\n<p style=\"text-align: justify\">Qui n&rsquo;a jamais re\u00e7u un mail truff\u00e9 de fautes d&rsquo;orthographe ? Cela donne imm\u00e9diatement une image non-professionnelle.<\/p>\n<p style=\"text-align: justify\">M\u00eame si l&rsquo;\u00e9criture n&rsquo;est pas votre tasse de th\u00e9, vous devez imp\u00e9rativement faire un effort pour am\u00e9liorer votre orthographe. Un simple <strong>correcteur orthographique<\/strong> vous \u00e9vitera bien des erreurs communes.<\/p>\n<p style=\"text-align: justify\">De plus, m\u00eame si vous \u00eates bon en orthographe, relisez-vous imp\u00e9rativement avant l&rsquo;envoi d&rsquo;un mail pour \u00e9liminer les fautes de frappe. C&rsquo;est une chose que nous avons tendance \u00e0 zapper, press\u00e9s comme nous sommes dans notre vie professionnelle.<\/p>\n<p style=\"text-align: justify\">Si vous vous sentez vraiment au-dessous du niveau requis, n&rsquo;h\u00e9sitez pas \u00e0 suivre une formation pour progresser en orthographe, comme celle du <a href=\"https:\/\/www.projet-voltaire.fr\/\" target=\"_blank\" rel=\"noopener noreferrer\">projet Voltaire<\/a> par exemple.<\/p>\n<p>&nbsp;<\/p>\n<ul style=\"text-align: justify\">\n<li>\n<h4>Les mails sans objet<\/h4>\n<\/li>\n<\/ul>\n<p style=\"text-align: justify\">Voici un autre fl\u00e9au de la communication professionnelle. Il n&rsquo;y a rien de plus exasp\u00e9rant que de recevoir des mails sans objets.<\/p>\n<p style=\"text-align: justify\">Cela les rend difficiles \u00e0 trier et \u00e0 organiser pour l&rsquo;exp\u00e9diteur de votre message. Il est prouv\u00e9 que vous avez beaucoup plus de chances d&rsquo;obtenir une r\u00e9ponse \u00e0 votre mail si son objet est clair et concis.<\/p>\n<p style=\"text-align: justify\">De m\u00eame, <strong>soyez tr\u00e8s explicite<\/strong> dans votre mail. Qu&rsquo;attendez-vous de votre interlocuteur ? Est-ce une demande de rendez-vous, un besoin d&rsquo;assistance technique, un service que vous sollicitez ?<\/p>\n<p>&nbsp;<\/p>\n<ul style=\"text-align: justify\">\n<li>\n<h4>Des formules de politesse mal utilis\u00e9es<\/h4>\n<\/li>\n<\/ul>\n<p style=\"text-align: justify\">Il est tout aussi important de ma\u00eetriser les formules de politesse dans vos mail. La langue fran\u00e7aise est riche et vari\u00e9e : elle propose de <a href=\"https:\/\/www.lalanguefrancaise.com\/general\/formule-de-politesse-email-lettre-de-motivation\/\" target=\"_blank\" rel=\"noopener noreferrer\">nombreuses formules de politesse adapt\u00e9es \u00e0 chaque interlocuteur<\/a>.<\/p>\n<p style=\"text-align: justify\">Retenez que dans le doute, il vaut mieux <strong>\u00eatre un peu trop formel que pas assez<\/strong>. Rien de pire que de froisser quelqu&rsquo;un en \u00e9tant trop familier. Vous risquez de para\u00eetre grossier et beaucoup trop d\u00e9tendu dans votre travail.<\/p>\n<p>&nbsp;<\/p>\n<h3 style=\"text-align: justify\">Les messages et appels t\u00e9l\u00e9phoniques<\/h3>\n<p style=\"text-align: justify\">Les appels t\u00e9l\u00e9phoniques sont extr\u00eamement courants dans le cadre du travail. Ils sont privil\u00e9gi\u00e9s dans deux cas :<\/p>\n<p style=\"text-align: justify\">1. la demande est urgente et ne peut pas attendre la r\u00e9ponse \u00e0 un mail ;<\/p>\n<p style=\"text-align: justify\">2. la demande est complexe et\/ou n\u00e9cessite des \u00e9claircissements.<\/p>\n<p style=\"text-align: justify\">Dans tous les cas, respectez quelques r\u00e8gles de base pour un appel professionnel r\u00e9ussi. Pr\u00e9sentez-vous syst\u00e9matiquement au d\u00e9but de chaque appel (pr\u00e9nom, nom, entreprise, service) et demandez la m\u00eame chose de votre interlocuteur.<\/p>\n<p style=\"text-align: justify\"><strong>Concentrez-vous uniquement sur la conversation<\/strong> en cours (on \u00e9vite d&rsquo;\u00e9couter d&rsquo;une oreille et d&rsquo;envoyer des mails en m\u00eame temps&#8230;). Laissez des temps de pause suffisants pour que votre interlocuteur puisse s&rsquo;exprimer librement.<\/p>\n<p style=\"text-align: justify\"><a href=\"https:\/\/outilsnum.fr\/choisir-application-prise-de-notes\/\" target=\"_blank\" rel=\"noopener noreferrer\">Prenez de quoi noter<\/a> pour ne pas oublier des informations importantes. Enfin, ne b\u00e2clez pas la fin de la communication et saluez poliment avant que votre interlocuteur raccroche.<\/p>\n<p>&nbsp;<\/p>\n<p style=\"text-align: justify\">Le cas des messages texte est un peu plus complexe. On les emploie g\u00e9n\u00e9ralement assez peu dans le contexte du travail.<\/p>\n<p style=\"text-align: justify\">Ils peuvent \u00eatre employ\u00e9s en cas de demande urgente ou d&rsquo;impossibilit\u00e9 de parler (si vous \u00eates \u00e0 une conf\u00e9rence ou une r\u00e9union par exemple). Le ton des textos est g\u00e9n\u00e9ralement peu formel, mais rappelez-vous que vous n&rsquo;\u00eates pas en train de parler \u00e0 un ami.<\/p>\n<p style=\"text-align: justify\">Privil\u00e9giez des phrases courtes et <strong>\u00e9vitez les \u00e9moticones<\/strong> qui font peu professionnel.<\/p>\n<p>&nbsp;<\/p>\n<h3 style=\"text-align: justify\">Les visio-conf\u00e9rences<\/h3>\n<p style=\"text-align: justify\">Les visio-conf\u00e9rences sont assez r\u00e9pandues dans le contexte professionnel. Pour donner l&rsquo;impression que vous \u00eates quelqu&rsquo;un de s\u00e9rieux et de courtois, il y a certaines r\u00e8gles de savoir-vivre \u00e0 respecter.<\/p>\n<p style=\"text-align: justify\">Tout d&rsquo;abord, veillez \u00e0 pr\u00e9voir cinq minutes de d\u00e9lai pour vous connecter (cela vous permettra d&rsquo;\u00e9viter les retard dus \u00e0 des probl\u00e8mes techniques). Installez-vous dans <strong>un endroit calme<\/strong> o\u00f9 vous \u00eates s\u00fbr de ne pas \u00eatre d\u00e9rang\u00e9 et portez une tenue professionnelle.<\/p>\n<p>&nbsp;<\/p>\n<figure id=\"attachment_2589\" aria-describedby=\"caption-attachment-2589\" style=\"width: 640px\" class=\"wp-caption aligncenter\"><img loading=\"lazy\" decoding=\"async\" class=\"wp-image-2589 size-large\" src=\"https:\/\/www.jimprimeenfrance.fr\/blog\/wp-content\/uploads\/2019\/07\/les-visio-conferences-1024x731.jpg\" alt=\"communication professionnelle visioconf\u00e9rence\" width=\"640\" height=\"457\" srcset=\"https:\/\/www.jimprimeenfrance.fr\/blog\/wp-content\/uploads\/2019\/07\/les-visio-conferences-1024x731.jpg 1024w, https:\/\/www.jimprimeenfrance.fr\/blog\/wp-content\/uploads\/2019\/07\/les-visio-conferences-300x214.jpg 300w, https:\/\/www.jimprimeenfrance.fr\/blog\/wp-content\/uploads\/2019\/07\/les-visio-conferences-768x548.jpg 768w, https:\/\/www.jimprimeenfrance.fr\/blog\/wp-content\/uploads\/2019\/07\/les-visio-conferences.jpg 1200w\" sizes=\"auto, (max-width: 640px) 100vw, 640px\" \/><figcaption id=\"caption-attachment-2589\" class=\"wp-caption-text\">La visioconf\u00e9rence est de plus en plus utilis\u00e9 dans les entreprises.<\/figcaption><\/figure>\n<p>&nbsp;<\/p>\n<p style=\"text-align: justify\">On a tous en t\u00eate le clich\u00e9 du cadre en t\u00e9l\u00e9travail en chemise&#8230; et en cale\u00e7on ! D\u00e9clinez votre identit\u00e9 d\u00e8s le d\u00e9but de la conf\u00e9rence et \u00e9coutez les autres faire de m\u00eame.<\/p>\n<p style=\"text-align: justify\">Enfin, ne monopolisez pas la conversation et d\u00e9sactivez votre microphone lorsque vous ne parlez pas pour \u00e9viter les bruits parasites.<\/p>\n<p>&nbsp;<\/p>\n<h3 style=\"text-align: justify\">Les m\u00e9dias sociaux\u00a0<\/h3>\n<p style=\"text-align: justify\">De nombreuses entreprises appr\u00e9cient les m\u00e9dias sociaux pour communiquer au sein du groupe. Cela permet d&rsquo;\u00e9viter l&rsquo;envoi massif de mails et de donner un caract\u00e8re <strong>plus fluide et plus informel<\/strong> aux conversations.<\/p>\n<p style=\"text-align: justify\">Les r\u00e9seaux sociaux les plus utilis\u00e9s dans ce cadre sont WhatsApp et <a href=\"https:\/\/slack.com\/intl\/fr-fr\/\" target=\"_blank\" rel=\"noopener noreferrer\">Slack<\/a>. Ces plate-formes de messageries sont tr\u00e8s efficaces, mais veillez \u00e0 respectez les codes en vigueur lorsque vous arrivez dans une nouvelle entreprise.<\/p>\n<p style=\"text-align: justify\">Les blagues, les \u00e9moticones et les conversations-fleuve ne sont pas toujours les bienvenus !<\/p>\n<p>&nbsp;<\/p>\n<h3 style=\"text-align: justify\">Les sites et applications de gestions de projet<\/h3>\n<p style=\"text-align: justify\">Certaines soci\u00e9t\u00e9s, notamment dans le milieu du web, communiquent \u00e0 l&rsquo;aide de sites et applications de gestions de projet. On pense par exemple \u00e0\u00a0 Trello, <a href=\"https:\/\/asana.com\/fr\/premium?&amp;gclid=CjwKCAjw67XpBRBqEiwA5RCocSpaEBRcXtkj9JxU1M951GG0tt9_01VXmLr7lnMWCkLDz7rCw44u6hoCt00QAvD_BwE\" target=\"_blank\" rel=\"noopener noreferrer\">Asana<\/a>, Redmine&#8230;<\/p>\n<p style=\"text-align: justify\">Dans ces cas pr\u00e9cis, la r\u00e8gle d&rsquo;or est :<strong> faites simple<\/strong>. Si vous devez laisser un commentaire sur une t\u00e2che, soyez le plus concis et le plus bref possible. Vous avez l&rsquo;autorisation d&rsquo;\u00e9liminer toutes les formules de salutation et les formules de politesse.<\/p>\n<p>&nbsp;<\/p>\n<h3 style=\"text-align: justify\">Les entretiens physiques<\/h3>\n<p style=\"text-align: justify\">Enfin, la communication professionnelle passe aussi bien s\u00fbr par les rencontres en t\u00eate-\u00e0-t\u00eate. Ces derni\u00e8res ne posent aucun probl\u00e8me \u00e0 certains mais peuvent g\u00eaner et mettre mal \u00e0 l&rsquo;aise d&rsquo;autres.<\/p>\n<p style=\"text-align: justify\">Tout d\u00e9pend de votre <strong>aisance \u00e0 l&rsquo;oral<\/strong> et de votre confiance en vous. Bien s\u00fbr, vous n&rsquo;allez pas vous r\u00e9v\u00e9ler par miracle \u00eatre un excellent orateur par si vous \u00eates timide et que vous d\u00e9testez parler en public.<\/p>\n<p style=\"text-align: justify\">Mais rassurez-vous : il y a de nombreuses astuces \u00e0 adopter pour \u00eatre convaincant devant un public ou en face-\u00e0-face.<\/p>\n<p>&nbsp;<\/p>\n<ul style=\"text-align: justify\">\n<li>\n<h4>Sourire<\/h4>\n<\/li>\n<\/ul>\n<p style=\"text-align: justify\">Probablement le meilleur conseil ! Etre avenant et souriant est la base d&rsquo;une communication ouverte et agr\u00e9able.<\/p>\n<p style=\"text-align: justify\">Votre interlocuteur accorde une grande importance \u00e0 votre<a href=\"https:\/\/www.manager-go.com\/efficacite-professionnelle\/communication-non-verbale.htm\" target=\"_blank\" rel=\"noopener noreferrer\"> communication non-verbale<\/a>, m\u00eame si il ne s&rsquo;en rend pas forc\u00e9ment compte. Faites donc attention \u00e0 l&rsquo;impression g\u00e9n\u00e9rale que vous d\u00e9gagez et ne vous renfermez pas sur vous-m\u00eame.\u00a0<\/p>\n<p>&nbsp;<\/p>\n<ul style=\"text-align: justify\">\n<li>\n<h4>S&rsquo;exprimer pos\u00e9ment et clairement<\/h4>\n<\/li>\n<\/ul>\n<p style=\"text-align: justify\">Ne vous lancez pas dans des monologues interminables et faites des pauses entre vos phrases. Pour montrer que vous avez confiance en vous et en ce que vous dites, utilisez un ton engageant et affirm\u00e9.<\/p>\n<p style=\"text-align: justify\">Cela incitera votre interlocuteur \u00e0 vous \u00e9couter avec attention. Bannissez le plus possible le jargon de vos phrases, sauf si vous \u00eates s\u00fbr de parler \u00e0 quelqu&rsquo;un qui utilise les m\u00eames expressions et qui travaille dans le m\u00eame secteur professionnel.<\/p>\n<p>&nbsp;<\/p>\n<ul style=\"text-align: justify\">\n<li>\n<h4>Ne pas \u00eatre passif<\/h4>\n<\/li>\n<\/ul>\n<p style=\"text-align: justify\">De plus, il est bon de ne pas juste acquiescer en r\u00e9ponse \u00e0 une conversation. Rappelez-vous qu&rsquo;il s&rsquo;agit d&rsquo;un \u00e9change qui inclut au minimum deux personnes, souvent plus.<\/p>\n<p style=\"text-align: justify\">Ne soyez donc pas passif et posez des questions suppl\u00e9mentaires afin de montrer votre curiosit\u00e9 et votre ouverture d&rsquo;esprit. En mettant fin \u00e0 l&rsquo;entretien, n&rsquo;h\u00e9sitez pas \u00e0 laisser votre <a href=\"https:\/\/www.jimprimeenfrance.fr\/blog\/comment-faire-une-carte-de-visite-professionnelle-impactante\/\" target=\"_blank\" rel=\"noopener noreferrer\">carte de visite<\/a> pour signaler que vous souhaitez que cet \u00e9change ait de nouveau lieu.<\/p>\n<p>&nbsp;<\/p>\n<h2 style=\"text-align: justify\">Les cas particuliers de la communication professionnelle<\/h2>\n<p style=\"text-align: justify\">Certains cas n\u00e9cessitent d&rsquo;adapter sa mani\u00e8re de communiquer. Il est par exemple plus difficile d&rsquo;adapter son discours \u00e0 des subordonn\u00e9s ou \u00e0 des coll\u00e8gues qui ne parlent pas la m\u00eame langue que vous.<\/p>\n<h3 style=\"text-align: justify\">Communiquer en tant que sup\u00e9rieur hi\u00e9rarchique<\/h3>\n<p style=\"text-align: justify\">Manager une \u00e9quipe implique d&rsquo;\u00eatre encore plus scrupuleux dans ses relations professionnelles. Que ce soit pour \u00e9tablir un <a href=\"https:\/\/www.jimprimeenfrance.fr\/blog\/plan-de-communication-petit-budget-et-gros-effets\/\" target=\"_blank\" rel=\"noopener noreferrer\">plan de communication<\/a>, faire un point avec vos \u00e9quipes ou simplement donner des directives, vous n&rsquo;avez pas droit \u00e0 l&rsquo;erreur. Gardez toujours ces points en t\u00eate :<\/p>\n<ul style=\"text-align: justify\">\n<li>\n<h4>Soyez positif<\/h4>\n<\/li>\n<\/ul>\n<p style=\"text-align: justify\">La fameuse histoire de la carotte et du b\u00e2ton&#8230; M\u00eame si il est parfois indispensable de recadrer vos collaborateurs, ne perdez pas de vue l&rsquo;importance de rester positif.<\/p>\n<p style=\"text-align: justify\"><strong>Les encouragements et les f\u00e9licitations<\/strong> sont indispensables pour conserver le moral de votre \u00e9quipe au beau fixe. Ne restez pas bloqu\u00e9 sur le n\u00e9gatif et insistez sur les bonnes choses qu&rsquo;accomplissent vos employ\u00e9s.<\/p>\n<p style=\"text-align: justify\">Ainsi, vous vous attirerez \u00e0 la fois la sympathie et le respect.<\/p>\n<p>&nbsp;<\/p>\n<ul style=\"text-align: justify\">\n<li>\n<h4>Restez \u00e0 l&rsquo;\u00e9coute et disponible<\/h4>\n<\/li>\n<\/ul>\n<p style=\"text-align: justify\">Ce n&rsquo;est pas toujours facile de trouver le temps de communiquer avec tout le monde dans un <a href=\"https:\/\/www.capital.fr\/votre-carriere\/le-manque-de-temps-une-fatalite-pour-7-salaries-sur-10-1045418\" target=\"_blank\" rel=\"noopener noreferrer\">quotidien professionnel surcharg\u00e9<\/a>. Pourtant, il est vital de rester disponible pour discuter en cas de besoin.<\/p>\n<p style=\"text-align: justify\">Vos collaborateurs doivent sentir qu&rsquo;ils peuvent vous demander un entretien et que vous accepterez de les recevoir dans <strong>un d\u00e9lai assez court.<\/strong> Bien s\u00fbr, les \u00e9changes en face-\u00e0-face sont \u00e0 privil\u00e9gier, mais ne n\u00e9gligez pas non plus les autres moyens de communication (mails, messages, appels t\u00e9l\u00e9phoniques&#8230;).<\/p>\n<p>&nbsp;<\/p>\n<ul style=\"text-align: justify\">\n<li>\n<h4>G\u00e9rez calmement les situations de crise<\/h4>\n<\/li>\n<\/ul>\n<p style=\"text-align: justify\">Un des gros enjeux de la communication professionnelle consiste \u00e0 savoir g\u00e9rer les situations compliqu\u00e9es. Une dispute entre vos collaborateurs, un d\u00e9saccord entre un client et un employ\u00e9, des probl\u00e8mes de restructuration au sein de l&rsquo;\u00e9quipe&#8230;<\/p>\n<p style=\"text-align: justify\">Le manager doit assumer <strong>son r\u00f4le de juge et d&rsquo;arbitre<\/strong>. Pour cela, il doit montrer \u00e0 travers ses discours et son attitude qu&rsquo;il reste pos\u00e9, juste et compr\u00e9hensif.<\/p>\n<p>&nbsp;<\/p>\n<figure id=\"attachment_2590\" aria-describedby=\"caption-attachment-2590\" style=\"width: 640px\" class=\"wp-caption aligncenter\"><img loading=\"lazy\" decoding=\"async\" class=\"wp-image-2590 size-large\" src=\"https:\/\/www.jimprimeenfrance.fr\/blog\/wp-content\/uploads\/2019\/07\/la-communication-requiert-25-pour-cent-du-temps-dirigeant-1024x731.jpg\" alt=\"citation Chester Barnard, La communication rquiert 25% du temps du dirigeant\" width=\"640\" height=\"457\" srcset=\"https:\/\/www.jimprimeenfrance.fr\/blog\/wp-content\/uploads\/2019\/07\/la-communication-requiert-25-pour-cent-du-temps-dirigeant-1024x731.jpg 1024w, https:\/\/www.jimprimeenfrance.fr\/blog\/wp-content\/uploads\/2019\/07\/la-communication-requiert-25-pour-cent-du-temps-dirigeant-300x214.jpg 300w, https:\/\/www.jimprimeenfrance.fr\/blog\/wp-content\/uploads\/2019\/07\/la-communication-requiert-25-pour-cent-du-temps-dirigeant-768x548.jpg 768w, https:\/\/www.jimprimeenfrance.fr\/blog\/wp-content\/uploads\/2019\/07\/la-communication-requiert-25-pour-cent-du-temps-dirigeant.jpg 1200w\" sizes=\"auto, (max-width: 640px) 100vw, 640px\" \/><figcaption id=\"caption-attachment-2590\" class=\"wp-caption-text\">Et vous, combien de temps vous y consacrez ?<\/figcaption><\/figure>\n<p style=\"text-align: justify\">\u00a0<\/p>\n<blockquote>\n<p><em>\u00ab\u00a0La communication requiert 25% du temps du dirigeant\u00a0\u00bb <\/em><\/p>\n<\/blockquote>\n<p><em>Chester Barnard, manager et auteur d&rsquo;un best-seller am\u00e9ricain<\/em><\/p>\n<p style=\"text-align: justify\">\u00a0<\/p>\n<h3 style=\"text-align: justify\">La communication professionnelle avec des collaborateurs \u00e9trangers<\/h3>\n<p style=\"text-align: justify\">De nos jours, il est fr\u00e9quent de travailler avec des coll\u00e8gues venus d&rsquo;autres pays, parfois m\u00eame d&rsquo;autres continents.<\/p>\n<h4 style=\"text-align: justify\">Une question de langue&#8230;<\/h4>\n<p style=\"text-align: justify\">Bien s\u00fbr, la barri\u00e8re de la langue est un des points les plus importants. Si vous ne vous sentez pas \u00e0 l&rsquo;aise, n&rsquo;h\u00e9sitez pas \u00e0 <strong>prendre des cours<\/strong> pour am\u00e9liorer votre niveau.<\/p>\n<p style=\"text-align: justify\">Parlez-en \u00e0 votre sup\u00e9rieur qui comprendra certainement l&rsquo;int\u00e9r\u00eat de cette formation. En effet, Google Traduction et Reverso sont des sites de traduction bien pratiques&#8230; mais qui ne sont pas infaillibles.<\/p>\n<p style=\"text-align: justify\">On conna\u00eet tous ces histoires de <a href=\"https:\/\/www.linternaute.com\/voyage\/magazine\/1250756-les-pires-traductions-de-voyage\/\" target=\"_blank\" rel=\"noopener noreferrer\">traductions compl\u00e8tement rat\u00e9es<\/a> dans le milieu publicitaire ! Sans aller jusque l\u00e0, faire des erreurs de traduction peut \u00eatre pr\u00e9judiciable dans votre vie professionnelle. Le manque de compr\u00e9hension entra\u00eene une baisse de performance dans le travail.<\/p>\n<p>&nbsp;<\/p>\n<h4 style=\"text-align: justify\">&#8230; mais aussi de culture<\/h4>\n<p style=\"text-align: justify\">Il n&rsquo;y a pas que la barri\u00e8re de la langue : prendre en compte la culture et le mode de vie de l&rsquo;autre est indispensable. Selon les pays, les personnes n&rsquo;ont <strong>pas les m\u00eames codes sociaux<\/strong> et pas les m\u00eames formules de politesse.<\/p>\n<p style=\"text-align: justify\">Montrez que vous \u00eates respectueux en apprenant les us et coutumes de vos collaborateurs venus d&rsquo;ailleurs. C&rsquo;est enrichissant et cela vous aidera \u00e0 mieux vous comprendre dans le cadre du travail. Ce serait dommage de ruiner vos relations pour une simple m\u00e9sentente culturelle.<\/p>\n<p style=\"text-align: justify\">La communication professionnelle est un travail de tous les instants. Comme elle implique des \u00eatres humains, elle est variable en fonction de votre interlocuteur, du contexte et de la situation. Ne soyez pas inquiet si vous mettez du temps \u00e0 vous approprier les codes : vous serez de plus en plus s\u00fbr de vous au fur et \u00e0 mesure.<\/p>\n","protected":false},"excerpt":{"rendered":"<p>Tout travailleur, qu&rsquo;il soit salari\u00e9 ou ind\u00e9pendant, a int\u00e9r\u00eat \u00e0 soigner sa communication professionnelle. C&rsquo;est un objectif indispensable pour am\u00e9liorer ses relations humaines dans le cadre du travail et faire preuve d&rsquo;efficacit\u00e9. D\u00e9couvrez ce qu&rsquo;est une bonne communication professionnelle et quelle strat\u00e9gie adopter pour la d\u00e9velopper dans le temps. &nbsp; Am\u00e9liorer sa communication professionnelle : [&hellip;]<\/p>\n","protected":false},"author":4,"featured_media":2585,"comment_status":"open","ping_status":"open","sticky":false,"template":"","format":"standard","meta":{"_editorskit_title_hidden":false,"_editorskit_reading_time":0,"_editorskit_is_block_options_detached":false,"_editorskit_block_options_position":"{}","footnotes":""},"categories":[54],"tags":[222,220,191,221,224,223],"class_list":["post-2529","post","type-post","status-publish","format-standard","has-post-thumbnail","hentry","category-marketing","tag-competence","tag-management","tag-marketing","tag-objectif","tag-strategie","tag-technique"],"yoast_head":"<!-- This site is optimized with the Yoast SEO plugin v27.5 - https:\/\/yoast.com\/product\/yoast-seo-wordpress\/ -->\r\n<title>Communication professionnelle : comment \u00eatre efficace<\/title>\r\n<meta name=\"description\" content=\"On vous parle souvent de communication professionnelle mais vous ignorez comment vous y prendre ? Suivez le guide pour devenir un pro.\" \/>\r\n<meta name=\"robots\" content=\"index, follow, max-snippet:-1, max-image-preview:large, max-video-preview:-1\" \/>\r\n<link rel=\"canonical\" href=\"https:\/\/www.jimprimeenfrance.fr\/blog\/quest-ce-que-communication-professionnelle\/\" \/>\r\n<meta property=\"og:locale\" content=\"fr_FR\" \/>\r\n<meta property=\"og:type\" content=\"article\" \/>\r\n<meta property=\"og:title\" content=\"Communication professionnelle : comment \u00eatre efficace\" \/>\r\n<meta property=\"og:description\" content=\"On vous parle souvent de communication professionnelle mais vous ignorez comment vous y prendre ? Suivez le guide pour devenir un pro.\" \/>\r\n<meta property=\"og:url\" content=\"https:\/\/www.jimprimeenfrance.fr\/blog\/quest-ce-que-communication-professionnelle\/\" \/>\r\n<meta property=\"og:site_name\" content=\"Votre imprimerie en ligne, le blog\" \/>\r\n<meta property=\"article:publisher\" content=\"https:\/\/www.facebook.com\/PrintBasPrix\" \/>\r\n<meta property=\"article:published_time\" content=\"2019-08-11T06:30:42+00:00\" \/>\r\n<meta property=\"article:modified_time\" content=\"2020-12-23T08:22:28+00:00\" \/>\r\n<meta property=\"og:image\" content=\"https:\/\/www.jimprimeenfrance.fr\/blog\/wp-content\/uploads\/2019\/07\/qu-est-ce-que-la-communication-professionnelle.jpg\" \/>\r\n\t<meta property=\"og:image:width\" content=\"1600\" \/>\r\n\t<meta property=\"og:image:height\" content=\"500\" \/>\r\n\t<meta property=\"og:image:type\" content=\"image\/jpeg\" \/>\r\n<meta name=\"author\" content=\"PrintBasPrix Imprimerie en ligne\" \/>\r\n<meta name=\"twitter:card\" content=\"summary_large_image\" \/>\r\n<meta name=\"twitter:creator\" content=\"@PrintBasPrix\" \/>\r\n<meta name=\"twitter:site\" content=\"@PrintBasPrix\" \/>\r\n<meta name=\"twitter:label1\" content=\"\u00c9crit par\" \/>\n\t<meta name=\"twitter:data1\" content=\"PrintBasPrix Imprimerie en ligne\" \/>\n\t<meta name=\"twitter:label2\" content=\"Dur\u00e9e de lecture estim\u00e9e\" \/>\n\t<meta name=\"twitter:data2\" content=\"14 minutes\" \/>\r\n<script type=\"application\/ld+json\" class=\"yoast-schema-graph\">{\"@context\":\"https:\\\/\\\/schema.org\",\"@graph\":[{\"@type\":\"Article\",\"@id\":\"https:\\\/\\\/www.jimprimeenfrance.fr\\\/blog\\\/quest-ce-que-communication-professionnelle\\\/#article\",\"isPartOf\":{\"@id\":\"https:\\\/\\\/www.jimprimeenfrance.fr\\\/blog\\\/quest-ce-que-communication-professionnelle\\\/\"},\"author\":{\"name\":\"PrintBasPrix Imprimerie en ligne\",\"@id\":\"https:\\\/\\\/www.jimprimeenfrance.fr\\\/blog\\\/#\\\/schema\\\/person\\\/711bdd00fc82a687615940c5ae0b412c\"},\"headline\":\"Qu&rsquo;est-ce que la communication professionnelle ?\",\"datePublished\":\"2019-08-11T06:30:42+00:00\",\"dateModified\":\"2020-12-23T08:22:28+00:00\",\"mainEntityOfPage\":{\"@id\":\"https:\\\/\\\/www.jimprimeenfrance.fr\\\/blog\\\/quest-ce-que-communication-professionnelle\\\/\"},\"wordCount\":2882,\"commentCount\":1,\"publisher\":{\"@id\":\"https:\\\/\\\/www.jimprimeenfrance.fr\\\/blog\\\/#organization\"},\"image\":{\"@id\":\"https:\\\/\\\/www.jimprimeenfrance.fr\\\/blog\\\/quest-ce-que-communication-professionnelle\\\/#primaryimage\"},\"thumbnailUrl\":\"https:\\\/\\\/www.jimprimeenfrance.fr\\\/blog\\\/wp-content\\\/uploads\\\/2019\\\/07\\\/qu-est-ce-que-la-communication-professionnelle.jpg\",\"keywords\":[\"comp\u00e9tence\",\"management\",\"marketing\",\"objectif\",\"strat\u00e9gie\",\"technique\"],\"articleSection\":[\"Marketing\"],\"inLanguage\":\"fr-FR\",\"potentialAction\":[{\"@type\":\"CommentAction\",\"name\":\"Comment\",\"target\":[\"https:\\\/\\\/www.jimprimeenfrance.fr\\\/blog\\\/quest-ce-que-communication-professionnelle\\\/#respond\"]}]},{\"@type\":\"WebPage\",\"@id\":\"https:\\\/\\\/www.jimprimeenfrance.fr\\\/blog\\\/quest-ce-que-communication-professionnelle\\\/\",\"url\":\"https:\\\/\\\/www.jimprimeenfrance.fr\\\/blog\\\/quest-ce-que-communication-professionnelle\\\/\",\"name\":\"Communication professionnelle : comment \u00eatre efficace\",\"isPartOf\":{\"@id\":\"https:\\\/\\\/www.jimprimeenfrance.fr\\\/blog\\\/#website\"},\"primaryImageOfPage\":{\"@id\":\"https:\\\/\\\/www.jimprimeenfrance.fr\\\/blog\\\/quest-ce-que-communication-professionnelle\\\/#primaryimage\"},\"image\":{\"@id\":\"https:\\\/\\\/www.jimprimeenfrance.fr\\\/blog\\\/quest-ce-que-communication-professionnelle\\\/#primaryimage\"},\"thumbnailUrl\":\"https:\\\/\\\/www.jimprimeenfrance.fr\\\/blog\\\/wp-content\\\/uploads\\\/2019\\\/07\\\/qu-est-ce-que-la-communication-professionnelle.jpg\",\"datePublished\":\"2019-08-11T06:30:42+00:00\",\"dateModified\":\"2020-12-23T08:22:28+00:00\",\"description\":\"On vous parle souvent de communication professionnelle mais vous ignorez comment vous y prendre ? Suivez le guide pour devenir un pro.\",\"breadcrumb\":{\"@id\":\"https:\\\/\\\/www.jimprimeenfrance.fr\\\/blog\\\/quest-ce-que-communication-professionnelle\\\/#breadcrumb\"},\"inLanguage\":\"fr-FR\",\"potentialAction\":[{\"@type\":\"ReadAction\",\"target\":[\"https:\\\/\\\/www.jimprimeenfrance.fr\\\/blog\\\/quest-ce-que-communication-professionnelle\\\/\"]}]},{\"@type\":\"ImageObject\",\"inLanguage\":\"fr-FR\",\"@id\":\"https:\\\/\\\/www.jimprimeenfrance.fr\\\/blog\\\/quest-ce-que-communication-professionnelle\\\/#primaryimage\",\"url\":\"https:\\\/\\\/www.jimprimeenfrance.fr\\\/blog\\\/wp-content\\\/uploads\\\/2019\\\/07\\\/qu-est-ce-que-la-communication-professionnelle.jpg\",\"contentUrl\":\"https:\\\/\\\/www.jimprimeenfrance.fr\\\/blog\\\/wp-content\\\/uploads\\\/2019\\\/07\\\/qu-est-ce-que-la-communication-professionnelle.jpg\",\"width\":1600,\"height\":500,\"caption\":\"qu'est-ce que la communication professionnelle ?\"},{\"@type\":\"BreadcrumbList\",\"@id\":\"https:\\\/\\\/www.jimprimeenfrance.fr\\\/blog\\\/quest-ce-que-communication-professionnelle\\\/#breadcrumb\",\"itemListElement\":[{\"@type\":\"ListItem\",\"position\":1,\"name\":\"Accueil\",\"item\":\"https:\\\/\\\/www.jimprimeenfrance.fr\\\/blog\\\/\"},{\"@type\":\"ListItem\",\"position\":2,\"name\":\"Qu&rsquo;est-ce que la communication professionnelle ?\"}]},{\"@type\":\"WebSite\",\"@id\":\"https:\\\/\\\/www.jimprimeenfrance.fr\\\/blog\\\/#website\",\"url\":\"https:\\\/\\\/www.jimprimeenfrance.fr\\\/blog\\\/\",\"name\":\"Votre imprimerie en ligne, le blog\",\"description\":\"Impressionnez et faites bonne impression avec nos conseils d&#039;imprimerie online\",\"publisher\":{\"@id\":\"https:\\\/\\\/www.jimprimeenfrance.fr\\\/blog\\\/#organization\"},\"potentialAction\":[{\"@type\":\"SearchAction\",\"target\":{\"@type\":\"EntryPoint\",\"urlTemplate\":\"https:\\\/\\\/www.jimprimeenfrance.fr\\\/blog\\\/?s={search_term_string}\"},\"query-input\":{\"@type\":\"PropertyValueSpecification\",\"valueRequired\":true,\"valueName\":\"search_term_string\"}}],\"inLanguage\":\"fr-FR\"},{\"@type\":\"Organization\",\"@id\":\"https:\\\/\\\/www.jimprimeenfrance.fr\\\/blog\\\/#organization\",\"name\":\"PrintBasPrix - Imprimerie en ligne\",\"url\":\"https:\\\/\\\/www.jimprimeenfrance.fr\\\/blog\\\/\",\"logo\":{\"@type\":\"ImageObject\",\"inLanguage\":\"fr-FR\",\"@id\":\"https:\\\/\\\/www.jimprimeenfrance.fr\\\/blog\\\/#\\\/schema\\\/logo\\\/image\\\/\",\"url\":\"https:\\\/\\\/www.jimprimeenfrance.fr\\\/blog\\\/wp-content\\\/uploads\\\/2018\\\/07\\\/cropped-printbasprix-imprimeur-en-ligne.png\",\"contentUrl\":\"https:\\\/\\\/www.jimprimeenfrance.fr\\\/blog\\\/wp-content\\\/uploads\\\/2018\\\/07\\\/cropped-printbasprix-imprimeur-en-ligne.png\",\"width\":361,\"height\":86,\"caption\":\"PrintBasPrix - Imprimerie en ligne\"},\"image\":{\"@id\":\"https:\\\/\\\/www.jimprimeenfrance.fr\\\/blog\\\/#\\\/schema\\\/logo\\\/image\\\/\"},\"sameAs\":[\"https:\\\/\\\/www.facebook.com\\\/PrintBasPrix\",\"https:\\\/\\\/x.com\\\/PrintBasPrix\",\"https:\\\/\\\/www.instagram.com\\\/printbasprix\\\/\",\"https:\\\/\\\/www.linkedin.com\\\/company\\\/printbasprix\\\/\",\"https:\\\/\\\/www.youtube.com\\\/channel\\\/UC0Ysbd0Gbzzp0yMgrfNQqug\"]},{\"@type\":\"Person\",\"@id\":\"https:\\\/\\\/www.jimprimeenfrance.fr\\\/blog\\\/#\\\/schema\\\/person\\\/711bdd00fc82a687615940c5ae0b412c\",\"name\":\"PrintBasPrix Imprimerie en ligne\",\"image\":{\"@type\":\"ImageObject\",\"inLanguage\":\"fr-FR\",\"@id\":\"https:\\\/\\\/secure.gravatar.com\\\/avatar\\\/e898f6c9f447b2b28a568c2fec45e0fef703b12c4f80de6258e9bcb2e61aaf27?s=96&r=g\",\"url\":\"https:\\\/\\\/secure.gravatar.com\\\/avatar\\\/e898f6c9f447b2b28a568c2fec45e0fef703b12c4f80de6258e9bcb2e61aaf27?s=96&r=g\",\"contentUrl\":\"https:\\\/\\\/secure.gravatar.com\\\/avatar\\\/e898f6c9f447b2b28a568c2fec45e0fef703b12c4f80de6258e9bcb2e61aaf27?s=96&r=g\",\"caption\":\"PrintBasPrix Imprimerie en ligne\"},\"url\":\"https:\\\/\\\/www.jimprimeenfrance.fr\\\/blog\\\/author\\\/printbasprix-imprimerie-en-ligne\\\/\"}]}<\/script>\r\n<!-- \/ Yoast SEO plugin. -->","yoast_head_json":{"title":"Communication professionnelle : comment \u00eatre efficace","description":"On vous parle souvent de communication professionnelle mais vous ignorez comment vous y prendre ? Suivez le guide pour devenir un pro.","robots":{"index":"index","follow":"follow","max-snippet":"max-snippet:-1","max-image-preview":"max-image-preview:large","max-video-preview":"max-video-preview:-1"},"canonical":"https:\/\/www.jimprimeenfrance.fr\/blog\/quest-ce-que-communication-professionnelle\/","og_locale":"fr_FR","og_type":"article","og_title":"Communication professionnelle : comment \u00eatre efficace","og_description":"On vous parle souvent de communication professionnelle mais vous ignorez comment vous y prendre ? Suivez le guide pour devenir un pro.","og_url":"https:\/\/www.jimprimeenfrance.fr\/blog\/quest-ce-que-communication-professionnelle\/","og_site_name":"Votre imprimerie en ligne, le blog","article_publisher":"https:\/\/www.facebook.com\/PrintBasPrix","article_published_time":"2019-08-11T06:30:42+00:00","article_modified_time":"2020-12-23T08:22:28+00:00","og_image":[{"width":1600,"height":500,"url":"https:\/\/www.jimprimeenfrance.fr\/blog\/wp-content\/uploads\/2019\/07\/qu-est-ce-que-la-communication-professionnelle.jpg","type":"image\/jpeg"}],"author":"PrintBasPrix Imprimerie en ligne","twitter_card":"summary_large_image","twitter_creator":"@PrintBasPrix","twitter_site":"@PrintBasPrix","twitter_misc":{"\u00c9crit par":"PrintBasPrix Imprimerie en ligne","Dur\u00e9e de lecture estim\u00e9e":"14 minutes"},"schema":{"@context":"https:\/\/schema.org","@graph":[{"@type":"Article","@id":"https:\/\/www.jimprimeenfrance.fr\/blog\/quest-ce-que-communication-professionnelle\/#article","isPartOf":{"@id":"https:\/\/www.jimprimeenfrance.fr\/blog\/quest-ce-que-communication-professionnelle\/"},"author":{"name":"PrintBasPrix Imprimerie en ligne","@id":"https:\/\/www.jimprimeenfrance.fr\/blog\/#\/schema\/person\/711bdd00fc82a687615940c5ae0b412c"},"headline":"Qu&rsquo;est-ce que la communication professionnelle ?","datePublished":"2019-08-11T06:30:42+00:00","dateModified":"2020-12-23T08:22:28+00:00","mainEntityOfPage":{"@id":"https:\/\/www.jimprimeenfrance.fr\/blog\/quest-ce-que-communication-professionnelle\/"},"wordCount":2882,"commentCount":1,"publisher":{"@id":"https:\/\/www.jimprimeenfrance.fr\/blog\/#organization"},"image":{"@id":"https:\/\/www.jimprimeenfrance.fr\/blog\/quest-ce-que-communication-professionnelle\/#primaryimage"},"thumbnailUrl":"https:\/\/www.jimprimeenfrance.fr\/blog\/wp-content\/uploads\/2019\/07\/qu-est-ce-que-la-communication-professionnelle.jpg","keywords":["comp\u00e9tence","management","marketing","objectif","strat\u00e9gie","technique"],"articleSection":["Marketing"],"inLanguage":"fr-FR","potentialAction":[{"@type":"CommentAction","name":"Comment","target":["https:\/\/www.jimprimeenfrance.fr\/blog\/quest-ce-que-communication-professionnelle\/#respond"]}]},{"@type":"WebPage","@id":"https:\/\/www.jimprimeenfrance.fr\/blog\/quest-ce-que-communication-professionnelle\/","url":"https:\/\/www.jimprimeenfrance.fr\/blog\/quest-ce-que-communication-professionnelle\/","name":"Communication professionnelle : comment \u00eatre efficace","isPartOf":{"@id":"https:\/\/www.jimprimeenfrance.fr\/blog\/#website"},"primaryImageOfPage":{"@id":"https:\/\/www.jimprimeenfrance.fr\/blog\/quest-ce-que-communication-professionnelle\/#primaryimage"},"image":{"@id":"https:\/\/www.jimprimeenfrance.fr\/blog\/quest-ce-que-communication-professionnelle\/#primaryimage"},"thumbnailUrl":"https:\/\/www.jimprimeenfrance.fr\/blog\/wp-content\/uploads\/2019\/07\/qu-est-ce-que-la-communication-professionnelle.jpg","datePublished":"2019-08-11T06:30:42+00:00","dateModified":"2020-12-23T08:22:28+00:00","description":"On vous parle souvent de communication professionnelle mais vous ignorez comment vous y prendre ? Suivez le guide pour devenir un pro.","breadcrumb":{"@id":"https:\/\/www.jimprimeenfrance.fr\/blog\/quest-ce-que-communication-professionnelle\/#breadcrumb"},"inLanguage":"fr-FR","potentialAction":[{"@type":"ReadAction","target":["https:\/\/www.jimprimeenfrance.fr\/blog\/quest-ce-que-communication-professionnelle\/"]}]},{"@type":"ImageObject","inLanguage":"fr-FR","@id":"https:\/\/www.jimprimeenfrance.fr\/blog\/quest-ce-que-communication-professionnelle\/#primaryimage","url":"https:\/\/www.jimprimeenfrance.fr\/blog\/wp-content\/uploads\/2019\/07\/qu-est-ce-que-la-communication-professionnelle.jpg","contentUrl":"https:\/\/www.jimprimeenfrance.fr\/blog\/wp-content\/uploads\/2019\/07\/qu-est-ce-que-la-communication-professionnelle.jpg","width":1600,"height":500,"caption":"qu'est-ce que la communication professionnelle ?"},{"@type":"BreadcrumbList","@id":"https:\/\/www.jimprimeenfrance.fr\/blog\/quest-ce-que-communication-professionnelle\/#breadcrumb","itemListElement":[{"@type":"ListItem","position":1,"name":"Accueil","item":"https:\/\/www.jimprimeenfrance.fr\/blog\/"},{"@type":"ListItem","position":2,"name":"Qu&rsquo;est-ce que la communication professionnelle ?"}]},{"@type":"WebSite","@id":"https:\/\/www.jimprimeenfrance.fr\/blog\/#website","url":"https:\/\/www.jimprimeenfrance.fr\/blog\/","name":"Votre imprimerie en ligne, le blog","description":"Impressionnez et faites bonne impression avec nos conseils d&#039;imprimerie online","publisher":{"@id":"https:\/\/www.jimprimeenfrance.fr\/blog\/#organization"},"potentialAction":[{"@type":"SearchAction","target":{"@type":"EntryPoint","urlTemplate":"https:\/\/www.jimprimeenfrance.fr\/blog\/?s={search_term_string}"},"query-input":{"@type":"PropertyValueSpecification","valueRequired":true,"valueName":"search_term_string"}}],"inLanguage":"fr-FR"},{"@type":"Organization","@id":"https:\/\/www.jimprimeenfrance.fr\/blog\/#organization","name":"PrintBasPrix - Imprimerie en ligne","url":"https:\/\/www.jimprimeenfrance.fr\/blog\/","logo":{"@type":"ImageObject","inLanguage":"fr-FR","@id":"https:\/\/www.jimprimeenfrance.fr\/blog\/#\/schema\/logo\/image\/","url":"https:\/\/www.jimprimeenfrance.fr\/blog\/wp-content\/uploads\/2018\/07\/cropped-printbasprix-imprimeur-en-ligne.png","contentUrl":"https:\/\/www.jimprimeenfrance.fr\/blog\/wp-content\/uploads\/2018\/07\/cropped-printbasprix-imprimeur-en-ligne.png","width":361,"height":86,"caption":"PrintBasPrix - Imprimerie en ligne"},"image":{"@id":"https:\/\/www.jimprimeenfrance.fr\/blog\/#\/schema\/logo\/image\/"},"sameAs":["https:\/\/www.facebook.com\/PrintBasPrix","https:\/\/x.com\/PrintBasPrix","https:\/\/www.instagram.com\/printbasprix\/","https:\/\/www.linkedin.com\/company\/printbasprix\/","https:\/\/www.youtube.com\/channel\/UC0Ysbd0Gbzzp0yMgrfNQqug"]},{"@type":"Person","@id":"https:\/\/www.jimprimeenfrance.fr\/blog\/#\/schema\/person\/711bdd00fc82a687615940c5ae0b412c","name":"PrintBasPrix Imprimerie en ligne","image":{"@type":"ImageObject","inLanguage":"fr-FR","@id":"https:\/\/secure.gravatar.com\/avatar\/e898f6c9f447b2b28a568c2fec45e0fef703b12c4f80de6258e9bcb2e61aaf27?s=96&r=g","url":"https:\/\/secure.gravatar.com\/avatar\/e898f6c9f447b2b28a568c2fec45e0fef703b12c4f80de6258e9bcb2e61aaf27?s=96&r=g","contentUrl":"https:\/\/secure.gravatar.com\/avatar\/e898f6c9f447b2b28a568c2fec45e0fef703b12c4f80de6258e9bcb2e61aaf27?s=96&r=g","caption":"PrintBasPrix Imprimerie en ligne"},"url":"https:\/\/www.jimprimeenfrance.fr\/blog\/author\/printbasprix-imprimerie-en-ligne\/"}]}},"_links":{"self":[{"href":"https:\/\/www.jimprimeenfrance.fr\/blog\/wp-json\/wp\/v2\/posts\/2529","targetHints":{"allow":["GET"]}}],"collection":[{"href":"https:\/\/www.jimprimeenfrance.fr\/blog\/wp-json\/wp\/v2\/posts"}],"about":[{"href":"https:\/\/www.jimprimeenfrance.fr\/blog\/wp-json\/wp\/v2\/types\/post"}],"author":[{"embeddable":true,"href":"https:\/\/www.jimprimeenfrance.fr\/blog\/wp-json\/wp\/v2\/users\/4"}],"replies":[{"embeddable":true,"href":"https:\/\/www.jimprimeenfrance.fr\/blog\/wp-json\/wp\/v2\/comments?post=2529"}],"version-history":[{"count":29,"href":"https:\/\/www.jimprimeenfrance.fr\/blog\/wp-json\/wp\/v2\/posts\/2529\/revisions"}],"predecessor-version":[{"id":5775,"href":"https:\/\/www.jimprimeenfrance.fr\/blog\/wp-json\/wp\/v2\/posts\/2529\/revisions\/5775"}],"wp:featuredmedia":[{"embeddable":true,"href":"https:\/\/www.jimprimeenfrance.fr\/blog\/wp-json\/wp\/v2\/media\/2585"}],"wp:attachment":[{"href":"https:\/\/www.jimprimeenfrance.fr\/blog\/wp-json\/wp\/v2\/media?parent=2529"}],"wp:term":[{"taxonomy":"category","embeddable":true,"href":"https:\/\/www.jimprimeenfrance.fr\/blog\/wp-json\/wp\/v2\/categories?post=2529"},{"taxonomy":"post_tag","embeddable":true,"href":"https:\/\/www.jimprimeenfrance.fr\/blog\/wp-json\/wp\/v2\/tags?post=2529"}],"curies":[{"name":"wp","href":"https:\/\/api.w.org\/{rel}","templated":true}]}}