{"id":252,"date":"2018-09-05T08:30:20","date_gmt":"2018-09-05T06:30:20","guid":{"rendered":"https:\/\/www.jimprimeenfrance.fr\/blog\/?p=252"},"modified":"2018-09-19T09:28:04","modified_gmt":"2018-09-19T07:28:04","slug":"faire-un-calendrier-publicitaire-2019-qui-se-garde-toute-lannee","status":"publish","type":"post","link":"https:\/\/www.jimprimeenfrance.fr\/blog\/faire-un-calendrier-publicitaire-2019-qui-se-garde-toute-lannee\/","title":{"rendered":"Faire un calendrier publicitaire 2019 qui se garde toute l&rsquo;ann\u00e9e !"},"content":{"rendered":"<p style=\"text-align: justify;\">C\u2019est bient\u00f4t la saison des calendriers 2019. \u00a0Il reste 4 mois avant la nouvelle ann\u00e9e. Ces 4 mois ne vont pas \u00eatre de trop pour r\u00e9fl\u00e9chir au calendrier que vous allez distribuer aupr\u00e8s de vos clients et de vos prospects, pour le cr\u00e9er, l\u2019imprimer et le distribuer au moment voulu.<\/p>\n<p style=\"text-align: justify;\">Rappelons que le calendrier est un des piliers de la <a href=\"http:\/\/www.strategies.fr\/objet-publicitaire.html\" target=\"_blank\" rel=\"noopener\"> publicit\u00e9 par l\u2019objet<\/a>.\u00a0 Celle-ci demeure incontournable pour amorcer ou entretenir une relation commerciale. Les cr\u00e9ateurs de goodies publicitaires ne manquent pas d\u2019imagination. Ils peuvent proposer une quantit\u00e9 innombrable de possibilit\u00e9s pour laisser une trace de l\u2019entreprise en plus des traditionnels documents commerciaux.<\/p>\n<p style=\"text-align: justify;\">Quoiqu\u2019il en soit, dans ce domaine, le calendrier reste la valeur s\u00fbre \u00e0 prendre tr\u00e8s au s\u00e9rieux.<\/p>\n<p style=\"text-align: justify;\">\u00a0<\/p>\n<h2 style=\"text-align: justify;\"><strong>R\u00e9fl\u00e9chir \u00e0 son calendrier 2019<\/strong><\/h2>\n<p style=\"text-align: justify;\">Avant de se pr\u00e9cipiter dans le choix d\u2019un mod\u00e8le et d\u2019un site pour r\u00e9aliser son calendrier aux moindres frais, il n\u2019est pas inutile de prendre le temps de s\u2019interroger sur les raisons qui poussent \u00e0 le faire.<\/p>\n<p style=\"text-align: justify;\">\u00a0<\/p>\n<h3 style=\"text-align: justify;\">Les bonnes et les mauvaises raisons de le faire<\/h3>\n<p style=\"text-align: justify;\">Ce peut \u00eatre la force de l\u2019habitude ou l\u2019envie de faire comme les autres, par exemple. C\u2019est une bonne chose de pouvoir en avoir, ainsi, clairement conscience.<\/p>\n<p>\n<\/p>\n<figure id=\"attachment_291\" aria-describedby=\"caption-attachment-291\" style=\"width: 800px\" class=\"wp-caption aligncenter\"><img loading=\"lazy\" decoding=\"async\" class=\"wp-image-291 size-full\" title=\"Je le veux efficace\" src=\"https:\/\/www.jimprimeenfrance.fr\/blog\/wp-content\/uploads\/2018\/09\/impression-calendrier-personnalisable-1.jpg\" alt=\"faire un calendrier 2019 personnalis\u00e9 gratuit en ligne\" width=\"800\" height=\"800\" srcset=\"https:\/\/www.jimprimeenfrance.fr\/blog\/wp-content\/uploads\/2018\/09\/impression-calendrier-personnalisable-1.jpg 800w, https:\/\/www.jimprimeenfrance.fr\/blog\/wp-content\/uploads\/2018\/09\/impression-calendrier-personnalisable-1-150x150.jpg 150w, https:\/\/www.jimprimeenfrance.fr\/blog\/wp-content\/uploads\/2018\/09\/impression-calendrier-personnalisable-1-300x300.jpg 300w, https:\/\/www.jimprimeenfrance.fr\/blog\/wp-content\/uploads\/2018\/09\/impression-calendrier-personnalisable-1-768x768.jpg 768w, https:\/\/www.jimprimeenfrance.fr\/blog\/wp-content\/uploads\/2018\/09\/impression-calendrier-personnalisable-1-400x400.jpg 400w\" sizes=\"auto, (max-width: 800px) 100vw, 800px\" \/><figcaption id=\"caption-attachment-291\" class=\"wp-caption-text\">Comment allez-vous faire votre calendrier personnalis\u00e9 2019 ?<\/figcaption><\/figure>\n<p style=\"text-align: justify;\">Le moment n\u2019est pas loin o\u00f9 d\u2019autres causes vont devenir \u00e9videntes.\u00a0 Elles vont servir de point de d\u00e9part \u00e0 une r\u00e9flexion fructueuse sur LE calendrier qu\u2019il faut faire pour 2019. Celui \u00e0 nul autre pareil et surtout pas identique \u00e0 celui des concurrents.<\/p>\n<p>&nbsp;<\/p>\n<p>&nbsp;<\/p>\n<p>&nbsp;<\/p>\n<h3 style=\"text-align: justify;\">Les vraies questions \u00e0 se poser<\/h3>\n<p style=\"text-align: justify;\">Au fond, la premi\u00e8re question \u00e0 se poser est de savoir quel message doit \u00eatre transmis aux clients et aux prospects. S\u2019agit-il, par exemple, de simplement leur rappeler, discr\u00e8tement, que la marque est, toujours l\u00e0, pour eux ? \u00a0 Ou bien, s&rsquo;agit-il de leur annoncer, fi\u00e8rement, un \u00e9v\u00e8nement comme l\u2019arriv\u00e9e sur le march\u00e9 d\u2019un nouveau produit\u00a0?<\/p>\n<p style=\"text-align: justify;\">Ce n\u2019est pas tout. Comment faut-il envisager l\u2019usage qui sera fait du calendrier, par qui, o\u00f9 et pendant combien de temps\u00a0? Ce n\u2019est pas la m\u00eame chose de concevoir un calendrier pour qu\u2019il soit punais\u00e9 au-dessus de la machine \u00e0 caf\u00e9 ou pour qu\u2019il soit mis en bonne place sur le bureau du PDG.<\/p>\n<p style=\"text-align: justify;\">Ce qui revient, pour finir, \u00e0 s\u2019interroger sur un mode quantitatif et \u00e0 se demander combien de calendriers seront n\u00e9cessaires. Naturellement, une fois arriv\u00e9 \u00e0 ce stade de la r\u00e9flexion, il ne reste plus qu\u2019\u00e0 regarder la ligne comptable correspondant au projet et \u00e0 d\u00e9cider si elle suffit ou non. Si ce n\u2019est pas le cas, il n\u2019y a plus qu\u2019\u00e0 examiner les \u00e9ventuelles possibilit\u00e9s d\u2019arbitrage, toujours difficiles en fin d\u2019ann\u00e9e.<\/p>\n<p style=\"text-align: justify;\">\u00a0<\/p>\n<h2 style=\"text-align: justify;\"><strong>Cr\u00e9er son calendrier 2019<\/strong><\/h2>\n<p style=\"text-align: justify;\">Suivant le budget disponible et l\u2019objectif poursuivi, il y a plusieurs fa\u00e7ons de cr\u00e9er son calendrier publicitaire, de la plus simple et la moins on\u00e9reuse \u00e0 la plus sophistiqu\u00e9e et \u00e0 la plus co\u00fbteuse.<\/p>\n<p style=\"text-align: justify;\">\u00a0<\/p>\n<h3 style=\"text-align: justify;\">Cr\u00e9ation d\u2019exception<\/h3>\n<p style=\"text-align: justify;\">Commen\u00e7ons par cette derni\u00e8re parce qu\u2019elle montre bien ce que la cr\u00e9ation d\u2019un calendrier peut avoir de mythique. Nul doute que le\u00a0<a href=\"https:\/\/www.caradisiac.com\/premieres-images-pour-le-calendrier-pirelli-2019-169964.htm\" target=\"_blank\" rel=\"noopener\">calendrier Pirelli<\/a> ne remporte ici la palme et le ph\u00e9nom\u00e8ne dure depuis 50 ans\u00a0! On pourrait tout aussi bien citer le calendrier Aubade ou celui des Dieux du Stade.<\/p>\n<p style=\"text-align: justify;\">Ce sont l\u00e0 des exceptions, mais des exceptions qui illustrent bien que ce que peut \u00eatre l\u2019impact d\u2019un calendrier quand il est de tr\u00e8s grande qualit\u00e9 et que l\u2019on veut y mettre le prix.<\/p>\n<p style=\"text-align: justify;\">\u00a0<\/p>\n<h3 style=\"text-align: justify;\">Ou cr\u00e9ation efficace<\/h3>\n<p style=\"text-align: justify;\">La solution du fait \u00ab\u00a0maison\u00a0\u00bb avec le pack office 365 et son logiciel Publisher est, en r\u00e9alit\u00e9, aussi int\u00e9ressante. Peut s\u2019y ajouter aussi le choix d\u2019un mod\u00e8le de calendrier \u00e0 personnaliser, gratuitement ou quasi gratuitement, sur un site web sp\u00e9cialis\u00e9. On parle aussi souvent de <a href=\"https:\/\/www.jimprimeenfrance.fr\/calendrier-2019-a-imprimer\" target=\"_blank\" rel=\"noopener\">calendrier 2019 \u00e0 imprimer<\/a> par une imprimerie professionnelle. Ce sont des solutions peu co\u00fbteuses, mais qui peuvent \u00eatre tr\u00e8s efficaces.<\/p>\n<p>\n<\/p>\n<figure id=\"attachment_292\" aria-describedby=\"caption-attachment-292\" style=\"width: 800px\" class=\"wp-caption aligncenter\"><img loading=\"lazy\" decoding=\"async\" class=\"wp-image-292 size-full\" title=\"\u00e0 mani\u00e8re mais de qualit\u00e9\" src=\"https:\/\/www.jimprimeenfrance.fr\/blog\/wp-content\/uploads\/2018\/09\/impression-calendrier-photo-1.jpg\" alt=\"cr\u00e9er un calendrier personnalis\u00e9 gratuit en ligne\" width=\"800\" height=\"800\" srcset=\"https:\/\/www.jimprimeenfrance.fr\/blog\/wp-content\/uploads\/2018\/09\/impression-calendrier-photo-1.jpg 800w, https:\/\/www.jimprimeenfrance.fr\/blog\/wp-content\/uploads\/2018\/09\/impression-calendrier-photo-1-150x150.jpg 150w, https:\/\/www.jimprimeenfrance.fr\/blog\/wp-content\/uploads\/2018\/09\/impression-calendrier-photo-1-300x300.jpg 300w, https:\/\/www.jimprimeenfrance.fr\/blog\/wp-content\/uploads\/2018\/09\/impression-calendrier-photo-1-768x768.jpg 768w, https:\/\/www.jimprimeenfrance.fr\/blog\/wp-content\/uploads\/2018\/09\/impression-calendrier-photo-1-400x400.jpg 400w\" sizes=\"auto, (max-width: 800px) 100vw, 800px\" \/><figcaption id=\"caption-attachment-292\" class=\"wp-caption-text\">C&rsquo;est le moment de cr\u00e9er un calendrier personnalis\u00e9 gratuit en ligne<\/figcaption><\/figure>\n<p style=\"text-align: justify;\">Les calendriers qu\u2019elles permettent de faire n\u2019entreront certes pas dans l\u2019histoire de l\u2019art, mais ce n\u2019est pas l\u2019objectif et avec de l\u2019astuce et de l\u2019ing\u00e9niosit\u00e9, ils peuvent tout aussi bien se faire remarquer.<\/p>\n<p>&nbsp;<\/p>\n<p style=\"text-align: justify;\">\u00a0<\/p>\n<h4 style=\"text-align: justify;\">Avec Publisher<\/h4>\n<ul style=\"text-align: justify;\">\n<li>Pour faire son calendrier avec Publisher, il faut cliquer sur l\u2019onglet \u00ab\u00a0Pr\u00e9d\u00e9fini\u00a0\u00bb, puis sur \u00ab\u00a0calendrier\u00a0\u00bb. Reste \u00e0 choisir entre un des mod\u00e8les int\u00e9gr\u00e9s propos\u00e9s, un \u00ab\u00a0petit format\u00a0\u00bb ou un mod\u00e8le \u00ab\u00a0vierge\u00a0\u00bb. Une fois ce choix fait, en cliquant dessus, il faut utiliser la bo\u00eete de dialogue qui s\u2019ouvre \u00e0 droite de l\u2019\u00e9cran et d\u00e9finir les dates du calendrier. En cliquant sur l\u2019onglet \u00ab\u00a0cr\u00e9er\u00a0\u00bb, la personnalisation peut commencer, mois par mois, avec photos et textes.<\/li>\n<\/ul>\n<p style=\"text-align: justify;\">Rappelons tout de m\u00eame que pour ce qui est de l\u2019impression, mieux vaut transmettre le fichier ainsi cr\u00e9e \u00e0 un imprimeur professionnel plut\u00f4t que d\u2019essayer de le faire soi-m\u00eame avec sa propre imprimante. En tout cas, si l\u2019objectif est bien, justement, de faire bonne impression &#8230;<\/p>\n<p style=\"text-align: justify;\">\u00a0<\/p>\n<h4 style=\"text-align: justify;\">Avec un site web en ligne<\/h4>\n<ul style=\"text-align: justify;\">\n<li>A d\u00e9faut de Publisher, il est toujours possible de faire appel \u00e0 l\u2019un des nombreux sites web existants. Ils proposent des collections importantes de calendriers \u00e0 personnaliser.<\/li>\n<\/ul>\n<p style=\"text-align: justify;\">Vous pourrez sans peine y trouver le bon mod\u00e8le pour votre calendrier 2019, avec jours f\u00e9ri\u00e9s et vacances scolaires ou bien votre calendrier personnalis\u00e9, mois par mois, avec photos.<\/p>\n<ul style=\"text-align: justify;\">\n<li>La plupart offre leurs services gratuitement. Deux remarques s\u2019imposent\u00a0:\n<ul>\n<li>La gratuit\u00e9 n\u2019existe pas vraiment et elle veut souvent dire qu\u2019elle n\u2019est que la contrepartie \u00e0 une libre cession de donn\u00e9es personnelles.<\/li>\n<li>Tous les sites ne se valent pas. La qualit\u00e9 de leur design, leur domiciliation, la nature de leur assistance constituent autant d\u2019indices, entre autres, pour les diff\u00e9rencier.<\/li>\n<\/ul>\n<\/li>\n<\/ul>\n<h2 style=\"text-align: justify;\">\u00a0<\/h2>\n<h2 style=\"text-align: justify;\"><strong>Les principes d\u2019une cr\u00e9ation efficace<\/strong><\/h2>\n<p style=\"text-align: justify;\">Un calendrier efficace est un calendrier attrayant, qui inspire confiance, et dont l\u2019objectif appara\u00eet clairement. Pour cela, il convient de respecter quelques principes simples comme\u00a0:<\/p>\n<p style=\"text-align: justify;\">\u00a0<\/p>\n<h3 style=\"text-align: justify;\">\u00catre utile<\/h3>\n<p style=\"text-align: justify;\">C\u2019est la premi\u00e8re fonction d\u2019un calendrier. Ce sont les caract\u00e9ristiques de la relation client (CRM ou <a href=\"http:\/\/www.dynamique-mag.com\/article\/gestion-relation-client.6105\" target=\"_blank\" rel=\"noopener\">Customer Relationship Management<\/a>) qui d\u00e9terminent cette utilit\u00e9. Il doit donc, en particulier, faire appara\u00eetre les coordonn\u00e9es de l\u2019entreprise et sa promesse, en relation avec les attentes de sa client\u00e8le.<\/p>\n<p style=\"text-align: justify;\">\u00a0<\/p>\n<h3 style=\"text-align: justify;\">Rester sobre<\/h3>\n<p style=\"text-align: justify;\">Il n\u2019est pas inutile de r\u00e9p\u00e9ter que \u00ab\u00a0Trop d\u2019informations tue l&rsquo;information\u00a0\u00bb\u00a0 de m\u00eame que\u00a0 \u00ab\u00a0Trop d\u2019images tue l\u2019image\u00a0\u00bb. Une personnalisation excessive peut avoir l\u2019effet inverse de celui souhait\u00e9. Un calendrier jug\u00e9 trop commercial finira \u00e0 la poubelle ou servira d\u2019objet de d\u00e9coupe pour les enfants.<\/p>\n<p style=\"text-align: justify;\">\u00a0<\/p>\n<h3 style=\"text-align: justify;\">\u00catre pratique<\/h3>\n<p style=\"text-align: justify;\">Le format, la pagination et la mati\u00e8re, notamment, du calendrier doivent \u00eatre tels qu\u2019il puisse \u00eatre facilement utilisable par le client ou le prospect auquel il est remis. C\u2019est cet aspect pratique, notamment, qui va en assurer la long\u00e9vit\u00e9 et la sup\u00e9riorit\u00e9 sur les calendriers concurrents.<\/p>\n<p style=\"text-align: justify;\">\u00a0<\/p>\n<h3 style=\"text-align: justify;\">\u00catre esth\u00e9tique<\/h3>\n<p style=\"text-align: justify;\">La sobri\u00e9t\u00e9 n\u2019exclut pas l\u2019esth\u00e9tique. N&rsquo;oubliez pas qu\u2019un calendrier s\u2019affiche sur un mur ou se pose sur un bureau. Il lui faut donc pr\u00e9senter les m\u00eames qualit\u00e9s qu\u2019un objet d\u00e9coratif. Il doit \u00eatre pens\u00e9 en fonction des environnements professionnels habituels des clients. Comme l\u2019a dit Philippe Bouvard\u00a0:<\/p>\n<p style=\"text-align: justify;\">\u00a0<\/p>\n<blockquote>\n<p>\u00a0<em>Dans les magasins de bikinis, on ne voit pas de calendriers avec des photos de garage &#8230;<\/em><\/p>\n<\/blockquote>\n<h2 style=\"text-align: justify;\">\u00a0<\/h2>\n<h2 style=\"text-align: justify;\"><strong>Distribuer son calendrier 2019<\/strong><\/h2>\n<h3 style=\"text-align: justify;\"><strong>\u00a0<\/strong><\/h3>\n<h3 style=\"text-align: justify;\">D\u00e9lais d\u2019impression et de livraison<\/h3>\n<p style=\"text-align: justify;\">La distribution doit tenir compte des d\u00e9lais d\u2019impression et de livraison<strong>. <\/strong>Avec un imprimeur on line<strong>, <\/strong>Ils sont souvent tr\u00e8s rapides. Toutefois, ils d\u00e9pendent de la nature de la conception m\u00eame du calendrier. Plus cette derni\u00e8re est basique et banale, plus ils peuvent \u00eatre courts, et inversement. Par cons\u00e9quent, un calendrier r\u00e9fl\u00e9chi qui demande du temps va exiger plus de d\u00e9lais. \u00a0<a href=\"https:\/\/www.jimprimeenfrance.fr\/imprimer-un-calendrier\" target=\"_blank\" rel=\"noopener\">PrintBasPrix<\/a>, par exemple, prend en compte ces diff\u00e9rentes possibilit\u00e9s.<\/p>\n<p>\n<\/p>\n<figure id=\"attachment_293\" aria-describedby=\"caption-attachment-293\" style=\"width: 800px\" class=\"wp-caption alignnone\"><img loading=\"lazy\" decoding=\"async\" class=\"wp-image-293 size-full\" title=\"Excellent mod\u00e8le de calendrier\" src=\"https:\/\/www.jimprimeenfrance.fr\/blog\/wp-content\/uploads\/2018\/09\/impression-calendrier-personnalisable-a5-1.jpg\" alt=\"faire un calendrier personnalis\u00e9 gratuit en ligne avant les autres\" width=\"800\" height=\"800\" srcset=\"https:\/\/www.jimprimeenfrance.fr\/blog\/wp-content\/uploads\/2018\/09\/impression-calendrier-personnalisable-a5-1.jpg 800w, https:\/\/www.jimprimeenfrance.fr\/blog\/wp-content\/uploads\/2018\/09\/impression-calendrier-personnalisable-a5-1-150x150.jpg 150w, https:\/\/www.jimprimeenfrance.fr\/blog\/wp-content\/uploads\/2018\/09\/impression-calendrier-personnalisable-a5-1-300x300.jpg 300w, https:\/\/www.jimprimeenfrance.fr\/blog\/wp-content\/uploads\/2018\/09\/impression-calendrier-personnalisable-a5-1-768x768.jpg 768w, https:\/\/www.jimprimeenfrance.fr\/blog\/wp-content\/uploads\/2018\/09\/impression-calendrier-personnalisable-a5-1-400x400.jpg 400w\" sizes=\"auto, (max-width: 800px) 100vw, 800px\" \/><figcaption id=\"caption-attachment-293\" class=\"wp-caption-text\">Faire un calendrier personnalis\u00e9 gratuit en ligne et \u00eatre livr\u00e9 \u00e0 temps pour le distribuer avant les autres<\/figcaption><\/figure>\n<p style=\"text-align: justify;\">Et cela d\u2019autant plus, qu\u2019il n\u2019est jamais inutile de pouvoir disposer d\u2019\u00e9chantillons avant l\u2019impression finale. C\u2019est \u00e0 cette occasion qu\u2019il est encore possible de revoir le code couleur, bien \u00e9videmment, en rapport avec la charte graphique de l\u2019entreprise ou de remplacer de mauvais clich\u00e9s par d\u2019autres mieux pixellis\u00e9s.<\/p>\n<p>&nbsp;<\/p>\n<p>&nbsp;<\/p>\n<h3 style=\"text-align: justify;\">Modalit\u00e9s de distribution<\/h3>\n<p style=\"text-align: justify;\">Il y a de multiples fa\u00e7ons de remettre un calendrier \u00e0 ses clients ou \u00e0 ses prospects. Cela peut \u00eatre \u00e0 l\u2019occasion d\u2019un rendez-vous, lors d\u2019un \u00e9v\u00e8nement organis\u00e9 par l\u2019entreprise ou pendant un salon professionnel, par exemple.<\/p>\n<p style=\"text-align: justify;\">Cela peut \u00eatre aussi apr\u00e8s un acte d\u2019achat ou dans le cadre d\u2019un CTA (<a href=\"https:\/\/www.definitions-marketing.com\/definition\/call-to-action\/\" target=\"_blank\" rel=\"noopener\">Call To Action<\/a>), il renforce ainsi soit l\u2019acte d\u2019achat, soit l\u2019adh\u00e9sion \u00e0 la promesse de l\u2019entreprise.<\/p>\n<p style=\"text-align: justify;\">Une chose certaine\u00a0: Premier arriv\u00e9, Position assur\u00e9e, comme le veut l&rsquo;acronyme PaPa.<\/p>\n<p style=\"text-align: justify;\">Si votre calendrier est bien fait, s\u2019il respecte les principes d\u2019une cr\u00e9ation efficace et si votre client ou votre prospect le re\u00e7oit en premier, alors, il y a de tr\u00e8s fortes chances pour qu\u2019il n\u2019accorde aucune attention aux autres qu\u2019il recevra dans les jours ou les semaines suivantes.<\/p>\n<p style=\"text-align: justify;\">Il s\u2019agit d\u2019un facteur cl\u00e9 de succ\u00e8s.<\/p>\n<p style=\"text-align: justify;\">Il est imp\u00e9ratif de s\u2019organiser en cons\u00e9quence. Ce n\u2019est pas l\u00e0 une question d\u2019ordre budg\u00e9taire, mais purement organisationnelle. L\u2019op\u00e9ration calendrier 2019 doit \u00eatre programm\u00e9e \u00e0 l\u2019avance et faire l\u2019objet d\u2019un r\u00e9troplanning. Nul doute que celui-ci d\u00e9marre d\u00e8s le mois de septembre.<\/p>\n<p style=\"text-align: justify;\">\u00a0<\/p>\n<h2 style=\"text-align: justify;\"><strong>Dernier conseil \u2026<\/strong><\/h2>\n<p style=\"text-align: justify;\">Profitez donc de votre calendrier 2019 pour faire votre propre calendrier marketing.\u00a0 C&rsquo;est celui sur lequel vous allez inscrire, entre autres, vos futures actions de promotion publicitaire par l\u2019objet. Celui que vous allez \u00e9tablir apr\u00e8s avoir mesur\u00e9 l\u2019impact de vos pr\u00e9c\u00e9dentes actions. Mais peut-\u00eatre l&rsquo;avez-vous d\u00e9j\u00e0 fait &#8230;<\/p>\n<p style=\"text-align: justify;\">Comme l\u2019a \u00e9crit Jay Conrad Levinson, l\u2019auteur c\u00e9l\u00e8bre de\u00a0 <a href=\"http:\/\/gmarketing.com\/\" target=\"_blank\" rel=\"noopener\">Guerrilla Marketing Revolution<\/a>\u00a0 :<\/p>\n<p style=\"text-align: justify;\">\u00a0<\/p>\n<blockquote>\n<p>\u00a0<em>Le marketing n\u2019est pas un \u00e9v\u00e8nement, mais un processus. Il a un d\u00e9but, un milieu, mais jamais une fin.<\/em><\/p>\n<\/blockquote>\n<p style=\"text-align: justify;\">\u00a0<\/p>\n","protected":false},"excerpt":{"rendered":"<p>C\u2019est bient\u00f4t la saison des calendriers 2019. \u00a0Il reste 4 mois avant la nouvelle ann\u00e9e. Ces 4 mois ne vont pas \u00eatre de trop pour r\u00e9fl\u00e9chir au calendrier que vous allez distribuer aupr\u00e8s de vos clients et de vos prospects, pour le cr\u00e9er, l\u2019imprimer et le distribuer au moment voulu. Rappelons que le calendrier est [&hellip;]<\/p>\n","protected":false},"author":4,"featured_media":284,"comment_status":"open","ping_status":"open","sticky":false,"template":"","format":"standard","meta":{"_editorskit_title_hidden":false,"_editorskit_reading_time":0,"_editorskit_is_block_options_detached":false,"_editorskit_block_options_position":"{}","footnotes":""},"categories":[26],"tags":[25,24,23],"class_list":["post-252","post","type-post","status-publish","format-standard","has-post-thumbnail","hentry","category-calendrier","tag-calendrier-2019","tag-calendrier-dentreprise","tag-calendrier-publicitaire"],"yoast_head":"<!-- This site is optimized with the Yoast SEO plugin v27.4 - https:\/\/yoast.com\/product\/yoast-seo-wordpress\/ -->\r\n<title>Comment faire un calendrier personnalis\u00e9 et gratuit en ligne<\/title>\r\n<meta name=\"description\" content=\"Le calendrier publicitaire est un incontournable qui n\u00e9cessite une r\u00e9flexion marketing pour \u00eatre efficace. D\u00e9couvrez-en le cheminement.\" \/>\r\n<meta name=\"robots\" content=\"index, follow, max-snippet:-1, max-image-preview:large, max-video-preview:-1\" \/>\r\n<link rel=\"canonical\" href=\"https:\/\/www.jimprimeenfrance.fr\/blog\/faire-un-calendrier-publicitaire-2019-qui-se-garde-toute-lannee\/\" \/>\r\n<meta property=\"og:locale\" content=\"fr_FR\" \/>\r\n<meta property=\"og:type\" content=\"article\" \/>\r\n<meta property=\"og:title\" content=\"Comment faire un calendrier personnalis\u00e9 et gratuit en ligne\" \/>\r\n<meta property=\"og:description\" content=\"Le calendrier publicitaire est un incontournable qui n\u00e9cessite une r\u00e9flexion marketing pour \u00eatre efficace. D\u00e9couvrez-en le cheminement.\" \/>\r\n<meta property=\"og:url\" content=\"https:\/\/www.jimprimeenfrance.fr\/blog\/faire-un-calendrier-publicitaire-2019-qui-se-garde-toute-lannee\/\" \/>\r\n<meta property=\"og:site_name\" content=\"Votre imprimerie en ligne, le blog\" \/>\r\n<meta property=\"article:publisher\" content=\"https:\/\/www.facebook.com\/PrintBasPrix\" \/>\r\n<meta property=\"article:published_time\" content=\"2018-09-05T06:30:20+00:00\" \/>\r\n<meta property=\"article:modified_time\" content=\"2018-09-19T07:28:04+00:00\" \/>\r\n<meta property=\"og:image\" content=\"https:\/\/www.jimprimeenfrance.fr\/blog\/wp-content\/uploads\/2018\/09\/faire-un-calendrier-publicitaire-2019-qui-se-garde-toute-l-annee.jpg\" \/>\r\n\t<meta property=\"og:image:width\" content=\"1600\" \/>\r\n\t<meta property=\"og:image:height\" content=\"500\" \/>\r\n\t<meta property=\"og:image:type\" content=\"image\/jpeg\" \/>\r\n<meta name=\"author\" content=\"PrintBasPrix Imprimerie en ligne\" \/>\r\n<meta name=\"twitter:card\" content=\"summary_large_image\" \/>\r\n<meta name=\"twitter:creator\" content=\"@PrintBasPrix\" \/>\r\n<meta name=\"twitter:site\" content=\"@PrintBasPrix\" \/>\r\n<meta name=\"twitter:label1\" content=\"\u00c9crit par\" \/>\n\t<meta name=\"twitter:data1\" content=\"PrintBasPrix Imprimerie en ligne\" \/>\n\t<meta name=\"twitter:label2\" content=\"Dur\u00e9e de lecture estim\u00e9e\" \/>\n\t<meta name=\"twitter:data2\" content=\"9 minutes\" \/>\r\n<script type=\"application\/ld+json\" class=\"yoast-schema-graph\">{\"@context\":\"https:\\\/\\\/schema.org\",\"@graph\":[{\"@type\":\"Article\",\"@id\":\"https:\\\/\\\/www.jimprimeenfrance.fr\\\/blog\\\/faire-un-calendrier-publicitaire-2019-qui-se-garde-toute-lannee\\\/#article\",\"isPartOf\":{\"@id\":\"https:\\\/\\\/www.jimprimeenfrance.fr\\\/blog\\\/faire-un-calendrier-publicitaire-2019-qui-se-garde-toute-lannee\\\/\"},\"author\":{\"name\":\"PrintBasPrix Imprimerie en ligne\",\"@id\":\"https:\\\/\\\/www.jimprimeenfrance.fr\\\/blog\\\/#\\\/schema\\\/person\\\/711bdd00fc82a687615940c5ae0b412c\"},\"headline\":\"Faire un calendrier publicitaire 2019 qui se garde toute l&rsquo;ann\u00e9e !\",\"datePublished\":\"2018-09-05T06:30:20+00:00\",\"dateModified\":\"2018-09-19T07:28:04+00:00\",\"mainEntityOfPage\":{\"@id\":\"https:\\\/\\\/www.jimprimeenfrance.fr\\\/blog\\\/faire-un-calendrier-publicitaire-2019-qui-se-garde-toute-lannee\\\/\"},\"wordCount\":1802,\"commentCount\":0,\"publisher\":{\"@id\":\"https:\\\/\\\/www.jimprimeenfrance.fr\\\/blog\\\/#organization\"},\"image\":{\"@id\":\"https:\\\/\\\/www.jimprimeenfrance.fr\\\/blog\\\/faire-un-calendrier-publicitaire-2019-qui-se-garde-toute-lannee\\\/#primaryimage\"},\"thumbnailUrl\":\"https:\\\/\\\/www.jimprimeenfrance.fr\\\/blog\\\/wp-content\\\/uploads\\\/2018\\\/09\\\/faire-un-calendrier-publicitaire-2019-qui-se-garde-toute-l-annee.jpg\",\"keywords\":[\"Calendrier 2019\",\"Calendrier d'entreprise\",\"Calendrier publicitaire\"],\"articleSection\":[\"Calendrier\"],\"inLanguage\":\"fr-FR\",\"potentialAction\":[{\"@type\":\"CommentAction\",\"name\":\"Comment\",\"target\":[\"https:\\\/\\\/www.jimprimeenfrance.fr\\\/blog\\\/faire-un-calendrier-publicitaire-2019-qui-se-garde-toute-lannee\\\/#respond\"]}]},{\"@type\":\"WebPage\",\"@id\":\"https:\\\/\\\/www.jimprimeenfrance.fr\\\/blog\\\/faire-un-calendrier-publicitaire-2019-qui-se-garde-toute-lannee\\\/\",\"url\":\"https:\\\/\\\/www.jimprimeenfrance.fr\\\/blog\\\/faire-un-calendrier-publicitaire-2019-qui-se-garde-toute-lannee\\\/\",\"name\":\"Comment faire un calendrier personnalis\u00e9 et gratuit en ligne\",\"isPartOf\":{\"@id\":\"https:\\\/\\\/www.jimprimeenfrance.fr\\\/blog\\\/#website\"},\"primaryImageOfPage\":{\"@id\":\"https:\\\/\\\/www.jimprimeenfrance.fr\\\/blog\\\/faire-un-calendrier-publicitaire-2019-qui-se-garde-toute-lannee\\\/#primaryimage\"},\"image\":{\"@id\":\"https:\\\/\\\/www.jimprimeenfrance.fr\\\/blog\\\/faire-un-calendrier-publicitaire-2019-qui-se-garde-toute-lannee\\\/#primaryimage\"},\"thumbnailUrl\":\"https:\\\/\\\/www.jimprimeenfrance.fr\\\/blog\\\/wp-content\\\/uploads\\\/2018\\\/09\\\/faire-un-calendrier-publicitaire-2019-qui-se-garde-toute-l-annee.jpg\",\"datePublished\":\"2018-09-05T06:30:20+00:00\",\"dateModified\":\"2018-09-19T07:28:04+00:00\",\"description\":\"Le calendrier publicitaire est un incontournable qui n\u00e9cessite une r\u00e9flexion marketing pour \u00eatre efficace. D\u00e9couvrez-en le cheminement.\",\"breadcrumb\":{\"@id\":\"https:\\\/\\\/www.jimprimeenfrance.fr\\\/blog\\\/faire-un-calendrier-publicitaire-2019-qui-se-garde-toute-lannee\\\/#breadcrumb\"},\"inLanguage\":\"fr-FR\",\"potentialAction\":[{\"@type\":\"ReadAction\",\"target\":[\"https:\\\/\\\/www.jimprimeenfrance.fr\\\/blog\\\/faire-un-calendrier-publicitaire-2019-qui-se-garde-toute-lannee\\\/\"]}]},{\"@type\":\"ImageObject\",\"inLanguage\":\"fr-FR\",\"@id\":\"https:\\\/\\\/www.jimprimeenfrance.fr\\\/blog\\\/faire-un-calendrier-publicitaire-2019-qui-se-garde-toute-lannee\\\/#primaryimage\",\"url\":\"https:\\\/\\\/www.jimprimeenfrance.fr\\\/blog\\\/wp-content\\\/uploads\\\/2018\\\/09\\\/faire-un-calendrier-publicitaire-2019-qui-se-garde-toute-l-annee.jpg\",\"contentUrl\":\"https:\\\/\\\/www.jimprimeenfrance.fr\\\/blog\\\/wp-content\\\/uploads\\\/2018\\\/09\\\/faire-un-calendrier-publicitaire-2019-qui-se-garde-toute-l-annee.jpg\",\"width\":1600,\"height\":500,\"caption\":\"comment faire un calendrier personnalis\u00e9 gratuit en ligne\"},{\"@type\":\"BreadcrumbList\",\"@id\":\"https:\\\/\\\/www.jimprimeenfrance.fr\\\/blog\\\/faire-un-calendrier-publicitaire-2019-qui-se-garde-toute-lannee\\\/#breadcrumb\",\"itemListElement\":[{\"@type\":\"ListItem\",\"position\":1,\"name\":\"Accueil\",\"item\":\"https:\\\/\\\/www.jimprimeenfrance.fr\\\/blog\\\/\"},{\"@type\":\"ListItem\",\"position\":2,\"name\":\"Faire un calendrier publicitaire 2019 qui se garde toute l&rsquo;ann\u00e9e !\"}]},{\"@type\":\"WebSite\",\"@id\":\"https:\\\/\\\/www.jimprimeenfrance.fr\\\/blog\\\/#website\",\"url\":\"https:\\\/\\\/www.jimprimeenfrance.fr\\\/blog\\\/\",\"name\":\"Votre imprimerie en ligne, le blog\",\"description\":\"Impressionnez et faites bonne impression avec nos conseils d&#039;imprimerie online\",\"publisher\":{\"@id\":\"https:\\\/\\\/www.jimprimeenfrance.fr\\\/blog\\\/#organization\"},\"potentialAction\":[{\"@type\":\"SearchAction\",\"target\":{\"@type\":\"EntryPoint\",\"urlTemplate\":\"https:\\\/\\\/www.jimprimeenfrance.fr\\\/blog\\\/?s={search_term_string}\"},\"query-input\":{\"@type\":\"PropertyValueSpecification\",\"valueRequired\":true,\"valueName\":\"search_term_string\"}}],\"inLanguage\":\"fr-FR\"},{\"@type\":\"Organization\",\"@id\":\"https:\\\/\\\/www.jimprimeenfrance.fr\\\/blog\\\/#organization\",\"name\":\"PrintBasPrix - Imprimerie en ligne\",\"url\":\"https:\\\/\\\/www.jimprimeenfrance.fr\\\/blog\\\/\",\"logo\":{\"@type\":\"ImageObject\",\"inLanguage\":\"fr-FR\",\"@id\":\"https:\\\/\\\/www.jimprimeenfrance.fr\\\/blog\\\/#\\\/schema\\\/logo\\\/image\\\/\",\"url\":\"https:\\\/\\\/www.jimprimeenfrance.fr\\\/blog\\\/wp-content\\\/uploads\\\/2018\\\/07\\\/cropped-printbasprix-imprimeur-en-ligne.png\",\"contentUrl\":\"https:\\\/\\\/www.jimprimeenfrance.fr\\\/blog\\\/wp-content\\\/uploads\\\/2018\\\/07\\\/cropped-printbasprix-imprimeur-en-ligne.png\",\"width\":361,\"height\":86,\"caption\":\"PrintBasPrix - Imprimerie en ligne\"},\"image\":{\"@id\":\"https:\\\/\\\/www.jimprimeenfrance.fr\\\/blog\\\/#\\\/schema\\\/logo\\\/image\\\/\"},\"sameAs\":[\"https:\\\/\\\/www.facebook.com\\\/PrintBasPrix\",\"https:\\\/\\\/x.com\\\/PrintBasPrix\",\"https:\\\/\\\/www.instagram.com\\\/printbasprix\\\/\",\"https:\\\/\\\/www.linkedin.com\\\/company\\\/printbasprix\\\/\",\"https:\\\/\\\/www.youtube.com\\\/channel\\\/UC0Ysbd0Gbzzp0yMgrfNQqug\"]},{\"@type\":\"Person\",\"@id\":\"https:\\\/\\\/www.jimprimeenfrance.fr\\\/blog\\\/#\\\/schema\\\/person\\\/711bdd00fc82a687615940c5ae0b412c\",\"name\":\"PrintBasPrix Imprimerie en ligne\",\"image\":{\"@type\":\"ImageObject\",\"inLanguage\":\"fr-FR\",\"@id\":\"https:\\\/\\\/secure.gravatar.com\\\/avatar\\\/e898f6c9f447b2b28a568c2fec45e0fef703b12c4f80de6258e9bcb2e61aaf27?s=96&r=g\",\"url\":\"https:\\\/\\\/secure.gravatar.com\\\/avatar\\\/e898f6c9f447b2b28a568c2fec45e0fef703b12c4f80de6258e9bcb2e61aaf27?s=96&r=g\",\"contentUrl\":\"https:\\\/\\\/secure.gravatar.com\\\/avatar\\\/e898f6c9f447b2b28a568c2fec45e0fef703b12c4f80de6258e9bcb2e61aaf27?s=96&r=g\",\"caption\":\"PrintBasPrix Imprimerie en ligne\"},\"url\":\"https:\\\/\\\/www.jimprimeenfrance.fr\\\/blog\\\/author\\\/printbasprix-imprimerie-en-ligne\\\/\"}]}<\/script>\r\n<!-- \/ Yoast SEO plugin. -->","yoast_head_json":{"title":"Comment faire un calendrier personnalis\u00e9 et gratuit en ligne","description":"Le calendrier publicitaire est un incontournable qui n\u00e9cessite une r\u00e9flexion marketing pour \u00eatre efficace. D\u00e9couvrez-en le cheminement.","robots":{"index":"index","follow":"follow","max-snippet":"max-snippet:-1","max-image-preview":"max-image-preview:large","max-video-preview":"max-video-preview:-1"},"canonical":"https:\/\/www.jimprimeenfrance.fr\/blog\/faire-un-calendrier-publicitaire-2019-qui-se-garde-toute-lannee\/","og_locale":"fr_FR","og_type":"article","og_title":"Comment faire un calendrier personnalis\u00e9 et gratuit en ligne","og_description":"Le calendrier publicitaire est un incontournable qui n\u00e9cessite une r\u00e9flexion marketing pour \u00eatre efficace. D\u00e9couvrez-en le cheminement.","og_url":"https:\/\/www.jimprimeenfrance.fr\/blog\/faire-un-calendrier-publicitaire-2019-qui-se-garde-toute-lannee\/","og_site_name":"Votre imprimerie en ligne, le blog","article_publisher":"https:\/\/www.facebook.com\/PrintBasPrix","article_published_time":"2018-09-05T06:30:20+00:00","article_modified_time":"2018-09-19T07:28:04+00:00","og_image":[{"width":1600,"height":500,"url":"https:\/\/www.jimprimeenfrance.fr\/blog\/wp-content\/uploads\/2018\/09\/faire-un-calendrier-publicitaire-2019-qui-se-garde-toute-l-annee.jpg","type":"image\/jpeg"}],"author":"PrintBasPrix Imprimerie en ligne","twitter_card":"summary_large_image","twitter_creator":"@PrintBasPrix","twitter_site":"@PrintBasPrix","twitter_misc":{"\u00c9crit par":"PrintBasPrix Imprimerie en ligne","Dur\u00e9e de lecture estim\u00e9e":"9 minutes"},"schema":{"@context":"https:\/\/schema.org","@graph":[{"@type":"Article","@id":"https:\/\/www.jimprimeenfrance.fr\/blog\/faire-un-calendrier-publicitaire-2019-qui-se-garde-toute-lannee\/#article","isPartOf":{"@id":"https:\/\/www.jimprimeenfrance.fr\/blog\/faire-un-calendrier-publicitaire-2019-qui-se-garde-toute-lannee\/"},"author":{"name":"PrintBasPrix Imprimerie en ligne","@id":"https:\/\/www.jimprimeenfrance.fr\/blog\/#\/schema\/person\/711bdd00fc82a687615940c5ae0b412c"},"headline":"Faire un calendrier publicitaire 2019 qui se garde toute l&rsquo;ann\u00e9e !","datePublished":"2018-09-05T06:30:20+00:00","dateModified":"2018-09-19T07:28:04+00:00","mainEntityOfPage":{"@id":"https:\/\/www.jimprimeenfrance.fr\/blog\/faire-un-calendrier-publicitaire-2019-qui-se-garde-toute-lannee\/"},"wordCount":1802,"commentCount":0,"publisher":{"@id":"https:\/\/www.jimprimeenfrance.fr\/blog\/#organization"},"image":{"@id":"https:\/\/www.jimprimeenfrance.fr\/blog\/faire-un-calendrier-publicitaire-2019-qui-se-garde-toute-lannee\/#primaryimage"},"thumbnailUrl":"https:\/\/www.jimprimeenfrance.fr\/blog\/wp-content\/uploads\/2018\/09\/faire-un-calendrier-publicitaire-2019-qui-se-garde-toute-l-annee.jpg","keywords":["Calendrier 2019","Calendrier d'entreprise","Calendrier publicitaire"],"articleSection":["Calendrier"],"inLanguage":"fr-FR","potentialAction":[{"@type":"CommentAction","name":"Comment","target":["https:\/\/www.jimprimeenfrance.fr\/blog\/faire-un-calendrier-publicitaire-2019-qui-se-garde-toute-lannee\/#respond"]}]},{"@type":"WebPage","@id":"https:\/\/www.jimprimeenfrance.fr\/blog\/faire-un-calendrier-publicitaire-2019-qui-se-garde-toute-lannee\/","url":"https:\/\/www.jimprimeenfrance.fr\/blog\/faire-un-calendrier-publicitaire-2019-qui-se-garde-toute-lannee\/","name":"Comment faire un calendrier personnalis\u00e9 et gratuit en ligne","isPartOf":{"@id":"https:\/\/www.jimprimeenfrance.fr\/blog\/#website"},"primaryImageOfPage":{"@id":"https:\/\/www.jimprimeenfrance.fr\/blog\/faire-un-calendrier-publicitaire-2019-qui-se-garde-toute-lannee\/#primaryimage"},"image":{"@id":"https:\/\/www.jimprimeenfrance.fr\/blog\/faire-un-calendrier-publicitaire-2019-qui-se-garde-toute-lannee\/#primaryimage"},"thumbnailUrl":"https:\/\/www.jimprimeenfrance.fr\/blog\/wp-content\/uploads\/2018\/09\/faire-un-calendrier-publicitaire-2019-qui-se-garde-toute-l-annee.jpg","datePublished":"2018-09-05T06:30:20+00:00","dateModified":"2018-09-19T07:28:04+00:00","description":"Le calendrier publicitaire est un incontournable qui n\u00e9cessite une r\u00e9flexion marketing pour \u00eatre efficace. D\u00e9couvrez-en le cheminement.","breadcrumb":{"@id":"https:\/\/www.jimprimeenfrance.fr\/blog\/faire-un-calendrier-publicitaire-2019-qui-se-garde-toute-lannee\/#breadcrumb"},"inLanguage":"fr-FR","potentialAction":[{"@type":"ReadAction","target":["https:\/\/www.jimprimeenfrance.fr\/blog\/faire-un-calendrier-publicitaire-2019-qui-se-garde-toute-lannee\/"]}]},{"@type":"ImageObject","inLanguage":"fr-FR","@id":"https:\/\/www.jimprimeenfrance.fr\/blog\/faire-un-calendrier-publicitaire-2019-qui-se-garde-toute-lannee\/#primaryimage","url":"https:\/\/www.jimprimeenfrance.fr\/blog\/wp-content\/uploads\/2018\/09\/faire-un-calendrier-publicitaire-2019-qui-se-garde-toute-l-annee.jpg","contentUrl":"https:\/\/www.jimprimeenfrance.fr\/blog\/wp-content\/uploads\/2018\/09\/faire-un-calendrier-publicitaire-2019-qui-se-garde-toute-l-annee.jpg","width":1600,"height":500,"caption":"comment faire un calendrier personnalis\u00e9 gratuit en ligne"},{"@type":"BreadcrumbList","@id":"https:\/\/www.jimprimeenfrance.fr\/blog\/faire-un-calendrier-publicitaire-2019-qui-se-garde-toute-lannee\/#breadcrumb","itemListElement":[{"@type":"ListItem","position":1,"name":"Accueil","item":"https:\/\/www.jimprimeenfrance.fr\/blog\/"},{"@type":"ListItem","position":2,"name":"Faire un calendrier publicitaire 2019 qui se garde toute l&rsquo;ann\u00e9e !"}]},{"@type":"WebSite","@id":"https:\/\/www.jimprimeenfrance.fr\/blog\/#website","url":"https:\/\/www.jimprimeenfrance.fr\/blog\/","name":"Votre imprimerie en ligne, le blog","description":"Impressionnez et faites bonne impression avec nos conseils d&#039;imprimerie online","publisher":{"@id":"https:\/\/www.jimprimeenfrance.fr\/blog\/#organization"},"potentialAction":[{"@type":"SearchAction","target":{"@type":"EntryPoint","urlTemplate":"https:\/\/www.jimprimeenfrance.fr\/blog\/?s={search_term_string}"},"query-input":{"@type":"PropertyValueSpecification","valueRequired":true,"valueName":"search_term_string"}}],"inLanguage":"fr-FR"},{"@type":"Organization","@id":"https:\/\/www.jimprimeenfrance.fr\/blog\/#organization","name":"PrintBasPrix - Imprimerie en ligne","url":"https:\/\/www.jimprimeenfrance.fr\/blog\/","logo":{"@type":"ImageObject","inLanguage":"fr-FR","@id":"https:\/\/www.jimprimeenfrance.fr\/blog\/#\/schema\/logo\/image\/","url":"https:\/\/www.jimprimeenfrance.fr\/blog\/wp-content\/uploads\/2018\/07\/cropped-printbasprix-imprimeur-en-ligne.png","contentUrl":"https:\/\/www.jimprimeenfrance.fr\/blog\/wp-content\/uploads\/2018\/07\/cropped-printbasprix-imprimeur-en-ligne.png","width":361,"height":86,"caption":"PrintBasPrix - Imprimerie en ligne"},"image":{"@id":"https:\/\/www.jimprimeenfrance.fr\/blog\/#\/schema\/logo\/image\/"},"sameAs":["https:\/\/www.facebook.com\/PrintBasPrix","https:\/\/x.com\/PrintBasPrix","https:\/\/www.instagram.com\/printbasprix\/","https:\/\/www.linkedin.com\/company\/printbasprix\/","https:\/\/www.youtube.com\/channel\/UC0Ysbd0Gbzzp0yMgrfNQqug"]},{"@type":"Person","@id":"https:\/\/www.jimprimeenfrance.fr\/blog\/#\/schema\/person\/711bdd00fc82a687615940c5ae0b412c","name":"PrintBasPrix Imprimerie en ligne","image":{"@type":"ImageObject","inLanguage":"fr-FR","@id":"https:\/\/secure.gravatar.com\/avatar\/e898f6c9f447b2b28a568c2fec45e0fef703b12c4f80de6258e9bcb2e61aaf27?s=96&r=g","url":"https:\/\/secure.gravatar.com\/avatar\/e898f6c9f447b2b28a568c2fec45e0fef703b12c4f80de6258e9bcb2e61aaf27?s=96&r=g","contentUrl":"https:\/\/secure.gravatar.com\/avatar\/e898f6c9f447b2b28a568c2fec45e0fef703b12c4f80de6258e9bcb2e61aaf27?s=96&r=g","caption":"PrintBasPrix Imprimerie en ligne"},"url":"https:\/\/www.jimprimeenfrance.fr\/blog\/author\/printbasprix-imprimerie-en-ligne\/"}]}},"_links":{"self":[{"href":"https:\/\/www.jimprimeenfrance.fr\/blog\/wp-json\/wp\/v2\/posts\/252","targetHints":{"allow":["GET"]}}],"collection":[{"href":"https:\/\/www.jimprimeenfrance.fr\/blog\/wp-json\/wp\/v2\/posts"}],"about":[{"href":"https:\/\/www.jimprimeenfrance.fr\/blog\/wp-json\/wp\/v2\/types\/post"}],"author":[{"embeddable":true,"href":"https:\/\/www.jimprimeenfrance.fr\/blog\/wp-json\/wp\/v2\/users\/4"}],"replies":[{"embeddable":true,"href":"https:\/\/www.jimprimeenfrance.fr\/blog\/wp-json\/wp\/v2\/comments?post=252"}],"version-history":[{"count":16,"href":"https:\/\/www.jimprimeenfrance.fr\/blog\/wp-json\/wp\/v2\/posts\/252\/revisions"}],"predecessor-version":[{"id":364,"href":"https:\/\/www.jimprimeenfrance.fr\/blog\/wp-json\/wp\/v2\/posts\/252\/revisions\/364"}],"wp:featuredmedia":[{"embeddable":true,"href":"https:\/\/www.jimprimeenfrance.fr\/blog\/wp-json\/wp\/v2\/media\/284"}],"wp:attachment":[{"href":"https:\/\/www.jimprimeenfrance.fr\/blog\/wp-json\/wp\/v2\/media?parent=252"}],"wp:term":[{"taxonomy":"category","embeddable":true,"href":"https:\/\/www.jimprimeenfrance.fr\/blog\/wp-json\/wp\/v2\/categories?post=252"},{"taxonomy":"post_tag","embeddable":true,"href":"https:\/\/www.jimprimeenfrance.fr\/blog\/wp-json\/wp\/v2\/tags?post=252"}],"curies":[{"name":"wp","href":"https:\/\/api.w.org\/{rel}","templated":true}]}}