{"id":2493,"date":"2019-07-30T08:30:38","date_gmt":"2019-07-30T06:30:38","guid":{"rendered":"https:\/\/www.jimprimeenfrance.fr\/blog\/?p=2493"},"modified":"2019-07-12T15:41:03","modified_gmt":"2019-07-12T13:41:03","slug":"quelle-meilleure-strategie-communication-ecole-primaire","status":"publish","type":"post","link":"https:\/\/www.jimprimeenfrance.fr\/blog\/quelle-meilleure-strategie-communication-ecole-primaire\/","title":{"rendered":"Quelle est la meilleure strat\u00e9gie de communication pour une \u00e9cole primaire ?"},"content":{"rendered":"<p style=\"text-align: justify;\">Vous \u00eates un groupe scolaire priv\u00e9 et vous cherchez \u00e0 am\u00e9liorer votre communication ? Vous \u00eates au bon endroit.<\/p>\n<p style=\"text-align: justify;\">M\u00eame les \u00e9coles ont besoin d&rsquo;un bon plan marketing pour pouvoir continuer \u00e0 assurer leur mission \u00e9ducative. D\u00e9couvrez comment \u00e9laborer une strat\u00e9gie de communication pour une \u00e9cole primaire qui porte ses fruits.<\/p>\n<p>&nbsp;<\/p>\n<h2 style=\"text-align: justify;\">Pourquoi \u00e9laborer une strat\u00e9gie de communication pour une \u00e9cole primaire ?<\/h2>\n<p style=\"text-align: justify;\">Au premier abord, il peut sembler \u00e9tonnant de devoir communiquer lorsqu&rsquo;on est un groupe scolaire. En effet, l&rsquo;\u00e9ducation est un secteur indispensable dans nos soci\u00e9t\u00e9s : <strong>tous les enfants ont besoin d&rsquo;aller \u00e0 l&rsquo;\u00e9cole.<\/strong> Mais ce n&rsquo;est pas aussi simple&#8230;<\/p>\n<h3 style=\"text-align: justify;\">Le cas des \u00e9coles priv\u00e9es<\/h3>\n<p style=\"text-align: justify;\">Les \u00e9coles priv\u00e9es ont un double d\u00e9fi : convaincre les parents de ne pas inscrire leurs enfants \u00e0 l&rsquo;\u00e9cole publique et les persuader de choisir votre \u00e9cole priv\u00e9e au lieu de la concurrence. On peut <strong>faire le parall\u00e8le avec une entreprise<\/strong> qui a besoin de trouver des clients.<\/p>\n<p style=\"text-align: justify;\">Bien s\u00fbr, le cas d&rsquo;une \u00e9cole est plus complexe. Contrairement \u00e0 un commerce qui souhaite seulement gagner de l&rsquo;argent, un groupe scolaire a une r\u00e9elle <a href=\"http:\/\/proj.siep.be\/le-pro-j\/la-culture-cest-toi\/culture-et-societe\/le-role-de-lecole\/\" target=\"_blank\" rel=\"noopener noreferrer\">utilit\u00e9 publique<\/a>.<\/p>\n<p style=\"text-align: justify;\">Sa mission est une des plus belles qui soit : instruire la nouvelle g\u00e9n\u00e9ration. Un enseignement de qualit\u00e9, des professeurs passionnants, des locaux parfaitement adapt\u00e9s&#8230;<\/p>\n<p style=\"text-align: justify;\">Si vous \u00eates persuad\u00e9 d&rsquo;\u00eatre une bonne \u00e9cole primaire, faites-le savoir ! Une bonne publicit\u00e9 vous am\u00e8nera encore plus d&rsquo;\u00e9l\u00e8ves sur le moyen et le long terme.<\/p>\n<p>&nbsp;<\/p>\n<h3 style=\"text-align: justify;\">Le cas des \u00e9coles publiques<\/h3>\n<p style=\"text-align: justify;\">M\u00eame les \u00e9coles publiques sont concern\u00e9es car elles ont besoin d&rsquo;<strong>avoir une bonne image<\/strong>. Au moment d&#8217;emm\u00e9nager dans un quartier, les parents d&rsquo;enfants se renseignent presque syst\u00e9matiquement sur les \u00e9coles pr\u00e8s de leur zone d&rsquo;habitation.<\/p>\n<p style=\"text-align: justify;\">Certaines familles font m\u00eame du <a href=\"https:\/\/educa-group.com\/choisir-bonne-ecole-primaire\/\" target=\"_blank\" rel=\"noopener noreferrer\">choix de l&rsquo;\u00e9cole<\/a> un crit\u00e8re principal pour s\u00e9lectionner leur futur quartier ! C&rsquo;est dire l&rsquo;importance de l&rsquo;image de votre \u00e9cole primaire aupr\u00e8s de la communaut\u00e9 des parents d&rsquo;\u00e9l\u00e8ves.<\/p>\n<p>&nbsp;<\/p>\n<p style=\"text-align: justify;\">Si les parents fuient votre \u00e9cole car elle a mauvaise r\u00e9putation, vous aurez de moins de moins d&rsquo;enfants dans vos classes. Qui dit manque d&rsquo;effectifs dit r\u00e9duction de budget.<\/p>\n<p style=\"text-align: justify;\">L&rsquo;\u00e9cole perdra en termes d&rsquo;\u00e9quipement, de mat\u00e9riel et de moyens, r\u00e9duisant ainsi la qualit\u00e9 de l&rsquo;\u00e9ducation dispens\u00e9e. Cela ne vous donnera pas une bonne image aupr\u00e8s des parents d&rsquo;\u00e9l\u00e8ves. Un vrai cercle vicieux&#8230;<\/p>\n<p>&nbsp;<\/p>\n<h2 style=\"text-align: justify;\">Faire un plan de strat\u00e9gie de communication pour une \u00e9cole primaire<\/h2>\n<p style=\"text-align: justify;\">Vous \u00eates convaincu de la n\u00e9cessit\u00e9 de communiquer, il faut maintenant d\u00e9finir un plan. Pour cela, ne restez pas seul dans votre coin et <strong>entourez-vous de toute votre \u00e9quipe p\u00e9dagogique<\/strong>.<\/p>\n<p style=\"text-align: justify;\">Ce sont eux qui sont le plus souvent au contact des \u00e9l\u00e8ves et de leurs parents : ils connaissent donc mieux que personne votre cible. Vous pouvez faire appel \u00e0 un consultant ext\u00e9rieur si vous en ressentez le besoin.<\/p>\n<p>&nbsp;<\/p>\n<h3 style=\"text-align: justify;\">Identifier ses objectifs<\/h3>\n<p style=\"text-align: justify;\">Avant de se pencher sur une strat\u00e9gie de communication pour une \u00e9cole primaire, le plus important est de cibler pr\u00e9cis\u00e9ment ses objectifs. Cela peut \u00eatre :<\/p>\n<ul style=\"text-align: justify;\">\n<li>\n<h4>Augmenter les inscriptions annuelles \u00e0 votre \u00e9cole.<\/h4>\n<\/li>\n<li>\n<h4>Renforcer votre communaut\u00e9.<\/h4>\n<\/li>\n<li>\n<h4>Am\u00e9liorer votre image.<\/h4>\n<\/li>\n<li>\n<h4>Demander des dons ou des subventions.<\/h4>\n<\/li>\n<li>\n<h4>Augmenter la participation aux activit\u00e9s extra-scolaires.<\/h4>\n<\/li>\n<li>&#8230;<\/li>\n<\/ul>\n<p style=\"text-align: justify;\">Vous pouvez avoir plusieurs objectifs, mais veillez \u00e0 ne pas trop vous disperser.\u00a0<\/p>\n<p>&nbsp;<\/p>\n<figure id=\"attachment_2511\" aria-describedby=\"caption-attachment-2511\" style=\"width: 640px\" class=\"wp-caption aligncenter\"><img loading=\"lazy\" decoding=\"async\" class=\"wp-image-2511 size-large\" src=\"https:\/\/www.jimprimeenfrance.fr\/blog\/wp-content\/uploads\/2019\/07\/identifier-ses-objectifs-1024x731.jpg\" alt=\"Le\u00e7on de communication pour \u00e9cole primaire\" width=\"640\" height=\"457\" srcset=\"https:\/\/www.jimprimeenfrance.fr\/blog\/wp-content\/uploads\/2019\/07\/identifier-ses-objectifs-1024x731.jpg 1024w, https:\/\/www.jimprimeenfrance.fr\/blog\/wp-content\/uploads\/2019\/07\/identifier-ses-objectifs-300x214.jpg 300w, https:\/\/www.jimprimeenfrance.fr\/blog\/wp-content\/uploads\/2019\/07\/identifier-ses-objectifs-768x548.jpg 768w, https:\/\/www.jimprimeenfrance.fr\/blog\/wp-content\/uploads\/2019\/07\/identifier-ses-objectifs.jpg 1200w\" sizes=\"auto, (max-width: 640px) 100vw, 640px\" \/><figcaption id=\"caption-attachment-2511\" class=\"wp-caption-text\">Le\u00e7on et objectif de communication pour \u00e9cole primaire<\/figcaption><\/figure>\n<p>&nbsp;<\/p>\n<p style=\"text-align: justify;\">Une fois que vous avez identifi\u00e9 vos buts, r\u00e9fl\u00e9chissez au temps dont vous disposez pour chacun. Si vous ouvrez une activit\u00e9 th\u00e9\u00e2tre \u00e0 la rentr\u00e9e, vous avez jusqu&rsquo;\u00e0 septembre pour attirer des petits com\u00e9diens en herbe.<\/p>\n<p style=\"text-align: justify;\">Si vous voulez augmenter le taux d&rsquo;inscription \u00e0 l&rsquo;\u00e9cole, tablez sur une p\u00e9riode d&rsquo;au moins deux ans pour voir des r\u00e9sultats. Vous avez un objectif difficile \u00e0 quantifier, comme cr\u00e9er une communaut\u00e9 de parents par exemple ?<\/p>\n<p style=\"text-align: justify;\">Misez sur du long terme : trois ans minimum. Il vous faudra ensuite vous <strong>fixer des mini-objectifs<\/strong> au c\u0153ur de cette t\u00e2che : augmenter le nombre d&rsquo;abonn\u00e9s \u00e0 la <a href=\"https:\/\/fr.sendinblue.com\/blog\/creer-une-newsletter\/\" target=\"_blank\" rel=\"noopener noreferrer\">newsletter<\/a>, cr\u00e9er une tombola d&rsquo;ici l&rsquo;an prochain&#8230;<\/p>\n<p>&nbsp;<\/p>\n<h3 style=\"text-align: justify;\">Cr\u00e9er des persona<\/h3>\n<p style=\"text-align: justify;\">Une strat\u00e9gie bien connue dans le monde de l&rsquo;entreprise consiste \u00e0 <a href=\"https:\/\/www.marketing-strategie.fr\/2018\/01\/08\/personas-marketing-construire\/\" target=\"_blank\" rel=\"noopener noreferrer\">cr\u00e9er des persona<\/a>. Dans le monde du marketing, ce sont des personnes fictives qui symbolisent la cible \u00e0 atteindre.<\/p>\n<p style=\"text-align: justify;\">Par exemple, le persona repr\u00e9sentatif pour une \u00e9cole priv\u00e9e peut \u00eatre : Carine, 35 ans, maman d&rsquo;un petit gar\u00e7on de 7 ans, cat\u00e9gorie socio-professionnelle ais\u00e9e, etc.<\/p>\n<p style=\"text-align: justify;\">Cr\u00e9er des persona vous aidera \u00e0 comprendre qui sont pr\u00e9cis\u00e9ment vos \u00ab\u00a0clients\u00a0\u00bb et ce qu&rsquo;ils recherchent en priorit\u00e9 (un cadre \u00e9panouissant pour leurs enfants, la possibilit\u00e9 de cours bilingues, &#8230;). Pour cr\u00e9er vos persona, faites un <strong>portrait-robot des parents d&rsquo;\u00e9l\u00e8ves<\/strong> en examinant leurs caract\u00e9ristiques.<\/p>\n<p style=\"text-align: justify;\">Exemple : 60% des parents sont \u00e2g\u00e9s de 30 \u00e0 35 ans, 35% d&rsquo;entre eux sont cadre, 40% d&rsquo;entre eux ont plus d&rsquo;un enfant&#8230;<\/p>\n<p>&nbsp;<\/p>\n<h3 style=\"text-align: justify;\">Evaluer ses ressources<\/h3>\n<p style=\"text-align: justify;\">Il vous reste enfin \u00e0 \u00e9valuer le plus objectivement possible les ressources dont vous disposez. Vous allez s\u00fbrement devoir investir dans des moyens financiers ou dans des moyens humains pour mener \u00e0 bien votre strat\u00e9gie de communication pour une \u00e9cole primaire.<\/p>\n<p style=\"text-align: justify;\">M\u00eame si vous essayez de faire le maximum de choses par vous-m\u00eame, dites-vous qu&rsquo;il est souvent plus int\u00e9ressant de <strong>faire appel \u00e0 un professionnel<\/strong>. Un <a href=\"https:\/\/www.jimprimeenfrance.fr\/blog\/designer-graphiste-infographiste-difference\/\" target=\"_blank\" rel=\"noopener noreferrer\">infographiste<\/a> saura cr\u00e9er de belles affiches, un d\u00e9veloppeur \u00e9laborer un site internet de qualit\u00e9 et un copywriter concevoir une strat\u00e9gie d&rsquo;<a href=\"https:\/\/blog.hubspot.fr\/inbound-marketing-information\" target=\"_blank\" rel=\"noopener noreferrer\">inbound marketing<\/a>.<\/p>\n<p style=\"text-align: justify;\">Sachez donc reconna\u00eetre les comp\u00e9tences que vous poss\u00e9dez et celles qui n\u00e9cessitent de faire appel \u00e0 un professionnel.<\/p>\n<p>&nbsp;<\/p>\n<figure id=\"attachment_2512\" aria-describedby=\"caption-attachment-2512\" style=\"width: 640px\" class=\"wp-caption aligncenter\"><img loading=\"lazy\" decoding=\"async\" class=\"wp-image-2512 size-large\" src=\"https:\/\/www.jimprimeenfrance.fr\/blog\/wp-content\/uploads\/2019\/07\/celui-qui-ouvre-une-porte-d-ecole-ferme-une-prison-1024x731.jpg\" alt=\"Celui qui ouvre une porte d'\u00e9cole ferme celle d'une prison\" width=\"640\" height=\"457\" srcset=\"https:\/\/www.jimprimeenfrance.fr\/blog\/wp-content\/uploads\/2019\/07\/celui-qui-ouvre-une-porte-d-ecole-ferme-une-prison-1024x731.jpg 1024w, https:\/\/www.jimprimeenfrance.fr\/blog\/wp-content\/uploads\/2019\/07\/celui-qui-ouvre-une-porte-d-ecole-ferme-une-prison-300x214.jpg 300w, https:\/\/www.jimprimeenfrance.fr\/blog\/wp-content\/uploads\/2019\/07\/celui-qui-ouvre-une-porte-d-ecole-ferme-une-prison-768x548.jpg 768w, https:\/\/www.jimprimeenfrance.fr\/blog\/wp-content\/uploads\/2019\/07\/celui-qui-ouvre-une-porte-d-ecole-ferme-une-prison.jpg 1200w\" sizes=\"auto, (max-width: 640px) 100vw, 640px\" \/><figcaption id=\"caption-attachment-2512\" class=\"wp-caption-text\">La bonne \u00e9ducation est primordiale, communiquez-le.<\/figcaption><\/figure>\n<p style=\"text-align: justify;\">\u00a0<\/p>\n<blockquote>\n<p><em>\u00ab\u00a0Celui qui ouvre une porte d&rsquo;\u00e9cole ferme une prison\u00a0\u00bb\u00a0<\/em><\/p>\n<\/blockquote>\n<p><em> Victor Hugo<\/em><\/p>\n<h2 style=\"text-align: justify;\">\u00a0<\/h2>\n<h2 style=\"text-align: justify;\">La meilleure strat\u00e9gie de communication pour une \u00e9cole primaire\u00a0<\/h2>\n<p style=\"text-align: justify;\">Voici les id\u00e9es les plus int\u00e9ressantes pour faire conna\u00eetre son \u00e9cole primaire, qu&rsquo;elle soit publique ou priv\u00e9e.<\/p>\n<h3 style=\"text-align: justify;\">Axer sur ses points forts<\/h3>\n<p style=\"text-align: justify;\">Vous devez absolument miser sur ce qui vous diff\u00e9rencie des autres \u00e9coles. Pourquoi les parents veulent inscrire vos enfants dans votre \u00e9cole et pas une autre ?<\/p>\n<p style=\"text-align: justify;\">Certaines de vos caract\u00e9ristiques doivent certainement peser dans la balance :<\/p>\n<ul style=\"text-align: justify;\">\n<li>\n<h4>Une sp\u00e9cialit\u00e9<\/h4>\n<\/li>\n<\/ul>\n<p style=\"text-align: justify;\">Vous \u00eates une \u00e9cole bilingue, vous organisez des spectacles de th\u00e9\u00e2tre, vous emmenez les enfants faire de la voile&#8230; ? Si vous proposez une option originale, il faut absolument le faire savoir. Vous devez m\u00eame en faire votre argument principal, ou au moins un de vos meilleurs arguments.\u00a0<\/p>\n<p>&nbsp;<\/p>\n<ul style=\"text-align: justify;\">\n<li>\n<h4>Une m\u00e9thode p\u00e9dagogique\u00a0<\/h4>\n<\/li>\n<\/ul>\n<p style=\"text-align: justify;\">P\u00e9dagogie Freinet, Montessori, Steiner&#8230; Il existe de multiples mani\u00e8res d&rsquo;enseigner \u00e0 des enfants.<\/p>\n<p style=\"text-align: justify;\">Certaines \u00e9coles se sont sp\u00e9cialis\u00e9es dans une p\u00e9dagogie en particulier. Si c&rsquo;est votre cas, \u00e0 vous d&rsquo;expliquer aux parents en quoi cette m\u00e9thode d&rsquo;apprentissage est la meilleure pour leur prog\u00e9niture.<\/p>\n<p>&nbsp;<\/p>\n<ul style=\"text-align: justify;\">\n<li>\n<h4>Un cadre et une \u00e9quipe enseignante\u00a0<\/h4>\n<\/li>\n<\/ul>\n<p style=\"text-align: justify;\">Votre \u00e9cole est tr\u00e8s bien situ\u00e9e, vous avez des locaux parfaitement am\u00e9nag\u00e9s pour les enfants ? Faites-en un atout.<\/p>\n<p style=\"text-align: justify;\">De m\u00eame, si vos enseignants sont particuli\u00e8rement passionn\u00e9s et comp\u00e9tents, vous devez mettre en valeur leur savoir-faire dans l&rsquo;enseignement. Laissez-leur la parole, ce sont les mieux plac\u00e9s pour faire la publicit\u00e9 de votre \u00e9cole.<\/p>\n<p>&nbsp;<\/p>\n<h3 style=\"text-align: justify;\">Imprimer sa communication sur des supports print<\/h3>\n<p style=\"text-align: justify;\">Pour faire votre publicit\u00e9, l&rsquo;id\u00e9al est de miser sur des <strong>supports papier<\/strong>. Ne choisissez pas le format <a href=\"https:\/\/www.jimprimeenfrance.fr\/blog\/astuces-impression-reussir-flyers\/\" target=\"_blank\" rel=\"noopener noreferrer\">flyer<\/a>, bien trop petit, mais optez plut\u00f4t pour le format <a href=\"https:\/\/www.jimprimeenfrance.fr\/blog\/definition-brochure\/\" target=\"_blank\" rel=\"noopener noreferrer\">brochure<\/a> ou d\u00e9pliant.<\/p>\n<p style=\"text-align: justify;\">Vous aurez plus de place pour d\u00e9tailler toutes les informations utiles sur votre \u00e9cole primaire. Vous pouvez ensuite distribuer vos brochures ou vos d\u00e9pliants dans votre quartier.<\/p>\n<p>&nbsp;<\/p>\n<figure id=\"attachment_2515\" aria-describedby=\"caption-attachment-2515\" style=\"width: 640px\" class=\"wp-caption aligncenter\"><img loading=\"lazy\" decoding=\"async\" class=\"wp-image-2515 size-large\" src=\"https:\/\/www.jimprimeenfrance.fr\/blog\/wp-content\/uploads\/2019\/07\/imprimer-des-supports-print-1024x731.jpg\" alt=\"communication \u00e9cole primaire avec l'impression d'un livre d'accueil\" width=\"640\" height=\"457\" srcset=\"https:\/\/www.jimprimeenfrance.fr\/blog\/wp-content\/uploads\/2019\/07\/imprimer-des-supports-print-1024x731.jpg 1024w, https:\/\/www.jimprimeenfrance.fr\/blog\/wp-content\/uploads\/2019\/07\/imprimer-des-supports-print-300x214.jpg 300w, https:\/\/www.jimprimeenfrance.fr\/blog\/wp-content\/uploads\/2019\/07\/imprimer-des-supports-print-768x548.jpg 768w, https:\/\/www.jimprimeenfrance.fr\/blog\/wp-content\/uploads\/2019\/07\/imprimer-des-supports-print.jpg 1200w\" sizes=\"auto, (max-width: 640px) 100vw, 640px\" \/><figcaption id=\"caption-attachment-2515\" class=\"wp-caption-text\">Soignez votre communication avec l&rsquo;impression d&rsquo;un livre d&rsquo;accueil<\/figcaption><\/figure>\n<p>&nbsp;<\/p>\n<p style=\"text-align: justify;\">Les affiches sont aussi un excellent moyen de communiquer. En tant qu&rsquo;\u00e9cole, vous devez cr\u00e9er une <a href=\"https:\/\/www.jimprimeenfrance.fr\/blog\/12-secrets-affiche-publicitaire-creative\/\" target=\"_blank\" rel=\"noopener noreferrer\">affiche cr\u00e9ative<\/a> qui laisse transpara\u00eetre aussi bien votre s\u00e9rieux que votre enthousiasme.<\/p>\n<p style=\"text-align: justify;\">N&rsquo;h\u00e9sitez pas \u00e0 faire preuve d&rsquo;originalit\u00e9 : pourquoi ne pas demander \u00e0 des enfants de dessiner votre affiche ? Cela lui donnera un c\u00f4t\u00e9 adorable et tr\u00e8s authentique.<\/p>\n<p>&nbsp;<\/p>\n<p style=\"text-align: justify;\">Vos affiches peuvent \u00eatre appos\u00e9es sur les murs de votre \u00e9cole, dans les centres a\u00e9r\u00e9s, les clubs de sport, les commerces et associations du quartier&#8230;<\/p>\n<p>&nbsp;<\/p>\n<p style=\"text-align: justify;\">Une autre bonne id\u00e9e consiste \u00e0 faire du <strong>street-marketing.<\/strong> Vous pouvez par exemple inclure vos \u00e9l\u00e8ves dans un grand projet artistique : r\u00e9aliser une fresque sur un des murs ext\u00e9rieurs de l&rsquo;\u00e9cole.<\/p>\n<p style=\"text-align: justify;\">N&rsquo;oubliez pas non plus d&rsquo;inclure les <strong>m\u00e9dias locaux<\/strong> en leur demandant de venir vous interviewer ou d&rsquo;\u00e9crire un petit article sur les efforts que fait votre \u00e9cole pour le bien-\u00eatre des \u00e9coliers.<\/p>\n<p>&nbsp;<\/p>\n<h3 style=\"text-align: justify;\">Cr\u00e9er une communaut\u00e9<\/h3>\n<p style=\"text-align: justify;\">Cr\u00e9er et animer une communaut\u00e9 est une des meilleures m\u00e9thodes pour faire parler de votre \u00e9cole. Trouvez des occasions pour <strong>rassembler les parents<\/strong> autour de leur principal centre d&rsquo;int\u00e9r\u00eat : le bonheur de leurs enfants.<\/p>\n<p style=\"text-align: justify;\">Vous pouvez organiser des pots, inviter les parents \u00e0 participer \u00e0 des classes vertes ou \u00e0 des animations&#8230; N&rsquo;h\u00e9sitez pas non plus \u00e0 <a href=\"https:\/\/www.ionos.fr\/digitalguide\/sites-internet\/creation-de-sites-internet\/creer-un-forum-comment-ca-fonctionne\/\" target=\"_blank\" rel=\"noopener noreferrer\">cr\u00e9er un forum<\/a> ou une page Facebook o\u00f9 vous pourrez communiquer avec les parents.<\/p>\n<p style=\"text-align: justify;\">C&rsquo;est l&rsquo;occasion pour eux de sympathiser entre eux et de renforcer ainsi la communaut\u00e9 de votre \u00e9cole : la meilleure des publicit\u00e9s !<\/p>\n<p>&nbsp;<\/p>\n<h3 style=\"text-align: justify;\">Organiser un \u00e9v\u00e9nement<\/h3>\n<p style=\"text-align: justify;\">Organiser une journ\u00e9e portes ouvertes est une excellente <a href=\"https:\/\/www.jimprimeenfrance.fr\/blog\/comment-marche-publicite-online-offline-2019\/\" target=\"_blank\" rel=\"noopener noreferrer\">publicit\u00e9<\/a> pour faire parler de votre \u00e9cole. Les enfants auront \u00e9norm\u00e9ment de plaisir \u00e0 faire visiter leur classe et leur cour de r\u00e9cr\u00e9ation et les parents pourront d\u00e9couvrir les lieux.<\/p>\n<p style=\"text-align: justify;\">Instaurez une ambiance conviviale pour montrer \u00e0 quel point votre \u00e9cole est un lieu de vie chaleureux.<\/p>\n<figure id=\"attachment_2513\" aria-describedby=\"caption-attachment-2513\" style=\"width: 640px\" class=\"wp-caption aligncenter\"><img loading=\"lazy\" decoding=\"async\" class=\"wp-image-2513 size-large\" src=\"https:\/\/www.jimprimeenfrance.fr\/blog\/wp-content\/uploads\/2019\/07\/organiser-un-evenement-1024x731.jpg\" alt=\"journ\u00e9e porte ouverte \u00e9cole primaire\" width=\"640\" height=\"457\" srcset=\"https:\/\/www.jimprimeenfrance.fr\/blog\/wp-content\/uploads\/2019\/07\/organiser-un-evenement-1024x731.jpg 1024w, https:\/\/www.jimprimeenfrance.fr\/blog\/wp-content\/uploads\/2019\/07\/organiser-un-evenement-300x214.jpg 300w, https:\/\/www.jimprimeenfrance.fr\/blog\/wp-content\/uploads\/2019\/07\/organiser-un-evenement-768x548.jpg 768w, https:\/\/www.jimprimeenfrance.fr\/blog\/wp-content\/uploads\/2019\/07\/organiser-un-evenement.jpg 1200w\" sizes=\"auto, (max-width: 640px) 100vw, 640px\" \/><figcaption id=\"caption-attachment-2513\" class=\"wp-caption-text\">Organisez une journ\u00e9e porte ouverte de votre \u00e9cole<\/figcaption><\/figure>\n<p style=\"text-align: justify;\">Vous devriez aussi <strong>cr\u00e9er des \u00e9v\u00e9nements tout au long de l&rsquo;ann\u00e9e<\/strong> : le concert de la chorale de l&rsquo;\u00e9cole, un vide-grenier destin\u00e9 aux jouets des enfants, un voyage scolaire&#8230; Cela montre que votre \u00e9cole est dynamique et fait des projets.<\/p>\n<p style=\"text-align: justify;\">\u00a0<\/p>\n<blockquote>\n<p><em>\u00ab\u00a0Ne demandez pas \u00e0 l&rsquo;\u00e9cole de vous donner des frissons, demandez-lui plut\u00f4t de vous \u00e9tonner\u00a0\u00bb <\/em><\/p>\n<\/blockquote>\n<p><em>Andr\u00e9 Levy, universitaire et sinologue<\/em><\/p>\n<p style=\"text-align: justify;\">\u00a0<\/p>\n<p style=\"text-align: justify;\">Une strat\u00e9gie de communication pour une \u00e9cole primaire se fait sur du long terme, mais porte toujours ses fruits !<\/p>\n","protected":false},"excerpt":{"rendered":"<p>Vous \u00eates un groupe scolaire priv\u00e9 et vous cherchez \u00e0 am\u00e9liorer votre communication ? Vous \u00eates au bon endroit. M\u00eame les \u00e9coles ont besoin d&rsquo;un bon plan marketing pour pouvoir continuer \u00e0 assurer leur mission \u00e9ducative. D\u00e9couvrez comment \u00e9laborer une strat\u00e9gie de communication pour une \u00e9cole primaire qui porte ses fruits. &nbsp; Pourquoi \u00e9laborer une [&hellip;]<\/p>\n","protected":false},"author":4,"featured_media":2509,"comment_status":"open","ping_status":"open","sticky":false,"template":"","format":"standard","meta":{"_editorskit_title_hidden":false,"_editorskit_reading_time":0,"_editorskit_is_block_options_detached":false,"_editorskit_block_options_position":"{}","footnotes":""},"categories":[54],"tags":[211,210,86],"class_list":["post-2493","post","type-post","status-publish","format-standard","has-post-thumbnail","hentry","category-marketing","tag-communication-ecoles","tag-communication-ecoles-primaires","tag-strategie-de-communication"],"yoast_head":"<!-- This site is optimized with the Yoast SEO plugin v27.5 - https:\/\/yoast.com\/product\/yoast-seo-wordpress\/ -->\r\n<title>Quelle strat\u00e9gie de communication pour une \u00e9cole primaire ?<\/title>\r\n<meta name=\"description\" content=\"M\u00eame les groupes scolaires ont besoin de se faire conna\u00eetre. D\u00e9couvrez comment cr\u00e9er une strat\u00e9gie de communication pour une \u00e9cole primaire.\" \/>\r\n<meta name=\"robots\" content=\"index, follow, max-snippet:-1, max-image-preview:large, max-video-preview:-1\" \/>\r\n<link rel=\"canonical\" href=\"https:\/\/www.jimprimeenfrance.fr\/blog\/quelle-meilleure-strategie-communication-ecole-primaire\/\" \/>\r\n<meta property=\"og:locale\" content=\"fr_FR\" \/>\r\n<meta property=\"og:type\" content=\"article\" \/>\r\n<meta property=\"og:title\" content=\"Quelle strat\u00e9gie de communication pour une \u00e9cole primaire ?\" \/>\r\n<meta property=\"og:description\" content=\"M\u00eame les groupes scolaires ont besoin de se faire conna\u00eetre. D\u00e9couvrez comment cr\u00e9er une strat\u00e9gie de communication pour une \u00e9cole primaire.\" \/>\r\n<meta property=\"og:url\" content=\"https:\/\/www.jimprimeenfrance.fr\/blog\/quelle-meilleure-strategie-communication-ecole-primaire\/\" \/>\r\n<meta property=\"og:site_name\" content=\"Votre imprimerie en ligne, le blog\" \/>\r\n<meta property=\"article:publisher\" content=\"https:\/\/www.facebook.com\/PrintBasPrix\" \/>\r\n<meta property=\"article:published_time\" content=\"2019-07-30T06:30:38+00:00\" \/>\r\n<meta property=\"og:image\" content=\"https:\/\/www.jimprimeenfrance.fr\/blog\/wp-content\/uploads\/2019\/07\/quelle-est-la-meilleure-strategie-de-communication-pour-une-ecole-primaire.jpg\" \/>\r\n\t<meta property=\"og:image:width\" content=\"1600\" \/>\r\n\t<meta property=\"og:image:height\" content=\"500\" \/>\r\n\t<meta property=\"og:image:type\" content=\"image\/jpeg\" \/>\r\n<meta name=\"author\" content=\"PrintBasPrix Imprimerie en ligne\" \/>\r\n<meta name=\"twitter:card\" content=\"summary_large_image\" \/>\r\n<meta name=\"twitter:creator\" content=\"@PrintBasPrix\" \/>\r\n<meta name=\"twitter:site\" content=\"@PrintBasPrix\" \/>\r\n<meta name=\"twitter:label1\" content=\"\u00c9crit par\" \/>\n\t<meta name=\"twitter:data1\" content=\"PrintBasPrix Imprimerie en ligne\" \/>\n\t<meta name=\"twitter:label2\" content=\"Dur\u00e9e de lecture estim\u00e9e\" \/>\n\t<meta name=\"twitter:data2\" content=\"9 minutes\" \/>\r\n<script type=\"application\/ld+json\" class=\"yoast-schema-graph\">{\"@context\":\"https:\\\/\\\/schema.org\",\"@graph\":[{\"@type\":\"Article\",\"@id\":\"https:\\\/\\\/www.jimprimeenfrance.fr\\\/blog\\\/quelle-meilleure-strategie-communication-ecole-primaire\\\/#article\",\"isPartOf\":{\"@id\":\"https:\\\/\\\/www.jimprimeenfrance.fr\\\/blog\\\/quelle-meilleure-strategie-communication-ecole-primaire\\\/\"},\"author\":{\"name\":\"PrintBasPrix Imprimerie en ligne\",\"@id\":\"https:\\\/\\\/www.jimprimeenfrance.fr\\\/blog\\\/#\\\/schema\\\/person\\\/711bdd00fc82a687615940c5ae0b412c\"},\"headline\":\"Quelle est la meilleure strat\u00e9gie de communication pour une \u00e9cole primaire ?\",\"datePublished\":\"2019-07-30T06:30:38+00:00\",\"mainEntityOfPage\":{\"@id\":\"https:\\\/\\\/www.jimprimeenfrance.fr\\\/blog\\\/quelle-meilleure-strategie-communication-ecole-primaire\\\/\"},\"wordCount\":1786,\"commentCount\":2,\"publisher\":{\"@id\":\"https:\\\/\\\/www.jimprimeenfrance.fr\\\/blog\\\/#organization\"},\"image\":{\"@id\":\"https:\\\/\\\/www.jimprimeenfrance.fr\\\/blog\\\/quelle-meilleure-strategie-communication-ecole-primaire\\\/#primaryimage\"},\"thumbnailUrl\":\"https:\\\/\\\/www.jimprimeenfrance.fr\\\/blog\\\/wp-content\\\/uploads\\\/2019\\\/07\\\/quelle-est-la-meilleure-strategie-de-communication-pour-une-ecole-primaire.jpg\",\"keywords\":[\"communication \u00e9coles\",\"communication \u00e9coles primaires\",\"strat\u00e9gie de communication\"],\"articleSection\":[\"Marketing\"],\"inLanguage\":\"fr-FR\",\"potentialAction\":[{\"@type\":\"CommentAction\",\"name\":\"Comment\",\"target\":[\"https:\\\/\\\/www.jimprimeenfrance.fr\\\/blog\\\/quelle-meilleure-strategie-communication-ecole-primaire\\\/#respond\"]}]},{\"@type\":\"WebPage\",\"@id\":\"https:\\\/\\\/www.jimprimeenfrance.fr\\\/blog\\\/quelle-meilleure-strategie-communication-ecole-primaire\\\/\",\"url\":\"https:\\\/\\\/www.jimprimeenfrance.fr\\\/blog\\\/quelle-meilleure-strategie-communication-ecole-primaire\\\/\",\"name\":\"Quelle strat\u00e9gie de communication pour une \u00e9cole primaire ?\",\"isPartOf\":{\"@id\":\"https:\\\/\\\/www.jimprimeenfrance.fr\\\/blog\\\/#website\"},\"primaryImageOfPage\":{\"@id\":\"https:\\\/\\\/www.jimprimeenfrance.fr\\\/blog\\\/quelle-meilleure-strategie-communication-ecole-primaire\\\/#primaryimage\"},\"image\":{\"@id\":\"https:\\\/\\\/www.jimprimeenfrance.fr\\\/blog\\\/quelle-meilleure-strategie-communication-ecole-primaire\\\/#primaryimage\"},\"thumbnailUrl\":\"https:\\\/\\\/www.jimprimeenfrance.fr\\\/blog\\\/wp-content\\\/uploads\\\/2019\\\/07\\\/quelle-est-la-meilleure-strategie-de-communication-pour-une-ecole-primaire.jpg\",\"datePublished\":\"2019-07-30T06:30:38+00:00\",\"description\":\"M\u00eame les groupes scolaires ont besoin de se faire conna\u00eetre. D\u00e9couvrez comment cr\u00e9er une strat\u00e9gie de communication pour une \u00e9cole primaire.\",\"breadcrumb\":{\"@id\":\"https:\\\/\\\/www.jimprimeenfrance.fr\\\/blog\\\/quelle-meilleure-strategie-communication-ecole-primaire\\\/#breadcrumb\"},\"inLanguage\":\"fr-FR\",\"potentialAction\":[{\"@type\":\"ReadAction\",\"target\":[\"https:\\\/\\\/www.jimprimeenfrance.fr\\\/blog\\\/quelle-meilleure-strategie-communication-ecole-primaire\\\/\"]}]},{\"@type\":\"ImageObject\",\"inLanguage\":\"fr-FR\",\"@id\":\"https:\\\/\\\/www.jimprimeenfrance.fr\\\/blog\\\/quelle-meilleure-strategie-communication-ecole-primaire\\\/#primaryimage\",\"url\":\"https:\\\/\\\/www.jimprimeenfrance.fr\\\/blog\\\/wp-content\\\/uploads\\\/2019\\\/07\\\/quelle-est-la-meilleure-strategie-de-communication-pour-une-ecole-primaire.jpg\",\"contentUrl\":\"https:\\\/\\\/www.jimprimeenfrance.fr\\\/blog\\\/wp-content\\\/uploads\\\/2019\\\/07\\\/quelle-est-la-meilleure-strategie-de-communication-pour-une-ecole-primaire.jpg\",\"width\":1600,\"height\":500,\"caption\":\"quelle est la meilleure strat\u00e9gie de communication pour une \u00e9cole primaire\"},{\"@type\":\"BreadcrumbList\",\"@id\":\"https:\\\/\\\/www.jimprimeenfrance.fr\\\/blog\\\/quelle-meilleure-strategie-communication-ecole-primaire\\\/#breadcrumb\",\"itemListElement\":[{\"@type\":\"ListItem\",\"position\":1,\"name\":\"Accueil\",\"item\":\"https:\\\/\\\/www.jimprimeenfrance.fr\\\/blog\\\/\"},{\"@type\":\"ListItem\",\"position\":2,\"name\":\"Quelle est la meilleure strat\u00e9gie de communication pour une \u00e9cole primaire ?\"}]},{\"@type\":\"WebSite\",\"@id\":\"https:\\\/\\\/www.jimprimeenfrance.fr\\\/blog\\\/#website\",\"url\":\"https:\\\/\\\/www.jimprimeenfrance.fr\\\/blog\\\/\",\"name\":\"Votre imprimerie en ligne, le blog\",\"description\":\"Impressionnez et faites bonne impression avec nos conseils d&#039;imprimerie online\",\"publisher\":{\"@id\":\"https:\\\/\\\/www.jimprimeenfrance.fr\\\/blog\\\/#organization\"},\"potentialAction\":[{\"@type\":\"SearchAction\",\"target\":{\"@type\":\"EntryPoint\",\"urlTemplate\":\"https:\\\/\\\/www.jimprimeenfrance.fr\\\/blog\\\/?s={search_term_string}\"},\"query-input\":{\"@type\":\"PropertyValueSpecification\",\"valueRequired\":true,\"valueName\":\"search_term_string\"}}],\"inLanguage\":\"fr-FR\"},{\"@type\":\"Organization\",\"@id\":\"https:\\\/\\\/www.jimprimeenfrance.fr\\\/blog\\\/#organization\",\"name\":\"PrintBasPrix - Imprimerie en ligne\",\"url\":\"https:\\\/\\\/www.jimprimeenfrance.fr\\\/blog\\\/\",\"logo\":{\"@type\":\"ImageObject\",\"inLanguage\":\"fr-FR\",\"@id\":\"https:\\\/\\\/www.jimprimeenfrance.fr\\\/blog\\\/#\\\/schema\\\/logo\\\/image\\\/\",\"url\":\"https:\\\/\\\/www.jimprimeenfrance.fr\\\/blog\\\/wp-content\\\/uploads\\\/2018\\\/07\\\/cropped-printbasprix-imprimeur-en-ligne.png\",\"contentUrl\":\"https:\\\/\\\/www.jimprimeenfrance.fr\\\/blog\\\/wp-content\\\/uploads\\\/2018\\\/07\\\/cropped-printbasprix-imprimeur-en-ligne.png\",\"width\":361,\"height\":86,\"caption\":\"PrintBasPrix - Imprimerie en ligne\"},\"image\":{\"@id\":\"https:\\\/\\\/www.jimprimeenfrance.fr\\\/blog\\\/#\\\/schema\\\/logo\\\/image\\\/\"},\"sameAs\":[\"https:\\\/\\\/www.facebook.com\\\/PrintBasPrix\",\"https:\\\/\\\/x.com\\\/PrintBasPrix\",\"https:\\\/\\\/www.instagram.com\\\/printbasprix\\\/\",\"https:\\\/\\\/www.linkedin.com\\\/company\\\/printbasprix\\\/\",\"https:\\\/\\\/www.youtube.com\\\/channel\\\/UC0Ysbd0Gbzzp0yMgrfNQqug\"]},{\"@type\":\"Person\",\"@id\":\"https:\\\/\\\/www.jimprimeenfrance.fr\\\/blog\\\/#\\\/schema\\\/person\\\/711bdd00fc82a687615940c5ae0b412c\",\"name\":\"PrintBasPrix Imprimerie en ligne\",\"image\":{\"@type\":\"ImageObject\",\"inLanguage\":\"fr-FR\",\"@id\":\"https:\\\/\\\/secure.gravatar.com\\\/avatar\\\/e898f6c9f447b2b28a568c2fec45e0fef703b12c4f80de6258e9bcb2e61aaf27?s=96&r=g\",\"url\":\"https:\\\/\\\/secure.gravatar.com\\\/avatar\\\/e898f6c9f447b2b28a568c2fec45e0fef703b12c4f80de6258e9bcb2e61aaf27?s=96&r=g\",\"contentUrl\":\"https:\\\/\\\/secure.gravatar.com\\\/avatar\\\/e898f6c9f447b2b28a568c2fec45e0fef703b12c4f80de6258e9bcb2e61aaf27?s=96&r=g\",\"caption\":\"PrintBasPrix Imprimerie en ligne\"},\"url\":\"https:\\\/\\\/www.jimprimeenfrance.fr\\\/blog\\\/author\\\/printbasprix-imprimerie-en-ligne\\\/\"}]}<\/script>\r\n<!-- \/ Yoast SEO plugin. -->","yoast_head_json":{"title":"Quelle strat\u00e9gie de communication pour une \u00e9cole primaire ?","description":"M\u00eame les groupes scolaires ont besoin de se faire conna\u00eetre. D\u00e9couvrez comment cr\u00e9er une strat\u00e9gie de communication pour une \u00e9cole primaire.","robots":{"index":"index","follow":"follow","max-snippet":"max-snippet:-1","max-image-preview":"max-image-preview:large","max-video-preview":"max-video-preview:-1"},"canonical":"https:\/\/www.jimprimeenfrance.fr\/blog\/quelle-meilleure-strategie-communication-ecole-primaire\/","og_locale":"fr_FR","og_type":"article","og_title":"Quelle strat\u00e9gie de communication pour une \u00e9cole primaire ?","og_description":"M\u00eame les groupes scolaires ont besoin de se faire conna\u00eetre. D\u00e9couvrez comment cr\u00e9er une strat\u00e9gie de communication pour une \u00e9cole primaire.","og_url":"https:\/\/www.jimprimeenfrance.fr\/blog\/quelle-meilleure-strategie-communication-ecole-primaire\/","og_site_name":"Votre imprimerie en ligne, le blog","article_publisher":"https:\/\/www.facebook.com\/PrintBasPrix","article_published_time":"2019-07-30T06:30:38+00:00","og_image":[{"width":1600,"height":500,"url":"https:\/\/www.jimprimeenfrance.fr\/blog\/wp-content\/uploads\/2019\/07\/quelle-est-la-meilleure-strategie-de-communication-pour-une-ecole-primaire.jpg","type":"image\/jpeg"}],"author":"PrintBasPrix Imprimerie en ligne","twitter_card":"summary_large_image","twitter_creator":"@PrintBasPrix","twitter_site":"@PrintBasPrix","twitter_misc":{"\u00c9crit par":"PrintBasPrix Imprimerie en ligne","Dur\u00e9e de lecture estim\u00e9e":"9 minutes"},"schema":{"@context":"https:\/\/schema.org","@graph":[{"@type":"Article","@id":"https:\/\/www.jimprimeenfrance.fr\/blog\/quelle-meilleure-strategie-communication-ecole-primaire\/#article","isPartOf":{"@id":"https:\/\/www.jimprimeenfrance.fr\/blog\/quelle-meilleure-strategie-communication-ecole-primaire\/"},"author":{"name":"PrintBasPrix Imprimerie en ligne","@id":"https:\/\/www.jimprimeenfrance.fr\/blog\/#\/schema\/person\/711bdd00fc82a687615940c5ae0b412c"},"headline":"Quelle est la meilleure strat\u00e9gie de communication pour une \u00e9cole primaire ?","datePublished":"2019-07-30T06:30:38+00:00","mainEntityOfPage":{"@id":"https:\/\/www.jimprimeenfrance.fr\/blog\/quelle-meilleure-strategie-communication-ecole-primaire\/"},"wordCount":1786,"commentCount":2,"publisher":{"@id":"https:\/\/www.jimprimeenfrance.fr\/blog\/#organization"},"image":{"@id":"https:\/\/www.jimprimeenfrance.fr\/blog\/quelle-meilleure-strategie-communication-ecole-primaire\/#primaryimage"},"thumbnailUrl":"https:\/\/www.jimprimeenfrance.fr\/blog\/wp-content\/uploads\/2019\/07\/quelle-est-la-meilleure-strategie-de-communication-pour-une-ecole-primaire.jpg","keywords":["communication \u00e9coles","communication \u00e9coles primaires","strat\u00e9gie de communication"],"articleSection":["Marketing"],"inLanguage":"fr-FR","potentialAction":[{"@type":"CommentAction","name":"Comment","target":["https:\/\/www.jimprimeenfrance.fr\/blog\/quelle-meilleure-strategie-communication-ecole-primaire\/#respond"]}]},{"@type":"WebPage","@id":"https:\/\/www.jimprimeenfrance.fr\/blog\/quelle-meilleure-strategie-communication-ecole-primaire\/","url":"https:\/\/www.jimprimeenfrance.fr\/blog\/quelle-meilleure-strategie-communication-ecole-primaire\/","name":"Quelle strat\u00e9gie de communication pour une \u00e9cole primaire ?","isPartOf":{"@id":"https:\/\/www.jimprimeenfrance.fr\/blog\/#website"},"primaryImageOfPage":{"@id":"https:\/\/www.jimprimeenfrance.fr\/blog\/quelle-meilleure-strategie-communication-ecole-primaire\/#primaryimage"},"image":{"@id":"https:\/\/www.jimprimeenfrance.fr\/blog\/quelle-meilleure-strategie-communication-ecole-primaire\/#primaryimage"},"thumbnailUrl":"https:\/\/www.jimprimeenfrance.fr\/blog\/wp-content\/uploads\/2019\/07\/quelle-est-la-meilleure-strategie-de-communication-pour-une-ecole-primaire.jpg","datePublished":"2019-07-30T06:30:38+00:00","description":"M\u00eame les groupes scolaires ont besoin de se faire conna\u00eetre. D\u00e9couvrez comment cr\u00e9er une strat\u00e9gie de communication pour une \u00e9cole primaire.","breadcrumb":{"@id":"https:\/\/www.jimprimeenfrance.fr\/blog\/quelle-meilleure-strategie-communication-ecole-primaire\/#breadcrumb"},"inLanguage":"fr-FR","potentialAction":[{"@type":"ReadAction","target":["https:\/\/www.jimprimeenfrance.fr\/blog\/quelle-meilleure-strategie-communication-ecole-primaire\/"]}]},{"@type":"ImageObject","inLanguage":"fr-FR","@id":"https:\/\/www.jimprimeenfrance.fr\/blog\/quelle-meilleure-strategie-communication-ecole-primaire\/#primaryimage","url":"https:\/\/www.jimprimeenfrance.fr\/blog\/wp-content\/uploads\/2019\/07\/quelle-est-la-meilleure-strategie-de-communication-pour-une-ecole-primaire.jpg","contentUrl":"https:\/\/www.jimprimeenfrance.fr\/blog\/wp-content\/uploads\/2019\/07\/quelle-est-la-meilleure-strategie-de-communication-pour-une-ecole-primaire.jpg","width":1600,"height":500,"caption":"quelle est la meilleure strat\u00e9gie de communication pour une \u00e9cole primaire"},{"@type":"BreadcrumbList","@id":"https:\/\/www.jimprimeenfrance.fr\/blog\/quelle-meilleure-strategie-communication-ecole-primaire\/#breadcrumb","itemListElement":[{"@type":"ListItem","position":1,"name":"Accueil","item":"https:\/\/www.jimprimeenfrance.fr\/blog\/"},{"@type":"ListItem","position":2,"name":"Quelle est la meilleure strat\u00e9gie de communication pour une \u00e9cole primaire ?"}]},{"@type":"WebSite","@id":"https:\/\/www.jimprimeenfrance.fr\/blog\/#website","url":"https:\/\/www.jimprimeenfrance.fr\/blog\/","name":"Votre imprimerie en ligne, le blog","description":"Impressionnez et faites bonne impression avec nos conseils d&#039;imprimerie online","publisher":{"@id":"https:\/\/www.jimprimeenfrance.fr\/blog\/#organization"},"potentialAction":[{"@type":"SearchAction","target":{"@type":"EntryPoint","urlTemplate":"https:\/\/www.jimprimeenfrance.fr\/blog\/?s={search_term_string}"},"query-input":{"@type":"PropertyValueSpecification","valueRequired":true,"valueName":"search_term_string"}}],"inLanguage":"fr-FR"},{"@type":"Organization","@id":"https:\/\/www.jimprimeenfrance.fr\/blog\/#organization","name":"PrintBasPrix - Imprimerie en ligne","url":"https:\/\/www.jimprimeenfrance.fr\/blog\/","logo":{"@type":"ImageObject","inLanguage":"fr-FR","@id":"https:\/\/www.jimprimeenfrance.fr\/blog\/#\/schema\/logo\/image\/","url":"https:\/\/www.jimprimeenfrance.fr\/blog\/wp-content\/uploads\/2018\/07\/cropped-printbasprix-imprimeur-en-ligne.png","contentUrl":"https:\/\/www.jimprimeenfrance.fr\/blog\/wp-content\/uploads\/2018\/07\/cropped-printbasprix-imprimeur-en-ligne.png","width":361,"height":86,"caption":"PrintBasPrix - Imprimerie en ligne"},"image":{"@id":"https:\/\/www.jimprimeenfrance.fr\/blog\/#\/schema\/logo\/image\/"},"sameAs":["https:\/\/www.facebook.com\/PrintBasPrix","https:\/\/x.com\/PrintBasPrix","https:\/\/www.instagram.com\/printbasprix\/","https:\/\/www.linkedin.com\/company\/printbasprix\/","https:\/\/www.youtube.com\/channel\/UC0Ysbd0Gbzzp0yMgrfNQqug"]},{"@type":"Person","@id":"https:\/\/www.jimprimeenfrance.fr\/blog\/#\/schema\/person\/711bdd00fc82a687615940c5ae0b412c","name":"PrintBasPrix Imprimerie en ligne","image":{"@type":"ImageObject","inLanguage":"fr-FR","@id":"https:\/\/secure.gravatar.com\/avatar\/e898f6c9f447b2b28a568c2fec45e0fef703b12c4f80de6258e9bcb2e61aaf27?s=96&r=g","url":"https:\/\/secure.gravatar.com\/avatar\/e898f6c9f447b2b28a568c2fec45e0fef703b12c4f80de6258e9bcb2e61aaf27?s=96&r=g","contentUrl":"https:\/\/secure.gravatar.com\/avatar\/e898f6c9f447b2b28a568c2fec45e0fef703b12c4f80de6258e9bcb2e61aaf27?s=96&r=g","caption":"PrintBasPrix Imprimerie en ligne"},"url":"https:\/\/www.jimprimeenfrance.fr\/blog\/author\/printbasprix-imprimerie-en-ligne\/"}]}},"_links":{"self":[{"href":"https:\/\/www.jimprimeenfrance.fr\/blog\/wp-json\/wp\/v2\/posts\/2493","targetHints":{"allow":["GET"]}}],"collection":[{"href":"https:\/\/www.jimprimeenfrance.fr\/blog\/wp-json\/wp\/v2\/posts"}],"about":[{"href":"https:\/\/www.jimprimeenfrance.fr\/blog\/wp-json\/wp\/v2\/types\/post"}],"author":[{"embeddable":true,"href":"https:\/\/www.jimprimeenfrance.fr\/blog\/wp-json\/wp\/v2\/users\/4"}],"replies":[{"embeddable":true,"href":"https:\/\/www.jimprimeenfrance.fr\/blog\/wp-json\/wp\/v2\/comments?post=2493"}],"version-history":[{"count":19,"href":"https:\/\/www.jimprimeenfrance.fr\/blog\/wp-json\/wp\/v2\/posts\/2493\/revisions"}],"predecessor-version":[{"id":2525,"href":"https:\/\/www.jimprimeenfrance.fr\/blog\/wp-json\/wp\/v2\/posts\/2493\/revisions\/2525"}],"wp:featuredmedia":[{"embeddable":true,"href":"https:\/\/www.jimprimeenfrance.fr\/blog\/wp-json\/wp\/v2\/media\/2509"}],"wp:attachment":[{"href":"https:\/\/www.jimprimeenfrance.fr\/blog\/wp-json\/wp\/v2\/media?parent=2493"}],"wp:term":[{"taxonomy":"category","embeddable":true,"href":"https:\/\/www.jimprimeenfrance.fr\/blog\/wp-json\/wp\/v2\/categories?post=2493"},{"taxonomy":"post_tag","embeddable":true,"href":"https:\/\/www.jimprimeenfrance.fr\/blog\/wp-json\/wp\/v2\/tags?post=2493"}],"curies":[{"name":"wp","href":"https:\/\/api.w.org\/{rel}","templated":true}]}}