{"id":1711,"date":"2019-04-14T08:30:47","date_gmt":"2019-04-14T06:30:47","guid":{"rendered":"https:\/\/www.jimprimeenfrance.fr\/blog\/?p=1711"},"modified":"2019-04-12T10:35:10","modified_gmt":"2019-04-12T08:35:10","slug":"flyer-campagne-electorale-comment-faire","status":"publish","type":"post","link":"https:\/\/www.jimprimeenfrance.fr\/blog\/flyer-campagne-electorale-comment-faire\/","title":{"rendered":"Flyer pour campagne \u00e9lectorale : comment faire ?"},"content":{"rendered":"<p style=\"text-align: justify;\">Les prochaines \u00e9lections d\u00e9marrent une s\u00e9quence \u00e9lectorale qui se terminera avec les \u00e9lections l\u00e9gislatives de 2022. A partir de ce mois, et jusqu&rsquo;au terme de cette s\u00e9quence, des \u00e9lections auront lieu chaque ann\u00e9e.<\/p>\n<p style=\"text-align: justify;\">A l&rsquo;heure d&rsquo;\u00e9crire ces lignes, la campagne pour les europ\u00e9ennes est en cours. \u00c0 moins d&rsquo;un an des prochaines \u00e9lections municipales, la p\u00e9riode \u00e9lectorale s&rsquo;ouvre \u00e9galement pour celles-ci.<\/p>\n<p style=\"text-align: justify;\">Et, beaucoup d&rsquo;\u00e9quipes de candidats commencent \u00e0 se mobiliser. Qu&rsquo;elles d\u00e9tiennent ou non l&rsquo;ex\u00e9cutif d&rsquo;une municipalit\u00e9.<\/p>\n<p style=\"text-align: justify;\">D&rsquo;ores et d\u00e9j\u00e0, il convient pour ces \u00e9quipes de mettre au point leur campagne de communication. Incontestablement, le fait de <a href=\"https:\/\/www.jimprimeenfrance.fr\/impression-flyer-personnalisable\" target=\"_blank\" rel=\"noopener noreferrer\">cr\u00e9er un flyer<\/a> pour campagne \u00e9lectorale y occupe une place majeure. Mais, sa conception ne s&rsquo;improvise pas.<\/p>\n<p style=\"text-align: justify;\">De<strong> nombreuses r\u00e8gles<\/strong> l&rsquo;encadrent et le non-respect de certaines peut conduire \u00e0 l&rsquo;invalidation d&rsquo;une \u00e9lection. Par ailleurs, la sp\u00e9cificit\u00e9 de ce type de flyer impose \u00e0 ses concepteurs qu&rsquo;ils aient un certain sens du marketing politique.<\/p>\n<p style=\"text-align: justify;\"><strong>Huit r\u00e8gles d&rsquo;or<\/strong> r\u00e9sument les contraintes propres au flyer pour campagne \u00e9lectorale, \u00e0 la fois d&rsquo;un point de vue r\u00e9glementaire et marketing.<\/p>\n<p>&nbsp;<\/p>\n<h2>Ouverture de la p\u00e9riode \u00e9lectorale pour les municipales 2020.<\/h2>\n<p style=\"text-align: justify;\">On ne connait pas encore pr\u00e9cis\u00e9ment les dates pour les prochaines \u00e9lections municipales. Il a \u00e9t\u00e9 question, pendant un moment, de les repousser d&rsquo;un an.<\/p>\n<p style=\"text-align: justify;\">Mais, un tel report se serait traduit par un t\u00e9lescopage avec d&rsquo;autres \u00e9lections locales. Les \u00e9lections d\u00e9partementales et r\u00e9gionales doivent, en effet, avoir lieu en 2021. Cette question n&rsquo;est donc plus d&rsquo;actualit\u00e9 et les \u00e9lections municipales auront bien lieu en 2020. Et les \u00e9lections s\u00e9natoriales devraient suivre au mois de septembre de la m\u00eame ann\u00e9e. C&rsquo;est ce qu&rsquo;indiquent les <a href=\"https:\/\/www.service-public.fr\/particuliers\/vosdroits\/F1939\" target=\"_blank\" rel=\"noopener noreferrer\">services du Premier Ministre<\/a>.<\/p>\n<p>&nbsp;<\/p>\n<p style=\"text-align: justify;\">Les derni\u00e8res \u00e9lections municipales se sont d\u00e9roul\u00e9es les 23 et 30 mars 2014. Le mandat \u00e9tant de 6 ans, les prochaines \u00e9lections peuvent donc avoir lieu les 22 et 29 mars 2020. Le code \u00e9lectoral pr\u00e9voit que la p\u00e9riode \u00e9lectorale d\u00e9bute l&rsquo;ann\u00e9e pr\u00e9c\u00e9dant le premier jour du mois de l&rsquo;\u00e9lection.<\/p>\n<p style=\"text-align: justify;\">Par cons\u00e9quent, dans l&rsquo;hypoth\u00e8se o\u00f9 les dates des 22 et 29 mars se confirment, la p\u00e9riode \u00e9lectorale pour les municipales 2020 est ouverte depuis le 1er mars 2019. Il est donc temps pour les candidats de se pr\u00e9parer \u00e0 ces diff\u00e9rentes \u00e9ch\u00e9ances. A commencer par les prochaines municipales et les prochaines s\u00e9natoriales.<\/p>\n<p>&nbsp;<\/p>\n<h2>Huit r\u00e8gles d&rsquo;or pour cr\u00e9er et utiliser un flyer pour campagne \u00e9lectorale<\/h2>\n<p>Les deux premi\u00e8res r\u00e8gles d&rsquo;or se rapportent aux conditions r\u00e9glementaires de cr\u00e9ation d&rsquo;un flyer pour campagne \u00e9lectorale, les trois suivantes \u00e0 sa conception, et les trois derni\u00e8res \u00e0 son utilisation.<\/p>\n<h3>Cadre r\u00e9glementaire de cr\u00e9ation d&rsquo;un flyer pour campagne \u00e9lectorale :<\/h3>\n<h4>Ne pas oublier les mentions obligatoires<\/h4>\n<p>Tout flyer, autrement dit, toute \u00ab\u00a0feuille volante\u00a0\u00bb, doit <strong>comporter des mentions obligatoires.\u00a0<\/strong> Ces mentions obligatoires ou mentions l\u00e9gales sont de deux sortes :<\/p>\n<ul>\n<li style=\"text-align: justify;\">La premi\u00e8re cat\u00e9gorie concerne les mentions pr\u00e9cisant le nom et l&rsquo;adresse de l&rsquo;imprimeur, compl\u00e9t\u00e9s par la forme sociale et le num\u00e9ro de RCS, pr\u00e9c\u00e9d\u00e9s de la phrase\u00a0 \u00ab\u00a0imprim\u00e9 par\u00a0\u00bb, ainsi que de l&rsquo;\u00e9diteur, ou donneur d&rsquo;ordre. Si ce dernier est \u00e9galement l&rsquo;imprimeur, le flyer doit le pr\u00e9ciser en y ajoutant la mention \u00ab\u00a0imprim\u00e9 par nos soins\u00a0\u00bb.\u00a0 Une <strong>amende de 3750 \u20ac<\/strong> peut en sanctionner l&rsquo;absence.<\/li>\n<\/ul>\n<p>&nbsp;<\/p>\n<ul>\n<li style=\"text-align: justify;\">La deuxi\u00e8me cat\u00e9gorie concerne les mentions qui se rapportent au respect du code de l&rsquo;environnement. C&rsquo;est la raison pour laquelle, l&rsquo;\u00e9diteur du flyer doit indiquer , par exemple,\u00a0 les mentions \u00ab\u00a0ne pas jeter sur la voie publique\u00a0\u00bb, \u00ab\u00a0imprim\u00e9 sur du papier recycl\u00e9\u00a0\u00bb ou \u00ab\u00a0imprim\u00e9 sur du <a href=\"https:\/\/www.pefc-france.org\/articles\/papier-certifie-garantie-contre-la-deforestation\/\" target=\"_blank\" rel=\"noopener noreferrer\">papier PEFC<\/a>\u00ab\u00a0. Une amende de 750 \u20ac sanctionne les manquements \u00e0 cette <strong>obligation<\/strong>.<\/li>\n<\/ul>\n<p>&nbsp;<\/p>\n<h4>Respecter l&rsquo;usage des trois couleurs<\/h4>\n<p style=\"text-align: justify;\">A ces obligations, s&rsquo;ajoutent deux obligations pour un flyer de campagne \u00e9lectorale. En effet, la loi interdit l&rsquo;\u00e9criture noire sur fond blanc.<\/p>\n<p style=\"text-align: justify;\">Cette pr\u00e9sentation est r\u00e9serv\u00e9e \u00e0 l&rsquo;administration publique. Par ailleurs, hormis pour le logo de parti, la loi restreint l<strong>&lsquo;usage des trois couleurs,<\/strong> bleu, blanc, rouge. Si elle autorise cet usage pour les tracts, elle ne l&rsquo;autorise pas pour les circulaires ou les affiches.<\/p>\n<p style=\"text-align: justify;\">L&#8217;emploi non r\u00e9glementaire de ces couleurs peut entra\u00eener l&rsquo;invalidation de l&rsquo;\u00e9lection ou le non-remboursement des frais de campagne. Le contr\u00f4le exerc\u00e9 par les<a href=\"https:\/\/www.francetvinfo.fr\/elections\/municipales\/municipales-un-candidat-oblige-de-retoucher-sa-profession-de-foi_552021.html\" target=\"_blank\" rel=\"noopener noreferrer\"> commissions de propagande \u00e9lectorale<\/a> peut \u00eatre tr\u00e8s restrictif comme le montre, par exemple, les difficult\u00e9s rencontr\u00e9es par le maire de Linas, en 2014.<\/p>\n<p>&nbsp;<\/p>\n<h3>Conception d&rsquo;un tract ou d&rsquo;un d\u00e9pliant pour campagne \u00e9lectorale :<\/h3>\n<p>L&rsquo;\u00e9laboration d&rsquo;un flyer pour campagne \u00e9lectorale suppose que les candidats choisissent un format, un contenu, et un design graphique.<\/p>\n<h4>Choisir le bon format selon le type d&rsquo;\u00e9lection<\/h4>\n<p style=\"text-align: justify;\">Le flyer peut prendre la forme d&rsquo;un tract ou d&rsquo;un <a href=\"https:\/\/www.jimprimeenfrance.fr\/impression-depliant\" target=\"_blank\" rel=\"noopener noreferrer\">d\u00e9pliant<\/a>. Le choix entre l&rsquo;une ou l&rsquo;autre forme d\u00e9pend largement de celui de la photo des candidats.<\/p>\n<p>&nbsp;<\/p>\n<p>&nbsp;<\/p>\n<p><img loading=\"lazy\" decoding=\"async\" class=\"aligncenter size-large wp-image-1904\" src=\"https:\/\/www.jimprimeenfrance.fr\/blog\/wp-content\/uploads\/2019\/04\/conception-d-un-tract-ou-d-un-depliant-pour-campagne-electorale-1024x731.jpg\" alt=\"\" width=\"640\" height=\"457\" srcset=\"https:\/\/www.jimprimeenfrance.fr\/blog\/wp-content\/uploads\/2019\/04\/conception-d-un-tract-ou-d-un-depliant-pour-campagne-electorale-1024x731.jpg 1024w, https:\/\/www.jimprimeenfrance.fr\/blog\/wp-content\/uploads\/2019\/04\/conception-d-un-tract-ou-d-un-depliant-pour-campagne-electorale-300x214.jpg 300w, https:\/\/www.jimprimeenfrance.fr\/blog\/wp-content\/uploads\/2019\/04\/conception-d-un-tract-ou-d-un-depliant-pour-campagne-electorale-768x548.jpg 768w, https:\/\/www.jimprimeenfrance.fr\/blog\/wp-content\/uploads\/2019\/04\/conception-d-un-tract-ou-d-un-depliant-pour-campagne-electorale.jpg 1200w\" sizes=\"auto, (max-width: 640px) 100vw, 640px\" \/><\/p>\n<p>&nbsp;<\/p>\n<p style=\"text-align: justify;\">Par cons\u00e9quent, le type de l&rsquo;\u00e9lection est d\u00e9terminant. En effet, les \u00e9lections se r\u00e9partissent entre \u00e9lections uninominales et plurinominales. Les \u00e9lections municipales sont des \u00e9lections plurinominales, alors que les \u00e9lections s\u00e9natoriales, par exemple, sont des \u00e9lections uninominales.<\/p>\n<p>&nbsp;<\/p>\n<p style=\"text-align: justify;\">Dans le premier cas, plusieurs personnes sont \u00e9lues en m\u00eame temps, dans le second, une seule. \u00c9videmment, pour une \u00e9lection municipale, la photo de tous les candidats est n\u00e9cessaire.<\/p>\n<p style=\"text-align: justify;\">Chacun apporte son cr\u00e9dit politique. Un d\u00e9pliant sera sans doute le plus appropri\u00e9 au moment de la pr\u00e9sentation de la liste.<\/p>\n<p style=\"text-align: justify;\">Ajoutons que les photos utilis\u00e9es doivent avoir fait l&rsquo;<strong>objet d&rsquo;une autorisation<\/strong>. C&rsquo;est pour le pr\u00e9ciser que figure en l\u00e9gende la mention \u00ab\u00a0cr\u00e9dits photo xxx \u00ab\u00a0.<\/p>\n<p>&nbsp;<\/p>\n<h4>Adapter le contenu aux temps forts de la campagne \u00e9lectorale<\/h4>\n<p style=\"text-align: justify;\">Un seul flyer pour toute la campagne \u00e9lectorale n&rsquo;est pas s\u00e9rieux. Une avalanche de flyers ne l&rsquo;est pas davantage.<\/p>\n<p style=\"text-align: justify;\">Il convient donc de bien choisir la th\u00e9matique du flyer \u00e9lectoral en fonction des moments. Indiscutablement, il y a, notamment, le moment de la pr\u00e9sentation de la liste, puis celui de son programme d\u00e9taill\u00e9, et enfin, celui de ses r\u00e9actions aux actions des \u00e9quipes adverses.<\/p>\n<p style=\"text-align: justify;\">Bien s\u00fbr, ces r\u00e9actions ne peuvent avoir un caract\u00e8re injurieux ou diffamatoire.<\/p>\n<p>A noter que les \u00e9quipes en place ne peuvent accro\u00eetre ou modifier sensiblement leur communication habituelle \u00e0 partir du premier jour du 6\u00e8me mois pr\u00e9c\u00e9dent le jour de l&rsquo;\u00e9lection, comme le pr\u00e9cise l&rsquo;<a href=\"https:\/\/www.legifrance.gouv.fr\/affichCodeArticle.do?idArticle=LEGIARTI000006353105&amp;cidTexte=LEGITEXT000006070239\" target=\"_blank\" rel=\"noopener noreferrer\">article L 152-1 du code \u00e9lectoral<\/a>.<\/p>\n<p>&nbsp;<\/p>\n<h4>Retenir un design graphique en phase avec ses valeurs<\/h4>\n<p style=\"text-align: justify;\">C&rsquo;est \u00e0 ce stade qu&rsquo;un flyer pour campagne \u00e9lectorale peut s&rsquo;inspirer le plus d&rsquo;un flyer commercial. Les valeurs promues dans le cadre de la campagne doivent pouvoir \u00eatre illustr\u00e9es commod\u00e9ment, gr\u00e2ce \u00e0 :<\/p>\n<ul>\n<li style=\"text-align: justify;\">Leur r\u00e9partition sur les diff\u00e9rents volets du flyer.<\/li>\n<li style=\"text-align: justify;\">La proportion entre l&rsquo;\u00e9crit et le visuel.<\/li>\n<li style=\"text-align: justify;\">Le style de la mise en page ou le recours aux avis d&rsquo;\u00e9lecteurs.<\/li>\n<\/ul>\n<p>Une pr\u00e9paration pr\u00e9alable sur maquette est donc plut\u00f4t utile.<\/p>\n<p style=\"text-align: justify;\">Pr\u00e9cisons que, comme un flyer commercial, un flyer \u00e9lectoral se conclut aussi par un \u00ab\u00a0Call To Action\u00a0\u00bb (CTA), autrement dit un appel \u00e0 l&rsquo;action, en l&rsquo;occurrence \u00ab\u00a0Votez pour xxx \u00ab\u00a0. Un site comme PrintBasPrix fournit de bons exemples de format et gr\u00e2ce \u00e0 son <a href=\"https:\/\/www.jimprimeenfrance.fr\/Infos\/Creation\" target=\"_blank\" rel=\"noopener noreferrer\">studio graphique<\/a> peut constituer un solide appui \u00e0 une campagne \u00e9lectorale.<\/p>\n<p style=\"text-align: justify;\">A noter que les flyers \u00e9lectoraux sont soumis \u00e0 la m\u00eame r\u00e9glementation que les flyers commerciaux en mati\u00e8re d&#8217;emploi de mots \u00e9trangers. La loi n\u00b094-665 dite Toubon du 4\/8\/1994 dispose que les documents promotionnels destin\u00e9s au grand public doivent se faire en fran\u00e7ais et que tout mot \u00e9tranger doit s&rsquo;accompagner de sa traduction. Le non-respect de cette obligation peut faire l&rsquo;objet d&rsquo;une amende de 750 \u20ac.<\/p>\n<p>&nbsp;<\/p>\n<h3>Les contraintes li\u00e9es \u00e0 l&rsquo;utilisation d&rsquo;un flyer \u00e9lectoral<\/h3>\n<p>Elles sont de trois sortes, deux sont d&rsquo;ordre <strong>r\u00e9glementaire<\/strong> et la troisi\u00e8me est li\u00e9e aux fondamentaux du <strong>marketing politique<\/strong>.<\/p>\n<p>&nbsp;<\/p>\n<h4>Respecter le code de la route et les arr\u00eat\u00e9s municipaux ou pr\u00e9fectoraux<\/h4>\n<p style=\"text-align: justify;\">On a tendance \u00e0 l&rsquo;oublier, mais de nombreux cas de verbalisation ne concernent pas la conduite proprement dite, mais l&rsquo;usage qui peut \u00eatre fait du domaine public. Ainsi, l&rsquo;<a href=\"https:\/\/www.jimprimeenfrance.fr\/blog\/\" target=\"_blank\" rel=\"noopener noreferrer\">article R 412 -52 du code de la route<\/a> dispose que la distribution de tracts ou de prospectus aux conducteurs ou aux occupants de v\u00e9hicules circulant sur une voie publique est interdite et peut faire l&rsquo;objet d&rsquo;une amende de quatri\u00e8me classe.<\/p>\n<p>&nbsp;<\/p>\n<p><img loading=\"lazy\" decoding=\"async\" class=\"aligncenter size-large wp-image-1906\" src=\"https:\/\/www.jimprimeenfrance.fr\/blog\/wp-content\/uploads\/2019\/04\/respecter-le-code-de-la-route-et-les-arretes-municipaux-ou-prefectoraux-1024x731.jpg\" alt=\"\" width=\"640\" height=\"457\" srcset=\"https:\/\/www.jimprimeenfrance.fr\/blog\/wp-content\/uploads\/2019\/04\/respecter-le-code-de-la-route-et-les-arretes-municipaux-ou-prefectoraux-1024x731.jpg 1024w, https:\/\/www.jimprimeenfrance.fr\/blog\/wp-content\/uploads\/2019\/04\/respecter-le-code-de-la-route-et-les-arretes-municipaux-ou-prefectoraux-300x214.jpg 300w, https:\/\/www.jimprimeenfrance.fr\/blog\/wp-content\/uploads\/2019\/04\/respecter-le-code-de-la-route-et-les-arretes-municipaux-ou-prefectoraux-768x548.jpg 768w, https:\/\/www.jimprimeenfrance.fr\/blog\/wp-content\/uploads\/2019\/04\/respecter-le-code-de-la-route-et-les-arretes-municipaux-ou-prefectoraux.jpg 1200w\" sizes=\"auto, (max-width: 640px) 100vw, 640px\" \/><\/p>\n<p>&nbsp;<\/p>\n<p>&nbsp;<\/p>\n<p style=\"text-align: justify;\">Par ailleurs, la distribution de tracts sur la voie publique peut \u00eatre encadr\u00e9e par des arr\u00eat\u00e9s pr\u00e9fectoraux ou municipaux. Il convient ainsi de s&rsquo;assurer qu&rsquo;aucun arr\u00eat\u00e9 ne vienne limiter la distribution de ces tracts sur un espace donn\u00e9 ou pendant une p\u00e9riode particuli\u00e8re.<\/p>\n<p style=\"text-align: justify;\">Cependant, des imp\u00e9ratifs d&rsquo;ordre public doivent motiver de telles limites. A noter enfin qu&rsquo;aucune distribution ne peut se faire \u00e0 la veille d&rsquo;un scrutin, d\u00e8s lors que le camp adverse de trouve dans l&rsquo;impossibilit\u00e9 de pouvoir y r\u00e9pondre.<\/p>\n<p>&nbsp;<\/p>\n<h4>Ne pas impliquer des agents publics dans la distribution de flyers \u00e9lectoraux<\/h4>\n<p style=\"text-align: justify;\">Il peut \u00eatre tentant pour une municipalit\u00e9 d\u00e9j\u00e0 en place de faire appel \u00e0 des agents publics, qu&rsquo;elle emploie, pour effectuer la distribution de ses tracts. Et cela d&rsquo;autant plus quand il s&rsquo;agit pour elle de communiquer sur diff\u00e9rents aspects de sa gestion et sur l&rsquo;int\u00e9r\u00eat de ses r\u00e9alisations pour les usagers.<\/p>\n<p style=\"text-align: justify;\">Il peut lui sembler qu&rsquo;il ne s&rsquo;agit l\u00e0 que d&rsquo;une op\u00e9ration courante et parfaitement normale, entrant dans le cadre du service public. Or, le juge consid\u00e8re qu&rsquo;une telle contribution est un financement ill\u00e9gal, par la collectivit\u00e9 territoriale, d&rsquo;une campagne \u00e9lectorale.<\/p>\n<p>A noter \u00e9galement que des agents publics d&rsquo;une commune distribuant, en dehors de leurs heures de service, des tracts pour une liste adverse \u00e0 la municipalit\u00e9, pour laquelle ils travaillent, sont passibles de sanctions disciplinaires pour manquement \u00e0 leur obligation de r\u00e9serve.<\/p>\n<p>&nbsp;<\/p>\n<h4>Combiner l&#8217;emploi des flyers \u00e9lectoraux avec celui des autres outils de communication \u00e9lectorale<\/h4>\n<p style=\"text-align: justify;\">Une campagne \u00e9lectorale bien conduite repose sur une combinaison de moyens de communication. Les flyers en constituent un \u00e9l\u00e9ment essentiel, mais ils doivent s&rsquo;int\u00e9grer dans un ensemble d&rsquo;actions.\u00a0 Ces actions comprennent, entre autres :<\/p>\n<ul>\n<li style=\"text-align: justify;\">Des r\u00e9unions publiques.<\/li>\n<li style=\"text-align: justify;\">Du porte-\u00e0-porte.<\/li>\n<li style=\"text-align: justify;\">Des r\u00e9unions de type \u00ab\u00a0tupperware\u00a0\u00bb au domicile de sympathisants.<\/li>\n<li style=\"text-align: justify;\">Plusieurs sorties \u00ab\u00a0affichage\u00a0\u00bb.<\/li>\n<li style=\"text-align: justify;\">Des interviews dans les m\u00e9dias.<\/li>\n<li style=\"text-align: justify;\">L&rsquo;impression d&rsquo;un journal de campagne.<\/li>\n<li style=\"text-align: justify;\">Des interventions sur les r\u00e9seaux sociaux, etc.<\/li>\n<\/ul>\n<p style=\"text-align: justify;\">Cette combinaison de moyens doit faire l&rsquo;objet d&rsquo;une r\u00e9flexion strat\u00e9gique pr\u00e9alable. Elle doit \u00e9galement tenir compte des caract\u00e9ristiques de la population concern\u00e9e par la campagne \u00e9lectorale.<\/p>\n<p>&nbsp;<\/p>\n<p><img loading=\"lazy\" decoding=\"async\" class=\"aligncenter size-large wp-image-1907\" src=\"https:\/\/www.jimprimeenfrance.fr\/blog\/wp-content\/uploads\/2019\/04\/combiner-l-emploi-des-flyers-electoraux-avec-celui-des-autres-outils-de-communication-1024x731.jpg\" alt=\"\" width=\"640\" height=\"457\" srcset=\"https:\/\/www.jimprimeenfrance.fr\/blog\/wp-content\/uploads\/2019\/04\/combiner-l-emploi-des-flyers-electoraux-avec-celui-des-autres-outils-de-communication-1024x731.jpg 1024w, https:\/\/www.jimprimeenfrance.fr\/blog\/wp-content\/uploads\/2019\/04\/combiner-l-emploi-des-flyers-electoraux-avec-celui-des-autres-outils-de-communication-300x214.jpg 300w, https:\/\/www.jimprimeenfrance.fr\/blog\/wp-content\/uploads\/2019\/04\/combiner-l-emploi-des-flyers-electoraux-avec-celui-des-autres-outils-de-communication-768x548.jpg 768w, https:\/\/www.jimprimeenfrance.fr\/blog\/wp-content\/uploads\/2019\/04\/combiner-l-emploi-des-flyers-electoraux-avec-celui-des-autres-outils-de-communication.jpg 1200w\" sizes=\"auto, (max-width: 640px) 100vw, 640px\" \/><\/p>\n<p>&nbsp;<\/p>\n<p>&nbsp;<\/p>\n<p style=\"text-align: justify;\">C&rsquo;est notamment \u00e0 la suite de ce travail que se d\u00e9finissent les \u00e9l\u00e9ments de langage et leur mise en sc\u00e8ne par des actions pr\u00e9cises. Chacune d&rsquo;entre elles doit alors pouvoir faire l&rsquo;objet d&rsquo;une planification et d&rsquo;une mesure de ses r\u00e9sultats. C&rsquo;est cette d\u00e9marche qu&rsquo;on peut appeler <a href=\"https:\/\/www.definitions-marketing.com\/definition\/marketing-politique\/\" target=\"_blank\" rel=\"noopener noreferrer\">marketing politique<\/a>.<\/p>\n<p>&nbsp;<\/p>\n<p style=\"text-align: justify;\">Cr\u00e9er un flyer pour une campagne \u00e9lectorale et l&rsquo;utiliser \u00e0 bon escient est une op\u00e9ration qui peut s&rsquo;av\u00e9rer complexe. Certains manquements peuvent nourrir un contentieux \u00e9lectoral et remettre en question les r\u00e9sultats d&rsquo;une \u00e9lection. En g\u00e9n\u00e9ral, la probabilit\u00e9 d&rsquo;un tel contentieux augmente avec l&rsquo;\u00e9troitesse du nombre de voix s\u00e9parant les comp\u00e9titeurs.<\/p>\n<p style=\"text-align: justify;\">A moins d&rsquo;une dizaine de voix d&rsquo;\u00e9cart, il est presque s\u00fbr que l&rsquo;\u00e9quipe perdante cherchera \u00e0 faire annuler l&rsquo;\u00e9lection. Et elle y parviendra, si le juge du contentieux \u00e9lectoral consid\u00e8re que tel manquement aux r\u00e8gles, quel qu&rsquo;il soit, a pu \u00eatre de nature \u00e0 influencer le choix des \u00e9lecteurs.<\/p>\n<p>Pour toutes ces raisons, il est plus prudent de faire appel autant que possible \u00e0 des professionnels de fa\u00e7on \u00e0 \u00eatre certain de produire les bons documents.<\/p>\n","protected":false},"excerpt":{"rendered":"<p>Les prochaines \u00e9lections d\u00e9marrent une s\u00e9quence \u00e9lectorale qui se terminera avec les \u00e9lections l\u00e9gislatives de 2022. A partir de ce mois, et jusqu&rsquo;au terme de cette s\u00e9quence, des \u00e9lections auront lieu chaque ann\u00e9e. A l&rsquo;heure d&rsquo;\u00e9crire ces lignes, la campagne pour les europ\u00e9ennes est en cours. \u00c0 moins d&rsquo;un an des prochaines \u00e9lections municipales, la [&hellip;]<\/p>\n","protected":false},"author":4,"featured_media":1903,"comment_status":"open","ping_status":"open","sticky":false,"template":"","format":"standard","meta":{"_editorskit_title_hidden":false,"_editorskit_reading_time":0,"_editorskit_is_block_options_detached":false,"_editorskit_block_options_position":"{}","footnotes":""},"categories":[8],"tags":[150,152,154,151,153],"class_list":["post-1711","post","type-post","status-publish","format-standard","has-post-thumbnail","hentry","category-flyer","tag-flyer-electoral","tag-marketing-politique","tag-mentions-obligatoires-flyer-politique","tag-prospectus-et-depliant-de-campagne-electorale","tag-tract-politique"],"yoast_head":"<!-- This site is optimized with the Yoast SEO plugin v27.4 - https:\/\/yoast.com\/product\/yoast-seo-wordpress\/ -->\r\n<title>Les clefs du flyer pour campagne \u00e9lectorale et r\u00eagles de communication<\/title>\r\n<meta name=\"description\" content=\"Cr\u00e9er et utiliser un flyer pour campagne \u00e9lectorale ne s&#039;improvise pas. Il faut en conna\u00eetre les 8 r\u00e8gles d&#039;or pour mieux l&#039;optimiser.\" \/>\r\n<meta name=\"robots\" content=\"index, follow, max-snippet:-1, max-image-preview:large, max-video-preview:-1\" \/>\r\n<link rel=\"canonical\" href=\"https:\/\/www.jimprimeenfrance.fr\/blog\/flyer-campagne-electorale-comment-faire\/\" \/>\r\n<meta property=\"og:locale\" content=\"fr_FR\" \/>\r\n<meta property=\"og:type\" content=\"article\" \/>\r\n<meta property=\"og:title\" content=\"Les clefs du flyer pour campagne \u00e9lectorale et r\u00eagles de communication\" \/>\r\n<meta property=\"og:description\" content=\"Cr\u00e9er et utiliser un flyer pour campagne \u00e9lectorale ne s&#039;improvise pas. Il faut en conna\u00eetre les 8 r\u00e8gles d&#039;or pour mieux l&#039;optimiser.\" \/>\r\n<meta property=\"og:url\" content=\"https:\/\/www.jimprimeenfrance.fr\/blog\/flyer-campagne-electorale-comment-faire\/\" \/>\r\n<meta property=\"og:site_name\" content=\"Votre imprimerie en ligne, le blog\" \/>\r\n<meta property=\"article:publisher\" content=\"https:\/\/www.facebook.com\/PrintBasPrix\" \/>\r\n<meta property=\"article:published_time\" content=\"2019-04-14T06:30:47+00:00\" \/>\r\n<meta property=\"og:image\" content=\"https:\/\/www.jimprimeenfrance.fr\/blog\/wp-content\/uploads\/2019\/04\/flyer-pour-campagne-electorale.jpg\" \/>\r\n\t<meta property=\"og:image:width\" content=\"1600\" \/>\r\n\t<meta property=\"og:image:height\" content=\"500\" \/>\r\n\t<meta property=\"og:image:type\" content=\"image\/jpeg\" \/>\r\n<meta name=\"author\" content=\"PrintBasPrix Imprimerie en ligne\" \/>\r\n<meta name=\"twitter:card\" content=\"summary_large_image\" \/>\r\n<meta name=\"twitter:creator\" content=\"@PrintBasPrix\" \/>\r\n<meta name=\"twitter:site\" content=\"@PrintBasPrix\" \/>\r\n<meta name=\"twitter:label1\" content=\"\u00c9crit par\" \/>\n\t<meta name=\"twitter:data1\" content=\"PrintBasPrix Imprimerie en ligne\" \/>\n\t<meta name=\"twitter:label2\" content=\"Dur\u00e9e de lecture estim\u00e9e\" \/>\n\t<meta name=\"twitter:data2\" content=\"10 minutes\" \/>\r\n<script type=\"application\/ld+json\" class=\"yoast-schema-graph\">{\"@context\":\"https:\\\/\\\/schema.org\",\"@graph\":[{\"@type\":\"Article\",\"@id\":\"https:\\\/\\\/www.jimprimeenfrance.fr\\\/blog\\\/flyer-campagne-electorale-comment-faire\\\/#article\",\"isPartOf\":{\"@id\":\"https:\\\/\\\/www.jimprimeenfrance.fr\\\/blog\\\/flyer-campagne-electorale-comment-faire\\\/\"},\"author\":{\"name\":\"PrintBasPrix Imprimerie en ligne\",\"@id\":\"https:\\\/\\\/www.jimprimeenfrance.fr\\\/blog\\\/#\\\/schema\\\/person\\\/711bdd00fc82a687615940c5ae0b412c\"},\"headline\":\"Flyer pour campagne \u00e9lectorale : comment faire ?\",\"datePublished\":\"2019-04-14T06:30:47+00:00\",\"mainEntityOfPage\":{\"@id\":\"https:\\\/\\\/www.jimprimeenfrance.fr\\\/blog\\\/flyer-campagne-electorale-comment-faire\\\/\"},\"wordCount\":2076,\"commentCount\":20,\"publisher\":{\"@id\":\"https:\\\/\\\/www.jimprimeenfrance.fr\\\/blog\\\/#organization\"},\"image\":{\"@id\":\"https:\\\/\\\/www.jimprimeenfrance.fr\\\/blog\\\/flyer-campagne-electorale-comment-faire\\\/#primaryimage\"},\"thumbnailUrl\":\"https:\\\/\\\/www.jimprimeenfrance.fr\\\/blog\\\/wp-content\\\/uploads\\\/2019\\\/04\\\/flyer-pour-campagne-electorale.jpg\",\"keywords\":[\"Flyer \u00e9lectoral\",\"marketing politique\",\"mentions obligatoires flyer politique\",\"prospectus et d\u00e9pliant de campagne \u00e9lectorale\",\"tract politique\"],\"articleSection\":[\"Flyer\"],\"inLanguage\":\"fr-FR\",\"potentialAction\":[{\"@type\":\"CommentAction\",\"name\":\"Comment\",\"target\":[\"https:\\\/\\\/www.jimprimeenfrance.fr\\\/blog\\\/flyer-campagne-electorale-comment-faire\\\/#respond\"]}]},{\"@type\":\"WebPage\",\"@id\":\"https:\\\/\\\/www.jimprimeenfrance.fr\\\/blog\\\/flyer-campagne-electorale-comment-faire\\\/\",\"url\":\"https:\\\/\\\/www.jimprimeenfrance.fr\\\/blog\\\/flyer-campagne-electorale-comment-faire\\\/\",\"name\":\"Les clefs du flyer pour campagne \u00e9lectorale et r\u00eagles de communication\",\"isPartOf\":{\"@id\":\"https:\\\/\\\/www.jimprimeenfrance.fr\\\/blog\\\/#website\"},\"primaryImageOfPage\":{\"@id\":\"https:\\\/\\\/www.jimprimeenfrance.fr\\\/blog\\\/flyer-campagne-electorale-comment-faire\\\/#primaryimage\"},\"image\":{\"@id\":\"https:\\\/\\\/www.jimprimeenfrance.fr\\\/blog\\\/flyer-campagne-electorale-comment-faire\\\/#primaryimage\"},\"thumbnailUrl\":\"https:\\\/\\\/www.jimprimeenfrance.fr\\\/blog\\\/wp-content\\\/uploads\\\/2019\\\/04\\\/flyer-pour-campagne-electorale.jpg\",\"datePublished\":\"2019-04-14T06:30:47+00:00\",\"description\":\"Cr\u00e9er et utiliser un flyer pour campagne \u00e9lectorale ne s'improvise pas. Il faut en conna\u00eetre les 8 r\u00e8gles d'or pour mieux l'optimiser.\",\"breadcrumb\":{\"@id\":\"https:\\\/\\\/www.jimprimeenfrance.fr\\\/blog\\\/flyer-campagne-electorale-comment-faire\\\/#breadcrumb\"},\"inLanguage\":\"fr-FR\",\"potentialAction\":[{\"@type\":\"ReadAction\",\"target\":[\"https:\\\/\\\/www.jimprimeenfrance.fr\\\/blog\\\/flyer-campagne-electorale-comment-faire\\\/\"]}]},{\"@type\":\"ImageObject\",\"inLanguage\":\"fr-FR\",\"@id\":\"https:\\\/\\\/www.jimprimeenfrance.fr\\\/blog\\\/flyer-campagne-electorale-comment-faire\\\/#primaryimage\",\"url\":\"https:\\\/\\\/www.jimprimeenfrance.fr\\\/blog\\\/wp-content\\\/uploads\\\/2019\\\/04\\\/flyer-pour-campagne-electorale.jpg\",\"contentUrl\":\"https:\\\/\\\/www.jimprimeenfrance.fr\\\/blog\\\/wp-content\\\/uploads\\\/2019\\\/04\\\/flyer-pour-campagne-electorale.jpg\",\"width\":1600,\"height\":500,\"caption\":\"flyer pour campagne \u00e9lectorale\"},{\"@type\":\"BreadcrumbList\",\"@id\":\"https:\\\/\\\/www.jimprimeenfrance.fr\\\/blog\\\/flyer-campagne-electorale-comment-faire\\\/#breadcrumb\",\"itemListElement\":[{\"@type\":\"ListItem\",\"position\":1,\"name\":\"Accueil\",\"item\":\"https:\\\/\\\/www.jimprimeenfrance.fr\\\/blog\\\/\"},{\"@type\":\"ListItem\",\"position\":2,\"name\":\"Flyer pour campagne \u00e9lectorale : comment faire ?\"}]},{\"@type\":\"WebSite\",\"@id\":\"https:\\\/\\\/www.jimprimeenfrance.fr\\\/blog\\\/#website\",\"url\":\"https:\\\/\\\/www.jimprimeenfrance.fr\\\/blog\\\/\",\"name\":\"Votre imprimerie en ligne, le blog\",\"description\":\"Impressionnez et faites bonne impression avec nos conseils d&#039;imprimerie online\",\"publisher\":{\"@id\":\"https:\\\/\\\/www.jimprimeenfrance.fr\\\/blog\\\/#organization\"},\"potentialAction\":[{\"@type\":\"SearchAction\",\"target\":{\"@type\":\"EntryPoint\",\"urlTemplate\":\"https:\\\/\\\/www.jimprimeenfrance.fr\\\/blog\\\/?s={search_term_string}\"},\"query-input\":{\"@type\":\"PropertyValueSpecification\",\"valueRequired\":true,\"valueName\":\"search_term_string\"}}],\"inLanguage\":\"fr-FR\"},{\"@type\":\"Organization\",\"@id\":\"https:\\\/\\\/www.jimprimeenfrance.fr\\\/blog\\\/#organization\",\"name\":\"PrintBasPrix - Imprimerie en ligne\",\"url\":\"https:\\\/\\\/www.jimprimeenfrance.fr\\\/blog\\\/\",\"logo\":{\"@type\":\"ImageObject\",\"inLanguage\":\"fr-FR\",\"@id\":\"https:\\\/\\\/www.jimprimeenfrance.fr\\\/blog\\\/#\\\/schema\\\/logo\\\/image\\\/\",\"url\":\"https:\\\/\\\/www.jimprimeenfrance.fr\\\/blog\\\/wp-content\\\/uploads\\\/2018\\\/07\\\/cropped-printbasprix-imprimeur-en-ligne.png\",\"contentUrl\":\"https:\\\/\\\/www.jimprimeenfrance.fr\\\/blog\\\/wp-content\\\/uploads\\\/2018\\\/07\\\/cropped-printbasprix-imprimeur-en-ligne.png\",\"width\":361,\"height\":86,\"caption\":\"PrintBasPrix - Imprimerie en ligne\"},\"image\":{\"@id\":\"https:\\\/\\\/www.jimprimeenfrance.fr\\\/blog\\\/#\\\/schema\\\/logo\\\/image\\\/\"},\"sameAs\":[\"https:\\\/\\\/www.facebook.com\\\/PrintBasPrix\",\"https:\\\/\\\/x.com\\\/PrintBasPrix\",\"https:\\\/\\\/www.instagram.com\\\/printbasprix\\\/\",\"https:\\\/\\\/www.linkedin.com\\\/company\\\/printbasprix\\\/\",\"https:\\\/\\\/www.youtube.com\\\/channel\\\/UC0Ysbd0Gbzzp0yMgrfNQqug\"]},{\"@type\":\"Person\",\"@id\":\"https:\\\/\\\/www.jimprimeenfrance.fr\\\/blog\\\/#\\\/schema\\\/person\\\/711bdd00fc82a687615940c5ae0b412c\",\"name\":\"PrintBasPrix Imprimerie en ligne\",\"image\":{\"@type\":\"ImageObject\",\"inLanguage\":\"fr-FR\",\"@id\":\"https:\\\/\\\/secure.gravatar.com\\\/avatar\\\/e898f6c9f447b2b28a568c2fec45e0fef703b12c4f80de6258e9bcb2e61aaf27?s=96&r=g\",\"url\":\"https:\\\/\\\/secure.gravatar.com\\\/avatar\\\/e898f6c9f447b2b28a568c2fec45e0fef703b12c4f80de6258e9bcb2e61aaf27?s=96&r=g\",\"contentUrl\":\"https:\\\/\\\/secure.gravatar.com\\\/avatar\\\/e898f6c9f447b2b28a568c2fec45e0fef703b12c4f80de6258e9bcb2e61aaf27?s=96&r=g\",\"caption\":\"PrintBasPrix Imprimerie en ligne\"},\"url\":\"https:\\\/\\\/www.jimprimeenfrance.fr\\\/blog\\\/author\\\/printbasprix-imprimerie-en-ligne\\\/\"}]}<\/script>\r\n<!-- \/ Yoast SEO plugin. -->","yoast_head_json":{"title":"Les clefs du flyer pour campagne \u00e9lectorale et r\u00eagles de communication","description":"Cr\u00e9er et utiliser un flyer pour campagne \u00e9lectorale ne s'improvise pas. Il faut en conna\u00eetre les 8 r\u00e8gles d'or pour mieux l'optimiser.","robots":{"index":"index","follow":"follow","max-snippet":"max-snippet:-1","max-image-preview":"max-image-preview:large","max-video-preview":"max-video-preview:-1"},"canonical":"https:\/\/www.jimprimeenfrance.fr\/blog\/flyer-campagne-electorale-comment-faire\/","og_locale":"fr_FR","og_type":"article","og_title":"Les clefs du flyer pour campagne \u00e9lectorale et r\u00eagles de communication","og_description":"Cr\u00e9er et utiliser un flyer pour campagne \u00e9lectorale ne s'improvise pas. Il faut en conna\u00eetre les 8 r\u00e8gles d'or pour mieux l'optimiser.","og_url":"https:\/\/www.jimprimeenfrance.fr\/blog\/flyer-campagne-electorale-comment-faire\/","og_site_name":"Votre imprimerie en ligne, le blog","article_publisher":"https:\/\/www.facebook.com\/PrintBasPrix","article_published_time":"2019-04-14T06:30:47+00:00","og_image":[{"width":1600,"height":500,"url":"https:\/\/www.jimprimeenfrance.fr\/blog\/wp-content\/uploads\/2019\/04\/flyer-pour-campagne-electorale.jpg","type":"image\/jpeg"}],"author":"PrintBasPrix Imprimerie en ligne","twitter_card":"summary_large_image","twitter_creator":"@PrintBasPrix","twitter_site":"@PrintBasPrix","twitter_misc":{"\u00c9crit par":"PrintBasPrix Imprimerie en ligne","Dur\u00e9e de lecture estim\u00e9e":"10 minutes"},"schema":{"@context":"https:\/\/schema.org","@graph":[{"@type":"Article","@id":"https:\/\/www.jimprimeenfrance.fr\/blog\/flyer-campagne-electorale-comment-faire\/#article","isPartOf":{"@id":"https:\/\/www.jimprimeenfrance.fr\/blog\/flyer-campagne-electorale-comment-faire\/"},"author":{"name":"PrintBasPrix Imprimerie en ligne","@id":"https:\/\/www.jimprimeenfrance.fr\/blog\/#\/schema\/person\/711bdd00fc82a687615940c5ae0b412c"},"headline":"Flyer pour campagne \u00e9lectorale : comment faire ?","datePublished":"2019-04-14T06:30:47+00:00","mainEntityOfPage":{"@id":"https:\/\/www.jimprimeenfrance.fr\/blog\/flyer-campagne-electorale-comment-faire\/"},"wordCount":2076,"commentCount":20,"publisher":{"@id":"https:\/\/www.jimprimeenfrance.fr\/blog\/#organization"},"image":{"@id":"https:\/\/www.jimprimeenfrance.fr\/blog\/flyer-campagne-electorale-comment-faire\/#primaryimage"},"thumbnailUrl":"https:\/\/www.jimprimeenfrance.fr\/blog\/wp-content\/uploads\/2019\/04\/flyer-pour-campagne-electorale.jpg","keywords":["Flyer \u00e9lectoral","marketing politique","mentions obligatoires flyer politique","prospectus et d\u00e9pliant de campagne \u00e9lectorale","tract politique"],"articleSection":["Flyer"],"inLanguage":"fr-FR","potentialAction":[{"@type":"CommentAction","name":"Comment","target":["https:\/\/www.jimprimeenfrance.fr\/blog\/flyer-campagne-electorale-comment-faire\/#respond"]}]},{"@type":"WebPage","@id":"https:\/\/www.jimprimeenfrance.fr\/blog\/flyer-campagne-electorale-comment-faire\/","url":"https:\/\/www.jimprimeenfrance.fr\/blog\/flyer-campagne-electorale-comment-faire\/","name":"Les clefs du flyer pour campagne \u00e9lectorale et r\u00eagles de communication","isPartOf":{"@id":"https:\/\/www.jimprimeenfrance.fr\/blog\/#website"},"primaryImageOfPage":{"@id":"https:\/\/www.jimprimeenfrance.fr\/blog\/flyer-campagne-electorale-comment-faire\/#primaryimage"},"image":{"@id":"https:\/\/www.jimprimeenfrance.fr\/blog\/flyer-campagne-electorale-comment-faire\/#primaryimage"},"thumbnailUrl":"https:\/\/www.jimprimeenfrance.fr\/blog\/wp-content\/uploads\/2019\/04\/flyer-pour-campagne-electorale.jpg","datePublished":"2019-04-14T06:30:47+00:00","description":"Cr\u00e9er et utiliser un flyer pour campagne \u00e9lectorale ne s'improvise pas. Il faut en conna\u00eetre les 8 r\u00e8gles d'or pour mieux l'optimiser.","breadcrumb":{"@id":"https:\/\/www.jimprimeenfrance.fr\/blog\/flyer-campagne-electorale-comment-faire\/#breadcrumb"},"inLanguage":"fr-FR","potentialAction":[{"@type":"ReadAction","target":["https:\/\/www.jimprimeenfrance.fr\/blog\/flyer-campagne-electorale-comment-faire\/"]}]},{"@type":"ImageObject","inLanguage":"fr-FR","@id":"https:\/\/www.jimprimeenfrance.fr\/blog\/flyer-campagne-electorale-comment-faire\/#primaryimage","url":"https:\/\/www.jimprimeenfrance.fr\/blog\/wp-content\/uploads\/2019\/04\/flyer-pour-campagne-electorale.jpg","contentUrl":"https:\/\/www.jimprimeenfrance.fr\/blog\/wp-content\/uploads\/2019\/04\/flyer-pour-campagne-electorale.jpg","width":1600,"height":500,"caption":"flyer pour campagne \u00e9lectorale"},{"@type":"BreadcrumbList","@id":"https:\/\/www.jimprimeenfrance.fr\/blog\/flyer-campagne-electorale-comment-faire\/#breadcrumb","itemListElement":[{"@type":"ListItem","position":1,"name":"Accueil","item":"https:\/\/www.jimprimeenfrance.fr\/blog\/"},{"@type":"ListItem","position":2,"name":"Flyer pour campagne \u00e9lectorale : comment faire ?"}]},{"@type":"WebSite","@id":"https:\/\/www.jimprimeenfrance.fr\/blog\/#website","url":"https:\/\/www.jimprimeenfrance.fr\/blog\/","name":"Votre imprimerie en ligne, le blog","description":"Impressionnez et faites bonne impression avec nos conseils d&#039;imprimerie online","publisher":{"@id":"https:\/\/www.jimprimeenfrance.fr\/blog\/#organization"},"potentialAction":[{"@type":"SearchAction","target":{"@type":"EntryPoint","urlTemplate":"https:\/\/www.jimprimeenfrance.fr\/blog\/?s={search_term_string}"},"query-input":{"@type":"PropertyValueSpecification","valueRequired":true,"valueName":"search_term_string"}}],"inLanguage":"fr-FR"},{"@type":"Organization","@id":"https:\/\/www.jimprimeenfrance.fr\/blog\/#organization","name":"PrintBasPrix - Imprimerie en ligne","url":"https:\/\/www.jimprimeenfrance.fr\/blog\/","logo":{"@type":"ImageObject","inLanguage":"fr-FR","@id":"https:\/\/www.jimprimeenfrance.fr\/blog\/#\/schema\/logo\/image\/","url":"https:\/\/www.jimprimeenfrance.fr\/blog\/wp-content\/uploads\/2018\/07\/cropped-printbasprix-imprimeur-en-ligne.png","contentUrl":"https:\/\/www.jimprimeenfrance.fr\/blog\/wp-content\/uploads\/2018\/07\/cropped-printbasprix-imprimeur-en-ligne.png","width":361,"height":86,"caption":"PrintBasPrix - Imprimerie en ligne"},"image":{"@id":"https:\/\/www.jimprimeenfrance.fr\/blog\/#\/schema\/logo\/image\/"},"sameAs":["https:\/\/www.facebook.com\/PrintBasPrix","https:\/\/x.com\/PrintBasPrix","https:\/\/www.instagram.com\/printbasprix\/","https:\/\/www.linkedin.com\/company\/printbasprix\/","https:\/\/www.youtube.com\/channel\/UC0Ysbd0Gbzzp0yMgrfNQqug"]},{"@type":"Person","@id":"https:\/\/www.jimprimeenfrance.fr\/blog\/#\/schema\/person\/711bdd00fc82a687615940c5ae0b412c","name":"PrintBasPrix Imprimerie en ligne","image":{"@type":"ImageObject","inLanguage":"fr-FR","@id":"https:\/\/secure.gravatar.com\/avatar\/e898f6c9f447b2b28a568c2fec45e0fef703b12c4f80de6258e9bcb2e61aaf27?s=96&r=g","url":"https:\/\/secure.gravatar.com\/avatar\/e898f6c9f447b2b28a568c2fec45e0fef703b12c4f80de6258e9bcb2e61aaf27?s=96&r=g","contentUrl":"https:\/\/secure.gravatar.com\/avatar\/e898f6c9f447b2b28a568c2fec45e0fef703b12c4f80de6258e9bcb2e61aaf27?s=96&r=g","caption":"PrintBasPrix Imprimerie en ligne"},"url":"https:\/\/www.jimprimeenfrance.fr\/blog\/author\/printbasprix-imprimerie-en-ligne\/"}]}},"_links":{"self":[{"href":"https:\/\/www.jimprimeenfrance.fr\/blog\/wp-json\/wp\/v2\/posts\/1711","targetHints":{"allow":["GET"]}}],"collection":[{"href":"https:\/\/www.jimprimeenfrance.fr\/blog\/wp-json\/wp\/v2\/posts"}],"about":[{"href":"https:\/\/www.jimprimeenfrance.fr\/blog\/wp-json\/wp\/v2\/types\/post"}],"author":[{"embeddable":true,"href":"https:\/\/www.jimprimeenfrance.fr\/blog\/wp-json\/wp\/v2\/users\/4"}],"replies":[{"embeddable":true,"href":"https:\/\/www.jimprimeenfrance.fr\/blog\/wp-json\/wp\/v2\/comments?post=1711"}],"version-history":[{"count":27,"href":"https:\/\/www.jimprimeenfrance.fr\/blog\/wp-json\/wp\/v2\/posts\/1711\/revisions"}],"predecessor-version":[{"id":1908,"href":"https:\/\/www.jimprimeenfrance.fr\/blog\/wp-json\/wp\/v2\/posts\/1711\/revisions\/1908"}],"wp:featuredmedia":[{"embeddable":true,"href":"https:\/\/www.jimprimeenfrance.fr\/blog\/wp-json\/wp\/v2\/media\/1903"}],"wp:attachment":[{"href":"https:\/\/www.jimprimeenfrance.fr\/blog\/wp-json\/wp\/v2\/media?parent=1711"}],"wp:term":[{"taxonomy":"category","embeddable":true,"href":"https:\/\/www.jimprimeenfrance.fr\/blog\/wp-json\/wp\/v2\/categories?post=1711"},{"taxonomy":"post_tag","embeddable":true,"href":"https:\/\/www.jimprimeenfrance.fr\/blog\/wp-json\/wp\/v2\/tags?post=1711"}],"curies":[{"name":"wp","href":"https:\/\/api.w.org\/{rel}","templated":true}]}}